{"id":154998,"date":"2025-10-22T07:56:59","date_gmt":"2025-10-22T12:56:59","guid":{"rendered":"https:\/\/lospoliticosveracruz.com.mx\/?p=154998"},"modified":"2025-10-22T07:57:23","modified_gmt":"2025-10-22T12:57:23","slug":"los-cambios-de-fondo-en-el-pan","status":"publish","type":"post","link":"https:\/\/lospoliticosveracruz.com\/?p=154998","title":{"rendered":"LOS CAMBIOS DE FONDO EN EL PAN"},"content":{"rendered":"\n<p><strong>Omar Z\u00fa\u00f1iga<\/strong><\/p>\n\n\n\n<p><em>De Primera Mano<\/em> <\/p>\n\n\n\n<p>Lo que vimos el s\u00e1bado pasado con el Partico Acci\u00f3n Nacional en la CDMX fue no solamente un cambio de imagen institucional, sino una modificaci\u00f3n&nbsp;de fondo, como se lo adelantamos en este espacio.<\/p>\n\n\n\n<p>Si bien se mantiene intocable el sentido como partido humanista de centro derecha, se ratifican sus principales objetivos en el lema&nbsp;<strong>patria, familia y libertad<\/strong>.<\/p>\n\n\n\n\n\n<p><strong>Enrique Cambranis<\/strong>, Consejero Pol\u00edtico Nacional del blanquiazul, explica que el cambio de fondo&nbsp;tiene que ver,&nbsp;por ejemplo, en&nbsp;la forma en que el partido define a sus candidatos,&nbsp;hay una total apertura.&nbsp;<\/p>\n\n\n\n<p>\u201cEs un hecho que se mueve nuestra forma de definici\u00f3n&nbsp;de candidatos,&nbsp;donde puede participar no solamente cualquier militante,&nbsp;sino cualquier ciudadano y que no lo&nbsp;va a definir solamente la militancia,&nbsp;sino que ser\u00e1 a trav\u00e9s de un sistema m\u00faltiple como&nbsp;encuestas, elecciones abiertas, etc,&nbsp;al final lo que&nbsp;se necesita&nbsp;es&nbsp;poder&nbsp;tener mediciones que est\u00e9n m\u00e1s&nbsp;<em>ad hoc<\/em>&nbsp;con la ciudadan\u00eda\u201d.<\/p>\n\n\n\n<p>Otro cambio&nbsp;importante&nbsp;se da&nbsp;en la militancia,&nbsp;que siempre se&nbsp;critic\u00f3&nbsp;que fuera r\u00e1pido,&nbsp;y ah\u00ed mismo, el s\u00e1bado&nbsp;se present\u00f3&nbsp;una&nbsp;app,&nbsp;para quien quisiera&nbsp;se afiliara, incluso subiendo tu foto.<\/p>\n\n\n\n<p>El blanquiazul&nbsp;entra&nbsp;de lleno a la utilizaci\u00f3n de la tecnolog\u00eda aplicada a la comunicaci\u00f3n,&nbsp;a&nbsp;las TICs, y sin hacer de lado a los militantes de m\u00e1s edad, se abre mucho m\u00e1s&nbsp;a los&nbsp;j\u00f3venes, adem\u00e1s de&nbsp;su fortalecimiento en campo,&nbsp;a ras de&nbsp;tierra.<\/p>\n\n\n\n<p>Ese es precisamente de los puntos fuertes, pues por mucho tiempo el PAN se olvid\u00f3 de hacer esa chamba.<\/p>\n\n\n\n<p><strong>Cambranis<\/strong>&nbsp;destaca que&nbsp;el primer&nbsp;acto, con el se inicia el evento en CDMX,&nbsp;fue&nbsp;hacer&nbsp;un minuto de silencio por los&nbsp;fallecimientos de las personas afectadas por las lluvias en el pa\u00eds,&nbsp;que afectaron no solamente a&nbsp;Veracruz.<\/p>\n\n\n\n<p>Sobre las cr\u00edticas que han recibido, tanto de la presidenta&nbsp;<strong>Sheinbaum<\/strong>&nbsp;como de Moena,&nbsp;<strong>Luisa Alcalde<\/strong>, a&nbsp;los&nbsp;panistas les tiene sin cuidado, por el contrario, adem\u00e1s de no tener autoridad moral para hacerlo, \u201cparece que les&nbsp;preocupa lo que estemos haciendo\u201d.&nbsp;<\/p>\n\n\n\n<p>De entrada, el PAN&nbsp;Veracruz est\u00e1 metido&nbsp;trabajando con todo&nbsp;en&nbsp;la Asambla Estatal que tendr\u00e1 lugar elpr\u00f3ximo domingo en Orizaba.<\/p>\n\n\n\n<p>Esta Asamblea se celebra exclusivamente para nombrar a los 100 consejeros de su&nbsp;nuevo consejo estatal,&nbsp;y las&nbsp;propuestas para el&nbsp;Consejo&nbsp;Nacional, que&nbsp;ser\u00e1&nbsp;hasta el 29 de noviembre en&nbsp;Ciudad de&nbsp;M\u00e9xico.<\/p>\n\n\n\n<p>*****<\/p>\n\n\n\n<p>Para documentar el optimismo le mostramos el siguiente intercambio de palabras entre un ciudadano a&nbsp;<strong>Emilio Olvera<\/strong>, candidato perdedor de MC a la alcald\u00eda de Poza Rica, en un video que circul\u00f3 este martes 21.<\/p>\n\n\n\n<p>-\u00bfC\u00f3mo dijiste?-, pregunta voz en off&nbsp;de un vecino&nbsp;a&nbsp;<strong>Emilio Olvera<\/strong>.<\/p>\n\n\n\n<p>-Que eres un pendejo, \u00a1gr\u00e1balo!, pero a ver di lo que est\u00e1s diciendo-, responde&nbsp;<strong>Olvera<\/strong>.<\/p>\n\n\n\n<p>-Que eres un abusivo, prepotente, que pones tu veh\u00edculo en la entrada\u2026-, dice el vecino.<\/p>\n\n\n\n<p>-Me est\u00e1s impidiendo bajar los v\u00edveres ac\u00e1\u2026-,&nbsp;responde.<\/p>\n\n\n\n<p>-No&nbsp;te estoy impidiendo\u2026, est\u00e1s impidiendo entrar a mi casa\u2026,-&nbsp;interrumpe el vecino.<\/p>\n\n\n\n<p>-Pero a ver, dime, dime&nbsp;\u00bfcu\u00e1nta gente hay en tu casa\u2026?, all\u00e1 en las colonias\u2026,-&nbsp;dice un molesto Olvera.<\/p>\n\n\n\n<p>-Quiero entrar a mi casa\u2026, eres un abusivo-, responde a Olvera quien violentamente le da un manotazo al celular del ciudadano que lo enfrent\u00f3.<\/p>\n\n\n\n<p>Y s\u00ed, as\u00ed se puso&nbsp;<strong>Emilio Olvera<\/strong>&nbsp;ante el justo reclamo de una persona que buscaba entrar a su casa y no pod\u00eda, porque el auto de Olvera estorbaba su entrada;&nbsp;<em>drive way<\/em>, dicen los gringos.<\/p>\n\n\n\n<p>Y se puso as\u00ed, no sabemos si porque tom\u00f3 demasiado caf\u00e9, porque se puso nervioso o simple y llanamente, como la f\u00e1bula de la rana y el escorpi\u00f3n, porque ser violento es su naturaleza.<\/p>\n\n\n\n<p>\u00a1Qu\u00e9 barbaridad!<\/p>\n\n\n\n<p>deprimera.2020@gmail.com<\/p>\n","protected":false},"excerpt":{"rendered":"<p>Omar Z\u00fa\u00f1iga De Primera Mano Lo que vimos el s\u00e1bado pasado con el Partico Acci\u00f3n Nacional en la CDMX fue no solamente un cambio de imagen institucional, sino una modificaci\u00f3n&nbsp;de fondo, como se lo adelantamos en este espacio. Si bien se mantiene intocable el sentido como partido humanista de centro derecha, se ratifican sus principales [&hellip;]<\/p>\n","protected":false},"author":2,"featured_media":141427,"comment_status":"closed","ping_status":"closed","sticky":false,"template":"","format":"standard","meta":{"tdm_status":"","tdm_grid_status":"","footnotes":""},"categories":[70],"tags":[43364,44203,2226,266,1267,195],"class_list":{"0":"post-154998","1":"post","2":"type-post","3":"status-publish","4":"format-standard","5":"has-post-thumbnail","7":"category-de-opinion","8":"tag-emilio-olvera","9":"tag-emilio-olvera-andrade","10":"tag-enrique-cambranis","11":"tag-pan","12":"tag-poza-rica","13":"tag-veracruz"},"yoast_head":"<!-- This site is optimized with the Yoast SEO plugin v27.4 - https:\/\/yoast.com\/product\/yoast-seo-wordpress\/ -->\n<title>LOS CAMBIOS DE FONDO EN EL PAN - Los pol\u00edticos Veracruz<\/title>\n<meta name=\"robots\" content=\"index, follow, max-snippet:-1, max-image-preview:large, max-video-preview:-1\" \/>\n<link rel=\"canonical\" href=\"https:\/\/lospoliticosveracruz.com\/?p=154998\" \/>\n<meta property=\"og:locale\" content=\"es_ES\" \/>\n<meta property=\"og:type\" content=\"article\" \/>\n<meta property=\"og:title\" content=\"LOS CAMBIOS DE FONDO EN EL PAN - Los pol\u00edticos Veracruz\" \/>\n<meta property=\"og:description\" content=\"Omar Z\u00fa\u00f1iga De Primera Mano Lo que vimos el s\u00e1bado pasado con el Partico Acci\u00f3n Nacional en la CDMX fue no solamente un cambio de imagen institucional, sino una modificaci\u00f3n&nbsp;de fondo, como se lo adelantamos en este espacio. Si bien se mantiene intocable el sentido como partido humanista de centro derecha, se ratifican sus principales [&hellip;]\" \/>\n<meta property=\"og:url\" content=\"https:\/\/lospoliticosveracruz.com\/?p=154998\" \/>\n<meta property=\"og:site_name\" content=\"Los pol\u00edticos Veracruz\" \/>\n<meta property=\"article:publisher\" content=\"https:\/\/www.facebook.com\/people\/Notimemes-de-los-Polticos\/61565672886568\/\" \/>\n<meta property=\"article:published_time\" content=\"2025-10-22T12:56:59+00:00\" \/>\n<meta property=\"article:modified_time\" content=\"2025-10-22T12:57:23+00:00\" \/>\n<meta property=\"og:image\" content=\"https:\/\/lospoliticosveracruz.com\/wp-content\/uploads\/2025\/04\/Omar-Zuniga.jpg\" \/>\n\t<meta property=\"og:image:width\" content=\"1250\" \/>\n\t<meta property=\"og:image:height\" content=\"667\" \/>\n\t<meta property=\"og:image:type\" content=\"image\/jpeg\" \/>\n<meta name=\"author\" content=\"Lo viste en Los Pol\u00edticos\" \/>\n<meta name=\"twitter:card\" content=\"summary_large_image\" \/>\n<meta name=\"twitter:creator\" content=\"@LosPoliticosVer\" \/>\n<meta name=\"twitter:site\" content=\"@LosPoliticosVer\" \/>\n<meta name=\"twitter:label1\" content=\"Escrito por\" \/>\n\t<meta name=\"twitter:data1\" content=\"Lo viste en Los Pol\u00edticos\" \/>\n\t<meta name=\"twitter:label2\" content=\"Tiempo de lectura\" \/>\n\t<meta name=\"twitter:data2\" content=\"4 minutos\" \/>\n<script type=\"application\/ld+json\" class=\"yoast-schema-graph\">{\"@context\":\"https:\\\/\\\/schema.org\",\"@graph\":[{\"@type\":\"Article\",\"@id\":\"https:\\\/\\\/lospoliticosveracruz.com\\\/?p=154998#article\",\"isPartOf\":{\"@id\":\"https:\\\/\\\/lospoliticosveracruz.com\\\/?p=154998\"},\"author\":{\"name\":\"Lo viste en Los Pol\u00edticos\",\"@id\":\"https:\\\/\\\/lospoliticosveracruz.com\\\/#\\\/schema\\\/person\\\/b8702bb0e538456e6efd07080bf2a4a2\"},\"headline\":\"LOS CAMBIOS DE FONDO EN EL PAN\",\"datePublished\":\"2025-10-22T12:56:59+00:00\",\"dateModified\":\"2025-10-22T12:57:23+00:00\",\"mainEntityOfPage\":{\"@id\":\"https:\\\/\\\/lospoliticosveracruz.com\\\/?p=154998\"},\"wordCount\":741,\"publisher\":{\"@id\":\"https:\\\/\\\/lospoliticosveracruz.com\\\/#organization\"},\"image\":{\"@id\":\"https:\\\/\\\/lospoliticosveracruz.com\\\/?p=154998#primaryimage\"},\"thumbnailUrl\":\"https:\\\/\\\/lospoliticosveracruz.com\\\/wp-content\\\/uploads\\\/2025\\\/04\\\/Omar-Zuniga.jpg\",\"keywords\":[\"Emilio Olvera\",\"Emilio Olvera Andrade\",\"Enrique Cambranis\",\"PAN\",\"Poza Rica\",\"Veracruz\"],\"articleSection\":[\"De Opini\u00f3n\"],\"inLanguage\":\"es\"},{\"@type\":\"WebPage\",\"@id\":\"https:\\\/\\\/lospoliticosveracruz.com\\\/?p=154998\",\"url\":\"https:\\\/\\\/lospoliticosveracruz.com\\\/?p=154998\",\"name\":\"LOS CAMBIOS DE FONDO EN EL PAN - Los pol\u00edticos Veracruz\",\"isPartOf\":{\"@id\":\"https:\\\/\\\/lospoliticosveracruz.com\\\/#website\"},\"primaryImageOfPage\":{\"@id\":\"https:\\\/\\\/lospoliticosveracruz.com\\\/?p=154998#primaryimage\"},\"image\":{\"@id\":\"https:\\\/\\\/lospoliticosveracruz.com\\\/?p=154998#primaryimage\"},\"thumbnailUrl\":\"https:\\\/\\\/lospoliticosveracruz.com\\\/wp-content\\\/uploads\\\/2025\\\/04\\\/Omar-Zuniga.jpg\",\"datePublished\":\"2025-10-22T12:56:59+00:00\",\"dateModified\":\"2025-10-22T12:57:23+00:00\",\"breadcrumb\":{\"@id\":\"https:\\\/\\\/lospoliticosveracruz.com\\\/?p=154998#breadcrumb\"},\"inLanguage\":\"es\",\"potentialAction\":[{\"@type\":\"ReadAction\",\"target\":[\"https:\\\/\\\/lospoliticosveracruz.com\\\/?p=154998\"]}]},{\"@type\":\"ImageObject\",\"inLanguage\":\"es\",\"@id\":\"https:\\\/\\\/lospoliticosveracruz.com\\\/?p=154998#primaryimage\",\"url\":\"https:\\\/\\\/lospoliticosveracruz.com\\\/wp-content\\\/uploads\\\/2025\\\/04\\\/Omar-Zuniga.jpg\",\"contentUrl\":\"https:\\\/\\\/lospoliticosveracruz.com\\\/wp-content\\\/uploads\\\/2025\\\/04\\\/Omar-Zuniga.jpg\",\"width\":1250,\"height\":667},{\"@type\":\"BreadcrumbList\",\"@id\":\"https:\\\/\\\/lospoliticosveracruz.com\\\/?p=154998#breadcrumb\",\"itemListElement\":[{\"@type\":\"ListItem\",\"position\":1,\"name\":\"Portada\",\"item\":\"https:\\\/\\\/lospoliticosveracruz.com\\\/\"},{\"@type\":\"ListItem\",\"position\":2,\"name\":\"LOS CAMBIOS DE FONDO EN EL PAN\"}]},{\"@type\":\"WebSite\",\"@id\":\"https:\\\/\\\/lospoliticosveracruz.com\\\/#website\",\"url\":\"https:\\\/\\\/lospoliticosveracruz.com\\\/\",\"name\":\"Los pol\u00edticos Veracruz\",\"description\":\"\",\"publisher\":{\"@id\":\"https:\\\/\\\/lospoliticosveracruz.com\\\/#organization\"},\"potentialAction\":[{\"@type\":\"SearchAction\",\"target\":{\"@type\":\"EntryPoint\",\"urlTemplate\":\"https:\\\/\\\/lospoliticosveracruz.com\\\/?s={search_term_string}\"},\"query-input\":{\"@type\":\"PropertyValueSpecification\",\"valueRequired\":true,\"valueName\":\"search_term_string\"}}],\"inLanguage\":\"es\"},{\"@type\":\"Organization\",\"@id\":\"https:\\\/\\\/lospoliticosveracruz.com\\\/#organization\",\"name\":\"Los pol\u00edticos Veracruz\",\"url\":\"https:\\\/\\\/lospoliticosveracruz.com\\\/\",\"logo\":{\"@type\":\"ImageObject\",\"inLanguage\":\"es\",\"@id\":\"https:\\\/\\\/lospoliticosveracruz.com\\\/#\\\/schema\\\/logo\\\/image\\\/\",\"url\":\"https:\\\/\\\/lospoliticosveracruz.com\\\/wp-content\\\/uploads\\\/2025\\\/12\\\/Logo-Nuevo-LOS-POLITICOS-1.jpg\",\"contentUrl\":\"https:\\\/\\\/lospoliticosveracruz.com\\\/wp-content\\\/uploads\\\/2025\\\/12\\\/Logo-Nuevo-LOS-POLITICOS-1.jpg\",\"width\":260,\"height\":70,\"caption\":\"Los pol\u00edticos Veracruz\"},\"image\":{\"@id\":\"https:\\\/\\\/lospoliticosveracruz.com\\\/#\\\/schema\\\/logo\\\/image\\\/\"},\"sameAs\":[\"https:\\\/\\\/www.facebook.com\\\/people\\\/Notimemes-de-los-Polticos\\\/61565672886568\\\/\",\"https:\\\/\\\/x.com\\\/LosPoliticosVer\"]},{\"@type\":\"Person\",\"@id\":\"https:\\\/\\\/lospoliticosveracruz.com\\\/#\\\/schema\\\/person\\\/b8702bb0e538456e6efd07080bf2a4a2\",\"name\":\"Lo viste en Los Pol\u00edticos\",\"image\":{\"@type\":\"ImageObject\",\"inLanguage\":\"es\",\"@id\":\"https:\\\/\\\/secure.gravatar.com\\\/avatar\\\/3a8de04a2656d44082be478bd6c086daa447c4651605818287b9532d3d0bd435?s=96&d=mm&r=g\",\"url\":\"https:\\\/\\\/secure.gravatar.com\\\/avatar\\\/3a8de04a2656d44082be478bd6c086daa447c4651605818287b9532d3d0bd435?s=96&d=mm&r=g\",\"contentUrl\":\"https:\\\/\\\/secure.gravatar.com\\\/avatar\\\/3a8de04a2656d44082be478bd6c086daa447c4651605818287b9532d3d0bd435?s=96&d=mm&r=g\",\"caption\":\"Lo viste en Los Pol\u00edticos\"},\"url\":\"https:\\\/\\\/lospoliticosveracruz.com\\\/?author=2\"}]}<\/script>\n<!-- \/ Yoast SEO plugin. -->","yoast_head_json":{"title":"LOS CAMBIOS DE FONDO EN EL PAN - Los pol\u00edticos Veracruz","robots":{"index":"index","follow":"follow","max-snippet":"max-snippet:-1","max-image-preview":"max-image-preview:large","max-video-preview":"max-video-preview:-1"},"canonical":"https:\/\/lospoliticosveracruz.com\/?p=154998","og_locale":"es_ES","og_type":"article","og_title":"LOS CAMBIOS DE FONDO EN EL PAN - Los pol\u00edticos Veracruz","og_description":"Omar Z\u00fa\u00f1iga De Primera Mano Lo que vimos el s\u00e1bado pasado con el Partico Acci\u00f3n Nacional en la CDMX fue no solamente un cambio de imagen institucional, sino una modificaci\u00f3n&nbsp;de fondo, como se lo adelantamos en este espacio. Si bien se mantiene intocable el sentido como partido humanista de centro derecha, se ratifican sus principales [&hellip;]","og_url":"https:\/\/lospoliticosveracruz.com\/?p=154998","og_site_name":"Los pol\u00edticos Veracruz","article_publisher":"https:\/\/www.facebook.com\/people\/Notimemes-de-los-Polticos\/61565672886568\/","article_published_time":"2025-10-22T12:56:59+00:00","article_modified_time":"2025-10-22T12:57:23+00:00","og_image":[{"width":1250,"height":667,"url":"https:\/\/lospoliticosveracruz.com\/wp-content\/uploads\/2025\/04\/Omar-Zuniga.jpg","type":"image\/jpeg"}],"author":"Lo viste en Los Pol\u00edticos","twitter_card":"summary_large_image","twitter_creator":"@LosPoliticosVer","twitter_site":"@LosPoliticosVer","twitter_misc":{"Escrito por":"Lo viste en Los Pol\u00edticos","Tiempo de lectura":"4 minutos"},"schema":{"@context":"https:\/\/schema.org","@graph":[{"@type":"Article","@id":"https:\/\/lospoliticosveracruz.com\/?p=154998#article","isPartOf":{"@id":"https:\/\/lospoliticosveracruz.com\/?p=154998"},"author":{"name":"Lo viste en Los Pol\u00edticos","@id":"https:\/\/lospoliticosveracruz.com\/#\/schema\/person\/b8702bb0e538456e6efd07080bf2a4a2"},"headline":"LOS CAMBIOS DE FONDO EN EL PAN","datePublished":"2025-10-22T12:56:59+00:00","dateModified":"2025-10-22T12:57:23+00:00","mainEntityOfPage":{"@id":"https:\/\/lospoliticosveracruz.com\/?p=154998"},"wordCount":741,"publisher":{"@id":"https:\/\/lospoliticosveracruz.com\/#organization"},"image":{"@id":"https:\/\/lospoliticosveracruz.com\/?p=154998#primaryimage"},"thumbnailUrl":"https:\/\/lospoliticosveracruz.com\/wp-content\/uploads\/2025\/04\/Omar-Zuniga.jpg","keywords":["Emilio Olvera","Emilio Olvera Andrade","Enrique Cambranis","PAN","Poza Rica","Veracruz"],"articleSection":["De Opini\u00f3n"],"inLanguage":"es"},{"@type":"WebPage","@id":"https:\/\/lospoliticosveracruz.com\/?p=154998","url":"https:\/\/lospoliticosveracruz.com\/?p=154998","name":"LOS CAMBIOS DE FONDO EN EL PAN - Los pol\u00edticos Veracruz","isPartOf":{"@id":"https:\/\/lospoliticosveracruz.com\/#website"},"primaryImageOfPage":{"@id":"https:\/\/lospoliticosveracruz.com\/?p=154998#primaryimage"},"image":{"@id":"https:\/\/lospoliticosveracruz.com\/?p=154998#primaryimage"},"thumbnailUrl":"https:\/\/lospoliticosveracruz.com\/wp-content\/uploads\/2025\/04\/Omar-Zuniga.jpg","datePublished":"2025-10-22T12:56:59+00:00","dateModified":"2025-10-22T12:57:23+00:00","breadcrumb":{"@id":"https:\/\/lospoliticosveracruz.com\/?p=154998#breadcrumb"},"inLanguage":"es","potentialAction":[{"@type":"ReadAction","target":["https:\/\/lospoliticosveracruz.com\/?p=154998"]}]},{"@type":"ImageObject","inLanguage":"es","@id":"https:\/\/lospoliticosveracruz.com\/?p=154998#primaryimage","url":"https:\/\/lospoliticosveracruz.com\/wp-content\/uploads\/2025\/04\/Omar-Zuniga.jpg","contentUrl":"https:\/\/lospoliticosveracruz.com\/wp-content\/uploads\/2025\/04\/Omar-Zuniga.jpg","width":1250,"height":667},{"@type":"BreadcrumbList","@id":"https:\/\/lospoliticosveracruz.com\/?p=154998#breadcrumb","itemListElement":[{"@type":"ListItem","position":1,"name":"Portada","item":"https:\/\/lospoliticosveracruz.com\/"},{"@type":"ListItem","position":2,"name":"LOS CAMBIOS DE FONDO EN EL PAN"}]},{"@type":"WebSite","@id":"https:\/\/lospoliticosveracruz.com\/#website","url":"https:\/\/lospoliticosveracruz.com\/","name":"Los pol\u00edticos Veracruz","description":"","publisher":{"@id":"https:\/\/lospoliticosveracruz.com\/#organization"},"potentialAction":[{"@type":"SearchAction","target":{"@type":"EntryPoint","urlTemplate":"https:\/\/lospoliticosveracruz.com\/?s={search_term_string}"},"query-input":{"@type":"PropertyValueSpecification","valueRequired":true,"valueName":"search_term_string"}}],"inLanguage":"es"},{"@type":"Organization","@id":"https:\/\/lospoliticosveracruz.com\/#organization","name":"Los pol\u00edticos Veracruz","url":"https:\/\/lospoliticosveracruz.com\/","logo":{"@type":"ImageObject","inLanguage":"es","@id":"https:\/\/lospoliticosveracruz.com\/#\/schema\/logo\/image\/","url":"https:\/\/lospoliticosveracruz.com\/wp-content\/uploads\/2025\/12\/Logo-Nuevo-LOS-POLITICOS-1.jpg","contentUrl":"https:\/\/lospoliticosveracruz.com\/wp-content\/uploads\/2025\/12\/Logo-Nuevo-LOS-POLITICOS-1.jpg","width":260,"height":70,"caption":"Los pol\u00edticos Veracruz"},"image":{"@id":"https:\/\/lospoliticosveracruz.com\/#\/schema\/logo\/image\/"},"sameAs":["https:\/\/www.facebook.com\/people\/Notimemes-de-los-Polticos\/61565672886568\/","https:\/\/x.com\/LosPoliticosVer"]},{"@type":"Person","@id":"https:\/\/lospoliticosveracruz.com\/#\/schema\/person\/b8702bb0e538456e6efd07080bf2a4a2","name":"Lo viste en Los Pol\u00edticos","image":{"@type":"ImageObject","inLanguage":"es","@id":"https:\/\/secure.gravatar.com\/avatar\/3a8de04a2656d44082be478bd6c086daa447c4651605818287b9532d3d0bd435?s=96&d=mm&r=g","url":"https:\/\/secure.gravatar.com\/avatar\/3a8de04a2656d44082be478bd6c086daa447c4651605818287b9532d3d0bd435?s=96&d=mm&r=g","contentUrl":"https:\/\/secure.gravatar.com\/avatar\/3a8de04a2656d44082be478bd6c086daa447c4651605818287b9532d3d0bd435?s=96&d=mm&r=g","caption":"Lo viste en Los Pol\u00edticos"},"url":"https:\/\/lospoliticosveracruz.com\/?author=2"}]}},"_links":{"self":[{"href":"https:\/\/lospoliticosveracruz.com\/index.php?rest_route=\/wp\/v2\/posts\/154998","targetHints":{"allow":["GET"]}}],"collection":[{"href":"https:\/\/lospoliticosveracruz.com\/index.php?rest_route=\/wp\/v2\/posts"}],"about":[{"href":"https:\/\/lospoliticosveracruz.com\/index.php?rest_route=\/wp\/v2\/types\/post"}],"author":[{"embeddable":true,"href":"https:\/\/lospoliticosveracruz.com\/index.php?rest_route=\/wp\/v2\/users\/2"}],"replies":[{"embeddable":true,"href":"https:\/\/lospoliticosveracruz.com\/index.php?rest_route=%2Fwp%2Fv2%2Fcomments&post=154998"}],"version-history":[{"count":1,"href":"https:\/\/lospoliticosveracruz.com\/index.php?rest_route=\/wp\/v2\/posts\/154998\/revisions"}],"predecessor-version":[{"id":154999,"href":"https:\/\/lospoliticosveracruz.com\/index.php?rest_route=\/wp\/v2\/posts\/154998\/revisions\/154999"}],"wp:featuredmedia":[{"embeddable":true,"href":"https:\/\/lospoliticosveracruz.com\/index.php?rest_route=\/wp\/v2\/media\/141427"}],"wp:attachment":[{"href":"https:\/\/lospoliticosveracruz.com\/index.php?rest_route=%2Fwp%2Fv2%2Fmedia&parent=154998"}],"wp:term":[{"taxonomy":"category","embeddable":true,"href":"https:\/\/lospoliticosveracruz.com\/index.php?rest_route=%2Fwp%2Fv2%2Fcategories&post=154998"},{"taxonomy":"post_tag","embeddable":true,"href":"https:\/\/lospoliticosveracruz.com\/index.php?rest_route=%2Fwp%2Fv2%2Ftags&post=154998"}],"curies":[{"name":"wp","href":"https:\/\/api.w.org\/{rel}","templated":true}]}}