{"id":155070,"date":"2025-10-23T00:10:34","date_gmt":"2025-10-23T05:10:34","guid":{"rendered":"https:\/\/lospoliticosveracruz.com.mx\/?p=155070"},"modified":"2025-10-23T00:10:44","modified_gmt":"2025-10-23T05:10:44","slug":"ecocidio-huasteco","status":"publish","type":"post","link":"https:\/\/lospoliticosveracruz.com\/?p=155070","title":{"rendered":"ECOCIDIO HUASTECO!"},"content":{"rendered":"\n<p><strong>Jos\u00e9 Luis Ortega Vidal<\/strong><\/p>\n\n\n\n<p><em>Tuxpan<\/em><\/p>\n\n\n\n<p>Petr\u00f3leos Mexicanos reconoci\u00f3 oficialmente una fuga de crudo ocurrida en uno de sus ductos -el de Poza Rica, Veracruz a Ciudad Madero, Tamaulipas- seis d\u00edas atr\u00e1s.<br>La ruptura del ducto de treinta pulgadas provoc\u00f3 una severa contingencia ambiental al lanzar el energ\u00e9tico desde la poblaci\u00f3n de Citlaltepetl, en \u00c1lamo Temapache, al r\u00edo Pantepec que cruza este municipio en la huasteca veracruzana.<br>Luego de admitir el escurrimiento del aceite PEMEX dio a conocer el mi\u00e9rcoles algunas cifras del desastre ecol\u00f3gico: el equivalente a 30 mil barriles, es decir 4 millones de litros de petr\u00f3leo derramados sobre el afluente del Pantepec, de los cuales se han recuperado 180 mil litros hasta el momento.<br>De acuerdo a un comunicado de Petr\u00f3leos Mexicanos, la l\u00ednea se da\u00f1\u00f3 por el desbordamiento del mismo r\u00edo Pantepec sobre \u00c1lamo, el pasado nueve de octubre; cuando sus aguas inundaron al cien por ciento la cabecera municipal y un n\u00famero importante de comunidades rurales.<br>Don Edgar Moreno, hombre de la tercera edad -nativo y vecino en la c\u00e9ntrica avenida Garizurieta-, califica esta inundaci\u00f3n como la m\u00e1s grande en la historia de \u00c1lamo.<br>La tragedia provoc\u00f3 p\u00e9rdidas humanas cuya cuantificaci\u00f3n oficial a\u00fan no concluye; al tiempo de generar da\u00f1os multimillonarios en viviendas, comercios y la producci\u00f3n del campo alamense, donde hist\u00f3ricamente han destacado los c\u00edtricos y el ganado vacuno.<br>Ahora, se a\u00f1ade la afectaci\u00f3n a la pesca y el suministro de agua en la vida cotidiana del sector rural.<\/p>\n\n\n\n<p>PEMEX Y SU VERSI\u00d3N<\/p>\n\n\n\n<p>A decir de la empresa mexicana, de inmediato se atendi\u00f3 la fuga y se trabaja con m\u00e1s de 600 personas en la detenci\u00f3n del petr\u00f3leo sobre las aguas del Pantepec.<br>Personal de PEMEX, de la Marina y del gobierno de Veracruz extraen el crudo del r\u00edo y colocan material especializado para frenar su avance en direcci\u00f3n al mar.<br>Cabe destacar que el r\u00edo Pantepec nace en el estado de Hidalgo y cruza por la sierra norte de Puebla, para arribar al golfo de M\u00e9xico en el municipio de Tuxpan de Rodr\u00edguez Cano, al norte de Veracruz.<br>Hasta su paso por \u00c1lamo -municipio con m\u00e1s de 107 mil habitantes- se le identifica como r\u00edo Pantepec.<br>En esta zona recibe las aguas del r\u00edo Viscana, que nace en la sierra de Huayacocotla, Veracruz, y finalmente cruza el municipio tuxpe\u00f1o.<br>Los tuxpe\u00f1os bautizan al Pantepec como r\u00edo Tuxpan; pero se trata de un mismo afluente que posee dos nombres.<br>La ma\u00f1ana del mi\u00e9rcoles, v\u00eda redes sociales, se denunci\u00f3 la presencia de petr\u00f3leo en la zona conocida como los manglares; sin que se haya emitido informaci\u00f3n oficial sobre el arribo de aguas del Pantepec, contaminadas con aceite, al municipio donde su delta topa con el golfo de M\u00e9xico.<br>La tarde del lunes pasado vecinos de Tuxpan pescaban como lo hacen siempre en el r\u00edo; no hab\u00eda huellas de la grave contaminaci\u00f3n hasta ese momento.<\/p>\n","protected":false},"excerpt":{"rendered":"<p>Jos\u00e9 Luis Ortega Vidal Tuxpan Petr\u00f3leos Mexicanos reconoci\u00f3 oficialmente una fuga de crudo ocurrida en uno de sus ductos -el de Poza Rica, Veracruz a Ciudad Madero, Tamaulipas- seis d\u00edas atr\u00e1s.La ruptura del ducto de treinta pulgadas provoc\u00f3 una severa contingencia ambiental al lanzar el energ\u00e9tico desde la poblaci\u00f3n de Citlaltepetl, en \u00c1lamo Temapache, al [&hellip;]<\/p>\n","protected":false},"author":2,"featured_media":155071,"comment_status":"closed","ping_status":"closed","sticky":false,"template":"","format":"standard","meta":{"tdm_status":"","tdm_grid_status":"","footnotes":""},"categories":[6446],"tags":[46809,46798,372,2019,203],"class_list":{"0":"post-155070","1":"post","2":"type-post","3":"status-publish","4":"format-standard","5":"has-post-thumbnail","7":"category-la-nota","8":"tag-derrame","9":"tag-pantepec","10":"tag-pemex","11":"tag-petroleo","12":"tag-tuxpan"},"yoast_head":"<!-- This site is optimized with the Yoast SEO plugin v27.4 - https:\/\/yoast.com\/product\/yoast-seo-wordpress\/ -->\n<title>ECOCIDIO HUASTECO! - Los pol\u00edticos Veracruz<\/title>\n<meta name=\"robots\" content=\"index, follow, max-snippet:-1, max-image-preview:large, max-video-preview:-1\" \/>\n<link rel=\"canonical\" href=\"https:\/\/lospoliticosveracruz.com\/?p=155070\" \/>\n<meta property=\"og:locale\" content=\"es_ES\" \/>\n<meta property=\"og:type\" content=\"article\" \/>\n<meta property=\"og:title\" content=\"ECOCIDIO HUASTECO! - Los pol\u00edticos Veracruz\" \/>\n<meta property=\"og:description\" content=\"Jos\u00e9 Luis Ortega Vidal Tuxpan Petr\u00f3leos Mexicanos reconoci\u00f3 oficialmente una fuga de crudo ocurrida en uno de sus ductos -el de Poza Rica, Veracruz a Ciudad Madero, Tamaulipas- seis d\u00edas atr\u00e1s.La ruptura del ducto de treinta pulgadas provoc\u00f3 una severa contingencia ambiental al lanzar el energ\u00e9tico desde la poblaci\u00f3n de Citlaltepetl, en \u00c1lamo Temapache, al [&hellip;]\" \/>\n<meta property=\"og:url\" content=\"https:\/\/lospoliticosveracruz.com\/?p=155070\" \/>\n<meta property=\"og:site_name\" content=\"Los pol\u00edticos Veracruz\" \/>\n<meta property=\"article:publisher\" content=\"https:\/\/www.facebook.com\/people\/Notimemes-de-los-Polticos\/61565672886568\/\" \/>\n<meta property=\"article:published_time\" content=\"2025-10-23T05:10:34+00:00\" \/>\n<meta property=\"article:modified_time\" content=\"2025-10-23T05:10:44+00:00\" \/>\n<meta property=\"og:image\" content=\"https:\/\/lospoliticosveracruz.com\/wp-content\/uploads\/2025\/10\/a3a2e166-5144-4d56-9907-de66a7a8f4c7.jpeg\" \/>\n\t<meta property=\"og:image:width\" content=\"546\" \/>\n\t<meta property=\"og:image:height\" content=\"290\" \/>\n\t<meta property=\"og:image:type\" content=\"image\/jpeg\" \/>\n<meta name=\"author\" content=\"Lo viste en Los Pol\u00edticos\" \/>\n<meta name=\"twitter:card\" content=\"summary_large_image\" \/>\n<meta name=\"twitter:creator\" content=\"@LosPoliticosVer\" \/>\n<meta name=\"twitter:site\" content=\"@LosPoliticosVer\" \/>\n<meta name=\"twitter:label1\" content=\"Escrito por\" \/>\n\t<meta name=\"twitter:data1\" content=\"Lo viste en Los Pol\u00edticos\" \/>\n\t<meta name=\"twitter:label2\" content=\"Tiempo de lectura\" \/>\n\t<meta name=\"twitter:data2\" content=\"3 minutos\" \/>\n<script type=\"application\/ld+json\" class=\"yoast-schema-graph\">{\"@context\":\"https:\\\/\\\/schema.org\",\"@graph\":[{\"@type\":\"Article\",\"@id\":\"https:\\\/\\\/lospoliticosveracruz.com\\\/?p=155070#article\",\"isPartOf\":{\"@id\":\"https:\\\/\\\/lospoliticosveracruz.com\\\/?p=155070\"},\"author\":{\"name\":\"Lo viste en Los Pol\u00edticos\",\"@id\":\"https:\\\/\\\/lospoliticosveracruz.com\\\/#\\\/schema\\\/person\\\/b8702bb0e538456e6efd07080bf2a4a2\"},\"headline\":\"ECOCIDIO HUASTECO!\",\"datePublished\":\"2025-10-23T05:10:34+00:00\",\"dateModified\":\"2025-10-23T05:10:44+00:00\",\"mainEntityOfPage\":{\"@id\":\"https:\\\/\\\/lospoliticosveracruz.com\\\/?p=155070\"},\"wordCount\":524,\"publisher\":{\"@id\":\"https:\\\/\\\/lospoliticosveracruz.com\\\/#organization\"},\"image\":{\"@id\":\"https:\\\/\\\/lospoliticosveracruz.com\\\/?p=155070#primaryimage\"},\"thumbnailUrl\":\"https:\\\/\\\/lospoliticosveracruz.com\\\/wp-content\\\/uploads\\\/2025\\\/10\\\/a3a2e166-5144-4d56-9907-de66a7a8f4c7.jpeg\",\"keywords\":[\"Derrame\",\"Pantepec\",\"Pemex\",\"Petr\u00f3leo\",\"Tuxpan\"],\"articleSection\":[\"La Nota\"],\"inLanguage\":\"es\"},{\"@type\":\"WebPage\",\"@id\":\"https:\\\/\\\/lospoliticosveracruz.com\\\/?p=155070\",\"url\":\"https:\\\/\\\/lospoliticosveracruz.com\\\/?p=155070\",\"name\":\"ECOCIDIO HUASTECO! - Los pol\u00edticos Veracruz\",\"isPartOf\":{\"@id\":\"https:\\\/\\\/lospoliticosveracruz.com\\\/#website\"},\"primaryImageOfPage\":{\"@id\":\"https:\\\/\\\/lospoliticosveracruz.com\\\/?p=155070#primaryimage\"},\"image\":{\"@id\":\"https:\\\/\\\/lospoliticosveracruz.com\\\/?p=155070#primaryimage\"},\"thumbnailUrl\":\"https:\\\/\\\/lospoliticosveracruz.com\\\/wp-content\\\/uploads\\\/2025\\\/10\\\/a3a2e166-5144-4d56-9907-de66a7a8f4c7.jpeg\",\"datePublished\":\"2025-10-23T05:10:34+00:00\",\"dateModified\":\"2025-10-23T05:10:44+00:00\",\"breadcrumb\":{\"@id\":\"https:\\\/\\\/lospoliticosveracruz.com\\\/?p=155070#breadcrumb\"},\"inLanguage\":\"es\",\"potentialAction\":[{\"@type\":\"ReadAction\",\"target\":[\"https:\\\/\\\/lospoliticosveracruz.com\\\/?p=155070\"]}]},{\"@type\":\"ImageObject\",\"inLanguage\":\"es\",\"@id\":\"https:\\\/\\\/lospoliticosveracruz.com\\\/?p=155070#primaryimage\",\"url\":\"https:\\\/\\\/lospoliticosveracruz.com\\\/wp-content\\\/uploads\\\/2025\\\/10\\\/a3a2e166-5144-4d56-9907-de66a7a8f4c7.jpeg\",\"contentUrl\":\"https:\\\/\\\/lospoliticosveracruz.com\\\/wp-content\\\/uploads\\\/2025\\\/10\\\/a3a2e166-5144-4d56-9907-de66a7a8f4c7.jpeg\",\"width\":546,\"height\":290},{\"@type\":\"BreadcrumbList\",\"@id\":\"https:\\\/\\\/lospoliticosveracruz.com\\\/?p=155070#breadcrumb\",\"itemListElement\":[{\"@type\":\"ListItem\",\"position\":1,\"name\":\"Portada\",\"item\":\"https:\\\/\\\/lospoliticosveracruz.com\\\/\"},{\"@type\":\"ListItem\",\"position\":2,\"name\":\"ECOCIDIO HUASTECO!\"}]},{\"@type\":\"WebSite\",\"@id\":\"https:\\\/\\\/lospoliticosveracruz.com\\\/#website\",\"url\":\"https:\\\/\\\/lospoliticosveracruz.com\\\/\",\"name\":\"Los pol\u00edticos Veracruz\",\"description\":\"\",\"publisher\":{\"@id\":\"https:\\\/\\\/lospoliticosveracruz.com\\\/#organization\"},\"potentialAction\":[{\"@type\":\"SearchAction\",\"target\":{\"@type\":\"EntryPoint\",\"urlTemplate\":\"https:\\\/\\\/lospoliticosveracruz.com\\\/?s={search_term_string}\"},\"query-input\":{\"@type\":\"PropertyValueSpecification\",\"valueRequired\":true,\"valueName\":\"search_term_string\"}}],\"inLanguage\":\"es\"},{\"@type\":\"Organization\",\"@id\":\"https:\\\/\\\/lospoliticosveracruz.com\\\/#organization\",\"name\":\"Los pol\u00edticos Veracruz\",\"url\":\"https:\\\/\\\/lospoliticosveracruz.com\\\/\",\"logo\":{\"@type\":\"ImageObject\",\"inLanguage\":\"es\",\"@id\":\"https:\\\/\\\/lospoliticosveracruz.com\\\/#\\\/schema\\\/logo\\\/image\\\/\",\"url\":\"https:\\\/\\\/lospoliticosveracruz.com\\\/wp-content\\\/uploads\\\/2025\\\/12\\\/Logo-Nuevo-LOS-POLITICOS-1.jpg\",\"contentUrl\":\"https:\\\/\\\/lospoliticosveracruz.com\\\/wp-content\\\/uploads\\\/2025\\\/12\\\/Logo-Nuevo-LOS-POLITICOS-1.jpg\",\"width\":260,\"height\":70,\"caption\":\"Los pol\u00edticos Veracruz\"},\"image\":{\"@id\":\"https:\\\/\\\/lospoliticosveracruz.com\\\/#\\\/schema\\\/logo\\\/image\\\/\"},\"sameAs\":[\"https:\\\/\\\/www.facebook.com\\\/people\\\/Notimemes-de-los-Polticos\\\/61565672886568\\\/\",\"https:\\\/\\\/x.com\\\/LosPoliticosVer\"]},{\"@type\":\"Person\",\"@id\":\"https:\\\/\\\/lospoliticosveracruz.com\\\/#\\\/schema\\\/person\\\/b8702bb0e538456e6efd07080bf2a4a2\",\"name\":\"Lo viste en Los Pol\u00edticos\",\"image\":{\"@type\":\"ImageObject\",\"inLanguage\":\"es\",\"@id\":\"https:\\\/\\\/secure.gravatar.com\\\/avatar\\\/3a8de04a2656d44082be478bd6c086daa447c4651605818287b9532d3d0bd435?s=96&d=mm&r=g\",\"url\":\"https:\\\/\\\/secure.gravatar.com\\\/avatar\\\/3a8de04a2656d44082be478bd6c086daa447c4651605818287b9532d3d0bd435?s=96&d=mm&r=g\",\"contentUrl\":\"https:\\\/\\\/secure.gravatar.com\\\/avatar\\\/3a8de04a2656d44082be478bd6c086daa447c4651605818287b9532d3d0bd435?s=96&d=mm&r=g\",\"caption\":\"Lo viste en Los Pol\u00edticos\"},\"url\":\"https:\\\/\\\/lospoliticosveracruz.com\\\/?author=2\"}]}<\/script>\n<!-- \/ Yoast SEO plugin. -->","yoast_head_json":{"title":"ECOCIDIO HUASTECO! - Los pol\u00edticos Veracruz","robots":{"index":"index","follow":"follow","max-snippet":"max-snippet:-1","max-image-preview":"max-image-preview:large","max-video-preview":"max-video-preview:-1"},"canonical":"https:\/\/lospoliticosveracruz.com\/?p=155070","og_locale":"es_ES","og_type":"article","og_title":"ECOCIDIO HUASTECO! - Los pol\u00edticos Veracruz","og_description":"Jos\u00e9 Luis Ortega Vidal Tuxpan Petr\u00f3leos Mexicanos reconoci\u00f3 oficialmente una fuga de crudo ocurrida en uno de sus ductos -el de Poza Rica, Veracruz a Ciudad Madero, Tamaulipas- seis d\u00edas atr\u00e1s.La ruptura del ducto de treinta pulgadas provoc\u00f3 una severa contingencia ambiental al lanzar el energ\u00e9tico desde la poblaci\u00f3n de Citlaltepetl, en \u00c1lamo Temapache, al [&hellip;]","og_url":"https:\/\/lospoliticosveracruz.com\/?p=155070","og_site_name":"Los pol\u00edticos Veracruz","article_publisher":"https:\/\/www.facebook.com\/people\/Notimemes-de-los-Polticos\/61565672886568\/","article_published_time":"2025-10-23T05:10:34+00:00","article_modified_time":"2025-10-23T05:10:44+00:00","og_image":[{"width":546,"height":290,"url":"https:\/\/lospoliticosveracruz.com\/wp-content\/uploads\/2025\/10\/a3a2e166-5144-4d56-9907-de66a7a8f4c7.jpeg","type":"image\/jpeg"}],"author":"Lo viste en Los Pol\u00edticos","twitter_card":"summary_large_image","twitter_creator":"@LosPoliticosVer","twitter_site":"@LosPoliticosVer","twitter_misc":{"Escrito por":"Lo viste en Los Pol\u00edticos","Tiempo de lectura":"3 minutos"},"schema":{"@context":"https:\/\/schema.org","@graph":[{"@type":"Article","@id":"https:\/\/lospoliticosveracruz.com\/?p=155070#article","isPartOf":{"@id":"https:\/\/lospoliticosveracruz.com\/?p=155070"},"author":{"name":"Lo viste en Los Pol\u00edticos","@id":"https:\/\/lospoliticosveracruz.com\/#\/schema\/person\/b8702bb0e538456e6efd07080bf2a4a2"},"headline":"ECOCIDIO HUASTECO!","datePublished":"2025-10-23T05:10:34+00:00","dateModified":"2025-10-23T05:10:44+00:00","mainEntityOfPage":{"@id":"https:\/\/lospoliticosveracruz.com\/?p=155070"},"wordCount":524,"publisher":{"@id":"https:\/\/lospoliticosveracruz.com\/#organization"},"image":{"@id":"https:\/\/lospoliticosveracruz.com\/?p=155070#primaryimage"},"thumbnailUrl":"https:\/\/lospoliticosveracruz.com\/wp-content\/uploads\/2025\/10\/a3a2e166-5144-4d56-9907-de66a7a8f4c7.jpeg","keywords":["Derrame","Pantepec","Pemex","Petr\u00f3leo","Tuxpan"],"articleSection":["La Nota"],"inLanguage":"es"},{"@type":"WebPage","@id":"https:\/\/lospoliticosveracruz.com\/?p=155070","url":"https:\/\/lospoliticosveracruz.com\/?p=155070","name":"ECOCIDIO HUASTECO! - Los pol\u00edticos Veracruz","isPartOf":{"@id":"https:\/\/lospoliticosveracruz.com\/#website"},"primaryImageOfPage":{"@id":"https:\/\/lospoliticosveracruz.com\/?p=155070#primaryimage"},"image":{"@id":"https:\/\/lospoliticosveracruz.com\/?p=155070#primaryimage"},"thumbnailUrl":"https:\/\/lospoliticosveracruz.com\/wp-content\/uploads\/2025\/10\/a3a2e166-5144-4d56-9907-de66a7a8f4c7.jpeg","datePublished":"2025-10-23T05:10:34+00:00","dateModified":"2025-10-23T05:10:44+00:00","breadcrumb":{"@id":"https:\/\/lospoliticosveracruz.com\/?p=155070#breadcrumb"},"inLanguage":"es","potentialAction":[{"@type":"ReadAction","target":["https:\/\/lospoliticosveracruz.com\/?p=155070"]}]},{"@type":"ImageObject","inLanguage":"es","@id":"https:\/\/lospoliticosveracruz.com\/?p=155070#primaryimage","url":"https:\/\/lospoliticosveracruz.com\/wp-content\/uploads\/2025\/10\/a3a2e166-5144-4d56-9907-de66a7a8f4c7.jpeg","contentUrl":"https:\/\/lospoliticosveracruz.com\/wp-content\/uploads\/2025\/10\/a3a2e166-5144-4d56-9907-de66a7a8f4c7.jpeg","width":546,"height":290},{"@type":"BreadcrumbList","@id":"https:\/\/lospoliticosveracruz.com\/?p=155070#breadcrumb","itemListElement":[{"@type":"ListItem","position":1,"name":"Portada","item":"https:\/\/lospoliticosveracruz.com\/"},{"@type":"ListItem","position":2,"name":"ECOCIDIO HUASTECO!"}]},{"@type":"WebSite","@id":"https:\/\/lospoliticosveracruz.com\/#website","url":"https:\/\/lospoliticosveracruz.com\/","name":"Los pol\u00edticos Veracruz","description":"","publisher":{"@id":"https:\/\/lospoliticosveracruz.com\/#organization"},"potentialAction":[{"@type":"SearchAction","target":{"@type":"EntryPoint","urlTemplate":"https:\/\/lospoliticosveracruz.com\/?s={search_term_string}"},"query-input":{"@type":"PropertyValueSpecification","valueRequired":true,"valueName":"search_term_string"}}],"inLanguage":"es"},{"@type":"Organization","@id":"https:\/\/lospoliticosveracruz.com\/#organization","name":"Los pol\u00edticos Veracruz","url":"https:\/\/lospoliticosveracruz.com\/","logo":{"@type":"ImageObject","inLanguage":"es","@id":"https:\/\/lospoliticosveracruz.com\/#\/schema\/logo\/image\/","url":"https:\/\/lospoliticosveracruz.com\/wp-content\/uploads\/2025\/12\/Logo-Nuevo-LOS-POLITICOS-1.jpg","contentUrl":"https:\/\/lospoliticosveracruz.com\/wp-content\/uploads\/2025\/12\/Logo-Nuevo-LOS-POLITICOS-1.jpg","width":260,"height":70,"caption":"Los pol\u00edticos Veracruz"},"image":{"@id":"https:\/\/lospoliticosveracruz.com\/#\/schema\/logo\/image\/"},"sameAs":["https:\/\/www.facebook.com\/people\/Notimemes-de-los-Polticos\/61565672886568\/","https:\/\/x.com\/LosPoliticosVer"]},{"@type":"Person","@id":"https:\/\/lospoliticosveracruz.com\/#\/schema\/person\/b8702bb0e538456e6efd07080bf2a4a2","name":"Lo viste en Los Pol\u00edticos","image":{"@type":"ImageObject","inLanguage":"es","@id":"https:\/\/secure.gravatar.com\/avatar\/3a8de04a2656d44082be478bd6c086daa447c4651605818287b9532d3d0bd435?s=96&d=mm&r=g","url":"https:\/\/secure.gravatar.com\/avatar\/3a8de04a2656d44082be478bd6c086daa447c4651605818287b9532d3d0bd435?s=96&d=mm&r=g","contentUrl":"https:\/\/secure.gravatar.com\/avatar\/3a8de04a2656d44082be478bd6c086daa447c4651605818287b9532d3d0bd435?s=96&d=mm&r=g","caption":"Lo viste en Los Pol\u00edticos"},"url":"https:\/\/lospoliticosveracruz.com\/?author=2"}]}},"_links":{"self":[{"href":"https:\/\/lospoliticosveracruz.com\/index.php?rest_route=\/wp\/v2\/posts\/155070","targetHints":{"allow":["GET"]}}],"collection":[{"href":"https:\/\/lospoliticosveracruz.com\/index.php?rest_route=\/wp\/v2\/posts"}],"about":[{"href":"https:\/\/lospoliticosveracruz.com\/index.php?rest_route=\/wp\/v2\/types\/post"}],"author":[{"embeddable":true,"href":"https:\/\/lospoliticosveracruz.com\/index.php?rest_route=\/wp\/v2\/users\/2"}],"replies":[{"embeddable":true,"href":"https:\/\/lospoliticosveracruz.com\/index.php?rest_route=%2Fwp%2Fv2%2Fcomments&post=155070"}],"version-history":[{"count":1,"href":"https:\/\/lospoliticosveracruz.com\/index.php?rest_route=\/wp\/v2\/posts\/155070\/revisions"}],"predecessor-version":[{"id":155072,"href":"https:\/\/lospoliticosveracruz.com\/index.php?rest_route=\/wp\/v2\/posts\/155070\/revisions\/155072"}],"wp:featuredmedia":[{"embeddable":true,"href":"https:\/\/lospoliticosveracruz.com\/index.php?rest_route=\/wp\/v2\/media\/155071"}],"wp:attachment":[{"href":"https:\/\/lospoliticosveracruz.com\/index.php?rest_route=%2Fwp%2Fv2%2Fmedia&parent=155070"}],"wp:term":[{"taxonomy":"category","embeddable":true,"href":"https:\/\/lospoliticosveracruz.com\/index.php?rest_route=%2Fwp%2Fv2%2Fcategories&post=155070"},{"taxonomy":"post_tag","embeddable":true,"href":"https:\/\/lospoliticosveracruz.com\/index.php?rest_route=%2Fwp%2Fv2%2Ftags&post=155070"}],"curies":[{"name":"wp","href":"https:\/\/api.w.org\/{rel}","templated":true}]}}