{"id":155108,"date":"2025-10-23T13:18:44","date_gmt":"2025-10-23T18:18:44","guid":{"rendered":"https:\/\/lospoliticosveracruz.com.mx\/?p=155108"},"modified":"2025-10-23T13:19:07","modified_gmt":"2025-10-23T18:19:07","slug":"nahle-solo-trajo-odio-y-desolacion","status":"publish","type":"post","link":"https:\/\/lospoliticosveracruz.com\/?p=155108","title":{"rendered":"NAHLE SOLO TRAJO ODIO Y DESOLACI\u00d3N"},"content":{"rendered":"\n<p><strong>Inocencio Y\u00e1\u00f1ez Vicencio<\/strong><\/p>\n\n\n\n<p>Ese es el mayor problema, que Roc\u00edo Nahle, s\u00f3lo trajo a Veracruz odio, mucho odio y el mayor tiempo lo dedica a esparcir odio.<br>Roc\u00edo Nahle, dedica la mayor tiempo a dilapidar recursos cuantiosos a atacar y promover infamias contra quienes la han criticado o pedido que aclare el origen de su fortuna acumulada al amparo del poder p\u00fablico.<br>Desde los tiempos en que los beneficiarios de la administraci\u00f3n de Dante Delgado, despu\u00e9s de su fallido intento de reciclarse con Patricio Chirinos, emprendieron una feroz campa\u00f1a en su contra, que algunos fingen ignorar que que sobrevivientes de aquellos enconos, le han pasado a Nahle su legado, para que pase factura de aquellos agravios.<br>Roc\u00edo Nahle, es incapaz de ver qu\u00e9 una campa\u00f1a pol\u00edtica &#8211; electoral, es antes que otra cosa, un rato escrutinio que le permite al elector evaluar, que sin \u00e9l, podr\u00eda votar, pero no elegir, que si se hacen p\u00fablicos hechos presuntamente il\u00edcitos, si bien es cierto que no se pueeen enterrar hasta que los tribunales se pronuncien y que en tanto no halla veredicto, permanecer\u00e1 en el debate p\u00fablico, pero como asunto p\u00fablico, no personal, como lo hace la que ocupa hoy el Palacio de Gobierno.<br>Ha lanzado todos sus misiles contra Miguel \u00c1ngel Yunes Linares, contra Arturo Castagne, pero no s\u00f3lo ellos, tambi\u00e9n lanza sus sabuesos contra Sergio Guti\u00e9rrez, contra Manuel Huerta, contra Cuitl\u00e1huac Garc\u00eda\u2026No \u00fanicamente ocupan mucho tiempo sus chayoteros en descalificar a estos personajes sino tambi\u00e9n algunos que quieren congraciarse con el poder, que intentando sumarse al gobierno en turno o haciendo votos de fidelidad con la causa morenista, no defienden a la gobernadora pero se reclutan para combatir o magnificar cualquier desliz o supuesta desviaci\u00f3n de sus enemigos.<br>En politica los antagonismos no son para siempre y menos absolutos. Los actuales Estados Europeos se formaron con alianzas que con frecuencia cambiaban de actores. Para Weber no hay pol\u00edtica sin ideolog\u00edas. Algun estandarte debe congregar. Sin embargo recomendaba no llevar principios finalistas a una mesa de negociaci\u00f3n.<br>Muchos males se hubieran evitado si a tiempo se hubiera entendido que una unidad no puede ser monol\u00edtica, que s\u00f3lo es posible como coordinaci\u00f3n de diferencias, por lo menos en democracia.<br>La pol\u00edtica, seg\u00fan Moses I. Finley, naci\u00f3 en la Grecia Cl\u00e1sica, porque antes de 598 y 507 antes de Cristo, no pod\u00eda haber pol\u00edtica en la tiran\u00eda, por lo que solo fue posible su aparici\u00f3n con las reformas de Sol\u00f3n y Clistines, porque s\u00f3lo en el \u00c1gora se pod\u00eda dar la igualdad de palabra, la discusi\u00f3n, la deliberaci\u00f3n, el debate, el consenso, el acuerdo y la decisi\u00f3n com\u00fan, a partir de lo cual Hannah Arendt, concibe a la pol\u00edtica como acci\u00f3n concertada dirigida al bien com\u00fan, un buen com\u00fan producido en la confrontaci\u00f3n de visiones y propuestas diversas. Para los griegos la pol\u00edtica antes que elecci\u00f3n era control de los gobernados hacia los gobernantes. El mismo Pericles varias veces fue sometido a cuentas sobre supuestos derroches en la construcci\u00f3n del Parten\u00f3n.<br>A prop\u00f3sito un estudioso, con el cual comparto su propuesta de : Republicanismo, que impulsa el concepto de libertad como no dominaci\u00f3n, la editorial Trotta, le digo p\u00fablica un libro con el t\u00edtulo de En los t\u00e9rminos de pueblo. Teor\u00eda y modelos republicanos de democracia, en cuyo texto , su autor, Philip Pettit, dice que : \u2026 que el ideal republicano de la libertad como no dominaci\u00f3n est\u00e1 obligado a otorgar cierta importancia al valor de la legitimidad y al control democr\u00e1tico que requiere. Cualquiera que sean las pol\u00edticas que el Gobierno respalde , y cualesquiera que sean las pol\u00edticas que algunos de nosotros desee con respecto al Gobierno, ninguna deber\u00eda implementarse si no es una forma de control popular en la que todos participamos por igual. Esa es la \u00fanica garant\u00eda contra el efecto doblemente incapacitante de la dominaci\u00f3n p\u00fablica. Pag. 63.<br>Esta es , sin duda alguna, la mejor receta para que esa danza de miles de millones que los tres niveles de gobierno anuncian para la restauraci\u00f3n en las zonas afectadas por las recientes inundaciones, no terminen engrosando las cuentas en para\u00edsos fiscales o en residencias de la m\u00e1s alta plusval\u00eda. Sobre todo porque Roc\u00edo habla de un avance del 65 por ciento de la restauraci\u00f3n, cuando los valientes reporteros nos env\u00edan fotos y notas de colonias de \u00c1lamo y Poza Rica, que no han recibido ayuda oficial.<br>En Colombia, existen experiencias de Obras que abren convocatorias a la sociedad civil, para que organizaciones sociales concursen para llevar el control de la solvencia de las constructoras, el personal contratado, la cantidad y la calidad del material, el cotejo de lo planeado como lo realizado, la auditor\u00eda y la liberaci\u00f3n y el deslinde de responsabilidades. Qu\u00e9 impide darle al pueblo el control de las obras? Solamente que se est\u00e9 planeando otro atraco.<br>Philip Pettit, lo dice muy claro: elecci\u00f3n sin control, no es democracia.<br>La pol\u00edtica de odio de Roc\u00edo Nahle, nos cuesta mucho, pero m\u00e1s le va a costar a ella.<br>A la experiencia democr\u00e1tica griega, se alz\u00f3 un concepto de pol\u00edtica que se hizo girar en torno al poder. En Roma Antiguo y las intrigas palaciegas de las rep\u00fablicas ciudades -Estado del renacimiento , se nutri\u00f3 Maquivelo,para explicar la pol\u00edtica como lucha del poder por el poder, sin importar los medios con tal de alcanzar el fin. Esta concepci\u00f3n esencialista la lleva al paroxismo el te\u00f3rico juridico de Hitler, Carl Schmitt, para quien no hay pol\u00edtica sin enemigo, por lo que la pol\u00edtica es una relaci\u00f3n amigo-enemigo. Basta elegir el enemigo para que halla pol\u00edtica.<br>Es evidente que Roc\u00edo Nahle, eligio sus enemigos y puso a sus mercenarios a atacarlos, para distraernos mientras ella y mediocres cortezanos, elegidos con criterios dom\u00e9sticos, entregan la plaza al narco y m\u00e1gicamente vac\u00edan las arcas del estado.<\/p>\n","protected":false},"excerpt":{"rendered":"<p>Inocencio Y\u00e1\u00f1ez Vicencio Ese es el mayor problema, que Roc\u00edo Nahle, s\u00f3lo trajo a Veracruz odio, mucho odio y el mayor tiempo lo dedica a esparcir odio.Roc\u00edo Nahle, dedica la mayor tiempo a dilapidar recursos cuantiosos a atacar y promover infamias contra quienes la han criticado o pedido que aclare el origen de su fortuna [&hellip;]<\/p>\n","protected":false},"author":2,"featured_media":141387,"comment_status":"closed","ping_status":"closed","sticky":false,"template":"","format":"standard","meta":{"tdm_status":"","tdm_grid_status":"","footnotes":""},"categories":[70],"tags":[3578],"class_list":{"0":"post-155108","1":"post","2":"type-post","3":"status-publish","4":"format-standard","5":"has-post-thumbnail","7":"category-de-opinion","8":"tag-rocio-nahle"},"yoast_head":"<!-- This site is optimized with the Yoast SEO plugin v27.4 - https:\/\/yoast.com\/product\/yoast-seo-wordpress\/ -->\n<title>NAHLE SOLO TRAJO ODIO Y DESOLACI\u00d3N - Los pol\u00edticos Veracruz<\/title>\n<meta name=\"robots\" content=\"index, follow, max-snippet:-1, max-image-preview:large, max-video-preview:-1\" \/>\n<link rel=\"canonical\" href=\"https:\/\/lospoliticosveracruz.com\/?p=155108\" \/>\n<meta property=\"og:locale\" content=\"es_ES\" \/>\n<meta property=\"og:type\" content=\"article\" \/>\n<meta property=\"og:title\" content=\"NAHLE SOLO TRAJO ODIO Y DESOLACI\u00d3N - Los pol\u00edticos Veracruz\" \/>\n<meta property=\"og:description\" content=\"Inocencio Y\u00e1\u00f1ez Vicencio Ese es el mayor problema, que Roc\u00edo Nahle, s\u00f3lo trajo a Veracruz odio, mucho odio y el mayor tiempo lo dedica a esparcir odio.Roc\u00edo Nahle, dedica la mayor tiempo a dilapidar recursos cuantiosos a atacar y promover infamias contra quienes la han criticado o pedido que aclare el origen de su fortuna [&hellip;]\" \/>\n<meta property=\"og:url\" content=\"https:\/\/lospoliticosveracruz.com\/?p=155108\" \/>\n<meta property=\"og:site_name\" content=\"Los pol\u00edticos Veracruz\" \/>\n<meta property=\"article:publisher\" content=\"https:\/\/www.facebook.com\/people\/Notimemes-de-los-Polticos\/61565672886568\/\" \/>\n<meta property=\"article:published_time\" content=\"2025-10-23T18:18:44+00:00\" \/>\n<meta property=\"article:modified_time\" content=\"2025-10-23T18:19:07+00:00\" \/>\n<meta property=\"og:image\" content=\"https:\/\/lospoliticosveracruz.com\/wp-content\/uploads\/2025\/04\/Inocencio-Yanez-Vicencio.jpg\" \/>\n\t<meta property=\"og:image:width\" content=\"1250\" \/>\n\t<meta property=\"og:image:height\" content=\"667\" \/>\n\t<meta property=\"og:image:type\" content=\"image\/jpeg\" \/>\n<meta name=\"author\" content=\"Lo viste en Los Pol\u00edticos\" \/>\n<meta name=\"twitter:card\" content=\"summary_large_image\" \/>\n<meta name=\"twitter:creator\" content=\"@LosPoliticosVer\" \/>\n<meta name=\"twitter:site\" content=\"@LosPoliticosVer\" \/>\n<meta name=\"twitter:label1\" content=\"Escrito por\" \/>\n\t<meta name=\"twitter:data1\" content=\"Lo viste en Los Pol\u00edticos\" \/>\n\t<meta name=\"twitter:label2\" content=\"Tiempo de lectura\" \/>\n\t<meta name=\"twitter:data2\" content=\"5 minutos\" \/>\n<script type=\"application\/ld+json\" class=\"yoast-schema-graph\">{\"@context\":\"https:\\\/\\\/schema.org\",\"@graph\":[{\"@type\":\"Article\",\"@id\":\"https:\\\/\\\/lospoliticosveracruz.com\\\/?p=155108#article\",\"isPartOf\":{\"@id\":\"https:\\\/\\\/lospoliticosveracruz.com\\\/?p=155108\"},\"author\":{\"name\":\"Lo viste en Los Pol\u00edticos\",\"@id\":\"https:\\\/\\\/lospoliticosveracruz.com\\\/#\\\/schema\\\/person\\\/b8702bb0e538456e6efd07080bf2a4a2\"},\"headline\":\"NAHLE SOLO TRAJO ODIO Y DESOLACI\u00d3N\",\"datePublished\":\"2025-10-23T18:18:44+00:00\",\"dateModified\":\"2025-10-23T18:19:07+00:00\",\"mainEntityOfPage\":{\"@id\":\"https:\\\/\\\/lospoliticosveracruz.com\\\/?p=155108\"},\"wordCount\":1056,\"publisher\":{\"@id\":\"https:\\\/\\\/lospoliticosveracruz.com\\\/#organization\"},\"image\":{\"@id\":\"https:\\\/\\\/lospoliticosveracruz.com\\\/?p=155108#primaryimage\"},\"thumbnailUrl\":\"https:\\\/\\\/lospoliticosveracruz.com\\\/wp-content\\\/uploads\\\/2025\\\/04\\\/Inocencio-Yanez-Vicencio.jpg\",\"keywords\":[\"Roc\u00edo Nahle\"],\"articleSection\":[\"De Opini\u00f3n\"],\"inLanguage\":\"es\"},{\"@type\":\"WebPage\",\"@id\":\"https:\\\/\\\/lospoliticosveracruz.com\\\/?p=155108\",\"url\":\"https:\\\/\\\/lospoliticosveracruz.com\\\/?p=155108\",\"name\":\"NAHLE SOLO TRAJO ODIO Y DESOLACI\u00d3N - Los pol\u00edticos Veracruz\",\"isPartOf\":{\"@id\":\"https:\\\/\\\/lospoliticosveracruz.com\\\/#website\"},\"primaryImageOfPage\":{\"@id\":\"https:\\\/\\\/lospoliticosveracruz.com\\\/?p=155108#primaryimage\"},\"image\":{\"@id\":\"https:\\\/\\\/lospoliticosveracruz.com\\\/?p=155108#primaryimage\"},\"thumbnailUrl\":\"https:\\\/\\\/lospoliticosveracruz.com\\\/wp-content\\\/uploads\\\/2025\\\/04\\\/Inocencio-Yanez-Vicencio.jpg\",\"datePublished\":\"2025-10-23T18:18:44+00:00\",\"dateModified\":\"2025-10-23T18:19:07+00:00\",\"breadcrumb\":{\"@id\":\"https:\\\/\\\/lospoliticosveracruz.com\\\/?p=155108#breadcrumb\"},\"inLanguage\":\"es\",\"potentialAction\":[{\"@type\":\"ReadAction\",\"target\":[\"https:\\\/\\\/lospoliticosveracruz.com\\\/?p=155108\"]}]},{\"@type\":\"ImageObject\",\"inLanguage\":\"es\",\"@id\":\"https:\\\/\\\/lospoliticosveracruz.com\\\/?p=155108#primaryimage\",\"url\":\"https:\\\/\\\/lospoliticosveracruz.com\\\/wp-content\\\/uploads\\\/2025\\\/04\\\/Inocencio-Yanez-Vicencio.jpg\",\"contentUrl\":\"https:\\\/\\\/lospoliticosveracruz.com\\\/wp-content\\\/uploads\\\/2025\\\/04\\\/Inocencio-Yanez-Vicencio.jpg\",\"width\":1250,\"height\":667},{\"@type\":\"BreadcrumbList\",\"@id\":\"https:\\\/\\\/lospoliticosveracruz.com\\\/?p=155108#breadcrumb\",\"itemListElement\":[{\"@type\":\"ListItem\",\"position\":1,\"name\":\"Portada\",\"item\":\"https:\\\/\\\/lospoliticosveracruz.com\\\/\"},{\"@type\":\"ListItem\",\"position\":2,\"name\":\"NAHLE SOLO TRAJO ODIO Y DESOLACI\u00d3N\"}]},{\"@type\":\"WebSite\",\"@id\":\"https:\\\/\\\/lospoliticosveracruz.com\\\/#website\",\"url\":\"https:\\\/\\\/lospoliticosveracruz.com\\\/\",\"name\":\"Los pol\u00edticos Veracruz\",\"description\":\"\",\"publisher\":{\"@id\":\"https:\\\/\\\/lospoliticosveracruz.com\\\/#organization\"},\"potentialAction\":[{\"@type\":\"SearchAction\",\"target\":{\"@type\":\"EntryPoint\",\"urlTemplate\":\"https:\\\/\\\/lospoliticosveracruz.com\\\/?s={search_term_string}\"},\"query-input\":{\"@type\":\"PropertyValueSpecification\",\"valueRequired\":true,\"valueName\":\"search_term_string\"}}],\"inLanguage\":\"es\"},{\"@type\":\"Organization\",\"@id\":\"https:\\\/\\\/lospoliticosveracruz.com\\\/#organization\",\"name\":\"Los pol\u00edticos Veracruz\",\"url\":\"https:\\\/\\\/lospoliticosveracruz.com\\\/\",\"logo\":{\"@type\":\"ImageObject\",\"inLanguage\":\"es\",\"@id\":\"https:\\\/\\\/lospoliticosveracruz.com\\\/#\\\/schema\\\/logo\\\/image\\\/\",\"url\":\"https:\\\/\\\/lospoliticosveracruz.com\\\/wp-content\\\/uploads\\\/2025\\\/12\\\/Logo-Nuevo-LOS-POLITICOS-1.jpg\",\"contentUrl\":\"https:\\\/\\\/lospoliticosveracruz.com\\\/wp-content\\\/uploads\\\/2025\\\/12\\\/Logo-Nuevo-LOS-POLITICOS-1.jpg\",\"width\":260,\"height\":70,\"caption\":\"Los pol\u00edticos Veracruz\"},\"image\":{\"@id\":\"https:\\\/\\\/lospoliticosveracruz.com\\\/#\\\/schema\\\/logo\\\/image\\\/\"},\"sameAs\":[\"https:\\\/\\\/www.facebook.com\\\/people\\\/Notimemes-de-los-Polticos\\\/61565672886568\\\/\",\"https:\\\/\\\/x.com\\\/LosPoliticosVer\"]},{\"@type\":\"Person\",\"@id\":\"https:\\\/\\\/lospoliticosveracruz.com\\\/#\\\/schema\\\/person\\\/b8702bb0e538456e6efd07080bf2a4a2\",\"name\":\"Lo viste en Los Pol\u00edticos\",\"image\":{\"@type\":\"ImageObject\",\"inLanguage\":\"es\",\"@id\":\"https:\\\/\\\/secure.gravatar.com\\\/avatar\\\/3a8de04a2656d44082be478bd6c086daa447c4651605818287b9532d3d0bd435?s=96&d=mm&r=g\",\"url\":\"https:\\\/\\\/secure.gravatar.com\\\/avatar\\\/3a8de04a2656d44082be478bd6c086daa447c4651605818287b9532d3d0bd435?s=96&d=mm&r=g\",\"contentUrl\":\"https:\\\/\\\/secure.gravatar.com\\\/avatar\\\/3a8de04a2656d44082be478bd6c086daa447c4651605818287b9532d3d0bd435?s=96&d=mm&r=g\",\"caption\":\"Lo viste en Los Pol\u00edticos\"},\"url\":\"https:\\\/\\\/lospoliticosveracruz.com\\\/?author=2\"}]}<\/script>\n<!-- \/ Yoast SEO plugin. -->","yoast_head_json":{"title":"NAHLE SOLO TRAJO ODIO Y DESOLACI\u00d3N - Los pol\u00edticos Veracruz","robots":{"index":"index","follow":"follow","max-snippet":"max-snippet:-1","max-image-preview":"max-image-preview:large","max-video-preview":"max-video-preview:-1"},"canonical":"https:\/\/lospoliticosveracruz.com\/?p=155108","og_locale":"es_ES","og_type":"article","og_title":"NAHLE SOLO TRAJO ODIO Y DESOLACI\u00d3N - Los pol\u00edticos Veracruz","og_description":"Inocencio Y\u00e1\u00f1ez Vicencio Ese es el mayor problema, que Roc\u00edo Nahle, s\u00f3lo trajo a Veracruz odio, mucho odio y el mayor tiempo lo dedica a esparcir odio.Roc\u00edo Nahle, dedica la mayor tiempo a dilapidar recursos cuantiosos a atacar y promover infamias contra quienes la han criticado o pedido que aclare el origen de su fortuna [&hellip;]","og_url":"https:\/\/lospoliticosveracruz.com\/?p=155108","og_site_name":"Los pol\u00edticos Veracruz","article_publisher":"https:\/\/www.facebook.com\/people\/Notimemes-de-los-Polticos\/61565672886568\/","article_published_time":"2025-10-23T18:18:44+00:00","article_modified_time":"2025-10-23T18:19:07+00:00","og_image":[{"width":1250,"height":667,"url":"https:\/\/lospoliticosveracruz.com\/wp-content\/uploads\/2025\/04\/Inocencio-Yanez-Vicencio.jpg","type":"image\/jpeg"}],"author":"Lo viste en Los Pol\u00edticos","twitter_card":"summary_large_image","twitter_creator":"@LosPoliticosVer","twitter_site":"@LosPoliticosVer","twitter_misc":{"Escrito por":"Lo viste en Los Pol\u00edticos","Tiempo de lectura":"5 minutos"},"schema":{"@context":"https:\/\/schema.org","@graph":[{"@type":"Article","@id":"https:\/\/lospoliticosveracruz.com\/?p=155108#article","isPartOf":{"@id":"https:\/\/lospoliticosveracruz.com\/?p=155108"},"author":{"name":"Lo viste en Los Pol\u00edticos","@id":"https:\/\/lospoliticosveracruz.com\/#\/schema\/person\/b8702bb0e538456e6efd07080bf2a4a2"},"headline":"NAHLE SOLO TRAJO ODIO Y DESOLACI\u00d3N","datePublished":"2025-10-23T18:18:44+00:00","dateModified":"2025-10-23T18:19:07+00:00","mainEntityOfPage":{"@id":"https:\/\/lospoliticosveracruz.com\/?p=155108"},"wordCount":1056,"publisher":{"@id":"https:\/\/lospoliticosveracruz.com\/#organization"},"image":{"@id":"https:\/\/lospoliticosveracruz.com\/?p=155108#primaryimage"},"thumbnailUrl":"https:\/\/lospoliticosveracruz.com\/wp-content\/uploads\/2025\/04\/Inocencio-Yanez-Vicencio.jpg","keywords":["Roc\u00edo Nahle"],"articleSection":["De Opini\u00f3n"],"inLanguage":"es"},{"@type":"WebPage","@id":"https:\/\/lospoliticosveracruz.com\/?p=155108","url":"https:\/\/lospoliticosveracruz.com\/?p=155108","name":"NAHLE SOLO TRAJO ODIO Y DESOLACI\u00d3N - Los pol\u00edticos Veracruz","isPartOf":{"@id":"https:\/\/lospoliticosveracruz.com\/#website"},"primaryImageOfPage":{"@id":"https:\/\/lospoliticosveracruz.com\/?p=155108#primaryimage"},"image":{"@id":"https:\/\/lospoliticosveracruz.com\/?p=155108#primaryimage"},"thumbnailUrl":"https:\/\/lospoliticosveracruz.com\/wp-content\/uploads\/2025\/04\/Inocencio-Yanez-Vicencio.jpg","datePublished":"2025-10-23T18:18:44+00:00","dateModified":"2025-10-23T18:19:07+00:00","breadcrumb":{"@id":"https:\/\/lospoliticosveracruz.com\/?p=155108#breadcrumb"},"inLanguage":"es","potentialAction":[{"@type":"ReadAction","target":["https:\/\/lospoliticosveracruz.com\/?p=155108"]}]},{"@type":"ImageObject","inLanguage":"es","@id":"https:\/\/lospoliticosveracruz.com\/?p=155108#primaryimage","url":"https:\/\/lospoliticosveracruz.com\/wp-content\/uploads\/2025\/04\/Inocencio-Yanez-Vicencio.jpg","contentUrl":"https:\/\/lospoliticosveracruz.com\/wp-content\/uploads\/2025\/04\/Inocencio-Yanez-Vicencio.jpg","width":1250,"height":667},{"@type":"BreadcrumbList","@id":"https:\/\/lospoliticosveracruz.com\/?p=155108#breadcrumb","itemListElement":[{"@type":"ListItem","position":1,"name":"Portada","item":"https:\/\/lospoliticosveracruz.com\/"},{"@type":"ListItem","position":2,"name":"NAHLE SOLO TRAJO ODIO Y DESOLACI\u00d3N"}]},{"@type":"WebSite","@id":"https:\/\/lospoliticosveracruz.com\/#website","url":"https:\/\/lospoliticosveracruz.com\/","name":"Los pol\u00edticos Veracruz","description":"","publisher":{"@id":"https:\/\/lospoliticosveracruz.com\/#organization"},"potentialAction":[{"@type":"SearchAction","target":{"@type":"EntryPoint","urlTemplate":"https:\/\/lospoliticosveracruz.com\/?s={search_term_string}"},"query-input":{"@type":"PropertyValueSpecification","valueRequired":true,"valueName":"search_term_string"}}],"inLanguage":"es"},{"@type":"Organization","@id":"https:\/\/lospoliticosveracruz.com\/#organization","name":"Los pol\u00edticos Veracruz","url":"https:\/\/lospoliticosveracruz.com\/","logo":{"@type":"ImageObject","inLanguage":"es","@id":"https:\/\/lospoliticosveracruz.com\/#\/schema\/logo\/image\/","url":"https:\/\/lospoliticosveracruz.com\/wp-content\/uploads\/2025\/12\/Logo-Nuevo-LOS-POLITICOS-1.jpg","contentUrl":"https:\/\/lospoliticosveracruz.com\/wp-content\/uploads\/2025\/12\/Logo-Nuevo-LOS-POLITICOS-1.jpg","width":260,"height":70,"caption":"Los pol\u00edticos Veracruz"},"image":{"@id":"https:\/\/lospoliticosveracruz.com\/#\/schema\/logo\/image\/"},"sameAs":["https:\/\/www.facebook.com\/people\/Notimemes-de-los-Polticos\/61565672886568\/","https:\/\/x.com\/LosPoliticosVer"]},{"@type":"Person","@id":"https:\/\/lospoliticosveracruz.com\/#\/schema\/person\/b8702bb0e538456e6efd07080bf2a4a2","name":"Lo viste en Los Pol\u00edticos","image":{"@type":"ImageObject","inLanguage":"es","@id":"https:\/\/secure.gravatar.com\/avatar\/3a8de04a2656d44082be478bd6c086daa447c4651605818287b9532d3d0bd435?s=96&d=mm&r=g","url":"https:\/\/secure.gravatar.com\/avatar\/3a8de04a2656d44082be478bd6c086daa447c4651605818287b9532d3d0bd435?s=96&d=mm&r=g","contentUrl":"https:\/\/secure.gravatar.com\/avatar\/3a8de04a2656d44082be478bd6c086daa447c4651605818287b9532d3d0bd435?s=96&d=mm&r=g","caption":"Lo viste en Los Pol\u00edticos"},"url":"https:\/\/lospoliticosveracruz.com\/?author=2"}]}},"_links":{"self":[{"href":"https:\/\/lospoliticosveracruz.com\/index.php?rest_route=\/wp\/v2\/posts\/155108","targetHints":{"allow":["GET"]}}],"collection":[{"href":"https:\/\/lospoliticosveracruz.com\/index.php?rest_route=\/wp\/v2\/posts"}],"about":[{"href":"https:\/\/lospoliticosveracruz.com\/index.php?rest_route=\/wp\/v2\/types\/post"}],"author":[{"embeddable":true,"href":"https:\/\/lospoliticosveracruz.com\/index.php?rest_route=\/wp\/v2\/users\/2"}],"replies":[{"embeddable":true,"href":"https:\/\/lospoliticosveracruz.com\/index.php?rest_route=%2Fwp%2Fv2%2Fcomments&post=155108"}],"version-history":[{"count":1,"href":"https:\/\/lospoliticosveracruz.com\/index.php?rest_route=\/wp\/v2\/posts\/155108\/revisions"}],"predecessor-version":[{"id":155109,"href":"https:\/\/lospoliticosveracruz.com\/index.php?rest_route=\/wp\/v2\/posts\/155108\/revisions\/155109"}],"wp:featuredmedia":[{"embeddable":true,"href":"https:\/\/lospoliticosveracruz.com\/index.php?rest_route=\/wp\/v2\/media\/141387"}],"wp:attachment":[{"href":"https:\/\/lospoliticosveracruz.com\/index.php?rest_route=%2Fwp%2Fv2%2Fmedia&parent=155108"}],"wp:term":[{"taxonomy":"category","embeddable":true,"href":"https:\/\/lospoliticosveracruz.com\/index.php?rest_route=%2Fwp%2Fv2%2Fcategories&post=155108"},{"taxonomy":"post_tag","embeddable":true,"href":"https:\/\/lospoliticosveracruz.com\/index.php?rest_route=%2Fwp%2Fv2%2Ftags&post=155108"}],"curies":[{"name":"wp","href":"https:\/\/api.w.org\/{rel}","templated":true}]}}