{"id":155141,"date":"2025-10-23T21:23:17","date_gmt":"2025-10-24T02:23:17","guid":{"rendered":"https:\/\/lospoliticosveracruz.com.mx\/?p=155141"},"modified":"2025-10-23T21:23:50","modified_gmt":"2025-10-24T02:23:50","slug":"los-excesos-de-morena","status":"publish","type":"post","link":"https:\/\/lospoliticosveracruz.com\/?p=155141","title":{"rendered":"LOS EXCESOS DE MORENA"},"content":{"rendered":"\n<p><strong>Carlos Miguel Acosta Bravo*<\/strong><\/p>\n\n\n\n<p><em>Impronta<\/em><\/p>\n\n\n\n<p>Los excesos de figuras p\u00fablicas integrantes de Morena como Gerardo Fern\u00e1ndez Noro\u00f1a, Ad\u00e1n Augusto L\u00f3pez, Cuauht\u00e9moc Blanco, Sergio L\u00f3pez Luna y su esposa, mejor conocida como \u201cdato protegido\u201d&nbsp;han impactado negativamente la imagen y percepci\u00f3n del partido gobernante, generando cr\u00edticas por corrupci\u00f3n, nepotismo y contradicciones frente a los principios que Morena dec\u00eda defender. Esto afecta la credibilidad del partido, alimenta narrativas opositoras y disminuye el respaldo ciudadano, especialmente entre votantes que exig\u00edan un cambio aut\u00e9ntico frente a pr\u00e1cticas pol\u00edticas tradicionales.<\/p>\n\n\n\n\n\n<p>A esto hay que sumar los errores en la atenci\u00f3n de la emergencia por la fuertes inundaciones en Puebla, Hidalgo y Veracruz en donde los gobernadores no tomaron las medidas necesarias para evitar la tragedia, sobre todo en desalojar la poblaci\u00f3n y as\u00ed evitar la p\u00e9rdida de vidas humanas, por m\u00e1s que se empe\u00f1en en justificar la desgracia por el exceso de lluvia,&nbsp;ah\u00ed si que la poblaci\u00f3n y la sociedad \u201ctiene otros datos\u201d y fue la negligencia&nbsp;y&nbsp;descalificaci\u00f3n de los titulares de las \u00e1reas de protecci\u00f3n civil, en donde la&nbsp;titular nacional Laura Vel\u00e1zquez es Licenciada en Arte; la estatal&nbsp;en Veracruz&nbsp;Guadalupe Osorno es licenciada en Antropolog\u00eda y el responsable en el nivel municipal en Poza Rica es&nbsp;Carlos Agust\u00edn&nbsp;Escudero Alarc\u00f3n es&nbsp;estudiante del primer semestre de Derecho.&nbsp;En suma cero especializaci\u00f3n, experiencia y nulo perfil profesional.<\/p>\n\n\n\n<p>Estos casos de excesos personales y esc\u00e1ndalos son vistos como un retroceso a las viejas pr\u00e1cticas pol\u00edticas que Morena combat\u00eda, lo que genera descontento interno y externo. La dirigencia nacional ha reconocido el impacto negativo y busca mitigar da\u00f1os mediante controles internos y expansi\u00f3n de estructuras territoriales para fortalecer la disciplina partidaria.&nbsp;Sin embargo, persiste una crisis de cohesi\u00f3n y legitimidad que puede comprometer la fortaleza electoral y pol\u00edtica del movimiento si no se supera.<\/p>\n\n\n\n<p>Adem\u00e1s, la sociedad mexicana observa con preocupaci\u00f3n estas contradicciones, lo que puede traducirse en menor confianza y mayor abstencionismo o voto castigo en futuras elecciones, afectando las perspectivas de Morena para mantener el poder. El desgaste pol\u00edtico derivado de estas&nbsp;omisiones y&nbsp;excesos abre espacios para que la oposici\u00f3n capitalice el descontento y replantee el escenario electoral.<\/p>\n\n\n\n<p>En resumen, los excesos de figuras p\u00fablicas en Morena impactan la imagen del partido, generan crisis internas y disminuyen la confianza ciudadana, complicando la sostenibilidad del movimiento en el poder y abriendo oportunidades para la oposici\u00f3n.<\/p>\n\n\n\n<p>Los efectos electorales inmediatos que los excesos y esc\u00e1ndalos de figuras p\u00fablicas de Morena podr\u00edan tener en 2026 son los siguientes:&nbsp;P\u00e9rdida de votos y reducci\u00f3n del apoyo popular.&nbsp;La percepci\u00f3n de corrupci\u00f3n, nepotismo y contradicciones frente a sus promesas genera descontento en la ciudadan\u00eda, lo que puede traducirse en una ca\u00edda significativa en la intenci\u00f3n de voto para Morena en varios estados clave y distritos electorales.<\/p>\n\n\n\n<p>Una parte importante del electorado que apoyaba a Morena podr\u00eda optar por no votar o manifestar su&nbsp;rechazo mediante el voto nulo o por partidos opositores, afectando negativamente la participaci\u00f3n electoral del partido en el gobierno.<\/p>\n\n\n\n<p>Los partidos opositores, especialmente el PAN y PRI renovado, podr\u00edan capitalizar el desgaste de Morena aprovechando el discurso anticorrupci\u00f3n y present\u00e1ndose como alternativa viable, aumentando sus posibilidades electorales.&nbsp;Morena podr\u00eda enfrentar una competencia electoral mucho m\u00e1s re\u00f1ida para conservar posiciones de poder locales y federales, con riesgo de perder territorios y frenar su crecimiento en el Congreso.&nbsp;Los liderazgos dentro de Morena podr\u00edan verse cuestionados internamente, generando divisiones y luchas intestinas que debilitan la cohesi\u00f3n y estrategia electoral.<\/p>\n\n\n\n<p>En suma, si Morena no logra controlar y revertir el da\u00f1o a su imagen, su desempe\u00f1o electoral en 2026 podr\u00eda ser significativamente afectado, con&nbsp;p\u00e9rdidas de votos, menor participaci\u00f3n y mayor fuerza opositora que modifique el equilibrio pol\u00edtico en M\u00e9xico<\/p>\n\n\n\n<p>Comente u opine a:<\/p>\n\n\n\n<p><a href=\"mailto:cacostabravo@yahoo.com.mx\">cacostabravo@yahoo.com.mx<\/a><\/p>\n\n\n\n<p>*Maestro en comunicaci\u00f3n por la Universidad Iberoamericana, de la cual form\u00f3 parte del cuerpo acad\u00e9mico de la Licenciatura en comunicaci\u00f3n, as\u00ed como de la Universidad An\u00e1huac, camp\u00fas norte de CDMX.<\/p>\n","protected":false},"excerpt":{"rendered":"<p>Carlos Miguel Acosta Bravo* Impronta Los excesos de figuras p\u00fablicas integrantes de Morena como Gerardo Fern\u00e1ndez Noro\u00f1a, Ad\u00e1n Augusto L\u00f3pez, Cuauht\u00e9moc Blanco, Sergio L\u00f3pez Luna y su esposa, mejor conocida como \u201cdato protegido\u201d&nbsp;han impactado negativamente la imagen y percepci\u00f3n del partido gobernante, generando cr\u00edticas por corrupci\u00f3n, nepotismo y contradicciones frente a los principios que Morena [&hellip;]<\/p>\n","protected":false},"author":2,"featured_media":141377,"comment_status":"closed","ping_status":"closed","sticky":false,"template":"","format":"standard","meta":{"tdm_status":"","tdm_grid_status":"","footnotes":""},"categories":[70],"tags":[45026,1026,16147,195],"class_list":{"0":"post-155141","1":"post","2":"type-post","3":"status-publish","4":"format-standard","5":"has-post-thumbnail","7":"category-de-opinion","8":"tag-dato-protegido","9":"tag-morena","10":"tag-sergio-gutierrez-luna","11":"tag-veracruz"},"yoast_head":"<!-- This site is optimized with the Yoast SEO plugin v27.4 - https:\/\/yoast.com\/product\/yoast-seo-wordpress\/ -->\n<title>LOS EXCESOS DE MORENA - Los pol\u00edticos Veracruz<\/title>\n<meta name=\"robots\" content=\"index, follow, max-snippet:-1, max-image-preview:large, max-video-preview:-1\" \/>\n<link rel=\"canonical\" href=\"https:\/\/lospoliticosveracruz.com\/?p=155141\" \/>\n<meta property=\"og:locale\" content=\"es_ES\" \/>\n<meta property=\"og:type\" content=\"article\" \/>\n<meta property=\"og:title\" content=\"LOS EXCESOS DE MORENA - Los pol\u00edticos Veracruz\" \/>\n<meta property=\"og:description\" content=\"Carlos Miguel Acosta Bravo* Impronta Los excesos de figuras p\u00fablicas integrantes de Morena como Gerardo Fern\u00e1ndez Noro\u00f1a, Ad\u00e1n Augusto L\u00f3pez, Cuauht\u00e9moc Blanco, Sergio L\u00f3pez Luna y su esposa, mejor conocida como \u201cdato protegido\u201d&nbsp;han impactado negativamente la imagen y percepci\u00f3n del partido gobernante, generando cr\u00edticas por corrupci\u00f3n, nepotismo y contradicciones frente a los principios que Morena [&hellip;]\" \/>\n<meta property=\"og:url\" content=\"https:\/\/lospoliticosveracruz.com\/?p=155141\" \/>\n<meta property=\"og:site_name\" content=\"Los pol\u00edticos Veracruz\" \/>\n<meta property=\"article:publisher\" content=\"https:\/\/www.facebook.com\/people\/Notimemes-de-los-Polticos\/61565672886568\/\" \/>\n<meta property=\"article:published_time\" content=\"2025-10-24T02:23:17+00:00\" \/>\n<meta property=\"article:modified_time\" content=\"2025-10-24T02:23:50+00:00\" \/>\n<meta property=\"og:image\" content=\"https:\/\/lospoliticosveracruz.com\/wp-content\/uploads\/2025\/04\/Carlos-Miguel-Acosta-Bravo.jpg\" \/>\n\t<meta property=\"og:image:width\" content=\"1250\" \/>\n\t<meta property=\"og:image:height\" content=\"667\" \/>\n\t<meta property=\"og:image:type\" content=\"image\/jpeg\" \/>\n<meta name=\"author\" content=\"Lo viste en Los Pol\u00edticos\" \/>\n<meta name=\"twitter:card\" content=\"summary_large_image\" \/>\n<meta name=\"twitter:creator\" content=\"@LosPoliticosVer\" \/>\n<meta name=\"twitter:site\" content=\"@LosPoliticosVer\" \/>\n<meta name=\"twitter:label1\" content=\"Escrito por\" \/>\n\t<meta name=\"twitter:data1\" content=\"Lo viste en Los Pol\u00edticos\" \/>\n\t<meta name=\"twitter:label2\" content=\"Tiempo de lectura\" \/>\n\t<meta name=\"twitter:data2\" content=\"4 minutos\" \/>\n<script type=\"application\/ld+json\" class=\"yoast-schema-graph\">{\"@context\":\"https:\\\/\\\/schema.org\",\"@graph\":[{\"@type\":\"Article\",\"@id\":\"https:\\\/\\\/lospoliticosveracruz.com\\\/?p=155141#article\",\"isPartOf\":{\"@id\":\"https:\\\/\\\/lospoliticosveracruz.com\\\/?p=155141\"},\"author\":{\"name\":\"Lo viste en Los Pol\u00edticos\",\"@id\":\"https:\\\/\\\/lospoliticosveracruz.com\\\/#\\\/schema\\\/person\\\/b8702bb0e538456e6efd07080bf2a4a2\"},\"headline\":\"LOS EXCESOS DE MORENA\",\"datePublished\":\"2025-10-24T02:23:17+00:00\",\"dateModified\":\"2025-10-24T02:23:50+00:00\",\"mainEntityOfPage\":{\"@id\":\"https:\\\/\\\/lospoliticosveracruz.com\\\/?p=155141\"},\"wordCount\":749,\"publisher\":{\"@id\":\"https:\\\/\\\/lospoliticosveracruz.com\\\/#organization\"},\"image\":{\"@id\":\"https:\\\/\\\/lospoliticosveracruz.com\\\/?p=155141#primaryimage\"},\"thumbnailUrl\":\"https:\\\/\\\/lospoliticosveracruz.com\\\/wp-content\\\/uploads\\\/2025\\\/04\\\/Carlos-Miguel-Acosta-Bravo.jpg\",\"keywords\":[\"Dato Protegido\",\"Morena\",\"Sergio Guti\u00e9rrez Luna\",\"Veracruz\"],\"articleSection\":[\"De Opini\u00f3n\"],\"inLanguage\":\"es\"},{\"@type\":\"WebPage\",\"@id\":\"https:\\\/\\\/lospoliticosveracruz.com\\\/?p=155141\",\"url\":\"https:\\\/\\\/lospoliticosveracruz.com\\\/?p=155141\",\"name\":\"LOS EXCESOS DE MORENA - Los pol\u00edticos Veracruz\",\"isPartOf\":{\"@id\":\"https:\\\/\\\/lospoliticosveracruz.com\\\/#website\"},\"primaryImageOfPage\":{\"@id\":\"https:\\\/\\\/lospoliticosveracruz.com\\\/?p=155141#primaryimage\"},\"image\":{\"@id\":\"https:\\\/\\\/lospoliticosveracruz.com\\\/?p=155141#primaryimage\"},\"thumbnailUrl\":\"https:\\\/\\\/lospoliticosveracruz.com\\\/wp-content\\\/uploads\\\/2025\\\/04\\\/Carlos-Miguel-Acosta-Bravo.jpg\",\"datePublished\":\"2025-10-24T02:23:17+00:00\",\"dateModified\":\"2025-10-24T02:23:50+00:00\",\"breadcrumb\":{\"@id\":\"https:\\\/\\\/lospoliticosveracruz.com\\\/?p=155141#breadcrumb\"},\"inLanguage\":\"es\",\"potentialAction\":[{\"@type\":\"ReadAction\",\"target\":[\"https:\\\/\\\/lospoliticosveracruz.com\\\/?p=155141\"]}]},{\"@type\":\"ImageObject\",\"inLanguage\":\"es\",\"@id\":\"https:\\\/\\\/lospoliticosveracruz.com\\\/?p=155141#primaryimage\",\"url\":\"https:\\\/\\\/lospoliticosveracruz.com\\\/wp-content\\\/uploads\\\/2025\\\/04\\\/Carlos-Miguel-Acosta-Bravo.jpg\",\"contentUrl\":\"https:\\\/\\\/lospoliticosveracruz.com\\\/wp-content\\\/uploads\\\/2025\\\/04\\\/Carlos-Miguel-Acosta-Bravo.jpg\",\"width\":1250,\"height\":667},{\"@type\":\"BreadcrumbList\",\"@id\":\"https:\\\/\\\/lospoliticosveracruz.com\\\/?p=155141#breadcrumb\",\"itemListElement\":[{\"@type\":\"ListItem\",\"position\":1,\"name\":\"Portada\",\"item\":\"https:\\\/\\\/lospoliticosveracruz.com\\\/\"},{\"@type\":\"ListItem\",\"position\":2,\"name\":\"LOS EXCESOS DE MORENA\"}]},{\"@type\":\"WebSite\",\"@id\":\"https:\\\/\\\/lospoliticosveracruz.com\\\/#website\",\"url\":\"https:\\\/\\\/lospoliticosveracruz.com\\\/\",\"name\":\"Los pol\u00edticos Veracruz\",\"description\":\"\",\"publisher\":{\"@id\":\"https:\\\/\\\/lospoliticosveracruz.com\\\/#organization\"},\"potentialAction\":[{\"@type\":\"SearchAction\",\"target\":{\"@type\":\"EntryPoint\",\"urlTemplate\":\"https:\\\/\\\/lospoliticosveracruz.com\\\/?s={search_term_string}\"},\"query-input\":{\"@type\":\"PropertyValueSpecification\",\"valueRequired\":true,\"valueName\":\"search_term_string\"}}],\"inLanguage\":\"es\"},{\"@type\":\"Organization\",\"@id\":\"https:\\\/\\\/lospoliticosveracruz.com\\\/#organization\",\"name\":\"Los pol\u00edticos Veracruz\",\"url\":\"https:\\\/\\\/lospoliticosveracruz.com\\\/\",\"logo\":{\"@type\":\"ImageObject\",\"inLanguage\":\"es\",\"@id\":\"https:\\\/\\\/lospoliticosveracruz.com\\\/#\\\/schema\\\/logo\\\/image\\\/\",\"url\":\"https:\\\/\\\/lospoliticosveracruz.com\\\/wp-content\\\/uploads\\\/2025\\\/12\\\/Logo-Nuevo-LOS-POLITICOS-1.jpg\",\"contentUrl\":\"https:\\\/\\\/lospoliticosveracruz.com\\\/wp-content\\\/uploads\\\/2025\\\/12\\\/Logo-Nuevo-LOS-POLITICOS-1.jpg\",\"width\":260,\"height\":70,\"caption\":\"Los pol\u00edticos Veracruz\"},\"image\":{\"@id\":\"https:\\\/\\\/lospoliticosveracruz.com\\\/#\\\/schema\\\/logo\\\/image\\\/\"},\"sameAs\":[\"https:\\\/\\\/www.facebook.com\\\/people\\\/Notimemes-de-los-Polticos\\\/61565672886568\\\/\",\"https:\\\/\\\/x.com\\\/LosPoliticosVer\"]},{\"@type\":\"Person\",\"@id\":\"https:\\\/\\\/lospoliticosveracruz.com\\\/#\\\/schema\\\/person\\\/b8702bb0e538456e6efd07080bf2a4a2\",\"name\":\"Lo viste en Los Pol\u00edticos\",\"image\":{\"@type\":\"ImageObject\",\"inLanguage\":\"es\",\"@id\":\"https:\\\/\\\/secure.gravatar.com\\\/avatar\\\/3a8de04a2656d44082be478bd6c086daa447c4651605818287b9532d3d0bd435?s=96&d=mm&r=g\",\"url\":\"https:\\\/\\\/secure.gravatar.com\\\/avatar\\\/3a8de04a2656d44082be478bd6c086daa447c4651605818287b9532d3d0bd435?s=96&d=mm&r=g\",\"contentUrl\":\"https:\\\/\\\/secure.gravatar.com\\\/avatar\\\/3a8de04a2656d44082be478bd6c086daa447c4651605818287b9532d3d0bd435?s=96&d=mm&r=g\",\"caption\":\"Lo viste en Los Pol\u00edticos\"},\"url\":\"https:\\\/\\\/lospoliticosveracruz.com\\\/?author=2\"}]}<\/script>\n<!-- \/ Yoast SEO plugin. -->","yoast_head_json":{"title":"LOS EXCESOS DE MORENA - Los pol\u00edticos Veracruz","robots":{"index":"index","follow":"follow","max-snippet":"max-snippet:-1","max-image-preview":"max-image-preview:large","max-video-preview":"max-video-preview:-1"},"canonical":"https:\/\/lospoliticosveracruz.com\/?p=155141","og_locale":"es_ES","og_type":"article","og_title":"LOS EXCESOS DE MORENA - Los pol\u00edticos Veracruz","og_description":"Carlos Miguel Acosta Bravo* Impronta Los excesos de figuras p\u00fablicas integrantes de Morena como Gerardo Fern\u00e1ndez Noro\u00f1a, Ad\u00e1n Augusto L\u00f3pez, Cuauht\u00e9moc Blanco, Sergio L\u00f3pez Luna y su esposa, mejor conocida como \u201cdato protegido\u201d&nbsp;han impactado negativamente la imagen y percepci\u00f3n del partido gobernante, generando cr\u00edticas por corrupci\u00f3n, nepotismo y contradicciones frente a los principios que Morena [&hellip;]","og_url":"https:\/\/lospoliticosveracruz.com\/?p=155141","og_site_name":"Los pol\u00edticos Veracruz","article_publisher":"https:\/\/www.facebook.com\/people\/Notimemes-de-los-Polticos\/61565672886568\/","article_published_time":"2025-10-24T02:23:17+00:00","article_modified_time":"2025-10-24T02:23:50+00:00","og_image":[{"width":1250,"height":667,"url":"https:\/\/lospoliticosveracruz.com\/wp-content\/uploads\/2025\/04\/Carlos-Miguel-Acosta-Bravo.jpg","type":"image\/jpeg"}],"author":"Lo viste en Los Pol\u00edticos","twitter_card":"summary_large_image","twitter_creator":"@LosPoliticosVer","twitter_site":"@LosPoliticosVer","twitter_misc":{"Escrito por":"Lo viste en Los Pol\u00edticos","Tiempo de lectura":"4 minutos"},"schema":{"@context":"https:\/\/schema.org","@graph":[{"@type":"Article","@id":"https:\/\/lospoliticosveracruz.com\/?p=155141#article","isPartOf":{"@id":"https:\/\/lospoliticosveracruz.com\/?p=155141"},"author":{"name":"Lo viste en Los Pol\u00edticos","@id":"https:\/\/lospoliticosveracruz.com\/#\/schema\/person\/b8702bb0e538456e6efd07080bf2a4a2"},"headline":"LOS EXCESOS DE MORENA","datePublished":"2025-10-24T02:23:17+00:00","dateModified":"2025-10-24T02:23:50+00:00","mainEntityOfPage":{"@id":"https:\/\/lospoliticosveracruz.com\/?p=155141"},"wordCount":749,"publisher":{"@id":"https:\/\/lospoliticosveracruz.com\/#organization"},"image":{"@id":"https:\/\/lospoliticosveracruz.com\/?p=155141#primaryimage"},"thumbnailUrl":"https:\/\/lospoliticosveracruz.com\/wp-content\/uploads\/2025\/04\/Carlos-Miguel-Acosta-Bravo.jpg","keywords":["Dato Protegido","Morena","Sergio Guti\u00e9rrez Luna","Veracruz"],"articleSection":["De Opini\u00f3n"],"inLanguage":"es"},{"@type":"WebPage","@id":"https:\/\/lospoliticosveracruz.com\/?p=155141","url":"https:\/\/lospoliticosveracruz.com\/?p=155141","name":"LOS EXCESOS DE MORENA - Los pol\u00edticos Veracruz","isPartOf":{"@id":"https:\/\/lospoliticosveracruz.com\/#website"},"primaryImageOfPage":{"@id":"https:\/\/lospoliticosveracruz.com\/?p=155141#primaryimage"},"image":{"@id":"https:\/\/lospoliticosveracruz.com\/?p=155141#primaryimage"},"thumbnailUrl":"https:\/\/lospoliticosveracruz.com\/wp-content\/uploads\/2025\/04\/Carlos-Miguel-Acosta-Bravo.jpg","datePublished":"2025-10-24T02:23:17+00:00","dateModified":"2025-10-24T02:23:50+00:00","breadcrumb":{"@id":"https:\/\/lospoliticosveracruz.com\/?p=155141#breadcrumb"},"inLanguage":"es","potentialAction":[{"@type":"ReadAction","target":["https:\/\/lospoliticosveracruz.com\/?p=155141"]}]},{"@type":"ImageObject","inLanguage":"es","@id":"https:\/\/lospoliticosveracruz.com\/?p=155141#primaryimage","url":"https:\/\/lospoliticosveracruz.com\/wp-content\/uploads\/2025\/04\/Carlos-Miguel-Acosta-Bravo.jpg","contentUrl":"https:\/\/lospoliticosveracruz.com\/wp-content\/uploads\/2025\/04\/Carlos-Miguel-Acosta-Bravo.jpg","width":1250,"height":667},{"@type":"BreadcrumbList","@id":"https:\/\/lospoliticosveracruz.com\/?p=155141#breadcrumb","itemListElement":[{"@type":"ListItem","position":1,"name":"Portada","item":"https:\/\/lospoliticosveracruz.com\/"},{"@type":"ListItem","position":2,"name":"LOS EXCESOS DE MORENA"}]},{"@type":"WebSite","@id":"https:\/\/lospoliticosveracruz.com\/#website","url":"https:\/\/lospoliticosveracruz.com\/","name":"Los pol\u00edticos Veracruz","description":"","publisher":{"@id":"https:\/\/lospoliticosveracruz.com\/#organization"},"potentialAction":[{"@type":"SearchAction","target":{"@type":"EntryPoint","urlTemplate":"https:\/\/lospoliticosveracruz.com\/?s={search_term_string}"},"query-input":{"@type":"PropertyValueSpecification","valueRequired":true,"valueName":"search_term_string"}}],"inLanguage":"es"},{"@type":"Organization","@id":"https:\/\/lospoliticosveracruz.com\/#organization","name":"Los pol\u00edticos Veracruz","url":"https:\/\/lospoliticosveracruz.com\/","logo":{"@type":"ImageObject","inLanguage":"es","@id":"https:\/\/lospoliticosveracruz.com\/#\/schema\/logo\/image\/","url":"https:\/\/lospoliticosveracruz.com\/wp-content\/uploads\/2025\/12\/Logo-Nuevo-LOS-POLITICOS-1.jpg","contentUrl":"https:\/\/lospoliticosveracruz.com\/wp-content\/uploads\/2025\/12\/Logo-Nuevo-LOS-POLITICOS-1.jpg","width":260,"height":70,"caption":"Los pol\u00edticos Veracruz"},"image":{"@id":"https:\/\/lospoliticosveracruz.com\/#\/schema\/logo\/image\/"},"sameAs":["https:\/\/www.facebook.com\/people\/Notimemes-de-los-Polticos\/61565672886568\/","https:\/\/x.com\/LosPoliticosVer"]},{"@type":"Person","@id":"https:\/\/lospoliticosveracruz.com\/#\/schema\/person\/b8702bb0e538456e6efd07080bf2a4a2","name":"Lo viste en Los Pol\u00edticos","image":{"@type":"ImageObject","inLanguage":"es","@id":"https:\/\/secure.gravatar.com\/avatar\/3a8de04a2656d44082be478bd6c086daa447c4651605818287b9532d3d0bd435?s=96&d=mm&r=g","url":"https:\/\/secure.gravatar.com\/avatar\/3a8de04a2656d44082be478bd6c086daa447c4651605818287b9532d3d0bd435?s=96&d=mm&r=g","contentUrl":"https:\/\/secure.gravatar.com\/avatar\/3a8de04a2656d44082be478bd6c086daa447c4651605818287b9532d3d0bd435?s=96&d=mm&r=g","caption":"Lo viste en Los Pol\u00edticos"},"url":"https:\/\/lospoliticosveracruz.com\/?author=2"}]}},"_links":{"self":[{"href":"https:\/\/lospoliticosveracruz.com\/index.php?rest_route=\/wp\/v2\/posts\/155141","targetHints":{"allow":["GET"]}}],"collection":[{"href":"https:\/\/lospoliticosveracruz.com\/index.php?rest_route=\/wp\/v2\/posts"}],"about":[{"href":"https:\/\/lospoliticosveracruz.com\/index.php?rest_route=\/wp\/v2\/types\/post"}],"author":[{"embeddable":true,"href":"https:\/\/lospoliticosveracruz.com\/index.php?rest_route=\/wp\/v2\/users\/2"}],"replies":[{"embeddable":true,"href":"https:\/\/lospoliticosveracruz.com\/index.php?rest_route=%2Fwp%2Fv2%2Fcomments&post=155141"}],"version-history":[{"count":2,"href":"https:\/\/lospoliticosveracruz.com\/index.php?rest_route=\/wp\/v2\/posts\/155141\/revisions"}],"predecessor-version":[{"id":155145,"href":"https:\/\/lospoliticosveracruz.com\/index.php?rest_route=\/wp\/v2\/posts\/155141\/revisions\/155145"}],"wp:featuredmedia":[{"embeddable":true,"href":"https:\/\/lospoliticosveracruz.com\/index.php?rest_route=\/wp\/v2\/media\/141377"}],"wp:attachment":[{"href":"https:\/\/lospoliticosveracruz.com\/index.php?rest_route=%2Fwp%2Fv2%2Fmedia&parent=155141"}],"wp:term":[{"taxonomy":"category","embeddable":true,"href":"https:\/\/lospoliticosveracruz.com\/index.php?rest_route=%2Fwp%2Fv2%2Fcategories&post=155141"},{"taxonomy":"post_tag","embeddable":true,"href":"https:\/\/lospoliticosveracruz.com\/index.php?rest_route=%2Fwp%2Fv2%2Ftags&post=155141"}],"curies":[{"name":"wp","href":"https:\/\/api.w.org\/{rel}","templated":true}]}}