{"id":155151,"date":"2025-10-23T22:40:20","date_gmt":"2025-10-24T03:40:20","guid":{"rendered":"https:\/\/lospoliticosveracruz.com.mx\/?p=155151"},"modified":"2025-10-23T22:41:08","modified_gmt":"2025-10-24T03:41:08","slug":"veracruz-merece-obras-bien-hechas","status":"publish","type":"post","link":"https:\/\/lospoliticosveracruz.com\/?p=155151","title":{"rendered":"VERACRUZ MERECE OBRAS BIEN HECHAS!"},"content":{"rendered":"\n<p>Durante la sesi\u00f3n ordinaria del Congreso del Estado, la diputada Elena C\u00f3rdova Molina de Movimiento Ciudadano, present\u00f3 una iniciativa de reforma a la Ley de Obras P\u00fablicas y Servicios Relacionados con Ellas del Estado de Veracruz, con el objetivo de impedir que empresas con antecedentes de incumplimiento, irregularidades o abandono de obras vuelvan a recibir contratos gubernamentales.<\/p>\n\n\n\n\n\n<p>La legisladora subray\u00f3 que Veracruz no puede seguir permitiendo que se repitan casos como los detectados en obras emblem\u00e1ticas del estado, entre ellas el Estadio Luis \u201cPirata\u201d Fuente, el Aquarium del Puerto de Veracruz y la llamada Arena Macuilt\u00e9petl, donde el \u00d3rgano de Fiscalizaci\u00f3n Superior (ORFIS) ha se\u00f1alado presuntos da\u00f1os patrimoniales que superan los 250 millones de pesos.<\/p>\n\n\n\n<pre class=\"wp-block-code\"><code>\u201cDejar que una empresa con antecedentes de incumplimiento vuelva a hacer obra p\u00fablica, es como darle las llaves de tu casa a quien ya te la dej\u00f3 hecha un desastre. Lo que propongo es cerrar las puertas a las empresas irresponsables y premiar a las que s\u00ed cumplen\u201d, expres\u00f3 desde tribuna.<\/code><\/pre>\n\n\n\n<p>C\u00f3rdova Molina explic\u00f3 que su propuesta busca garantizar la calidad, seguridad y durabilidad de las obras, al tiempo que fortalece la transparencia y la rendici\u00f3n de cuentas. Adem\u00e1s, precis\u00f3 que esta reforma se alinea con el Objetivo 16 de la Agenda 2030, que promueve instituciones s\u00f3lidas y la reducci\u00f3n de la corrupci\u00f3n.<\/p>\n\n\n\n<p>La diputada enfatiz\u00f3 que con esta medida se proteger\u00e1n los recursos p\u00fablicos, se abrir\u00e1 paso a nuevas empresas serias y comprometidas y se generar\u00e1 mayor confianza ciudadana en el manejo de los recursos del pueblo.<\/p>\n\n\n\n<pre class=\"wp-block-code\"><code>\u201cCuando una obra se hace bien, no solo ahorramos dinero: ganamos confianza. En concreto, Veracruz merece obras \u00a1bien hechas!\u201d, sostuvo.<\/code><\/pre>\n\n\n\n<p>Finalmente, reiter\u00f3 que esta iniciativa responde no solo a una necesidad t\u00e9cnica, sino tambi\u00e9n \u00e9tica y social, para garantizar que cada peso invertido se refleje en beneficios reales para la poblaci\u00f3n.<\/p>\n\n\n\n<p>Movimiento Ciudadano seguir\u00e1 legislando por un Veracruz con obras de calidad, gobiernos responsables y ciudadan\u00eda protegida.<\/p>\n","protected":false},"excerpt":{"rendered":"<p>Durante la sesi\u00f3n ordinaria del Congreso del Estado, la diputada Elena C\u00f3rdova Molina de Movimiento Ciudadano, present\u00f3 una iniciativa de reforma a la Ley de Obras P\u00fablicas y Servicios Relacionados con Ellas del Estado de Veracruz, con el objetivo de impedir que empresas con antecedentes de incumplimiento, irregularidades o abandono de obras vuelvan a recibir [&hellip;]<\/p>\n","protected":false},"author":2,"featured_media":155157,"comment_status":"closed","ping_status":"closed","sticky":false,"template":"","format":"standard","meta":{"tdm_status":"","tdm_grid_status":"","footnotes":""},"categories":[43718],"tags":[],"class_list":{"0":"post-155151","1":"post","2":"type-post","3":"status-publish","4":"format-standard","5":"has-post-thumbnail","7":"category-elpalaciodeencanto"},"yoast_head":"<!-- This site is optimized with the Yoast SEO plugin v27.4 - https:\/\/yoast.com\/product\/yoast-seo-wordpress\/ -->\n<title>VERACRUZ MERECE OBRAS BIEN HECHAS! - Los pol\u00edticos Veracruz<\/title>\n<meta name=\"robots\" content=\"index, follow, max-snippet:-1, max-image-preview:large, max-video-preview:-1\" \/>\n<link rel=\"canonical\" href=\"https:\/\/lospoliticosveracruz.com\/?p=155151\" \/>\n<meta property=\"og:locale\" content=\"es_ES\" \/>\n<meta property=\"og:type\" content=\"article\" \/>\n<meta property=\"og:title\" content=\"VERACRUZ MERECE OBRAS BIEN HECHAS! - Los pol\u00edticos Veracruz\" \/>\n<meta property=\"og:description\" content=\"Durante la sesi\u00f3n ordinaria del Congreso del Estado, la diputada Elena C\u00f3rdova Molina de Movimiento Ciudadano, present\u00f3 una iniciativa de reforma a la Ley de Obras P\u00fablicas y Servicios Relacionados con Ellas del Estado de Veracruz, con el objetivo de impedir que empresas con antecedentes de incumplimiento, irregularidades o abandono de obras vuelvan a recibir [&hellip;]\" \/>\n<meta property=\"og:url\" content=\"https:\/\/lospoliticosveracruz.com\/?p=155151\" \/>\n<meta property=\"og:site_name\" content=\"Los pol\u00edticos Veracruz\" \/>\n<meta property=\"article:publisher\" content=\"https:\/\/www.facebook.com\/people\/Notimemes-de-los-Polticos\/61565672886568\/\" \/>\n<meta property=\"article:published_time\" content=\"2025-10-24T03:40:20+00:00\" \/>\n<meta property=\"article:modified_time\" content=\"2025-10-24T03:41:08+00:00\" \/>\n<meta property=\"og:image\" content=\"https:\/\/lospoliticosveracruz.com\/wp-content\/uploads\/2025\/10\/d19728d7-0693-4f17-83d0-7e1d3dd770bd-e1761277101400.jpeg\" \/>\n\t<meta property=\"og:image:width\" content=\"600\" \/>\n\t<meta property=\"og:image:height\" content=\"400\" \/>\n\t<meta property=\"og:image:type\" content=\"image\/jpeg\" \/>\n<meta name=\"author\" content=\"Lo viste en Los Pol\u00edticos\" \/>\n<meta name=\"twitter:card\" content=\"summary_large_image\" \/>\n<meta name=\"twitter:creator\" content=\"@LosPoliticosVer\" \/>\n<meta name=\"twitter:site\" content=\"@LosPoliticosVer\" \/>\n<meta name=\"twitter:label1\" content=\"Escrito por\" \/>\n\t<meta name=\"twitter:data1\" content=\"Lo viste en Los Pol\u00edticos\" \/>\n\t<meta name=\"twitter:label2\" content=\"Tiempo de lectura\" \/>\n\t<meta name=\"twitter:data2\" content=\"2 minutos\" \/>\n<script type=\"application\/ld+json\" class=\"yoast-schema-graph\">{\"@context\":\"https:\\\/\\\/schema.org\",\"@graph\":[{\"@type\":\"Article\",\"@id\":\"https:\\\/\\\/lospoliticosveracruz.com\\\/?p=155151#article\",\"isPartOf\":{\"@id\":\"https:\\\/\\\/lospoliticosveracruz.com\\\/?p=155151\"},\"author\":{\"name\":\"Lo viste en Los Pol\u00edticos\",\"@id\":\"https:\\\/\\\/lospoliticosveracruz.com\\\/#\\\/schema\\\/person\\\/b8702bb0e538456e6efd07080bf2a4a2\"},\"headline\":\"VERACRUZ MERECE OBRAS BIEN HECHAS!\",\"datePublished\":\"2025-10-24T03:40:20+00:00\",\"dateModified\":\"2025-10-24T03:41:08+00:00\",\"mainEntityOfPage\":{\"@id\":\"https:\\\/\\\/lospoliticosveracruz.com\\\/?p=155151\"},\"wordCount\":271,\"publisher\":{\"@id\":\"https:\\\/\\\/lospoliticosveracruz.com\\\/#organization\"},\"image\":{\"@id\":\"https:\\\/\\\/lospoliticosveracruz.com\\\/?p=155151#primaryimage\"},\"thumbnailUrl\":\"https:\\\/\\\/lospoliticosveracruz.com\\\/wp-content\\\/uploads\\\/2025\\\/10\\\/d19728d7-0693-4f17-83d0-7e1d3dd770bd-e1761277101400.jpeg\",\"articleSection\":[\"EL PALACIO DE ENCANTO\"],\"inLanguage\":\"es\"},{\"@type\":\"WebPage\",\"@id\":\"https:\\\/\\\/lospoliticosveracruz.com\\\/?p=155151\",\"url\":\"https:\\\/\\\/lospoliticosveracruz.com\\\/?p=155151\",\"name\":\"VERACRUZ MERECE OBRAS BIEN HECHAS! - Los pol\u00edticos Veracruz\",\"isPartOf\":{\"@id\":\"https:\\\/\\\/lospoliticosveracruz.com\\\/#website\"},\"primaryImageOfPage\":{\"@id\":\"https:\\\/\\\/lospoliticosveracruz.com\\\/?p=155151#primaryimage\"},\"image\":{\"@id\":\"https:\\\/\\\/lospoliticosveracruz.com\\\/?p=155151#primaryimage\"},\"thumbnailUrl\":\"https:\\\/\\\/lospoliticosveracruz.com\\\/wp-content\\\/uploads\\\/2025\\\/10\\\/d19728d7-0693-4f17-83d0-7e1d3dd770bd-e1761277101400.jpeg\",\"datePublished\":\"2025-10-24T03:40:20+00:00\",\"dateModified\":\"2025-10-24T03:41:08+00:00\",\"breadcrumb\":{\"@id\":\"https:\\\/\\\/lospoliticosveracruz.com\\\/?p=155151#breadcrumb\"},\"inLanguage\":\"es\",\"potentialAction\":[{\"@type\":\"ReadAction\",\"target\":[\"https:\\\/\\\/lospoliticosveracruz.com\\\/?p=155151\"]}]},{\"@type\":\"ImageObject\",\"inLanguage\":\"es\",\"@id\":\"https:\\\/\\\/lospoliticosveracruz.com\\\/?p=155151#primaryimage\",\"url\":\"https:\\\/\\\/lospoliticosveracruz.com\\\/wp-content\\\/uploads\\\/2025\\\/10\\\/d19728d7-0693-4f17-83d0-7e1d3dd770bd-e1761277101400.jpeg\",\"contentUrl\":\"https:\\\/\\\/lospoliticosveracruz.com\\\/wp-content\\\/uploads\\\/2025\\\/10\\\/d19728d7-0693-4f17-83d0-7e1d3dd770bd-e1761277101400.jpeg\",\"width\":600,\"height\":400},{\"@type\":\"BreadcrumbList\",\"@id\":\"https:\\\/\\\/lospoliticosveracruz.com\\\/?p=155151#breadcrumb\",\"itemListElement\":[{\"@type\":\"ListItem\",\"position\":1,\"name\":\"Portada\",\"item\":\"https:\\\/\\\/lospoliticosveracruz.com\\\/\"},{\"@type\":\"ListItem\",\"position\":2,\"name\":\"VERACRUZ MERECE OBRAS BIEN HECHAS!\"}]},{\"@type\":\"WebSite\",\"@id\":\"https:\\\/\\\/lospoliticosveracruz.com\\\/#website\",\"url\":\"https:\\\/\\\/lospoliticosveracruz.com\\\/\",\"name\":\"Los pol\u00edticos Veracruz\",\"description\":\"\",\"publisher\":{\"@id\":\"https:\\\/\\\/lospoliticosveracruz.com\\\/#organization\"},\"potentialAction\":[{\"@type\":\"SearchAction\",\"target\":{\"@type\":\"EntryPoint\",\"urlTemplate\":\"https:\\\/\\\/lospoliticosveracruz.com\\\/?s={search_term_string}\"},\"query-input\":{\"@type\":\"PropertyValueSpecification\",\"valueRequired\":true,\"valueName\":\"search_term_string\"}}],\"inLanguage\":\"es\"},{\"@type\":\"Organization\",\"@id\":\"https:\\\/\\\/lospoliticosveracruz.com\\\/#organization\",\"name\":\"Los pol\u00edticos Veracruz\",\"url\":\"https:\\\/\\\/lospoliticosveracruz.com\\\/\",\"logo\":{\"@type\":\"ImageObject\",\"inLanguage\":\"es\",\"@id\":\"https:\\\/\\\/lospoliticosveracruz.com\\\/#\\\/schema\\\/logo\\\/image\\\/\",\"url\":\"https:\\\/\\\/lospoliticosveracruz.com\\\/wp-content\\\/uploads\\\/2025\\\/12\\\/Logo-Nuevo-LOS-POLITICOS-1.jpg\",\"contentUrl\":\"https:\\\/\\\/lospoliticosveracruz.com\\\/wp-content\\\/uploads\\\/2025\\\/12\\\/Logo-Nuevo-LOS-POLITICOS-1.jpg\",\"width\":260,\"height\":70,\"caption\":\"Los pol\u00edticos Veracruz\"},\"image\":{\"@id\":\"https:\\\/\\\/lospoliticosveracruz.com\\\/#\\\/schema\\\/logo\\\/image\\\/\"},\"sameAs\":[\"https:\\\/\\\/www.facebook.com\\\/people\\\/Notimemes-de-los-Polticos\\\/61565672886568\\\/\",\"https:\\\/\\\/x.com\\\/LosPoliticosVer\"]},{\"@type\":\"Person\",\"@id\":\"https:\\\/\\\/lospoliticosveracruz.com\\\/#\\\/schema\\\/person\\\/b8702bb0e538456e6efd07080bf2a4a2\",\"name\":\"Lo viste en Los Pol\u00edticos\",\"image\":{\"@type\":\"ImageObject\",\"inLanguage\":\"es\",\"@id\":\"https:\\\/\\\/secure.gravatar.com\\\/avatar\\\/3a8de04a2656d44082be478bd6c086daa447c4651605818287b9532d3d0bd435?s=96&d=mm&r=g\",\"url\":\"https:\\\/\\\/secure.gravatar.com\\\/avatar\\\/3a8de04a2656d44082be478bd6c086daa447c4651605818287b9532d3d0bd435?s=96&d=mm&r=g\",\"contentUrl\":\"https:\\\/\\\/secure.gravatar.com\\\/avatar\\\/3a8de04a2656d44082be478bd6c086daa447c4651605818287b9532d3d0bd435?s=96&d=mm&r=g\",\"caption\":\"Lo viste en Los Pol\u00edticos\"},\"url\":\"https:\\\/\\\/lospoliticosveracruz.com\\\/?author=2\"}]}<\/script>\n<!-- \/ Yoast SEO plugin. -->","yoast_head_json":{"title":"VERACRUZ MERECE OBRAS BIEN HECHAS! - Los pol\u00edticos Veracruz","robots":{"index":"index","follow":"follow","max-snippet":"max-snippet:-1","max-image-preview":"max-image-preview:large","max-video-preview":"max-video-preview:-1"},"canonical":"https:\/\/lospoliticosveracruz.com\/?p=155151","og_locale":"es_ES","og_type":"article","og_title":"VERACRUZ MERECE OBRAS BIEN HECHAS! - Los pol\u00edticos Veracruz","og_description":"Durante la sesi\u00f3n ordinaria del Congreso del Estado, la diputada Elena C\u00f3rdova Molina de Movimiento Ciudadano, present\u00f3 una iniciativa de reforma a la Ley de Obras P\u00fablicas y Servicios Relacionados con Ellas del Estado de Veracruz, con el objetivo de impedir que empresas con antecedentes de incumplimiento, irregularidades o abandono de obras vuelvan a recibir [&hellip;]","og_url":"https:\/\/lospoliticosveracruz.com\/?p=155151","og_site_name":"Los pol\u00edticos Veracruz","article_publisher":"https:\/\/www.facebook.com\/people\/Notimemes-de-los-Polticos\/61565672886568\/","article_published_time":"2025-10-24T03:40:20+00:00","article_modified_time":"2025-10-24T03:41:08+00:00","og_image":[{"width":600,"height":400,"url":"https:\/\/lospoliticosveracruz.com\/wp-content\/uploads\/2025\/10\/d19728d7-0693-4f17-83d0-7e1d3dd770bd-e1761277101400.jpeg","type":"image\/jpeg"}],"author":"Lo viste en Los Pol\u00edticos","twitter_card":"summary_large_image","twitter_creator":"@LosPoliticosVer","twitter_site":"@LosPoliticosVer","twitter_misc":{"Escrito por":"Lo viste en Los Pol\u00edticos","Tiempo de lectura":"2 minutos"},"schema":{"@context":"https:\/\/schema.org","@graph":[{"@type":"Article","@id":"https:\/\/lospoliticosveracruz.com\/?p=155151#article","isPartOf":{"@id":"https:\/\/lospoliticosveracruz.com\/?p=155151"},"author":{"name":"Lo viste en Los Pol\u00edticos","@id":"https:\/\/lospoliticosveracruz.com\/#\/schema\/person\/b8702bb0e538456e6efd07080bf2a4a2"},"headline":"VERACRUZ MERECE OBRAS BIEN HECHAS!","datePublished":"2025-10-24T03:40:20+00:00","dateModified":"2025-10-24T03:41:08+00:00","mainEntityOfPage":{"@id":"https:\/\/lospoliticosveracruz.com\/?p=155151"},"wordCount":271,"publisher":{"@id":"https:\/\/lospoliticosveracruz.com\/#organization"},"image":{"@id":"https:\/\/lospoliticosveracruz.com\/?p=155151#primaryimage"},"thumbnailUrl":"https:\/\/lospoliticosveracruz.com\/wp-content\/uploads\/2025\/10\/d19728d7-0693-4f17-83d0-7e1d3dd770bd-e1761277101400.jpeg","articleSection":["EL PALACIO DE ENCANTO"],"inLanguage":"es"},{"@type":"WebPage","@id":"https:\/\/lospoliticosveracruz.com\/?p=155151","url":"https:\/\/lospoliticosveracruz.com\/?p=155151","name":"VERACRUZ MERECE OBRAS BIEN HECHAS! - Los pol\u00edticos Veracruz","isPartOf":{"@id":"https:\/\/lospoliticosveracruz.com\/#website"},"primaryImageOfPage":{"@id":"https:\/\/lospoliticosveracruz.com\/?p=155151#primaryimage"},"image":{"@id":"https:\/\/lospoliticosveracruz.com\/?p=155151#primaryimage"},"thumbnailUrl":"https:\/\/lospoliticosveracruz.com\/wp-content\/uploads\/2025\/10\/d19728d7-0693-4f17-83d0-7e1d3dd770bd-e1761277101400.jpeg","datePublished":"2025-10-24T03:40:20+00:00","dateModified":"2025-10-24T03:41:08+00:00","breadcrumb":{"@id":"https:\/\/lospoliticosveracruz.com\/?p=155151#breadcrumb"},"inLanguage":"es","potentialAction":[{"@type":"ReadAction","target":["https:\/\/lospoliticosveracruz.com\/?p=155151"]}]},{"@type":"ImageObject","inLanguage":"es","@id":"https:\/\/lospoliticosveracruz.com\/?p=155151#primaryimage","url":"https:\/\/lospoliticosveracruz.com\/wp-content\/uploads\/2025\/10\/d19728d7-0693-4f17-83d0-7e1d3dd770bd-e1761277101400.jpeg","contentUrl":"https:\/\/lospoliticosveracruz.com\/wp-content\/uploads\/2025\/10\/d19728d7-0693-4f17-83d0-7e1d3dd770bd-e1761277101400.jpeg","width":600,"height":400},{"@type":"BreadcrumbList","@id":"https:\/\/lospoliticosveracruz.com\/?p=155151#breadcrumb","itemListElement":[{"@type":"ListItem","position":1,"name":"Portada","item":"https:\/\/lospoliticosveracruz.com\/"},{"@type":"ListItem","position":2,"name":"VERACRUZ MERECE OBRAS BIEN HECHAS!"}]},{"@type":"WebSite","@id":"https:\/\/lospoliticosveracruz.com\/#website","url":"https:\/\/lospoliticosveracruz.com\/","name":"Los pol\u00edticos Veracruz","description":"","publisher":{"@id":"https:\/\/lospoliticosveracruz.com\/#organization"},"potentialAction":[{"@type":"SearchAction","target":{"@type":"EntryPoint","urlTemplate":"https:\/\/lospoliticosveracruz.com\/?s={search_term_string}"},"query-input":{"@type":"PropertyValueSpecification","valueRequired":true,"valueName":"search_term_string"}}],"inLanguage":"es"},{"@type":"Organization","@id":"https:\/\/lospoliticosveracruz.com\/#organization","name":"Los pol\u00edticos Veracruz","url":"https:\/\/lospoliticosveracruz.com\/","logo":{"@type":"ImageObject","inLanguage":"es","@id":"https:\/\/lospoliticosveracruz.com\/#\/schema\/logo\/image\/","url":"https:\/\/lospoliticosveracruz.com\/wp-content\/uploads\/2025\/12\/Logo-Nuevo-LOS-POLITICOS-1.jpg","contentUrl":"https:\/\/lospoliticosveracruz.com\/wp-content\/uploads\/2025\/12\/Logo-Nuevo-LOS-POLITICOS-1.jpg","width":260,"height":70,"caption":"Los pol\u00edticos Veracruz"},"image":{"@id":"https:\/\/lospoliticosveracruz.com\/#\/schema\/logo\/image\/"},"sameAs":["https:\/\/www.facebook.com\/people\/Notimemes-de-los-Polticos\/61565672886568\/","https:\/\/x.com\/LosPoliticosVer"]},{"@type":"Person","@id":"https:\/\/lospoliticosveracruz.com\/#\/schema\/person\/b8702bb0e538456e6efd07080bf2a4a2","name":"Lo viste en Los Pol\u00edticos","image":{"@type":"ImageObject","inLanguage":"es","@id":"https:\/\/secure.gravatar.com\/avatar\/3a8de04a2656d44082be478bd6c086daa447c4651605818287b9532d3d0bd435?s=96&d=mm&r=g","url":"https:\/\/secure.gravatar.com\/avatar\/3a8de04a2656d44082be478bd6c086daa447c4651605818287b9532d3d0bd435?s=96&d=mm&r=g","contentUrl":"https:\/\/secure.gravatar.com\/avatar\/3a8de04a2656d44082be478bd6c086daa447c4651605818287b9532d3d0bd435?s=96&d=mm&r=g","caption":"Lo viste en Los Pol\u00edticos"},"url":"https:\/\/lospoliticosveracruz.com\/?author=2"}]}},"_links":{"self":[{"href":"https:\/\/lospoliticosveracruz.com\/index.php?rest_route=\/wp\/v2\/posts\/155151","targetHints":{"allow":["GET"]}}],"collection":[{"href":"https:\/\/lospoliticosveracruz.com\/index.php?rest_route=\/wp\/v2\/posts"}],"about":[{"href":"https:\/\/lospoliticosveracruz.com\/index.php?rest_route=\/wp\/v2\/types\/post"}],"author":[{"embeddable":true,"href":"https:\/\/lospoliticosveracruz.com\/index.php?rest_route=\/wp\/v2\/users\/2"}],"replies":[{"embeddable":true,"href":"https:\/\/lospoliticosveracruz.com\/index.php?rest_route=%2Fwp%2Fv2%2Fcomments&post=155151"}],"version-history":[{"count":2,"href":"https:\/\/lospoliticosveracruz.com\/index.php?rest_route=\/wp\/v2\/posts\/155151\/revisions"}],"predecessor-version":[{"id":155160,"href":"https:\/\/lospoliticosveracruz.com\/index.php?rest_route=\/wp\/v2\/posts\/155151\/revisions\/155160"}],"wp:featuredmedia":[{"embeddable":true,"href":"https:\/\/lospoliticosveracruz.com\/index.php?rest_route=\/wp\/v2\/media\/155157"}],"wp:attachment":[{"href":"https:\/\/lospoliticosveracruz.com\/index.php?rest_route=%2Fwp%2Fv2%2Fmedia&parent=155151"}],"wp:term":[{"taxonomy":"category","embeddable":true,"href":"https:\/\/lospoliticosveracruz.com\/index.php?rest_route=%2Fwp%2Fv2%2Fcategories&post=155151"},{"taxonomy":"post_tag","embeddable":true,"href":"https:\/\/lospoliticosveracruz.com\/index.php?rest_route=%2Fwp%2Fv2%2Ftags&post=155151"}],"curies":[{"name":"wp","href":"https:\/\/api.w.org\/{rel}","templated":true}]}}