{"id":155279,"date":"2025-10-25T17:49:13","date_gmt":"2025-10-25T22:49:13","guid":{"rendered":"https:\/\/lospoliticosveracruz.com.mx\/?p=155279"},"modified":"2025-10-25T17:49:31","modified_gmt":"2025-10-25T22:49:31","slug":"casetas-pirinola","status":"publish","type":"post","link":"https:\/\/lospoliticosveracruz.com\/?p=155279","title":{"rendered":"CASETAS PIRINOLA!"},"content":{"rendered":"\n<p>Durante la sesi\u00f3n ordinaria del Congreso del Estado, la diputada Elena C\u00f3rdova Molina de Movimiento Ciudadano, rectific\u00f3 hechos y alz\u00f3 la voz en contra del proyecto federal que pretende instalar dos nuevas casetas de peaje en la autopista C\u00f3rdoba\u2013Orizaba\u2013Camerino Z. Mendoza, a pesar de que hace apenas unos meses se celebr\u00f3 el retiro de la caseta de Fort\u00edn.<\/p>\n\n\n\n\n\n<p>La legisladora veracruzana advirti\u00f3 que la medida representa un retroceso para la econom\u00eda de miles de familias, transportistas y comerciantes de la regi\u00f3n centro del estado.<\/p>\n\n\n\n<pre class=\"wp-block-code\"><code>\u201cEs una burla para el pueblo de Veracruz. Nos quitan una caseta para la foto, pero ya preparan dos m\u00e1s para cobrar. Eso no es justicia ni progreso, es un nuevo golpe a la gente trabajadora\u201d, expres\u00f3 desde la m\u00e1xima tribuna del estado.<\/code><\/pre>\n\n\n\n<p>C\u00f3rdova Molina record\u00f3 que la eliminaci\u00f3n de la caseta de Fort\u00edn mejor\u00f3 la movilidad regional y redujo costos de transporte y log\u00edstica, por lo que la instalaci\u00f3n de nuevas casetas ser\u00eda un \u201catentado contra la econom\u00eda y la movilidad de las y los veracruzanos\u201d.<\/p>\n\n\n\n<p>Asimismo, se\u00f1al\u00f3 que la licitaci\u00f3n federal para la construcci\u00f3n de las nuevas casetas ya fue lanzada, con una inversi\u00f3n aproximada de 5 mil millones de pesos, recursos que \u2014dijo\u2014 deber\u00edan destinarse a atender a las familias damnificadas por las inundaciones recientes en el norte de Veracruz.<\/p>\n\n\n\n<pre class=\"wp-block-code\"><code>\u201cEn lugar de m\u00e1s cobros, esos recursos deber\u00edan usarse para reconstruir hogares, escuelas, centros de salud y caminos. \u00a1Ya basta de ocurrencias disfrazadas de progreso! El desarrollo no se construye con m\u00e1s peajes, sino con decisiones sensibles e inteligentes\u201d, enfatiz\u00f3.<\/code><\/pre>\n\n\n\n<p>La diputada naranja llam\u00f3 al Gobierno de M\u00e9xico a instalar mesas de di\u00e1logo con los sectores afectados \u2014transportistas, c\u00e1maras empresariales, comit\u00e9s ciudadanos y autoridades municipales\u2014, y exigi\u00f3 al Gobierno del Estado fijar una postura clara sobre el tema.<\/p>\n\n\n\n<pre class=\"wp-block-code\"><code>\u201cSi la gobernadora guarda silencio, entenderemos que quit\u00f3 una caseta para la foto y ya permiti\u00f3 dos para cobrar\u201d, sentenci\u00f3.<\/code><\/pre>\n\n\n\n<p>Finalmente, reiter\u00f3 que Movimiento Ciudadano respaldar\u00e1 todas las acciones de resistencia ciudadana leg\u00edtima frente a este nuevo intento de afectar la econom\u00eda de las y los veracruzanos.<\/p>\n","protected":false},"excerpt":{"rendered":"<p>Durante la sesi\u00f3n ordinaria del Congreso del Estado, la diputada Elena C\u00f3rdova Molina de Movimiento Ciudadano, rectific\u00f3 hechos y alz\u00f3 la voz en contra del proyecto federal que pretende instalar dos nuevas casetas de peaje en la autopista C\u00f3rdoba\u2013Orizaba\u2013Camerino Z. Mendoza, a pesar de que hace apenas unos meses se celebr\u00f3 el retiro de la [&hellip;]<\/p>\n","protected":false},"author":2,"featured_media":155280,"comment_status":"closed","ping_status":"closed","sticky":false,"template":"","format":"standard","meta":{"tdm_status":"","tdm_grid_status":"","footnotes":""},"categories":[43718],"tags":[46847,4673,195],"class_list":{"0":"post-155279","1":"post","2":"type-post","3":"status-publish","4":"format-standard","5":"has-post-thumbnail","7":"category-elpalaciodeencanto","8":"tag-caseta-cordoba-orizaba-ciudad-mendoza","9":"tag-elena-cordova-molina","10":"tag-veracruz"},"yoast_head":"<!-- This site is optimized with the Yoast SEO plugin v27.4 - https:\/\/yoast.com\/product\/yoast-seo-wordpress\/ -->\n<title>CASETAS PIRINOLA! - Los pol\u00edticos Veracruz<\/title>\n<meta name=\"robots\" content=\"index, follow, max-snippet:-1, max-image-preview:large, max-video-preview:-1\" \/>\n<link rel=\"canonical\" href=\"https:\/\/lospoliticosveracruz.com\/?p=155279\" \/>\n<meta property=\"og:locale\" content=\"es_ES\" \/>\n<meta property=\"og:type\" content=\"article\" \/>\n<meta property=\"og:title\" content=\"CASETAS PIRINOLA! - Los pol\u00edticos Veracruz\" \/>\n<meta property=\"og:description\" content=\"Durante la sesi\u00f3n ordinaria del Congreso del Estado, la diputada Elena C\u00f3rdova Molina de Movimiento Ciudadano, rectific\u00f3 hechos y alz\u00f3 la voz en contra del proyecto federal que pretende instalar dos nuevas casetas de peaje en la autopista C\u00f3rdoba\u2013Orizaba\u2013Camerino Z. Mendoza, a pesar de que hace apenas unos meses se celebr\u00f3 el retiro de la [&hellip;]\" \/>\n<meta property=\"og:url\" content=\"https:\/\/lospoliticosveracruz.com\/?p=155279\" \/>\n<meta property=\"og:site_name\" content=\"Los pol\u00edticos Veracruz\" \/>\n<meta property=\"article:publisher\" content=\"https:\/\/www.facebook.com\/people\/Notimemes-de-los-Polticos\/61565672886568\/\" \/>\n<meta property=\"article:published_time\" content=\"2025-10-25T22:49:13+00:00\" \/>\n<meta property=\"article:modified_time\" content=\"2025-10-25T22:49:31+00:00\" \/>\n<meta property=\"og:image\" content=\"https:\/\/lospoliticosveracruz.com\/wp-content\/uploads\/2025\/10\/4fbd9cba-ce35-490b-b643-404d11ac0343.jpeg\" \/>\n\t<meta property=\"og:image:width\" content=\"1600\" \/>\n\t<meta property=\"og:image:height\" content=\"1066\" \/>\n\t<meta property=\"og:image:type\" content=\"image\/jpeg\" \/>\n<meta name=\"author\" content=\"Lo viste en Los Pol\u00edticos\" \/>\n<meta name=\"twitter:card\" content=\"summary_large_image\" \/>\n<meta name=\"twitter:creator\" content=\"@LosPoliticosVer\" \/>\n<meta name=\"twitter:site\" content=\"@LosPoliticosVer\" \/>\n<meta name=\"twitter:label1\" content=\"Escrito por\" \/>\n\t<meta name=\"twitter:data1\" content=\"Lo viste en Los Pol\u00edticos\" \/>\n\t<meta name=\"twitter:label2\" content=\"Tiempo de lectura\" \/>\n\t<meta name=\"twitter:data2\" content=\"2 minutos\" \/>\n<script type=\"application\/ld+json\" class=\"yoast-schema-graph\">{\"@context\":\"https:\\\/\\\/schema.org\",\"@graph\":[{\"@type\":\"Article\",\"@id\":\"https:\\\/\\\/lospoliticosveracruz.com\\\/?p=155279#article\",\"isPartOf\":{\"@id\":\"https:\\\/\\\/lospoliticosveracruz.com\\\/?p=155279\"},\"author\":{\"name\":\"Lo viste en Los Pol\u00edticos\",\"@id\":\"https:\\\/\\\/lospoliticosveracruz.com\\\/#\\\/schema\\\/person\\\/b8702bb0e538456e6efd07080bf2a4a2\"},\"headline\":\"CASETAS PIRINOLA!\",\"datePublished\":\"2025-10-25T22:49:13+00:00\",\"dateModified\":\"2025-10-25T22:49:31+00:00\",\"mainEntityOfPage\":{\"@id\":\"https:\\\/\\\/lospoliticosveracruz.com\\\/?p=155279\"},\"wordCount\":266,\"publisher\":{\"@id\":\"https:\\\/\\\/lospoliticosveracruz.com\\\/#organization\"},\"image\":{\"@id\":\"https:\\\/\\\/lospoliticosveracruz.com\\\/?p=155279#primaryimage\"},\"thumbnailUrl\":\"https:\\\/\\\/lospoliticosveracruz.com\\\/wp-content\\\/uploads\\\/2025\\\/10\\\/4fbd9cba-ce35-490b-b643-404d11ac0343.jpeg\",\"keywords\":[\"Caseta C\u00f3rdoba-Orizaba-Ciudad Mendoza\",\"Elena C\u00f3rdova Molina\",\"Veracruz\"],\"articleSection\":[\"EL PALACIO DE ENCANTO\"],\"inLanguage\":\"es\"},{\"@type\":\"WebPage\",\"@id\":\"https:\\\/\\\/lospoliticosveracruz.com\\\/?p=155279\",\"url\":\"https:\\\/\\\/lospoliticosveracruz.com\\\/?p=155279\",\"name\":\"CASETAS PIRINOLA! - Los pol\u00edticos Veracruz\",\"isPartOf\":{\"@id\":\"https:\\\/\\\/lospoliticosveracruz.com\\\/#website\"},\"primaryImageOfPage\":{\"@id\":\"https:\\\/\\\/lospoliticosveracruz.com\\\/?p=155279#primaryimage\"},\"image\":{\"@id\":\"https:\\\/\\\/lospoliticosveracruz.com\\\/?p=155279#primaryimage\"},\"thumbnailUrl\":\"https:\\\/\\\/lospoliticosveracruz.com\\\/wp-content\\\/uploads\\\/2025\\\/10\\\/4fbd9cba-ce35-490b-b643-404d11ac0343.jpeg\",\"datePublished\":\"2025-10-25T22:49:13+00:00\",\"dateModified\":\"2025-10-25T22:49:31+00:00\",\"breadcrumb\":{\"@id\":\"https:\\\/\\\/lospoliticosveracruz.com\\\/?p=155279#breadcrumb\"},\"inLanguage\":\"es\",\"potentialAction\":[{\"@type\":\"ReadAction\",\"target\":[\"https:\\\/\\\/lospoliticosveracruz.com\\\/?p=155279\"]}]},{\"@type\":\"ImageObject\",\"inLanguage\":\"es\",\"@id\":\"https:\\\/\\\/lospoliticosveracruz.com\\\/?p=155279#primaryimage\",\"url\":\"https:\\\/\\\/lospoliticosveracruz.com\\\/wp-content\\\/uploads\\\/2025\\\/10\\\/4fbd9cba-ce35-490b-b643-404d11ac0343.jpeg\",\"contentUrl\":\"https:\\\/\\\/lospoliticosveracruz.com\\\/wp-content\\\/uploads\\\/2025\\\/10\\\/4fbd9cba-ce35-490b-b643-404d11ac0343.jpeg\",\"width\":1600,\"height\":1066},{\"@type\":\"BreadcrumbList\",\"@id\":\"https:\\\/\\\/lospoliticosveracruz.com\\\/?p=155279#breadcrumb\",\"itemListElement\":[{\"@type\":\"ListItem\",\"position\":1,\"name\":\"Portada\",\"item\":\"https:\\\/\\\/lospoliticosveracruz.com\\\/\"},{\"@type\":\"ListItem\",\"position\":2,\"name\":\"CASETAS PIRINOLA!\"}]},{\"@type\":\"WebSite\",\"@id\":\"https:\\\/\\\/lospoliticosveracruz.com\\\/#website\",\"url\":\"https:\\\/\\\/lospoliticosveracruz.com\\\/\",\"name\":\"Los pol\u00edticos Veracruz\",\"description\":\"\",\"publisher\":{\"@id\":\"https:\\\/\\\/lospoliticosveracruz.com\\\/#organization\"},\"potentialAction\":[{\"@type\":\"SearchAction\",\"target\":{\"@type\":\"EntryPoint\",\"urlTemplate\":\"https:\\\/\\\/lospoliticosveracruz.com\\\/?s={search_term_string}\"},\"query-input\":{\"@type\":\"PropertyValueSpecification\",\"valueRequired\":true,\"valueName\":\"search_term_string\"}}],\"inLanguage\":\"es\"},{\"@type\":\"Organization\",\"@id\":\"https:\\\/\\\/lospoliticosveracruz.com\\\/#organization\",\"name\":\"Los pol\u00edticos Veracruz\",\"url\":\"https:\\\/\\\/lospoliticosveracruz.com\\\/\",\"logo\":{\"@type\":\"ImageObject\",\"inLanguage\":\"es\",\"@id\":\"https:\\\/\\\/lospoliticosveracruz.com\\\/#\\\/schema\\\/logo\\\/image\\\/\",\"url\":\"https:\\\/\\\/lospoliticosveracruz.com\\\/wp-content\\\/uploads\\\/2025\\\/12\\\/Logo-Nuevo-LOS-POLITICOS-1.jpg\",\"contentUrl\":\"https:\\\/\\\/lospoliticosveracruz.com\\\/wp-content\\\/uploads\\\/2025\\\/12\\\/Logo-Nuevo-LOS-POLITICOS-1.jpg\",\"width\":260,\"height\":70,\"caption\":\"Los pol\u00edticos Veracruz\"},\"image\":{\"@id\":\"https:\\\/\\\/lospoliticosveracruz.com\\\/#\\\/schema\\\/logo\\\/image\\\/\"},\"sameAs\":[\"https:\\\/\\\/www.facebook.com\\\/people\\\/Notimemes-de-los-Polticos\\\/61565672886568\\\/\",\"https:\\\/\\\/x.com\\\/LosPoliticosVer\"]},{\"@type\":\"Person\",\"@id\":\"https:\\\/\\\/lospoliticosveracruz.com\\\/#\\\/schema\\\/person\\\/b8702bb0e538456e6efd07080bf2a4a2\",\"name\":\"Lo viste en Los Pol\u00edticos\",\"image\":{\"@type\":\"ImageObject\",\"inLanguage\":\"es\",\"@id\":\"https:\\\/\\\/secure.gravatar.com\\\/avatar\\\/3a8de04a2656d44082be478bd6c086daa447c4651605818287b9532d3d0bd435?s=96&d=mm&r=g\",\"url\":\"https:\\\/\\\/secure.gravatar.com\\\/avatar\\\/3a8de04a2656d44082be478bd6c086daa447c4651605818287b9532d3d0bd435?s=96&d=mm&r=g\",\"contentUrl\":\"https:\\\/\\\/secure.gravatar.com\\\/avatar\\\/3a8de04a2656d44082be478bd6c086daa447c4651605818287b9532d3d0bd435?s=96&d=mm&r=g\",\"caption\":\"Lo viste en Los Pol\u00edticos\"},\"url\":\"https:\\\/\\\/lospoliticosveracruz.com\\\/?author=2\"}]}<\/script>\n<!-- \/ Yoast SEO plugin. -->","yoast_head_json":{"title":"CASETAS PIRINOLA! - Los pol\u00edticos Veracruz","robots":{"index":"index","follow":"follow","max-snippet":"max-snippet:-1","max-image-preview":"max-image-preview:large","max-video-preview":"max-video-preview:-1"},"canonical":"https:\/\/lospoliticosveracruz.com\/?p=155279","og_locale":"es_ES","og_type":"article","og_title":"CASETAS PIRINOLA! - Los pol\u00edticos Veracruz","og_description":"Durante la sesi\u00f3n ordinaria del Congreso del Estado, la diputada Elena C\u00f3rdova Molina de Movimiento Ciudadano, rectific\u00f3 hechos y alz\u00f3 la voz en contra del proyecto federal que pretende instalar dos nuevas casetas de peaje en la autopista C\u00f3rdoba\u2013Orizaba\u2013Camerino Z. Mendoza, a pesar de que hace apenas unos meses se celebr\u00f3 el retiro de la [&hellip;]","og_url":"https:\/\/lospoliticosveracruz.com\/?p=155279","og_site_name":"Los pol\u00edticos Veracruz","article_publisher":"https:\/\/www.facebook.com\/people\/Notimemes-de-los-Polticos\/61565672886568\/","article_published_time":"2025-10-25T22:49:13+00:00","article_modified_time":"2025-10-25T22:49:31+00:00","og_image":[{"width":1600,"height":1066,"url":"https:\/\/lospoliticosveracruz.com\/wp-content\/uploads\/2025\/10\/4fbd9cba-ce35-490b-b643-404d11ac0343.jpeg","type":"image\/jpeg"}],"author":"Lo viste en Los Pol\u00edticos","twitter_card":"summary_large_image","twitter_creator":"@LosPoliticosVer","twitter_site":"@LosPoliticosVer","twitter_misc":{"Escrito por":"Lo viste en Los Pol\u00edticos","Tiempo de lectura":"2 minutos"},"schema":{"@context":"https:\/\/schema.org","@graph":[{"@type":"Article","@id":"https:\/\/lospoliticosveracruz.com\/?p=155279#article","isPartOf":{"@id":"https:\/\/lospoliticosveracruz.com\/?p=155279"},"author":{"name":"Lo viste en Los Pol\u00edticos","@id":"https:\/\/lospoliticosveracruz.com\/#\/schema\/person\/b8702bb0e538456e6efd07080bf2a4a2"},"headline":"CASETAS PIRINOLA!","datePublished":"2025-10-25T22:49:13+00:00","dateModified":"2025-10-25T22:49:31+00:00","mainEntityOfPage":{"@id":"https:\/\/lospoliticosveracruz.com\/?p=155279"},"wordCount":266,"publisher":{"@id":"https:\/\/lospoliticosveracruz.com\/#organization"},"image":{"@id":"https:\/\/lospoliticosveracruz.com\/?p=155279#primaryimage"},"thumbnailUrl":"https:\/\/lospoliticosveracruz.com\/wp-content\/uploads\/2025\/10\/4fbd9cba-ce35-490b-b643-404d11ac0343.jpeg","keywords":["Caseta C\u00f3rdoba-Orizaba-Ciudad Mendoza","Elena C\u00f3rdova Molina","Veracruz"],"articleSection":["EL PALACIO DE ENCANTO"],"inLanguage":"es"},{"@type":"WebPage","@id":"https:\/\/lospoliticosveracruz.com\/?p=155279","url":"https:\/\/lospoliticosveracruz.com\/?p=155279","name":"CASETAS PIRINOLA! - Los pol\u00edticos Veracruz","isPartOf":{"@id":"https:\/\/lospoliticosveracruz.com\/#website"},"primaryImageOfPage":{"@id":"https:\/\/lospoliticosveracruz.com\/?p=155279#primaryimage"},"image":{"@id":"https:\/\/lospoliticosveracruz.com\/?p=155279#primaryimage"},"thumbnailUrl":"https:\/\/lospoliticosveracruz.com\/wp-content\/uploads\/2025\/10\/4fbd9cba-ce35-490b-b643-404d11ac0343.jpeg","datePublished":"2025-10-25T22:49:13+00:00","dateModified":"2025-10-25T22:49:31+00:00","breadcrumb":{"@id":"https:\/\/lospoliticosveracruz.com\/?p=155279#breadcrumb"},"inLanguage":"es","potentialAction":[{"@type":"ReadAction","target":["https:\/\/lospoliticosveracruz.com\/?p=155279"]}]},{"@type":"ImageObject","inLanguage":"es","@id":"https:\/\/lospoliticosveracruz.com\/?p=155279#primaryimage","url":"https:\/\/lospoliticosveracruz.com\/wp-content\/uploads\/2025\/10\/4fbd9cba-ce35-490b-b643-404d11ac0343.jpeg","contentUrl":"https:\/\/lospoliticosveracruz.com\/wp-content\/uploads\/2025\/10\/4fbd9cba-ce35-490b-b643-404d11ac0343.jpeg","width":1600,"height":1066},{"@type":"BreadcrumbList","@id":"https:\/\/lospoliticosveracruz.com\/?p=155279#breadcrumb","itemListElement":[{"@type":"ListItem","position":1,"name":"Portada","item":"https:\/\/lospoliticosveracruz.com\/"},{"@type":"ListItem","position":2,"name":"CASETAS PIRINOLA!"}]},{"@type":"WebSite","@id":"https:\/\/lospoliticosveracruz.com\/#website","url":"https:\/\/lospoliticosveracruz.com\/","name":"Los pol\u00edticos Veracruz","description":"","publisher":{"@id":"https:\/\/lospoliticosveracruz.com\/#organization"},"potentialAction":[{"@type":"SearchAction","target":{"@type":"EntryPoint","urlTemplate":"https:\/\/lospoliticosveracruz.com\/?s={search_term_string}"},"query-input":{"@type":"PropertyValueSpecification","valueRequired":true,"valueName":"search_term_string"}}],"inLanguage":"es"},{"@type":"Organization","@id":"https:\/\/lospoliticosveracruz.com\/#organization","name":"Los pol\u00edticos Veracruz","url":"https:\/\/lospoliticosveracruz.com\/","logo":{"@type":"ImageObject","inLanguage":"es","@id":"https:\/\/lospoliticosveracruz.com\/#\/schema\/logo\/image\/","url":"https:\/\/lospoliticosveracruz.com\/wp-content\/uploads\/2025\/12\/Logo-Nuevo-LOS-POLITICOS-1.jpg","contentUrl":"https:\/\/lospoliticosveracruz.com\/wp-content\/uploads\/2025\/12\/Logo-Nuevo-LOS-POLITICOS-1.jpg","width":260,"height":70,"caption":"Los pol\u00edticos Veracruz"},"image":{"@id":"https:\/\/lospoliticosveracruz.com\/#\/schema\/logo\/image\/"},"sameAs":["https:\/\/www.facebook.com\/people\/Notimemes-de-los-Polticos\/61565672886568\/","https:\/\/x.com\/LosPoliticosVer"]},{"@type":"Person","@id":"https:\/\/lospoliticosveracruz.com\/#\/schema\/person\/b8702bb0e538456e6efd07080bf2a4a2","name":"Lo viste en Los Pol\u00edticos","image":{"@type":"ImageObject","inLanguage":"es","@id":"https:\/\/secure.gravatar.com\/avatar\/3a8de04a2656d44082be478bd6c086daa447c4651605818287b9532d3d0bd435?s=96&d=mm&r=g","url":"https:\/\/secure.gravatar.com\/avatar\/3a8de04a2656d44082be478bd6c086daa447c4651605818287b9532d3d0bd435?s=96&d=mm&r=g","contentUrl":"https:\/\/secure.gravatar.com\/avatar\/3a8de04a2656d44082be478bd6c086daa447c4651605818287b9532d3d0bd435?s=96&d=mm&r=g","caption":"Lo viste en Los Pol\u00edticos"},"url":"https:\/\/lospoliticosveracruz.com\/?author=2"}]}},"_links":{"self":[{"href":"https:\/\/lospoliticosveracruz.com\/index.php?rest_route=\/wp\/v2\/posts\/155279","targetHints":{"allow":["GET"]}}],"collection":[{"href":"https:\/\/lospoliticosveracruz.com\/index.php?rest_route=\/wp\/v2\/posts"}],"about":[{"href":"https:\/\/lospoliticosveracruz.com\/index.php?rest_route=\/wp\/v2\/types\/post"}],"author":[{"embeddable":true,"href":"https:\/\/lospoliticosveracruz.com\/index.php?rest_route=\/wp\/v2\/users\/2"}],"replies":[{"embeddable":true,"href":"https:\/\/lospoliticosveracruz.com\/index.php?rest_route=%2Fwp%2Fv2%2Fcomments&post=155279"}],"version-history":[{"count":1,"href":"https:\/\/lospoliticosveracruz.com\/index.php?rest_route=\/wp\/v2\/posts\/155279\/revisions"}],"predecessor-version":[{"id":155281,"href":"https:\/\/lospoliticosveracruz.com\/index.php?rest_route=\/wp\/v2\/posts\/155279\/revisions\/155281"}],"wp:featuredmedia":[{"embeddable":true,"href":"https:\/\/lospoliticosveracruz.com\/index.php?rest_route=\/wp\/v2\/media\/155280"}],"wp:attachment":[{"href":"https:\/\/lospoliticosveracruz.com\/index.php?rest_route=%2Fwp%2Fv2%2Fmedia&parent=155279"}],"wp:term":[{"taxonomy":"category","embeddable":true,"href":"https:\/\/lospoliticosveracruz.com\/index.php?rest_route=%2Fwp%2Fv2%2Fcategories&post=155279"},{"taxonomy":"post_tag","embeddable":true,"href":"https:\/\/lospoliticosveracruz.com\/index.php?rest_route=%2Fwp%2Fv2%2Ftags&post=155279"}],"curies":[{"name":"wp","href":"https:\/\/api.w.org\/{rel}","templated":true}]}}