{"id":155296,"date":"2025-10-26T20:30:00","date_gmt":"2025-10-27T02:30:00","guid":{"rendered":"https:\/\/lospoliticosveracruz.com.mx\/?p=155296"},"modified":"2025-10-26T14:46:07","modified_gmt":"2025-10-26T20:46:07","slug":"censura-4","status":"publish","type":"post","link":"https:\/\/lospoliticosveracruz.com\/?p=155296","title":{"rendered":"CENSURA"},"content":{"rendered":"\n<p><strong>Guadalupe H. Mar<\/strong><\/p>\n\n\n\n<p><em>Mira Pol\u00edtica<\/em><\/p>\n\n\n\n<p><strong>A LA CARTA<\/strong> \u2026 El martes de la semana pasada, 355 acad\u00e9micos, investigadores y periodistas del pa\u00eds, as\u00ed como 113 organizaciones de la sociedad civil, entre ellas colectivos, grupos radiof\u00f3nicos comunitarios y observatorios, firmaron una carta abierta dirigida al Tribunal Electoral de Veracruz (TEV) y a las autoridades pertinentes, para en principio demandar se garantice el ejercicio pleno de la libertad de expresi\u00f3n, en especial para los medios comunitarios e ind\u00edgenas.<\/p>\n\n\n\n<p>Se demanda asimismo al TEV, revisar con perspectiva de derechos humanos el uso de figuras y procedimientos que est\u00e1n siendo distorsionados para censurar a la ciudadan\u00eda, as\u00ed como reconocer el papel esencial de los medios comunitarios e ind\u00edgenas en la vida democr\u00e1tica del pa\u00eds y su derecho a existir y expresarse sin miedo. <a href=\"https:\/\/acortar.link\/hNHjK7\">https:\/\/acortar.link\/hNHjK7<\/a><\/p>\n\n\n\n<p>En este documento emitido por la organizaci\u00f3n Redes por la Diversidad, Equidad y Sustentabilidad A.C. se hizo un llamado a la sociedad, a las universidades, a los organismos internacionales y a los medios de comunicaci\u00f3n, para sumarse en la defensa de la palabra libre y colectiva, y para detener las pr\u00e1cticas de censura que amenazan la pluralidad y la democracia en M\u00e9xico.<\/p>\n\n\n\n<p>Para que no se quedan con la duda amables lectoras y lectores, la carta abierta emitida por REDES AC, es parte de las acciones que han emprendido desde hace varios meses organizaciones como Article19 en contra del acoso judicial en Veracruz, donde la Sala Regional del Tribunal Electoral del Poder Judicial determin\u00f3 en abril de este a\u00f1o, que los periodistas Mar\u00eda Isabel Ortega, Alfredo Quezada, \u00c1ngel Camarillo, Eliseo Tejeda (QEPD) y \u00c9lfego Riveros hab\u00edan cometido violencia pol\u00edtica en raz\u00f3n de g\u00e9nero contra la candidata a la presidencia municipal de Teocelo, en 2020-2021, cuyo nombre omitimos, y por ello, los obligaron no s\u00f3lo a bajar sus art\u00edculos sino tambi\u00e9n a emitir disculpas p\u00fablicas a la pol\u00edtica integrante del Partido Verde Ecologista de M\u00e9xico (PVEM),.<\/p>\n\n\n\n<p>A estos periodistas y a la acad\u00e9mica Celia del Palacio Montiel, se les conden\u00f3 a pedir una disculpa p\u00fablica, a retirar la informaci\u00f3n de sus medios, a pagar una multa y a quedar inscritos en una lista de aquellos que cometen violencia pol\u00edtica por raz\u00f3n de g\u00e9nero.<\/p>\n\n\n\n<p>Que conste. <a>Ordenar el retiro de materiales informativos de un medio de comunicaci\u00f3n, es una forma de censura que impide a la ciudadan\u00eda conocer y valorar las alternativas para que pueda tomar decisiones informadas, requisito indispensable para el ejercicio de la democracia<\/a>.<\/p>\n\n\n\n<p>Con base en lo anterior, Article 19 precisa en su informe que en cuanto hace al estado de Veracruz, se han documentado procesos donde una misma figura pol\u00edtica denuncia por violencia pol\u00edtica de g\u00e9nero a decenas de personas, a medios de comunicaci\u00f3n y organizaciones de sociedad civil por una mera menci\u00f3n de nepotismo en sus publicaciones. <a href=\"https:\/\/acortar.link\/91CoP6\">https:\/\/acortar.link\/91CoP6<\/a>&nbsp;<\/p>\n\n\n\n<p>Por ello, las organizaciones y medios de comunicaci\u00f3n firmantes de la carta abierta publicada el martes pasado, expresaron su profunda preocupaci\u00f3n ante el uso indebido de mecanismos electorales dise\u00f1ados originalmente para frenar abusos de poder de los partidos pol\u00edticos, como es la figura de violencia pol\u00edtica en raz\u00f3n de g\u00e9nero, para censurar y criminalizar a organizaciones sociales y medios de comunicaci\u00f3n ind\u00edgena, comunitaria y afrodescendiente en su ejercicio de la libre expresi\u00f3n.<\/p>\n\n\n\n<p>Los firmantes manifestaron su preocupaci\u00f3n por que esta figura, por la cual las mujeres, especialmente las comunicadoras ind\u00edgenas, han luchado durante a\u00f1os, est\u00e1 siendo desvirtuada y empleada para silenciar voces cr\u00edticas y medios comunitarios. Este uso distorsionado de la figura no solo banaliza una lucha leg\u00edtima contra las violencias estructurales que enfrentan las mujeres en la pol\u00edtica, sino que adem\u00e1s se convierte en una nueva forma de censura institucionalizada.<\/p>\n\n\n\n<p>Este asunto que se ha quedado en los vericuetos legales y aparentemente ya es asunto olvidado, no lo es y sigue vigente, pues las sanciones y disposiciones legales a modo, son figuras que solo tienen un fin, la censura a la carta.<\/p>\n\n\n\n<p><strong>SE VE, SE SIENTE<\/strong> \u2026 Tras lo sucedido en la zona norte de la entidad veracruzana por la crecida de r\u00edos, la presencia de las dependencias del gobierno federal se ha notado bastante, sobre todo la del Instituto Mexicano del Seguro Social, pues a las pocas horas de lo sucedido, se apersonaron trabajadores del IMSS delegaci\u00f3n norte, encabezados por su titular la doctora Edith Jim\u00e9nez Mart\u00ednez, quien personalmente coordin\u00f3 las primeras acciones para atender m\u00e9dicamente a los damnificados.<\/p>\n\n\n\n<p>La presencia del IMSS en el municipio de \u00c1lamo Temapache fue notoria pues las brigadas del personal del IMSS incursionaron a las zonas inundadas para atender m\u00e9dicamente a los afectados por la crecida del r\u00edo. Bien.<\/p>\n\n\n\n<p><strong>D\u00cdGALO SIN MIEDO<\/strong> \u2026 Al correo electr\u00f3nico <a href=\"mailto:guadalupehmar@gmail.com\">guadalupehmar@gmail.com<\/a><\/p>\n","protected":false},"excerpt":{"rendered":"<p>Guadalupe H. Mar Mira Pol\u00edtica A LA CARTA \u2026 El martes de la semana pasada, 355 acad\u00e9micos, investigadores y periodistas del pa\u00eds, as\u00ed como 113 organizaciones de la sociedad civil, entre ellas colectivos, grupos radiof\u00f3nicos comunitarios y observatorios, firmaron una carta abierta dirigida al Tribunal Electoral de Veracruz (TEV) y a las autoridades pertinentes, para [&hellip;]<\/p>\n","protected":false},"author":2,"featured_media":141398,"comment_status":"closed","ping_status":"closed","sticky":false,"template":"","format":"standard","meta":{"tdm_status":"","tdm_grid_status":"","footnotes":""},"categories":[70],"tags":[46853,36947,46850,46851,46849,6753],"class_list":{"0":"post-155296","1":"post","2":"type-post","3":"status-publish","4":"format-standard","5":"has-post-thumbnail","7":"category-de-opinion","8":"tag-elfego-riveros","9":"tag-eliseo-tejeda","10":"tag-equidad-y-sustentabilidad-ac","11":"tag-maria-isabel-ortega","12":"tag-redes-por-la-diversidad","13":"tag-tribunal-electoral-de-veracruz"},"yoast_head":"<!-- This site is optimized with the Yoast SEO plugin v27.4 - https:\/\/yoast.com\/product\/yoast-seo-wordpress\/ -->\n<title>CENSURA - Los pol\u00edticos Veracruz<\/title>\n<meta name=\"robots\" content=\"index, follow, max-snippet:-1, max-image-preview:large, max-video-preview:-1\" \/>\n<link rel=\"canonical\" href=\"https:\/\/lospoliticosveracruz.com\/?p=155296\" \/>\n<meta property=\"og:locale\" content=\"es_ES\" \/>\n<meta property=\"og:type\" content=\"article\" \/>\n<meta property=\"og:title\" content=\"CENSURA - Los pol\u00edticos Veracruz\" \/>\n<meta property=\"og:description\" content=\"Guadalupe H. Mar Mira Pol\u00edtica A LA CARTA \u2026 El martes de la semana pasada, 355 acad\u00e9micos, investigadores y periodistas del pa\u00eds, as\u00ed como 113 organizaciones de la sociedad civil, entre ellas colectivos, grupos radiof\u00f3nicos comunitarios y observatorios, firmaron una carta abierta dirigida al Tribunal Electoral de Veracruz (TEV) y a las autoridades pertinentes, para [&hellip;]\" \/>\n<meta property=\"og:url\" content=\"https:\/\/lospoliticosveracruz.com\/?p=155296\" \/>\n<meta property=\"og:site_name\" content=\"Los pol\u00edticos Veracruz\" \/>\n<meta property=\"article:publisher\" content=\"https:\/\/www.facebook.com\/people\/Notimemes-de-los-Polticos\/61565672886568\/\" \/>\n<meta property=\"article:published_time\" content=\"2025-10-27T02:30:00+00:00\" \/>\n<meta property=\"og:image\" content=\"https:\/\/lospoliticosveracruz.com\/wp-content\/uploads\/2025\/04\/Lupita-H-Mar.jpg\" \/>\n\t<meta property=\"og:image:width\" content=\"1250\" \/>\n\t<meta property=\"og:image:height\" content=\"667\" \/>\n\t<meta property=\"og:image:type\" content=\"image\/jpeg\" \/>\n<meta name=\"author\" content=\"Lo viste en Los Pol\u00edticos\" \/>\n<meta name=\"twitter:card\" content=\"summary_large_image\" \/>\n<meta name=\"twitter:creator\" content=\"@LosPoliticosVer\" \/>\n<meta name=\"twitter:site\" content=\"@LosPoliticosVer\" \/>\n<meta name=\"twitter:label1\" content=\"Escrito por\" \/>\n\t<meta name=\"twitter:data1\" content=\"Lo viste en Los Pol\u00edticos\" \/>\n\t<meta name=\"twitter:label2\" content=\"Tiempo de lectura\" \/>\n\t<meta name=\"twitter:data2\" content=\"4 minutos\" \/>\n<script type=\"application\/ld+json\" class=\"yoast-schema-graph\">{\"@context\":\"https:\\\/\\\/schema.org\",\"@graph\":[{\"@type\":\"Article\",\"@id\":\"https:\\\/\\\/lospoliticosveracruz.com\\\/?p=155296#article\",\"isPartOf\":{\"@id\":\"https:\\\/\\\/lospoliticosveracruz.com\\\/?p=155296\"},\"author\":{\"name\":\"Lo viste en Los Pol\u00edticos\",\"@id\":\"https:\\\/\\\/lospoliticosveracruz.com\\\/#\\\/schema\\\/person\\\/b8702bb0e538456e6efd07080bf2a4a2\"},\"headline\":\"CENSURA\",\"datePublished\":\"2025-10-27T02:30:00+00:00\",\"mainEntityOfPage\":{\"@id\":\"https:\\\/\\\/lospoliticosveracruz.com\\\/?p=155296\"},\"wordCount\":837,\"publisher\":{\"@id\":\"https:\\\/\\\/lospoliticosveracruz.com\\\/#organization\"},\"image\":{\"@id\":\"https:\\\/\\\/lospoliticosveracruz.com\\\/?p=155296#primaryimage\"},\"thumbnailUrl\":\"https:\\\/\\\/lospoliticosveracruz.com\\\/wp-content\\\/uploads\\\/2025\\\/04\\\/Lupita-H-Mar.jpg\",\"keywords\":[\"\u00c9lfego Riveros\",\"Eliseo Tejeda\",\"Equidad y Sustentabilidad AC\",\"Mar\u00eda Isabel Ortega\",\"Redes por la Diversidad\",\"Tribunal Electoral de Veracruz\"],\"articleSection\":[\"De Opini\u00f3n\"],\"inLanguage\":\"es\"},{\"@type\":\"WebPage\",\"@id\":\"https:\\\/\\\/lospoliticosveracruz.com\\\/?p=155296\",\"url\":\"https:\\\/\\\/lospoliticosveracruz.com\\\/?p=155296\",\"name\":\"CENSURA - Los pol\u00edticos Veracruz\",\"isPartOf\":{\"@id\":\"https:\\\/\\\/lospoliticosveracruz.com\\\/#website\"},\"primaryImageOfPage\":{\"@id\":\"https:\\\/\\\/lospoliticosveracruz.com\\\/?p=155296#primaryimage\"},\"image\":{\"@id\":\"https:\\\/\\\/lospoliticosveracruz.com\\\/?p=155296#primaryimage\"},\"thumbnailUrl\":\"https:\\\/\\\/lospoliticosveracruz.com\\\/wp-content\\\/uploads\\\/2025\\\/04\\\/Lupita-H-Mar.jpg\",\"datePublished\":\"2025-10-27T02:30:00+00:00\",\"breadcrumb\":{\"@id\":\"https:\\\/\\\/lospoliticosveracruz.com\\\/?p=155296#breadcrumb\"},\"inLanguage\":\"es\",\"potentialAction\":[{\"@type\":\"ReadAction\",\"target\":[\"https:\\\/\\\/lospoliticosveracruz.com\\\/?p=155296\"]}]},{\"@type\":\"ImageObject\",\"inLanguage\":\"es\",\"@id\":\"https:\\\/\\\/lospoliticosveracruz.com\\\/?p=155296#primaryimage\",\"url\":\"https:\\\/\\\/lospoliticosveracruz.com\\\/wp-content\\\/uploads\\\/2025\\\/04\\\/Lupita-H-Mar.jpg\",\"contentUrl\":\"https:\\\/\\\/lospoliticosveracruz.com\\\/wp-content\\\/uploads\\\/2025\\\/04\\\/Lupita-H-Mar.jpg\",\"width\":1250,\"height\":667},{\"@type\":\"BreadcrumbList\",\"@id\":\"https:\\\/\\\/lospoliticosveracruz.com\\\/?p=155296#breadcrumb\",\"itemListElement\":[{\"@type\":\"ListItem\",\"position\":1,\"name\":\"Portada\",\"item\":\"https:\\\/\\\/lospoliticosveracruz.com\\\/\"},{\"@type\":\"ListItem\",\"position\":2,\"name\":\"CENSURA\"}]},{\"@type\":\"WebSite\",\"@id\":\"https:\\\/\\\/lospoliticosveracruz.com\\\/#website\",\"url\":\"https:\\\/\\\/lospoliticosveracruz.com\\\/\",\"name\":\"Los pol\u00edticos Veracruz\",\"description\":\"\",\"publisher\":{\"@id\":\"https:\\\/\\\/lospoliticosveracruz.com\\\/#organization\"},\"potentialAction\":[{\"@type\":\"SearchAction\",\"target\":{\"@type\":\"EntryPoint\",\"urlTemplate\":\"https:\\\/\\\/lospoliticosveracruz.com\\\/?s={search_term_string}\"},\"query-input\":{\"@type\":\"PropertyValueSpecification\",\"valueRequired\":true,\"valueName\":\"search_term_string\"}}],\"inLanguage\":\"es\"},{\"@type\":\"Organization\",\"@id\":\"https:\\\/\\\/lospoliticosveracruz.com\\\/#organization\",\"name\":\"Los pol\u00edticos Veracruz\",\"url\":\"https:\\\/\\\/lospoliticosveracruz.com\\\/\",\"logo\":{\"@type\":\"ImageObject\",\"inLanguage\":\"es\",\"@id\":\"https:\\\/\\\/lospoliticosveracruz.com\\\/#\\\/schema\\\/logo\\\/image\\\/\",\"url\":\"https:\\\/\\\/lospoliticosveracruz.com\\\/wp-content\\\/uploads\\\/2025\\\/12\\\/Logo-Nuevo-LOS-POLITICOS-1.jpg\",\"contentUrl\":\"https:\\\/\\\/lospoliticosveracruz.com\\\/wp-content\\\/uploads\\\/2025\\\/12\\\/Logo-Nuevo-LOS-POLITICOS-1.jpg\",\"width\":260,\"height\":70,\"caption\":\"Los pol\u00edticos Veracruz\"},\"image\":{\"@id\":\"https:\\\/\\\/lospoliticosveracruz.com\\\/#\\\/schema\\\/logo\\\/image\\\/\"},\"sameAs\":[\"https:\\\/\\\/www.facebook.com\\\/people\\\/Notimemes-de-los-Polticos\\\/61565672886568\\\/\",\"https:\\\/\\\/x.com\\\/LosPoliticosVer\"]},{\"@type\":\"Person\",\"@id\":\"https:\\\/\\\/lospoliticosveracruz.com\\\/#\\\/schema\\\/person\\\/b8702bb0e538456e6efd07080bf2a4a2\",\"name\":\"Lo viste en Los Pol\u00edticos\",\"image\":{\"@type\":\"ImageObject\",\"inLanguage\":\"es\",\"@id\":\"https:\\\/\\\/secure.gravatar.com\\\/avatar\\\/3a8de04a2656d44082be478bd6c086daa447c4651605818287b9532d3d0bd435?s=96&d=mm&r=g\",\"url\":\"https:\\\/\\\/secure.gravatar.com\\\/avatar\\\/3a8de04a2656d44082be478bd6c086daa447c4651605818287b9532d3d0bd435?s=96&d=mm&r=g\",\"contentUrl\":\"https:\\\/\\\/secure.gravatar.com\\\/avatar\\\/3a8de04a2656d44082be478bd6c086daa447c4651605818287b9532d3d0bd435?s=96&d=mm&r=g\",\"caption\":\"Lo viste en Los Pol\u00edticos\"},\"url\":\"https:\\\/\\\/lospoliticosveracruz.com\\\/?author=2\"}]}<\/script>\n<!-- \/ Yoast SEO plugin. -->","yoast_head_json":{"title":"CENSURA - Los pol\u00edticos Veracruz","robots":{"index":"index","follow":"follow","max-snippet":"max-snippet:-1","max-image-preview":"max-image-preview:large","max-video-preview":"max-video-preview:-1"},"canonical":"https:\/\/lospoliticosveracruz.com\/?p=155296","og_locale":"es_ES","og_type":"article","og_title":"CENSURA - Los pol\u00edticos Veracruz","og_description":"Guadalupe H. Mar Mira Pol\u00edtica A LA CARTA \u2026 El martes de la semana pasada, 355 acad\u00e9micos, investigadores y periodistas del pa\u00eds, as\u00ed como 113 organizaciones de la sociedad civil, entre ellas colectivos, grupos radiof\u00f3nicos comunitarios y observatorios, firmaron una carta abierta dirigida al Tribunal Electoral de Veracruz (TEV) y a las autoridades pertinentes, para [&hellip;]","og_url":"https:\/\/lospoliticosveracruz.com\/?p=155296","og_site_name":"Los pol\u00edticos Veracruz","article_publisher":"https:\/\/www.facebook.com\/people\/Notimemes-de-los-Polticos\/61565672886568\/","article_published_time":"2025-10-27T02:30:00+00:00","og_image":[{"width":1250,"height":667,"url":"https:\/\/lospoliticosveracruz.com\/wp-content\/uploads\/2025\/04\/Lupita-H-Mar.jpg","type":"image\/jpeg"}],"author":"Lo viste en Los Pol\u00edticos","twitter_card":"summary_large_image","twitter_creator":"@LosPoliticosVer","twitter_site":"@LosPoliticosVer","twitter_misc":{"Escrito por":"Lo viste en Los Pol\u00edticos","Tiempo de lectura":"4 minutos"},"schema":{"@context":"https:\/\/schema.org","@graph":[{"@type":"Article","@id":"https:\/\/lospoliticosveracruz.com\/?p=155296#article","isPartOf":{"@id":"https:\/\/lospoliticosveracruz.com\/?p=155296"},"author":{"name":"Lo viste en Los Pol\u00edticos","@id":"https:\/\/lospoliticosveracruz.com\/#\/schema\/person\/b8702bb0e538456e6efd07080bf2a4a2"},"headline":"CENSURA","datePublished":"2025-10-27T02:30:00+00:00","mainEntityOfPage":{"@id":"https:\/\/lospoliticosveracruz.com\/?p=155296"},"wordCount":837,"publisher":{"@id":"https:\/\/lospoliticosveracruz.com\/#organization"},"image":{"@id":"https:\/\/lospoliticosveracruz.com\/?p=155296#primaryimage"},"thumbnailUrl":"https:\/\/lospoliticosveracruz.com\/wp-content\/uploads\/2025\/04\/Lupita-H-Mar.jpg","keywords":["\u00c9lfego Riveros","Eliseo Tejeda","Equidad y Sustentabilidad AC","Mar\u00eda Isabel Ortega","Redes por la Diversidad","Tribunal Electoral de Veracruz"],"articleSection":["De Opini\u00f3n"],"inLanguage":"es"},{"@type":"WebPage","@id":"https:\/\/lospoliticosveracruz.com\/?p=155296","url":"https:\/\/lospoliticosveracruz.com\/?p=155296","name":"CENSURA - Los pol\u00edticos Veracruz","isPartOf":{"@id":"https:\/\/lospoliticosveracruz.com\/#website"},"primaryImageOfPage":{"@id":"https:\/\/lospoliticosveracruz.com\/?p=155296#primaryimage"},"image":{"@id":"https:\/\/lospoliticosveracruz.com\/?p=155296#primaryimage"},"thumbnailUrl":"https:\/\/lospoliticosveracruz.com\/wp-content\/uploads\/2025\/04\/Lupita-H-Mar.jpg","datePublished":"2025-10-27T02:30:00+00:00","breadcrumb":{"@id":"https:\/\/lospoliticosveracruz.com\/?p=155296#breadcrumb"},"inLanguage":"es","potentialAction":[{"@type":"ReadAction","target":["https:\/\/lospoliticosveracruz.com\/?p=155296"]}]},{"@type":"ImageObject","inLanguage":"es","@id":"https:\/\/lospoliticosveracruz.com\/?p=155296#primaryimage","url":"https:\/\/lospoliticosveracruz.com\/wp-content\/uploads\/2025\/04\/Lupita-H-Mar.jpg","contentUrl":"https:\/\/lospoliticosveracruz.com\/wp-content\/uploads\/2025\/04\/Lupita-H-Mar.jpg","width":1250,"height":667},{"@type":"BreadcrumbList","@id":"https:\/\/lospoliticosveracruz.com\/?p=155296#breadcrumb","itemListElement":[{"@type":"ListItem","position":1,"name":"Portada","item":"https:\/\/lospoliticosveracruz.com\/"},{"@type":"ListItem","position":2,"name":"CENSURA"}]},{"@type":"WebSite","@id":"https:\/\/lospoliticosveracruz.com\/#website","url":"https:\/\/lospoliticosveracruz.com\/","name":"Los pol\u00edticos Veracruz","description":"","publisher":{"@id":"https:\/\/lospoliticosveracruz.com\/#organization"},"potentialAction":[{"@type":"SearchAction","target":{"@type":"EntryPoint","urlTemplate":"https:\/\/lospoliticosveracruz.com\/?s={search_term_string}"},"query-input":{"@type":"PropertyValueSpecification","valueRequired":true,"valueName":"search_term_string"}}],"inLanguage":"es"},{"@type":"Organization","@id":"https:\/\/lospoliticosveracruz.com\/#organization","name":"Los pol\u00edticos Veracruz","url":"https:\/\/lospoliticosveracruz.com\/","logo":{"@type":"ImageObject","inLanguage":"es","@id":"https:\/\/lospoliticosveracruz.com\/#\/schema\/logo\/image\/","url":"https:\/\/lospoliticosveracruz.com\/wp-content\/uploads\/2025\/12\/Logo-Nuevo-LOS-POLITICOS-1.jpg","contentUrl":"https:\/\/lospoliticosveracruz.com\/wp-content\/uploads\/2025\/12\/Logo-Nuevo-LOS-POLITICOS-1.jpg","width":260,"height":70,"caption":"Los pol\u00edticos Veracruz"},"image":{"@id":"https:\/\/lospoliticosveracruz.com\/#\/schema\/logo\/image\/"},"sameAs":["https:\/\/www.facebook.com\/people\/Notimemes-de-los-Polticos\/61565672886568\/","https:\/\/x.com\/LosPoliticosVer"]},{"@type":"Person","@id":"https:\/\/lospoliticosveracruz.com\/#\/schema\/person\/b8702bb0e538456e6efd07080bf2a4a2","name":"Lo viste en Los Pol\u00edticos","image":{"@type":"ImageObject","inLanguage":"es","@id":"https:\/\/secure.gravatar.com\/avatar\/3a8de04a2656d44082be478bd6c086daa447c4651605818287b9532d3d0bd435?s=96&d=mm&r=g","url":"https:\/\/secure.gravatar.com\/avatar\/3a8de04a2656d44082be478bd6c086daa447c4651605818287b9532d3d0bd435?s=96&d=mm&r=g","contentUrl":"https:\/\/secure.gravatar.com\/avatar\/3a8de04a2656d44082be478bd6c086daa447c4651605818287b9532d3d0bd435?s=96&d=mm&r=g","caption":"Lo viste en Los Pol\u00edticos"},"url":"https:\/\/lospoliticosveracruz.com\/?author=2"}]}},"_links":{"self":[{"href":"https:\/\/lospoliticosveracruz.com\/index.php?rest_route=\/wp\/v2\/posts\/155296","targetHints":{"allow":["GET"]}}],"collection":[{"href":"https:\/\/lospoliticosveracruz.com\/index.php?rest_route=\/wp\/v2\/posts"}],"about":[{"href":"https:\/\/lospoliticosveracruz.com\/index.php?rest_route=\/wp\/v2\/types\/post"}],"author":[{"embeddable":true,"href":"https:\/\/lospoliticosveracruz.com\/index.php?rest_route=\/wp\/v2\/users\/2"}],"replies":[{"embeddable":true,"href":"https:\/\/lospoliticosveracruz.com\/index.php?rest_route=%2Fwp%2Fv2%2Fcomments&post=155296"}],"version-history":[{"count":1,"href":"https:\/\/lospoliticosveracruz.com\/index.php?rest_route=\/wp\/v2\/posts\/155296\/revisions"}],"predecessor-version":[{"id":155297,"href":"https:\/\/lospoliticosveracruz.com\/index.php?rest_route=\/wp\/v2\/posts\/155296\/revisions\/155297"}],"wp:featuredmedia":[{"embeddable":true,"href":"https:\/\/lospoliticosveracruz.com\/index.php?rest_route=\/wp\/v2\/media\/141398"}],"wp:attachment":[{"href":"https:\/\/lospoliticosveracruz.com\/index.php?rest_route=%2Fwp%2Fv2%2Fmedia&parent=155296"}],"wp:term":[{"taxonomy":"category","embeddable":true,"href":"https:\/\/lospoliticosveracruz.com\/index.php?rest_route=%2Fwp%2Fv2%2Fcategories&post=155296"},{"taxonomy":"post_tag","embeddable":true,"href":"https:\/\/lospoliticosveracruz.com\/index.php?rest_route=%2Fwp%2Fv2%2Ftags&post=155296"}],"curies":[{"name":"wp","href":"https:\/\/api.w.org\/{rel}","templated":true}]}}