{"id":155308,"date":"2025-10-26T21:39:28","date_gmt":"2025-10-27T03:39:28","guid":{"rendered":"https:\/\/lospoliticosveracruz.com.mx\/?p=155308"},"modified":"2025-10-26T21:39:46","modified_gmt":"2025-10-27T03:39:46","slug":"las-videocamaras-de-mayl","status":"publish","type":"post","link":"https:\/\/lospoliticosveracruz.com\/?p=155308","title":{"rendered":"LAS VIDEOC\u00c1MARAS DE MAYL\u2026"},"content":{"rendered":"\n<p><strong>Miguel Valera<\/strong><\/p>\n\n\n\n<p><em>Contrase\u00f1as<\/em><\/p>\n\n\n\n<p>El 04 de junio de 2019, el entonces titular del \u00d3rgano de Fiscalizaci\u00f3n Superior del Estado de Veracruz (ORFIS),&nbsp;<strong>Lorenzo Antonio Portilla V\u00e1squez<\/strong>, present\u00f3 una denuncia de hechos ante la&nbsp;Fiscal\u00eda General&nbsp;de la Rep\u00fablica (FGR) en contra de la administraci\u00f3n del ex gobernador&nbsp;<strong>Miguel \u00c1ngel Yunes Linares<\/strong>, por un sistema fallido de c\u00e1maras de videovigilancia que le costaron m\u00e1s de mil millones de pesos al estado de Veracruz.<\/p>\n\n\n\n\n\n<p>Despu\u00e9s de una minuciosa y detallada auditor\u00eda, dijo el titular del ORFIS a medios de comunicaci\u00f3n, se detect\u00f3 que&nbsp;las m\u00e1s de 6 mil c\u00e1maras de vigilancia en el estado no cumplen con las especificaciones t\u00e9cnicas se\u00f1aladas en el contrato realizado.&nbsp;La responsable de este presunto fraude, la empresa&nbsp;COMTELSAT, SA de CV, propiedad de&nbsp;<strong>Manuel Arroyo<\/strong><strong>&nbsp;Rodr\u00edguez<\/strong>, due\u00f1o del peri\u00f3dico&nbsp;<em>El Financiero<\/em>.<\/p>\n\n\n\n<p>En el expediente de la denuncia&nbsp;se demostr\u00f3 c\u00f3mo se oper\u00f3 financieramente el fallido Sistema Estatal de Videovigilancia \u2014de 6 mil 476 c\u00e1maras y mil 108 millones 819 mil 144 pesos con 57 centavos\u2014 y c\u00f3mo se puso en marcha \u201cun gran proyecto de log\u00edstica, informaci\u00f3n, y rastreo de datos que se instal\u00f3 en la antigua Estancia Garnica y que en los \u00faltimos d\u00edas de la administraci\u00f3n fue desmantelada y cargado en&nbsp;trailers&nbsp;con rumbo desconocido\u201d.<\/p>\n\n\n\n<p>El Contrato inicial SSPUA111\/17 fue&nbsp;firmado por&nbsp;<strong>Juan Carlos Salda\u00f1a Mor\u00e1n<\/strong>, Jefe de la Unidad Administrativa de la SSP en 2017, para ejercitarlo en dos etapas. La pr\u00f3rroga al mismo contrato fue&nbsp;signada&nbsp;por&nbsp;<strong>Guillermo Moreno Sent\u00edes<\/strong>, hijo del entonces&nbsp;Secretario&nbsp;de Finanzas,&nbsp;<strong>Guillermo Moreno&nbsp;<\/strong><strong>Chazarini<\/strong>. La representaci\u00f3n de la empresa COMTELSAT SA de CV la ten\u00eda&nbsp;<strong>Gabriel Monta\u00f1o Z\u00fa\u00f1iga<\/strong>.<\/p>\n\n\n\n<p>\u201cUna vez concluido el Procedimiento de Fiscalizaci\u00f3n Superior de la Cuenta P\u00fablica del ejercicio 2018 \u2014dice el legajo de la denuncia\u2014 y los plazos legales para la&nbsp;solventaci\u00f3n&nbsp;de los resultados notificados en el Pliego de Observaciones, el ORFIS dictamina que derivado del an\u00e1lisis efectuado a las aclaraciones y documentaci\u00f3n&nbsp;justificatoria&nbsp;y comprobatoria presentadas, no fueron suficientes para solventar las observaciones que hacen presumir faltas administrativas y\/o la&nbsp;existencia de un da\u00f1o patrimonial a la Hacienda P\u00fablica Estatal, respecto de la gesti\u00f3n financiera de la Secretar\u00eda de Seguridad P\u00fablica\u201d.<\/p>\n\n\n\n<p>\u201cLos par\u00e1metros de estas c\u00e1maras de videovigilancia no dan la calidad debida, no tienen la calidad del video por la cual fue contratado, por lo que al final de cuentas eso no sirve. Por ejemplo, si se quieren las caracter\u00edsticas de un veh\u00edculo, en el video no se pueden ver las placas\u201d, dijo&nbsp;<strong>Lorenzo Antonio Portilla V\u00e1squez<\/strong><strong>&nbsp;<\/strong>el 04 de junio de 2019.<\/p>\n\n\n\n<p>Desde entonces, en el despacho de la Fiscal&nbsp;<strong>Ver\u00f3nica Hern\u00e1ndez&nbsp;<\/strong><strong>Giad\u00e1ns<\/strong>&nbsp;y en el de su colaboradora, la titular de Investigaciones Ministeriales,&nbsp;<strong>Marcela Aguilera&nbsp;<\/strong><strong>Landeta<\/strong>, no ha pasado nada. La denuncia, como se dice en el argot pol\u00edtico, ha dormido el sue\u00f1o de los justos.&nbsp;<\/p>\n\n\n\n<p>Hace unos d\u00edas, en el seno de la Asociaci\u00f3n de Comunicadores de Veracruz (ACOVER), que preside&nbsp;<strong>Melit\u00f3n Morales Dom\u00ednguez<\/strong>, la titular del ORFIS, la maestra&nbsp;<strong>Delia Gonz\u00e1lez Cobos<\/strong>&nbsp;contest\u00f3 a mi pregunta sobre el tema: \u201cAcerca de las c\u00e1maras de videovigilancia, se present\u00f3 la denuncia a nivel federal. Hay un proceso. Supimos que en relaci\u00f3n con eso hab\u00eda un procesado que era el titular de la Unidad Administrativa de Seguridad P\u00fablica.&nbsp;\u00c9l&nbsp;ten\u00eda un proceso a su cargo y estaba siendo ventilado por eso. En esos casos s\u00ed hemos estado pendientes de lo que requiera la Fiscal\u00eda para llevar a cabo procesos en contra de otros&nbsp;servidores,&nbsp;pero hasta ahora s\u00f3lo tenemos un sancionado por eso que es el titular de la Unidad Administrativa que estaba bajo proceso\u201d, indic\u00f3.<\/p>\n\n\n\n<p>Ahora, en la Gaceta Oficial del Estado, del pasado jueves 23 de octubre de 2025,&nbsp;N\u00fam. Ext. 424&nbsp;se publica un Edicto por el cual se emplaza a la persona moral denominada&nbsp;COMTELSAT SA de CV&nbsp;para comparecer personalmente a la audiencia inicial con motivo de la presunta responsabilidad que se le atribuye, la cual se efectuar\u00e1 a las 10:00 horas del d\u00eda viernes 14 de noviembre del a\u00f1o 2025 en la Direcci\u00f3n General de Responsabilidades Administrativas de la Contralor\u00eda General del Estado de Veracruz.<\/p>\n\n\n\n<p>El Edicto, signado por&nbsp;<strong>Luis Francisco Jim\u00e9nez L\u00f3pez<\/strong>,&nbsp;Director General de Responsabilidades Administrativas de la Contralor\u00eda General del Estado de Veracruz&nbsp;se encuentra radicado el Procedimiento de Responsabilidad Administrativa n\u00famero 065\/2025, derivado de la recepci\u00f3n del oficio n\u00famero OICSSP\/DRA\/0817\/2025 de fecha nueve de junio del a\u00f1o dos mil veinticinco recibido en misma data, signado por el Mtro.&nbsp;<strong>Eduardo Cabrera Ch\u00e1vez<\/strong>, Titular del \u00d3rgano Interno de Control en la Secretar\u00eda de Seguridad P\u00fablica.<\/p>\n\n\n\n<p>A trav\u00e9s del mismo&nbsp;\u201cremiti\u00f3 el Informe de Presunta Responsabilidad Administrativa de fecha seis de junio de la presente anualidad, en contra de la persona moral denominada COMTELSAT SOCIEDAD AN\u00d3NIMA DE CAPITAL VARIABLE, reca\u00eddo dentro del expediente de investigaci\u00f3n administrativa n\u00famero OICSSP\/DRA\/004\/2024 del \u00edndice del citado \u00d3rgano Interno de Control y derivado&nbsp;de la probable comisi\u00f3n de falta administrativa calificada por la autoridad investigadora como GRAVE, prevista en el art\u00edculo 71 de la Ley General de Responsabilidades Administrativas, as\u00ed como los numerales 71 y 72 fracci\u00f3n II y II de la Ley de Adquisiciones, Arrendamientos, Administraci\u00f3n y Enajenaci\u00f3n de Bienes Muebles del Estado de Veracruz de Ignacio de la Llave, en agravio del servicio p\u00fablico\u201d.<\/p>\n\n\n\n<p>\u00bfAhora s\u00ed ir\u00e1n en contra de esta empresa y se atender\u00e1 el presunto da\u00f1o patrimonial causado? Lo veremos&nbsp;a partir del 14 de noviembre. El campanazo judicial podr\u00eda ser una buena se\u00f1al del Gobierno del Estado de Veracruz para tomar distancia definitiva del Clan Yunes,&nbsp;quienes,&nbsp;protegidos por&nbsp;el Senador<strong>Ad\u00e1n Augusto L\u00f3pez Hern\u00e1ndez<\/strong>, han intentado subirse al barco del Movimiento de Regeneraci\u00f3n Nacional. Ya veremos si todo sigue siendo parte del show medi\u00e1tico o se act\u00faa conforme al marco legal.<\/p>\n\n\n\n<p><strong>@MValeraH<\/strong><\/p>\n","protected":false},"excerpt":{"rendered":"<p>Miguel Valera Contrase\u00f1as El 04 de junio de 2019, el entonces titular del \u00d3rgano de Fiscalizaci\u00f3n Superior del Estado de Veracruz (ORFIS),&nbsp;Lorenzo Antonio Portilla V\u00e1squez, present\u00f3 una denuncia de hechos ante la&nbsp;Fiscal\u00eda General&nbsp;de la Rep\u00fablica (FGR) en contra de la administraci\u00f3n del ex gobernador&nbsp;Miguel \u00c1ngel Yunes Linares, por un sistema fallido de c\u00e1maras de videovigilancia [&hellip;]<\/p>\n","protected":false},"author":2,"featured_media":141429,"comment_status":"closed","ping_status":"closed","sticky":false,"template":"","format":"standard","meta":{"tdm_status":"","tdm_grid_status":"","footnotes":""},"categories":[70],"tags":[46857,195],"class_list":{"0":"post-155308","1":"post","2":"type-post","3":"status-publish","4":"format-standard","5":"has-post-thumbnail","7":"category-de-opinion","8":"tag-lorenzo-portilla-vasquez","9":"tag-veracruz"},"yoast_head":"<!-- This site is optimized with the Yoast SEO plugin v27.4 - https:\/\/yoast.com\/product\/yoast-seo-wordpress\/ -->\n<title>LAS VIDEOC\u00c1MARAS DE MAYL\u2026 - Los pol\u00edticos Veracruz<\/title>\n<meta name=\"robots\" content=\"index, follow, max-snippet:-1, max-image-preview:large, max-video-preview:-1\" \/>\n<link rel=\"canonical\" href=\"https:\/\/lospoliticosveracruz.com\/?p=155308\" \/>\n<meta property=\"og:locale\" content=\"es_ES\" \/>\n<meta property=\"og:type\" content=\"article\" \/>\n<meta property=\"og:title\" content=\"LAS VIDEOC\u00c1MARAS DE MAYL\u2026 - Los pol\u00edticos Veracruz\" \/>\n<meta property=\"og:description\" content=\"Miguel Valera Contrase\u00f1as El 04 de junio de 2019, el entonces titular del \u00d3rgano de Fiscalizaci\u00f3n Superior del Estado de Veracruz (ORFIS),&nbsp;Lorenzo Antonio Portilla V\u00e1squez, present\u00f3 una denuncia de hechos ante la&nbsp;Fiscal\u00eda General&nbsp;de la Rep\u00fablica (FGR) en contra de la administraci\u00f3n del ex gobernador&nbsp;Miguel \u00c1ngel Yunes Linares, por un sistema fallido de c\u00e1maras de videovigilancia [&hellip;]\" \/>\n<meta property=\"og:url\" content=\"https:\/\/lospoliticosveracruz.com\/?p=155308\" \/>\n<meta property=\"og:site_name\" content=\"Los pol\u00edticos Veracruz\" \/>\n<meta property=\"article:publisher\" content=\"https:\/\/www.facebook.com\/people\/Notimemes-de-los-Polticos\/61565672886568\/\" \/>\n<meta property=\"article:published_time\" content=\"2025-10-27T03:39:28+00:00\" \/>\n<meta property=\"article:modified_time\" content=\"2025-10-27T03:39:46+00:00\" \/>\n<meta property=\"og:image\" content=\"https:\/\/lospoliticosveracruz.com\/wp-content\/uploads\/2025\/04\/Miguel-Valera.jpg\" \/>\n\t<meta property=\"og:image:width\" content=\"1250\" \/>\n\t<meta property=\"og:image:height\" content=\"667\" \/>\n\t<meta property=\"og:image:type\" content=\"image\/jpeg\" \/>\n<meta name=\"author\" content=\"Lo viste en Los Pol\u00edticos\" \/>\n<meta name=\"twitter:card\" content=\"summary_large_image\" \/>\n<meta name=\"twitter:creator\" content=\"@LosPoliticosVer\" \/>\n<meta name=\"twitter:site\" content=\"@LosPoliticosVer\" \/>\n<meta name=\"twitter:label1\" content=\"Escrito por\" \/>\n\t<meta name=\"twitter:data1\" content=\"Lo viste en Los Pol\u00edticos\" \/>\n\t<meta name=\"twitter:label2\" content=\"Tiempo de lectura\" \/>\n\t<meta name=\"twitter:data2\" content=\"5 minutos\" \/>\n<script type=\"application\/ld+json\" class=\"yoast-schema-graph\">{\"@context\":\"https:\\\/\\\/schema.org\",\"@graph\":[{\"@type\":\"Article\",\"@id\":\"https:\\\/\\\/lospoliticosveracruz.com\\\/?p=155308#article\",\"isPartOf\":{\"@id\":\"https:\\\/\\\/lospoliticosveracruz.com\\\/?p=155308\"},\"author\":{\"name\":\"Lo viste en Los Pol\u00edticos\",\"@id\":\"https:\\\/\\\/lospoliticosveracruz.com\\\/#\\\/schema\\\/person\\\/b8702bb0e538456e6efd07080bf2a4a2\"},\"headline\":\"LAS VIDEOC\u00c1MARAS DE MAYL\u2026\",\"datePublished\":\"2025-10-27T03:39:28+00:00\",\"dateModified\":\"2025-10-27T03:39:46+00:00\",\"mainEntityOfPage\":{\"@id\":\"https:\\\/\\\/lospoliticosveracruz.com\\\/?p=155308\"},\"wordCount\":1092,\"publisher\":{\"@id\":\"https:\\\/\\\/lospoliticosveracruz.com\\\/#organization\"},\"image\":{\"@id\":\"https:\\\/\\\/lospoliticosveracruz.com\\\/?p=155308#primaryimage\"},\"thumbnailUrl\":\"https:\\\/\\\/lospoliticosveracruz.com\\\/wp-content\\\/uploads\\\/2025\\\/04\\\/Miguel-Valera.jpg\",\"keywords\":[\"Lorenzo Portilla V\u00e1squez\",\"Veracruz\"],\"articleSection\":[\"De Opini\u00f3n\"],\"inLanguage\":\"es\"},{\"@type\":\"WebPage\",\"@id\":\"https:\\\/\\\/lospoliticosveracruz.com\\\/?p=155308\",\"url\":\"https:\\\/\\\/lospoliticosveracruz.com\\\/?p=155308\",\"name\":\"LAS VIDEOC\u00c1MARAS DE MAYL\u2026 - Los pol\u00edticos Veracruz\",\"isPartOf\":{\"@id\":\"https:\\\/\\\/lospoliticosveracruz.com\\\/#website\"},\"primaryImageOfPage\":{\"@id\":\"https:\\\/\\\/lospoliticosveracruz.com\\\/?p=155308#primaryimage\"},\"image\":{\"@id\":\"https:\\\/\\\/lospoliticosveracruz.com\\\/?p=155308#primaryimage\"},\"thumbnailUrl\":\"https:\\\/\\\/lospoliticosveracruz.com\\\/wp-content\\\/uploads\\\/2025\\\/04\\\/Miguel-Valera.jpg\",\"datePublished\":\"2025-10-27T03:39:28+00:00\",\"dateModified\":\"2025-10-27T03:39:46+00:00\",\"breadcrumb\":{\"@id\":\"https:\\\/\\\/lospoliticosveracruz.com\\\/?p=155308#breadcrumb\"},\"inLanguage\":\"es\",\"potentialAction\":[{\"@type\":\"ReadAction\",\"target\":[\"https:\\\/\\\/lospoliticosveracruz.com\\\/?p=155308\"]}]},{\"@type\":\"ImageObject\",\"inLanguage\":\"es\",\"@id\":\"https:\\\/\\\/lospoliticosveracruz.com\\\/?p=155308#primaryimage\",\"url\":\"https:\\\/\\\/lospoliticosveracruz.com\\\/wp-content\\\/uploads\\\/2025\\\/04\\\/Miguel-Valera.jpg\",\"contentUrl\":\"https:\\\/\\\/lospoliticosveracruz.com\\\/wp-content\\\/uploads\\\/2025\\\/04\\\/Miguel-Valera.jpg\",\"width\":1250,\"height\":667},{\"@type\":\"BreadcrumbList\",\"@id\":\"https:\\\/\\\/lospoliticosveracruz.com\\\/?p=155308#breadcrumb\",\"itemListElement\":[{\"@type\":\"ListItem\",\"position\":1,\"name\":\"Portada\",\"item\":\"https:\\\/\\\/lospoliticosveracruz.com\\\/\"},{\"@type\":\"ListItem\",\"position\":2,\"name\":\"LAS VIDEOC\u00c1MARAS DE MAYL\u2026\"}]},{\"@type\":\"WebSite\",\"@id\":\"https:\\\/\\\/lospoliticosveracruz.com\\\/#website\",\"url\":\"https:\\\/\\\/lospoliticosveracruz.com\\\/\",\"name\":\"Los pol\u00edticos Veracruz\",\"description\":\"\",\"publisher\":{\"@id\":\"https:\\\/\\\/lospoliticosveracruz.com\\\/#organization\"},\"potentialAction\":[{\"@type\":\"SearchAction\",\"target\":{\"@type\":\"EntryPoint\",\"urlTemplate\":\"https:\\\/\\\/lospoliticosveracruz.com\\\/?s={search_term_string}\"},\"query-input\":{\"@type\":\"PropertyValueSpecification\",\"valueRequired\":true,\"valueName\":\"search_term_string\"}}],\"inLanguage\":\"es\"},{\"@type\":\"Organization\",\"@id\":\"https:\\\/\\\/lospoliticosveracruz.com\\\/#organization\",\"name\":\"Los pol\u00edticos Veracruz\",\"url\":\"https:\\\/\\\/lospoliticosveracruz.com\\\/\",\"logo\":{\"@type\":\"ImageObject\",\"inLanguage\":\"es\",\"@id\":\"https:\\\/\\\/lospoliticosveracruz.com\\\/#\\\/schema\\\/logo\\\/image\\\/\",\"url\":\"https:\\\/\\\/lospoliticosveracruz.com\\\/wp-content\\\/uploads\\\/2025\\\/12\\\/Logo-Nuevo-LOS-POLITICOS-1.jpg\",\"contentUrl\":\"https:\\\/\\\/lospoliticosveracruz.com\\\/wp-content\\\/uploads\\\/2025\\\/12\\\/Logo-Nuevo-LOS-POLITICOS-1.jpg\",\"width\":260,\"height\":70,\"caption\":\"Los pol\u00edticos Veracruz\"},\"image\":{\"@id\":\"https:\\\/\\\/lospoliticosveracruz.com\\\/#\\\/schema\\\/logo\\\/image\\\/\"},\"sameAs\":[\"https:\\\/\\\/www.facebook.com\\\/people\\\/Notimemes-de-los-Polticos\\\/61565672886568\\\/\",\"https:\\\/\\\/x.com\\\/LosPoliticosVer\"]},{\"@type\":\"Person\",\"@id\":\"https:\\\/\\\/lospoliticosveracruz.com\\\/#\\\/schema\\\/person\\\/b8702bb0e538456e6efd07080bf2a4a2\",\"name\":\"Lo viste en Los Pol\u00edticos\",\"image\":{\"@type\":\"ImageObject\",\"inLanguage\":\"es\",\"@id\":\"https:\\\/\\\/secure.gravatar.com\\\/avatar\\\/3a8de04a2656d44082be478bd6c086daa447c4651605818287b9532d3d0bd435?s=96&d=mm&r=g\",\"url\":\"https:\\\/\\\/secure.gravatar.com\\\/avatar\\\/3a8de04a2656d44082be478bd6c086daa447c4651605818287b9532d3d0bd435?s=96&d=mm&r=g\",\"contentUrl\":\"https:\\\/\\\/secure.gravatar.com\\\/avatar\\\/3a8de04a2656d44082be478bd6c086daa447c4651605818287b9532d3d0bd435?s=96&d=mm&r=g\",\"caption\":\"Lo viste en Los Pol\u00edticos\"},\"url\":\"https:\\\/\\\/lospoliticosveracruz.com\\\/?author=2\"}]}<\/script>\n<!-- \/ Yoast SEO plugin. -->","yoast_head_json":{"title":"LAS VIDEOC\u00c1MARAS DE MAYL\u2026 - Los pol\u00edticos Veracruz","robots":{"index":"index","follow":"follow","max-snippet":"max-snippet:-1","max-image-preview":"max-image-preview:large","max-video-preview":"max-video-preview:-1"},"canonical":"https:\/\/lospoliticosveracruz.com\/?p=155308","og_locale":"es_ES","og_type":"article","og_title":"LAS VIDEOC\u00c1MARAS DE MAYL\u2026 - Los pol\u00edticos Veracruz","og_description":"Miguel Valera Contrase\u00f1as El 04 de junio de 2019, el entonces titular del \u00d3rgano de Fiscalizaci\u00f3n Superior del Estado de Veracruz (ORFIS),&nbsp;Lorenzo Antonio Portilla V\u00e1squez, present\u00f3 una denuncia de hechos ante la&nbsp;Fiscal\u00eda General&nbsp;de la Rep\u00fablica (FGR) en contra de la administraci\u00f3n del ex gobernador&nbsp;Miguel \u00c1ngel Yunes Linares, por un sistema fallido de c\u00e1maras de videovigilancia [&hellip;]","og_url":"https:\/\/lospoliticosveracruz.com\/?p=155308","og_site_name":"Los pol\u00edticos Veracruz","article_publisher":"https:\/\/www.facebook.com\/people\/Notimemes-de-los-Polticos\/61565672886568\/","article_published_time":"2025-10-27T03:39:28+00:00","article_modified_time":"2025-10-27T03:39:46+00:00","og_image":[{"width":1250,"height":667,"url":"https:\/\/lospoliticosveracruz.com\/wp-content\/uploads\/2025\/04\/Miguel-Valera.jpg","type":"image\/jpeg"}],"author":"Lo viste en Los Pol\u00edticos","twitter_card":"summary_large_image","twitter_creator":"@LosPoliticosVer","twitter_site":"@LosPoliticosVer","twitter_misc":{"Escrito por":"Lo viste en Los Pol\u00edticos","Tiempo de lectura":"5 minutos"},"schema":{"@context":"https:\/\/schema.org","@graph":[{"@type":"Article","@id":"https:\/\/lospoliticosveracruz.com\/?p=155308#article","isPartOf":{"@id":"https:\/\/lospoliticosveracruz.com\/?p=155308"},"author":{"name":"Lo viste en Los Pol\u00edticos","@id":"https:\/\/lospoliticosveracruz.com\/#\/schema\/person\/b8702bb0e538456e6efd07080bf2a4a2"},"headline":"LAS VIDEOC\u00c1MARAS DE MAYL\u2026","datePublished":"2025-10-27T03:39:28+00:00","dateModified":"2025-10-27T03:39:46+00:00","mainEntityOfPage":{"@id":"https:\/\/lospoliticosveracruz.com\/?p=155308"},"wordCount":1092,"publisher":{"@id":"https:\/\/lospoliticosveracruz.com\/#organization"},"image":{"@id":"https:\/\/lospoliticosveracruz.com\/?p=155308#primaryimage"},"thumbnailUrl":"https:\/\/lospoliticosveracruz.com\/wp-content\/uploads\/2025\/04\/Miguel-Valera.jpg","keywords":["Lorenzo Portilla V\u00e1squez","Veracruz"],"articleSection":["De Opini\u00f3n"],"inLanguage":"es"},{"@type":"WebPage","@id":"https:\/\/lospoliticosveracruz.com\/?p=155308","url":"https:\/\/lospoliticosveracruz.com\/?p=155308","name":"LAS VIDEOC\u00c1MARAS DE MAYL\u2026 - Los pol\u00edticos Veracruz","isPartOf":{"@id":"https:\/\/lospoliticosveracruz.com\/#website"},"primaryImageOfPage":{"@id":"https:\/\/lospoliticosveracruz.com\/?p=155308#primaryimage"},"image":{"@id":"https:\/\/lospoliticosveracruz.com\/?p=155308#primaryimage"},"thumbnailUrl":"https:\/\/lospoliticosveracruz.com\/wp-content\/uploads\/2025\/04\/Miguel-Valera.jpg","datePublished":"2025-10-27T03:39:28+00:00","dateModified":"2025-10-27T03:39:46+00:00","breadcrumb":{"@id":"https:\/\/lospoliticosveracruz.com\/?p=155308#breadcrumb"},"inLanguage":"es","potentialAction":[{"@type":"ReadAction","target":["https:\/\/lospoliticosveracruz.com\/?p=155308"]}]},{"@type":"ImageObject","inLanguage":"es","@id":"https:\/\/lospoliticosveracruz.com\/?p=155308#primaryimage","url":"https:\/\/lospoliticosveracruz.com\/wp-content\/uploads\/2025\/04\/Miguel-Valera.jpg","contentUrl":"https:\/\/lospoliticosveracruz.com\/wp-content\/uploads\/2025\/04\/Miguel-Valera.jpg","width":1250,"height":667},{"@type":"BreadcrumbList","@id":"https:\/\/lospoliticosveracruz.com\/?p=155308#breadcrumb","itemListElement":[{"@type":"ListItem","position":1,"name":"Portada","item":"https:\/\/lospoliticosveracruz.com\/"},{"@type":"ListItem","position":2,"name":"LAS VIDEOC\u00c1MARAS DE MAYL\u2026"}]},{"@type":"WebSite","@id":"https:\/\/lospoliticosveracruz.com\/#website","url":"https:\/\/lospoliticosveracruz.com\/","name":"Los pol\u00edticos Veracruz","description":"","publisher":{"@id":"https:\/\/lospoliticosveracruz.com\/#organization"},"potentialAction":[{"@type":"SearchAction","target":{"@type":"EntryPoint","urlTemplate":"https:\/\/lospoliticosveracruz.com\/?s={search_term_string}"},"query-input":{"@type":"PropertyValueSpecification","valueRequired":true,"valueName":"search_term_string"}}],"inLanguage":"es"},{"@type":"Organization","@id":"https:\/\/lospoliticosveracruz.com\/#organization","name":"Los pol\u00edticos Veracruz","url":"https:\/\/lospoliticosveracruz.com\/","logo":{"@type":"ImageObject","inLanguage":"es","@id":"https:\/\/lospoliticosveracruz.com\/#\/schema\/logo\/image\/","url":"https:\/\/lospoliticosveracruz.com\/wp-content\/uploads\/2025\/12\/Logo-Nuevo-LOS-POLITICOS-1.jpg","contentUrl":"https:\/\/lospoliticosveracruz.com\/wp-content\/uploads\/2025\/12\/Logo-Nuevo-LOS-POLITICOS-1.jpg","width":260,"height":70,"caption":"Los pol\u00edticos Veracruz"},"image":{"@id":"https:\/\/lospoliticosveracruz.com\/#\/schema\/logo\/image\/"},"sameAs":["https:\/\/www.facebook.com\/people\/Notimemes-de-los-Polticos\/61565672886568\/","https:\/\/x.com\/LosPoliticosVer"]},{"@type":"Person","@id":"https:\/\/lospoliticosveracruz.com\/#\/schema\/person\/b8702bb0e538456e6efd07080bf2a4a2","name":"Lo viste en Los Pol\u00edticos","image":{"@type":"ImageObject","inLanguage":"es","@id":"https:\/\/secure.gravatar.com\/avatar\/3a8de04a2656d44082be478bd6c086daa447c4651605818287b9532d3d0bd435?s=96&d=mm&r=g","url":"https:\/\/secure.gravatar.com\/avatar\/3a8de04a2656d44082be478bd6c086daa447c4651605818287b9532d3d0bd435?s=96&d=mm&r=g","contentUrl":"https:\/\/secure.gravatar.com\/avatar\/3a8de04a2656d44082be478bd6c086daa447c4651605818287b9532d3d0bd435?s=96&d=mm&r=g","caption":"Lo viste en Los Pol\u00edticos"},"url":"https:\/\/lospoliticosveracruz.com\/?author=2"}]}},"_links":{"self":[{"href":"https:\/\/lospoliticosveracruz.com\/index.php?rest_route=\/wp\/v2\/posts\/155308","targetHints":{"allow":["GET"]}}],"collection":[{"href":"https:\/\/lospoliticosveracruz.com\/index.php?rest_route=\/wp\/v2\/posts"}],"about":[{"href":"https:\/\/lospoliticosveracruz.com\/index.php?rest_route=\/wp\/v2\/types\/post"}],"author":[{"embeddable":true,"href":"https:\/\/lospoliticosveracruz.com\/index.php?rest_route=\/wp\/v2\/users\/2"}],"replies":[{"embeddable":true,"href":"https:\/\/lospoliticosveracruz.com\/index.php?rest_route=%2Fwp%2Fv2%2Fcomments&post=155308"}],"version-history":[{"count":2,"href":"https:\/\/lospoliticosveracruz.com\/index.php?rest_route=\/wp\/v2\/posts\/155308\/revisions"}],"predecessor-version":[{"id":155310,"href":"https:\/\/lospoliticosveracruz.com\/index.php?rest_route=\/wp\/v2\/posts\/155308\/revisions\/155310"}],"wp:featuredmedia":[{"embeddable":true,"href":"https:\/\/lospoliticosveracruz.com\/index.php?rest_route=\/wp\/v2\/media\/141429"}],"wp:attachment":[{"href":"https:\/\/lospoliticosveracruz.com\/index.php?rest_route=%2Fwp%2Fv2%2Fmedia&parent=155308"}],"wp:term":[{"taxonomy":"category","embeddable":true,"href":"https:\/\/lospoliticosveracruz.com\/index.php?rest_route=%2Fwp%2Fv2%2Fcategories&post=155308"},{"taxonomy":"post_tag","embeddable":true,"href":"https:\/\/lospoliticosveracruz.com\/index.php?rest_route=%2Fwp%2Fv2%2Ftags&post=155308"}],"curies":[{"name":"wp","href":"https:\/\/api.w.org\/{rel}","templated":true}]}}