{"id":155311,"date":"2025-10-26T23:11:13","date_gmt":"2025-10-27T05:11:13","guid":{"rendered":"https:\/\/lospoliticosveracruz.com.mx\/?p=155311"},"modified":"2025-10-26T23:11:23","modified_gmt":"2025-10-27T05:11:23","slug":"tiene-sede-el-poder","status":"publish","type":"post","link":"https:\/\/lospoliticosveracruz.com\/?p=155311","title":{"rendered":"TIENE SEDE EL PODER?"},"content":{"rendered":"\n<p><strong>Inocencio Y\u00e1\u00f1ez Vicencio<\/strong><\/p>\n\n\n\n<p>Cu\u00e1l es la sede del Poder? Para las tesis Paulinas todo poder viene de Dios. Algunas veces como recompensa, otras como castigo. Ya sabemos que desde la perspectiva todo tiene respuesta y todo est\u00e1 en sus escrituras. En esta l\u00ednea se inscribe la versi\u00f3n del pecado original. El poder terrenal aparece desde que el hombre fue lanzado del para\u00edso. Claro que entre no pecadores es inconcebible la pol\u00edtica, ya que la pol\u00edtica tiene como objeto encauzar diferencias , por eso toda pretensi\u00f3n de bajar el modelo de gobierno del cielo ser\u00eda bajar un modelo totalitario, con un monarca infalible y un pueblo uniforme, por lo que no requiere de pol\u00edtica. Por eso la misma Ciudad de Dios, tiene var\u00edas interpretaciones. Algunos la conciben como hogar s\u00f3lo de los miembros de la comunidad cat\u00f3lica, con lo que m\u00e1s que predicacar un culto hacen propaganda.<br>Entre los que comparten las visiones teol\u00f3gicas del Poder, existen concepciones diferentes. Para algunos el poder nace justamente ah\u00ed donde el hombre tiene que enfrentar fuerzas tanto de la naturaleza como de todo su entorno. Nece desde el momento que tiene que asociarse para hacer frente a bestias que lo superen en fuerza o tiene que luchar contra fen\u00f3menos adversos.<br>No son pocos los que ven el origen del poder en las batallas contra amenazas externas.<br>Arist\u00f3teles vio el origen del poder en la familia. Hay quienes hablan de matriarcado y patriarcado.<br>Lo que parece estar consensuado es que la relaci\u00f3n de mando y obediencia conoci\u00f3 un par\u00e9ntesis, particular, pero par\u00e9ntesis, que aunque no fue el \u00fanico, dej\u00f3 una impronta que sigue reclamando su lugar y que algunas de sus reglas y valores retumban hasta hoy, sin ser vistas con agrado por algunos que, dada su llegutimidad, las adoptan \u00fanicamente para recubrir reg\u00edmenes opresores.<br>Fueron las reformas de Sol\u00f3n, en 598 antes de Cristo las que crearon las condiciones para que Clistines, interrumpiera la tiran\u00eda de Pisistrato y fundara en el 507 antes de Cristo, la democracia, gobierno sustentado en los demos.<br>En esa experiencia democr\u00e1tica, caracterizada por la igualdad en la palabra, el Poder surge del debate, la deliberaci\u00f3n, la discusi\u00f3n, el acuerdo, el consenso y la decisi\u00f3n. Con mucha raz\u00f3n dice Finley, que ah\u00ed nace la pol\u00edtica. Esta es la raz\u00f3n por la que Hanna Arendt, dice: maldito el mando!<br>Un pensador de credenciales indiscutiblemente de izquierda, en libro de cabecera de la izquierda consecuente titulado: Poder pol\u00edtico y clases sociales en el Estado capitalista, dice que: Las diversas instituciones sociales, y m\u00e1s particularmente la instituci\u00f3n del Estado, no tienen poder, propiamente hablando( Nicos Poulantzas. Siglo XXI. Editores. 21 edici\u00f3n. P\u00e1gs. 139 y 140 ).<br>Para Poulantzas el poder pol\u00edtico es una relaci\u00f3n social, est\u00e1 en la correlaci\u00f3n de fuerzas que lo expresa y el Estado s\u00f3lo es su m\u00e1s relevante centro de expresi\u00f3n. No es que desmienta Weber sino que va al fondo. No olvidemos que Weber es un pensador burgu\u00e9s y por lo tanto idekogo de una forma de dominaci\u00f3n que se presenta y trata de legitimarse haci\u00e9ndose pasar como neutra, si no negando las clases y la lucha de clases, situ\u00e1ndose por encima de ellas. Esto es lo que niegan los falsos izquierdistas y uno que otro residuo de r\u00f3tulos decadentes que su falta de escr\u00fapulos ya los envi\u00f3 a la banca y andan de buscachambas de intelectuales org\u00e1nicos.<br>Tanta cantaleta de pueblo, pero para Morena, en su concepto de pueblo no caben m\u00e1s que sus c\u00f3mplices, inclu\u00eddos los beneficiarios de su estrategia de abrazos, no balazos, que ya son tan de la familia, pero tan que primero eran socios, hoy opera La Barredora, desde dentro,con el secretario de seguridad del Gobierno de Tabasco, que ya lo tienen apresado pero nada sabemos de sus conexiones.<br>Est\u00e1n apelando a un concepto de pueblo, para colmo, org\u00e1nico, monol\u00edtico, holistico, donde s\u00f3lo uno habla y decide por ese cuerpo que debe ser uniforme, por lo que han emprendido una limpia de disidentes y planean callar todas las voces y todo lo que se resista a una voluntad que desde Palacio Nacional, genera la voluntad legislativa, aplica la ley y la ejecuta.<br>No nos extra\u00f1a su ficci\u00f3n de pueblo, que ya el m\u00e1s grande te\u00f3rico del nuevo populismo, Ernesto Laclau, advert\u00eda que era ambiguo, sino que al reducirlo a un ente org\u00e1nico nieguen la pol\u00edtica, lo que no es ajeno al destino de supresi\u00f3n que le espera la pol\u00edtica, cuando finalmente, logren poner fin a las clases sociales, por lo que al haber \u00fanicamente la clase trabajadora, no tendr\u00eda raz\u00f3n de existir la pol\u00edtica. Para toda dictadura la pol\u00edtica estorba. Porfirio D\u00edaz, dec\u00eda: mucha administraci\u00f3n, poca pol\u00edtica. Los grupos oligarquicos llenan de lodo todo lo que es pol\u00edtica. Para ellos la pol\u00edtica y los partidos, que de alguna manera manifiestan la diversidad, dividen lo que es monol\u00edtico. La lectura m\u00e1s ligera de los textos can\u00f3nicos de los fundadores del socialismo cient\u00edfico, ilumina, que en todo caso el poder, tendr\u00eda asiento, de tenerlo, en las clases dominantes y no en un concepto de pueblo uniforme, en una sociedad dividida en clases sociales.<br>Apelar a entes metaf\u00edsicos para legitimar el poder no es nuevo. Los siete reyes romanos invocaban a sus dioses, hasta que el \u00faltimo, Tarquino el Soberbio, fue reemplazado, en un hecho violento por los c\u00f3nsules Bruto y Colatino, en el 507-10 antes de Cristo, dando nacimiento a la Rep\u00fablica, a un gobierno de contrapesos, que dura hasta que Julio C\u00e9sar, pasa sobre el Senado y es asesinado en el 44 antes de Cristo, que al sucederle Augusto, abre un r\u00e9gimen que reduce el Senado a pura fachada, por lo que se conoce primero como principado y posteriormente como Imperio Romano. En accidente termina en el 476 y en Oriente en 1453. Con los emperadores tiene lugar la mayor concentraci\u00f3n de poder conocida hasta entonces, pero a\u00fan entonces el poder , que , sobre todo en sus primeros siglos, no obstante que lo abarca todo, no tiene sede, es una relaci\u00f3n de fuerzas. Las legiones aclaman y el Senado unge. Posteriormente bajo la falsa donaci\u00f3n de Constantino, la Iglesia Cat\u00f3lica, toma hasta su simbolog\u00eda para dominar esp\u00edritual y terrenalmente el mundo, dominio que va a caer, con diversos grados, sobre toda la Edad Media.<br>A la desintegraci\u00f3n del Imperio de Occidente, generales, caudillos y pr\u00edncipes van a dar vida a reinos que pasando por el Colonato, establecen relaciones de vasallaje y servidumbre. Por los siglos ocho y nueve se escenifican las relaciones de siervo y se\u00f1or y protecci\u00f3n de menor a mayor. Si bien es cierto que las relaciones se\u00f1oriales eran m\u00e1s flexibles que las esclavas , no dejaban de ser de explotacion despiadada. En tanto los emperadores se cre\u00edan dioses, los reyes del medievo le atribu\u00edan un or\u00edgen divino. Los reyes establecieron su dinast\u00eda y se apegaron a la Ley S\u00e1lica. Esto dio paso a muchos problemas. Reynosa se formaron y se deshicieron por guerras y matrimonios.<br>Por qu\u00e9 muchos reyes, no todos, algunaos fueron elector, daban un or\u00edgen divino al poder de ellos y su realeza? Porque nunca se ha podido lograr la obediencia \u00fanicamente usando la fuerza,necesitan de religi\u00f3n, mentiras, enga\u00f1os, apariencias, simulaciones, recubrimientos ideol\u00f3gicos, para ser aceptados, al grado que hubo Reyes traumaturgos, que la gente les ve\u00eda dones de curar.<br>No obstante no faltaron rebeliones de esclavos, como la de Espartaco, los levantamientos en Inglaterra en el siglo XIV o en Alemania, que el reaccionario de Mart\u00edn Lutero, llam\u00f3 a masacrar. Rebeliones comuneras en Espa\u00f1a.<br>La rebeli\u00f3n de 1215 de los barones contra el rey Juan Sin Tierra, contra sus pol\u00edticas arbitrarias, la confrontaci\u00f3n en Arag\u00f3n y Castilla de El Justicia Mayor, la oposici\u00f3n en Francia de los estamentos en la batalla conocida como la Fronda, muestra que el absolutismo, ni siquiera con su apelaci\u00f3n a la divinidad tuvo plena aceptaci\u00f3n, muy a pesar de sus grandes te\u00f3ricos que lo defendieron como Hobbes o Jean Bodino, que argumentaron a su favor.<br>Grandes pensadores construyeron tesis en contra de la concentraci\u00f3n del Poder. Marsilio De Padua, Althusius, Hamilton, Montesquieu, Tocqueville, hasta Laski, Dahl, Rosanvallon, lindando algunas veces con Proudhon , Bakunin y Rocker, que proponen una federaci\u00f3n de comunas. Si bien es cierto que la centralizaci\u00f3n del poder fue determinante para la aparici\u00f3n del Imperio Romano, para la existencia de Estados Unidos, la existencia de Alemania en 1871. Tambi\u00e9n es cierto que la fallida centralizaci\u00f3n de Polonia la condujo a su casi desaparici\u00f3n, es indudable que centralizaci\u00f3n sin l\u00edmites arrastra a la p\u00e9rdida de las libertades.<br>Con la Revoluci\u00f3n francesa se traslada la soberan\u00eda, es decir para decidir las leyes y las guerras, del monarca al pueblo, un pueblo que fue dejando de ser espectador a actor, con la ampliaci\u00f3n del voto, pero que se anula asaltando los \u00f3rganos electorales y manipulando la votaci\u00f3n, como hoy lo hace Morena.<br>Hace unas semanas hacia referencia a un libro de coautor\u00eda de. Zygmunt Bauman y Calo Bordoni, titulado Estado de Crisis, editado por Paid\u00f3s, en que en un di\u00e1logo muy claro nos explican la manera en que la pol\u00edtica fue poca a poco despojada de un abanico Fundamental de decisiones hasta quedar hecha una caricatura, donde el Estado b\u00e1sicamente tiene como funci\u00f3n velar por un \u00f3rden que cuando se rompe bien podemos decir que estamos ante un Estado fallido, como es el caso de M\u00e9xico, y particularmente Veracruz, por lo que cuando Roc\u00edo Nahle, declar\u00f3 que los votantes le hab\u00edan dado: todito, todito el poder, expres\u00e9 que est\u00e1bamos ante un inminente desastre, dado que ignoraba o pretend\u00eda ignorar que los electores, en una sociedad organizada jur\u00eddicamente, quienes votan, deciden qui\u00e9n debe ocupar tal o cu\u00e1l funci\u00f3n, pero de ninguna forma otorgan poder, ese viene de la Constituci\u00f3n, y no s\u00f3lo eso, desconoce que las instituciones, como lo precisa Poulantzas, expresan la correlaci\u00f3n de fuerzas. Para que me entienda la Zacatecana: ella puede pisotear la Constituci\u00f3n formal, puede verla como hoja de papel mojado, pero la Constituci\u00f3n que defin\u00eda, el fundar de la socialdemocracia, Fernando Lassalle, como factores reales de poder, esa no, al menos sin exponerse a la tragedia de muchos que pretendieron ignorarla. No voy lejos.<br>El cuerpo diplom\u00e1tico que en septiembre de 1910 asisti\u00f3 a las fiestas del Centenario de la Independencia, admiraban la paz que reinaba en M\u00e9xico, a tal grado, que fueron los m\u00e1s sorprendido que un gobernante que acababa de ser electo por los seis a\u00f1os siguientes, fuera derribado por las masas que juraba lo quer\u00edan tanto, teniendo que irse con su oro que hab\u00eda robado a vivir como rey a Francis, pero sin Corona. pa\u00eds que condenado al sinverg\u00fcenza de Sarkosy, alienta nuestra fe en la Justicia.<br>Ignorar que hoy el Estado nada tiene que ver con los asuntos familiares, religiosos, deportivos, bancarios, financieros, comerciales y econ\u00f3micos, que ha sido reducido a un guardi\u00e1n nocturno de las relaciones econ\u00f3micas capitalistas, le hubiera ayudado a Roc\u00edo y a Claudia, hacer el rid\u00edculo y el desastre que realizan. Han fracasado en el manejo de sus propios ingresos y en las obras que han emprendido porque todo lo hacen para no ser llevados ante los tribunales por sus sinverg\u00fcenzadas y asegurarse las mayor\u00edas.<br>Manejar la administraci\u00f3n con el mismo criterio que nacieron las Casas Reales, con un criterio dom\u00e9stico, con los mismos par\u00e1metros que reclutan a sus trabajadores dom\u00e9sticos, ha resultado que integre el gabinete m\u00e1s mediocre de la historia de Veracruz, nulo e incompetente. As\u00ed como anticipe que Nahle ser\u00eda peor que Cuitl\u00e1huac, tengo la primicia nada satisfactoria de hacer p\u00fablico que hab\u00eda instrucciones de promover ataques contra todos los cr\u00edticos de la gobernardora, dentro y fuera del gobierno, como se ha confirmado por la presencia y funciones de la comadre.<br>En el Congreso de Veracruz, era de esperarse que se destapara como vil guardaespaldas de Roc\u00edo, desde el momento que contrat\u00f3 como jefe de comunicaci\u00f3n a lo peor del periodismo, no s\u00f3lo por su manifiesta mediocridad sino porque \u00fanicamente es conocido por dedicarse a destruir honras de ajenos a su horda, que vuelvo, como creen que el Poder tiene su sede en un Palacio, son incapaces de ver qu\u00e9 en la medida que rompen alianzas m\u00e1s r\u00e1pido pierden influencia.<br>Hace no poco que la teor\u00eda de la soberan\u00eda, que pretenden ignorar que surgi\u00f3 pera defender el poder absoluto de los monarcas no s\u00f3lo qued\u00f3 hecha a\u00f1icos por el desarrollo de la misma relaci\u00f3n del Estado con sus ciudadanos y dem\u00e1s entes, que con bastante puntualidad han advertido pensadores de ayer y hoy como Althusius , Hamilton y m\u00e1s reciente el gran te\u00f3rico del laborismo ingl\u00e9s, Harold Laski, que vi\u00f3 acertadamente como la soberan\u00eda se distribu\u00eda en diferentes agentes. Robert Dahl, en su gran libro Poliarquia, describi\u00f3 una realidad plural, que sepulta la concepci\u00f3n absolutista de la soberan\u00eda.<br>Hoy que sabemos c\u00f3mo se instruye lanzar infundios a las personas que Nahle ha escogido como sus enemigos, lo menos que podemos hacer es convertir en enemigos a sus enemigos. Si ella insiste en denigrar a sus cr\u00edticos y competidores, que insista, m\u00e1s pronto har\u00e1 cambiar la correlacion de fuerzas y tarde descubrir\u00e1 que la sede del poder no est\u00e1 en el Palacio, ese es, en un momento dado, su principal centro de expresi\u00f3n, pero nadie tiene garantizado que as\u00ed ser\u00e1 siempre y si no que interroguen a la historia. Entre m\u00e1s frentes abra y m\u00e1s deje de cumplir el Estado con su funci\u00f3n b\u00e1sica de dar seguridad, la permanencia de Roc\u00edo Nahle, en el gobierno servir\u00e1 para que la poblaci\u00f3n no \u00fanicamente piense en que se vaya, sino lo m\u00e1s importante, en una alternativa a la simulaci\u00f3n, a la mentira, a la rapi\u00f1a y al gobierno de una sola voluntad.<\/p>\n","protected":false},"excerpt":{"rendered":"<p>Inocencio Y\u00e1\u00f1ez Vicencio Cu\u00e1l es la sede del Poder? Para las tesis Paulinas todo poder viene de Dios. Algunas veces como recompensa, otras como castigo. Ya sabemos que desde la perspectiva todo tiene respuesta y todo est\u00e1 en sus escrituras. En esta l\u00ednea se inscribe la versi\u00f3n del pecado original. El poder terrenal aparece desde [&hellip;]<\/p>\n","protected":false},"author":2,"featured_media":141387,"comment_status":"closed","ping_status":"closed","sticky":false,"template":"","format":"standard","meta":{"tdm_status":"","tdm_grid_status":"","footnotes":""},"categories":[70],"tags":[8256],"class_list":{"0":"post-155311","1":"post","2":"type-post","3":"status-publish","4":"format-standard","5":"has-post-thumbnail","7":"category-de-opinion","8":"tag-inocencio-yanez-vicencio"},"yoast_head":"<!-- This site is optimized with the Yoast SEO plugin v27.4 - https:\/\/yoast.com\/product\/yoast-seo-wordpress\/ -->\n<title>TIENE SEDE EL PODER? - Los pol\u00edticos Veracruz<\/title>\n<meta name=\"robots\" content=\"index, follow, max-snippet:-1, max-image-preview:large, max-video-preview:-1\" \/>\n<link rel=\"canonical\" href=\"https:\/\/lospoliticosveracruz.com\/?p=155311\" \/>\n<meta property=\"og:locale\" content=\"es_ES\" \/>\n<meta property=\"og:type\" content=\"article\" \/>\n<meta property=\"og:title\" content=\"TIENE SEDE EL PODER? - Los pol\u00edticos Veracruz\" \/>\n<meta property=\"og:description\" content=\"Inocencio Y\u00e1\u00f1ez Vicencio Cu\u00e1l es la sede del Poder? Para las tesis Paulinas todo poder viene de Dios. Algunas veces como recompensa, otras como castigo. Ya sabemos que desde la perspectiva todo tiene respuesta y todo est\u00e1 en sus escrituras. En esta l\u00ednea se inscribe la versi\u00f3n del pecado original. El poder terrenal aparece desde [&hellip;]\" \/>\n<meta property=\"og:url\" content=\"https:\/\/lospoliticosveracruz.com\/?p=155311\" \/>\n<meta property=\"og:site_name\" content=\"Los pol\u00edticos Veracruz\" \/>\n<meta property=\"article:publisher\" content=\"https:\/\/www.facebook.com\/people\/Notimemes-de-los-Polticos\/61565672886568\/\" \/>\n<meta property=\"article:published_time\" content=\"2025-10-27T05:11:13+00:00\" \/>\n<meta property=\"article:modified_time\" content=\"2025-10-27T05:11:23+00:00\" \/>\n<meta property=\"og:image\" content=\"https:\/\/lospoliticosveracruz.com\/wp-content\/uploads\/2025\/04\/Inocencio-Yanez-Vicencio.jpg\" \/>\n\t<meta property=\"og:image:width\" content=\"1250\" \/>\n\t<meta property=\"og:image:height\" content=\"667\" \/>\n\t<meta property=\"og:image:type\" content=\"image\/jpeg\" \/>\n<meta name=\"author\" content=\"Lo viste en Los Pol\u00edticos\" \/>\n<meta name=\"twitter:card\" content=\"summary_large_image\" \/>\n<meta name=\"twitter:creator\" content=\"@LosPoliticosVer\" \/>\n<meta name=\"twitter:site\" content=\"@LosPoliticosVer\" \/>\n<meta name=\"twitter:label1\" content=\"Escrito por\" \/>\n\t<meta name=\"twitter:data1\" content=\"Lo viste en Los Pol\u00edticos\" \/>\n\t<meta name=\"twitter:label2\" content=\"Tiempo de lectura\" \/>\n\t<meta name=\"twitter:data2\" content=\"12 minutos\" \/>\n<script type=\"application\/ld+json\" class=\"yoast-schema-graph\">{\"@context\":\"https:\\\/\\\/schema.org\",\"@graph\":[{\"@type\":\"Article\",\"@id\":\"https:\\\/\\\/lospoliticosveracruz.com\\\/?p=155311#article\",\"isPartOf\":{\"@id\":\"https:\\\/\\\/lospoliticosveracruz.com\\\/?p=155311\"},\"author\":{\"name\":\"Lo viste en Los Pol\u00edticos\",\"@id\":\"https:\\\/\\\/lospoliticosveracruz.com\\\/#\\\/schema\\\/person\\\/b8702bb0e538456e6efd07080bf2a4a2\"},\"headline\":\"TIENE SEDE EL PODER?\",\"datePublished\":\"2025-10-27T05:11:13+00:00\",\"dateModified\":\"2025-10-27T05:11:23+00:00\",\"mainEntityOfPage\":{\"@id\":\"https:\\\/\\\/lospoliticosveracruz.com\\\/?p=155311\"},\"wordCount\":2468,\"publisher\":{\"@id\":\"https:\\\/\\\/lospoliticosveracruz.com\\\/#organization\"},\"image\":{\"@id\":\"https:\\\/\\\/lospoliticosveracruz.com\\\/?p=155311#primaryimage\"},\"thumbnailUrl\":\"https:\\\/\\\/lospoliticosveracruz.com\\\/wp-content\\\/uploads\\\/2025\\\/04\\\/Inocencio-Yanez-Vicencio.jpg\",\"keywords\":[\"Inocencio Y\u00e1\u00f1ez Vicencio\"],\"articleSection\":[\"De Opini\u00f3n\"],\"inLanguage\":\"es\"},{\"@type\":\"WebPage\",\"@id\":\"https:\\\/\\\/lospoliticosveracruz.com\\\/?p=155311\",\"url\":\"https:\\\/\\\/lospoliticosveracruz.com\\\/?p=155311\",\"name\":\"TIENE SEDE EL PODER? - Los pol\u00edticos Veracruz\",\"isPartOf\":{\"@id\":\"https:\\\/\\\/lospoliticosveracruz.com\\\/#website\"},\"primaryImageOfPage\":{\"@id\":\"https:\\\/\\\/lospoliticosveracruz.com\\\/?p=155311#primaryimage\"},\"image\":{\"@id\":\"https:\\\/\\\/lospoliticosveracruz.com\\\/?p=155311#primaryimage\"},\"thumbnailUrl\":\"https:\\\/\\\/lospoliticosveracruz.com\\\/wp-content\\\/uploads\\\/2025\\\/04\\\/Inocencio-Yanez-Vicencio.jpg\",\"datePublished\":\"2025-10-27T05:11:13+00:00\",\"dateModified\":\"2025-10-27T05:11:23+00:00\",\"breadcrumb\":{\"@id\":\"https:\\\/\\\/lospoliticosveracruz.com\\\/?p=155311#breadcrumb\"},\"inLanguage\":\"es\",\"potentialAction\":[{\"@type\":\"ReadAction\",\"target\":[\"https:\\\/\\\/lospoliticosveracruz.com\\\/?p=155311\"]}]},{\"@type\":\"ImageObject\",\"inLanguage\":\"es\",\"@id\":\"https:\\\/\\\/lospoliticosveracruz.com\\\/?p=155311#primaryimage\",\"url\":\"https:\\\/\\\/lospoliticosveracruz.com\\\/wp-content\\\/uploads\\\/2025\\\/04\\\/Inocencio-Yanez-Vicencio.jpg\",\"contentUrl\":\"https:\\\/\\\/lospoliticosveracruz.com\\\/wp-content\\\/uploads\\\/2025\\\/04\\\/Inocencio-Yanez-Vicencio.jpg\",\"width\":1250,\"height\":667},{\"@type\":\"BreadcrumbList\",\"@id\":\"https:\\\/\\\/lospoliticosveracruz.com\\\/?p=155311#breadcrumb\",\"itemListElement\":[{\"@type\":\"ListItem\",\"position\":1,\"name\":\"Portada\",\"item\":\"https:\\\/\\\/lospoliticosveracruz.com\\\/\"},{\"@type\":\"ListItem\",\"position\":2,\"name\":\"TIENE SEDE EL PODER?\"}]},{\"@type\":\"WebSite\",\"@id\":\"https:\\\/\\\/lospoliticosveracruz.com\\\/#website\",\"url\":\"https:\\\/\\\/lospoliticosveracruz.com\\\/\",\"name\":\"Los pol\u00edticos Veracruz\",\"description\":\"\",\"publisher\":{\"@id\":\"https:\\\/\\\/lospoliticosveracruz.com\\\/#organization\"},\"potentialAction\":[{\"@type\":\"SearchAction\",\"target\":{\"@type\":\"EntryPoint\",\"urlTemplate\":\"https:\\\/\\\/lospoliticosveracruz.com\\\/?s={search_term_string}\"},\"query-input\":{\"@type\":\"PropertyValueSpecification\",\"valueRequired\":true,\"valueName\":\"search_term_string\"}}],\"inLanguage\":\"es\"},{\"@type\":\"Organization\",\"@id\":\"https:\\\/\\\/lospoliticosveracruz.com\\\/#organization\",\"name\":\"Los pol\u00edticos Veracruz\",\"url\":\"https:\\\/\\\/lospoliticosveracruz.com\\\/\",\"logo\":{\"@type\":\"ImageObject\",\"inLanguage\":\"es\",\"@id\":\"https:\\\/\\\/lospoliticosveracruz.com\\\/#\\\/schema\\\/logo\\\/image\\\/\",\"url\":\"https:\\\/\\\/lospoliticosveracruz.com\\\/wp-content\\\/uploads\\\/2025\\\/12\\\/Logo-Nuevo-LOS-POLITICOS-1.jpg\",\"contentUrl\":\"https:\\\/\\\/lospoliticosveracruz.com\\\/wp-content\\\/uploads\\\/2025\\\/12\\\/Logo-Nuevo-LOS-POLITICOS-1.jpg\",\"width\":260,\"height\":70,\"caption\":\"Los pol\u00edticos Veracruz\"},\"image\":{\"@id\":\"https:\\\/\\\/lospoliticosveracruz.com\\\/#\\\/schema\\\/logo\\\/image\\\/\"},\"sameAs\":[\"https:\\\/\\\/www.facebook.com\\\/people\\\/Notimemes-de-los-Polticos\\\/61565672886568\\\/\",\"https:\\\/\\\/x.com\\\/LosPoliticosVer\"]},{\"@type\":\"Person\",\"@id\":\"https:\\\/\\\/lospoliticosveracruz.com\\\/#\\\/schema\\\/person\\\/b8702bb0e538456e6efd07080bf2a4a2\",\"name\":\"Lo viste en Los Pol\u00edticos\",\"image\":{\"@type\":\"ImageObject\",\"inLanguage\":\"es\",\"@id\":\"https:\\\/\\\/secure.gravatar.com\\\/avatar\\\/3a8de04a2656d44082be478bd6c086daa447c4651605818287b9532d3d0bd435?s=96&d=mm&r=g\",\"url\":\"https:\\\/\\\/secure.gravatar.com\\\/avatar\\\/3a8de04a2656d44082be478bd6c086daa447c4651605818287b9532d3d0bd435?s=96&d=mm&r=g\",\"contentUrl\":\"https:\\\/\\\/secure.gravatar.com\\\/avatar\\\/3a8de04a2656d44082be478bd6c086daa447c4651605818287b9532d3d0bd435?s=96&d=mm&r=g\",\"caption\":\"Lo viste en Los Pol\u00edticos\"},\"url\":\"https:\\\/\\\/lospoliticosveracruz.com\\\/?author=2\"}]}<\/script>\n<!-- \/ Yoast SEO plugin. -->","yoast_head_json":{"title":"TIENE SEDE EL PODER? - Los pol\u00edticos Veracruz","robots":{"index":"index","follow":"follow","max-snippet":"max-snippet:-1","max-image-preview":"max-image-preview:large","max-video-preview":"max-video-preview:-1"},"canonical":"https:\/\/lospoliticosveracruz.com\/?p=155311","og_locale":"es_ES","og_type":"article","og_title":"TIENE SEDE EL PODER? - Los pol\u00edticos Veracruz","og_description":"Inocencio Y\u00e1\u00f1ez Vicencio Cu\u00e1l es la sede del Poder? Para las tesis Paulinas todo poder viene de Dios. Algunas veces como recompensa, otras como castigo. Ya sabemos que desde la perspectiva todo tiene respuesta y todo est\u00e1 en sus escrituras. En esta l\u00ednea se inscribe la versi\u00f3n del pecado original. El poder terrenal aparece desde [&hellip;]","og_url":"https:\/\/lospoliticosveracruz.com\/?p=155311","og_site_name":"Los pol\u00edticos Veracruz","article_publisher":"https:\/\/www.facebook.com\/people\/Notimemes-de-los-Polticos\/61565672886568\/","article_published_time":"2025-10-27T05:11:13+00:00","article_modified_time":"2025-10-27T05:11:23+00:00","og_image":[{"width":1250,"height":667,"url":"https:\/\/lospoliticosveracruz.com\/wp-content\/uploads\/2025\/04\/Inocencio-Yanez-Vicencio.jpg","type":"image\/jpeg"}],"author":"Lo viste en Los Pol\u00edticos","twitter_card":"summary_large_image","twitter_creator":"@LosPoliticosVer","twitter_site":"@LosPoliticosVer","twitter_misc":{"Escrito por":"Lo viste en Los Pol\u00edticos","Tiempo de lectura":"12 minutos"},"schema":{"@context":"https:\/\/schema.org","@graph":[{"@type":"Article","@id":"https:\/\/lospoliticosveracruz.com\/?p=155311#article","isPartOf":{"@id":"https:\/\/lospoliticosveracruz.com\/?p=155311"},"author":{"name":"Lo viste en Los Pol\u00edticos","@id":"https:\/\/lospoliticosveracruz.com\/#\/schema\/person\/b8702bb0e538456e6efd07080bf2a4a2"},"headline":"TIENE SEDE EL PODER?","datePublished":"2025-10-27T05:11:13+00:00","dateModified":"2025-10-27T05:11:23+00:00","mainEntityOfPage":{"@id":"https:\/\/lospoliticosveracruz.com\/?p=155311"},"wordCount":2468,"publisher":{"@id":"https:\/\/lospoliticosveracruz.com\/#organization"},"image":{"@id":"https:\/\/lospoliticosveracruz.com\/?p=155311#primaryimage"},"thumbnailUrl":"https:\/\/lospoliticosveracruz.com\/wp-content\/uploads\/2025\/04\/Inocencio-Yanez-Vicencio.jpg","keywords":["Inocencio Y\u00e1\u00f1ez Vicencio"],"articleSection":["De Opini\u00f3n"],"inLanguage":"es"},{"@type":"WebPage","@id":"https:\/\/lospoliticosveracruz.com\/?p=155311","url":"https:\/\/lospoliticosveracruz.com\/?p=155311","name":"TIENE SEDE EL PODER? - Los pol\u00edticos Veracruz","isPartOf":{"@id":"https:\/\/lospoliticosveracruz.com\/#website"},"primaryImageOfPage":{"@id":"https:\/\/lospoliticosveracruz.com\/?p=155311#primaryimage"},"image":{"@id":"https:\/\/lospoliticosveracruz.com\/?p=155311#primaryimage"},"thumbnailUrl":"https:\/\/lospoliticosveracruz.com\/wp-content\/uploads\/2025\/04\/Inocencio-Yanez-Vicencio.jpg","datePublished":"2025-10-27T05:11:13+00:00","dateModified":"2025-10-27T05:11:23+00:00","breadcrumb":{"@id":"https:\/\/lospoliticosveracruz.com\/?p=155311#breadcrumb"},"inLanguage":"es","potentialAction":[{"@type":"ReadAction","target":["https:\/\/lospoliticosveracruz.com\/?p=155311"]}]},{"@type":"ImageObject","inLanguage":"es","@id":"https:\/\/lospoliticosveracruz.com\/?p=155311#primaryimage","url":"https:\/\/lospoliticosveracruz.com\/wp-content\/uploads\/2025\/04\/Inocencio-Yanez-Vicencio.jpg","contentUrl":"https:\/\/lospoliticosveracruz.com\/wp-content\/uploads\/2025\/04\/Inocencio-Yanez-Vicencio.jpg","width":1250,"height":667},{"@type":"BreadcrumbList","@id":"https:\/\/lospoliticosveracruz.com\/?p=155311#breadcrumb","itemListElement":[{"@type":"ListItem","position":1,"name":"Portada","item":"https:\/\/lospoliticosveracruz.com\/"},{"@type":"ListItem","position":2,"name":"TIENE SEDE EL PODER?"}]},{"@type":"WebSite","@id":"https:\/\/lospoliticosveracruz.com\/#website","url":"https:\/\/lospoliticosveracruz.com\/","name":"Los pol\u00edticos Veracruz","description":"","publisher":{"@id":"https:\/\/lospoliticosveracruz.com\/#organization"},"potentialAction":[{"@type":"SearchAction","target":{"@type":"EntryPoint","urlTemplate":"https:\/\/lospoliticosveracruz.com\/?s={search_term_string}"},"query-input":{"@type":"PropertyValueSpecification","valueRequired":true,"valueName":"search_term_string"}}],"inLanguage":"es"},{"@type":"Organization","@id":"https:\/\/lospoliticosveracruz.com\/#organization","name":"Los pol\u00edticos Veracruz","url":"https:\/\/lospoliticosveracruz.com\/","logo":{"@type":"ImageObject","inLanguage":"es","@id":"https:\/\/lospoliticosveracruz.com\/#\/schema\/logo\/image\/","url":"https:\/\/lospoliticosveracruz.com\/wp-content\/uploads\/2025\/12\/Logo-Nuevo-LOS-POLITICOS-1.jpg","contentUrl":"https:\/\/lospoliticosveracruz.com\/wp-content\/uploads\/2025\/12\/Logo-Nuevo-LOS-POLITICOS-1.jpg","width":260,"height":70,"caption":"Los pol\u00edticos Veracruz"},"image":{"@id":"https:\/\/lospoliticosveracruz.com\/#\/schema\/logo\/image\/"},"sameAs":["https:\/\/www.facebook.com\/people\/Notimemes-de-los-Polticos\/61565672886568\/","https:\/\/x.com\/LosPoliticosVer"]},{"@type":"Person","@id":"https:\/\/lospoliticosveracruz.com\/#\/schema\/person\/b8702bb0e538456e6efd07080bf2a4a2","name":"Lo viste en Los Pol\u00edticos","image":{"@type":"ImageObject","inLanguage":"es","@id":"https:\/\/secure.gravatar.com\/avatar\/3a8de04a2656d44082be478bd6c086daa447c4651605818287b9532d3d0bd435?s=96&d=mm&r=g","url":"https:\/\/secure.gravatar.com\/avatar\/3a8de04a2656d44082be478bd6c086daa447c4651605818287b9532d3d0bd435?s=96&d=mm&r=g","contentUrl":"https:\/\/secure.gravatar.com\/avatar\/3a8de04a2656d44082be478bd6c086daa447c4651605818287b9532d3d0bd435?s=96&d=mm&r=g","caption":"Lo viste en Los Pol\u00edticos"},"url":"https:\/\/lospoliticosveracruz.com\/?author=2"}]}},"_links":{"self":[{"href":"https:\/\/lospoliticosveracruz.com\/index.php?rest_route=\/wp\/v2\/posts\/155311","targetHints":{"allow":["GET"]}}],"collection":[{"href":"https:\/\/lospoliticosveracruz.com\/index.php?rest_route=\/wp\/v2\/posts"}],"about":[{"href":"https:\/\/lospoliticosveracruz.com\/index.php?rest_route=\/wp\/v2\/types\/post"}],"author":[{"embeddable":true,"href":"https:\/\/lospoliticosveracruz.com\/index.php?rest_route=\/wp\/v2\/users\/2"}],"replies":[{"embeddable":true,"href":"https:\/\/lospoliticosveracruz.com\/index.php?rest_route=%2Fwp%2Fv2%2Fcomments&post=155311"}],"version-history":[{"count":1,"href":"https:\/\/lospoliticosveracruz.com\/index.php?rest_route=\/wp\/v2\/posts\/155311\/revisions"}],"predecessor-version":[{"id":155312,"href":"https:\/\/lospoliticosveracruz.com\/index.php?rest_route=\/wp\/v2\/posts\/155311\/revisions\/155312"}],"wp:featuredmedia":[{"embeddable":true,"href":"https:\/\/lospoliticosveracruz.com\/index.php?rest_route=\/wp\/v2\/media\/141387"}],"wp:attachment":[{"href":"https:\/\/lospoliticosveracruz.com\/index.php?rest_route=%2Fwp%2Fv2%2Fmedia&parent=155311"}],"wp:term":[{"taxonomy":"category","embeddable":true,"href":"https:\/\/lospoliticosveracruz.com\/index.php?rest_route=%2Fwp%2Fv2%2Fcategories&post=155311"},{"taxonomy":"post_tag","embeddable":true,"href":"https:\/\/lospoliticosveracruz.com\/index.php?rest_route=%2Fwp%2Fv2%2Ftags&post=155311"}],"curies":[{"name":"wp","href":"https:\/\/api.w.org\/{rel}","templated":true}]}}