{"id":155316,"date":"2025-10-27T05:39:03","date_gmt":"2025-10-27T11:39:03","guid":{"rendered":"https:\/\/lospoliticosveracruz.com.mx\/?p=155316"},"modified":"2025-10-27T05:39:29","modified_gmt":"2025-10-27T11:39:29","slug":"likes-de-la-tragedia","status":"publish","type":"post","link":"https:\/\/lospoliticosveracruz.com\/?p=155316","title":{"rendered":"LIKES DE LA TRAGEDIA!"},"content":{"rendered":"\n<p><br><strong>Fanny Y\u00e9pez<\/strong><br><em>La Columna<\/em><\/p>\n\n\n\n<p>En un sentido general, la acci\u00f3n de lucrar con el dolor ajeno se puede describir como la mercantilizaci\u00f3n del sufrimiento o la explotaci\u00f3n de la tragedia. En el \u00e1mbito de la psicolog\u00eda, se utiliza el t\u00e9rmino schadenfreude para describir el placer derivado del infortunio ajeno.<br>El significado de la palabra lucrar es obtener ganancias, provecho o beneficio de un asunto o negocio. Es la acci\u00f3n de conseguir un lucro, que es la utilidad o ganancia que se saca de una cosa o de una situaci\u00f3n.<\/p>\n\n\n\n\n\n<p><br>Y esto precisamente es que lo observamos que est\u00e1 ocurriendo en los 37 municipios veracruzanos, donde los pobladores est\u00e1n sufriendo las consecuencias de la tragedia que arrojo las inundaciones.<br>En las redes sociales circulan videos donde se documenta, como pol\u00edticos de diferentes partidos y colores, se promocionaron entregando despensas y otros apoyos a las infortunadas familias que siguen sufriendo al haber perdido todo y lamentablemente hasta algunos miembros de su familia, que siguen sin aparecer.<br>Por ello y m\u00e1s, condenamos y reprobamos que algunos pol\u00edticos de varios colores y partidos, hayan pagado para promocionarse con la entrega de la ayuda, que debi\u00f3 ser an\u00f3nima y de buena fe.<br>Como lo hicieron la Cruz Roja, Unicef, organizaciones civiles, miles de veracruzanos y hasta influencer que hicieron sus donaciones sin la b\u00fasqueda notoriedad y de sacar raja de la grave situaci\u00f3n.<br>Casos documentados<br>Diputados locales: Entregaron personalmente miles de despensas, kits de limpieza y tinacos en municipios como Coatzintla y Poza Rica, participando activamente en la remoci\u00f3n de escombros.<br>Senado de la Rep\u00fablica: Organiz\u00f3 la entrega de ayuda a familias afectadas en Veracruz.<br>La instrumentalizaci\u00f3n de la ayuda humanitaria es una pr\u00e1ctica recurrente en la pol\u00edtica mexicana. Por ello, es com\u00fan que surjan denuncias sobre el uso electoral de programas sociales y la entrega de recursos en momentos de crisis. En estos casos, la ayuda se asocia directamente con la imagen de funcionarios p\u00fablicos o de un partido pol\u00edtico, buscando ganar legitimidad o votos en futuras elecciones.<br>Estas acciones son crueles, inhumanas, ruines, y otros calificativos que se nos escapan de la memoria, que lamentable que eso, est\u00e9 sucediendo. Estos actos perversos fueron ventilados y ante tal situaci\u00f3n, los diputados federales y estatales debieran legislar al respecto, para que no vuelvan a ocurrir este tipo de acciones mezquinas.<br>Varios medios de comunicaci\u00f3n nacionales, han abordado el tema sobre la divisi\u00f3n que se ha registrado entre Morena y el PVEM en San Luis Potos\u00ed.<br>Precisamente, la Presidenta Claudia Sheinbaum consider\u00f3 que la divisi\u00f3n registrada entre Morena y el Partido Verde Ecologista de M\u00e9xico (PVEM), en las elecciones de San Luis Potos\u00ed en 2024, debe servir como una lecci\u00f3n que no se debe olvidar de cara al reto de los comicios federales de 2027.<br>El mensaje fue claro y contundente, para las filas de morenistas principalmente para las huestes morenistas y de refil\u00f3n para los militantes del partido Verde a quien t\u00e1citamente los conmino a definirse.<br>En su libro \u201cDiario de una transici\u00f3n hist\u00f3rica\u201d, la Mandataria abord\u00f3 el tema al relatar la visita que realiz\u00f3 como Presidenta electa a esa entidad, en agosto del a\u00f1o pasado.<br>Nos recibi\u00f3 el Gobernador Ricardo Gallardo. Debo decir que la elecci\u00f3n en San Luis Potos\u00ed no fue sencilla. A lo largo de la campa\u00f1a hubo distanciamiento entre el Partido Verde y Morena. Esa divisi\u00f3n nos llev\u00f3 a perder una senadur\u00eda. La de minor\u00eda\u201d, dijo.<br>\u201cLo menciono porque estoy convencida de que entre los partidos que respaldan el movimiento de transformaci\u00f3n no debe haber fracturas. Lo que ocurri\u00f3 en San Luis Potos\u00ed fortaleci\u00f3 a la Oposici\u00f3n. Es una lecci\u00f3n que no debemos olvidar para la elecci\u00f3n de 2027\u201d.<br>La Presidenta record\u00f3 que, en la elecci\u00f3n federal de junio de 2024 en San Luis Potos\u00ed, la coalici\u00f3n oficialista PVEM-Morena-PT logr\u00f3 ganar la mayor\u00eda de los distritos federales, pero en la contienda al Senado la alianza sufri\u00f3 un rev\u00e9s.<br>El PVEM obtuvo la primera f\u00f3rmula con 38.49 por ciento de los votos, mientras la primera minor\u00eda fue para la coalici\u00f3n PAN-PRI-PRD con 25.19 por ciento, y Morena apenas alcanz\u00f3 254 mil 833 votos, quedando en tercer lugar.<br>La presidenta destaca la importancia de la unidad entre partidos de la 4T tras divisiones en San Luis Potos\u00ed y advierte sobre las consecuencias en futuras elecciones.<br>En un an\u00e1lisis sobre los desaf\u00edos internos de la coalici\u00f3n de la Cuarta Transformaci\u00f3n, la mandataria detall\u00f3 los desacuerdos surgidos durante la reciente contienda electoral en San Luis Potos\u00ed.<br>La presidenta enfatiz\u00f3 que, para los comicios de 2027, la uni\u00f3n ser\u00e1 fundamental, ya que las fracturas pueden beneficiar a las fuerzas opositoras y debilitar la presencia del movimiento oficialista en el escenario electoral.<br>El contexto actual muestra que, incluso en una elecci\u00f3n federal, la coalici\u00f3n PVEM-Morena-PT logr\u00f3 mantener representatividad en San L\u00e1zaro, pero en la C\u00e1mara Alta, la estrategia por separado del Verde y el creciente impulso de candidaturas independientes en diferentes estados, reflejan una tendencia a la dispersi\u00f3n interna.<br>Cabe destacar que el Verde ha acelerado sus candidaturas por separado en distintas regiones, incluyendo San Luis Potos\u00ed, donde gobierna Ricardo Gallardo y respalda a su esposa Ruth Gonz\u00e1lez para la sucesi\u00f3n, lo que ha generado tensiones con la presidenta en temas relacionados con reformas electorales y nepotismo.<\/p>\n","protected":false},"excerpt":{"rendered":"<p>Fanny Y\u00e9pezLa Columna En un sentido general, la acci\u00f3n de lucrar con el dolor ajeno se puede describir como la mercantilizaci\u00f3n del sufrimiento o la explotaci\u00f3n de la tragedia. En el \u00e1mbito de la psicolog\u00eda, se utiliza el t\u00e9rmino schadenfreude para describir el placer derivado del infortunio ajeno.El significado de la palabra lucrar es obtener [&hellip;]<\/p>\n","protected":false},"author":2,"featured_media":141383,"comment_status":"closed","ping_status":"closed","sticky":false,"template":"","format":"standard","meta":{"tdm_status":"","tdm_grid_status":"","footnotes":""},"categories":[70],"tags":[9627,572,10847,1026,1267,551,195],"class_list":{"0":"post-155316","1":"post","2":"type-post","3":"status-publish","4":"format-standard","5":"has-post-thumbnail","7":"category-de-opinion","8":"tag-claudia-sheinbaum","9":"tag-coatzintla","10":"tag-despensas","11":"tag-morena","12":"tag-poza-rica","13":"tag-redes-sociales","14":"tag-veracruz"},"yoast_head":"<!-- This site is optimized with the Yoast SEO plugin v27.4 - https:\/\/yoast.com\/product\/yoast-seo-wordpress\/ -->\n<title>LIKES DE LA TRAGEDIA! - Los pol\u00edticos Veracruz<\/title>\n<meta name=\"robots\" content=\"index, follow, max-snippet:-1, max-image-preview:large, max-video-preview:-1\" \/>\n<link rel=\"canonical\" href=\"https:\/\/lospoliticosveracruz.com\/?p=155316\" \/>\n<meta property=\"og:locale\" content=\"es_ES\" \/>\n<meta property=\"og:type\" content=\"article\" \/>\n<meta property=\"og:title\" content=\"LIKES DE LA TRAGEDIA! - Los pol\u00edticos Veracruz\" \/>\n<meta property=\"og:description\" content=\"Fanny Y\u00e9pezLa Columna En un sentido general, la acci\u00f3n de lucrar con el dolor ajeno se puede describir como la mercantilizaci\u00f3n del sufrimiento o la explotaci\u00f3n de la tragedia. En el \u00e1mbito de la psicolog\u00eda, se utiliza el t\u00e9rmino schadenfreude para describir el placer derivado del infortunio ajeno.El significado de la palabra lucrar es obtener [&hellip;]\" \/>\n<meta property=\"og:url\" content=\"https:\/\/lospoliticosveracruz.com\/?p=155316\" \/>\n<meta property=\"og:site_name\" content=\"Los pol\u00edticos Veracruz\" \/>\n<meta property=\"article:publisher\" content=\"https:\/\/www.facebook.com\/people\/Notimemes-de-los-Polticos\/61565672886568\/\" \/>\n<meta property=\"article:published_time\" content=\"2025-10-27T11:39:03+00:00\" \/>\n<meta property=\"article:modified_time\" content=\"2025-10-27T11:39:29+00:00\" \/>\n<meta property=\"og:image\" content=\"https:\/\/lospoliticosveracruz.com\/wp-content\/uploads\/2025\/04\/Fanny-Yepez-Luna.jpg\" \/>\n\t<meta property=\"og:image:width\" content=\"1250\" \/>\n\t<meta property=\"og:image:height\" content=\"667\" \/>\n\t<meta property=\"og:image:type\" content=\"image\/jpeg\" \/>\n<meta name=\"author\" content=\"Lo viste en Los Pol\u00edticos\" \/>\n<meta name=\"twitter:card\" content=\"summary_large_image\" \/>\n<meta name=\"twitter:creator\" content=\"@LosPoliticosVer\" \/>\n<meta name=\"twitter:site\" content=\"@LosPoliticosVer\" \/>\n<meta name=\"twitter:label1\" content=\"Escrito por\" \/>\n\t<meta name=\"twitter:data1\" content=\"Lo viste en Los Pol\u00edticos\" \/>\n\t<meta name=\"twitter:label2\" content=\"Tiempo de lectura\" \/>\n\t<meta name=\"twitter:data2\" content=\"5 minutos\" \/>\n<script type=\"application\/ld+json\" class=\"yoast-schema-graph\">{\"@context\":\"https:\\\/\\\/schema.org\",\"@graph\":[{\"@type\":\"Article\",\"@id\":\"https:\\\/\\\/lospoliticosveracruz.com\\\/?p=155316#article\",\"isPartOf\":{\"@id\":\"https:\\\/\\\/lospoliticosveracruz.com\\\/?p=155316\"},\"author\":{\"name\":\"Lo viste en Los Pol\u00edticos\",\"@id\":\"https:\\\/\\\/lospoliticosveracruz.com\\\/#\\\/schema\\\/person\\\/b8702bb0e538456e6efd07080bf2a4a2\"},\"headline\":\"LIKES DE LA TRAGEDIA!\",\"datePublished\":\"2025-10-27T11:39:03+00:00\",\"dateModified\":\"2025-10-27T11:39:29+00:00\",\"mainEntityOfPage\":{\"@id\":\"https:\\\/\\\/lospoliticosveracruz.com\\\/?p=155316\"},\"wordCount\":925,\"publisher\":{\"@id\":\"https:\\\/\\\/lospoliticosveracruz.com\\\/#organization\"},\"image\":{\"@id\":\"https:\\\/\\\/lospoliticosveracruz.com\\\/?p=155316#primaryimage\"},\"thumbnailUrl\":\"https:\\\/\\\/lospoliticosveracruz.com\\\/wp-content\\\/uploads\\\/2025\\\/04\\\/Fanny-Yepez-Luna-e1768657334923.jpg\",\"keywords\":[\"Claudia Sheinbaum\",\"Coatzintla\",\"despensas\",\"Morena\",\"Poza Rica\",\"redes sociales\",\"Veracruz\"],\"articleSection\":[\"De Opini\u00f3n\"],\"inLanguage\":\"es\"},{\"@type\":\"WebPage\",\"@id\":\"https:\\\/\\\/lospoliticosveracruz.com\\\/?p=155316\",\"url\":\"https:\\\/\\\/lospoliticosveracruz.com\\\/?p=155316\",\"name\":\"LIKES DE LA TRAGEDIA! - Los pol\u00edticos Veracruz\",\"isPartOf\":{\"@id\":\"https:\\\/\\\/lospoliticosveracruz.com\\\/#website\"},\"primaryImageOfPage\":{\"@id\":\"https:\\\/\\\/lospoliticosveracruz.com\\\/?p=155316#primaryimage\"},\"image\":{\"@id\":\"https:\\\/\\\/lospoliticosveracruz.com\\\/?p=155316#primaryimage\"},\"thumbnailUrl\":\"https:\\\/\\\/lospoliticosveracruz.com\\\/wp-content\\\/uploads\\\/2025\\\/04\\\/Fanny-Yepez-Luna-e1768657334923.jpg\",\"datePublished\":\"2025-10-27T11:39:03+00:00\",\"dateModified\":\"2025-10-27T11:39:29+00:00\",\"breadcrumb\":{\"@id\":\"https:\\\/\\\/lospoliticosveracruz.com\\\/?p=155316#breadcrumb\"},\"inLanguage\":\"es\",\"potentialAction\":[{\"@type\":\"ReadAction\",\"target\":[\"https:\\\/\\\/lospoliticosveracruz.com\\\/?p=155316\"]}]},{\"@type\":\"ImageObject\",\"inLanguage\":\"es\",\"@id\":\"https:\\\/\\\/lospoliticosveracruz.com\\\/?p=155316#primaryimage\",\"url\":\"https:\\\/\\\/lospoliticosveracruz.com\\\/wp-content\\\/uploads\\\/2025\\\/04\\\/Fanny-Yepez-Luna-e1768657334923.jpg\",\"contentUrl\":\"https:\\\/\\\/lospoliticosveracruz.com\\\/wp-content\\\/uploads\\\/2025\\\/04\\\/Fanny-Yepez-Luna-e1768657334923.jpg\",\"width\":600,\"height\":320},{\"@type\":\"BreadcrumbList\",\"@id\":\"https:\\\/\\\/lospoliticosveracruz.com\\\/?p=155316#breadcrumb\",\"itemListElement\":[{\"@type\":\"ListItem\",\"position\":1,\"name\":\"Portada\",\"item\":\"https:\\\/\\\/lospoliticosveracruz.com\\\/\"},{\"@type\":\"ListItem\",\"position\":2,\"name\":\"LIKES DE LA TRAGEDIA!\"}]},{\"@type\":\"WebSite\",\"@id\":\"https:\\\/\\\/lospoliticosveracruz.com\\\/#website\",\"url\":\"https:\\\/\\\/lospoliticosveracruz.com\\\/\",\"name\":\"Los pol\u00edticos Veracruz\",\"description\":\"\",\"publisher\":{\"@id\":\"https:\\\/\\\/lospoliticosveracruz.com\\\/#organization\"},\"potentialAction\":[{\"@type\":\"SearchAction\",\"target\":{\"@type\":\"EntryPoint\",\"urlTemplate\":\"https:\\\/\\\/lospoliticosveracruz.com\\\/?s={search_term_string}\"},\"query-input\":{\"@type\":\"PropertyValueSpecification\",\"valueRequired\":true,\"valueName\":\"search_term_string\"}}],\"inLanguage\":\"es\"},{\"@type\":\"Organization\",\"@id\":\"https:\\\/\\\/lospoliticosveracruz.com\\\/#organization\",\"name\":\"Los pol\u00edticos Veracruz\",\"url\":\"https:\\\/\\\/lospoliticosveracruz.com\\\/\",\"logo\":{\"@type\":\"ImageObject\",\"inLanguage\":\"es\",\"@id\":\"https:\\\/\\\/lospoliticosveracruz.com\\\/#\\\/schema\\\/logo\\\/image\\\/\",\"url\":\"https:\\\/\\\/lospoliticosveracruz.com\\\/wp-content\\\/uploads\\\/2025\\\/12\\\/Logo-Nuevo-LOS-POLITICOS-1.jpg\",\"contentUrl\":\"https:\\\/\\\/lospoliticosveracruz.com\\\/wp-content\\\/uploads\\\/2025\\\/12\\\/Logo-Nuevo-LOS-POLITICOS-1.jpg\",\"width\":260,\"height\":70,\"caption\":\"Los pol\u00edticos Veracruz\"},\"image\":{\"@id\":\"https:\\\/\\\/lospoliticosveracruz.com\\\/#\\\/schema\\\/logo\\\/image\\\/\"},\"sameAs\":[\"https:\\\/\\\/www.facebook.com\\\/people\\\/Notimemes-de-los-Polticos\\\/61565672886568\\\/\",\"https:\\\/\\\/x.com\\\/LosPoliticosVer\"]},{\"@type\":\"Person\",\"@id\":\"https:\\\/\\\/lospoliticosveracruz.com\\\/#\\\/schema\\\/person\\\/b8702bb0e538456e6efd07080bf2a4a2\",\"name\":\"Lo viste en Los Pol\u00edticos\",\"image\":{\"@type\":\"ImageObject\",\"inLanguage\":\"es\",\"@id\":\"https:\\\/\\\/secure.gravatar.com\\\/avatar\\\/3a8de04a2656d44082be478bd6c086daa447c4651605818287b9532d3d0bd435?s=96&d=mm&r=g\",\"url\":\"https:\\\/\\\/secure.gravatar.com\\\/avatar\\\/3a8de04a2656d44082be478bd6c086daa447c4651605818287b9532d3d0bd435?s=96&d=mm&r=g\",\"contentUrl\":\"https:\\\/\\\/secure.gravatar.com\\\/avatar\\\/3a8de04a2656d44082be478bd6c086daa447c4651605818287b9532d3d0bd435?s=96&d=mm&r=g\",\"caption\":\"Lo viste en Los Pol\u00edticos\"},\"url\":\"https:\\\/\\\/lospoliticosveracruz.com\\\/?author=2\"}]}<\/script>\n<!-- \/ Yoast SEO plugin. -->","yoast_head_json":{"title":"LIKES DE LA TRAGEDIA! - Los pol\u00edticos Veracruz","robots":{"index":"index","follow":"follow","max-snippet":"max-snippet:-1","max-image-preview":"max-image-preview:large","max-video-preview":"max-video-preview:-1"},"canonical":"https:\/\/lospoliticosveracruz.com\/?p=155316","og_locale":"es_ES","og_type":"article","og_title":"LIKES DE LA TRAGEDIA! - Los pol\u00edticos Veracruz","og_description":"Fanny Y\u00e9pezLa Columna En un sentido general, la acci\u00f3n de lucrar con el dolor ajeno se puede describir como la mercantilizaci\u00f3n del sufrimiento o la explotaci\u00f3n de la tragedia. En el \u00e1mbito de la psicolog\u00eda, se utiliza el t\u00e9rmino schadenfreude para describir el placer derivado del infortunio ajeno.El significado de la palabra lucrar es obtener [&hellip;]","og_url":"https:\/\/lospoliticosveracruz.com\/?p=155316","og_site_name":"Los pol\u00edticos Veracruz","article_publisher":"https:\/\/www.facebook.com\/people\/Notimemes-de-los-Polticos\/61565672886568\/","article_published_time":"2025-10-27T11:39:03+00:00","article_modified_time":"2025-10-27T11:39:29+00:00","og_image":[{"width":1250,"height":667,"url":"https:\/\/lospoliticosveracruz.com\/wp-content\/uploads\/2025\/04\/Fanny-Yepez-Luna.jpg","type":"image\/jpeg"}],"author":"Lo viste en Los Pol\u00edticos","twitter_card":"summary_large_image","twitter_creator":"@LosPoliticosVer","twitter_site":"@LosPoliticosVer","twitter_misc":{"Escrito por":"Lo viste en Los Pol\u00edticos","Tiempo de lectura":"5 minutos"},"schema":{"@context":"https:\/\/schema.org","@graph":[{"@type":"Article","@id":"https:\/\/lospoliticosveracruz.com\/?p=155316#article","isPartOf":{"@id":"https:\/\/lospoliticosveracruz.com\/?p=155316"},"author":{"name":"Lo viste en Los Pol\u00edticos","@id":"https:\/\/lospoliticosveracruz.com\/#\/schema\/person\/b8702bb0e538456e6efd07080bf2a4a2"},"headline":"LIKES DE LA TRAGEDIA!","datePublished":"2025-10-27T11:39:03+00:00","dateModified":"2025-10-27T11:39:29+00:00","mainEntityOfPage":{"@id":"https:\/\/lospoliticosveracruz.com\/?p=155316"},"wordCount":925,"publisher":{"@id":"https:\/\/lospoliticosveracruz.com\/#organization"},"image":{"@id":"https:\/\/lospoliticosveracruz.com\/?p=155316#primaryimage"},"thumbnailUrl":"https:\/\/lospoliticosveracruz.com\/wp-content\/uploads\/2025\/04\/Fanny-Yepez-Luna-e1768657334923.jpg","keywords":["Claudia Sheinbaum","Coatzintla","despensas","Morena","Poza Rica","redes sociales","Veracruz"],"articleSection":["De Opini\u00f3n"],"inLanguage":"es"},{"@type":"WebPage","@id":"https:\/\/lospoliticosveracruz.com\/?p=155316","url":"https:\/\/lospoliticosveracruz.com\/?p=155316","name":"LIKES DE LA TRAGEDIA! - Los pol\u00edticos Veracruz","isPartOf":{"@id":"https:\/\/lospoliticosveracruz.com\/#website"},"primaryImageOfPage":{"@id":"https:\/\/lospoliticosveracruz.com\/?p=155316#primaryimage"},"image":{"@id":"https:\/\/lospoliticosveracruz.com\/?p=155316#primaryimage"},"thumbnailUrl":"https:\/\/lospoliticosveracruz.com\/wp-content\/uploads\/2025\/04\/Fanny-Yepez-Luna-e1768657334923.jpg","datePublished":"2025-10-27T11:39:03+00:00","dateModified":"2025-10-27T11:39:29+00:00","breadcrumb":{"@id":"https:\/\/lospoliticosveracruz.com\/?p=155316#breadcrumb"},"inLanguage":"es","potentialAction":[{"@type":"ReadAction","target":["https:\/\/lospoliticosveracruz.com\/?p=155316"]}]},{"@type":"ImageObject","inLanguage":"es","@id":"https:\/\/lospoliticosveracruz.com\/?p=155316#primaryimage","url":"https:\/\/lospoliticosveracruz.com\/wp-content\/uploads\/2025\/04\/Fanny-Yepez-Luna-e1768657334923.jpg","contentUrl":"https:\/\/lospoliticosveracruz.com\/wp-content\/uploads\/2025\/04\/Fanny-Yepez-Luna-e1768657334923.jpg","width":600,"height":320},{"@type":"BreadcrumbList","@id":"https:\/\/lospoliticosveracruz.com\/?p=155316#breadcrumb","itemListElement":[{"@type":"ListItem","position":1,"name":"Portada","item":"https:\/\/lospoliticosveracruz.com\/"},{"@type":"ListItem","position":2,"name":"LIKES DE LA TRAGEDIA!"}]},{"@type":"WebSite","@id":"https:\/\/lospoliticosveracruz.com\/#website","url":"https:\/\/lospoliticosveracruz.com\/","name":"Los pol\u00edticos Veracruz","description":"","publisher":{"@id":"https:\/\/lospoliticosveracruz.com\/#organization"},"potentialAction":[{"@type":"SearchAction","target":{"@type":"EntryPoint","urlTemplate":"https:\/\/lospoliticosveracruz.com\/?s={search_term_string}"},"query-input":{"@type":"PropertyValueSpecification","valueRequired":true,"valueName":"search_term_string"}}],"inLanguage":"es"},{"@type":"Organization","@id":"https:\/\/lospoliticosveracruz.com\/#organization","name":"Los pol\u00edticos Veracruz","url":"https:\/\/lospoliticosveracruz.com\/","logo":{"@type":"ImageObject","inLanguage":"es","@id":"https:\/\/lospoliticosveracruz.com\/#\/schema\/logo\/image\/","url":"https:\/\/lospoliticosveracruz.com\/wp-content\/uploads\/2025\/12\/Logo-Nuevo-LOS-POLITICOS-1.jpg","contentUrl":"https:\/\/lospoliticosveracruz.com\/wp-content\/uploads\/2025\/12\/Logo-Nuevo-LOS-POLITICOS-1.jpg","width":260,"height":70,"caption":"Los pol\u00edticos Veracruz"},"image":{"@id":"https:\/\/lospoliticosveracruz.com\/#\/schema\/logo\/image\/"},"sameAs":["https:\/\/www.facebook.com\/people\/Notimemes-de-los-Polticos\/61565672886568\/","https:\/\/x.com\/LosPoliticosVer"]},{"@type":"Person","@id":"https:\/\/lospoliticosveracruz.com\/#\/schema\/person\/b8702bb0e538456e6efd07080bf2a4a2","name":"Lo viste en Los Pol\u00edticos","image":{"@type":"ImageObject","inLanguage":"es","@id":"https:\/\/secure.gravatar.com\/avatar\/3a8de04a2656d44082be478bd6c086daa447c4651605818287b9532d3d0bd435?s=96&d=mm&r=g","url":"https:\/\/secure.gravatar.com\/avatar\/3a8de04a2656d44082be478bd6c086daa447c4651605818287b9532d3d0bd435?s=96&d=mm&r=g","contentUrl":"https:\/\/secure.gravatar.com\/avatar\/3a8de04a2656d44082be478bd6c086daa447c4651605818287b9532d3d0bd435?s=96&d=mm&r=g","caption":"Lo viste en Los Pol\u00edticos"},"url":"https:\/\/lospoliticosveracruz.com\/?author=2"}]}},"_links":{"self":[{"href":"https:\/\/lospoliticosveracruz.com\/index.php?rest_route=\/wp\/v2\/posts\/155316","targetHints":{"allow":["GET"]}}],"collection":[{"href":"https:\/\/lospoliticosveracruz.com\/index.php?rest_route=\/wp\/v2\/posts"}],"about":[{"href":"https:\/\/lospoliticosveracruz.com\/index.php?rest_route=\/wp\/v2\/types\/post"}],"author":[{"embeddable":true,"href":"https:\/\/lospoliticosveracruz.com\/index.php?rest_route=\/wp\/v2\/users\/2"}],"replies":[{"embeddable":true,"href":"https:\/\/lospoliticosveracruz.com\/index.php?rest_route=%2Fwp%2Fv2%2Fcomments&post=155316"}],"version-history":[{"count":1,"href":"https:\/\/lospoliticosveracruz.com\/index.php?rest_route=\/wp\/v2\/posts\/155316\/revisions"}],"predecessor-version":[{"id":155317,"href":"https:\/\/lospoliticosveracruz.com\/index.php?rest_route=\/wp\/v2\/posts\/155316\/revisions\/155317"}],"wp:featuredmedia":[{"embeddable":true,"href":"https:\/\/lospoliticosveracruz.com\/index.php?rest_route=\/wp\/v2\/media\/141383"}],"wp:attachment":[{"href":"https:\/\/lospoliticosveracruz.com\/index.php?rest_route=%2Fwp%2Fv2%2Fmedia&parent=155316"}],"wp:term":[{"taxonomy":"category","embeddable":true,"href":"https:\/\/lospoliticosveracruz.com\/index.php?rest_route=%2Fwp%2Fv2%2Fcategories&post=155316"},{"taxonomy":"post_tag","embeddable":true,"href":"https:\/\/lospoliticosveracruz.com\/index.php?rest_route=%2Fwp%2Fv2%2Ftags&post=155316"}],"curies":[{"name":"wp","href":"https:\/\/api.w.org\/{rel}","templated":true}]}}