{"id":155344,"date":"2025-10-27T12:50:12","date_gmt":"2025-10-27T18:50:12","guid":{"rendered":"https:\/\/lospoliticosveracruz.com.mx\/?p=155344"},"modified":"2025-10-27T12:50:34","modified_gmt":"2025-10-27T18:50:34","slug":"alianza-con-el-pri-realmente-que-se-rechaza","status":"publish","type":"post","link":"https:\/\/lospoliticosveracruz.com\/?p=155344","title":{"rendered":"ALIANZA\u00a0CON EL PRI:\u00a0\u00bfREALMENTE\u00a0QU\u00c9 SE RECHAZA?"},"content":{"rendered":"\n<p><strong>Vicente Luna Hern\u00e1ndez <\/strong><\/p>\n\n\n\n<p>Es&nbsp;com\u00fan y algo que&nbsp;ha sucedido y seguir\u00e1 sucediendo en la pol\u00edtica nacional de M\u00e9xico, &nbsp;criticar, se\u00f1alar e incluso denostar al&nbsp;PRI&nbsp;por sus errores en el ejercicio del&nbsp;poder&nbsp;es undeporte nacional, sin embargo, hay algo que debe ser analizado, \u00bfrealmente&nbsp;que&nbsp;se&nbsp;rechaza?<\/p>\n\n\n\n\n\n<p>En su momento un grupo de notables militantes del PRI decidi\u00f3 \u201cromper\u201d con su partido y dieron vida a uno de los principales partidos&nbsp;pol\u00edticos&nbsp;opositores al PRI, surgi\u00f3 el PRD, bajo la conducci\u00f3n y control de&nbsp;Cuauht\u00e9moc&nbsp;C\u00e1rdenas&nbsp;el&nbsp;partido&nbsp;del sol azteca logr\u00f3 posesionarse como una alternativa de gobierno para los ciudadanos, sin embargo,&nbsp;la llegada al poder logr\u00f3 lo que no&nbsp;hab\u00eda&nbsp;podido hacer el gobierno: poco a poco&nbsp;&nbsp;se fue&nbsp;debilitando&nbsp;por&nbsp;sus conflictos internos.<\/p>\n\n\n\n<p>Ante la fuerza de&nbsp;un&nbsp;liderazgo partidista se requer\u00eda otro liderazgo&nbsp;que oxigenara&nbsp;al PRD y poco a poco se fue posesionando un l\u00edder social&nbsp;del sur del pa\u00eds, mismo que logr\u00f3 ganar la Jefatura de la Ciudad de M\u00e9xico y a partir de ah\u00ed, poco a poco fue&nbsp;debilitando la presencia del \u201cl\u00edder moral\u201d del PRD, ya no se requer\u00eda su&nbsp;\u201cliderazgo moral\u201d,&nbsp;surg\u00eda otro l\u00edder que presum\u00eda tener la autoridad moral para conducir los destinos del PRD\u2026y del pa\u00eds.<\/p>\n\n\n\n<p>Estamos hablando de 2 de las principales figuras pol\u00edticas de la&nbsp;oposici\u00f3n, ambos&nbsp;ex militantes del PRI, hombres con alta aceptaci\u00f3n social y&nbsp;gran credibilidad ante el pueblo de M\u00e9xico, la pregunta&nbsp;es \u00bfrealmente&nbsp;que se rechaza?&nbsp;<\/p>\n\n\n\n<p>Al igual que el PRD surgi\u00f3 Convergencia por la&nbsp;Democracia, hoy Movimiento Ciudadano, su fundador y&nbsp;l\u00edder moral (uno m\u00e1s) es un distinguido ex militante del PRI, Dante Delgado, conclusi\u00f3n, ambos partidos, PRD y MC fundados por ex priistas , \u00bfrealmente que se&nbsp;rechaza?<\/p>\n\n\n\n<p>Hay que recordar que el PRD gan\u00f3 gobiernos Estatales&nbsp;llevando&nbsp;como&nbsp;candidatos&nbsp;a&nbsp;pol\u00edticos que al no lograr ser&nbsp;candidatos&nbsp;por el PRI de manera inmediata eran&nbsp;impulsadosdel&nbsp;partido&nbsp;amarillo y muchos lograron triunfos&nbsp;electorales&nbsp;\u2013 negociados o no- qu\u00e9 fueron dando otro color&nbsp;partidista&nbsp;al pa\u00eds.<\/p>\n\n\n\n<p>Los se\u00f1alamientos de&nbsp;corrupci\u00f3n&nbsp;en el ejercicio del poder fueron una constante, &nbsp;ahora no solo era acusado el PRI sino tambi\u00e9n aquellos&nbsp;partidos&nbsp;que lograban obtener triunfos&nbsp;electorales&nbsp;e incluso con la llegada a la presidencia del PAN, la&nbsp;corrupci\u00f3n&nbsp;se \u201cdemocratiz\u00f3\u201d, un logro m\u00e1s de la famosa transici\u00f3n democr\u00e1tica.<\/p>\n\n\n\n<p>Lo cierto es que el mejor resultado de un&nbsp;partido&nbsp;de izquierda en el pa\u00eds los tuvo el PRD con&nbsp;Andr\u00e9s&nbsp;Manuel&nbsp;L\u00f3pez&nbsp;Obrador como candidato, &nbsp;sin embargo, despu\u00e9s de ir vestido de color amarillo 2006 y 2012&nbsp;y ver el desgaste institucional del partido del sol azteca,&nbsp;el l\u00edder social decidi\u00f3 llevarse sus canicas y&nbsp;fundar&nbsp;otro partido, para ello cont\u00f3 con el apoyo de miles de militantes del PRD as\u00ed como tambi\u00e9n con el respaldo&nbsp;de legisladores qu\u00e9 hab\u00edan llegado al Congreso de la Uni\u00f3n&nbsp;impulsados&nbsp;por el&nbsp;partido del sol azteca, &nbsp;mismos que sin rubor alguno&nbsp;se dieron a la tarea de&nbsp;impulsar&nbsp;la creaci\u00f3n del partido Morena, as\u00ed es, otro&nbsp;partidofundado por ex militantes priistas, \u00bfrealmente&nbsp;que&nbsp;se rechaza?<\/p>\n\n\n\n<p>Lo cierto es que el alma, esp\u00edritu y coraz\u00f3n de&nbsp;morena han sido los ex militantes del PRI, mismos&nbsp;ex&nbsp;militantes&nbsp;que hoy acusan, se\u00f1alan,&nbsp;critican acciones&nbsp;de&nbsp;gobierno del PRI&nbsp;cuando tuvo el&nbsp;poder&nbsp;de la presidencia&nbsp;de la rep\u00fablica,&nbsp;acciones en las cuales muchos de ellos actores&nbsp;principalescuando&nbsp;con orgullo&nbsp;presum\u00edan&nbsp;sus camisas rojas,&nbsp;fueron c\u00f3mplices por acci\u00f3n u omisi\u00f3n, esos mismos&nbsp;que presumen de honestidad hoy son los mismos que en su momento fueron&nbsp;acusados&nbsp;de corruptos,&nbsp;\u00bfrealmente que&nbsp;se&nbsp;rechaza?<\/p>\n\n\n\n<p>Lo cierto es que ayer el deporte favorito -pol\u00edticamente hablando \u2013 era renunciar al PRI y correr a los brazos del PRD, hoy el deporte favorito es&nbsp;renunciar al PRI y correr a los brazos de morena, las embajadas y consulados se pintaron de&nbsp;color guinda pero debajo de la&nbsp;alfombra se asoma el escudo del PRI, \u00bfrealmente que se rechaza?<\/p>\n\n\n\n<p>Como M\u00e9xico es uno&nbsp;de&nbsp;los&nbsp;pa\u00edses m\u00e1s democr\u00e1ticos del mundo \u2013 seg\u00fan a presidenta Claudia Sheinbaum Pardo&nbsp;&#8211;&nbsp;hoy aquellas y aquellos que deciden renunciar al partido&nbsp;revolucionario tienen una opci\u00f3n mas: MC y estos sin rubor alguno reciben con los brazos abiertos&nbsp;a militantes del&nbsp;partido&nbsp;que acusan le hizo mucho da\u00f1o a M\u00e9xico, por cierto hoy dirigido a nivel nacional\u2026por un ex militante del PRI.<\/p>\n\n\n\n<p>Ahora que se asoma en el horizonte el siguiente proceso electoral,&nbsp;proceso&nbsp;donde se&nbsp;renovar\u00e1&nbsp;la&nbsp;C\u00e1mara&nbsp;de Diputados, Congresos locales y&nbsp;gobiernos&nbsp;estatales, gritan a los 4&nbsp;vientos&nbsp;el PAN y MC que no quieren ir en alianza con el PRI por que da\u00f1a su&nbsp;\u201creputaci\u00f3n\u201d y sus militancias y la sociedad en&nbsp;general&nbsp;no&nbsp;acepta&nbsp;que&nbsp;caminen&nbsp;juntos,&nbsp;la misma gata pero&nbsp;revolcada&nbsp;dir\u00eda&nbsp;la&nbsp;abuela, con el PRI ni a la&nbsp;esquinapero con los ex priistas hasta la&nbsp;rec\u00e1mara&nbsp;de sus casas, \u00bfrealmente que&nbsp;se&nbsp;rechaza?<\/p>\n\n\n\n<p>El pueblo de M\u00e9xico se debe preguntar y analizar: si el PRI es tan \u201cmalo\u201d,&nbsp;si el PRI trae una loza en su imagen, si el PRI es el \u201cpadre\u201d de todos los males de este pa\u00eds, \u00bfpor qu\u00e9 tanto morena y MC&nbsp;reciben con bombos y platillos a todo militante qu\u00e9 renuncia&nbsp;al PRI? \u00bfPor qu\u00e9 el PAN reniega de una&nbsp;alianza&nbsp;con el PRI&nbsp;que le permiti\u00f3 obtener triunfos&nbsp;electorales&nbsp;en el 2021 y 2024? \u00bfPor qu\u00e9 el mayor cr\u00edtico del PRI es un ex priista? \u00bfRealmente entonces que es lo que se rechaza?<\/p>\n\n\n\n<p>Seria bueno que esos dirigentes que se&nbsp;desga\u00f1itan&nbsp;diciendo que&nbsp;no quieren nada con el PRI dijeran lo que realmente no quieren, y lo que no quieren es tender&nbsp;puentes con el prquedente nacional del&nbsp;PRI&nbsp;Alejandro Moreno C\u00e1rdenas,&nbsp;consideran&nbsp;que les resta m\u00e1s que sumar ser relacionados con un dirigente&nbsp;con todos los&nbsp;se\u00f1alamientos&nbsp;negativos&nbsp;que traeencima,&nbsp;si de se\u00f1alamientos se trata, \u00bfacaso no traen la&nbsp;misma&nbsp;mala imagen&nbsp;Ad\u00e1n&nbsp;Augusto&nbsp;L\u00f3pez&nbsp;Hern\u00e1ndez&nbsp;y Alejandro&nbsp;Rafael&nbsp;Moreno&nbsp;C\u00e1rdenas?<\/p>\n\n\n\n<p>\u00bfY si el famoso \u201cAlito\u201d no fuera el dirigente nacional del PRI?&nbsp;Lo cierto es que no solo se trata de&nbsp;simpat\u00edaspersonales&nbsp;o de dirigentes con carisma, se trata de que todos los partidos&nbsp;traen&nbsp;&nbsp;sus&nbsp;luces y sombras,&nbsp;lo importante es el proyecto&nbsp;de pa\u00eds&nbsp;que&nbsp;pretenden&nbsp;impulsar, se trata de&nbsp;postularhombres y mujeres con&nbsp;credibilidad&nbsp;y buena imagen p\u00fablica,&nbsp;oxigenar sus cuadros pol\u00edticos,&nbsp;se trata de poner en el centro de la discusi\u00f3n los temas que le interesan a las y los ciudadanos&nbsp;y decir las cosas como son.<\/p>\n\n\n\n<p>\u00bfC\u00f3mo se explica que no quieran&nbsp;\u2013 PAN y MC &#8211;&nbsp;caminar con el PRI pero si con los ex priistas?&nbsp;\u00bfC\u00f3mo se explica que Morena un d\u00eda critique al PRI de ayer y hoy&nbsp;reciba con singular alegr\u00eda a todo ex priista&nbsp;que se quiera sumar?\u00bfRealmente&nbsp;que es lo que se rechaza?<\/p>\n\n\n\n<p>P.D.- Con el&nbsp;\u00e1nimo&nbsp;que&nbsp;quede claro que los que fallan son aquellos que detentan&nbsp;el&nbsp;poder,&nbsp;no los&nbsp;partidos\u2026Escribir\u00e9 otro d\u00eda.&nbsp;<\/p>\n","protected":false},"excerpt":{"rendered":"<p>Vicente Luna Hern\u00e1ndez Es&nbsp;com\u00fan y algo que&nbsp;ha sucedido y seguir\u00e1 sucediendo en la pol\u00edtica nacional de M\u00e9xico, &nbsp;criticar, se\u00f1alar e incluso denostar al&nbsp;PRI&nbsp;por sus errores en el ejercicio del&nbsp;poder&nbsp;es undeporte nacional, sin embargo, hay algo que debe ser analizado, \u00bfrealmente&nbsp;que&nbsp;se&nbsp;rechaza? En su momento un grupo de notables militantes del PRI decidi\u00f3 \u201cromper\u201d con su partido [&hellip;]<\/p>\n","protected":false},"author":2,"featured_media":141415,"comment_status":"closed","ping_status":"closed","sticky":false,"template":"","format":"standard","meta":{"tdm_status":"","tdm_grid_status":"","footnotes":""},"categories":[70,1],"tags":[24359,618,14481,1026,251],"class_list":{"0":"post-155344","1":"post","2":"type-post","3":"status-publish","4":"format-standard","5":"has-post-thumbnail","7":"category-de-opinion","8":"category-sin-categoria","9":"tag-alito-moreno","10":"tag-andres-manuel-lopez-obrador","11":"tag-cuauhtemoc-cardenas","12":"tag-morena","13":"tag-pri"},"yoast_head":"<!-- This site is optimized with the Yoast SEO plugin v27.4 - https:\/\/yoast.com\/product\/yoast-seo-wordpress\/ -->\n<title>ALIANZA\u00a0CON EL PRI:\u00a0\u00bfREALMENTE\u00a0QU\u00c9 SE RECHAZA? - Los pol\u00edticos Veracruz<\/title>\n<meta name=\"robots\" content=\"index, follow, max-snippet:-1, max-image-preview:large, max-video-preview:-1\" \/>\n<link rel=\"canonical\" href=\"https:\/\/lospoliticosveracruz.com\/?p=155344\" \/>\n<meta property=\"og:locale\" content=\"es_ES\" \/>\n<meta property=\"og:type\" content=\"article\" \/>\n<meta property=\"og:title\" content=\"ALIANZA\u00a0CON EL PRI:\u00a0\u00bfREALMENTE\u00a0QU\u00c9 SE RECHAZA? - Los pol\u00edticos Veracruz\" \/>\n<meta property=\"og:description\" content=\"Vicente Luna Hern\u00e1ndez Es&nbsp;com\u00fan y algo que&nbsp;ha sucedido y seguir\u00e1 sucediendo en la pol\u00edtica nacional de M\u00e9xico, &nbsp;criticar, se\u00f1alar e incluso denostar al&nbsp;PRI&nbsp;por sus errores en el ejercicio del&nbsp;poder&nbsp;es undeporte nacional, sin embargo, hay algo que debe ser analizado, \u00bfrealmente&nbsp;que&nbsp;se&nbsp;rechaza? En su momento un grupo de notables militantes del PRI decidi\u00f3 \u201cromper\u201d con su partido [&hellip;]\" \/>\n<meta property=\"og:url\" content=\"https:\/\/lospoliticosveracruz.com\/?p=155344\" \/>\n<meta property=\"og:site_name\" content=\"Los pol\u00edticos Veracruz\" \/>\n<meta property=\"article:publisher\" content=\"https:\/\/www.facebook.com\/people\/Notimemes-de-los-Polticos\/61565672886568\/\" \/>\n<meta property=\"article:published_time\" content=\"2025-10-27T18:50:12+00:00\" \/>\n<meta property=\"article:modified_time\" content=\"2025-10-27T18:50:34+00:00\" \/>\n<meta property=\"og:image\" content=\"https:\/\/lospoliticosveracruz.com\/wp-content\/uploads\/2025\/04\/Vicente-Luna-Hernandez.jpg\" \/>\n\t<meta property=\"og:image:width\" content=\"1250\" \/>\n\t<meta property=\"og:image:height\" content=\"667\" \/>\n\t<meta property=\"og:image:type\" content=\"image\/jpeg\" \/>\n<meta name=\"author\" content=\"Lo viste en Los Pol\u00edticos\" \/>\n<meta name=\"twitter:card\" content=\"summary_large_image\" \/>\n<meta name=\"twitter:creator\" content=\"@LosPoliticosVer\" \/>\n<meta name=\"twitter:site\" content=\"@LosPoliticosVer\" \/>\n<meta name=\"twitter:label1\" content=\"Escrito por\" \/>\n\t<meta name=\"twitter:data1\" content=\"Lo viste en Los Pol\u00edticos\" \/>\n\t<meta name=\"twitter:label2\" content=\"Tiempo de lectura\" \/>\n\t<meta name=\"twitter:data2\" content=\"7 minutos\" \/>\n<script type=\"application\/ld+json\" class=\"yoast-schema-graph\">{\"@context\":\"https:\\\/\\\/schema.org\",\"@graph\":[{\"@type\":\"Article\",\"@id\":\"https:\\\/\\\/lospoliticosveracruz.com\\\/?p=155344#article\",\"isPartOf\":{\"@id\":\"https:\\\/\\\/lospoliticosveracruz.com\\\/?p=155344\"},\"author\":{\"name\":\"Lo viste en Los Pol\u00edticos\",\"@id\":\"https:\\\/\\\/lospoliticosveracruz.com\\\/#\\\/schema\\\/person\\\/b8702bb0e538456e6efd07080bf2a4a2\"},\"headline\":\"ALIANZA\u00a0CON EL PRI:\u00a0\u00bfREALMENTE\u00a0QU\u00c9 SE RECHAZA?\",\"datePublished\":\"2025-10-27T18:50:12+00:00\",\"dateModified\":\"2025-10-27T18:50:34+00:00\",\"mainEntityOfPage\":{\"@id\":\"https:\\\/\\\/lospoliticosveracruz.com\\\/?p=155344\"},\"wordCount\":1457,\"publisher\":{\"@id\":\"https:\\\/\\\/lospoliticosveracruz.com\\\/#organization\"},\"image\":{\"@id\":\"https:\\\/\\\/lospoliticosveracruz.com\\\/?p=155344#primaryimage\"},\"thumbnailUrl\":\"https:\\\/\\\/lospoliticosveracruz.com\\\/wp-content\\\/uploads\\\/2025\\\/04\\\/Vicente-Luna-Hernandez.jpg\",\"keywords\":[\"Alito Moreno\",\"Andr\u00e9s Manuel L\u00f3pez Obrador\",\"Cuauht\u00e9moc C\u00e1rdenas\",\"Morena\",\"PRI\"],\"articleSection\":[\"De Opini\u00f3n\"],\"inLanguage\":\"es\"},{\"@type\":\"WebPage\",\"@id\":\"https:\\\/\\\/lospoliticosveracruz.com\\\/?p=155344\",\"url\":\"https:\\\/\\\/lospoliticosveracruz.com\\\/?p=155344\",\"name\":\"ALIANZA\u00a0CON EL PRI:\u00a0\u00bfREALMENTE\u00a0QU\u00c9 SE RECHAZA? - Los pol\u00edticos Veracruz\",\"isPartOf\":{\"@id\":\"https:\\\/\\\/lospoliticosveracruz.com\\\/#website\"},\"primaryImageOfPage\":{\"@id\":\"https:\\\/\\\/lospoliticosveracruz.com\\\/?p=155344#primaryimage\"},\"image\":{\"@id\":\"https:\\\/\\\/lospoliticosveracruz.com\\\/?p=155344#primaryimage\"},\"thumbnailUrl\":\"https:\\\/\\\/lospoliticosveracruz.com\\\/wp-content\\\/uploads\\\/2025\\\/04\\\/Vicente-Luna-Hernandez.jpg\",\"datePublished\":\"2025-10-27T18:50:12+00:00\",\"dateModified\":\"2025-10-27T18:50:34+00:00\",\"breadcrumb\":{\"@id\":\"https:\\\/\\\/lospoliticosveracruz.com\\\/?p=155344#breadcrumb\"},\"inLanguage\":\"es\",\"potentialAction\":[{\"@type\":\"ReadAction\",\"target\":[\"https:\\\/\\\/lospoliticosveracruz.com\\\/?p=155344\"]}]},{\"@type\":\"ImageObject\",\"inLanguage\":\"es\",\"@id\":\"https:\\\/\\\/lospoliticosveracruz.com\\\/?p=155344#primaryimage\",\"url\":\"https:\\\/\\\/lospoliticosveracruz.com\\\/wp-content\\\/uploads\\\/2025\\\/04\\\/Vicente-Luna-Hernandez.jpg\",\"contentUrl\":\"https:\\\/\\\/lospoliticosveracruz.com\\\/wp-content\\\/uploads\\\/2025\\\/04\\\/Vicente-Luna-Hernandez.jpg\",\"width\":1250,\"height\":667},{\"@type\":\"BreadcrumbList\",\"@id\":\"https:\\\/\\\/lospoliticosveracruz.com\\\/?p=155344#breadcrumb\",\"itemListElement\":[{\"@type\":\"ListItem\",\"position\":1,\"name\":\"Portada\",\"item\":\"https:\\\/\\\/lospoliticosveracruz.com\\\/\"},{\"@type\":\"ListItem\",\"position\":2,\"name\":\"ALIANZA\u00a0CON EL PRI:\u00a0\u00bfREALMENTE\u00a0QU\u00c9 SE RECHAZA?\"}]},{\"@type\":\"WebSite\",\"@id\":\"https:\\\/\\\/lospoliticosveracruz.com\\\/#website\",\"url\":\"https:\\\/\\\/lospoliticosveracruz.com\\\/\",\"name\":\"Los pol\u00edticos Veracruz\",\"description\":\"\",\"publisher\":{\"@id\":\"https:\\\/\\\/lospoliticosveracruz.com\\\/#organization\"},\"potentialAction\":[{\"@type\":\"SearchAction\",\"target\":{\"@type\":\"EntryPoint\",\"urlTemplate\":\"https:\\\/\\\/lospoliticosveracruz.com\\\/?s={search_term_string}\"},\"query-input\":{\"@type\":\"PropertyValueSpecification\",\"valueRequired\":true,\"valueName\":\"search_term_string\"}}],\"inLanguage\":\"es\"},{\"@type\":\"Organization\",\"@id\":\"https:\\\/\\\/lospoliticosveracruz.com\\\/#organization\",\"name\":\"Los pol\u00edticos Veracruz\",\"url\":\"https:\\\/\\\/lospoliticosveracruz.com\\\/\",\"logo\":{\"@type\":\"ImageObject\",\"inLanguage\":\"es\",\"@id\":\"https:\\\/\\\/lospoliticosveracruz.com\\\/#\\\/schema\\\/logo\\\/image\\\/\",\"url\":\"https:\\\/\\\/lospoliticosveracruz.com\\\/wp-content\\\/uploads\\\/2025\\\/12\\\/Logo-Nuevo-LOS-POLITICOS-1.jpg\",\"contentUrl\":\"https:\\\/\\\/lospoliticosveracruz.com\\\/wp-content\\\/uploads\\\/2025\\\/12\\\/Logo-Nuevo-LOS-POLITICOS-1.jpg\",\"width\":260,\"height\":70,\"caption\":\"Los pol\u00edticos Veracruz\"},\"image\":{\"@id\":\"https:\\\/\\\/lospoliticosveracruz.com\\\/#\\\/schema\\\/logo\\\/image\\\/\"},\"sameAs\":[\"https:\\\/\\\/www.facebook.com\\\/people\\\/Notimemes-de-los-Polticos\\\/61565672886568\\\/\",\"https:\\\/\\\/x.com\\\/LosPoliticosVer\"]},{\"@type\":\"Person\",\"@id\":\"https:\\\/\\\/lospoliticosveracruz.com\\\/#\\\/schema\\\/person\\\/b8702bb0e538456e6efd07080bf2a4a2\",\"name\":\"Lo viste en Los Pol\u00edticos\",\"image\":{\"@type\":\"ImageObject\",\"inLanguage\":\"es\",\"@id\":\"https:\\\/\\\/secure.gravatar.com\\\/avatar\\\/3a8de04a2656d44082be478bd6c086daa447c4651605818287b9532d3d0bd435?s=96&d=mm&r=g\",\"url\":\"https:\\\/\\\/secure.gravatar.com\\\/avatar\\\/3a8de04a2656d44082be478bd6c086daa447c4651605818287b9532d3d0bd435?s=96&d=mm&r=g\",\"contentUrl\":\"https:\\\/\\\/secure.gravatar.com\\\/avatar\\\/3a8de04a2656d44082be478bd6c086daa447c4651605818287b9532d3d0bd435?s=96&d=mm&r=g\",\"caption\":\"Lo viste en Los Pol\u00edticos\"},\"url\":\"https:\\\/\\\/lospoliticosveracruz.com\\\/?author=2\"}]}<\/script>\n<!-- \/ Yoast SEO plugin. -->","yoast_head_json":{"title":"ALIANZA\u00a0CON EL PRI:\u00a0\u00bfREALMENTE\u00a0QU\u00c9 SE RECHAZA? - Los pol\u00edticos Veracruz","robots":{"index":"index","follow":"follow","max-snippet":"max-snippet:-1","max-image-preview":"max-image-preview:large","max-video-preview":"max-video-preview:-1"},"canonical":"https:\/\/lospoliticosveracruz.com\/?p=155344","og_locale":"es_ES","og_type":"article","og_title":"ALIANZA\u00a0CON EL PRI:\u00a0\u00bfREALMENTE\u00a0QU\u00c9 SE RECHAZA? - Los pol\u00edticos Veracruz","og_description":"Vicente Luna Hern\u00e1ndez Es&nbsp;com\u00fan y algo que&nbsp;ha sucedido y seguir\u00e1 sucediendo en la pol\u00edtica nacional de M\u00e9xico, &nbsp;criticar, se\u00f1alar e incluso denostar al&nbsp;PRI&nbsp;por sus errores en el ejercicio del&nbsp;poder&nbsp;es undeporte nacional, sin embargo, hay algo que debe ser analizado, \u00bfrealmente&nbsp;que&nbsp;se&nbsp;rechaza? En su momento un grupo de notables militantes del PRI decidi\u00f3 \u201cromper\u201d con su partido [&hellip;]","og_url":"https:\/\/lospoliticosveracruz.com\/?p=155344","og_site_name":"Los pol\u00edticos Veracruz","article_publisher":"https:\/\/www.facebook.com\/people\/Notimemes-de-los-Polticos\/61565672886568\/","article_published_time":"2025-10-27T18:50:12+00:00","article_modified_time":"2025-10-27T18:50:34+00:00","og_image":[{"width":1250,"height":667,"url":"https:\/\/lospoliticosveracruz.com\/wp-content\/uploads\/2025\/04\/Vicente-Luna-Hernandez.jpg","type":"image\/jpeg"}],"author":"Lo viste en Los Pol\u00edticos","twitter_card":"summary_large_image","twitter_creator":"@LosPoliticosVer","twitter_site":"@LosPoliticosVer","twitter_misc":{"Escrito por":"Lo viste en Los Pol\u00edticos","Tiempo de lectura":"7 minutos"},"schema":{"@context":"https:\/\/schema.org","@graph":[{"@type":"Article","@id":"https:\/\/lospoliticosveracruz.com\/?p=155344#article","isPartOf":{"@id":"https:\/\/lospoliticosveracruz.com\/?p=155344"},"author":{"name":"Lo viste en Los Pol\u00edticos","@id":"https:\/\/lospoliticosveracruz.com\/#\/schema\/person\/b8702bb0e538456e6efd07080bf2a4a2"},"headline":"ALIANZA\u00a0CON EL PRI:\u00a0\u00bfREALMENTE\u00a0QU\u00c9 SE RECHAZA?","datePublished":"2025-10-27T18:50:12+00:00","dateModified":"2025-10-27T18:50:34+00:00","mainEntityOfPage":{"@id":"https:\/\/lospoliticosveracruz.com\/?p=155344"},"wordCount":1457,"publisher":{"@id":"https:\/\/lospoliticosveracruz.com\/#organization"},"image":{"@id":"https:\/\/lospoliticosveracruz.com\/?p=155344#primaryimage"},"thumbnailUrl":"https:\/\/lospoliticosveracruz.com\/wp-content\/uploads\/2025\/04\/Vicente-Luna-Hernandez.jpg","keywords":["Alito Moreno","Andr\u00e9s Manuel L\u00f3pez Obrador","Cuauht\u00e9moc C\u00e1rdenas","Morena","PRI"],"articleSection":["De Opini\u00f3n"],"inLanguage":"es"},{"@type":"WebPage","@id":"https:\/\/lospoliticosveracruz.com\/?p=155344","url":"https:\/\/lospoliticosveracruz.com\/?p=155344","name":"ALIANZA\u00a0CON EL PRI:\u00a0\u00bfREALMENTE\u00a0QU\u00c9 SE RECHAZA? - Los pol\u00edticos Veracruz","isPartOf":{"@id":"https:\/\/lospoliticosveracruz.com\/#website"},"primaryImageOfPage":{"@id":"https:\/\/lospoliticosveracruz.com\/?p=155344#primaryimage"},"image":{"@id":"https:\/\/lospoliticosveracruz.com\/?p=155344#primaryimage"},"thumbnailUrl":"https:\/\/lospoliticosveracruz.com\/wp-content\/uploads\/2025\/04\/Vicente-Luna-Hernandez.jpg","datePublished":"2025-10-27T18:50:12+00:00","dateModified":"2025-10-27T18:50:34+00:00","breadcrumb":{"@id":"https:\/\/lospoliticosveracruz.com\/?p=155344#breadcrumb"},"inLanguage":"es","potentialAction":[{"@type":"ReadAction","target":["https:\/\/lospoliticosveracruz.com\/?p=155344"]}]},{"@type":"ImageObject","inLanguage":"es","@id":"https:\/\/lospoliticosveracruz.com\/?p=155344#primaryimage","url":"https:\/\/lospoliticosveracruz.com\/wp-content\/uploads\/2025\/04\/Vicente-Luna-Hernandez.jpg","contentUrl":"https:\/\/lospoliticosveracruz.com\/wp-content\/uploads\/2025\/04\/Vicente-Luna-Hernandez.jpg","width":1250,"height":667},{"@type":"BreadcrumbList","@id":"https:\/\/lospoliticosveracruz.com\/?p=155344#breadcrumb","itemListElement":[{"@type":"ListItem","position":1,"name":"Portada","item":"https:\/\/lospoliticosveracruz.com\/"},{"@type":"ListItem","position":2,"name":"ALIANZA\u00a0CON EL PRI:\u00a0\u00bfREALMENTE\u00a0QU\u00c9 SE RECHAZA?"}]},{"@type":"WebSite","@id":"https:\/\/lospoliticosveracruz.com\/#website","url":"https:\/\/lospoliticosveracruz.com\/","name":"Los pol\u00edticos Veracruz","description":"","publisher":{"@id":"https:\/\/lospoliticosveracruz.com\/#organization"},"potentialAction":[{"@type":"SearchAction","target":{"@type":"EntryPoint","urlTemplate":"https:\/\/lospoliticosveracruz.com\/?s={search_term_string}"},"query-input":{"@type":"PropertyValueSpecification","valueRequired":true,"valueName":"search_term_string"}}],"inLanguage":"es"},{"@type":"Organization","@id":"https:\/\/lospoliticosveracruz.com\/#organization","name":"Los pol\u00edticos Veracruz","url":"https:\/\/lospoliticosveracruz.com\/","logo":{"@type":"ImageObject","inLanguage":"es","@id":"https:\/\/lospoliticosveracruz.com\/#\/schema\/logo\/image\/","url":"https:\/\/lospoliticosveracruz.com\/wp-content\/uploads\/2025\/12\/Logo-Nuevo-LOS-POLITICOS-1.jpg","contentUrl":"https:\/\/lospoliticosveracruz.com\/wp-content\/uploads\/2025\/12\/Logo-Nuevo-LOS-POLITICOS-1.jpg","width":260,"height":70,"caption":"Los pol\u00edticos Veracruz"},"image":{"@id":"https:\/\/lospoliticosveracruz.com\/#\/schema\/logo\/image\/"},"sameAs":["https:\/\/www.facebook.com\/people\/Notimemes-de-los-Polticos\/61565672886568\/","https:\/\/x.com\/LosPoliticosVer"]},{"@type":"Person","@id":"https:\/\/lospoliticosveracruz.com\/#\/schema\/person\/b8702bb0e538456e6efd07080bf2a4a2","name":"Lo viste en Los Pol\u00edticos","image":{"@type":"ImageObject","inLanguage":"es","@id":"https:\/\/secure.gravatar.com\/avatar\/3a8de04a2656d44082be478bd6c086daa447c4651605818287b9532d3d0bd435?s=96&d=mm&r=g","url":"https:\/\/secure.gravatar.com\/avatar\/3a8de04a2656d44082be478bd6c086daa447c4651605818287b9532d3d0bd435?s=96&d=mm&r=g","contentUrl":"https:\/\/secure.gravatar.com\/avatar\/3a8de04a2656d44082be478bd6c086daa447c4651605818287b9532d3d0bd435?s=96&d=mm&r=g","caption":"Lo viste en Los Pol\u00edticos"},"url":"https:\/\/lospoliticosveracruz.com\/?author=2"}]}},"_links":{"self":[{"href":"https:\/\/lospoliticosveracruz.com\/index.php?rest_route=\/wp\/v2\/posts\/155344","targetHints":{"allow":["GET"]}}],"collection":[{"href":"https:\/\/lospoliticosveracruz.com\/index.php?rest_route=\/wp\/v2\/posts"}],"about":[{"href":"https:\/\/lospoliticosveracruz.com\/index.php?rest_route=\/wp\/v2\/types\/post"}],"author":[{"embeddable":true,"href":"https:\/\/lospoliticosveracruz.com\/index.php?rest_route=\/wp\/v2\/users\/2"}],"replies":[{"embeddable":true,"href":"https:\/\/lospoliticosveracruz.com\/index.php?rest_route=%2Fwp%2Fv2%2Fcomments&post=155344"}],"version-history":[{"count":2,"href":"https:\/\/lospoliticosveracruz.com\/index.php?rest_route=\/wp\/v2\/posts\/155344\/revisions"}],"predecessor-version":[{"id":155346,"href":"https:\/\/lospoliticosveracruz.com\/index.php?rest_route=\/wp\/v2\/posts\/155344\/revisions\/155346"}],"wp:featuredmedia":[{"embeddable":true,"href":"https:\/\/lospoliticosveracruz.com\/index.php?rest_route=\/wp\/v2\/media\/141415"}],"wp:attachment":[{"href":"https:\/\/lospoliticosveracruz.com\/index.php?rest_route=%2Fwp%2Fv2%2Fmedia&parent=155344"}],"wp:term":[{"taxonomy":"category","embeddable":true,"href":"https:\/\/lospoliticosveracruz.com\/index.php?rest_route=%2Fwp%2Fv2%2Fcategories&post=155344"},{"taxonomy":"post_tag","embeddable":true,"href":"https:\/\/lospoliticosveracruz.com\/index.php?rest_route=%2Fwp%2Fv2%2Ftags&post=155344"}],"curies":[{"name":"wp","href":"https:\/\/api.w.org\/{rel}","templated":true}]}}