{"id":155372,"date":"2025-10-28T07:14:13","date_gmt":"2025-10-28T13:14:13","guid":{"rendered":"https:\/\/lospoliticosveracruz.com.mx\/?p=155372"},"modified":"2025-10-28T07:14:42","modified_gmt":"2025-10-28T13:14:42","slug":"el-chapo-con-mmancha","status":"publish","type":"post","link":"https:\/\/lospoliticosveracruz.com\/?p=155372","title":{"rendered":"EL CHAPO CON (M)mancha"},"content":{"rendered":"\n<p><strong>Omar Z\u00fa\u00f1iga<\/strong><\/p>\n\n\n\n<p><em>De Primera Mano<\/em><\/p>\n\n\n\n<p>Lo que nunca pens\u00e1bamos ver se vio en unademostraci\u00f3n m\u00e1s del prgamatismo de la pol\u00edtica\u2026&nbsp;<strong>Joaqu\u00edn Guzm\u00e1n Avil\u00e9s<\/strong>&nbsp;y&nbsp;<strong>P<\/strong><strong>epe Ma<\/strong><strong>n<\/strong><strong>cha<\/strong>&nbsp;se presentaron en una conferencia de prensa, juntos en Xalapa, y lo hicieron para manifestar&nbsp;\u201cunidad\u201d&nbsp;al interior del PAN, pero sin ning\u00fan integrante del Comit\u00e9 Directivo Estatal en Veracruz.<\/p>\n\n\n\n\n\n<p>Lo hicieron&nbsp;el 16&nbsp;de octubre, apenas un par de d\u00edas&nbsp;antes de llevarse a cabo la reuni\u00f3n&nbsp;nacional&nbsp;donde el blanquiazul anunci\u00f3 su llamado&nbsp;<em>relanzamiento<\/em>&nbsp;y de cara a la renovaci\u00f3n de su Consejo Pol\u00edtico Estatal,&nbsp;este fin de semana.<\/p>\n\n\n\n<p>Resulta y resalta que el equipo&nbsp;encabezado por&nbsp;<strong>Enrique Cambranis<\/strong>&nbsp;y&nbsp;el mismo presidente&nbsp;<strong>Federico Salom\u00f3n<\/strong>&nbsp;se la pasaron cabildeando de manera muy intensa&nbsp;tejiendo alianzas con tirios y troyanos, para poder concretar lo que busca el CEN de Acci\u00f3n Nacional,&nbsp;sin nadie que est\u00e9 metiendo el pie al interior.<\/p>\n\n\n\n<p>Unidad, se llama (de nada).<\/p>\n\n\n\n<p>El resultado obtenido este fin de semana por las huestes de&nbsp;<strong>Cambranis<\/strong>&nbsp;no tiene precedente en el PAN Veracruz&nbsp;y tampoco deja lugar a dudas.<\/p>\n\n\n\n<p>El resultado m\u00e1s cercano a lo ocurrido este fin de semana fue que un grupo ganara 95 de 100 consejeros, hace m\u00e1s de 10 a\u00f1os.<\/p>\n\n\n\n<p>Lo que se vio el fin&nbsp;de semana pasado fue 99 de 100.<\/p>\n\n\n\n<p>De ese tama\u00f1o fue la operaci\u00f3n y las alianzas&nbsp;que se tejieron y por otra lado, de ese mismo tama\u00f1o&nbsp;es&nbsp;el rechazo al&nbsp;minigrupo del&nbsp;<strong><em>Chapito<\/em><\/strong>&nbsp;y&nbsp;<strong>Pepe Mancha<\/strong>, que&nbsp;junto a su grupo&nbsp;deben&nbsp;estar poniendo sus&nbsp;barbas a remojar.<\/p>\n\n\n\n<p>Y con su salida, m\u00e1s all\u00e1 de que el cartel de los Yunes del Estero ahora s\u00ed est\u00e1 fuera del PAN, es la verdadera fuerza que demostraron \u00e9l y su aliancista: tener el 1 por ciento de aceptaci\u00f3n y representatividad.<\/p>\n\n\n\n<p>En el caso concreto de&nbsp;<strong>Mancha<\/strong>, est\u00e1 pagando las traiciones, concretamente por la alianza que hizo con&nbsp;<strong>Yunes Linares<\/strong>&nbsp;y otras fuerzas pol\u00edticas.<\/p>\n\n\n\n<p>Ese 1&nbsp;por&nbsp;ciento&nbsp;corresponde&nbsp;precisamente a&nbsp;<strong>Joaqu\u00edn Guzm\u00e1n Avil\u00e9s<\/strong>, que se col\u00f3 porque uno de los consejeros opt\u00f3 por ir a la segura e incluirse en dos de&nbsp;las listas de aspirantes y debi\u00f3 ceder su lugar en una de ellas, pues de haber&nbsp;ido en una sola, hubiera sido zapato: cien de cien.<\/p>\n\n\n\n<p>La proporci\u00f3n en la representatividad promedio, era 70-30: es decir el perdedor m\u00e1s jodido se llevaba 30 consejeros.&nbsp;<\/p>\n\n\n\n<p>Las alianzas grandes se quedaban con&nbsp;m\u00e1s de&nbsp;dos tercios, pues el&nbsp;CEN blanquiazul&nbsp;no&nbsp;permite&nbsp;que un grupo tenga mayor\u00eda solo;&nbsp;entonces solamente&nbsp;tiene derecho a&nbsp;elegir m\u00e1ximo el 50 por ciento, es decir s\u00f3lo pueden&nbsp;votar por 25 hombres&nbsp;y&nbsp;25 mujeres&nbsp;y&nbsp;por&nbsp;muy fuerte que sea&nbsp;determinado grupo,&nbsp;s\u00f3lo se puede llevar&nbsp;por&nbsp;s\u00ed solo,&nbsp;la mitad.<\/p>\n\n\n\n<p>*****<\/p>\n\n\n\n<p>El mayor peso espec\u00edfico lo tiene el grupo de&nbsp;<strong>Enrique Cambranis<\/strong>, y aunque ciertamente todos llevan algo en esa alianza y es el objetivo que persiguen desde el CEN: unidad para el trabajo en tierra y darle ese barrio que le falta al PAN.<\/p>\n\n\n\n<p>Con esa alianza y ese trabajo, el PAN Veracruz busca&nbsp;recuperar la confianza y el primer lugar en el estado.<\/p>\n\n\n\n<p>Ya se ver\u00e1, el 2027 ser\u00e1 el primer filtro.<\/p>\n\n\n\n<p>*****<\/p>\n\n\n\n<p>Y con este resultado,&nbsp;<strong>Cristina P\u00e9rez Silva<\/strong>&nbsp;actual Secretaria General del CDE, se perfila como la pr\u00f3xima presidenta estatal del blanquiazul.<\/p>\n\n\n\n<p>Panista de cepa, tiene todos los elementos para cohesionar a su partido, de cara a su primer examen en junio de 2027, con la selecci\u00f3n de los mejores candidatos para renovar el Congreso local.<\/p>\n\n\n\n<p>\u00a1Qu\u00e9 barbaridad!<\/p>\n\n\n\n<p>deprimera.mano2020@gmail.com<\/p>\n","protected":false},"excerpt":{"rendered":"<p>Omar Z\u00fa\u00f1iga De Primera Mano Lo que nunca pens\u00e1bamos ver se vio en unademostraci\u00f3n m\u00e1s del prgamatismo de la pol\u00edtica\u2026&nbsp;Joaqu\u00edn Guzm\u00e1n Avil\u00e9s&nbsp;y&nbsp;Pepe Mancha&nbsp;se presentaron en una conferencia de prensa, juntos en Xalapa, y lo hicieron para manifestar&nbsp;\u201cunidad\u201d&nbsp;al interior del PAN, pero sin ning\u00fan integrante del Comit\u00e9 Directivo Estatal en Veracruz. Lo hicieron&nbsp;el 16&nbsp;de octubre, apenas [&hellip;]<\/p>\n","protected":false},"author":2,"featured_media":141427,"comment_status":"closed","ping_status":"closed","sticky":false,"template":"","format":"standard","meta":{"tdm_status":"","tdm_grid_status":"","footnotes":""},"categories":[70],"tags":[3288,266],"class_list":{"0":"post-155372","1":"post","2":"type-post","3":"status-publish","4":"format-standard","5":"has-post-thumbnail","7":"category-de-opinion","8":"tag-joaquin-guzman-aviles","9":"tag-pan"},"yoast_head":"<!-- This site is optimized with the Yoast SEO plugin v27.4 - https:\/\/yoast.com\/product\/yoast-seo-wordpress\/ -->\n<title>EL CHAPO CON (M)mancha - Los pol\u00edticos Veracruz<\/title>\n<meta name=\"robots\" content=\"index, follow, max-snippet:-1, max-image-preview:large, max-video-preview:-1\" \/>\n<link rel=\"canonical\" href=\"https:\/\/lospoliticosveracruz.com\/?p=155372\" \/>\n<meta property=\"og:locale\" content=\"es_ES\" \/>\n<meta property=\"og:type\" content=\"article\" \/>\n<meta property=\"og:title\" content=\"EL CHAPO CON (M)mancha - Los pol\u00edticos Veracruz\" \/>\n<meta property=\"og:description\" content=\"Omar Z\u00fa\u00f1iga De Primera Mano Lo que nunca pens\u00e1bamos ver se vio en unademostraci\u00f3n m\u00e1s del prgamatismo de la pol\u00edtica\u2026&nbsp;Joaqu\u00edn Guzm\u00e1n Avil\u00e9s&nbsp;y&nbsp;Pepe Mancha&nbsp;se presentaron en una conferencia de prensa, juntos en Xalapa, y lo hicieron para manifestar&nbsp;\u201cunidad\u201d&nbsp;al interior del PAN, pero sin ning\u00fan integrante del Comit\u00e9 Directivo Estatal en Veracruz. Lo hicieron&nbsp;el 16&nbsp;de octubre, apenas [&hellip;]\" \/>\n<meta property=\"og:url\" content=\"https:\/\/lospoliticosveracruz.com\/?p=155372\" \/>\n<meta property=\"og:site_name\" content=\"Los pol\u00edticos Veracruz\" \/>\n<meta property=\"article:publisher\" content=\"https:\/\/www.facebook.com\/people\/Notimemes-de-los-Polticos\/61565672886568\/\" \/>\n<meta property=\"article:published_time\" content=\"2025-10-28T13:14:13+00:00\" \/>\n<meta property=\"article:modified_time\" content=\"2025-10-28T13:14:42+00:00\" \/>\n<meta property=\"og:image\" content=\"https:\/\/lospoliticosveracruz.com\/wp-content\/uploads\/2025\/04\/Omar-Zuniga.jpg\" \/>\n\t<meta property=\"og:image:width\" content=\"1250\" \/>\n\t<meta property=\"og:image:height\" content=\"667\" \/>\n\t<meta property=\"og:image:type\" content=\"image\/jpeg\" \/>\n<meta name=\"author\" content=\"Lo viste en Los Pol\u00edticos\" \/>\n<meta name=\"twitter:card\" content=\"summary_large_image\" \/>\n<meta name=\"twitter:creator\" content=\"@LosPoliticosVer\" \/>\n<meta name=\"twitter:site\" content=\"@LosPoliticosVer\" \/>\n<meta name=\"twitter:label1\" content=\"Escrito por\" \/>\n\t<meta name=\"twitter:data1\" content=\"Lo viste en Los Pol\u00edticos\" \/>\n\t<meta name=\"twitter:label2\" content=\"Tiempo de lectura\" \/>\n\t<meta name=\"twitter:data2\" content=\"3 minutos\" \/>\n<script type=\"application\/ld+json\" class=\"yoast-schema-graph\">{\"@context\":\"https:\\\/\\\/schema.org\",\"@graph\":[{\"@type\":\"Article\",\"@id\":\"https:\\\/\\\/lospoliticosveracruz.com\\\/?p=155372#article\",\"isPartOf\":{\"@id\":\"https:\\\/\\\/lospoliticosveracruz.com\\\/?p=155372\"},\"author\":{\"name\":\"Lo viste en Los Pol\u00edticos\",\"@id\":\"https:\\\/\\\/lospoliticosveracruz.com\\\/#\\\/schema\\\/person\\\/b8702bb0e538456e6efd07080bf2a4a2\"},\"headline\":\"EL CHAPO CON (M)mancha\",\"datePublished\":\"2025-10-28T13:14:13+00:00\",\"dateModified\":\"2025-10-28T13:14:42+00:00\",\"mainEntityOfPage\":{\"@id\":\"https:\\\/\\\/lospoliticosveracruz.com\\\/?p=155372\"},\"wordCount\":692,\"publisher\":{\"@id\":\"https:\\\/\\\/lospoliticosveracruz.com\\\/#organization\"},\"image\":{\"@id\":\"https:\\\/\\\/lospoliticosveracruz.com\\\/?p=155372#primaryimage\"},\"thumbnailUrl\":\"https:\\\/\\\/lospoliticosveracruz.com\\\/wp-content\\\/uploads\\\/2025\\\/04\\\/Omar-Zuniga.jpg\",\"keywords\":[\"Joaqu\u00edn Guzm\u00e1n Avil\u00e9s\",\"PAN\"],\"articleSection\":[\"De Opini\u00f3n\"],\"inLanguage\":\"es\"},{\"@type\":\"WebPage\",\"@id\":\"https:\\\/\\\/lospoliticosveracruz.com\\\/?p=155372\",\"url\":\"https:\\\/\\\/lospoliticosveracruz.com\\\/?p=155372\",\"name\":\"EL CHAPO CON (M)mancha - Los pol\u00edticos Veracruz\",\"isPartOf\":{\"@id\":\"https:\\\/\\\/lospoliticosveracruz.com\\\/#website\"},\"primaryImageOfPage\":{\"@id\":\"https:\\\/\\\/lospoliticosveracruz.com\\\/?p=155372#primaryimage\"},\"image\":{\"@id\":\"https:\\\/\\\/lospoliticosveracruz.com\\\/?p=155372#primaryimage\"},\"thumbnailUrl\":\"https:\\\/\\\/lospoliticosveracruz.com\\\/wp-content\\\/uploads\\\/2025\\\/04\\\/Omar-Zuniga.jpg\",\"datePublished\":\"2025-10-28T13:14:13+00:00\",\"dateModified\":\"2025-10-28T13:14:42+00:00\",\"breadcrumb\":{\"@id\":\"https:\\\/\\\/lospoliticosveracruz.com\\\/?p=155372#breadcrumb\"},\"inLanguage\":\"es\",\"potentialAction\":[{\"@type\":\"ReadAction\",\"target\":[\"https:\\\/\\\/lospoliticosveracruz.com\\\/?p=155372\"]}]},{\"@type\":\"ImageObject\",\"inLanguage\":\"es\",\"@id\":\"https:\\\/\\\/lospoliticosveracruz.com\\\/?p=155372#primaryimage\",\"url\":\"https:\\\/\\\/lospoliticosveracruz.com\\\/wp-content\\\/uploads\\\/2025\\\/04\\\/Omar-Zuniga.jpg\",\"contentUrl\":\"https:\\\/\\\/lospoliticosveracruz.com\\\/wp-content\\\/uploads\\\/2025\\\/04\\\/Omar-Zuniga.jpg\",\"width\":1250,\"height\":667},{\"@type\":\"BreadcrumbList\",\"@id\":\"https:\\\/\\\/lospoliticosveracruz.com\\\/?p=155372#breadcrumb\",\"itemListElement\":[{\"@type\":\"ListItem\",\"position\":1,\"name\":\"Portada\",\"item\":\"https:\\\/\\\/lospoliticosveracruz.com\\\/\"},{\"@type\":\"ListItem\",\"position\":2,\"name\":\"EL CHAPO CON (M)mancha\"}]},{\"@type\":\"WebSite\",\"@id\":\"https:\\\/\\\/lospoliticosveracruz.com\\\/#website\",\"url\":\"https:\\\/\\\/lospoliticosveracruz.com\\\/\",\"name\":\"Los pol\u00edticos Veracruz\",\"description\":\"\",\"publisher\":{\"@id\":\"https:\\\/\\\/lospoliticosveracruz.com\\\/#organization\"},\"potentialAction\":[{\"@type\":\"SearchAction\",\"target\":{\"@type\":\"EntryPoint\",\"urlTemplate\":\"https:\\\/\\\/lospoliticosveracruz.com\\\/?s={search_term_string}\"},\"query-input\":{\"@type\":\"PropertyValueSpecification\",\"valueRequired\":true,\"valueName\":\"search_term_string\"}}],\"inLanguage\":\"es\"},{\"@type\":\"Organization\",\"@id\":\"https:\\\/\\\/lospoliticosveracruz.com\\\/#organization\",\"name\":\"Los pol\u00edticos Veracruz\",\"url\":\"https:\\\/\\\/lospoliticosveracruz.com\\\/\",\"logo\":{\"@type\":\"ImageObject\",\"inLanguage\":\"es\",\"@id\":\"https:\\\/\\\/lospoliticosveracruz.com\\\/#\\\/schema\\\/logo\\\/image\\\/\",\"url\":\"https:\\\/\\\/lospoliticosveracruz.com\\\/wp-content\\\/uploads\\\/2025\\\/12\\\/Logo-Nuevo-LOS-POLITICOS-1.jpg\",\"contentUrl\":\"https:\\\/\\\/lospoliticosveracruz.com\\\/wp-content\\\/uploads\\\/2025\\\/12\\\/Logo-Nuevo-LOS-POLITICOS-1.jpg\",\"width\":260,\"height\":70,\"caption\":\"Los pol\u00edticos Veracruz\"},\"image\":{\"@id\":\"https:\\\/\\\/lospoliticosveracruz.com\\\/#\\\/schema\\\/logo\\\/image\\\/\"},\"sameAs\":[\"https:\\\/\\\/www.facebook.com\\\/people\\\/Notimemes-de-los-Polticos\\\/61565672886568\\\/\",\"https:\\\/\\\/x.com\\\/LosPoliticosVer\"]},{\"@type\":\"Person\",\"@id\":\"https:\\\/\\\/lospoliticosveracruz.com\\\/#\\\/schema\\\/person\\\/b8702bb0e538456e6efd07080bf2a4a2\",\"name\":\"Lo viste en Los Pol\u00edticos\",\"image\":{\"@type\":\"ImageObject\",\"inLanguage\":\"es\",\"@id\":\"https:\\\/\\\/secure.gravatar.com\\\/avatar\\\/3a8de04a2656d44082be478bd6c086daa447c4651605818287b9532d3d0bd435?s=96&d=mm&r=g\",\"url\":\"https:\\\/\\\/secure.gravatar.com\\\/avatar\\\/3a8de04a2656d44082be478bd6c086daa447c4651605818287b9532d3d0bd435?s=96&d=mm&r=g\",\"contentUrl\":\"https:\\\/\\\/secure.gravatar.com\\\/avatar\\\/3a8de04a2656d44082be478bd6c086daa447c4651605818287b9532d3d0bd435?s=96&d=mm&r=g\",\"caption\":\"Lo viste en Los Pol\u00edticos\"},\"url\":\"https:\\\/\\\/lospoliticosveracruz.com\\\/?author=2\"}]}<\/script>\n<!-- \/ Yoast SEO plugin. -->","yoast_head_json":{"title":"EL CHAPO CON (M)mancha - Los pol\u00edticos Veracruz","robots":{"index":"index","follow":"follow","max-snippet":"max-snippet:-1","max-image-preview":"max-image-preview:large","max-video-preview":"max-video-preview:-1"},"canonical":"https:\/\/lospoliticosveracruz.com\/?p=155372","og_locale":"es_ES","og_type":"article","og_title":"EL CHAPO CON (M)mancha - Los pol\u00edticos Veracruz","og_description":"Omar Z\u00fa\u00f1iga De Primera Mano Lo que nunca pens\u00e1bamos ver se vio en unademostraci\u00f3n m\u00e1s del prgamatismo de la pol\u00edtica\u2026&nbsp;Joaqu\u00edn Guzm\u00e1n Avil\u00e9s&nbsp;y&nbsp;Pepe Mancha&nbsp;se presentaron en una conferencia de prensa, juntos en Xalapa, y lo hicieron para manifestar&nbsp;\u201cunidad\u201d&nbsp;al interior del PAN, pero sin ning\u00fan integrante del Comit\u00e9 Directivo Estatal en Veracruz. Lo hicieron&nbsp;el 16&nbsp;de octubre, apenas [&hellip;]","og_url":"https:\/\/lospoliticosveracruz.com\/?p=155372","og_site_name":"Los pol\u00edticos Veracruz","article_publisher":"https:\/\/www.facebook.com\/people\/Notimemes-de-los-Polticos\/61565672886568\/","article_published_time":"2025-10-28T13:14:13+00:00","article_modified_time":"2025-10-28T13:14:42+00:00","og_image":[{"width":1250,"height":667,"url":"https:\/\/lospoliticosveracruz.com\/wp-content\/uploads\/2025\/04\/Omar-Zuniga.jpg","type":"image\/jpeg"}],"author":"Lo viste en Los Pol\u00edticos","twitter_card":"summary_large_image","twitter_creator":"@LosPoliticosVer","twitter_site":"@LosPoliticosVer","twitter_misc":{"Escrito por":"Lo viste en Los Pol\u00edticos","Tiempo de lectura":"3 minutos"},"schema":{"@context":"https:\/\/schema.org","@graph":[{"@type":"Article","@id":"https:\/\/lospoliticosveracruz.com\/?p=155372#article","isPartOf":{"@id":"https:\/\/lospoliticosveracruz.com\/?p=155372"},"author":{"name":"Lo viste en Los Pol\u00edticos","@id":"https:\/\/lospoliticosveracruz.com\/#\/schema\/person\/b8702bb0e538456e6efd07080bf2a4a2"},"headline":"EL CHAPO CON (M)mancha","datePublished":"2025-10-28T13:14:13+00:00","dateModified":"2025-10-28T13:14:42+00:00","mainEntityOfPage":{"@id":"https:\/\/lospoliticosveracruz.com\/?p=155372"},"wordCount":692,"publisher":{"@id":"https:\/\/lospoliticosveracruz.com\/#organization"},"image":{"@id":"https:\/\/lospoliticosveracruz.com\/?p=155372#primaryimage"},"thumbnailUrl":"https:\/\/lospoliticosveracruz.com\/wp-content\/uploads\/2025\/04\/Omar-Zuniga.jpg","keywords":["Joaqu\u00edn Guzm\u00e1n Avil\u00e9s","PAN"],"articleSection":["De Opini\u00f3n"],"inLanguage":"es"},{"@type":"WebPage","@id":"https:\/\/lospoliticosveracruz.com\/?p=155372","url":"https:\/\/lospoliticosveracruz.com\/?p=155372","name":"EL CHAPO CON (M)mancha - Los pol\u00edticos Veracruz","isPartOf":{"@id":"https:\/\/lospoliticosveracruz.com\/#website"},"primaryImageOfPage":{"@id":"https:\/\/lospoliticosveracruz.com\/?p=155372#primaryimage"},"image":{"@id":"https:\/\/lospoliticosveracruz.com\/?p=155372#primaryimage"},"thumbnailUrl":"https:\/\/lospoliticosveracruz.com\/wp-content\/uploads\/2025\/04\/Omar-Zuniga.jpg","datePublished":"2025-10-28T13:14:13+00:00","dateModified":"2025-10-28T13:14:42+00:00","breadcrumb":{"@id":"https:\/\/lospoliticosveracruz.com\/?p=155372#breadcrumb"},"inLanguage":"es","potentialAction":[{"@type":"ReadAction","target":["https:\/\/lospoliticosveracruz.com\/?p=155372"]}]},{"@type":"ImageObject","inLanguage":"es","@id":"https:\/\/lospoliticosveracruz.com\/?p=155372#primaryimage","url":"https:\/\/lospoliticosveracruz.com\/wp-content\/uploads\/2025\/04\/Omar-Zuniga.jpg","contentUrl":"https:\/\/lospoliticosveracruz.com\/wp-content\/uploads\/2025\/04\/Omar-Zuniga.jpg","width":1250,"height":667},{"@type":"BreadcrumbList","@id":"https:\/\/lospoliticosveracruz.com\/?p=155372#breadcrumb","itemListElement":[{"@type":"ListItem","position":1,"name":"Portada","item":"https:\/\/lospoliticosveracruz.com\/"},{"@type":"ListItem","position":2,"name":"EL CHAPO CON (M)mancha"}]},{"@type":"WebSite","@id":"https:\/\/lospoliticosveracruz.com\/#website","url":"https:\/\/lospoliticosveracruz.com\/","name":"Los pol\u00edticos Veracruz","description":"","publisher":{"@id":"https:\/\/lospoliticosveracruz.com\/#organization"},"potentialAction":[{"@type":"SearchAction","target":{"@type":"EntryPoint","urlTemplate":"https:\/\/lospoliticosveracruz.com\/?s={search_term_string}"},"query-input":{"@type":"PropertyValueSpecification","valueRequired":true,"valueName":"search_term_string"}}],"inLanguage":"es"},{"@type":"Organization","@id":"https:\/\/lospoliticosveracruz.com\/#organization","name":"Los pol\u00edticos Veracruz","url":"https:\/\/lospoliticosveracruz.com\/","logo":{"@type":"ImageObject","inLanguage":"es","@id":"https:\/\/lospoliticosveracruz.com\/#\/schema\/logo\/image\/","url":"https:\/\/lospoliticosveracruz.com\/wp-content\/uploads\/2025\/12\/Logo-Nuevo-LOS-POLITICOS-1.jpg","contentUrl":"https:\/\/lospoliticosveracruz.com\/wp-content\/uploads\/2025\/12\/Logo-Nuevo-LOS-POLITICOS-1.jpg","width":260,"height":70,"caption":"Los pol\u00edticos Veracruz"},"image":{"@id":"https:\/\/lospoliticosveracruz.com\/#\/schema\/logo\/image\/"},"sameAs":["https:\/\/www.facebook.com\/people\/Notimemes-de-los-Polticos\/61565672886568\/","https:\/\/x.com\/LosPoliticosVer"]},{"@type":"Person","@id":"https:\/\/lospoliticosveracruz.com\/#\/schema\/person\/b8702bb0e538456e6efd07080bf2a4a2","name":"Lo viste en Los Pol\u00edticos","image":{"@type":"ImageObject","inLanguage":"es","@id":"https:\/\/secure.gravatar.com\/avatar\/3a8de04a2656d44082be478bd6c086daa447c4651605818287b9532d3d0bd435?s=96&d=mm&r=g","url":"https:\/\/secure.gravatar.com\/avatar\/3a8de04a2656d44082be478bd6c086daa447c4651605818287b9532d3d0bd435?s=96&d=mm&r=g","contentUrl":"https:\/\/secure.gravatar.com\/avatar\/3a8de04a2656d44082be478bd6c086daa447c4651605818287b9532d3d0bd435?s=96&d=mm&r=g","caption":"Lo viste en Los Pol\u00edticos"},"url":"https:\/\/lospoliticosveracruz.com\/?author=2"}]}},"_links":{"self":[{"href":"https:\/\/lospoliticosveracruz.com\/index.php?rest_route=\/wp\/v2\/posts\/155372","targetHints":{"allow":["GET"]}}],"collection":[{"href":"https:\/\/lospoliticosveracruz.com\/index.php?rest_route=\/wp\/v2\/posts"}],"about":[{"href":"https:\/\/lospoliticosveracruz.com\/index.php?rest_route=\/wp\/v2\/types\/post"}],"author":[{"embeddable":true,"href":"https:\/\/lospoliticosveracruz.com\/index.php?rest_route=\/wp\/v2\/users\/2"}],"replies":[{"embeddable":true,"href":"https:\/\/lospoliticosveracruz.com\/index.php?rest_route=%2Fwp%2Fv2%2Fcomments&post=155372"}],"version-history":[{"count":2,"href":"https:\/\/lospoliticosveracruz.com\/index.php?rest_route=\/wp\/v2\/posts\/155372\/revisions"}],"predecessor-version":[{"id":155374,"href":"https:\/\/lospoliticosveracruz.com\/index.php?rest_route=\/wp\/v2\/posts\/155372\/revisions\/155374"}],"wp:featuredmedia":[{"embeddable":true,"href":"https:\/\/lospoliticosveracruz.com\/index.php?rest_route=\/wp\/v2\/media\/141427"}],"wp:attachment":[{"href":"https:\/\/lospoliticosveracruz.com\/index.php?rest_route=%2Fwp%2Fv2%2Fmedia&parent=155372"}],"wp:term":[{"taxonomy":"category","embeddable":true,"href":"https:\/\/lospoliticosveracruz.com\/index.php?rest_route=%2Fwp%2Fv2%2Fcategories&post=155372"},{"taxonomy":"post_tag","embeddable":true,"href":"https:\/\/lospoliticosveracruz.com\/index.php?rest_route=%2Fwp%2Fv2%2Ftags&post=155372"}],"curies":[{"name":"wp","href":"https:\/\/api.w.org\/{rel}","templated":true}]}}