{"id":155375,"date":"2025-10-28T07:37:23","date_gmt":"2025-10-28T13:37:23","guid":{"rendered":"https:\/\/lospoliticosveracruz.com.mx\/?p=155375"},"modified":"2025-10-28T08:01:38","modified_gmt":"2025-10-28T14:01:38","slug":"veracruz-y-los-dineros-el-cuento-de-nunca-acabar","status":"publish","type":"post","link":"https:\/\/lospoliticosveracruz.com\/?p=155375","title":{"rendered":"VERACRUZ Y LOS DINEROS, EL CUENTO DE NUNCA ACABAR"},"content":{"rendered":"\n<p><strong>Yamiri Rodr\u00edguez Madrid<\/strong><br><em>La vuelta a Veracruz en un&nbsp;teclazo<\/em><\/p>\n\n\n\n<p>La Auditor\u00eda Superior de la Federaci\u00f3n (ASF) volvi\u00f3 a encender las alarmas: en la segunda entrega de Informes Individuales de la Cuenta P\u00fablica 2024,&nbsp;efectuada el pasado jueves ante la C\u00e1mara de Diputados,&nbsp;Veracruz aparece,&nbsp;junto con Chiapas e Hidalgo,&nbsp;entre los estados que concentran la mayor parte de recursos \u201cpor aclarar\u201d.&nbsp;<\/p>\n\n\n\n\n\n<p>Durante su mensaje, el titular de la&nbsp;ASF, David Colmenares P\u00e1ramo,&nbsp;report\u00f3 546 informes en esta entrega, 989 acciones (desde recomendaciones hasta pliegos de observaciones) y un \u00e9nfasis especial en auditor\u00edas de desempe\u00f1o. Tambi\u00e9n subray\u00f3 que hay entidades que no registraron montos por aclarar, como&nbsp;Ciudad de M\u00e9xico, Quer\u00e9taro, Quintana Roo, Sinaloa y Zacatecas, un contraste que deja mal parada&nbsp;a&nbsp;la administraci\u00f3n del exgobernador morenista, Cuitl\u00e1huac Garc\u00eda Jim\u00e9nez, pues es precisamente lo correspondiente a su \u00faltimo a\u00f1o.<\/p>\n\n\n\n<p>\u00bfPor qu\u00e9 importa tanto en Veracruz? Porque la dependencia de los recursos federales es alt\u00edsima. En promedio, los gobiernos locales del pa\u00eds financian la mayor parte de su operaci\u00f3n con gasto federalizado; las participaciones y aportaciones son dinero que paga alumbrado, patrullas, cl\u00ednicas, maestros, drenajes. Cuando esos recursos no se comprueban, el golpe no es contable: es social. La ASF, en su documento de marco nacional para 2024, muestra c\u00f3mo el gasto federalizado programable se concentra en \u201cdesarrollo social\u201d (97%) y c\u00f3mo las participaciones son de libre disposici\u00f3n; ambos renglones son los que precisamente est\u00e1n bajo la lupa.&nbsp;<\/p>\n\n\n\n<p>El rubro m\u00e1s delicado en esta entrega vuelve a ser salud. La nota t\u00e9cnica que acompa\u00f1a los resultados se\u00f1ala que, a nivel estatal, se identificaron presuntas irregularidades por m\u00e1s de 4,600 millones de pesos, principalmente en servicios de salud. No es casualidad: ah\u00ed confluyen compras, padrones de beneficiarios, medicamentos, obra hospitalaria y n\u00f3minas.&nbsp;Si quieren aclarar, los dos responsables de llevar ese rubro est\u00e1n despachando como delegados federales: Roberto Ramos Alor en IMSS Bienestar y en el IMSS Veracruz Norte.<\/p>\n\n\n\n<p>Desafortunadamente esta es la misma vergonzosa historia para Veracruz sexenio tras sexenio.&nbsp;La memoria corta suele exculpar, pero el archivo de la ASF no. Entre 2011 y 2016, Veracruz acumul\u00f3 montos pendientes de solventar, pliegos y denuncias por el manejo del gasto federalizado. Ese informe especial de la ASF, elaborado tras a\u00f1os de auditor\u00edas, document\u00f3 c\u00f3mo la entidad recibi\u00f3 m\u00e1s de 98 mil millones de pesos de gasto federalizado solo en 2016 y enfrent\u00f3 observaciones relevantes en m\u00faltiples fondos, como&nbsp;educaci\u00f3n, infraestructura social, seguridad, participaciones, adem\u00e1s de procesos resarcitorios y&nbsp;denuncias de hechos derivados de simulaciones de reintegros.&nbsp;Pero los responsables de esos desfalcos, esos nuevos ricos, andan como si nada.<\/p>\n\n\n\n<p>Veracruz, Chiapas e Hidalgo comparten color partidista y, por tanto, comparten tambi\u00e9n la obligaci\u00f3n de demostrar que \u201cno son lo mismo\u201d en materia de rendici\u00f3n de cuentas. Los estados que salieron sin montos por aclarar muestran que s\u00ed es posible cerrar brechas de control interno, profesionalizar tesorer\u00edas y blindar procesos de contrataci\u00f3n. No se necesita inventar el hilo negro, pero s\u00ed voluntad para copiar lo que funciona: tableros p\u00fablicos de gasto en tiempo real, compras con trazabilidad abierta, auditor\u00edas internas trimestrales y sanciones efectivas a los que hacen trampa, pero, sobre todo, contar con gente honesta en la funci\u00f3n p\u00fablica. &nbsp;&nbsp;<\/p>\n\n\n\n<p>@YamiriRodriguez<\/p>\n","protected":false},"excerpt":{"rendered":"<p>Yamiri Rodr\u00edguez MadridLa vuelta a Veracruz en un&nbsp;teclazo La Auditor\u00eda Superior de la Federaci\u00f3n (ASF) volvi\u00f3 a encender las alarmas: en la segunda entrega de Informes Individuales de la Cuenta P\u00fablica 2024,&nbsp;efectuada el pasado jueves ante la C\u00e1mara de Diputados,&nbsp;Veracruz aparece,&nbsp;junto con Chiapas e Hidalgo,&nbsp;entre los estados que concentran la mayor parte de recursos \u201cpor [&hellip;]<\/p>\n","protected":false},"author":2,"featured_media":141413,"comment_status":"closed","ping_status":"closed","sticky":false,"template":"","format":"standard","meta":{"tdm_status":"","tdm_grid_status":"","footnotes":""},"categories":[70],"tags":[2180,1563,1026,195],"class_list":{"0":"post-155375","1":"post","2":"type-post","3":"status-publish","4":"format-standard","5":"has-post-thumbnail","7":"category-de-opinion","8":"tag-asf","9":"tag-cuitlahuac-garcia-jimenez","10":"tag-morena","11":"tag-veracruz"},"yoast_head":"<!-- This site is optimized with the Yoast SEO plugin v27.4 - https:\/\/yoast.com\/product\/yoast-seo-wordpress\/ -->\n<title>VERACRUZ Y LOS DINEROS, EL CUENTO DE NUNCA ACABAR - Los pol\u00edticos Veracruz<\/title>\n<meta name=\"robots\" content=\"index, follow, max-snippet:-1, max-image-preview:large, max-video-preview:-1\" \/>\n<link rel=\"canonical\" href=\"https:\/\/lospoliticosveracruz.com\/?p=155375\" \/>\n<meta property=\"og:locale\" content=\"es_ES\" \/>\n<meta property=\"og:type\" content=\"article\" \/>\n<meta property=\"og:title\" content=\"VERACRUZ Y LOS DINEROS, EL CUENTO DE NUNCA ACABAR - Los pol\u00edticos Veracruz\" \/>\n<meta property=\"og:description\" content=\"Yamiri Rodr\u00edguez MadridLa vuelta a Veracruz en un&nbsp;teclazo La Auditor\u00eda Superior de la Federaci\u00f3n (ASF) volvi\u00f3 a encender las alarmas: en la segunda entrega de Informes Individuales de la Cuenta P\u00fablica 2024,&nbsp;efectuada el pasado jueves ante la C\u00e1mara de Diputados,&nbsp;Veracruz aparece,&nbsp;junto con Chiapas e Hidalgo,&nbsp;entre los estados que concentran la mayor parte de recursos \u201cpor [&hellip;]\" \/>\n<meta property=\"og:url\" content=\"https:\/\/lospoliticosveracruz.com\/?p=155375\" \/>\n<meta property=\"og:site_name\" content=\"Los pol\u00edticos Veracruz\" \/>\n<meta property=\"article:publisher\" content=\"https:\/\/www.facebook.com\/people\/Notimemes-de-los-Polticos\/61565672886568\/\" \/>\n<meta property=\"article:published_time\" content=\"2025-10-28T13:37:23+00:00\" \/>\n<meta property=\"article:modified_time\" content=\"2025-10-28T14:01:38+00:00\" \/>\n<meta property=\"og:image\" content=\"https:\/\/lospoliticosveracruz.com\/wp-content\/uploads\/2025\/04\/Yamiri-Rodriguez-Madrid.jpg\" \/>\n\t<meta property=\"og:image:width\" content=\"1250\" \/>\n\t<meta property=\"og:image:height\" content=\"667\" \/>\n\t<meta property=\"og:image:type\" content=\"image\/jpeg\" \/>\n<meta name=\"author\" content=\"Lo viste en Los Pol\u00edticos\" \/>\n<meta name=\"twitter:card\" content=\"summary_large_image\" \/>\n<meta name=\"twitter:creator\" content=\"@LosPoliticosVer\" \/>\n<meta name=\"twitter:site\" content=\"@LosPoliticosVer\" \/>\n<meta name=\"twitter:label1\" content=\"Escrito por\" \/>\n\t<meta name=\"twitter:data1\" content=\"Lo viste en Los Pol\u00edticos\" \/>\n\t<meta name=\"twitter:label2\" content=\"Tiempo de lectura\" \/>\n\t<meta name=\"twitter:data2\" content=\"3 minutos\" \/>\n<script type=\"application\/ld+json\" class=\"yoast-schema-graph\">{\"@context\":\"https:\\\/\\\/schema.org\",\"@graph\":[{\"@type\":\"Article\",\"@id\":\"https:\\\/\\\/lospoliticosveracruz.com\\\/?p=155375#article\",\"isPartOf\":{\"@id\":\"https:\\\/\\\/lospoliticosveracruz.com\\\/?p=155375\"},\"author\":{\"name\":\"Lo viste en Los Pol\u00edticos\",\"@id\":\"https:\\\/\\\/lospoliticosveracruz.com\\\/#\\\/schema\\\/person\\\/b8702bb0e538456e6efd07080bf2a4a2\"},\"headline\":\"VERACRUZ Y LOS DINEROS, EL CUENTO DE NUNCA ACABAR\",\"datePublished\":\"2025-10-28T13:37:23+00:00\",\"dateModified\":\"2025-10-28T14:01:38+00:00\",\"mainEntityOfPage\":{\"@id\":\"https:\\\/\\\/lospoliticosveracruz.com\\\/?p=155375\"},\"wordCount\":595,\"publisher\":{\"@id\":\"https:\\\/\\\/lospoliticosveracruz.com\\\/#organization\"},\"image\":{\"@id\":\"https:\\\/\\\/lospoliticosveracruz.com\\\/?p=155375#primaryimage\"},\"thumbnailUrl\":\"https:\\\/\\\/lospoliticosveracruz.com\\\/wp-content\\\/uploads\\\/2025\\\/04\\\/Yamiri-Rodriguez-Madrid-e1768315710241.jpg\",\"keywords\":[\"ASF\",\"Cuitl\u00e1huac Garc\u00eda Jim\u00e9nez\",\"Morena\",\"Veracruz\"],\"articleSection\":[\"De Opini\u00f3n\"],\"inLanguage\":\"es\"},{\"@type\":\"WebPage\",\"@id\":\"https:\\\/\\\/lospoliticosveracruz.com\\\/?p=155375\",\"url\":\"https:\\\/\\\/lospoliticosveracruz.com\\\/?p=155375\",\"name\":\"VERACRUZ Y LOS DINEROS, EL CUENTO DE NUNCA ACABAR - Los pol\u00edticos Veracruz\",\"isPartOf\":{\"@id\":\"https:\\\/\\\/lospoliticosveracruz.com\\\/#website\"},\"primaryImageOfPage\":{\"@id\":\"https:\\\/\\\/lospoliticosveracruz.com\\\/?p=155375#primaryimage\"},\"image\":{\"@id\":\"https:\\\/\\\/lospoliticosveracruz.com\\\/?p=155375#primaryimage\"},\"thumbnailUrl\":\"https:\\\/\\\/lospoliticosveracruz.com\\\/wp-content\\\/uploads\\\/2025\\\/04\\\/Yamiri-Rodriguez-Madrid-e1768315710241.jpg\",\"datePublished\":\"2025-10-28T13:37:23+00:00\",\"dateModified\":\"2025-10-28T14:01:38+00:00\",\"breadcrumb\":{\"@id\":\"https:\\\/\\\/lospoliticosveracruz.com\\\/?p=155375#breadcrumb\"},\"inLanguage\":\"es\",\"potentialAction\":[{\"@type\":\"ReadAction\",\"target\":[\"https:\\\/\\\/lospoliticosveracruz.com\\\/?p=155375\"]}]},{\"@type\":\"ImageObject\",\"inLanguage\":\"es\",\"@id\":\"https:\\\/\\\/lospoliticosveracruz.com\\\/?p=155375#primaryimage\",\"url\":\"https:\\\/\\\/lospoliticosveracruz.com\\\/wp-content\\\/uploads\\\/2025\\\/04\\\/Yamiri-Rodriguez-Madrid-e1768315710241.jpg\",\"contentUrl\":\"https:\\\/\\\/lospoliticosveracruz.com\\\/wp-content\\\/uploads\\\/2025\\\/04\\\/Yamiri-Rodriguez-Madrid-e1768315710241.jpg\",\"width\":600,\"height\":320},{\"@type\":\"BreadcrumbList\",\"@id\":\"https:\\\/\\\/lospoliticosveracruz.com\\\/?p=155375#breadcrumb\",\"itemListElement\":[{\"@type\":\"ListItem\",\"position\":1,\"name\":\"Portada\",\"item\":\"https:\\\/\\\/lospoliticosveracruz.com\\\/\"},{\"@type\":\"ListItem\",\"position\":2,\"name\":\"VERACRUZ Y LOS DINEROS, EL CUENTO DE NUNCA ACABAR\"}]},{\"@type\":\"WebSite\",\"@id\":\"https:\\\/\\\/lospoliticosveracruz.com\\\/#website\",\"url\":\"https:\\\/\\\/lospoliticosveracruz.com\\\/\",\"name\":\"Los pol\u00edticos Veracruz\",\"description\":\"\",\"publisher\":{\"@id\":\"https:\\\/\\\/lospoliticosveracruz.com\\\/#organization\"},\"potentialAction\":[{\"@type\":\"SearchAction\",\"target\":{\"@type\":\"EntryPoint\",\"urlTemplate\":\"https:\\\/\\\/lospoliticosveracruz.com\\\/?s={search_term_string}\"},\"query-input\":{\"@type\":\"PropertyValueSpecification\",\"valueRequired\":true,\"valueName\":\"search_term_string\"}}],\"inLanguage\":\"es\"},{\"@type\":\"Organization\",\"@id\":\"https:\\\/\\\/lospoliticosveracruz.com\\\/#organization\",\"name\":\"Los pol\u00edticos Veracruz\",\"url\":\"https:\\\/\\\/lospoliticosveracruz.com\\\/\",\"logo\":{\"@type\":\"ImageObject\",\"inLanguage\":\"es\",\"@id\":\"https:\\\/\\\/lospoliticosveracruz.com\\\/#\\\/schema\\\/logo\\\/image\\\/\",\"url\":\"https:\\\/\\\/lospoliticosveracruz.com\\\/wp-content\\\/uploads\\\/2025\\\/12\\\/Logo-Nuevo-LOS-POLITICOS-1.jpg\",\"contentUrl\":\"https:\\\/\\\/lospoliticosveracruz.com\\\/wp-content\\\/uploads\\\/2025\\\/12\\\/Logo-Nuevo-LOS-POLITICOS-1.jpg\",\"width\":260,\"height\":70,\"caption\":\"Los pol\u00edticos Veracruz\"},\"image\":{\"@id\":\"https:\\\/\\\/lospoliticosveracruz.com\\\/#\\\/schema\\\/logo\\\/image\\\/\"},\"sameAs\":[\"https:\\\/\\\/www.facebook.com\\\/people\\\/Notimemes-de-los-Polticos\\\/61565672886568\\\/\",\"https:\\\/\\\/x.com\\\/LosPoliticosVer\"]},{\"@type\":\"Person\",\"@id\":\"https:\\\/\\\/lospoliticosveracruz.com\\\/#\\\/schema\\\/person\\\/b8702bb0e538456e6efd07080bf2a4a2\",\"name\":\"Lo viste en Los Pol\u00edticos\",\"image\":{\"@type\":\"ImageObject\",\"inLanguage\":\"es\",\"@id\":\"https:\\\/\\\/secure.gravatar.com\\\/avatar\\\/3a8de04a2656d44082be478bd6c086daa447c4651605818287b9532d3d0bd435?s=96&d=mm&r=g\",\"url\":\"https:\\\/\\\/secure.gravatar.com\\\/avatar\\\/3a8de04a2656d44082be478bd6c086daa447c4651605818287b9532d3d0bd435?s=96&d=mm&r=g\",\"contentUrl\":\"https:\\\/\\\/secure.gravatar.com\\\/avatar\\\/3a8de04a2656d44082be478bd6c086daa447c4651605818287b9532d3d0bd435?s=96&d=mm&r=g\",\"caption\":\"Lo viste en Los Pol\u00edticos\"},\"url\":\"https:\\\/\\\/lospoliticosveracruz.com\\\/?author=2\"}]}<\/script>\n<!-- \/ Yoast SEO plugin. -->","yoast_head_json":{"title":"VERACRUZ Y LOS DINEROS, EL CUENTO DE NUNCA ACABAR - Los pol\u00edticos Veracruz","robots":{"index":"index","follow":"follow","max-snippet":"max-snippet:-1","max-image-preview":"max-image-preview:large","max-video-preview":"max-video-preview:-1"},"canonical":"https:\/\/lospoliticosveracruz.com\/?p=155375","og_locale":"es_ES","og_type":"article","og_title":"VERACRUZ Y LOS DINEROS, EL CUENTO DE NUNCA ACABAR - Los pol\u00edticos Veracruz","og_description":"Yamiri Rodr\u00edguez MadridLa vuelta a Veracruz en un&nbsp;teclazo La Auditor\u00eda Superior de la Federaci\u00f3n (ASF) volvi\u00f3 a encender las alarmas: en la segunda entrega de Informes Individuales de la Cuenta P\u00fablica 2024,&nbsp;efectuada el pasado jueves ante la C\u00e1mara de Diputados,&nbsp;Veracruz aparece,&nbsp;junto con Chiapas e Hidalgo,&nbsp;entre los estados que concentran la mayor parte de recursos \u201cpor [&hellip;]","og_url":"https:\/\/lospoliticosveracruz.com\/?p=155375","og_site_name":"Los pol\u00edticos Veracruz","article_publisher":"https:\/\/www.facebook.com\/people\/Notimemes-de-los-Polticos\/61565672886568\/","article_published_time":"2025-10-28T13:37:23+00:00","article_modified_time":"2025-10-28T14:01:38+00:00","og_image":[{"width":1250,"height":667,"url":"https:\/\/lospoliticosveracruz.com\/wp-content\/uploads\/2025\/04\/Yamiri-Rodriguez-Madrid.jpg","type":"image\/jpeg"}],"author":"Lo viste en Los Pol\u00edticos","twitter_card":"summary_large_image","twitter_creator":"@LosPoliticosVer","twitter_site":"@LosPoliticosVer","twitter_misc":{"Escrito por":"Lo viste en Los Pol\u00edticos","Tiempo de lectura":"3 minutos"},"schema":{"@context":"https:\/\/schema.org","@graph":[{"@type":"Article","@id":"https:\/\/lospoliticosveracruz.com\/?p=155375#article","isPartOf":{"@id":"https:\/\/lospoliticosveracruz.com\/?p=155375"},"author":{"name":"Lo viste en Los Pol\u00edticos","@id":"https:\/\/lospoliticosveracruz.com\/#\/schema\/person\/b8702bb0e538456e6efd07080bf2a4a2"},"headline":"VERACRUZ Y LOS DINEROS, EL CUENTO DE NUNCA ACABAR","datePublished":"2025-10-28T13:37:23+00:00","dateModified":"2025-10-28T14:01:38+00:00","mainEntityOfPage":{"@id":"https:\/\/lospoliticosveracruz.com\/?p=155375"},"wordCount":595,"publisher":{"@id":"https:\/\/lospoliticosveracruz.com\/#organization"},"image":{"@id":"https:\/\/lospoliticosveracruz.com\/?p=155375#primaryimage"},"thumbnailUrl":"https:\/\/lospoliticosveracruz.com\/wp-content\/uploads\/2025\/04\/Yamiri-Rodriguez-Madrid-e1768315710241.jpg","keywords":["ASF","Cuitl\u00e1huac Garc\u00eda Jim\u00e9nez","Morena","Veracruz"],"articleSection":["De Opini\u00f3n"],"inLanguage":"es"},{"@type":"WebPage","@id":"https:\/\/lospoliticosveracruz.com\/?p=155375","url":"https:\/\/lospoliticosveracruz.com\/?p=155375","name":"VERACRUZ Y LOS DINEROS, EL CUENTO DE NUNCA ACABAR - Los pol\u00edticos Veracruz","isPartOf":{"@id":"https:\/\/lospoliticosveracruz.com\/#website"},"primaryImageOfPage":{"@id":"https:\/\/lospoliticosveracruz.com\/?p=155375#primaryimage"},"image":{"@id":"https:\/\/lospoliticosveracruz.com\/?p=155375#primaryimage"},"thumbnailUrl":"https:\/\/lospoliticosveracruz.com\/wp-content\/uploads\/2025\/04\/Yamiri-Rodriguez-Madrid-e1768315710241.jpg","datePublished":"2025-10-28T13:37:23+00:00","dateModified":"2025-10-28T14:01:38+00:00","breadcrumb":{"@id":"https:\/\/lospoliticosveracruz.com\/?p=155375#breadcrumb"},"inLanguage":"es","potentialAction":[{"@type":"ReadAction","target":["https:\/\/lospoliticosveracruz.com\/?p=155375"]}]},{"@type":"ImageObject","inLanguage":"es","@id":"https:\/\/lospoliticosveracruz.com\/?p=155375#primaryimage","url":"https:\/\/lospoliticosveracruz.com\/wp-content\/uploads\/2025\/04\/Yamiri-Rodriguez-Madrid-e1768315710241.jpg","contentUrl":"https:\/\/lospoliticosveracruz.com\/wp-content\/uploads\/2025\/04\/Yamiri-Rodriguez-Madrid-e1768315710241.jpg","width":600,"height":320},{"@type":"BreadcrumbList","@id":"https:\/\/lospoliticosveracruz.com\/?p=155375#breadcrumb","itemListElement":[{"@type":"ListItem","position":1,"name":"Portada","item":"https:\/\/lospoliticosveracruz.com\/"},{"@type":"ListItem","position":2,"name":"VERACRUZ Y LOS DINEROS, EL CUENTO DE NUNCA ACABAR"}]},{"@type":"WebSite","@id":"https:\/\/lospoliticosveracruz.com\/#website","url":"https:\/\/lospoliticosveracruz.com\/","name":"Los pol\u00edticos Veracruz","description":"","publisher":{"@id":"https:\/\/lospoliticosveracruz.com\/#organization"},"potentialAction":[{"@type":"SearchAction","target":{"@type":"EntryPoint","urlTemplate":"https:\/\/lospoliticosveracruz.com\/?s={search_term_string}"},"query-input":{"@type":"PropertyValueSpecification","valueRequired":true,"valueName":"search_term_string"}}],"inLanguage":"es"},{"@type":"Organization","@id":"https:\/\/lospoliticosveracruz.com\/#organization","name":"Los pol\u00edticos Veracruz","url":"https:\/\/lospoliticosveracruz.com\/","logo":{"@type":"ImageObject","inLanguage":"es","@id":"https:\/\/lospoliticosveracruz.com\/#\/schema\/logo\/image\/","url":"https:\/\/lospoliticosveracruz.com\/wp-content\/uploads\/2025\/12\/Logo-Nuevo-LOS-POLITICOS-1.jpg","contentUrl":"https:\/\/lospoliticosveracruz.com\/wp-content\/uploads\/2025\/12\/Logo-Nuevo-LOS-POLITICOS-1.jpg","width":260,"height":70,"caption":"Los pol\u00edticos Veracruz"},"image":{"@id":"https:\/\/lospoliticosveracruz.com\/#\/schema\/logo\/image\/"},"sameAs":["https:\/\/www.facebook.com\/people\/Notimemes-de-los-Polticos\/61565672886568\/","https:\/\/x.com\/LosPoliticosVer"]},{"@type":"Person","@id":"https:\/\/lospoliticosveracruz.com\/#\/schema\/person\/b8702bb0e538456e6efd07080bf2a4a2","name":"Lo viste en Los Pol\u00edticos","image":{"@type":"ImageObject","inLanguage":"es","@id":"https:\/\/secure.gravatar.com\/avatar\/3a8de04a2656d44082be478bd6c086daa447c4651605818287b9532d3d0bd435?s=96&d=mm&r=g","url":"https:\/\/secure.gravatar.com\/avatar\/3a8de04a2656d44082be478bd6c086daa447c4651605818287b9532d3d0bd435?s=96&d=mm&r=g","contentUrl":"https:\/\/secure.gravatar.com\/avatar\/3a8de04a2656d44082be478bd6c086daa447c4651605818287b9532d3d0bd435?s=96&d=mm&r=g","caption":"Lo viste en Los Pol\u00edticos"},"url":"https:\/\/lospoliticosveracruz.com\/?author=2"}]}},"_links":{"self":[{"href":"https:\/\/lospoliticosveracruz.com\/index.php?rest_route=\/wp\/v2\/posts\/155375","targetHints":{"allow":["GET"]}}],"collection":[{"href":"https:\/\/lospoliticosveracruz.com\/index.php?rest_route=\/wp\/v2\/posts"}],"about":[{"href":"https:\/\/lospoliticosveracruz.com\/index.php?rest_route=\/wp\/v2\/types\/post"}],"author":[{"embeddable":true,"href":"https:\/\/lospoliticosveracruz.com\/index.php?rest_route=\/wp\/v2\/users\/2"}],"replies":[{"embeddable":true,"href":"https:\/\/lospoliticosveracruz.com\/index.php?rest_route=%2Fwp%2Fv2%2Fcomments&post=155375"}],"version-history":[{"count":2,"href":"https:\/\/lospoliticosveracruz.com\/index.php?rest_route=\/wp\/v2\/posts\/155375\/revisions"}],"predecessor-version":[{"id":155377,"href":"https:\/\/lospoliticosveracruz.com\/index.php?rest_route=\/wp\/v2\/posts\/155375\/revisions\/155377"}],"wp:featuredmedia":[{"embeddable":true,"href":"https:\/\/lospoliticosveracruz.com\/index.php?rest_route=\/wp\/v2\/media\/141413"}],"wp:attachment":[{"href":"https:\/\/lospoliticosveracruz.com\/index.php?rest_route=%2Fwp%2Fv2%2Fmedia&parent=155375"}],"wp:term":[{"taxonomy":"category","embeddable":true,"href":"https:\/\/lospoliticosveracruz.com\/index.php?rest_route=%2Fwp%2Fv2%2Fcategories&post=155375"},{"taxonomy":"post_tag","embeddable":true,"href":"https:\/\/lospoliticosveracruz.com\/index.php?rest_route=%2Fwp%2Fv2%2Ftags&post=155375"}],"curies":[{"name":"wp","href":"https:\/\/api.w.org\/{rel}","templated":true}]}}