{"id":15538,"date":"2015-03-30T08:06:22","date_gmt":"2015-03-30T14:06:22","guid":{"rendered":"http:\/\/www.lospoliticosveracruz.com.mx\/?p=15538"},"modified":"2015-03-30T08:06:42","modified_gmt":"2015-03-30T14:06:42","slug":"ni-tibio-ni-caliente-congruente-pepe-yunes","status":"publish","type":"post","link":"https:\/\/lospoliticosveracruz.com\/?p=15538","title":{"rendered":"Ni tibio ni caliente; congruente: Pepe Yunes"},"content":{"rendered":"<p>* CON H\u00c9CTOR NO HAY ROMPIMIENTO, siempre y cuando mantenga su palabra y honorabilidad\u00a0* CINCO CAMBIOS: El problema no est\u00e1 en la secretar\u00eda de Finanzas, sino en quien manda\u00a0* BUSCAR\u00c1 SER CANDIDATO EN 2016; \u00abesperar al 2018 podr\u00eda ser muy tarde para Veracruz\u00bb<\/p>\n<p><a href=\"http:\/\/www.lospoliticosveracruz.com.mx\/wp-content\/uploads\/2015\/03\/Pepe-Yunes-Zorrilla.jpg\"><img loading=\"lazy\" decoding=\"async\" class=\"alignnone size-medium wp-image-15539\" src=\"http:\/\/www.lospoliticosveracruz.com.mx\/wp-content\/uploads\/2015\/03\/Pepe-Yunes-Zorrilla-300x200.jpg\" alt=\"Pepe Yunes Zorrilla\" width=\"300\" height=\"200\" \/><\/a><\/p>\n<p><strong>Salvador Mu\u00f1oz<\/strong><\/p>\n<p>&nbsp;<\/p>\n<p>Ni fr\u00edo ni caliente. Un hombre congruente. As\u00ed se define el senador Jos\u00e9 Yunes Zorrilla en torno a su comportamiento pol\u00edtico, tanto al que se suscit\u00f3 antes de que se anunciara la reforma pol\u00edtico-electoral que enmarca una gubernatura de dos a\u00f1os, como despu\u00e9s de \u00e9sta, que lo llev\u00f3, hasta este momento, a que fuera \u201cdestapado\u201d por amigos como un aspirante m\u00e1s a la sucesi\u00f3n gubernamental para este 2016.<br \/>\nAqu\u00ed, diez preguntas y el punto de vista de un pol\u00edtico a quien acusaron de debilidad y hoy, quiz\u00e1s hasta de temerario:<\/p>\n<p><strong>1) Un antes y un despu\u00e9s. \u00bfQu\u00e9 tanto ha cambiado Pepe Yunes despu\u00e9s del 11 de diciembre del 2014 tras fijar su postura con respecto a la Gubernatura de dos a\u00f1os y sentenci\u00f3: \u201cHagan bien sus cuentas y ojal\u00e1 les alcance\u201d? dicen que antes del 11, eras tibio y ahora te pasas de caliente.<\/strong><br \/>\n\u2014No hay variaci\u00f3n, considero que es la misma personalidad y misma consistencia. Quiz\u00e1s el hecho de antes del 11 de diciembre, de no salir a rasgarme las vestiduras en defensa en temas en los que no hab\u00eda conciencia plena de mi parte, pudiesen alcanzar el se\u00f1alamiento de tibieza, debilidad, mesura. A partir del once de diciembre, a partir de que hay un nuevo escenario en el juego pol\u00edtico de Veracruz, hay la total y completa consistencia para expresar y se\u00f1alar aquello que no defend\u00eda, que no cre\u00eda. Soy la misma persona, defiendo las mismas causas.<br \/>\n<strong>2) \u00bfNi tibio ni caliente?<\/strong><br \/>\n\u2014Ni tibio ni caliente, un hombre congruente.<\/p>\n<p><strong>3) En quince a\u00f1os de conocerte, jam\u00e1s he escuchado que pronuncies una palabra altisonante, una groser\u00eda, una majader\u00eda\u2026 por eso te pregunto: \u00bfEs tuya la frase \u201cSoy institucional, no pendejo\u201d? \u00bfYa dices groser\u00edas? \u00bfO s\u00f3lo cuando te hacen encabronar?<\/strong><br \/>\n\u2014Hay veces que una palabra puede traducir la cantidad de encadenamiento de sentencias como las que estoy haciendo en este momento. Pero eso ya es estilo de quien escribe la columna. Cuando el sentido de un columnista o analista pol\u00edtico no va en la tesitura o direcci\u00f3n o que uno expres\u00f3 o pudiera haber un malentendido, la obligaci\u00f3n es salir a aclararlo, cuando no hay tal, es que aunque no haya sido literal, est\u00e1 sintetizando lo que uno quiso decir.<\/p>\n<p><strong>4) H\u00e9ctor Yunes Landa, tras su operaci\u00f3n de hernia, pareciera que el Doctor Duarte tambi\u00e9n le hizo \u201cOperaci\u00f3n Cicatriz\u201d&#8230; \u00bfse mantiene el Pacto con el Senador H\u00e9ctor que hab\u00eda dicho que no ser\u00eda de 2 ni de seis \u00a1sino de ocho a\u00f1os!?<\/strong><br \/>\n\u2014Si lo quieren ver como alianza, como pacto, acuerdo, pueden calificarlo como quieran; no es a ra\u00edz de la reforma que modifica el calendario electoral en Veracruz, sino desde antes, mucho antes\u2026 De ninguna manera hay rompimiento.<\/p>\n<p><strong>5) \u00bfHasta que la convocatoria los separe?<\/strong><br \/>\n\u2014No va haber rompimiento al menos de mi parte, si las cosas siguen como hasta hoy, donde yo denoto de parte de \u00e9l un inter\u00e9s por mantener una alianza pol\u00edtica y de afecto personal; mientras eso contin\u00fae no va a haber rompimiento ni antes ni despu\u00e9s de la convocatoria. \u00c9l y yo sabemos lo que tenemos hablado y no est\u00e1 sujeto tampoco a la estrategia y decisiones que tome para tratar de generar la mejor posici\u00f3n pol\u00edtica, siempre y cuando permanezca el cumplimiento de la palabra, la honorabilidad, no tengo la menor duda de que \u00e9sta (alianza) seguir\u00e1.<\/p>\n<p><strong>6) La percepci\u00f3n que tenemos a nivel local es que Veracruz atraviesa una crisis econ\u00f3mica complicada, tanto que ya se habla de una demanda m\u00e1s de proveedores de servicios como lo es ADO por los pasados Juegos Centroamericanos. \u00bfLa situaci\u00f3n de las finanzas del estado es reflejo de los ajustes federales o de los desajustes locales?<\/strong><br \/>\n\u2014Es una combinaci\u00f3n en este momento, pero el principal s\u00edntoma cr\u00edtico de las finanzas estatales no est\u00e1 enmarcado en la coyuntura actual; viene arrastrando serios problemas estructurales que est\u00e1n convirtiendo la situaci\u00f3n financiera y administrativa de Veracruz en un escenario sumamente cr\u00edtico; por eso, cuando uno pondera la posibilidad de esperar los tiempos para enlistarse en el proceso interno de mi partido para la renovaci\u00f3n de la administraci\u00f3n p\u00fablica estatal a partir del primero de diciembre del 2016, es en el entendido de que puedo aportarle mucho al estado para tratar de resolver los problemas financieros en el cual se est\u00e1 envuelto, que no merece Veracruz.<\/p>\n<p><strong>7) Pero t\u00fa ya lo ve\u00edas venir con esa frase: \u201cHagan bien sus cuentas y ojal\u00e1 les alcance\u2026\u201d<\/strong><br \/>\n\u2014Ten\u00eda esa lectura, quien est\u00e9 de alguna forma promoviendo modificaciones a las reglas del juego de la entidad, en materia pol\u00edtica y econ\u00f3mica, \u00e1mbitos entrelazados, que haga muy bien sus cuentas y c\u00e1lculos, porque evidentemente trae consecuencias.<\/p>\n<p><strong>8) Cinco secretarios de Finanzas en casi cinco a\u00f1os qu\u00e9 te dicen&#8230;<\/strong><br \/>\n\u2014Me dicen que a lo mejor el problema no est\u00e1 en la secretar\u00eda de Finanzas sino en quien manda en Veracruz. Uno de los principios fundamentales en la administraci\u00f3n p\u00fablica (tesis de Max Weber, no m\u00eda), es el de respetar y establecer puntualmente las jerarqu\u00edas en las relaciones burocr\u00e1ticas. Cuando se rompe ese esquema y se pretende imponer en otro sitio y otro espacio las decisiones de pol\u00edtica-econ\u00f3mica, pr\u00e1cticamente inhibiendo la autoridad del secretario, pues tendr\u00e1n que cambiar secretario cada bimestre porque no los est\u00e1n dejando ser titulares de Finanzas, y esto es en descargo de quienes han estado all\u00ed, todos son competentes y gente comprometida, pero sin contar con la autoridad necesaria que le da la Ley en materia de administraci\u00f3n p\u00fablica federal.<\/p>\n<p><strong>9) Tu amigo Armando L\u00f3pez Contreras se pronuncia por tu candidatura a la Gubernatura este 2016\u2026 pero t\u00fa no has dicho ni \u201cp\u00edo\u201d&#8230;<\/strong><br \/>\n\u2014Soy respetuoso de los tiempos. Esta es la lectura: mi amigo Armando L\u00f3pez Contreras no hubiera hecho ese pronunciamiento sin que lo hubiese consultado, si no tuviese la certeza de que s\u00ed voy a buscar la gubernatura de dos a\u00f1os. Ahora, no puedo salir a expresarlo porque me parece que los tiempos y ritmos del partido son claros y est\u00e1n enfocados a salir a demostrar que somos la primera fuerza del estado y la mejor oferta pol\u00edtica para Veracruz en la renovaci\u00f3n de la c\u00e1mara de diputados.<\/p>\n<p><strong>10) \u00bfPor qu\u00e9 dos y no seis?<\/strong><br \/>\n\u2014Primero: gobernar Veracruz y tener esa responsabilidad lo vale un minuto. Segundo: no s\u00e9 si para el 2018, si no se toman decisiones valientes, encaminadas, firmes, que impliquen un giro total a la pol\u00edtica financiera del estado, haya un andamiaje econ\u00f3mico, contable y administrativo para Veracruz, es el grado de gravedad para el estado de Veracruz.<\/p>\n<p>&nbsp;<\/p>\n<p><em>(Entrevista publicada en Centinela, 26 de marzo, n\u00famero 227. P\u00e1gina 15)<\/em><\/p>\n","protected":false},"excerpt":{"rendered":"<p>* CON H\u00c9CTOR NO HAY ROMPIMIENTO, siempre y cuando mantenga su palabra y honorabilidad\u00a0* CINCO CAMBIOS: El problema no est\u00e1 en la secretar\u00eda de Finanzas, sino en quien manda\u00a0* BUSCAR\u00c1 SER CANDIDATO EN 2016; \u00abesperar al 2018 podr\u00eda ser muy tarde para Veracruz\u00bb Salvador Mu\u00f1oz &nbsp; Ni fr\u00edo ni caliente. Un hombre congruente. As\u00ed se [&hellip;]<\/p>\n","protected":false},"author":2,"featured_media":0,"comment_status":"open","ping_status":"open","sticky":false,"template":"","format":"standard","meta":{"tdm_status":"","tdm_grid_status":"","footnotes":""},"categories":[70],"tags":[2258,2259,348,260,227],"class_list":{"0":"post-15538","1":"post","2":"type-post","3":"status-publish","4":"format-standard","6":"category-de-opinion","7":"tag-gubernatura-de-dos-anos","8":"tag-hagan-bien-sus-cuentas-y-ojala-les-alcance","9":"tag-hector-yunes-landa","10":"tag-javier-duarte-de-ochoa","11":"tag-jose-yunes-zorrilla"},"yoast_head":"<!-- This site is optimized with the Yoast SEO plugin v27.4 - https:\/\/yoast.com\/product\/yoast-seo-wordpress\/ -->\n<title>Ni tibio ni caliente; congruente: Pepe Yunes - Los pol\u00edticos Veracruz<\/title>\n<meta name=\"robots\" content=\"index, follow, max-snippet:-1, max-image-preview:large, max-video-preview:-1\" \/>\n<link rel=\"canonical\" href=\"https:\/\/lospoliticosveracruz.com\/?p=15538\" \/>\n<meta property=\"og:locale\" content=\"es_ES\" \/>\n<meta property=\"og:type\" content=\"article\" \/>\n<meta property=\"og:title\" content=\"Ni tibio ni caliente; congruente: Pepe Yunes - Los pol\u00edticos Veracruz\" \/>\n<meta property=\"og:description\" content=\"* CON H\u00c9CTOR NO HAY ROMPIMIENTO, siempre y cuando mantenga su palabra y honorabilidad\u00a0* CINCO CAMBIOS: El problema no est\u00e1 en la secretar\u00eda de Finanzas, sino en quien manda\u00a0* BUSCAR\u00c1 SER CANDIDATO EN 2016; \u00abesperar al 2018 podr\u00eda ser muy tarde para Veracruz\u00bb Salvador Mu\u00f1oz &nbsp; Ni fr\u00edo ni caliente. Un hombre congruente. As\u00ed se [&hellip;]\" \/>\n<meta property=\"og:url\" content=\"https:\/\/lospoliticosveracruz.com\/?p=15538\" \/>\n<meta property=\"og:site_name\" content=\"Los pol\u00edticos Veracruz\" \/>\n<meta property=\"article:publisher\" content=\"https:\/\/www.facebook.com\/people\/Notimemes-de-los-Polticos\/61565672886568\/\" \/>\n<meta property=\"article:published_time\" content=\"2015-03-30T14:06:22+00:00\" \/>\n<meta property=\"article:modified_time\" content=\"2015-03-30T14:06:42+00:00\" \/>\n<meta property=\"og:image\" content=\"http:\/\/www.lospoliticosveracruz.com.mx\/wp-content\/uploads\/2015\/03\/Pepe-Yunes-Zorrilla-300x200.jpg\" \/>\n<meta name=\"author\" content=\"Lo viste en Los Pol\u00edticos\" \/>\n<meta name=\"twitter:card\" content=\"summary_large_image\" \/>\n<meta name=\"twitter:creator\" content=\"@LosPoliticosVer\" \/>\n<meta name=\"twitter:site\" content=\"@LosPoliticosVer\" \/>\n<meta name=\"twitter:label1\" content=\"Escrito por\" \/>\n\t<meta name=\"twitter:data1\" content=\"Lo viste en Los Pol\u00edticos\" \/>\n\t<meta name=\"twitter:label2\" content=\"Tiempo de lectura\" \/>\n\t<meta name=\"twitter:data2\" content=\"6 minutos\" \/>\n<script type=\"application\/ld+json\" class=\"yoast-schema-graph\">{\"@context\":\"https:\\\/\\\/schema.org\",\"@graph\":[{\"@type\":\"Article\",\"@id\":\"https:\\\/\\\/lospoliticosveracruz.com\\\/?p=15538#article\",\"isPartOf\":{\"@id\":\"https:\\\/\\\/lospoliticosveracruz.com\\\/?p=15538\"},\"author\":{\"name\":\"Lo viste en Los Pol\u00edticos\",\"@id\":\"https:\\\/\\\/lospoliticosveracruz.com\\\/#\\\/schema\\\/person\\\/b8702bb0e538456e6efd07080bf2a4a2\"},\"headline\":\"Ni tibio ni caliente; congruente: Pepe Yunes\",\"datePublished\":\"2015-03-30T14:06:22+00:00\",\"dateModified\":\"2015-03-30T14:06:42+00:00\",\"mainEntityOfPage\":{\"@id\":\"https:\\\/\\\/lospoliticosveracruz.com\\\/?p=15538\"},\"wordCount\":1212,\"commentCount\":0,\"publisher\":{\"@id\":\"https:\\\/\\\/lospoliticosveracruz.com\\\/#organization\"},\"image\":{\"@id\":\"https:\\\/\\\/lospoliticosveracruz.com\\\/?p=15538#primaryimage\"},\"thumbnailUrl\":\"http:\\\/\\\/www.lospoliticosveracruz.com.mx\\\/wp-content\\\/uploads\\\/2015\\\/03\\\/Pepe-Yunes-Zorrilla-300x200.jpg\",\"keywords\":[\"gubernatura de dos a\u00f1os\",\"Hagan bien sus cuentas y ojal\u00e1 les alcance\",\"H\u00e9ctor Yunes Landa\",\"Javier Duarte de Ochoa\",\"Jos\u00e9 Yunes Zorrilla\"],\"articleSection\":[\"De Opini\u00f3n\"],\"inLanguage\":\"es\",\"potentialAction\":[{\"@type\":\"CommentAction\",\"name\":\"Comment\",\"target\":[\"https:\\\/\\\/lospoliticosveracruz.com\\\/?p=15538#respond\"]}]},{\"@type\":\"WebPage\",\"@id\":\"https:\\\/\\\/lospoliticosveracruz.com\\\/?p=15538\",\"url\":\"https:\\\/\\\/lospoliticosveracruz.com\\\/?p=15538\",\"name\":\"Ni tibio ni caliente; congruente: Pepe Yunes - Los pol\u00edticos Veracruz\",\"isPartOf\":{\"@id\":\"https:\\\/\\\/lospoliticosveracruz.com\\\/#website\"},\"primaryImageOfPage\":{\"@id\":\"https:\\\/\\\/lospoliticosveracruz.com\\\/?p=15538#primaryimage\"},\"image\":{\"@id\":\"https:\\\/\\\/lospoliticosveracruz.com\\\/?p=15538#primaryimage\"},\"thumbnailUrl\":\"http:\\\/\\\/www.lospoliticosveracruz.com.mx\\\/wp-content\\\/uploads\\\/2015\\\/03\\\/Pepe-Yunes-Zorrilla-300x200.jpg\",\"datePublished\":\"2015-03-30T14:06:22+00:00\",\"dateModified\":\"2015-03-30T14:06:42+00:00\",\"breadcrumb\":{\"@id\":\"https:\\\/\\\/lospoliticosveracruz.com\\\/?p=15538#breadcrumb\"},\"inLanguage\":\"es\",\"potentialAction\":[{\"@type\":\"ReadAction\",\"target\":[\"https:\\\/\\\/lospoliticosveracruz.com\\\/?p=15538\"]}]},{\"@type\":\"ImageObject\",\"inLanguage\":\"es\",\"@id\":\"https:\\\/\\\/lospoliticosveracruz.com\\\/?p=15538#primaryimage\",\"url\":\"http:\\\/\\\/www.lospoliticosveracruz.com.mx\\\/wp-content\\\/uploads\\\/2015\\\/03\\\/Pepe-Yunes-Zorrilla-300x200.jpg\",\"contentUrl\":\"http:\\\/\\\/www.lospoliticosveracruz.com.mx\\\/wp-content\\\/uploads\\\/2015\\\/03\\\/Pepe-Yunes-Zorrilla-300x200.jpg\"},{\"@type\":\"BreadcrumbList\",\"@id\":\"https:\\\/\\\/lospoliticosveracruz.com\\\/?p=15538#breadcrumb\",\"itemListElement\":[{\"@type\":\"ListItem\",\"position\":1,\"name\":\"Portada\",\"item\":\"https:\\\/\\\/lospoliticosveracruz.com\\\/\"},{\"@type\":\"ListItem\",\"position\":2,\"name\":\"Ni tibio ni caliente; congruente: Pepe Yunes\"}]},{\"@type\":\"WebSite\",\"@id\":\"https:\\\/\\\/lospoliticosveracruz.com\\\/#website\",\"url\":\"https:\\\/\\\/lospoliticosveracruz.com\\\/\",\"name\":\"Los pol\u00edticos Veracruz\",\"description\":\"\",\"publisher\":{\"@id\":\"https:\\\/\\\/lospoliticosveracruz.com\\\/#organization\"},\"potentialAction\":[{\"@type\":\"SearchAction\",\"target\":{\"@type\":\"EntryPoint\",\"urlTemplate\":\"https:\\\/\\\/lospoliticosveracruz.com\\\/?s={search_term_string}\"},\"query-input\":{\"@type\":\"PropertyValueSpecification\",\"valueRequired\":true,\"valueName\":\"search_term_string\"}}],\"inLanguage\":\"es\"},{\"@type\":\"Organization\",\"@id\":\"https:\\\/\\\/lospoliticosveracruz.com\\\/#organization\",\"name\":\"Los pol\u00edticos Veracruz\",\"url\":\"https:\\\/\\\/lospoliticosveracruz.com\\\/\",\"logo\":{\"@type\":\"ImageObject\",\"inLanguage\":\"es\",\"@id\":\"https:\\\/\\\/lospoliticosveracruz.com\\\/#\\\/schema\\\/logo\\\/image\\\/\",\"url\":\"https:\\\/\\\/lospoliticosveracruz.com\\\/wp-content\\\/uploads\\\/2025\\\/12\\\/Logo-Nuevo-LOS-POLITICOS-1.jpg\",\"contentUrl\":\"https:\\\/\\\/lospoliticosveracruz.com\\\/wp-content\\\/uploads\\\/2025\\\/12\\\/Logo-Nuevo-LOS-POLITICOS-1.jpg\",\"width\":260,\"height\":70,\"caption\":\"Los pol\u00edticos Veracruz\"},\"image\":{\"@id\":\"https:\\\/\\\/lospoliticosveracruz.com\\\/#\\\/schema\\\/logo\\\/image\\\/\"},\"sameAs\":[\"https:\\\/\\\/www.facebook.com\\\/people\\\/Notimemes-de-los-Polticos\\\/61565672886568\\\/\",\"https:\\\/\\\/x.com\\\/LosPoliticosVer\"]},{\"@type\":\"Person\",\"@id\":\"https:\\\/\\\/lospoliticosveracruz.com\\\/#\\\/schema\\\/person\\\/b8702bb0e538456e6efd07080bf2a4a2\",\"name\":\"Lo viste en Los Pol\u00edticos\",\"image\":{\"@type\":\"ImageObject\",\"inLanguage\":\"es\",\"@id\":\"https:\\\/\\\/secure.gravatar.com\\\/avatar\\\/3a8de04a2656d44082be478bd6c086daa447c4651605818287b9532d3d0bd435?s=96&d=mm&r=g\",\"url\":\"https:\\\/\\\/secure.gravatar.com\\\/avatar\\\/3a8de04a2656d44082be478bd6c086daa447c4651605818287b9532d3d0bd435?s=96&d=mm&r=g\",\"contentUrl\":\"https:\\\/\\\/secure.gravatar.com\\\/avatar\\\/3a8de04a2656d44082be478bd6c086daa447c4651605818287b9532d3d0bd435?s=96&d=mm&r=g\",\"caption\":\"Lo viste en Los Pol\u00edticos\"},\"url\":\"https:\\\/\\\/lospoliticosveracruz.com\\\/?author=2\"}]}<\/script>\n<!-- \/ Yoast SEO plugin. -->","yoast_head_json":{"title":"Ni tibio ni caliente; congruente: Pepe Yunes - Los pol\u00edticos Veracruz","robots":{"index":"index","follow":"follow","max-snippet":"max-snippet:-1","max-image-preview":"max-image-preview:large","max-video-preview":"max-video-preview:-1"},"canonical":"https:\/\/lospoliticosveracruz.com\/?p=15538","og_locale":"es_ES","og_type":"article","og_title":"Ni tibio ni caliente; congruente: Pepe Yunes - Los pol\u00edticos Veracruz","og_description":"* CON H\u00c9CTOR NO HAY ROMPIMIENTO, siempre y cuando mantenga su palabra y honorabilidad\u00a0* CINCO CAMBIOS: El problema no est\u00e1 en la secretar\u00eda de Finanzas, sino en quien manda\u00a0* BUSCAR\u00c1 SER CANDIDATO EN 2016; \u00abesperar al 2018 podr\u00eda ser muy tarde para Veracruz\u00bb Salvador Mu\u00f1oz &nbsp; Ni fr\u00edo ni caliente. Un hombre congruente. As\u00ed se [&hellip;]","og_url":"https:\/\/lospoliticosveracruz.com\/?p=15538","og_site_name":"Los pol\u00edticos Veracruz","article_publisher":"https:\/\/www.facebook.com\/people\/Notimemes-de-los-Polticos\/61565672886568\/","article_published_time":"2015-03-30T14:06:22+00:00","article_modified_time":"2015-03-30T14:06:42+00:00","og_image":[{"url":"http:\/\/www.lospoliticosveracruz.com.mx\/wp-content\/uploads\/2015\/03\/Pepe-Yunes-Zorrilla-300x200.jpg","type":"","width":"","height":""}],"author":"Lo viste en Los Pol\u00edticos","twitter_card":"summary_large_image","twitter_creator":"@LosPoliticosVer","twitter_site":"@LosPoliticosVer","twitter_misc":{"Escrito por":"Lo viste en Los Pol\u00edticos","Tiempo de lectura":"6 minutos"},"schema":{"@context":"https:\/\/schema.org","@graph":[{"@type":"Article","@id":"https:\/\/lospoliticosveracruz.com\/?p=15538#article","isPartOf":{"@id":"https:\/\/lospoliticosveracruz.com\/?p=15538"},"author":{"name":"Lo viste en Los Pol\u00edticos","@id":"https:\/\/lospoliticosveracruz.com\/#\/schema\/person\/b8702bb0e538456e6efd07080bf2a4a2"},"headline":"Ni tibio ni caliente; congruente: Pepe Yunes","datePublished":"2015-03-30T14:06:22+00:00","dateModified":"2015-03-30T14:06:42+00:00","mainEntityOfPage":{"@id":"https:\/\/lospoliticosveracruz.com\/?p=15538"},"wordCount":1212,"commentCount":0,"publisher":{"@id":"https:\/\/lospoliticosveracruz.com\/#organization"},"image":{"@id":"https:\/\/lospoliticosveracruz.com\/?p=15538#primaryimage"},"thumbnailUrl":"http:\/\/www.lospoliticosveracruz.com.mx\/wp-content\/uploads\/2015\/03\/Pepe-Yunes-Zorrilla-300x200.jpg","keywords":["gubernatura de dos a\u00f1os","Hagan bien sus cuentas y ojal\u00e1 les alcance","H\u00e9ctor Yunes Landa","Javier Duarte de Ochoa","Jos\u00e9 Yunes Zorrilla"],"articleSection":["De Opini\u00f3n"],"inLanguage":"es","potentialAction":[{"@type":"CommentAction","name":"Comment","target":["https:\/\/lospoliticosveracruz.com\/?p=15538#respond"]}]},{"@type":"WebPage","@id":"https:\/\/lospoliticosveracruz.com\/?p=15538","url":"https:\/\/lospoliticosveracruz.com\/?p=15538","name":"Ni tibio ni caliente; congruente: Pepe Yunes - Los pol\u00edticos Veracruz","isPartOf":{"@id":"https:\/\/lospoliticosveracruz.com\/#website"},"primaryImageOfPage":{"@id":"https:\/\/lospoliticosveracruz.com\/?p=15538#primaryimage"},"image":{"@id":"https:\/\/lospoliticosveracruz.com\/?p=15538#primaryimage"},"thumbnailUrl":"http:\/\/www.lospoliticosveracruz.com.mx\/wp-content\/uploads\/2015\/03\/Pepe-Yunes-Zorrilla-300x200.jpg","datePublished":"2015-03-30T14:06:22+00:00","dateModified":"2015-03-30T14:06:42+00:00","breadcrumb":{"@id":"https:\/\/lospoliticosveracruz.com\/?p=15538#breadcrumb"},"inLanguage":"es","potentialAction":[{"@type":"ReadAction","target":["https:\/\/lospoliticosveracruz.com\/?p=15538"]}]},{"@type":"ImageObject","inLanguage":"es","@id":"https:\/\/lospoliticosveracruz.com\/?p=15538#primaryimage","url":"http:\/\/www.lospoliticosveracruz.com.mx\/wp-content\/uploads\/2015\/03\/Pepe-Yunes-Zorrilla-300x200.jpg","contentUrl":"http:\/\/www.lospoliticosveracruz.com.mx\/wp-content\/uploads\/2015\/03\/Pepe-Yunes-Zorrilla-300x200.jpg"},{"@type":"BreadcrumbList","@id":"https:\/\/lospoliticosveracruz.com\/?p=15538#breadcrumb","itemListElement":[{"@type":"ListItem","position":1,"name":"Portada","item":"https:\/\/lospoliticosveracruz.com\/"},{"@type":"ListItem","position":2,"name":"Ni tibio ni caliente; congruente: Pepe Yunes"}]},{"@type":"WebSite","@id":"https:\/\/lospoliticosveracruz.com\/#website","url":"https:\/\/lospoliticosveracruz.com\/","name":"Los pol\u00edticos Veracruz","description":"","publisher":{"@id":"https:\/\/lospoliticosveracruz.com\/#organization"},"potentialAction":[{"@type":"SearchAction","target":{"@type":"EntryPoint","urlTemplate":"https:\/\/lospoliticosveracruz.com\/?s={search_term_string}"},"query-input":{"@type":"PropertyValueSpecification","valueRequired":true,"valueName":"search_term_string"}}],"inLanguage":"es"},{"@type":"Organization","@id":"https:\/\/lospoliticosveracruz.com\/#organization","name":"Los pol\u00edticos Veracruz","url":"https:\/\/lospoliticosveracruz.com\/","logo":{"@type":"ImageObject","inLanguage":"es","@id":"https:\/\/lospoliticosveracruz.com\/#\/schema\/logo\/image\/","url":"https:\/\/lospoliticosveracruz.com\/wp-content\/uploads\/2025\/12\/Logo-Nuevo-LOS-POLITICOS-1.jpg","contentUrl":"https:\/\/lospoliticosveracruz.com\/wp-content\/uploads\/2025\/12\/Logo-Nuevo-LOS-POLITICOS-1.jpg","width":260,"height":70,"caption":"Los pol\u00edticos Veracruz"},"image":{"@id":"https:\/\/lospoliticosveracruz.com\/#\/schema\/logo\/image\/"},"sameAs":["https:\/\/www.facebook.com\/people\/Notimemes-de-los-Polticos\/61565672886568\/","https:\/\/x.com\/LosPoliticosVer"]},{"@type":"Person","@id":"https:\/\/lospoliticosveracruz.com\/#\/schema\/person\/b8702bb0e538456e6efd07080bf2a4a2","name":"Lo viste en Los Pol\u00edticos","image":{"@type":"ImageObject","inLanguage":"es","@id":"https:\/\/secure.gravatar.com\/avatar\/3a8de04a2656d44082be478bd6c086daa447c4651605818287b9532d3d0bd435?s=96&d=mm&r=g","url":"https:\/\/secure.gravatar.com\/avatar\/3a8de04a2656d44082be478bd6c086daa447c4651605818287b9532d3d0bd435?s=96&d=mm&r=g","contentUrl":"https:\/\/secure.gravatar.com\/avatar\/3a8de04a2656d44082be478bd6c086daa447c4651605818287b9532d3d0bd435?s=96&d=mm&r=g","caption":"Lo viste en Los Pol\u00edticos"},"url":"https:\/\/lospoliticosveracruz.com\/?author=2"}]}},"_links":{"self":[{"href":"https:\/\/lospoliticosveracruz.com\/index.php?rest_route=\/wp\/v2\/posts\/15538","targetHints":{"allow":["GET"]}}],"collection":[{"href":"https:\/\/lospoliticosveracruz.com\/index.php?rest_route=\/wp\/v2\/posts"}],"about":[{"href":"https:\/\/lospoliticosveracruz.com\/index.php?rest_route=\/wp\/v2\/types\/post"}],"author":[{"embeddable":true,"href":"https:\/\/lospoliticosveracruz.com\/index.php?rest_route=\/wp\/v2\/users\/2"}],"replies":[{"embeddable":true,"href":"https:\/\/lospoliticosveracruz.com\/index.php?rest_route=%2Fwp%2Fv2%2Fcomments&post=15538"}],"version-history":[{"count":1,"href":"https:\/\/lospoliticosveracruz.com\/index.php?rest_route=\/wp\/v2\/posts\/15538\/revisions"}],"predecessor-version":[{"id":15540,"href":"https:\/\/lospoliticosveracruz.com\/index.php?rest_route=\/wp\/v2\/posts\/15538\/revisions\/15540"}],"wp:attachment":[{"href":"https:\/\/lospoliticosveracruz.com\/index.php?rest_route=%2Fwp%2Fv2%2Fmedia&parent=15538"}],"wp:term":[{"taxonomy":"category","embeddable":true,"href":"https:\/\/lospoliticosveracruz.com\/index.php?rest_route=%2Fwp%2Fv2%2Fcategories&post=15538"},{"taxonomy":"post_tag","embeddable":true,"href":"https:\/\/lospoliticosveracruz.com\/index.php?rest_route=%2Fwp%2Fv2%2Ftags&post=15538"}],"curies":[{"name":"wp","href":"https:\/\/api.w.org\/{rel}","templated":true}]}}