{"id":155404,"date":"2025-10-28T15:46:49","date_gmt":"2025-10-28T21:46:49","guid":{"rendered":"https:\/\/lospoliticosveracruz.com.mx\/?p=155404"},"modified":"2025-10-28T15:47:13","modified_gmt":"2025-10-28T21:47:13","slug":"la-reta-con-unanue","status":"publish","type":"post","link":"https:\/\/lospoliticosveracruz.com\/?p=155404","title":{"rendered":"LA RETA CON UNANUE!"},"content":{"rendered":"\n<p>El alcalde de Boca del R\u00edo, Juan Manuel Un\u00e1nue Abascal, entreg\u00f3 una obra m\u00e1s en la Escuela Primaria \u201cQuetzalc\u00f3atl\u201d, la cual ya cuenta con cancha nueva de futbol, reafirmando as\u00ed su compromiso con la educaci\u00f3n y el fomento deportivo en el municipio.<\/p>\n\n\n\n<p>\u201cMe dio mucho gusto entregar una nueva obra m\u00e1s para nuestras escuelas, la cancha de futbol con pasto sint\u00e9tico en esta Primaria \u2018Quetzalc\u00f3atl\u2019 y que beneficiar\u00e1 a m\u00e1s de 6 mil integrantes de la comunidad estudiantil.<\/p>\n\n\n\n<p>\u201cEsta obra forma parte del compromiso de seguir mejorando los espacios educativos, como el domo que recientemente les entregamos y que ya est\u00e1 funcionando, para nuestras ni\u00f1as, ni\u00f1os y j\u00f3venes, impulsando su desarrollo f\u00edsico, social y educativo\u201d, destac\u00f3 el alcalde.<\/p>\n\n\n\n<p>Y es que durante estos casi cuatro a\u00f1os de gobierno, la educaci\u00f3n y el deporte han sido pilares fundamentales para la administraci\u00f3n municipal.<\/p>\n\n\n\n<p>La nueva cancha cuenta con m\u00e1s de mil 800 metros cuadrados de pasto sint\u00e9tico tipo Tufting, resistente a temperaturas extremas, beneficiando directamente a m\u00e1s de 6 mil personas entre alumnos, docentes y padres de familia.<\/p>\n\n\n\n<p>Por su parte, el director de la Escuela Primaria Matutina \u201cQuetzalc\u00f3atl\u201d, Jonathan Aguirre Uscanga, expres\u00f3 su agradecimiento al Presidente Municipal por esta importante inversi\u00f3n que representa una de las obras m\u00e1s relevantes en los 43 a\u00f1os de historia del plantel.<\/p>\n\n\n\n<p>\u201cNo hay precedente de la magnitud de los trabajos realizados en beneficio de la mejora de la infraestructura escolar. Al fomento deportivo con la construcci\u00f3n de esta hermosa cancha de campo sint\u00e9tico, el cual vincular\u00e1 a la comunidad educativa hacia una vida saludable, de sana convivencia y de fomento deportivo.<\/p>\n\n\n\n<p>La infraestructura escolar est\u00e1 mejorada gracias a los esfuerzos y visi\u00f3n de una persona tenaz y sabedora que para favorecer a las comunidades es desde la escuela, desde la formaci\u00f3n de sus futuros ciudadanos, y que la mejor inversi\u00f3n est\u00e1 en la educaci\u00f3n\u201d, expres\u00f3 el director de la escuela primaria \u201cQuetzalc\u00f3atl\u201d.<\/p>\n\n\n\n<p>Como muestra de agradecimiento, la comunidad educativa entreg\u00f3 un reconocimiento al alcalde Juan Manuel Un\u00e1nue Abascal que dice lo siguiente:<\/p>\n\n\n\n<p>\u201cPor su compromiso a la educaci\u00f3n, su gran responsabilidad social, por la cercan\u00eda con las escuelas de su municipio y por la mejora en la infraestructura escolar, sembrando con esfuerzo las bases de un futuro con mayores oportunidades para las nuevas generaciones. Much\u00edsimas gracias al alcalde Juan Manuel Un\u00e1nue Abascal de parte de la Escuela Primaria Quetzalc\u00f3atl\u201d.<\/p>\n\n\n\n<p>La obra contempl\u00f3 la construcci\u00f3n de m\u00e1s de 170 metros lineales de guarnici\u00f3n, la instalaci\u00f3n de 170 metros lineales de malla atrapa balones reforzada, dos porter\u00edas para cancha de f\u00fatbol 9 y dos bancas deportivas con capacidad para cinco personas cada una.<\/p>\n\n\n\n<p>Por su parte, Joana Guti\u00e9rrez Osorio, representante de los padres de familia, agradeci\u00f3 al edil boque\u00f1o por las acciones que mejoran la calidad educativa y el bienestar de los ni\u00f1os.<\/p>\n\n\n\n<p>\u201cEstamos muy contentos por el gran apoyo brindado en nuestra comunidad a nuestra escuela, desde mantenimientos de aulas y ba\u00f1os, hasta la construcci\u00f3n de esta hermosa cancha donde nuestros hijos se desarrollar\u00e1n plenamente en espacios dignos, seguros y de calidad. Adem\u00e1s de fomentar el deporte y la sana convivencia en los espacios educativos. Sin duda, su visi\u00f3n es clara: la educaci\u00f3n de nuestros peque\u00f1os es primero\u201d, dijo la madre de familia.<\/p>\n\n\n\n<p>Finalmente, Juan Manuel Un\u00e1nue Abascal enfatiz\u00f3 que las obras realizadas en las escuelas p\u00fablicas de Boca del R\u00edo est\u00e1n a la altura del potencial de sus estudiantes, quienes representan un futuro prometedor para Veracruz.<\/p>\n","protected":false},"excerpt":{"rendered":"<p>El alcalde de Boca del R\u00edo, Juan Manuel Un\u00e1nue Abascal, entreg\u00f3 una obra m\u00e1s en la Escuela Primaria \u201cQuetzalc\u00f3atl\u201d, la cual ya cuenta con cancha nueva de futbol, reafirmando as\u00ed su compromiso con la educaci\u00f3n y el fomento deportivo en el municipio. \u201cMe dio mucho gusto entregar una nueva obra m\u00e1s para nuestras escuelas, la [&hellip;]<\/p>\n","protected":false},"author":2,"featured_media":155405,"comment_status":"closed","ping_status":"closed","sticky":false,"template":"","format":"standard","meta":{"tdm_status":"","tdm_grid_status":"","footnotes":""},"categories":[73],"tags":[601,17579,46871],"class_list":{"0":"post-155404","1":"post","2":"type-post","3":"status-publish","4":"format-standard","5":"has-post-thumbnail","7":"category-de-boleto","8":"tag-boca-del-rio","9":"tag-juan-manuel-unanue","10":"tag-quetzalcoatl"},"yoast_head":"<!-- This site is optimized with the Yoast SEO plugin v27.4 - https:\/\/yoast.com\/product\/yoast-seo-wordpress\/ -->\n<title>LA RETA CON UNANUE! - Los pol\u00edticos Veracruz<\/title>\n<meta name=\"robots\" content=\"index, follow, max-snippet:-1, max-image-preview:large, max-video-preview:-1\" \/>\n<link rel=\"canonical\" href=\"https:\/\/lospoliticosveracruz.com\/?p=155404\" \/>\n<meta property=\"og:locale\" content=\"es_ES\" \/>\n<meta property=\"og:type\" content=\"article\" \/>\n<meta property=\"og:title\" content=\"LA RETA CON UNANUE! - Los pol\u00edticos Veracruz\" \/>\n<meta property=\"og:description\" content=\"El alcalde de Boca del R\u00edo, Juan Manuel Un\u00e1nue Abascal, entreg\u00f3 una obra m\u00e1s en la Escuela Primaria \u201cQuetzalc\u00f3atl\u201d, la cual ya cuenta con cancha nueva de futbol, reafirmando as\u00ed su compromiso con la educaci\u00f3n y el fomento deportivo en el municipio. \u201cMe dio mucho gusto entregar una nueva obra m\u00e1s para nuestras escuelas, la [&hellip;]\" \/>\n<meta property=\"og:url\" content=\"https:\/\/lospoliticosveracruz.com\/?p=155404\" \/>\n<meta property=\"og:site_name\" content=\"Los pol\u00edticos Veracruz\" \/>\n<meta property=\"article:publisher\" content=\"https:\/\/www.facebook.com\/people\/Notimemes-de-los-Polticos\/61565672886568\/\" \/>\n<meta property=\"article:published_time\" content=\"2025-10-28T21:46:49+00:00\" \/>\n<meta property=\"article:modified_time\" content=\"2025-10-28T21:47:13+00:00\" \/>\n<meta property=\"og:image\" content=\"https:\/\/lospoliticosveracruz.com\/wp-content\/uploads\/2025\/10\/Gol-de-Unanue.jpg\" \/>\n\t<meta property=\"og:image:width\" content=\"600\" \/>\n\t<meta property=\"og:image:height\" content=\"320\" \/>\n\t<meta property=\"og:image:type\" content=\"image\/jpeg\" \/>\n<meta name=\"author\" content=\"Lo viste en Los Pol\u00edticos\" \/>\n<meta name=\"twitter:card\" content=\"summary_large_image\" \/>\n<meta name=\"twitter:creator\" content=\"@LosPoliticosVer\" \/>\n<meta name=\"twitter:site\" content=\"@LosPoliticosVer\" \/>\n<meta name=\"twitter:label1\" content=\"Escrito por\" \/>\n\t<meta name=\"twitter:data1\" content=\"Lo viste en Los Pol\u00edticos\" \/>\n\t<meta name=\"twitter:label2\" content=\"Tiempo de lectura\" \/>\n\t<meta name=\"twitter:data2\" content=\"3 minutos\" \/>\n<script type=\"application\/ld+json\" class=\"yoast-schema-graph\">{\"@context\":\"https:\\\/\\\/schema.org\",\"@graph\":[{\"@type\":\"Article\",\"@id\":\"https:\\\/\\\/lospoliticosveracruz.com\\\/?p=155404#article\",\"isPartOf\":{\"@id\":\"https:\\\/\\\/lospoliticosveracruz.com\\\/?p=155404\"},\"author\":{\"name\":\"Lo viste en Los Pol\u00edticos\",\"@id\":\"https:\\\/\\\/lospoliticosveracruz.com\\\/#\\\/schema\\\/person\\\/b8702bb0e538456e6efd07080bf2a4a2\"},\"headline\":\"LA RETA CON UNANUE!\",\"datePublished\":\"2025-10-28T21:46:49+00:00\",\"dateModified\":\"2025-10-28T21:47:13+00:00\",\"mainEntityOfPage\":{\"@id\":\"https:\\\/\\\/lospoliticosveracruz.com\\\/?p=155404\"},\"wordCount\":624,\"publisher\":{\"@id\":\"https:\\\/\\\/lospoliticosveracruz.com\\\/#organization\"},\"image\":{\"@id\":\"https:\\\/\\\/lospoliticosveracruz.com\\\/?p=155404#primaryimage\"},\"thumbnailUrl\":\"https:\\\/\\\/lospoliticosveracruz.com\\\/wp-content\\\/uploads\\\/2025\\\/10\\\/Gol-de-Unanue.jpg\",\"keywords\":[\"Boca del R\u00edo\",\"Juan Manuel Unanue\",\"Quetzalc\u00f3atl\"],\"articleSection\":[\"De Boleto\"],\"inLanguage\":\"es\"},{\"@type\":\"WebPage\",\"@id\":\"https:\\\/\\\/lospoliticosveracruz.com\\\/?p=155404\",\"url\":\"https:\\\/\\\/lospoliticosveracruz.com\\\/?p=155404\",\"name\":\"LA RETA CON UNANUE! - Los pol\u00edticos Veracruz\",\"isPartOf\":{\"@id\":\"https:\\\/\\\/lospoliticosveracruz.com\\\/#website\"},\"primaryImageOfPage\":{\"@id\":\"https:\\\/\\\/lospoliticosveracruz.com\\\/?p=155404#primaryimage\"},\"image\":{\"@id\":\"https:\\\/\\\/lospoliticosveracruz.com\\\/?p=155404#primaryimage\"},\"thumbnailUrl\":\"https:\\\/\\\/lospoliticosveracruz.com\\\/wp-content\\\/uploads\\\/2025\\\/10\\\/Gol-de-Unanue.jpg\",\"datePublished\":\"2025-10-28T21:46:49+00:00\",\"dateModified\":\"2025-10-28T21:47:13+00:00\",\"breadcrumb\":{\"@id\":\"https:\\\/\\\/lospoliticosveracruz.com\\\/?p=155404#breadcrumb\"},\"inLanguage\":\"es\",\"potentialAction\":[{\"@type\":\"ReadAction\",\"target\":[\"https:\\\/\\\/lospoliticosveracruz.com\\\/?p=155404\"]}]},{\"@type\":\"ImageObject\",\"inLanguage\":\"es\",\"@id\":\"https:\\\/\\\/lospoliticosveracruz.com\\\/?p=155404#primaryimage\",\"url\":\"https:\\\/\\\/lospoliticosveracruz.com\\\/wp-content\\\/uploads\\\/2025\\\/10\\\/Gol-de-Unanue.jpg\",\"contentUrl\":\"https:\\\/\\\/lospoliticosveracruz.com\\\/wp-content\\\/uploads\\\/2025\\\/10\\\/Gol-de-Unanue.jpg\",\"width\":600,\"height\":320},{\"@type\":\"BreadcrumbList\",\"@id\":\"https:\\\/\\\/lospoliticosveracruz.com\\\/?p=155404#breadcrumb\",\"itemListElement\":[{\"@type\":\"ListItem\",\"position\":1,\"name\":\"Portada\",\"item\":\"https:\\\/\\\/lospoliticosveracruz.com\\\/\"},{\"@type\":\"ListItem\",\"position\":2,\"name\":\"LA RETA CON UNANUE!\"}]},{\"@type\":\"WebSite\",\"@id\":\"https:\\\/\\\/lospoliticosveracruz.com\\\/#website\",\"url\":\"https:\\\/\\\/lospoliticosveracruz.com\\\/\",\"name\":\"Los pol\u00edticos Veracruz\",\"description\":\"\",\"publisher\":{\"@id\":\"https:\\\/\\\/lospoliticosveracruz.com\\\/#organization\"},\"potentialAction\":[{\"@type\":\"SearchAction\",\"target\":{\"@type\":\"EntryPoint\",\"urlTemplate\":\"https:\\\/\\\/lospoliticosveracruz.com\\\/?s={search_term_string}\"},\"query-input\":{\"@type\":\"PropertyValueSpecification\",\"valueRequired\":true,\"valueName\":\"search_term_string\"}}],\"inLanguage\":\"es\"},{\"@type\":\"Organization\",\"@id\":\"https:\\\/\\\/lospoliticosveracruz.com\\\/#organization\",\"name\":\"Los pol\u00edticos Veracruz\",\"url\":\"https:\\\/\\\/lospoliticosveracruz.com\\\/\",\"logo\":{\"@type\":\"ImageObject\",\"inLanguage\":\"es\",\"@id\":\"https:\\\/\\\/lospoliticosveracruz.com\\\/#\\\/schema\\\/logo\\\/image\\\/\",\"url\":\"https:\\\/\\\/lospoliticosveracruz.com\\\/wp-content\\\/uploads\\\/2025\\\/12\\\/Logo-Nuevo-LOS-POLITICOS-1.jpg\",\"contentUrl\":\"https:\\\/\\\/lospoliticosveracruz.com\\\/wp-content\\\/uploads\\\/2025\\\/12\\\/Logo-Nuevo-LOS-POLITICOS-1.jpg\",\"width\":260,\"height\":70,\"caption\":\"Los pol\u00edticos Veracruz\"},\"image\":{\"@id\":\"https:\\\/\\\/lospoliticosveracruz.com\\\/#\\\/schema\\\/logo\\\/image\\\/\"},\"sameAs\":[\"https:\\\/\\\/www.facebook.com\\\/people\\\/Notimemes-de-los-Polticos\\\/61565672886568\\\/\",\"https:\\\/\\\/x.com\\\/LosPoliticosVer\"]},{\"@type\":\"Person\",\"@id\":\"https:\\\/\\\/lospoliticosveracruz.com\\\/#\\\/schema\\\/person\\\/b8702bb0e538456e6efd07080bf2a4a2\",\"name\":\"Lo viste en Los Pol\u00edticos\",\"image\":{\"@type\":\"ImageObject\",\"inLanguage\":\"es\",\"@id\":\"https:\\\/\\\/secure.gravatar.com\\\/avatar\\\/3a8de04a2656d44082be478bd6c086daa447c4651605818287b9532d3d0bd435?s=96&d=mm&r=g\",\"url\":\"https:\\\/\\\/secure.gravatar.com\\\/avatar\\\/3a8de04a2656d44082be478bd6c086daa447c4651605818287b9532d3d0bd435?s=96&d=mm&r=g\",\"contentUrl\":\"https:\\\/\\\/secure.gravatar.com\\\/avatar\\\/3a8de04a2656d44082be478bd6c086daa447c4651605818287b9532d3d0bd435?s=96&d=mm&r=g\",\"caption\":\"Lo viste en Los Pol\u00edticos\"},\"url\":\"https:\\\/\\\/lospoliticosveracruz.com\\\/?author=2\"}]}<\/script>\n<!-- \/ Yoast SEO plugin. -->","yoast_head_json":{"title":"LA RETA CON UNANUE! - Los pol\u00edticos Veracruz","robots":{"index":"index","follow":"follow","max-snippet":"max-snippet:-1","max-image-preview":"max-image-preview:large","max-video-preview":"max-video-preview:-1"},"canonical":"https:\/\/lospoliticosveracruz.com\/?p=155404","og_locale":"es_ES","og_type":"article","og_title":"LA RETA CON UNANUE! - Los pol\u00edticos Veracruz","og_description":"El alcalde de Boca del R\u00edo, Juan Manuel Un\u00e1nue Abascal, entreg\u00f3 una obra m\u00e1s en la Escuela Primaria \u201cQuetzalc\u00f3atl\u201d, la cual ya cuenta con cancha nueva de futbol, reafirmando as\u00ed su compromiso con la educaci\u00f3n y el fomento deportivo en el municipio. \u201cMe dio mucho gusto entregar una nueva obra m\u00e1s para nuestras escuelas, la [&hellip;]","og_url":"https:\/\/lospoliticosveracruz.com\/?p=155404","og_site_name":"Los pol\u00edticos Veracruz","article_publisher":"https:\/\/www.facebook.com\/people\/Notimemes-de-los-Polticos\/61565672886568\/","article_published_time":"2025-10-28T21:46:49+00:00","article_modified_time":"2025-10-28T21:47:13+00:00","og_image":[{"width":600,"height":320,"url":"https:\/\/lospoliticosveracruz.com\/wp-content\/uploads\/2025\/10\/Gol-de-Unanue.jpg","type":"image\/jpeg"}],"author":"Lo viste en Los Pol\u00edticos","twitter_card":"summary_large_image","twitter_creator":"@LosPoliticosVer","twitter_site":"@LosPoliticosVer","twitter_misc":{"Escrito por":"Lo viste en Los Pol\u00edticos","Tiempo de lectura":"3 minutos"},"schema":{"@context":"https:\/\/schema.org","@graph":[{"@type":"Article","@id":"https:\/\/lospoliticosveracruz.com\/?p=155404#article","isPartOf":{"@id":"https:\/\/lospoliticosveracruz.com\/?p=155404"},"author":{"name":"Lo viste en Los Pol\u00edticos","@id":"https:\/\/lospoliticosveracruz.com\/#\/schema\/person\/b8702bb0e538456e6efd07080bf2a4a2"},"headline":"LA RETA CON UNANUE!","datePublished":"2025-10-28T21:46:49+00:00","dateModified":"2025-10-28T21:47:13+00:00","mainEntityOfPage":{"@id":"https:\/\/lospoliticosveracruz.com\/?p=155404"},"wordCount":624,"publisher":{"@id":"https:\/\/lospoliticosveracruz.com\/#organization"},"image":{"@id":"https:\/\/lospoliticosveracruz.com\/?p=155404#primaryimage"},"thumbnailUrl":"https:\/\/lospoliticosveracruz.com\/wp-content\/uploads\/2025\/10\/Gol-de-Unanue.jpg","keywords":["Boca del R\u00edo","Juan Manuel Unanue","Quetzalc\u00f3atl"],"articleSection":["De Boleto"],"inLanguage":"es"},{"@type":"WebPage","@id":"https:\/\/lospoliticosveracruz.com\/?p=155404","url":"https:\/\/lospoliticosveracruz.com\/?p=155404","name":"LA RETA CON UNANUE! - Los pol\u00edticos Veracruz","isPartOf":{"@id":"https:\/\/lospoliticosveracruz.com\/#website"},"primaryImageOfPage":{"@id":"https:\/\/lospoliticosveracruz.com\/?p=155404#primaryimage"},"image":{"@id":"https:\/\/lospoliticosveracruz.com\/?p=155404#primaryimage"},"thumbnailUrl":"https:\/\/lospoliticosveracruz.com\/wp-content\/uploads\/2025\/10\/Gol-de-Unanue.jpg","datePublished":"2025-10-28T21:46:49+00:00","dateModified":"2025-10-28T21:47:13+00:00","breadcrumb":{"@id":"https:\/\/lospoliticosveracruz.com\/?p=155404#breadcrumb"},"inLanguage":"es","potentialAction":[{"@type":"ReadAction","target":["https:\/\/lospoliticosveracruz.com\/?p=155404"]}]},{"@type":"ImageObject","inLanguage":"es","@id":"https:\/\/lospoliticosveracruz.com\/?p=155404#primaryimage","url":"https:\/\/lospoliticosveracruz.com\/wp-content\/uploads\/2025\/10\/Gol-de-Unanue.jpg","contentUrl":"https:\/\/lospoliticosveracruz.com\/wp-content\/uploads\/2025\/10\/Gol-de-Unanue.jpg","width":600,"height":320},{"@type":"BreadcrumbList","@id":"https:\/\/lospoliticosveracruz.com\/?p=155404#breadcrumb","itemListElement":[{"@type":"ListItem","position":1,"name":"Portada","item":"https:\/\/lospoliticosveracruz.com\/"},{"@type":"ListItem","position":2,"name":"LA RETA CON UNANUE!"}]},{"@type":"WebSite","@id":"https:\/\/lospoliticosveracruz.com\/#website","url":"https:\/\/lospoliticosveracruz.com\/","name":"Los pol\u00edticos Veracruz","description":"","publisher":{"@id":"https:\/\/lospoliticosveracruz.com\/#organization"},"potentialAction":[{"@type":"SearchAction","target":{"@type":"EntryPoint","urlTemplate":"https:\/\/lospoliticosveracruz.com\/?s={search_term_string}"},"query-input":{"@type":"PropertyValueSpecification","valueRequired":true,"valueName":"search_term_string"}}],"inLanguage":"es"},{"@type":"Organization","@id":"https:\/\/lospoliticosveracruz.com\/#organization","name":"Los pol\u00edticos Veracruz","url":"https:\/\/lospoliticosveracruz.com\/","logo":{"@type":"ImageObject","inLanguage":"es","@id":"https:\/\/lospoliticosveracruz.com\/#\/schema\/logo\/image\/","url":"https:\/\/lospoliticosveracruz.com\/wp-content\/uploads\/2025\/12\/Logo-Nuevo-LOS-POLITICOS-1.jpg","contentUrl":"https:\/\/lospoliticosveracruz.com\/wp-content\/uploads\/2025\/12\/Logo-Nuevo-LOS-POLITICOS-1.jpg","width":260,"height":70,"caption":"Los pol\u00edticos Veracruz"},"image":{"@id":"https:\/\/lospoliticosveracruz.com\/#\/schema\/logo\/image\/"},"sameAs":["https:\/\/www.facebook.com\/people\/Notimemes-de-los-Polticos\/61565672886568\/","https:\/\/x.com\/LosPoliticosVer"]},{"@type":"Person","@id":"https:\/\/lospoliticosveracruz.com\/#\/schema\/person\/b8702bb0e538456e6efd07080bf2a4a2","name":"Lo viste en Los Pol\u00edticos","image":{"@type":"ImageObject","inLanguage":"es","@id":"https:\/\/secure.gravatar.com\/avatar\/3a8de04a2656d44082be478bd6c086daa447c4651605818287b9532d3d0bd435?s=96&d=mm&r=g","url":"https:\/\/secure.gravatar.com\/avatar\/3a8de04a2656d44082be478bd6c086daa447c4651605818287b9532d3d0bd435?s=96&d=mm&r=g","contentUrl":"https:\/\/secure.gravatar.com\/avatar\/3a8de04a2656d44082be478bd6c086daa447c4651605818287b9532d3d0bd435?s=96&d=mm&r=g","caption":"Lo viste en Los Pol\u00edticos"},"url":"https:\/\/lospoliticosveracruz.com\/?author=2"}]}},"_links":{"self":[{"href":"https:\/\/lospoliticosveracruz.com\/index.php?rest_route=\/wp\/v2\/posts\/155404","targetHints":{"allow":["GET"]}}],"collection":[{"href":"https:\/\/lospoliticosveracruz.com\/index.php?rest_route=\/wp\/v2\/posts"}],"about":[{"href":"https:\/\/lospoliticosveracruz.com\/index.php?rest_route=\/wp\/v2\/types\/post"}],"author":[{"embeddable":true,"href":"https:\/\/lospoliticosveracruz.com\/index.php?rest_route=\/wp\/v2\/users\/2"}],"replies":[{"embeddable":true,"href":"https:\/\/lospoliticosveracruz.com\/index.php?rest_route=%2Fwp%2Fv2%2Fcomments&post=155404"}],"version-history":[{"count":2,"href":"https:\/\/lospoliticosveracruz.com\/index.php?rest_route=\/wp\/v2\/posts\/155404\/revisions"}],"predecessor-version":[{"id":155407,"href":"https:\/\/lospoliticosveracruz.com\/index.php?rest_route=\/wp\/v2\/posts\/155404\/revisions\/155407"}],"wp:featuredmedia":[{"embeddable":true,"href":"https:\/\/lospoliticosveracruz.com\/index.php?rest_route=\/wp\/v2\/media\/155405"}],"wp:attachment":[{"href":"https:\/\/lospoliticosveracruz.com\/index.php?rest_route=%2Fwp%2Fv2%2Fmedia&parent=155404"}],"wp:term":[{"taxonomy":"category","embeddable":true,"href":"https:\/\/lospoliticosveracruz.com\/index.php?rest_route=%2Fwp%2Fv2%2Fcategories&post=155404"},{"taxonomy":"post_tag","embeddable":true,"href":"https:\/\/lospoliticosveracruz.com\/index.php?rest_route=%2Fwp%2Fv2%2Ftags&post=155404"}],"curies":[{"name":"wp","href":"https:\/\/api.w.org\/{rel}","templated":true}]}}