{"id":15544,"date":"2015-03-30T11:32:00","date_gmt":"2015-03-30T17:32:00","guid":{"rendered":"http:\/\/www.lospoliticosveracruz.com.mx\/?p=15544"},"modified":"2015-03-30T11:32:00","modified_gmt":"2015-03-30T17:32:00","slug":"la-caida","status":"publish","type":"post","link":"https:\/\/lospoliticosveracruz.com\/?p=15544","title":{"rendered":"La ca\u00edda"},"content":{"rendered":"<p><a href=\"http:\/\/www.lospoliticosveracruz.com.mx\/wp-content\/uploads\/2015\/03\/javier-duarte-caida.jpg\"><img loading=\"lazy\" decoding=\"async\" class=\"alignnone size-medium wp-image-15486\" src=\"http:\/\/www.lospoliticosveracruz.com.mx\/wp-content\/uploads\/2015\/03\/javier-duarte-caida-300x169.jpg\" alt=\"javier-duarte-caida\" width=\"300\" height=\"169\" \/><\/a><\/p>\n<p><strong>Salvador Mu\u00f1oz\u00a0<\/strong><\/p>\n<p><em> El Color de la Pol\u00edtica<\/em><\/p>\n<p>&nbsp;<\/p>\n<p>Te das cuenta que ya est\u00e1s viejo, cuando la ca\u00edda m\u00e1s importante que tienes en tu memoria hist\u00f3rica es la del Muro de Berl\u00edn.<br \/>\nTe das cuenta que ya est\u00e1s viejo, cuando tu hija recuerda la ca\u00edda de Jennifer Lawrence en la entrega de un \u00d3scar.<br \/>\nTe das cuenta que ya est\u00e1s viejo, cuando tu hijo recuerda la ca\u00edda de la Orejona cuando se le zaf\u00f3 la copa a Sergio Ramos, el defensa del Real Madrid\u2026<br \/>\nNo cabe duda que hay de ca\u00eddas a ca\u00eddas. Quiz\u00e1s la m\u00e1s c\u00e9lebre en el mundo capitalista fue la de Fidel Castro all\u00e1, entre el 2002 y 2004\u2026 no recuerdo. La broma: \u00a1Cae Fidel Castro!<br \/>\nLa monarqu\u00eda igual sufri\u00f3 esa p\u00e9rdida de piso cuando en 2007, Juan Carlos de Borb\u00f3n se fue de bruces lo que parec\u00eda ser una premonici\u00f3n de su abdicaci\u00f3n como Rey de Espa\u00f1a.<br \/>\nEl Chirinazo. Durante el sexenio de Patricio Chirinos, motivo de burlas y mofa porque cre\u00edan que el Gobernador se hab\u00eda resbalado con una c\u00e1scara de whisky.<br \/>\nY hoy, Javier Duarte de Ochoa&#8230; La broma: Sucumbe Gobernador ante la Ley\u2026 de gravedad. Lo cierto es que la euforia de los ni\u00f1os que lo rodean lo llev\u00f3 al suelo. Lo mejor: el sentido del humor con que lo tom\u00f3: \u201c\u00a1Qu\u00e9 put\u2026 me di!\u201d habr\u00eda comentado en corto, entre risas, a amigos y colaboradores.<br \/>\nPero si de \u201cput&#8230;zos\u201d se trata, ni el de Juan Carlos, Chirinos, Duarte, Castro tiene parang\u00f3n con el que se dio Juan Gabriel\u2026 \u00a1\u00e9se s\u00ed es \u201cput&#8230;zo\u201d!<\/p>\n","protected":false},"excerpt":{"rendered":"<p>Salvador Mu\u00f1oz\u00a0 El Color de la Pol\u00edtica &nbsp; Te das cuenta que ya est\u00e1s viejo, cuando la ca\u00edda m\u00e1s importante que tienes en tu memoria hist\u00f3rica es la del Muro de Berl\u00edn. Te das cuenta que ya est\u00e1s viejo, cuando tu hija recuerda la ca\u00edda de Jennifer Lawrence en la entrega de un \u00d3scar. Te [&hellip;]<\/p>\n","protected":false},"author":2,"featured_media":0,"comment_status":"open","ping_status":"open","sticky":false,"template":"","format":"standard","meta":{"tdm_status":"","tdm_grid_status":"","footnotes":""},"categories":[74],"tags":[2264,2265,260,2262,2266,925,1511,2263],"class_list":{"0":"post-15544","1":"post","2":"type-post","3":"status-publish","4":"format-standard","6":"category-lavadero","7":"tag-caida","8":"tag-fidel-castro","9":"tag-javier-duarte-de-ochoa","10":"tag-jennifer-lawrence","11":"tag-juan-gabriel","12":"tag-muro-de-berlin","13":"tag-patricio-chirinos","14":"tag-sergio-ramos"},"yoast_head":"<!-- This site is optimized with the Yoast SEO plugin v27.4 - https:\/\/yoast.com\/product\/yoast-seo-wordpress\/ -->\n<title>La ca\u00edda - Los pol\u00edticos Veracruz<\/title>\n<meta name=\"robots\" content=\"index, follow, max-snippet:-1, max-image-preview:large, max-video-preview:-1\" \/>\n<link rel=\"canonical\" href=\"https:\/\/lospoliticosveracruz.com\/?p=15544\" \/>\n<meta property=\"og:locale\" content=\"es_ES\" \/>\n<meta property=\"og:type\" content=\"article\" \/>\n<meta property=\"og:title\" content=\"La ca\u00edda - Los pol\u00edticos Veracruz\" \/>\n<meta property=\"og:description\" content=\"Salvador Mu\u00f1oz\u00a0 El Color de la Pol\u00edtica &nbsp; Te das cuenta que ya est\u00e1s viejo, cuando la ca\u00edda m\u00e1s importante que tienes en tu memoria hist\u00f3rica es la del Muro de Berl\u00edn. Te das cuenta que ya est\u00e1s viejo, cuando tu hija recuerda la ca\u00edda de Jennifer Lawrence en la entrega de un \u00d3scar. Te [&hellip;]\" \/>\n<meta property=\"og:url\" content=\"https:\/\/lospoliticosveracruz.com\/?p=15544\" \/>\n<meta property=\"og:site_name\" content=\"Los pol\u00edticos Veracruz\" \/>\n<meta property=\"article:publisher\" content=\"https:\/\/www.facebook.com\/people\/Notimemes-de-los-Polticos\/61565672886568\/\" \/>\n<meta property=\"article:published_time\" content=\"2015-03-30T17:32:00+00:00\" \/>\n<meta property=\"og:image\" content=\"http:\/\/www.lospoliticosveracruz.com.mx\/wp-content\/uploads\/2015\/03\/javier-duarte-caida-300x169.jpg\" \/>\n<meta name=\"author\" content=\"Lo viste en Los Pol\u00edticos\" \/>\n<meta name=\"twitter:card\" content=\"summary_large_image\" \/>\n<meta name=\"twitter:creator\" content=\"@LosPoliticosVer\" \/>\n<meta name=\"twitter:site\" content=\"@LosPoliticosVer\" \/>\n<meta name=\"twitter:label1\" content=\"Escrito por\" \/>\n\t<meta name=\"twitter:data1\" content=\"Lo viste en Los Pol\u00edticos\" \/>\n\t<meta name=\"twitter:label2\" content=\"Tiempo de lectura\" \/>\n\t<meta name=\"twitter:data2\" content=\"1 minuto\" \/>\n<script type=\"application\/ld+json\" class=\"yoast-schema-graph\">{\"@context\":\"https:\\\/\\\/schema.org\",\"@graph\":[{\"@type\":\"Article\",\"@id\":\"https:\\\/\\\/lospoliticosveracruz.com\\\/?p=15544#article\",\"isPartOf\":{\"@id\":\"https:\\\/\\\/lospoliticosveracruz.com\\\/?p=15544\"},\"author\":{\"name\":\"Lo viste en Los Pol\u00edticos\",\"@id\":\"https:\\\/\\\/lospoliticosveracruz.com\\\/#\\\/schema\\\/person\\\/b8702bb0e538456e6efd07080bf2a4a2\"},\"headline\":\"La ca\u00edda\",\"datePublished\":\"2015-03-30T17:32:00+00:00\",\"mainEntityOfPage\":{\"@id\":\"https:\\\/\\\/lospoliticosveracruz.com\\\/?p=15544\"},\"wordCount\":290,\"commentCount\":0,\"publisher\":{\"@id\":\"https:\\\/\\\/lospoliticosveracruz.com\\\/#organization\"},\"image\":{\"@id\":\"https:\\\/\\\/lospoliticosveracruz.com\\\/?p=15544#primaryimage\"},\"thumbnailUrl\":\"http:\\\/\\\/www.lospoliticosveracruz.com.mx\\\/wp-content\\\/uploads\\\/2015\\\/03\\\/javier-duarte-caida-300x169.jpg\",\"keywords\":[\"ca\u00edda\",\"Fidel Castro\",\"Javier Duarte de Ochoa\",\"Jennifer Lawrence\",\"Juan Gabriel\",\"Muro de Berl\u00edn\",\"Patricio Chirinos\",\"Sergio Ramos\"],\"articleSection\":[\"Lavadero\"],\"inLanguage\":\"es\",\"potentialAction\":[{\"@type\":\"CommentAction\",\"name\":\"Comment\",\"target\":[\"https:\\\/\\\/lospoliticosveracruz.com\\\/?p=15544#respond\"]}]},{\"@type\":\"WebPage\",\"@id\":\"https:\\\/\\\/lospoliticosveracruz.com\\\/?p=15544\",\"url\":\"https:\\\/\\\/lospoliticosveracruz.com\\\/?p=15544\",\"name\":\"La ca\u00edda - Los pol\u00edticos Veracruz\",\"isPartOf\":{\"@id\":\"https:\\\/\\\/lospoliticosveracruz.com\\\/#website\"},\"primaryImageOfPage\":{\"@id\":\"https:\\\/\\\/lospoliticosveracruz.com\\\/?p=15544#primaryimage\"},\"image\":{\"@id\":\"https:\\\/\\\/lospoliticosveracruz.com\\\/?p=15544#primaryimage\"},\"thumbnailUrl\":\"http:\\\/\\\/www.lospoliticosveracruz.com.mx\\\/wp-content\\\/uploads\\\/2015\\\/03\\\/javier-duarte-caida-300x169.jpg\",\"datePublished\":\"2015-03-30T17:32:00+00:00\",\"breadcrumb\":{\"@id\":\"https:\\\/\\\/lospoliticosveracruz.com\\\/?p=15544#breadcrumb\"},\"inLanguage\":\"es\",\"potentialAction\":[{\"@type\":\"ReadAction\",\"target\":[\"https:\\\/\\\/lospoliticosveracruz.com\\\/?p=15544\"]}]},{\"@type\":\"ImageObject\",\"inLanguage\":\"es\",\"@id\":\"https:\\\/\\\/lospoliticosveracruz.com\\\/?p=15544#primaryimage\",\"url\":\"http:\\\/\\\/www.lospoliticosveracruz.com.mx\\\/wp-content\\\/uploads\\\/2015\\\/03\\\/javier-duarte-caida-300x169.jpg\",\"contentUrl\":\"http:\\\/\\\/www.lospoliticosveracruz.com.mx\\\/wp-content\\\/uploads\\\/2015\\\/03\\\/javier-duarte-caida-300x169.jpg\"},{\"@type\":\"BreadcrumbList\",\"@id\":\"https:\\\/\\\/lospoliticosveracruz.com\\\/?p=15544#breadcrumb\",\"itemListElement\":[{\"@type\":\"ListItem\",\"position\":1,\"name\":\"Portada\",\"item\":\"https:\\\/\\\/lospoliticosveracruz.com\\\/\"},{\"@type\":\"ListItem\",\"position\":2,\"name\":\"La ca\u00edda\"}]},{\"@type\":\"WebSite\",\"@id\":\"https:\\\/\\\/lospoliticosveracruz.com\\\/#website\",\"url\":\"https:\\\/\\\/lospoliticosveracruz.com\\\/\",\"name\":\"Los pol\u00edticos Veracruz\",\"description\":\"\",\"publisher\":{\"@id\":\"https:\\\/\\\/lospoliticosveracruz.com\\\/#organization\"},\"potentialAction\":[{\"@type\":\"SearchAction\",\"target\":{\"@type\":\"EntryPoint\",\"urlTemplate\":\"https:\\\/\\\/lospoliticosveracruz.com\\\/?s={search_term_string}\"},\"query-input\":{\"@type\":\"PropertyValueSpecification\",\"valueRequired\":true,\"valueName\":\"search_term_string\"}}],\"inLanguage\":\"es\"},{\"@type\":\"Organization\",\"@id\":\"https:\\\/\\\/lospoliticosveracruz.com\\\/#organization\",\"name\":\"Los pol\u00edticos Veracruz\",\"url\":\"https:\\\/\\\/lospoliticosveracruz.com\\\/\",\"logo\":{\"@type\":\"ImageObject\",\"inLanguage\":\"es\",\"@id\":\"https:\\\/\\\/lospoliticosveracruz.com\\\/#\\\/schema\\\/logo\\\/image\\\/\",\"url\":\"https:\\\/\\\/lospoliticosveracruz.com\\\/wp-content\\\/uploads\\\/2025\\\/12\\\/Logo-Nuevo-LOS-POLITICOS-1.jpg\",\"contentUrl\":\"https:\\\/\\\/lospoliticosveracruz.com\\\/wp-content\\\/uploads\\\/2025\\\/12\\\/Logo-Nuevo-LOS-POLITICOS-1.jpg\",\"width\":260,\"height\":70,\"caption\":\"Los pol\u00edticos Veracruz\"},\"image\":{\"@id\":\"https:\\\/\\\/lospoliticosveracruz.com\\\/#\\\/schema\\\/logo\\\/image\\\/\"},\"sameAs\":[\"https:\\\/\\\/www.facebook.com\\\/people\\\/Notimemes-de-los-Polticos\\\/61565672886568\\\/\",\"https:\\\/\\\/x.com\\\/LosPoliticosVer\"]},{\"@type\":\"Person\",\"@id\":\"https:\\\/\\\/lospoliticosveracruz.com\\\/#\\\/schema\\\/person\\\/b8702bb0e538456e6efd07080bf2a4a2\",\"name\":\"Lo viste en Los Pol\u00edticos\",\"image\":{\"@type\":\"ImageObject\",\"inLanguage\":\"es\",\"@id\":\"https:\\\/\\\/secure.gravatar.com\\\/avatar\\\/3a8de04a2656d44082be478bd6c086daa447c4651605818287b9532d3d0bd435?s=96&d=mm&r=g\",\"url\":\"https:\\\/\\\/secure.gravatar.com\\\/avatar\\\/3a8de04a2656d44082be478bd6c086daa447c4651605818287b9532d3d0bd435?s=96&d=mm&r=g\",\"contentUrl\":\"https:\\\/\\\/secure.gravatar.com\\\/avatar\\\/3a8de04a2656d44082be478bd6c086daa447c4651605818287b9532d3d0bd435?s=96&d=mm&r=g\",\"caption\":\"Lo viste en Los Pol\u00edticos\"},\"url\":\"https:\\\/\\\/lospoliticosveracruz.com\\\/?author=2\"}]}<\/script>\n<!-- \/ Yoast SEO plugin. -->","yoast_head_json":{"title":"La ca\u00edda - Los pol\u00edticos Veracruz","robots":{"index":"index","follow":"follow","max-snippet":"max-snippet:-1","max-image-preview":"max-image-preview:large","max-video-preview":"max-video-preview:-1"},"canonical":"https:\/\/lospoliticosveracruz.com\/?p=15544","og_locale":"es_ES","og_type":"article","og_title":"La ca\u00edda - Los pol\u00edticos Veracruz","og_description":"Salvador Mu\u00f1oz\u00a0 El Color de la Pol\u00edtica &nbsp; Te das cuenta que ya est\u00e1s viejo, cuando la ca\u00edda m\u00e1s importante que tienes en tu memoria hist\u00f3rica es la del Muro de Berl\u00edn. Te das cuenta que ya est\u00e1s viejo, cuando tu hija recuerda la ca\u00edda de Jennifer Lawrence en la entrega de un \u00d3scar. Te [&hellip;]","og_url":"https:\/\/lospoliticosveracruz.com\/?p=15544","og_site_name":"Los pol\u00edticos Veracruz","article_publisher":"https:\/\/www.facebook.com\/people\/Notimemes-de-los-Polticos\/61565672886568\/","article_published_time":"2015-03-30T17:32:00+00:00","og_image":[{"url":"http:\/\/www.lospoliticosveracruz.com.mx\/wp-content\/uploads\/2015\/03\/javier-duarte-caida-300x169.jpg","type":"","width":"","height":""}],"author":"Lo viste en Los Pol\u00edticos","twitter_card":"summary_large_image","twitter_creator":"@LosPoliticosVer","twitter_site":"@LosPoliticosVer","twitter_misc":{"Escrito por":"Lo viste en Los Pol\u00edticos","Tiempo de lectura":"1 minuto"},"schema":{"@context":"https:\/\/schema.org","@graph":[{"@type":"Article","@id":"https:\/\/lospoliticosveracruz.com\/?p=15544#article","isPartOf":{"@id":"https:\/\/lospoliticosveracruz.com\/?p=15544"},"author":{"name":"Lo viste en Los Pol\u00edticos","@id":"https:\/\/lospoliticosveracruz.com\/#\/schema\/person\/b8702bb0e538456e6efd07080bf2a4a2"},"headline":"La ca\u00edda","datePublished":"2015-03-30T17:32:00+00:00","mainEntityOfPage":{"@id":"https:\/\/lospoliticosveracruz.com\/?p=15544"},"wordCount":290,"commentCount":0,"publisher":{"@id":"https:\/\/lospoliticosveracruz.com\/#organization"},"image":{"@id":"https:\/\/lospoliticosveracruz.com\/?p=15544#primaryimage"},"thumbnailUrl":"http:\/\/www.lospoliticosveracruz.com.mx\/wp-content\/uploads\/2015\/03\/javier-duarte-caida-300x169.jpg","keywords":["ca\u00edda","Fidel Castro","Javier Duarte de Ochoa","Jennifer Lawrence","Juan Gabriel","Muro de Berl\u00edn","Patricio Chirinos","Sergio Ramos"],"articleSection":["Lavadero"],"inLanguage":"es","potentialAction":[{"@type":"CommentAction","name":"Comment","target":["https:\/\/lospoliticosveracruz.com\/?p=15544#respond"]}]},{"@type":"WebPage","@id":"https:\/\/lospoliticosveracruz.com\/?p=15544","url":"https:\/\/lospoliticosveracruz.com\/?p=15544","name":"La ca\u00edda - Los pol\u00edticos Veracruz","isPartOf":{"@id":"https:\/\/lospoliticosveracruz.com\/#website"},"primaryImageOfPage":{"@id":"https:\/\/lospoliticosveracruz.com\/?p=15544#primaryimage"},"image":{"@id":"https:\/\/lospoliticosveracruz.com\/?p=15544#primaryimage"},"thumbnailUrl":"http:\/\/www.lospoliticosveracruz.com.mx\/wp-content\/uploads\/2015\/03\/javier-duarte-caida-300x169.jpg","datePublished":"2015-03-30T17:32:00+00:00","breadcrumb":{"@id":"https:\/\/lospoliticosveracruz.com\/?p=15544#breadcrumb"},"inLanguage":"es","potentialAction":[{"@type":"ReadAction","target":["https:\/\/lospoliticosveracruz.com\/?p=15544"]}]},{"@type":"ImageObject","inLanguage":"es","@id":"https:\/\/lospoliticosveracruz.com\/?p=15544#primaryimage","url":"http:\/\/www.lospoliticosveracruz.com.mx\/wp-content\/uploads\/2015\/03\/javier-duarte-caida-300x169.jpg","contentUrl":"http:\/\/www.lospoliticosveracruz.com.mx\/wp-content\/uploads\/2015\/03\/javier-duarte-caida-300x169.jpg"},{"@type":"BreadcrumbList","@id":"https:\/\/lospoliticosveracruz.com\/?p=15544#breadcrumb","itemListElement":[{"@type":"ListItem","position":1,"name":"Portada","item":"https:\/\/lospoliticosveracruz.com\/"},{"@type":"ListItem","position":2,"name":"La ca\u00edda"}]},{"@type":"WebSite","@id":"https:\/\/lospoliticosveracruz.com\/#website","url":"https:\/\/lospoliticosveracruz.com\/","name":"Los pol\u00edticos Veracruz","description":"","publisher":{"@id":"https:\/\/lospoliticosveracruz.com\/#organization"},"potentialAction":[{"@type":"SearchAction","target":{"@type":"EntryPoint","urlTemplate":"https:\/\/lospoliticosveracruz.com\/?s={search_term_string}"},"query-input":{"@type":"PropertyValueSpecification","valueRequired":true,"valueName":"search_term_string"}}],"inLanguage":"es"},{"@type":"Organization","@id":"https:\/\/lospoliticosveracruz.com\/#organization","name":"Los pol\u00edticos Veracruz","url":"https:\/\/lospoliticosveracruz.com\/","logo":{"@type":"ImageObject","inLanguage":"es","@id":"https:\/\/lospoliticosveracruz.com\/#\/schema\/logo\/image\/","url":"https:\/\/lospoliticosveracruz.com\/wp-content\/uploads\/2025\/12\/Logo-Nuevo-LOS-POLITICOS-1.jpg","contentUrl":"https:\/\/lospoliticosveracruz.com\/wp-content\/uploads\/2025\/12\/Logo-Nuevo-LOS-POLITICOS-1.jpg","width":260,"height":70,"caption":"Los pol\u00edticos Veracruz"},"image":{"@id":"https:\/\/lospoliticosveracruz.com\/#\/schema\/logo\/image\/"},"sameAs":["https:\/\/www.facebook.com\/people\/Notimemes-de-los-Polticos\/61565672886568\/","https:\/\/x.com\/LosPoliticosVer"]},{"@type":"Person","@id":"https:\/\/lospoliticosveracruz.com\/#\/schema\/person\/b8702bb0e538456e6efd07080bf2a4a2","name":"Lo viste en Los Pol\u00edticos","image":{"@type":"ImageObject","inLanguage":"es","@id":"https:\/\/secure.gravatar.com\/avatar\/3a8de04a2656d44082be478bd6c086daa447c4651605818287b9532d3d0bd435?s=96&d=mm&r=g","url":"https:\/\/secure.gravatar.com\/avatar\/3a8de04a2656d44082be478bd6c086daa447c4651605818287b9532d3d0bd435?s=96&d=mm&r=g","contentUrl":"https:\/\/secure.gravatar.com\/avatar\/3a8de04a2656d44082be478bd6c086daa447c4651605818287b9532d3d0bd435?s=96&d=mm&r=g","caption":"Lo viste en Los Pol\u00edticos"},"url":"https:\/\/lospoliticosveracruz.com\/?author=2"}]}},"_links":{"self":[{"href":"https:\/\/lospoliticosveracruz.com\/index.php?rest_route=\/wp\/v2\/posts\/15544","targetHints":{"allow":["GET"]}}],"collection":[{"href":"https:\/\/lospoliticosveracruz.com\/index.php?rest_route=\/wp\/v2\/posts"}],"about":[{"href":"https:\/\/lospoliticosveracruz.com\/index.php?rest_route=\/wp\/v2\/types\/post"}],"author":[{"embeddable":true,"href":"https:\/\/lospoliticosveracruz.com\/index.php?rest_route=\/wp\/v2\/users\/2"}],"replies":[{"embeddable":true,"href":"https:\/\/lospoliticosveracruz.com\/index.php?rest_route=%2Fwp%2Fv2%2Fcomments&post=15544"}],"version-history":[{"count":1,"href":"https:\/\/lospoliticosveracruz.com\/index.php?rest_route=\/wp\/v2\/posts\/15544\/revisions"}],"predecessor-version":[{"id":15545,"href":"https:\/\/lospoliticosveracruz.com\/index.php?rest_route=\/wp\/v2\/posts\/15544\/revisions\/15545"}],"wp:attachment":[{"href":"https:\/\/lospoliticosveracruz.com\/index.php?rest_route=%2Fwp%2Fv2%2Fmedia&parent=15544"}],"wp:term":[{"taxonomy":"category","embeddable":true,"href":"https:\/\/lospoliticosveracruz.com\/index.php?rest_route=%2Fwp%2Fv2%2Fcategories&post=15544"},{"taxonomy":"post_tag","embeddable":true,"href":"https:\/\/lospoliticosveracruz.com\/index.php?rest_route=%2Fwp%2Fv2%2Ftags&post=15544"}],"curies":[{"name":"wp","href":"https:\/\/api.w.org\/{rel}","templated":true}]}}