{"id":155459,"date":"2025-10-28T21:28:44","date_gmt":"2025-10-29T03:28:44","guid":{"rendered":"https:\/\/lospoliticosveracruz.com.mx\/?p=155459"},"modified":"2025-10-28T21:31:38","modified_gmt":"2025-10-29T03:31:38","slug":"mas-que-un-politico-soy-un-ser-humano","status":"publish","type":"post","link":"https:\/\/lospoliticosveracruz.com\/?p=155459","title":{"rendered":"M\u00c1S QUE UN POL\u00cdTICO, SOY UN SER HUMANO!"},"content":{"rendered":"\n<p><strong>Miguel Valera<\/strong><br><em>Contrase\u00f1as<\/em><\/p>\n\n\n\n<p>En el d\u00eda de San Judas Tadeo, abogado de las causas dif\u00edciles, el&nbsp;Tribunal de Disciplina Judicial de Veracruz&nbsp;\u2014una instancia creada recientemente con la reforma al Poder Judicial, para vigilar a los juzgadores\u2014 suspendi\u00f3&nbsp;al juez de primera instancia en materia penal,&nbsp;<strong>Fernando Velasco Luna<\/strong>, por presuntos hechos de corrupci\u00f3n, luego de haber dictado sentencia en contra de una persona, sin pruebas suficientes que demostraran su culpabilidad.<\/p>\n\n\n\n\n\n<p>Dos d\u00edas antes, un integrante de este Tribunal,&nbsp;el Magistrado&nbsp;<strong>Humberto de Jes\u00fas&nbsp;<\/strong><strong>Sulvar\u00e1n<\/strong><strong>&nbsp;L\u00f3pez<\/strong>&nbsp;estuvo con los integrantes de la Asociaci\u00f3n de Comunicadores del Estado de Veracruz (ACOVER), que preside el abogado y periodista&nbsp;<strong>Melit\u00f3n Morales Dom\u00ednguez<\/strong>, para agradecer a los comunicadores la cobertura que se le dio en su campa\u00f1a previo a la elecci\u00f3n de aquel hist\u00f3rico domingo 1 de julio.&nbsp;<\/p>\n\n\n\n<p>\u201cS\u00f3lo vine a agradecerles su cobertura en campa\u00f1a\u201d, dijo el abogado,&nbsp;con apenas 31 a\u00f1os de edad, el juzgador m\u00e1s joven del&nbsp;Tribunal de Disciplina Judicial de Veracruz. \u201cM\u00e1s que un pol\u00edtico soy&nbsp;un ser humano\u201d, contest\u00f3 el ex colaborador de la Magistrada&nbsp;<strong>Eva Barrientos Zepeda<\/strong>, quien fue a la jornada comicial y recibi\u00f3 la confianza del electorado veracruzano.<\/p>\n\n\n\n<p>\u201cLa verdad no cre\u00ed que fueras a ganar\u201d, le dijo directo, abierto, franco, el ex director de&nbsp;<em>Diario de Xalapa<\/em>,&nbsp;<strong>Jos\u00e9 Valencia S\u00e1nchez<\/strong>. \u201c\u00a1Te felicito! Sigue igual de sencillo\u201d,&nbsp;a\u00f1adi\u00f3, al destacar tambi\u00e9n su forma de contestar, sin rodeo de palabras o circunloquios. \u201cCuando compites el NO siempre est\u00e1 ah\u00ed. Llevo 10 a\u00f1os trabajando en materia de justicia electoral. Disciplina y responsabilidad ha sido mi compromiso. Cuando arranqu\u00e9 la campa\u00f1a ten\u00eda el NO, desde el 7 de febrero. En las urnas recib\u00ed el SI. Fui impugnado y la resoluci\u00f3n final me favoreci\u00f3. Estoy agradecido y comprometido con el electorado\u201d, coment\u00f3.<\/p>\n\n\n\n<p>El comunicador&nbsp;<strong>Carlos Jes\u00fas Rodr\u00edguez&nbsp;<\/strong><strong>Rodr\u00edguez<\/strong>&nbsp;le puso sabor al caldo al preguntarle sobre los presuntos conflictos al interior del Poder Judicial, entre, por ejemplo, la presidenta&nbsp;<strong>Rosalba Hern\u00e1ndez&nbsp;<\/strong><strong>Hern\u00e1ndez<\/strong>&nbsp;y&nbsp;<strong>Alma Rosa Flores Ceballos<\/strong>,&nbsp;Presidenta&nbsp;e integrante del \u00d3rgano de Administraci\u00f3n del Poder Judicial del Estado de Veracruz.&nbsp;<\/p>\n\n\n\n<p>\u2014\u00bfEs posible mejorar la justicia, aprobar reglamentos, emitir acuerdos para optimizar el funcionamiento del Poder&nbsp;Judicial&nbsp;cuando la presidenta es t\u00e1citamente minimizada por&nbsp;<strong>Alma Rosa Flores<\/strong>&nbsp;de tal suerte que ni siquiera la tom\u00f3 en cuenta en la ayuda que se llev\u00f3 al Norte del estado y se erigi\u00f3 ella como la gran benefactora? \u00bfQu\u00e9 opini\u00f3n tiene usted?, lanz\u00f3 el comunicador.<\/p>\n\n\n\n<p>El Magistrado&nbsp;<strong>Humberto de Jes\u00fas&nbsp;<\/strong><strong>Sulvar\u00e1n<\/strong><strong>&nbsp;L\u00f3pez<\/strong>&nbsp;fue claro al se\u00f1alar que todo cambio trae cosas buenas y diferencias, \u201cas\u00ed que&nbsp;respecto a ello lo \u00fanico que puedo decir es que con el paso del tiempo se dir\u00e1. El trabajo en equipo se va a ir dando entre todas las presidencias, organismos y tribunales as\u00ed que no encuentro alg\u00fan problema que pueda haber sino que se va a seguir trabajando en equipo. Como todo cambio es algo natural en donde puede haber diferencias y buenos tratos y eso no tiene que ver que el Poder Judicial tenga alg\u00fan conflicto sino que es un trabajo en equipo y que poco a poco se va a ir trabajando para el bienestar de la ciudadan\u00eda veracruzana\u201d.<\/p>\n\n\n\n<p>Dijo que en la nueva composici\u00f3n que tiene el Tribunal Superior de Justicia hay buena comunicaci\u00f3n entre las cuatro titulares. \u201cS\u00ed hay mucha comunicaci\u00f3n entre las cuatro presidentas del Poder Judicial.&nbsp;Apenas llevamos mes y medio, casi dos y creo que es muy temprano para decir que hay mucho conflicto en el Poder Judicial.&nbsp;Yo creo que vamos a buen paso y vamos a ir haciendo las mejoras correspondientes\u201d, destac\u00f3.<\/p>\n\n\n\n<p>El compa\u00f1ero&nbsp;<strong>Jes\u00fas V\u00e1zquez Pino<\/strong>, de Voz plural, le pregunt\u00f3 si esta nueva funci\u00f3n tiene que ver con ser verdugos. El Magistrado respondi\u00f3, refiri\u00e9ndose a la naturaleza de esta nueva instancia del Poder Judicial: \u201cNo somos verdugos. Somos servidores p\u00fablicos. Nuestro trabajo es evaluar el desempe\u00f1o de las personas juzgadoras, hacer las observaciones correspondientes y posteriormente el \u00e1rea de Responsabilidades administrativas llevar\u00e1 un estudio para la sanci\u00f3n correspondiente. M\u00e1s que nada, no ser verdugos. Nuestro trabajo es para las mejoras que deben tener todas las personas juzgadoras y en beneficio de la ciudadan\u00eda veracruzana\u201d.&nbsp;<\/p>\n\n\n\n<p>El joven Magistrado,&nbsp;egresado de la Licenciatura en Derecho por la Universidad Veracruzana, con estudios&nbsp;en la Universidad San Sebasti\u00e1n en Santiago de Chile,con&nbsp;una s\u00f3lida trayectoria de diez a\u00f1os en los \u00e1mbitos administrativo y judicial electoral&nbsp;contest\u00f3 conciso, preciso y macizo a las preguntas de los comunicadores. Dijo contundente tambi\u00e9n que no tiene cola que le pisen, que no se vende, porque su honestidad no tiene precio y que en la instancia judicial hay libertad plena para el ejercicio de sus funciones, sin presiones de los poderes Legislativo o Ejecutivo.&nbsp;<\/p>\n\n\n\n<p><strong>@MValeraH<\/strong><\/p>\n","protected":false},"excerpt":{"rendered":"<p>Miguel ValeraContrase\u00f1as En el d\u00eda de San Judas Tadeo, abogado de las causas dif\u00edciles, el&nbsp;Tribunal de Disciplina Judicial de Veracruz&nbsp;\u2014una instancia creada recientemente con la reforma al Poder Judicial, para vigilar a los juzgadores\u2014 suspendi\u00f3&nbsp;al juez de primera instancia en materia penal,&nbsp;Fernando Velasco Luna, por presuntos hechos de corrupci\u00f3n, luego de haber dictado sentencia en [&hellip;]<\/p>\n","protected":false},"author":2,"featured_media":141429,"comment_status":"closed","ping_status":"closed","sticky":false,"template":"","format":"standard","meta":{"tdm_status":"","tdm_grid_status":"","footnotes":""},"categories":[70],"tags":[46887,3589],"class_list":{"0":"post-155459","1":"post","2":"type-post","3":"status-publish","4":"format-standard","5":"has-post-thumbnail","7":"category-de-opinion","8":"tag-humberto-de-jesus-sulvaran-lopez","9":"tag-meliton-morales-dominguez"},"yoast_head":"<!-- This site is optimized with the Yoast SEO plugin v27.4 - https:\/\/yoast.com\/product\/yoast-seo-wordpress\/ -->\n<title>M\u00c1S QUE UN POL\u00cdTICO, SOY UN SER HUMANO! - Los pol\u00edticos Veracruz<\/title>\n<meta name=\"robots\" content=\"index, follow, max-snippet:-1, max-image-preview:large, max-video-preview:-1\" \/>\n<link rel=\"canonical\" href=\"https:\/\/lospoliticosveracruz.com\/?p=155459\" \/>\n<meta property=\"og:locale\" content=\"es_ES\" \/>\n<meta property=\"og:type\" content=\"article\" \/>\n<meta property=\"og:title\" content=\"M\u00c1S QUE UN POL\u00cdTICO, SOY UN SER HUMANO! - Los pol\u00edticos Veracruz\" \/>\n<meta property=\"og:description\" content=\"Miguel ValeraContrase\u00f1as En el d\u00eda de San Judas Tadeo, abogado de las causas dif\u00edciles, el&nbsp;Tribunal de Disciplina Judicial de Veracruz&nbsp;\u2014una instancia creada recientemente con la reforma al Poder Judicial, para vigilar a los juzgadores\u2014 suspendi\u00f3&nbsp;al juez de primera instancia en materia penal,&nbsp;Fernando Velasco Luna, por presuntos hechos de corrupci\u00f3n, luego de haber dictado sentencia en [&hellip;]\" \/>\n<meta property=\"og:url\" content=\"https:\/\/lospoliticosveracruz.com\/?p=155459\" \/>\n<meta property=\"og:site_name\" content=\"Los pol\u00edticos Veracruz\" \/>\n<meta property=\"article:publisher\" content=\"https:\/\/www.facebook.com\/people\/Notimemes-de-los-Polticos\/61565672886568\/\" \/>\n<meta property=\"article:published_time\" content=\"2025-10-29T03:28:44+00:00\" \/>\n<meta property=\"article:modified_time\" content=\"2025-10-29T03:31:38+00:00\" \/>\n<meta property=\"og:image\" content=\"https:\/\/lospoliticosveracruz.com\/wp-content\/uploads\/2025\/04\/Miguel-Valera.jpg\" \/>\n\t<meta property=\"og:image:width\" content=\"1250\" \/>\n\t<meta property=\"og:image:height\" content=\"667\" \/>\n\t<meta property=\"og:image:type\" content=\"image\/jpeg\" \/>\n<meta name=\"author\" content=\"Lo viste en Los Pol\u00edticos\" \/>\n<meta name=\"twitter:card\" content=\"summary_large_image\" \/>\n<meta name=\"twitter:creator\" content=\"@LosPoliticosVer\" \/>\n<meta name=\"twitter:site\" content=\"@LosPoliticosVer\" \/>\n<meta name=\"twitter:label1\" content=\"Escrito por\" \/>\n\t<meta name=\"twitter:data1\" content=\"Lo viste en Los Pol\u00edticos\" \/>\n\t<meta name=\"twitter:label2\" content=\"Tiempo de lectura\" \/>\n\t<meta name=\"twitter:data2\" content=\"4 minutos\" \/>\n<script type=\"application\/ld+json\" class=\"yoast-schema-graph\">{\"@context\":\"https:\\\/\\\/schema.org\",\"@graph\":[{\"@type\":\"Article\",\"@id\":\"https:\\\/\\\/lospoliticosveracruz.com\\\/?p=155459#article\",\"isPartOf\":{\"@id\":\"https:\\\/\\\/lospoliticosveracruz.com\\\/?p=155459\"},\"author\":{\"name\":\"Lo viste en Los Pol\u00edticos\",\"@id\":\"https:\\\/\\\/lospoliticosveracruz.com\\\/#\\\/schema\\\/person\\\/b8702bb0e538456e6efd07080bf2a4a2\"},\"headline\":\"M\u00c1S QUE UN POL\u00cdTICO, SOY UN SER HUMANO!\",\"datePublished\":\"2025-10-29T03:28:44+00:00\",\"dateModified\":\"2025-10-29T03:31:38+00:00\",\"mainEntityOfPage\":{\"@id\":\"https:\\\/\\\/lospoliticosveracruz.com\\\/?p=155459\"},\"wordCount\":894,\"publisher\":{\"@id\":\"https:\\\/\\\/lospoliticosveracruz.com\\\/#organization\"},\"image\":{\"@id\":\"https:\\\/\\\/lospoliticosveracruz.com\\\/?p=155459#primaryimage\"},\"thumbnailUrl\":\"https:\\\/\\\/lospoliticosveracruz.com\\\/wp-content\\\/uploads\\\/2025\\\/04\\\/Miguel-Valera.jpg\",\"keywords\":[\"Humberto de Jes\u00fas\u00a0Sulvar\u00e1n\u00a0L\u00f3pez\",\"Melit\u00f3n Morales Dom\u00ednguez\"],\"articleSection\":[\"De Opini\u00f3n\"],\"inLanguage\":\"es\"},{\"@type\":\"WebPage\",\"@id\":\"https:\\\/\\\/lospoliticosveracruz.com\\\/?p=155459\",\"url\":\"https:\\\/\\\/lospoliticosveracruz.com\\\/?p=155459\",\"name\":\"M\u00c1S QUE UN POL\u00cdTICO, SOY UN SER HUMANO! - Los pol\u00edticos Veracruz\",\"isPartOf\":{\"@id\":\"https:\\\/\\\/lospoliticosveracruz.com\\\/#website\"},\"primaryImageOfPage\":{\"@id\":\"https:\\\/\\\/lospoliticosveracruz.com\\\/?p=155459#primaryimage\"},\"image\":{\"@id\":\"https:\\\/\\\/lospoliticosveracruz.com\\\/?p=155459#primaryimage\"},\"thumbnailUrl\":\"https:\\\/\\\/lospoliticosveracruz.com\\\/wp-content\\\/uploads\\\/2025\\\/04\\\/Miguel-Valera.jpg\",\"datePublished\":\"2025-10-29T03:28:44+00:00\",\"dateModified\":\"2025-10-29T03:31:38+00:00\",\"breadcrumb\":{\"@id\":\"https:\\\/\\\/lospoliticosveracruz.com\\\/?p=155459#breadcrumb\"},\"inLanguage\":\"es\",\"potentialAction\":[{\"@type\":\"ReadAction\",\"target\":[\"https:\\\/\\\/lospoliticosveracruz.com\\\/?p=155459\"]}]},{\"@type\":\"ImageObject\",\"inLanguage\":\"es\",\"@id\":\"https:\\\/\\\/lospoliticosveracruz.com\\\/?p=155459#primaryimage\",\"url\":\"https:\\\/\\\/lospoliticosveracruz.com\\\/wp-content\\\/uploads\\\/2025\\\/04\\\/Miguel-Valera.jpg\",\"contentUrl\":\"https:\\\/\\\/lospoliticosveracruz.com\\\/wp-content\\\/uploads\\\/2025\\\/04\\\/Miguel-Valera.jpg\",\"width\":1250,\"height\":667},{\"@type\":\"BreadcrumbList\",\"@id\":\"https:\\\/\\\/lospoliticosveracruz.com\\\/?p=155459#breadcrumb\",\"itemListElement\":[{\"@type\":\"ListItem\",\"position\":1,\"name\":\"Portada\",\"item\":\"https:\\\/\\\/lospoliticosveracruz.com\\\/\"},{\"@type\":\"ListItem\",\"position\":2,\"name\":\"M\u00c1S QUE UN POL\u00cdTICO, SOY UN SER HUMANO!\"}]},{\"@type\":\"WebSite\",\"@id\":\"https:\\\/\\\/lospoliticosveracruz.com\\\/#website\",\"url\":\"https:\\\/\\\/lospoliticosveracruz.com\\\/\",\"name\":\"Los pol\u00edticos Veracruz\",\"description\":\"\",\"publisher\":{\"@id\":\"https:\\\/\\\/lospoliticosveracruz.com\\\/#organization\"},\"potentialAction\":[{\"@type\":\"SearchAction\",\"target\":{\"@type\":\"EntryPoint\",\"urlTemplate\":\"https:\\\/\\\/lospoliticosveracruz.com\\\/?s={search_term_string}\"},\"query-input\":{\"@type\":\"PropertyValueSpecification\",\"valueRequired\":true,\"valueName\":\"search_term_string\"}}],\"inLanguage\":\"es\"},{\"@type\":\"Organization\",\"@id\":\"https:\\\/\\\/lospoliticosveracruz.com\\\/#organization\",\"name\":\"Los pol\u00edticos Veracruz\",\"url\":\"https:\\\/\\\/lospoliticosveracruz.com\\\/\",\"logo\":{\"@type\":\"ImageObject\",\"inLanguage\":\"es\",\"@id\":\"https:\\\/\\\/lospoliticosveracruz.com\\\/#\\\/schema\\\/logo\\\/image\\\/\",\"url\":\"https:\\\/\\\/lospoliticosveracruz.com\\\/wp-content\\\/uploads\\\/2025\\\/12\\\/Logo-Nuevo-LOS-POLITICOS-1.jpg\",\"contentUrl\":\"https:\\\/\\\/lospoliticosveracruz.com\\\/wp-content\\\/uploads\\\/2025\\\/12\\\/Logo-Nuevo-LOS-POLITICOS-1.jpg\",\"width\":260,\"height\":70,\"caption\":\"Los pol\u00edticos Veracruz\"},\"image\":{\"@id\":\"https:\\\/\\\/lospoliticosveracruz.com\\\/#\\\/schema\\\/logo\\\/image\\\/\"},\"sameAs\":[\"https:\\\/\\\/www.facebook.com\\\/people\\\/Notimemes-de-los-Polticos\\\/61565672886568\\\/\",\"https:\\\/\\\/x.com\\\/LosPoliticosVer\"]},{\"@type\":\"Person\",\"@id\":\"https:\\\/\\\/lospoliticosveracruz.com\\\/#\\\/schema\\\/person\\\/b8702bb0e538456e6efd07080bf2a4a2\",\"name\":\"Lo viste en Los Pol\u00edticos\",\"image\":{\"@type\":\"ImageObject\",\"inLanguage\":\"es\",\"@id\":\"https:\\\/\\\/secure.gravatar.com\\\/avatar\\\/3a8de04a2656d44082be478bd6c086daa447c4651605818287b9532d3d0bd435?s=96&d=mm&r=g\",\"url\":\"https:\\\/\\\/secure.gravatar.com\\\/avatar\\\/3a8de04a2656d44082be478bd6c086daa447c4651605818287b9532d3d0bd435?s=96&d=mm&r=g\",\"contentUrl\":\"https:\\\/\\\/secure.gravatar.com\\\/avatar\\\/3a8de04a2656d44082be478bd6c086daa447c4651605818287b9532d3d0bd435?s=96&d=mm&r=g\",\"caption\":\"Lo viste en Los Pol\u00edticos\"},\"url\":\"https:\\\/\\\/lospoliticosveracruz.com\\\/?author=2\"}]}<\/script>\n<!-- \/ Yoast SEO plugin. -->","yoast_head_json":{"title":"M\u00c1S QUE UN POL\u00cdTICO, SOY UN SER HUMANO! - Los pol\u00edticos Veracruz","robots":{"index":"index","follow":"follow","max-snippet":"max-snippet:-1","max-image-preview":"max-image-preview:large","max-video-preview":"max-video-preview:-1"},"canonical":"https:\/\/lospoliticosveracruz.com\/?p=155459","og_locale":"es_ES","og_type":"article","og_title":"M\u00c1S QUE UN POL\u00cdTICO, SOY UN SER HUMANO! - Los pol\u00edticos Veracruz","og_description":"Miguel ValeraContrase\u00f1as En el d\u00eda de San Judas Tadeo, abogado de las causas dif\u00edciles, el&nbsp;Tribunal de Disciplina Judicial de Veracruz&nbsp;\u2014una instancia creada recientemente con la reforma al Poder Judicial, para vigilar a los juzgadores\u2014 suspendi\u00f3&nbsp;al juez de primera instancia en materia penal,&nbsp;Fernando Velasco Luna, por presuntos hechos de corrupci\u00f3n, luego de haber dictado sentencia en [&hellip;]","og_url":"https:\/\/lospoliticosveracruz.com\/?p=155459","og_site_name":"Los pol\u00edticos Veracruz","article_publisher":"https:\/\/www.facebook.com\/people\/Notimemes-de-los-Polticos\/61565672886568\/","article_published_time":"2025-10-29T03:28:44+00:00","article_modified_time":"2025-10-29T03:31:38+00:00","og_image":[{"width":1250,"height":667,"url":"https:\/\/lospoliticosveracruz.com\/wp-content\/uploads\/2025\/04\/Miguel-Valera.jpg","type":"image\/jpeg"}],"author":"Lo viste en Los Pol\u00edticos","twitter_card":"summary_large_image","twitter_creator":"@LosPoliticosVer","twitter_site":"@LosPoliticosVer","twitter_misc":{"Escrito por":"Lo viste en Los Pol\u00edticos","Tiempo de lectura":"4 minutos"},"schema":{"@context":"https:\/\/schema.org","@graph":[{"@type":"Article","@id":"https:\/\/lospoliticosveracruz.com\/?p=155459#article","isPartOf":{"@id":"https:\/\/lospoliticosveracruz.com\/?p=155459"},"author":{"name":"Lo viste en Los Pol\u00edticos","@id":"https:\/\/lospoliticosveracruz.com\/#\/schema\/person\/b8702bb0e538456e6efd07080bf2a4a2"},"headline":"M\u00c1S QUE UN POL\u00cdTICO, SOY UN SER HUMANO!","datePublished":"2025-10-29T03:28:44+00:00","dateModified":"2025-10-29T03:31:38+00:00","mainEntityOfPage":{"@id":"https:\/\/lospoliticosveracruz.com\/?p=155459"},"wordCount":894,"publisher":{"@id":"https:\/\/lospoliticosveracruz.com\/#organization"},"image":{"@id":"https:\/\/lospoliticosveracruz.com\/?p=155459#primaryimage"},"thumbnailUrl":"https:\/\/lospoliticosveracruz.com\/wp-content\/uploads\/2025\/04\/Miguel-Valera.jpg","keywords":["Humberto de Jes\u00fas\u00a0Sulvar\u00e1n\u00a0L\u00f3pez","Melit\u00f3n Morales Dom\u00ednguez"],"articleSection":["De Opini\u00f3n"],"inLanguage":"es"},{"@type":"WebPage","@id":"https:\/\/lospoliticosveracruz.com\/?p=155459","url":"https:\/\/lospoliticosveracruz.com\/?p=155459","name":"M\u00c1S QUE UN POL\u00cdTICO, SOY UN SER HUMANO! - Los pol\u00edticos Veracruz","isPartOf":{"@id":"https:\/\/lospoliticosveracruz.com\/#website"},"primaryImageOfPage":{"@id":"https:\/\/lospoliticosveracruz.com\/?p=155459#primaryimage"},"image":{"@id":"https:\/\/lospoliticosveracruz.com\/?p=155459#primaryimage"},"thumbnailUrl":"https:\/\/lospoliticosveracruz.com\/wp-content\/uploads\/2025\/04\/Miguel-Valera.jpg","datePublished":"2025-10-29T03:28:44+00:00","dateModified":"2025-10-29T03:31:38+00:00","breadcrumb":{"@id":"https:\/\/lospoliticosveracruz.com\/?p=155459#breadcrumb"},"inLanguage":"es","potentialAction":[{"@type":"ReadAction","target":["https:\/\/lospoliticosveracruz.com\/?p=155459"]}]},{"@type":"ImageObject","inLanguage":"es","@id":"https:\/\/lospoliticosveracruz.com\/?p=155459#primaryimage","url":"https:\/\/lospoliticosveracruz.com\/wp-content\/uploads\/2025\/04\/Miguel-Valera.jpg","contentUrl":"https:\/\/lospoliticosveracruz.com\/wp-content\/uploads\/2025\/04\/Miguel-Valera.jpg","width":1250,"height":667},{"@type":"BreadcrumbList","@id":"https:\/\/lospoliticosveracruz.com\/?p=155459#breadcrumb","itemListElement":[{"@type":"ListItem","position":1,"name":"Portada","item":"https:\/\/lospoliticosveracruz.com\/"},{"@type":"ListItem","position":2,"name":"M\u00c1S QUE UN POL\u00cdTICO, SOY UN SER HUMANO!"}]},{"@type":"WebSite","@id":"https:\/\/lospoliticosveracruz.com\/#website","url":"https:\/\/lospoliticosveracruz.com\/","name":"Los pol\u00edticos Veracruz","description":"","publisher":{"@id":"https:\/\/lospoliticosveracruz.com\/#organization"},"potentialAction":[{"@type":"SearchAction","target":{"@type":"EntryPoint","urlTemplate":"https:\/\/lospoliticosveracruz.com\/?s={search_term_string}"},"query-input":{"@type":"PropertyValueSpecification","valueRequired":true,"valueName":"search_term_string"}}],"inLanguage":"es"},{"@type":"Organization","@id":"https:\/\/lospoliticosveracruz.com\/#organization","name":"Los pol\u00edticos Veracruz","url":"https:\/\/lospoliticosveracruz.com\/","logo":{"@type":"ImageObject","inLanguage":"es","@id":"https:\/\/lospoliticosveracruz.com\/#\/schema\/logo\/image\/","url":"https:\/\/lospoliticosveracruz.com\/wp-content\/uploads\/2025\/12\/Logo-Nuevo-LOS-POLITICOS-1.jpg","contentUrl":"https:\/\/lospoliticosveracruz.com\/wp-content\/uploads\/2025\/12\/Logo-Nuevo-LOS-POLITICOS-1.jpg","width":260,"height":70,"caption":"Los pol\u00edticos Veracruz"},"image":{"@id":"https:\/\/lospoliticosveracruz.com\/#\/schema\/logo\/image\/"},"sameAs":["https:\/\/www.facebook.com\/people\/Notimemes-de-los-Polticos\/61565672886568\/","https:\/\/x.com\/LosPoliticosVer"]},{"@type":"Person","@id":"https:\/\/lospoliticosveracruz.com\/#\/schema\/person\/b8702bb0e538456e6efd07080bf2a4a2","name":"Lo viste en Los Pol\u00edticos","image":{"@type":"ImageObject","inLanguage":"es","@id":"https:\/\/secure.gravatar.com\/avatar\/3a8de04a2656d44082be478bd6c086daa447c4651605818287b9532d3d0bd435?s=96&d=mm&r=g","url":"https:\/\/secure.gravatar.com\/avatar\/3a8de04a2656d44082be478bd6c086daa447c4651605818287b9532d3d0bd435?s=96&d=mm&r=g","contentUrl":"https:\/\/secure.gravatar.com\/avatar\/3a8de04a2656d44082be478bd6c086daa447c4651605818287b9532d3d0bd435?s=96&d=mm&r=g","caption":"Lo viste en Los Pol\u00edticos"},"url":"https:\/\/lospoliticosveracruz.com\/?author=2"}]}},"_links":{"self":[{"href":"https:\/\/lospoliticosveracruz.com\/index.php?rest_route=\/wp\/v2\/posts\/155459","targetHints":{"allow":["GET"]}}],"collection":[{"href":"https:\/\/lospoliticosveracruz.com\/index.php?rest_route=\/wp\/v2\/posts"}],"about":[{"href":"https:\/\/lospoliticosveracruz.com\/index.php?rest_route=\/wp\/v2\/types\/post"}],"author":[{"embeddable":true,"href":"https:\/\/lospoliticosveracruz.com\/index.php?rest_route=\/wp\/v2\/users\/2"}],"replies":[{"embeddable":true,"href":"https:\/\/lospoliticosveracruz.com\/index.php?rest_route=%2Fwp%2Fv2%2Fcomments&post=155459"}],"version-history":[{"count":1,"href":"https:\/\/lospoliticosveracruz.com\/index.php?rest_route=\/wp\/v2\/posts\/155459\/revisions"}],"predecessor-version":[{"id":155460,"href":"https:\/\/lospoliticosveracruz.com\/index.php?rest_route=\/wp\/v2\/posts\/155459\/revisions\/155460"}],"wp:featuredmedia":[{"embeddable":true,"href":"https:\/\/lospoliticosveracruz.com\/index.php?rest_route=\/wp\/v2\/media\/141429"}],"wp:attachment":[{"href":"https:\/\/lospoliticosveracruz.com\/index.php?rest_route=%2Fwp%2Fv2%2Fmedia&parent=155459"}],"wp:term":[{"taxonomy":"category","embeddable":true,"href":"https:\/\/lospoliticosveracruz.com\/index.php?rest_route=%2Fwp%2Fv2%2Fcategories&post=155459"},{"taxonomy":"post_tag","embeddable":true,"href":"https:\/\/lospoliticosveracruz.com\/index.php?rest_route=%2Fwp%2Fv2%2Ftags&post=155459"}],"curies":[{"name":"wp","href":"https:\/\/api.w.org\/{rel}","templated":true}]}}