{"id":155476,"date":"2025-10-29T05:53:38","date_gmt":"2025-10-29T11:53:38","guid":{"rendered":"https:\/\/lospoliticosveracruz.com.mx\/?p=155476"},"modified":"2025-10-29T06:05:26","modified_gmt":"2025-10-29T12:05:26","slug":"se-resisten-a-soltar","status":"publish","type":"post","link":"https:\/\/lospoliticosveracruz.com\/?p=155476","title":{"rendered":"SE RESISTEN A SOLTAR!"},"content":{"rendered":"\n<p><strong>Fanny Y\u00e9pez<\/strong><br><em>La Columna<\/em><\/p>\n\n\n\n<p>A m\u00e1s de un a\u00f1o de que el Instituto Nacional Electoral (INE), notificara al Partido de la Revoluci\u00f3n Democr\u00e1tica (PRD), la p\u00e9rdida definitiva de su registro como partido pol\u00edtico nacional, los representantes de este extinto organismo pol\u00edtico se resisten a entregar al interventor responsable los bienes inmuebles.<\/p>\n\n\n\n\n\n<p>El Partido de la Revoluci\u00f3n Democr\u00e1tica (PRD), no ha entregado formalmente todos sus bienes inmuebles en Veracruz, a pesar de la p\u00e9rdida de su registro nacional que ocurri\u00f3 en septiembre de 2024. El proceso de liquidaci\u00f3n de su patrimonio est\u00e1 en curso y ha generado controversia.<\/p>\n\n\n\n<p>La situaci\u00f3n ha sido descrita como una \u00abrebati\u00f1a\u00bb o \u00abbot\u00edn\u00bb, con reportes de que la dirigencia local ha intentado vender algunos activos al mejor postor antes de completar el proceso formal.<\/p>\n\n\n\n<p>La cancelaci\u00f3n del registro se debi\u00f3 a que el PRD no alcanz\u00f3 el m\u00ednimo del 3% de la votaci\u00f3n v\u00e1lida emitida en las elecciones federales de 2024. A partir de la notificaci\u00f3n, se inici\u00f3 el proceso de liquidaci\u00f3n de sus bienes y recursos, como corresponde al cierre de un partido pol\u00edtico.<\/p>\n\n\n\n<p>Seg\u00fan informes de diciembre de 2024, el Partido de la Revoluci\u00f3n Democr\u00e1tica (PRD) perdi\u00f3 su registro en Veracruz tras las elecciones de ese a\u00f1o, lo que desencaden\u00f3 una disputa por la administraci\u00f3n de sus bienes, incluido el edificio en la calle Estanzuela N\u00famero 28 del Infonavit P\u00f3mona.<\/p>\n\n\n\n<p>El INE bajo una coordinaci\u00f3n y supervisi\u00f3n, toma la responsabilidad del partido, a trav\u00e9s del equipo para que sepan cu\u00e1l es el estado que guarda el PRD, tanto en lo material como en lo financiero, el proceso de liquidaci\u00f3n a\u00fan no concluye.<\/p>\n\n\n\n<p>Los bienes inmuebles y otros activos del PRD est\u00e1n siendo inventariados por el interventor y se utilizar\u00e1n para liquidar deudas. El remanente pasar\u00e1 al control del Estado.<\/p>\n\n\n\n<p>Seg\u00fan las regulaciones electorales, los bienes adquiridos por los partidos con financiamiento p\u00fablico, como las oficinas, no pasan a ser propiedad de particulares. Durante el proceso de liquidaci\u00f3n, los activos y recursos deben ser devueltos al erario p\u00fablico para el pago de deudas y otros compromisos.<\/p>\n\n\n\n<p>Dado que el proceso de liquidaci\u00f3n puede tomar tiempo, no es inusual que la entrega formal de un inmueble no se haya hecho p\u00fablica todav\u00eda. No obstante, las propiedades del PRD, incluyendo la mencionada en Xalapa, est\u00e1n bajo la supervisi\u00f3n del interventor designado por el INE como parte de este proceso legal.<\/p>\n\n\n\n<p>Endeble defensa hizo Marcelito, pobre partido Verde<br>Muy endeble fue la denuncia que hizo en la tribuna legislativa el coordinador del Grupo Legislativo del PVEM del Congreso de Veracruz, Carlos Marcelo Ruiz S\u00e1nchez sobre los efectos nocivos que provoco el derrame de hidrocarburos en los r\u00edos Pantepec y Tuxpan.<\/p>\n\n\n\n<p>Sin presentar un estudio profundo sobre los principales efectos contaminantes en los r\u00edos Pantepec y Tuxpan que provoco el derrame de hidrocarburos de un ducto de PEMEX, que ha causado una mancha aceitosa, mortandad de peces y amenaza el suministro de agua potable para Tuxpan y otras comunidades.<\/p>\n\n\n\n<p>Otros efectos ambientales incluyen la posible contaminaci\u00f3n de mantos fre\u00e1ticos y cultivos y el riesgo para la salud y el ecosistema, pero claro, eso no lo observo, Carlos Marcelo Ruiz, se not\u00f3 que el diputado supuestamente ecologista, de \u00faltima hora decidi\u00f3 hablar sobre los da\u00f1os que esta dispersi\u00f3n est\u00e1 generando al ecosistema de la zona.<\/p>\n\n\n\n<p>Da\u00f1o a la vida acu\u00e1tica: Ha habido mortandad de peces y se ha afectado la oxigenaci\u00f3n del agua, lo que tambi\u00e9n perjudica a anfibios y aves ribere\u00f1as.<\/p>\n\n\n\n<p>Riesgo en el suministro de agua: El derrame ha afectado la toma de agua que abastece a Tuxpan, provocando la suspensi\u00f3n del suministro y el uso de pipas de agua para el consumo.<\/p>\n\n\n\n<p>Da\u00f1os a la agricultura: Los hidrocarburos se han infiltrado en el suelo, da\u00f1ando cultivos como naranjas, mangos y pitayas en parcelas cercanas.<br>Contaminaci\u00f3n de mantos fre\u00e1ticos: Existe la preocupaci\u00f3n de que los compuestos t\u00f3xicos del crudo se filtren y contaminen los mantos acu\u00edferos con efectos a largo plazo.<\/p>\n\n\n\n<p>Marcelo Ruiz fue evidente que todo lo hizo sobre las rodillas, improviso y lo hizo mal, tiene mucho material para respaldar la denuncia, pero no investigo. Todo lo hizo solo por cumplir para la foto.<\/p>\n\n\n\n<p>Si todas las acciones las realiza Marcelito de esta misma manera, pobre de ese partido, le va ir muy mal para las elecciones intermedias del 2027.<\/p>\n\n\n\n<p><\/p>\n\n\n\n<p><\/p>\n\n\n\n<p><\/p>\n","protected":false},"excerpt":{"rendered":"<p>Fanny Y\u00e9pezLa Columna A m\u00e1s de un a\u00f1o de que el Instituto Nacional Electoral (INE), notificara al Partido de la Revoluci\u00f3n Democr\u00e1tica (PRD), la p\u00e9rdida definitiva de su registro como partido pol\u00edtico nacional, los representantes de este extinto organismo pol\u00edtico se resisten a entregar al interventor responsable los bienes inmuebles. El Partido de la Revoluci\u00f3n [&hellip;]<\/p>\n","protected":false},"author":2,"featured_media":141383,"comment_status":"closed","ping_status":"closed","sticky":false,"template":"","format":"standard","meta":{"tdm_status":"","tdm_grid_status":"","footnotes":""},"categories":[70],"tags":[554,17843,46798,107],"class_list":{"0":"post-155476","1":"post","2":"type-post","3":"status-publish","4":"format-standard","5":"has-post-thumbnail","7":"category-de-opinion","8":"tag-ine","9":"tag-marcelo-ruiz-sanchez","10":"tag-pantepec","11":"tag-prd"},"yoast_head":"<!-- This site is optimized with the Yoast SEO plugin v27.4 - https:\/\/yoast.com\/product\/yoast-seo-wordpress\/ -->\n<title>SE RESISTEN A SOLTAR! - Los pol\u00edticos Veracruz<\/title>\n<meta name=\"robots\" content=\"index, follow, max-snippet:-1, max-image-preview:large, max-video-preview:-1\" \/>\n<link rel=\"canonical\" href=\"https:\/\/lospoliticosveracruz.com\/?p=155476\" \/>\n<meta property=\"og:locale\" content=\"es_ES\" \/>\n<meta property=\"og:type\" content=\"article\" \/>\n<meta property=\"og:title\" content=\"SE RESISTEN A SOLTAR! - Los pol\u00edticos Veracruz\" \/>\n<meta property=\"og:description\" content=\"Fanny Y\u00e9pezLa Columna A m\u00e1s de un a\u00f1o de que el Instituto Nacional Electoral (INE), notificara al Partido de la Revoluci\u00f3n Democr\u00e1tica (PRD), la p\u00e9rdida definitiva de su registro como partido pol\u00edtico nacional, los representantes de este extinto organismo pol\u00edtico se resisten a entregar al interventor responsable los bienes inmuebles. El Partido de la Revoluci\u00f3n [&hellip;]\" \/>\n<meta property=\"og:url\" content=\"https:\/\/lospoliticosveracruz.com\/?p=155476\" \/>\n<meta property=\"og:site_name\" content=\"Los pol\u00edticos Veracruz\" \/>\n<meta property=\"article:publisher\" content=\"https:\/\/www.facebook.com\/people\/Notimemes-de-los-Polticos\/61565672886568\/\" \/>\n<meta property=\"article:published_time\" content=\"2025-10-29T11:53:38+00:00\" \/>\n<meta property=\"article:modified_time\" content=\"2025-10-29T12:05:26+00:00\" \/>\n<meta property=\"og:image\" content=\"https:\/\/lospoliticosveracruz.com\/wp-content\/uploads\/2025\/04\/Fanny-Yepez-Luna.jpg\" \/>\n\t<meta property=\"og:image:width\" content=\"1250\" \/>\n\t<meta property=\"og:image:height\" content=\"667\" \/>\n\t<meta property=\"og:image:type\" content=\"image\/jpeg\" \/>\n<meta name=\"author\" content=\"Lo viste en Los Pol\u00edticos\" \/>\n<meta name=\"twitter:card\" content=\"summary_large_image\" \/>\n<meta name=\"twitter:creator\" content=\"@LosPoliticosVer\" \/>\n<meta name=\"twitter:site\" content=\"@LosPoliticosVer\" \/>\n<meta name=\"twitter:label1\" content=\"Escrito por\" \/>\n\t<meta name=\"twitter:data1\" content=\"Lo viste en Los Pol\u00edticos\" \/>\n\t<meta name=\"twitter:label2\" content=\"Tiempo de lectura\" \/>\n\t<meta name=\"twitter:data2\" content=\"4 minutos\" \/>\n<script type=\"application\/ld+json\" class=\"yoast-schema-graph\">{\"@context\":\"https:\\\/\\\/schema.org\",\"@graph\":[{\"@type\":\"Article\",\"@id\":\"https:\\\/\\\/lospoliticosveracruz.com\\\/?p=155476#article\",\"isPartOf\":{\"@id\":\"https:\\\/\\\/lospoliticosveracruz.com\\\/?p=155476\"},\"author\":{\"name\":\"Lo viste en Los Pol\u00edticos\",\"@id\":\"https:\\\/\\\/lospoliticosveracruz.com\\\/#\\\/schema\\\/person\\\/b8702bb0e538456e6efd07080bf2a4a2\"},\"headline\":\"SE RESISTEN A SOLTAR!\",\"datePublished\":\"2025-10-29T11:53:38+00:00\",\"dateModified\":\"2025-10-29T12:05:26+00:00\",\"mainEntityOfPage\":{\"@id\":\"https:\\\/\\\/lospoliticosveracruz.com\\\/?p=155476\"},\"wordCount\":777,\"publisher\":{\"@id\":\"https:\\\/\\\/lospoliticosveracruz.com\\\/#organization\"},\"image\":{\"@id\":\"https:\\\/\\\/lospoliticosveracruz.com\\\/?p=155476#primaryimage\"},\"thumbnailUrl\":\"https:\\\/\\\/lospoliticosveracruz.com\\\/wp-content\\\/uploads\\\/2025\\\/04\\\/Fanny-Yepez-Luna-e1768657334923.jpg\",\"keywords\":[\"INE\",\"Marcelo Ruiz S\u00e1nchez\",\"Pantepec\",\"PRD\"],\"articleSection\":[\"De Opini\u00f3n\"],\"inLanguage\":\"es\"},{\"@type\":\"WebPage\",\"@id\":\"https:\\\/\\\/lospoliticosveracruz.com\\\/?p=155476\",\"url\":\"https:\\\/\\\/lospoliticosveracruz.com\\\/?p=155476\",\"name\":\"SE RESISTEN A SOLTAR! - Los pol\u00edticos Veracruz\",\"isPartOf\":{\"@id\":\"https:\\\/\\\/lospoliticosveracruz.com\\\/#website\"},\"primaryImageOfPage\":{\"@id\":\"https:\\\/\\\/lospoliticosveracruz.com\\\/?p=155476#primaryimage\"},\"image\":{\"@id\":\"https:\\\/\\\/lospoliticosveracruz.com\\\/?p=155476#primaryimage\"},\"thumbnailUrl\":\"https:\\\/\\\/lospoliticosveracruz.com\\\/wp-content\\\/uploads\\\/2025\\\/04\\\/Fanny-Yepez-Luna-e1768657334923.jpg\",\"datePublished\":\"2025-10-29T11:53:38+00:00\",\"dateModified\":\"2025-10-29T12:05:26+00:00\",\"breadcrumb\":{\"@id\":\"https:\\\/\\\/lospoliticosveracruz.com\\\/?p=155476#breadcrumb\"},\"inLanguage\":\"es\",\"potentialAction\":[{\"@type\":\"ReadAction\",\"target\":[\"https:\\\/\\\/lospoliticosveracruz.com\\\/?p=155476\"]}]},{\"@type\":\"ImageObject\",\"inLanguage\":\"es\",\"@id\":\"https:\\\/\\\/lospoliticosveracruz.com\\\/?p=155476#primaryimage\",\"url\":\"https:\\\/\\\/lospoliticosveracruz.com\\\/wp-content\\\/uploads\\\/2025\\\/04\\\/Fanny-Yepez-Luna-e1768657334923.jpg\",\"contentUrl\":\"https:\\\/\\\/lospoliticosveracruz.com\\\/wp-content\\\/uploads\\\/2025\\\/04\\\/Fanny-Yepez-Luna-e1768657334923.jpg\",\"width\":600,\"height\":320},{\"@type\":\"BreadcrumbList\",\"@id\":\"https:\\\/\\\/lospoliticosveracruz.com\\\/?p=155476#breadcrumb\",\"itemListElement\":[{\"@type\":\"ListItem\",\"position\":1,\"name\":\"Portada\",\"item\":\"https:\\\/\\\/lospoliticosveracruz.com\\\/\"},{\"@type\":\"ListItem\",\"position\":2,\"name\":\"SE RESISTEN A SOLTAR!\"}]},{\"@type\":\"WebSite\",\"@id\":\"https:\\\/\\\/lospoliticosveracruz.com\\\/#website\",\"url\":\"https:\\\/\\\/lospoliticosveracruz.com\\\/\",\"name\":\"Los pol\u00edticos Veracruz\",\"description\":\"\",\"publisher\":{\"@id\":\"https:\\\/\\\/lospoliticosveracruz.com\\\/#organization\"},\"potentialAction\":[{\"@type\":\"SearchAction\",\"target\":{\"@type\":\"EntryPoint\",\"urlTemplate\":\"https:\\\/\\\/lospoliticosveracruz.com\\\/?s={search_term_string}\"},\"query-input\":{\"@type\":\"PropertyValueSpecification\",\"valueRequired\":true,\"valueName\":\"search_term_string\"}}],\"inLanguage\":\"es\"},{\"@type\":\"Organization\",\"@id\":\"https:\\\/\\\/lospoliticosveracruz.com\\\/#organization\",\"name\":\"Los pol\u00edticos Veracruz\",\"url\":\"https:\\\/\\\/lospoliticosveracruz.com\\\/\",\"logo\":{\"@type\":\"ImageObject\",\"inLanguage\":\"es\",\"@id\":\"https:\\\/\\\/lospoliticosveracruz.com\\\/#\\\/schema\\\/logo\\\/image\\\/\",\"url\":\"https:\\\/\\\/lospoliticosveracruz.com\\\/wp-content\\\/uploads\\\/2025\\\/12\\\/Logo-Nuevo-LOS-POLITICOS-1.jpg\",\"contentUrl\":\"https:\\\/\\\/lospoliticosveracruz.com\\\/wp-content\\\/uploads\\\/2025\\\/12\\\/Logo-Nuevo-LOS-POLITICOS-1.jpg\",\"width\":260,\"height\":70,\"caption\":\"Los pol\u00edticos Veracruz\"},\"image\":{\"@id\":\"https:\\\/\\\/lospoliticosveracruz.com\\\/#\\\/schema\\\/logo\\\/image\\\/\"},\"sameAs\":[\"https:\\\/\\\/www.facebook.com\\\/people\\\/Notimemes-de-los-Polticos\\\/61565672886568\\\/\",\"https:\\\/\\\/x.com\\\/LosPoliticosVer\"]},{\"@type\":\"Person\",\"@id\":\"https:\\\/\\\/lospoliticosveracruz.com\\\/#\\\/schema\\\/person\\\/b8702bb0e538456e6efd07080bf2a4a2\",\"name\":\"Lo viste en Los Pol\u00edticos\",\"image\":{\"@type\":\"ImageObject\",\"inLanguage\":\"es\",\"@id\":\"https:\\\/\\\/secure.gravatar.com\\\/avatar\\\/3a8de04a2656d44082be478bd6c086daa447c4651605818287b9532d3d0bd435?s=96&d=mm&r=g\",\"url\":\"https:\\\/\\\/secure.gravatar.com\\\/avatar\\\/3a8de04a2656d44082be478bd6c086daa447c4651605818287b9532d3d0bd435?s=96&d=mm&r=g\",\"contentUrl\":\"https:\\\/\\\/secure.gravatar.com\\\/avatar\\\/3a8de04a2656d44082be478bd6c086daa447c4651605818287b9532d3d0bd435?s=96&d=mm&r=g\",\"caption\":\"Lo viste en Los Pol\u00edticos\"},\"url\":\"https:\\\/\\\/lospoliticosveracruz.com\\\/?author=2\"}]}<\/script>\n<!-- \/ Yoast SEO plugin. -->","yoast_head_json":{"title":"SE RESISTEN A SOLTAR! - Los pol\u00edticos Veracruz","robots":{"index":"index","follow":"follow","max-snippet":"max-snippet:-1","max-image-preview":"max-image-preview:large","max-video-preview":"max-video-preview:-1"},"canonical":"https:\/\/lospoliticosveracruz.com\/?p=155476","og_locale":"es_ES","og_type":"article","og_title":"SE RESISTEN A SOLTAR! - Los pol\u00edticos Veracruz","og_description":"Fanny Y\u00e9pezLa Columna A m\u00e1s de un a\u00f1o de que el Instituto Nacional Electoral (INE), notificara al Partido de la Revoluci\u00f3n Democr\u00e1tica (PRD), la p\u00e9rdida definitiva de su registro como partido pol\u00edtico nacional, los representantes de este extinto organismo pol\u00edtico se resisten a entregar al interventor responsable los bienes inmuebles. El Partido de la Revoluci\u00f3n [&hellip;]","og_url":"https:\/\/lospoliticosveracruz.com\/?p=155476","og_site_name":"Los pol\u00edticos Veracruz","article_publisher":"https:\/\/www.facebook.com\/people\/Notimemes-de-los-Polticos\/61565672886568\/","article_published_time":"2025-10-29T11:53:38+00:00","article_modified_time":"2025-10-29T12:05:26+00:00","og_image":[{"width":1250,"height":667,"url":"https:\/\/lospoliticosveracruz.com\/wp-content\/uploads\/2025\/04\/Fanny-Yepez-Luna.jpg","type":"image\/jpeg"}],"author":"Lo viste en Los Pol\u00edticos","twitter_card":"summary_large_image","twitter_creator":"@LosPoliticosVer","twitter_site":"@LosPoliticosVer","twitter_misc":{"Escrito por":"Lo viste en Los Pol\u00edticos","Tiempo de lectura":"4 minutos"},"schema":{"@context":"https:\/\/schema.org","@graph":[{"@type":"Article","@id":"https:\/\/lospoliticosveracruz.com\/?p=155476#article","isPartOf":{"@id":"https:\/\/lospoliticosveracruz.com\/?p=155476"},"author":{"name":"Lo viste en Los Pol\u00edticos","@id":"https:\/\/lospoliticosveracruz.com\/#\/schema\/person\/b8702bb0e538456e6efd07080bf2a4a2"},"headline":"SE RESISTEN A SOLTAR!","datePublished":"2025-10-29T11:53:38+00:00","dateModified":"2025-10-29T12:05:26+00:00","mainEntityOfPage":{"@id":"https:\/\/lospoliticosveracruz.com\/?p=155476"},"wordCount":777,"publisher":{"@id":"https:\/\/lospoliticosveracruz.com\/#organization"},"image":{"@id":"https:\/\/lospoliticosveracruz.com\/?p=155476#primaryimage"},"thumbnailUrl":"https:\/\/lospoliticosveracruz.com\/wp-content\/uploads\/2025\/04\/Fanny-Yepez-Luna-e1768657334923.jpg","keywords":["INE","Marcelo Ruiz S\u00e1nchez","Pantepec","PRD"],"articleSection":["De Opini\u00f3n"],"inLanguage":"es"},{"@type":"WebPage","@id":"https:\/\/lospoliticosveracruz.com\/?p=155476","url":"https:\/\/lospoliticosveracruz.com\/?p=155476","name":"SE RESISTEN A SOLTAR! - Los pol\u00edticos Veracruz","isPartOf":{"@id":"https:\/\/lospoliticosveracruz.com\/#website"},"primaryImageOfPage":{"@id":"https:\/\/lospoliticosveracruz.com\/?p=155476#primaryimage"},"image":{"@id":"https:\/\/lospoliticosveracruz.com\/?p=155476#primaryimage"},"thumbnailUrl":"https:\/\/lospoliticosveracruz.com\/wp-content\/uploads\/2025\/04\/Fanny-Yepez-Luna-e1768657334923.jpg","datePublished":"2025-10-29T11:53:38+00:00","dateModified":"2025-10-29T12:05:26+00:00","breadcrumb":{"@id":"https:\/\/lospoliticosveracruz.com\/?p=155476#breadcrumb"},"inLanguage":"es","potentialAction":[{"@type":"ReadAction","target":["https:\/\/lospoliticosveracruz.com\/?p=155476"]}]},{"@type":"ImageObject","inLanguage":"es","@id":"https:\/\/lospoliticosveracruz.com\/?p=155476#primaryimage","url":"https:\/\/lospoliticosveracruz.com\/wp-content\/uploads\/2025\/04\/Fanny-Yepez-Luna-e1768657334923.jpg","contentUrl":"https:\/\/lospoliticosveracruz.com\/wp-content\/uploads\/2025\/04\/Fanny-Yepez-Luna-e1768657334923.jpg","width":600,"height":320},{"@type":"BreadcrumbList","@id":"https:\/\/lospoliticosveracruz.com\/?p=155476#breadcrumb","itemListElement":[{"@type":"ListItem","position":1,"name":"Portada","item":"https:\/\/lospoliticosveracruz.com\/"},{"@type":"ListItem","position":2,"name":"SE RESISTEN A SOLTAR!"}]},{"@type":"WebSite","@id":"https:\/\/lospoliticosveracruz.com\/#website","url":"https:\/\/lospoliticosveracruz.com\/","name":"Los pol\u00edticos Veracruz","description":"","publisher":{"@id":"https:\/\/lospoliticosveracruz.com\/#organization"},"potentialAction":[{"@type":"SearchAction","target":{"@type":"EntryPoint","urlTemplate":"https:\/\/lospoliticosveracruz.com\/?s={search_term_string}"},"query-input":{"@type":"PropertyValueSpecification","valueRequired":true,"valueName":"search_term_string"}}],"inLanguage":"es"},{"@type":"Organization","@id":"https:\/\/lospoliticosveracruz.com\/#organization","name":"Los pol\u00edticos Veracruz","url":"https:\/\/lospoliticosveracruz.com\/","logo":{"@type":"ImageObject","inLanguage":"es","@id":"https:\/\/lospoliticosveracruz.com\/#\/schema\/logo\/image\/","url":"https:\/\/lospoliticosveracruz.com\/wp-content\/uploads\/2025\/12\/Logo-Nuevo-LOS-POLITICOS-1.jpg","contentUrl":"https:\/\/lospoliticosveracruz.com\/wp-content\/uploads\/2025\/12\/Logo-Nuevo-LOS-POLITICOS-1.jpg","width":260,"height":70,"caption":"Los pol\u00edticos Veracruz"},"image":{"@id":"https:\/\/lospoliticosveracruz.com\/#\/schema\/logo\/image\/"},"sameAs":["https:\/\/www.facebook.com\/people\/Notimemes-de-los-Polticos\/61565672886568\/","https:\/\/x.com\/LosPoliticosVer"]},{"@type":"Person","@id":"https:\/\/lospoliticosveracruz.com\/#\/schema\/person\/b8702bb0e538456e6efd07080bf2a4a2","name":"Lo viste en Los Pol\u00edticos","image":{"@type":"ImageObject","inLanguage":"es","@id":"https:\/\/secure.gravatar.com\/avatar\/3a8de04a2656d44082be478bd6c086daa447c4651605818287b9532d3d0bd435?s=96&d=mm&r=g","url":"https:\/\/secure.gravatar.com\/avatar\/3a8de04a2656d44082be478bd6c086daa447c4651605818287b9532d3d0bd435?s=96&d=mm&r=g","contentUrl":"https:\/\/secure.gravatar.com\/avatar\/3a8de04a2656d44082be478bd6c086daa447c4651605818287b9532d3d0bd435?s=96&d=mm&r=g","caption":"Lo viste en Los Pol\u00edticos"},"url":"https:\/\/lospoliticosveracruz.com\/?author=2"}]}},"_links":{"self":[{"href":"https:\/\/lospoliticosveracruz.com\/index.php?rest_route=\/wp\/v2\/posts\/155476","targetHints":{"allow":["GET"]}}],"collection":[{"href":"https:\/\/lospoliticosveracruz.com\/index.php?rest_route=\/wp\/v2\/posts"}],"about":[{"href":"https:\/\/lospoliticosveracruz.com\/index.php?rest_route=\/wp\/v2\/types\/post"}],"author":[{"embeddable":true,"href":"https:\/\/lospoliticosveracruz.com\/index.php?rest_route=\/wp\/v2\/users\/2"}],"replies":[{"embeddable":true,"href":"https:\/\/lospoliticosveracruz.com\/index.php?rest_route=%2Fwp%2Fv2%2Fcomments&post=155476"}],"version-history":[{"count":2,"href":"https:\/\/lospoliticosveracruz.com\/index.php?rest_route=\/wp\/v2\/posts\/155476\/revisions"}],"predecessor-version":[{"id":155480,"href":"https:\/\/lospoliticosveracruz.com\/index.php?rest_route=\/wp\/v2\/posts\/155476\/revisions\/155480"}],"wp:featuredmedia":[{"embeddable":true,"href":"https:\/\/lospoliticosveracruz.com\/index.php?rest_route=\/wp\/v2\/media\/141383"}],"wp:attachment":[{"href":"https:\/\/lospoliticosveracruz.com\/index.php?rest_route=%2Fwp%2Fv2%2Fmedia&parent=155476"}],"wp:term":[{"taxonomy":"category","embeddable":true,"href":"https:\/\/lospoliticosveracruz.com\/index.php?rest_route=%2Fwp%2Fv2%2Fcategories&post=155476"},{"taxonomy":"post_tag","embeddable":true,"href":"https:\/\/lospoliticosveracruz.com\/index.php?rest_route=%2Fwp%2Fv2%2Ftags&post=155476"}],"curies":[{"name":"wp","href":"https:\/\/api.w.org\/{rel}","templated":true}]}}