{"id":15548,"date":"2015-03-31T10:00:51","date_gmt":"2015-03-31T16:00:51","guid":{"rendered":"http:\/\/www.lospoliticosveracruz.com.mx\/?p=15548"},"modified":"2015-03-31T10:00:51","modified_gmt":"2015-03-31T16:00:51","slug":"diputada-patricia-pena-ultra","status":"publish","type":"post","link":"https:\/\/lospoliticosveracruz.com\/?p=15548","title":{"rendered":"Diputada Patricia Pe\u00f1a, ultra"},"content":{"rendered":"<p><a href=\"http:\/\/www.lospoliticosveracruz.com.mx\/wp-content\/uploads\/2015\/03\/Patricia-Pe\u00f1a-Recio-e1427817160661.jpg\"><img loading=\"lazy\" decoding=\"async\" class=\"alignnone size-medium wp-image-15547\" src=\"http:\/\/www.lospoliticosveracruz.com.mx\/wp-content\/uploads\/2015\/03\/Patricia-Pe\u00f1a-Recio-300x159.jpg\" alt=\"Patricia-Pe\u00f1a-Recio\" width=\"300\" height=\"159\" \/><\/a><\/p>\n<p><strong>Gabriel Arellano L\u00f3pez<\/strong><br \/>\n<em>Escenario<\/em><\/p>\n<p>&nbsp;<\/p>\n<p>&nbsp;<\/p>\n<p>Ahora que iniciamos la Semana Santa o Semana Mayor, tiempo en el que la religi\u00f3n cat\u00f3lica recuerda la pasi\u00f3n de Cristo y celebra su resurrecci\u00f3n, con llamados a la reflexi\u00f3n, al perd\u00f3n, a la misericordia y al amor al pr\u00f3jimo, bien podr\u00eda darse por aludida la diputada federal Patricia Pe\u00f1a.<\/p>\n<p>Y es que la legisladora dej\u00f3, desde la semana pasada, un amargo sabor de boca en diversos sectores al hacer p\u00fablico su notable repudio personal a los migrantes centroamericanos indocumentados que llegan a nuestro pa\u00eds, tach\u00e1ndolos indiscriminadamente de peligrosos, prostitutas y asesinos.<\/p>\n<p>Una l\u00f3gica la de la legisladora Pe\u00f1a sui generis, muy patriotera, se\u00f1alando que las autoridades mexicanas s\u00f3lo tienen responsabilidades que cumplir con los mexicanos y nada que ver con los indocumentados. Una postura que seguramente la hace candidata a encabezar cualquier comisi\u00f3n de derechos humanos.<\/p>\n<p>Con pronunciamientos dignos del m\u00e1s recalcitrante ultra republicano estadounidense, quiz\u00e1 imagin\u00e1ndose vivir en Arizona, la diputada Pe\u00f1a arremeti\u00f3 con todo contra los migrantes centroamericanos, entre quienes no ve m\u00e1s que delincuentes y prostitutas.<\/p>\n<p>En estos d\u00edas de recogimiento espiritual, tal vez a la diputada le har\u00eda bien viajar un poco por su propio estado y platicar con Las Patronas, quienes seguramente tendr\u00edan historias y lecciones de vida que contarle a la se\u00f1ora Pe\u00f1a. \u00a1Qu\u00e9 orgullosa debe sentirse la gente de Coatzacoalcos de su diputada!<\/p>\n<p>Habr\u00e1 que darle las gracias a do\u00f1a Patricia por ayudarnos a entender c\u00f3mo es que gente racista extrema en Estados Unidos desprecia igualmente a nuestros paisanos que osan cruzar el r\u00edo Bravo sin documentos legales que amparen su estancia en el pa\u00eds del norte. Seguramente estos mexicanos tambi\u00e9n son peligrosos, prostitutas y asesinos. \u00bfVerdad, diputada?<\/p>\n<p>GESTIONA PEPE YUNES 60 MILLONES A CITRICULTORES<\/p>\n<p>En \u00c1lamo, ayer, el senador Jos\u00e9 Yunes Zorrilla \u201creconoci\u00f3 el compromiso de los productores citr\u00edcolas para organizarse y resolver los problemas, al tiempo que destac\u00f3 que han llegado a la regi\u00f3n 20 millones de pesos y faltan otros 40 en su beneficio, con el \u00fanico objetivo de que su trabajo obtenga un mayor valor\u201d.<\/p>\n<p>Ante el presidente municipal de \u00c1lamo, Ricardo Serna, el diputado federal Genaro Ruiz Arriaga y su hom\u00f3logo local Jorge Vera, quienes lo acompa\u00f1aron al igual que productores rurales de la regi\u00f3n, autoridades y amigos de ese distrito, Pepe Yunes dijo:<\/p>\n<p>\u201cEstoy convencido de que con las reformas que present\u00f3 el presidente Enrique Pe\u00f1a Nieto y que secundamos en el Congreso de la Uni\u00f3n, paso a paso se empezar\u00e1 a cambiar el rostro de nuestro pa\u00eds, para darle m\u00e1s oportunidades a nuestros j\u00f3venes, para hacer de nuestro trabajo la v\u00eda de superaci\u00f3n a circunstancias adversas. Para eso debemos seguir trabajando. Ese es el destino que nos convoca a estar organizados. Vamos a estar a la hora que ustedes nos llamen\u201d.<\/p>\n<p>El senador veracruzano cumpli\u00f3 as\u00ed una reuni\u00f3n de trabajo con autoridades municipales y ejidales en la comunidad de Vegas de Soledad, en el municipio de \u00c1lamo Temapache, donde reiter\u00f3 su compromiso con los habitantes de la zona, a quienes visit\u00f3 para escucharlos y mantener un di\u00e1logo productivo que ayude a atender sus demandas.<\/p>\n<p>NUMERALIA<\/p>\n<p>1.- Ahora que reactivaron a Carolina Gudi\u00f1o, salt\u00f3 a la palestra Jes\u00fas Medell\u00edn, eternizado delegado en Veracruz del CEN del PRI, quien abri\u00f3 la boca s\u00f3lo para deshacerse en elogios sobre la ex alcaldesa de Veracruz. Y c\u00f3mo no hacerlo, si Medell\u00edn le debe todo al protector de Carolina, como su prolongada estancia en Veracruz donde percibe buen dinero a cambio de darle nada a los veracruzanos. Son ya demasiados a\u00f1os los que Medell\u00edn ha succionado jugosamente los dineros p\u00fablicos en nuestro Estado.<br \/>\n2.- Por instrucciones del presidente de la Junta de Coordinaci\u00f3n Pol\u00edtica, diputado Juan Nicol\u00e1s Callejas Arroyo, ayer lunes inici\u00f3 el curso \u201cC\u00f3mo Potenciar el Talento en la Administraci\u00f3n P\u00fablica\u201d, que tiene la finalidad de mejorar las pr\u00e1cticas laborales que aplican cotidianamente los elementos de la Direcci\u00f3n de Recursos Humanos del Congreso del Estado. Este curso se desarrolla en la Biblioteca \u201cJos\u00e9 Mar\u00eda Mata\u201d, y concluir\u00e1 hoy martes bajo la responsabilidad de Luz Mar\u00eda Guevara Cardozo, instructora del Departamento de Capacitaci\u00f3n de la Sefiplan. Quien se\u00f1al\u00f3 que la gesti\u00f3n de recursos humanos es una especialidad de las Ciencias de la Administraci\u00f3n, y trata de la adecuada log\u00edstica, aplicaci\u00f3n, mantenimiento y desarrollo de las personas.<\/p>\n<p>3.- De acuerdo con una encuesta dada a conocer por el peri\u00f3dico capitalino Reforma, las preferencias en intenci\u00f3n del voto en este momento para las diputaciones federales siguen favoreciendo al PRI con un 32 por ciento, seguido por el PAN con 22% (lo que le significa una baja), PRD 14%, Morena 8% y Partido Verde apenas 7% pese al gasto multimillonario que ha hecho en spots desafiando al propio INE.<\/p>\n<p>4.- La semana pasada hicimos notar en este espacio la gran incidencia de secuestros que registra Veracruz, coloc\u00e1ndose como la tercera entidad con mayor n\u00famero de estos graves il\u00edcitos. Bien se sabe que en la zona de Coatzacoalcos tal problema se ha vuelto \u00e1lgido y de hecho ayer el propio gobernador Javier Duarte as\u00ed lo reconoci\u00f3 al instalar en esa ciudad la Unidad Especializada en Combate al Secuestro (UECS), \u201cdonde se requiere y necesita de la atenci\u00f3n y el esfuerzo institucional\u201d. Dijo el mandatario que \u201cEn Veracruz estamos preparados para combatir a los delincuentes, no hay espacio para la impunidad\u201d. Eso es lo que esperamos realmente los veracruzanos.<\/p>\n<p>5.- Un abrazo solidario para nuestro compa\u00f1ero Raymundo Jim\u00e9nez ante la p\u00e9rdida de su hermano Rosalino. Que Dios te conceda a ti y a los tuyos pronta resignaci\u00f3n.<\/p>\n<p>CORREOS<br \/>\nEscr\u00edbanos a gabrielarellano_hechos@yahoo.com.mx y ariel_del_llano@hotmail.com<\/p>\n<p>Inf\u00f3rmese en www.revistahechos.com.mx<\/p>\n","protected":false},"excerpt":{"rendered":"<p>Gabriel Arellano L\u00f3pez Escenario &nbsp; &nbsp; Ahora que iniciamos la Semana Santa o Semana Mayor, tiempo en el que la religi\u00f3n cat\u00f3lica recuerda la pasi\u00f3n de Cristo y celebra su resurrecci\u00f3n, con llamados a la reflexi\u00f3n, al perd\u00f3n, a la misericordia y al amor al pr\u00f3jimo, bien podr\u00eda darse por aludida la diputada federal Patricia [&hellip;]<\/p>\n","protected":false},"author":2,"featured_media":0,"comment_status":"open","ping_status":"open","sticky":false,"template":"","format":"standard","meta":{"tdm_status":"","tdm_grid_status":"","footnotes":""},"categories":[70],"tags":[2271,371,2270,2269,2267,2257,570,2268,2244],"class_list":{"0":"post-15548","1":"post","2":"type-post","3":"status-publish","4":"format-standard","6":"category-de-opinion","7":"tag-citricultores","8":"tag-coatzacoalcos","9":"tag-las-patronas","10":"tag-migracion","11":"tag-migrantes-peligrosos","12":"tag-patricia-pena-recio","13":"tag-pepe-yunes","14":"tag-prostitutas-y-asesinos","15":"tag-semana-santa"},"yoast_head":"<!-- This site is optimized with the Yoast SEO plugin v27.4 - https:\/\/yoast.com\/product\/yoast-seo-wordpress\/ -->\n<title>Diputada Patricia Pe\u00f1a, ultra - Los pol\u00edticos Veracruz<\/title>\n<meta name=\"robots\" content=\"index, follow, max-snippet:-1, max-image-preview:large, max-video-preview:-1\" \/>\n<link rel=\"canonical\" href=\"https:\/\/lospoliticosveracruz.com\/?p=15548\" \/>\n<meta property=\"og:locale\" content=\"es_ES\" \/>\n<meta property=\"og:type\" content=\"article\" \/>\n<meta property=\"og:title\" content=\"Diputada Patricia Pe\u00f1a, ultra - Los pol\u00edticos Veracruz\" \/>\n<meta property=\"og:description\" content=\"Gabriel Arellano L\u00f3pez Escenario &nbsp; &nbsp; Ahora que iniciamos la Semana Santa o Semana Mayor, tiempo en el que la religi\u00f3n cat\u00f3lica recuerda la pasi\u00f3n de Cristo y celebra su resurrecci\u00f3n, con llamados a la reflexi\u00f3n, al perd\u00f3n, a la misericordia y al amor al pr\u00f3jimo, bien podr\u00eda darse por aludida la diputada federal Patricia [&hellip;]\" \/>\n<meta property=\"og:url\" content=\"https:\/\/lospoliticosveracruz.com\/?p=15548\" \/>\n<meta property=\"og:site_name\" content=\"Los pol\u00edticos Veracruz\" \/>\n<meta property=\"article:publisher\" content=\"https:\/\/www.facebook.com\/people\/Notimemes-de-los-Polticos\/61565672886568\/\" \/>\n<meta property=\"article:published_time\" content=\"2015-03-31T16:00:51+00:00\" \/>\n<meta property=\"og:image\" content=\"https:\/\/lospoliticosveracruz.com\/wp-content\/uploads\/2016\/07\/Logo-Dor.jpg\" \/>\n\t<meta property=\"og:image:width\" content=\"200\" \/>\n\t<meta property=\"og:image:height\" content=\"200\" \/>\n\t<meta property=\"og:image:type\" content=\"image\/jpeg\" \/>\n<meta name=\"author\" content=\"Lo viste en Los Pol\u00edticos\" \/>\n<meta name=\"twitter:card\" content=\"summary_large_image\" \/>\n<meta name=\"twitter:creator\" content=\"@LosPoliticosVer\" \/>\n<meta name=\"twitter:site\" content=\"@LosPoliticosVer\" \/>\n<meta name=\"twitter:label1\" content=\"Escrito por\" \/>\n\t<meta name=\"twitter:data1\" content=\"Lo viste en Los Pol\u00edticos\" \/>\n\t<meta name=\"twitter:label2\" content=\"Tiempo de lectura\" \/>\n\t<meta name=\"twitter:data2\" content=\"5 minutos\" \/>\n<script type=\"application\/ld+json\" class=\"yoast-schema-graph\">{\"@context\":\"https:\\\/\\\/schema.org\",\"@graph\":[{\"@type\":\"Article\",\"@id\":\"https:\\\/\\\/lospoliticosveracruz.com\\\/?p=15548#article\",\"isPartOf\":{\"@id\":\"https:\\\/\\\/lospoliticosveracruz.com\\\/?p=15548\"},\"author\":{\"name\":\"Lo viste en Los Pol\u00edticos\",\"@id\":\"https:\\\/\\\/lospoliticosveracruz.com\\\/#\\\/schema\\\/person\\\/b8702bb0e538456e6efd07080bf2a4a2\"},\"headline\":\"Diputada Patricia Pe\u00f1a, ultra\",\"datePublished\":\"2015-03-31T16:00:51+00:00\",\"mainEntityOfPage\":{\"@id\":\"https:\\\/\\\/lospoliticosveracruz.com\\\/?p=15548\"},\"wordCount\":1018,\"commentCount\":0,\"publisher\":{\"@id\":\"https:\\\/\\\/lospoliticosveracruz.com\\\/#organization\"},\"keywords\":[\"Citricultores\",\"Coatzacoalcos\",\"Las Patronas\",\"Migraci\u00f3n\",\"Migrantes peligrosos\",\"Patricia Pe\u00f1a Recio\",\"Pepe Yunes\",\"Prostitutas y asesinos\",\"Semana Santa\"],\"articleSection\":[\"De Opini\u00f3n\"],\"inLanguage\":\"es\",\"potentialAction\":[{\"@type\":\"CommentAction\",\"name\":\"Comment\",\"target\":[\"https:\\\/\\\/lospoliticosveracruz.com\\\/?p=15548#respond\"]}]},{\"@type\":\"WebPage\",\"@id\":\"https:\\\/\\\/lospoliticosveracruz.com\\\/?p=15548\",\"url\":\"https:\\\/\\\/lospoliticosveracruz.com\\\/?p=15548\",\"name\":\"Diputada Patricia Pe\u00f1a, ultra - Los pol\u00edticos Veracruz\",\"isPartOf\":{\"@id\":\"https:\\\/\\\/lospoliticosveracruz.com\\\/#website\"},\"datePublished\":\"2015-03-31T16:00:51+00:00\",\"breadcrumb\":{\"@id\":\"https:\\\/\\\/lospoliticosveracruz.com\\\/?p=15548#breadcrumb\"},\"inLanguage\":\"es\",\"potentialAction\":[{\"@type\":\"ReadAction\",\"target\":[\"https:\\\/\\\/lospoliticosveracruz.com\\\/?p=15548\"]}]},{\"@type\":\"BreadcrumbList\",\"@id\":\"https:\\\/\\\/lospoliticosveracruz.com\\\/?p=15548#breadcrumb\",\"itemListElement\":[{\"@type\":\"ListItem\",\"position\":1,\"name\":\"Portada\",\"item\":\"https:\\\/\\\/lospoliticosveracruz.com\\\/\"},{\"@type\":\"ListItem\",\"position\":2,\"name\":\"Diputada Patricia Pe\u00f1a, ultra\"}]},{\"@type\":\"WebSite\",\"@id\":\"https:\\\/\\\/lospoliticosveracruz.com\\\/#website\",\"url\":\"https:\\\/\\\/lospoliticosveracruz.com\\\/\",\"name\":\"Los pol\u00edticos Veracruz\",\"description\":\"\",\"publisher\":{\"@id\":\"https:\\\/\\\/lospoliticosveracruz.com\\\/#organization\"},\"potentialAction\":[{\"@type\":\"SearchAction\",\"target\":{\"@type\":\"EntryPoint\",\"urlTemplate\":\"https:\\\/\\\/lospoliticosveracruz.com\\\/?s={search_term_string}\"},\"query-input\":{\"@type\":\"PropertyValueSpecification\",\"valueRequired\":true,\"valueName\":\"search_term_string\"}}],\"inLanguage\":\"es\"},{\"@type\":\"Organization\",\"@id\":\"https:\\\/\\\/lospoliticosveracruz.com\\\/#organization\",\"name\":\"Los pol\u00edticos Veracruz\",\"url\":\"https:\\\/\\\/lospoliticosveracruz.com\\\/\",\"logo\":{\"@type\":\"ImageObject\",\"inLanguage\":\"es\",\"@id\":\"https:\\\/\\\/lospoliticosveracruz.com\\\/#\\\/schema\\\/logo\\\/image\\\/\",\"url\":\"https:\\\/\\\/lospoliticosveracruz.com\\\/wp-content\\\/uploads\\\/2025\\\/12\\\/Logo-Nuevo-LOS-POLITICOS-1.jpg\",\"contentUrl\":\"https:\\\/\\\/lospoliticosveracruz.com\\\/wp-content\\\/uploads\\\/2025\\\/12\\\/Logo-Nuevo-LOS-POLITICOS-1.jpg\",\"width\":260,\"height\":70,\"caption\":\"Los pol\u00edticos Veracruz\"},\"image\":{\"@id\":\"https:\\\/\\\/lospoliticosveracruz.com\\\/#\\\/schema\\\/logo\\\/image\\\/\"},\"sameAs\":[\"https:\\\/\\\/www.facebook.com\\\/people\\\/Notimemes-de-los-Polticos\\\/61565672886568\\\/\",\"https:\\\/\\\/x.com\\\/LosPoliticosVer\"]},{\"@type\":\"Person\",\"@id\":\"https:\\\/\\\/lospoliticosveracruz.com\\\/#\\\/schema\\\/person\\\/b8702bb0e538456e6efd07080bf2a4a2\",\"name\":\"Lo viste en Los Pol\u00edticos\",\"image\":{\"@type\":\"ImageObject\",\"inLanguage\":\"es\",\"@id\":\"https:\\\/\\\/secure.gravatar.com\\\/avatar\\\/3a8de04a2656d44082be478bd6c086daa447c4651605818287b9532d3d0bd435?s=96&d=mm&r=g\",\"url\":\"https:\\\/\\\/secure.gravatar.com\\\/avatar\\\/3a8de04a2656d44082be478bd6c086daa447c4651605818287b9532d3d0bd435?s=96&d=mm&r=g\",\"contentUrl\":\"https:\\\/\\\/secure.gravatar.com\\\/avatar\\\/3a8de04a2656d44082be478bd6c086daa447c4651605818287b9532d3d0bd435?s=96&d=mm&r=g\",\"caption\":\"Lo viste en Los Pol\u00edticos\"},\"url\":\"https:\\\/\\\/lospoliticosveracruz.com\\\/?author=2\"}]}<\/script>\n<!-- \/ Yoast SEO plugin. -->","yoast_head_json":{"title":"Diputada Patricia Pe\u00f1a, ultra - Los pol\u00edticos Veracruz","robots":{"index":"index","follow":"follow","max-snippet":"max-snippet:-1","max-image-preview":"max-image-preview:large","max-video-preview":"max-video-preview:-1"},"canonical":"https:\/\/lospoliticosveracruz.com\/?p=15548","og_locale":"es_ES","og_type":"article","og_title":"Diputada Patricia Pe\u00f1a, ultra - Los pol\u00edticos Veracruz","og_description":"Gabriel Arellano L\u00f3pez Escenario &nbsp; &nbsp; Ahora que iniciamos la Semana Santa o Semana Mayor, tiempo en el que la religi\u00f3n cat\u00f3lica recuerda la pasi\u00f3n de Cristo y celebra su resurrecci\u00f3n, con llamados a la reflexi\u00f3n, al perd\u00f3n, a la misericordia y al amor al pr\u00f3jimo, bien podr\u00eda darse por aludida la diputada federal Patricia [&hellip;]","og_url":"https:\/\/lospoliticosveracruz.com\/?p=15548","og_site_name":"Los pol\u00edticos Veracruz","article_publisher":"https:\/\/www.facebook.com\/people\/Notimemes-de-los-Polticos\/61565672886568\/","article_published_time":"2015-03-31T16:00:51+00:00","og_image":[{"width":200,"height":200,"url":"https:\/\/lospoliticosveracruz.com\/wp-content\/uploads\/2016\/07\/Logo-Dor.jpg","type":"image\/jpeg"}],"author":"Lo viste en Los Pol\u00edticos","twitter_card":"summary_large_image","twitter_creator":"@LosPoliticosVer","twitter_site":"@LosPoliticosVer","twitter_misc":{"Escrito por":"Lo viste en Los Pol\u00edticos","Tiempo de lectura":"5 minutos"},"schema":{"@context":"https:\/\/schema.org","@graph":[{"@type":"Article","@id":"https:\/\/lospoliticosveracruz.com\/?p=15548#article","isPartOf":{"@id":"https:\/\/lospoliticosveracruz.com\/?p=15548"},"author":{"name":"Lo viste en Los Pol\u00edticos","@id":"https:\/\/lospoliticosveracruz.com\/#\/schema\/person\/b8702bb0e538456e6efd07080bf2a4a2"},"headline":"Diputada Patricia Pe\u00f1a, ultra","datePublished":"2015-03-31T16:00:51+00:00","mainEntityOfPage":{"@id":"https:\/\/lospoliticosveracruz.com\/?p=15548"},"wordCount":1018,"commentCount":0,"publisher":{"@id":"https:\/\/lospoliticosveracruz.com\/#organization"},"keywords":["Citricultores","Coatzacoalcos","Las Patronas","Migraci\u00f3n","Migrantes peligrosos","Patricia Pe\u00f1a Recio","Pepe Yunes","Prostitutas y asesinos","Semana Santa"],"articleSection":["De Opini\u00f3n"],"inLanguage":"es","potentialAction":[{"@type":"CommentAction","name":"Comment","target":["https:\/\/lospoliticosveracruz.com\/?p=15548#respond"]}]},{"@type":"WebPage","@id":"https:\/\/lospoliticosveracruz.com\/?p=15548","url":"https:\/\/lospoliticosveracruz.com\/?p=15548","name":"Diputada Patricia Pe\u00f1a, ultra - Los pol\u00edticos Veracruz","isPartOf":{"@id":"https:\/\/lospoliticosveracruz.com\/#website"},"datePublished":"2015-03-31T16:00:51+00:00","breadcrumb":{"@id":"https:\/\/lospoliticosveracruz.com\/?p=15548#breadcrumb"},"inLanguage":"es","potentialAction":[{"@type":"ReadAction","target":["https:\/\/lospoliticosveracruz.com\/?p=15548"]}]},{"@type":"BreadcrumbList","@id":"https:\/\/lospoliticosveracruz.com\/?p=15548#breadcrumb","itemListElement":[{"@type":"ListItem","position":1,"name":"Portada","item":"https:\/\/lospoliticosveracruz.com\/"},{"@type":"ListItem","position":2,"name":"Diputada Patricia Pe\u00f1a, ultra"}]},{"@type":"WebSite","@id":"https:\/\/lospoliticosveracruz.com\/#website","url":"https:\/\/lospoliticosveracruz.com\/","name":"Los pol\u00edticos Veracruz","description":"","publisher":{"@id":"https:\/\/lospoliticosveracruz.com\/#organization"},"potentialAction":[{"@type":"SearchAction","target":{"@type":"EntryPoint","urlTemplate":"https:\/\/lospoliticosveracruz.com\/?s={search_term_string}"},"query-input":{"@type":"PropertyValueSpecification","valueRequired":true,"valueName":"search_term_string"}}],"inLanguage":"es"},{"@type":"Organization","@id":"https:\/\/lospoliticosveracruz.com\/#organization","name":"Los pol\u00edticos Veracruz","url":"https:\/\/lospoliticosveracruz.com\/","logo":{"@type":"ImageObject","inLanguage":"es","@id":"https:\/\/lospoliticosveracruz.com\/#\/schema\/logo\/image\/","url":"https:\/\/lospoliticosveracruz.com\/wp-content\/uploads\/2025\/12\/Logo-Nuevo-LOS-POLITICOS-1.jpg","contentUrl":"https:\/\/lospoliticosveracruz.com\/wp-content\/uploads\/2025\/12\/Logo-Nuevo-LOS-POLITICOS-1.jpg","width":260,"height":70,"caption":"Los pol\u00edticos Veracruz"},"image":{"@id":"https:\/\/lospoliticosveracruz.com\/#\/schema\/logo\/image\/"},"sameAs":["https:\/\/www.facebook.com\/people\/Notimemes-de-los-Polticos\/61565672886568\/","https:\/\/x.com\/LosPoliticosVer"]},{"@type":"Person","@id":"https:\/\/lospoliticosveracruz.com\/#\/schema\/person\/b8702bb0e538456e6efd07080bf2a4a2","name":"Lo viste en Los Pol\u00edticos","image":{"@type":"ImageObject","inLanguage":"es","@id":"https:\/\/secure.gravatar.com\/avatar\/3a8de04a2656d44082be478bd6c086daa447c4651605818287b9532d3d0bd435?s=96&d=mm&r=g","url":"https:\/\/secure.gravatar.com\/avatar\/3a8de04a2656d44082be478bd6c086daa447c4651605818287b9532d3d0bd435?s=96&d=mm&r=g","contentUrl":"https:\/\/secure.gravatar.com\/avatar\/3a8de04a2656d44082be478bd6c086daa447c4651605818287b9532d3d0bd435?s=96&d=mm&r=g","caption":"Lo viste en Los Pol\u00edticos"},"url":"https:\/\/lospoliticosveracruz.com\/?author=2"}]}},"_links":{"self":[{"href":"https:\/\/lospoliticosveracruz.com\/index.php?rest_route=\/wp\/v2\/posts\/15548","targetHints":{"allow":["GET"]}}],"collection":[{"href":"https:\/\/lospoliticosveracruz.com\/index.php?rest_route=\/wp\/v2\/posts"}],"about":[{"href":"https:\/\/lospoliticosveracruz.com\/index.php?rest_route=\/wp\/v2\/types\/post"}],"author":[{"embeddable":true,"href":"https:\/\/lospoliticosveracruz.com\/index.php?rest_route=\/wp\/v2\/users\/2"}],"replies":[{"embeddable":true,"href":"https:\/\/lospoliticosveracruz.com\/index.php?rest_route=%2Fwp%2Fv2%2Fcomments&post=15548"}],"version-history":[{"count":1,"href":"https:\/\/lospoliticosveracruz.com\/index.php?rest_route=\/wp\/v2\/posts\/15548\/revisions"}],"predecessor-version":[{"id":15549,"href":"https:\/\/lospoliticosveracruz.com\/index.php?rest_route=\/wp\/v2\/posts\/15548\/revisions\/15549"}],"wp:attachment":[{"href":"https:\/\/lospoliticosveracruz.com\/index.php?rest_route=%2Fwp%2Fv2%2Fmedia&parent=15548"}],"wp:term":[{"taxonomy":"category","embeddable":true,"href":"https:\/\/lospoliticosveracruz.com\/index.php?rest_route=%2Fwp%2Fv2%2Fcategories&post=15548"},{"taxonomy":"post_tag","embeddable":true,"href":"https:\/\/lospoliticosveracruz.com\/index.php?rest_route=%2Fwp%2Fv2%2Ftags&post=15548"}],"curies":[{"name":"wp","href":"https:\/\/api.w.org\/{rel}","templated":true}]}}