{"id":155489,"date":"2025-10-29T07:41:06","date_gmt":"2025-10-29T13:41:06","guid":{"rendered":"https:\/\/lospoliticosveracruz.com.mx\/?p=155489"},"modified":"2025-10-29T07:41:25","modified_gmt":"2025-10-29T13:41:25","slug":"senado-aprueba-paquete-fiscal-2026","status":"publish","type":"post","link":"https:\/\/lospoliticosveracruz.com\/?p=155489","title":{"rendered":"SENADO APRUEBA PAQUETE FISCAL 2026"},"content":{"rendered":"\n<p><em>Ciudad de M\u00e9xico:<\/em> Como parte del Paquete Econ\u00f3mico 2026, el Pleno del Senado de la Rep\u00fablica aprob\u00f3 los dict\u00e1menes que reforman la Ley Federal de Derechos (LFD), la Ley del Impuesto Especial sobre Producci\u00f3n y Servicios (IEPS) y el C\u00f3digo Fiscal de la Federaci\u00f3n (CFF), con el objetivo de alinear el sistema tributario a la realidad econ\u00f3mica y social del pa\u00eds, fortalecer la recaudaci\u00f3n con criterios de justicia y garantizar certeza para personas y empresas.<\/p>\n\n\n\n\n\n<p>De acuerdo con el senador Miguel \u00c1ngel Yunes M\u00e1rquez, presidente de la Comisi\u00f3n de Hacienda y Cr\u00e9dito P\u00fablico, estos dict\u00e1menes forman parte del paquete econ\u00f3mico 2026 y reflejan una visi\u00f3n de Estado que conjuga responsabilidad fiscal con justicia social, eficiencia recaudatoria y compromiso con el bienestar de las y los mexicanos.<\/p>\n\n\n\n<p>Durante la presentaci\u00f3n del dictamen ante el pleno, se mencion\u00f3 que la Ley Federal de Derechos reconoce ajustes a cuotas para tr\u00e1mites migratorios, incorporando descuentos en determinadas modalidades de residencia temporal y permanente -como unidad familiar, oferta de empleo nacional e invitaciones de organismos-.<\/p>\n\n\n\n<p>Por otra parte, armoniza disposiciones para facilitar el acceso a financiamiento de PyMES; actualiza derechos en museos, zonas y sitios arqueol\u00f3gicos a cargo de INAH y el INBAL; y alinea disposiciones en materia de telecomunicaciones, radiodifusi\u00f3n y competencia econ\u00f3mica al marco sectorial vigente.<\/p>\n\n\n\n<p>En lo referente a la Ley del del Impuesto Especial sobre Producci\u00f3n y Servicios, el dictamen consolida su car\u00e1cter de pol\u00edtica p\u00fablica orientada a la salud: se actualizan cuotas aplicables a bebidas saborizadas y tabaco; se incorporan nuevos productos, como bolsas de nicotina y videojuegos violentos no aptos para menores; y se incrementan las tasas a juegos con apuestas y sorteos -incluidos los realizados en l\u00ednea-.<\/p>\n\n\n\n<p>Producto del di\u00e1logo con el sector privado en la colegisladora, se fija en 1.5 pesos por litro la cuota a bebidas con edulcorantes, con compromisos de la industria de reducir al menos 30% el contenido de az\u00facar en 2026 y restringir la publicidad dirigida a menores de 16 a\u00f1os.<\/p>\n\n\n\n<p>Se precisa, adem\u00e1s, la exenci\u00f3n de IEPS a sueros orales con composici\u00f3n espec\u00edfica; se ajusta la tasa ad valorem para bolsas de nicotina de 200% a 100% y se precisa el contenido de nicotina por cigarro en 8 mg.<\/p>\n\n\n\n<p>En el C\u00f3digo Fiscal de la Federaci\u00f3n, los cambios apuntan a combatir la evasi\u00f3n y los esquemas de simulaci\u00f3n: se refuerzan facultades del SAT, se homologa el tratamiento de cr\u00e9ditos incobrables entre instituciones de cr\u00e9dito y el resto de contribuyentes, y se establecen retenciones unificadas para plataformas digitales.<\/p>\n\n\n\n<p>Durante la presentaci\u00f3n de los dict\u00e1menes, el senador Miguel \u00c1ngel Yunes M\u00e1rquez subray\u00f3 que las reformas conjugan responsabilidad fiscal con justicia social y eficiencia recaudatoria, insistiendo en que una pol\u00edtica fiscal no solo debe recaudar, sino tambi\u00e9n redistribuir, corregir desigualdades e incentivar buenas pr\u00e1cticas.<\/p>\n","protected":false},"excerpt":{"rendered":"<p>Ciudad de M\u00e9xico: Como parte del Paquete Econ\u00f3mico 2026, el Pleno del Senado de la Rep\u00fablica aprob\u00f3 los dict\u00e1menes que reforman la Ley Federal de Derechos (LFD), la Ley del Impuesto Especial sobre Producci\u00f3n y Servicios (IEPS) y el C\u00f3digo Fiscal de la Federaci\u00f3n (CFF), con el objetivo de alinear el sistema tributario a la [&hellip;]<\/p>\n","protected":false},"author":2,"featured_media":155491,"comment_status":"closed","ping_status":"closed","sticky":false,"template":"","format":"standard","meta":{"tdm_status":"","tdm_grid_status":"","footnotes":""},"categories":[73],"tags":[46891,711],"class_list":{"0":"post-155489","1":"post","2":"type-post","3":"status-publish","4":"format-standard","5":"has-post-thumbnail","7":"category-de-boleto","8":"tag-paquete-fiscal-2026","9":"tag-senado"},"yoast_head":"<!-- This site is optimized with the Yoast SEO plugin v27.4 - https:\/\/yoast.com\/product\/yoast-seo-wordpress\/ -->\n<title>SENADO APRUEBA PAQUETE FISCAL 2026 - Los pol\u00edticos Veracruz<\/title>\n<meta name=\"robots\" content=\"index, follow, max-snippet:-1, max-image-preview:large, max-video-preview:-1\" \/>\n<link rel=\"canonical\" href=\"https:\/\/lospoliticosveracruz.com\/?p=155489\" \/>\n<meta property=\"og:locale\" content=\"es_ES\" \/>\n<meta property=\"og:type\" content=\"article\" \/>\n<meta property=\"og:title\" content=\"SENADO APRUEBA PAQUETE FISCAL 2026 - Los pol\u00edticos Veracruz\" \/>\n<meta property=\"og:description\" content=\"Ciudad de M\u00e9xico: Como parte del Paquete Econ\u00f3mico 2026, el Pleno del Senado de la Rep\u00fablica aprob\u00f3 los dict\u00e1menes que reforman la Ley Federal de Derechos (LFD), la Ley del Impuesto Especial sobre Producci\u00f3n y Servicios (IEPS) y el C\u00f3digo Fiscal de la Federaci\u00f3n (CFF), con el objetivo de alinear el sistema tributario a la [&hellip;]\" \/>\n<meta property=\"og:url\" content=\"https:\/\/lospoliticosveracruz.com\/?p=155489\" \/>\n<meta property=\"og:site_name\" content=\"Los pol\u00edticos Veracruz\" \/>\n<meta property=\"article:publisher\" content=\"https:\/\/www.facebook.com\/people\/Notimemes-de-los-Polticos\/61565672886568\/\" \/>\n<meta property=\"article:published_time\" content=\"2025-10-29T13:41:06+00:00\" \/>\n<meta property=\"article:modified_time\" content=\"2025-10-29T13:41:25+00:00\" \/>\n<meta property=\"og:image\" content=\"https:\/\/lospoliticosveracruz.com\/wp-content\/uploads\/2025\/10\/Yunes-Senador.jpg\" \/>\n\t<meta property=\"og:image:width\" content=\"600\" \/>\n\t<meta property=\"og:image:height\" content=\"320\" \/>\n\t<meta property=\"og:image:type\" content=\"image\/jpeg\" \/>\n<meta name=\"author\" content=\"Lo viste en Los Pol\u00edticos\" \/>\n<meta name=\"twitter:card\" content=\"summary_large_image\" \/>\n<meta name=\"twitter:creator\" content=\"@LosPoliticosVer\" \/>\n<meta name=\"twitter:site\" content=\"@LosPoliticosVer\" \/>\n<meta name=\"twitter:label1\" content=\"Escrito por\" \/>\n\t<meta name=\"twitter:data1\" content=\"Lo viste en Los Pol\u00edticos\" \/>\n\t<meta name=\"twitter:label2\" content=\"Tiempo de lectura\" \/>\n\t<meta name=\"twitter:data2\" content=\"2 minutos\" \/>\n<script type=\"application\/ld+json\" class=\"yoast-schema-graph\">{\"@context\":\"https:\\\/\\\/schema.org\",\"@graph\":[{\"@type\":\"Article\",\"@id\":\"https:\\\/\\\/lospoliticosveracruz.com\\\/?p=155489#article\",\"isPartOf\":{\"@id\":\"https:\\\/\\\/lospoliticosveracruz.com\\\/?p=155489\"},\"author\":{\"name\":\"Lo viste en Los Pol\u00edticos\",\"@id\":\"https:\\\/\\\/lospoliticosveracruz.com\\\/#\\\/schema\\\/person\\\/b8702bb0e538456e6efd07080bf2a4a2\"},\"headline\":\"SENADO APRUEBA PAQUETE FISCAL 2026\",\"datePublished\":\"2025-10-29T13:41:06+00:00\",\"dateModified\":\"2025-10-29T13:41:25+00:00\",\"mainEntityOfPage\":{\"@id\":\"https:\\\/\\\/lospoliticosveracruz.com\\\/?p=155489\"},\"wordCount\":500,\"publisher\":{\"@id\":\"https:\\\/\\\/lospoliticosveracruz.com\\\/#organization\"},\"image\":{\"@id\":\"https:\\\/\\\/lospoliticosveracruz.com\\\/?p=155489#primaryimage\"},\"thumbnailUrl\":\"https:\\\/\\\/lospoliticosveracruz.com\\\/wp-content\\\/uploads\\\/2025\\\/10\\\/Yunes-Senador.jpg\",\"keywords\":[\"Paquete Fiscal 2026\",\"Senado\"],\"articleSection\":[\"De Boleto\"],\"inLanguage\":\"es\"},{\"@type\":\"WebPage\",\"@id\":\"https:\\\/\\\/lospoliticosveracruz.com\\\/?p=155489\",\"url\":\"https:\\\/\\\/lospoliticosveracruz.com\\\/?p=155489\",\"name\":\"SENADO APRUEBA PAQUETE FISCAL 2026 - Los pol\u00edticos Veracruz\",\"isPartOf\":{\"@id\":\"https:\\\/\\\/lospoliticosveracruz.com\\\/#website\"},\"primaryImageOfPage\":{\"@id\":\"https:\\\/\\\/lospoliticosveracruz.com\\\/?p=155489#primaryimage\"},\"image\":{\"@id\":\"https:\\\/\\\/lospoliticosveracruz.com\\\/?p=155489#primaryimage\"},\"thumbnailUrl\":\"https:\\\/\\\/lospoliticosveracruz.com\\\/wp-content\\\/uploads\\\/2025\\\/10\\\/Yunes-Senador.jpg\",\"datePublished\":\"2025-10-29T13:41:06+00:00\",\"dateModified\":\"2025-10-29T13:41:25+00:00\",\"breadcrumb\":{\"@id\":\"https:\\\/\\\/lospoliticosveracruz.com\\\/?p=155489#breadcrumb\"},\"inLanguage\":\"es\",\"potentialAction\":[{\"@type\":\"ReadAction\",\"target\":[\"https:\\\/\\\/lospoliticosveracruz.com\\\/?p=155489\"]}]},{\"@type\":\"ImageObject\",\"inLanguage\":\"es\",\"@id\":\"https:\\\/\\\/lospoliticosveracruz.com\\\/?p=155489#primaryimage\",\"url\":\"https:\\\/\\\/lospoliticosveracruz.com\\\/wp-content\\\/uploads\\\/2025\\\/10\\\/Yunes-Senador.jpg\",\"contentUrl\":\"https:\\\/\\\/lospoliticosveracruz.com\\\/wp-content\\\/uploads\\\/2025\\\/10\\\/Yunes-Senador.jpg\",\"width\":600,\"height\":320},{\"@type\":\"BreadcrumbList\",\"@id\":\"https:\\\/\\\/lospoliticosveracruz.com\\\/?p=155489#breadcrumb\",\"itemListElement\":[{\"@type\":\"ListItem\",\"position\":1,\"name\":\"Portada\",\"item\":\"https:\\\/\\\/lospoliticosveracruz.com\\\/\"},{\"@type\":\"ListItem\",\"position\":2,\"name\":\"SENADO APRUEBA PAQUETE FISCAL 2026\"}]},{\"@type\":\"WebSite\",\"@id\":\"https:\\\/\\\/lospoliticosveracruz.com\\\/#website\",\"url\":\"https:\\\/\\\/lospoliticosveracruz.com\\\/\",\"name\":\"Los pol\u00edticos Veracruz\",\"description\":\"\",\"publisher\":{\"@id\":\"https:\\\/\\\/lospoliticosveracruz.com\\\/#organization\"},\"potentialAction\":[{\"@type\":\"SearchAction\",\"target\":{\"@type\":\"EntryPoint\",\"urlTemplate\":\"https:\\\/\\\/lospoliticosveracruz.com\\\/?s={search_term_string}\"},\"query-input\":{\"@type\":\"PropertyValueSpecification\",\"valueRequired\":true,\"valueName\":\"search_term_string\"}}],\"inLanguage\":\"es\"},{\"@type\":\"Organization\",\"@id\":\"https:\\\/\\\/lospoliticosveracruz.com\\\/#organization\",\"name\":\"Los pol\u00edticos Veracruz\",\"url\":\"https:\\\/\\\/lospoliticosveracruz.com\\\/\",\"logo\":{\"@type\":\"ImageObject\",\"inLanguage\":\"es\",\"@id\":\"https:\\\/\\\/lospoliticosveracruz.com\\\/#\\\/schema\\\/logo\\\/image\\\/\",\"url\":\"https:\\\/\\\/lospoliticosveracruz.com\\\/wp-content\\\/uploads\\\/2025\\\/12\\\/Logo-Nuevo-LOS-POLITICOS-1.jpg\",\"contentUrl\":\"https:\\\/\\\/lospoliticosveracruz.com\\\/wp-content\\\/uploads\\\/2025\\\/12\\\/Logo-Nuevo-LOS-POLITICOS-1.jpg\",\"width\":260,\"height\":70,\"caption\":\"Los pol\u00edticos Veracruz\"},\"image\":{\"@id\":\"https:\\\/\\\/lospoliticosveracruz.com\\\/#\\\/schema\\\/logo\\\/image\\\/\"},\"sameAs\":[\"https:\\\/\\\/www.facebook.com\\\/people\\\/Notimemes-de-los-Polticos\\\/61565672886568\\\/\",\"https:\\\/\\\/x.com\\\/LosPoliticosVer\"]},{\"@type\":\"Person\",\"@id\":\"https:\\\/\\\/lospoliticosveracruz.com\\\/#\\\/schema\\\/person\\\/b8702bb0e538456e6efd07080bf2a4a2\",\"name\":\"Lo viste en Los Pol\u00edticos\",\"image\":{\"@type\":\"ImageObject\",\"inLanguage\":\"es\",\"@id\":\"https:\\\/\\\/secure.gravatar.com\\\/avatar\\\/3a8de04a2656d44082be478bd6c086daa447c4651605818287b9532d3d0bd435?s=96&d=mm&r=g\",\"url\":\"https:\\\/\\\/secure.gravatar.com\\\/avatar\\\/3a8de04a2656d44082be478bd6c086daa447c4651605818287b9532d3d0bd435?s=96&d=mm&r=g\",\"contentUrl\":\"https:\\\/\\\/secure.gravatar.com\\\/avatar\\\/3a8de04a2656d44082be478bd6c086daa447c4651605818287b9532d3d0bd435?s=96&d=mm&r=g\",\"caption\":\"Lo viste en Los Pol\u00edticos\"},\"url\":\"https:\\\/\\\/lospoliticosveracruz.com\\\/?author=2\"}]}<\/script>\n<!-- \/ Yoast SEO plugin. -->","yoast_head_json":{"title":"SENADO APRUEBA PAQUETE FISCAL 2026 - Los pol\u00edticos Veracruz","robots":{"index":"index","follow":"follow","max-snippet":"max-snippet:-1","max-image-preview":"max-image-preview:large","max-video-preview":"max-video-preview:-1"},"canonical":"https:\/\/lospoliticosveracruz.com\/?p=155489","og_locale":"es_ES","og_type":"article","og_title":"SENADO APRUEBA PAQUETE FISCAL 2026 - Los pol\u00edticos Veracruz","og_description":"Ciudad de M\u00e9xico: Como parte del Paquete Econ\u00f3mico 2026, el Pleno del Senado de la Rep\u00fablica aprob\u00f3 los dict\u00e1menes que reforman la Ley Federal de Derechos (LFD), la Ley del Impuesto Especial sobre Producci\u00f3n y Servicios (IEPS) y el C\u00f3digo Fiscal de la Federaci\u00f3n (CFF), con el objetivo de alinear el sistema tributario a la [&hellip;]","og_url":"https:\/\/lospoliticosveracruz.com\/?p=155489","og_site_name":"Los pol\u00edticos Veracruz","article_publisher":"https:\/\/www.facebook.com\/people\/Notimemes-de-los-Polticos\/61565672886568\/","article_published_time":"2025-10-29T13:41:06+00:00","article_modified_time":"2025-10-29T13:41:25+00:00","og_image":[{"width":600,"height":320,"url":"https:\/\/lospoliticosveracruz.com\/wp-content\/uploads\/2025\/10\/Yunes-Senador.jpg","type":"image\/jpeg"}],"author":"Lo viste en Los Pol\u00edticos","twitter_card":"summary_large_image","twitter_creator":"@LosPoliticosVer","twitter_site":"@LosPoliticosVer","twitter_misc":{"Escrito por":"Lo viste en Los Pol\u00edticos","Tiempo de lectura":"2 minutos"},"schema":{"@context":"https:\/\/schema.org","@graph":[{"@type":"Article","@id":"https:\/\/lospoliticosveracruz.com\/?p=155489#article","isPartOf":{"@id":"https:\/\/lospoliticosveracruz.com\/?p=155489"},"author":{"name":"Lo viste en Los Pol\u00edticos","@id":"https:\/\/lospoliticosveracruz.com\/#\/schema\/person\/b8702bb0e538456e6efd07080bf2a4a2"},"headline":"SENADO APRUEBA PAQUETE FISCAL 2026","datePublished":"2025-10-29T13:41:06+00:00","dateModified":"2025-10-29T13:41:25+00:00","mainEntityOfPage":{"@id":"https:\/\/lospoliticosveracruz.com\/?p=155489"},"wordCount":500,"publisher":{"@id":"https:\/\/lospoliticosveracruz.com\/#organization"},"image":{"@id":"https:\/\/lospoliticosveracruz.com\/?p=155489#primaryimage"},"thumbnailUrl":"https:\/\/lospoliticosveracruz.com\/wp-content\/uploads\/2025\/10\/Yunes-Senador.jpg","keywords":["Paquete Fiscal 2026","Senado"],"articleSection":["De Boleto"],"inLanguage":"es"},{"@type":"WebPage","@id":"https:\/\/lospoliticosveracruz.com\/?p=155489","url":"https:\/\/lospoliticosveracruz.com\/?p=155489","name":"SENADO APRUEBA PAQUETE FISCAL 2026 - Los pol\u00edticos Veracruz","isPartOf":{"@id":"https:\/\/lospoliticosveracruz.com\/#website"},"primaryImageOfPage":{"@id":"https:\/\/lospoliticosveracruz.com\/?p=155489#primaryimage"},"image":{"@id":"https:\/\/lospoliticosveracruz.com\/?p=155489#primaryimage"},"thumbnailUrl":"https:\/\/lospoliticosveracruz.com\/wp-content\/uploads\/2025\/10\/Yunes-Senador.jpg","datePublished":"2025-10-29T13:41:06+00:00","dateModified":"2025-10-29T13:41:25+00:00","breadcrumb":{"@id":"https:\/\/lospoliticosveracruz.com\/?p=155489#breadcrumb"},"inLanguage":"es","potentialAction":[{"@type":"ReadAction","target":["https:\/\/lospoliticosveracruz.com\/?p=155489"]}]},{"@type":"ImageObject","inLanguage":"es","@id":"https:\/\/lospoliticosveracruz.com\/?p=155489#primaryimage","url":"https:\/\/lospoliticosveracruz.com\/wp-content\/uploads\/2025\/10\/Yunes-Senador.jpg","contentUrl":"https:\/\/lospoliticosveracruz.com\/wp-content\/uploads\/2025\/10\/Yunes-Senador.jpg","width":600,"height":320},{"@type":"BreadcrumbList","@id":"https:\/\/lospoliticosveracruz.com\/?p=155489#breadcrumb","itemListElement":[{"@type":"ListItem","position":1,"name":"Portada","item":"https:\/\/lospoliticosveracruz.com\/"},{"@type":"ListItem","position":2,"name":"SENADO APRUEBA PAQUETE FISCAL 2026"}]},{"@type":"WebSite","@id":"https:\/\/lospoliticosveracruz.com\/#website","url":"https:\/\/lospoliticosveracruz.com\/","name":"Los pol\u00edticos Veracruz","description":"","publisher":{"@id":"https:\/\/lospoliticosveracruz.com\/#organization"},"potentialAction":[{"@type":"SearchAction","target":{"@type":"EntryPoint","urlTemplate":"https:\/\/lospoliticosveracruz.com\/?s={search_term_string}"},"query-input":{"@type":"PropertyValueSpecification","valueRequired":true,"valueName":"search_term_string"}}],"inLanguage":"es"},{"@type":"Organization","@id":"https:\/\/lospoliticosveracruz.com\/#organization","name":"Los pol\u00edticos Veracruz","url":"https:\/\/lospoliticosveracruz.com\/","logo":{"@type":"ImageObject","inLanguage":"es","@id":"https:\/\/lospoliticosveracruz.com\/#\/schema\/logo\/image\/","url":"https:\/\/lospoliticosveracruz.com\/wp-content\/uploads\/2025\/12\/Logo-Nuevo-LOS-POLITICOS-1.jpg","contentUrl":"https:\/\/lospoliticosveracruz.com\/wp-content\/uploads\/2025\/12\/Logo-Nuevo-LOS-POLITICOS-1.jpg","width":260,"height":70,"caption":"Los pol\u00edticos Veracruz"},"image":{"@id":"https:\/\/lospoliticosveracruz.com\/#\/schema\/logo\/image\/"},"sameAs":["https:\/\/www.facebook.com\/people\/Notimemes-de-los-Polticos\/61565672886568\/","https:\/\/x.com\/LosPoliticosVer"]},{"@type":"Person","@id":"https:\/\/lospoliticosveracruz.com\/#\/schema\/person\/b8702bb0e538456e6efd07080bf2a4a2","name":"Lo viste en Los Pol\u00edticos","image":{"@type":"ImageObject","inLanguage":"es","@id":"https:\/\/secure.gravatar.com\/avatar\/3a8de04a2656d44082be478bd6c086daa447c4651605818287b9532d3d0bd435?s=96&d=mm&r=g","url":"https:\/\/secure.gravatar.com\/avatar\/3a8de04a2656d44082be478bd6c086daa447c4651605818287b9532d3d0bd435?s=96&d=mm&r=g","contentUrl":"https:\/\/secure.gravatar.com\/avatar\/3a8de04a2656d44082be478bd6c086daa447c4651605818287b9532d3d0bd435?s=96&d=mm&r=g","caption":"Lo viste en Los Pol\u00edticos"},"url":"https:\/\/lospoliticosveracruz.com\/?author=2"}]}},"_links":{"self":[{"href":"https:\/\/lospoliticosveracruz.com\/index.php?rest_route=\/wp\/v2\/posts\/155489","targetHints":{"allow":["GET"]}}],"collection":[{"href":"https:\/\/lospoliticosveracruz.com\/index.php?rest_route=\/wp\/v2\/posts"}],"about":[{"href":"https:\/\/lospoliticosveracruz.com\/index.php?rest_route=\/wp\/v2\/types\/post"}],"author":[{"embeddable":true,"href":"https:\/\/lospoliticosveracruz.com\/index.php?rest_route=\/wp\/v2\/users\/2"}],"replies":[{"embeddable":true,"href":"https:\/\/lospoliticosveracruz.com\/index.php?rest_route=%2Fwp%2Fv2%2Fcomments&post=155489"}],"version-history":[{"count":2,"href":"https:\/\/lospoliticosveracruz.com\/index.php?rest_route=\/wp\/v2\/posts\/155489\/revisions"}],"predecessor-version":[{"id":155493,"href":"https:\/\/lospoliticosveracruz.com\/index.php?rest_route=\/wp\/v2\/posts\/155489\/revisions\/155493"}],"wp:featuredmedia":[{"embeddable":true,"href":"https:\/\/lospoliticosveracruz.com\/index.php?rest_route=\/wp\/v2\/media\/155491"}],"wp:attachment":[{"href":"https:\/\/lospoliticosveracruz.com\/index.php?rest_route=%2Fwp%2Fv2%2Fmedia&parent=155489"}],"wp:term":[{"taxonomy":"category","embeddable":true,"href":"https:\/\/lospoliticosveracruz.com\/index.php?rest_route=%2Fwp%2Fv2%2Fcategories&post=155489"},{"taxonomy":"post_tag","embeddable":true,"href":"https:\/\/lospoliticosveracruz.com\/index.php?rest_route=%2Fwp%2Fv2%2Ftags&post=155489"}],"curies":[{"name":"wp","href":"https:\/\/api.w.org\/{rel}","templated":true}]}}