{"id":155641,"date":"2025-10-31T08:25:34","date_gmt":"2025-10-31T14:25:34","guid":{"rendered":"https:\/\/lospoliticosveracruz.com.mx\/?p=155641"},"modified":"2025-10-31T08:26:29","modified_gmt":"2025-10-31T14:26:29","slug":"mas-leyes-mas-penas-y-mas-crimenes","status":"publish","type":"post","link":"https:\/\/lospoliticosveracruz.com\/?p=155641","title":{"rendered":"M\u00c1S LEYES, M\u00c1S PENAS Y M\u00c1S CR\u00cdMENES"},"content":{"rendered":"\n<p><strong>Felipe de Jes\u00fas Fern\u00e1ndez Basilio<\/strong><\/p>\n\n\n\n<p><em>Desde A Janela<\/em><\/p>\n\n\n\n<p>En M\u00e9xico existe una realidad muy cruel, la cual consiste en que a causa de un determinado caso medi\u00e1tico o debido a presiones sociales, cobran relevancia&nbsp;diversas&nbsp;situaciones&nbsp;delictivas.<\/p>\n\n\n\n\n\n<p>As\u00ed, ahora se habla de la extorsi\u00f3n, como antes se ha hablado de la violencia intrafamiliar (m\u00e1s si las receptoras son mujeres), de la pederastia, de los fraudes y un sin n\u00famero de situaciones delictuosas que han sido comentadas de manera abundante durante un determinado tiempo.<\/p>\n\n\n\n<p>En todos los casos, la soluci\u00f3n que ha dado el Estado ha sido la creaci\u00f3n de leyes especiales y\/o la adici\u00f3n a los c\u00f3digos penales para determinar nuevas situaciones que revisten el car\u00e1cter de delito o imponer penas mayores para delitos existentes.<\/p>\n\n\n\n<p>La intenci\u00f3n&nbsp;pol\u00edtica&nbsp;de esas adiciones a las leyes y penas es que con ellas el posible delincuente se&nbsp;atemorice por el castigo que podr\u00eda recibir y, en consecuencia, se abstenga de cometer el delito.<\/p>\n\n\n\n<p>Y s\u00ed, ser\u00eda un argumento v\u00e1lido si se hicieran cumplir esas nuevas leyes; pero como eso no sucede, la realidad es que ese argumento&nbsp;resulta ser una falacia.<\/p>\n\n\n\n<p>As\u00ed es, mientras haya impunidad de nada sirve llenarse de leyes con penas muy largas, porque mientras el delincuente sepa perfectamente que&nbsp;(como dijera el mayor infractor de ley que hemos&nbsp;tenido como presidente)&nbsp;la ley es&nbsp;un cuento, no tiene raz\u00f3n alguna para preocuparse.<\/p>\n\n\n\n<p>Y es que, efectivamente en M\u00e9xico la ley es un cuento debido a que no se aplica y si se llega a aplicar, es porque quien fue v\u00edctima de un delito dio miles de vueltas con el consiguiente desgaste an\u00edmico y econ\u00f3mico.<\/p>\n\n\n\n<p>\u00bfDe qu\u00e9 sirve que se haya creado una ley con el rimbombante nombre de \u201cLey General para Prevenir, Investigar y Sancionar los Delitos en Materia de Extorsi\u00f3n\u201d con penalidades de hasta 25 a\u00f1os de prisi\u00f3n para quienes cometan tal delito<a><\/a>&nbsp;si qui\u00e9n sea extorsionado y presente una denuncia se ver\u00e1 atrapado en un laberinto burocr\u00e1tico interminable&nbsp;llamado fiscal\u00eda y muy probablemente nunca llegue a ver a un juez?<\/p>\n\n\n\n<p>As\u00ed es, la realidad es que cada vez que se presenta una denuncia, hay miles de pretextos para que esta no camine y eso los delincuentes lo saben perfectamente.<\/p>\n\n\n\n<p>En M\u00e9xico las cifras de impunidad rondan en el 90 por ciento, algo verdaderamente escandaloso.<\/p>\n\n\n\n<p>Pero \u00bfPor qu\u00e9 sucede esto?<\/p>\n\n\n\n<p>Por algo muy sencillo, legislar es muy barato, ya que solo basta hablar y redactar un texto para tener una ley muy bonita y unas penas enormes; pero aplicar esas leyes y penas, tiene un costo muy elevado, costo que el gobierno no quiere pagar, porque de hacerlo ya no podr\u00eda comprar votos a trav\u00e9s de pensiones y becas.<\/p>\n\n\n\n<p>Para investigar debida y diligentemente la comisi\u00f3n de un delito se requiere una polic\u00eda profesional que lo haga, polic\u00eda que necesita tener muchos elementos, los cuales a su vez deben de estar plenamente capacitados para ejercer sus funciones y adem\u00e1s deben de tener una remuneraci\u00f3n acorde a su nivel de especialidad.<\/p>\n\n\n\n<p>Mientras que los fiscales tienen que ser especialistas en litigaci\u00f3n, lo cual tambi\u00e9n es oneroso por razones de capacitaci\u00f3n y remuneraci\u00f3n.<\/p>\n\n\n\n<p>Pero como el Estado mexicano no quiere gastar en procurar justicia, la v\u00edctima es quien tiene que investigar por sus medios (generalmente muy limitados)los pocos fiscales que hay (mal capacitados y mal remunerados) arman lo que pueden si es que pueden y si no, van demorando la integraci\u00f3n de las carpetas.<\/p>\n\n\n\n<p>Porque tambi\u00e9n hay que decirlo, en M\u00e9xico la cantidad de fiscales es notoriamente insuficiente para la poblaci\u00f3n que tienen que atender y el dise\u00f1o de su carga de trabajo es inadecuado para brindar un buen servicio.<\/p>\n\n\n\n<p>Por ejemplo, un fiscal pierde much\u00edsimo tiempo tomando denuncias&nbsp;cuando esa labor es netamente policial, pero al tener que hacerlo, necesariamente su labor se vuelve ineficiente.<\/p>\n\n\n\n<p>Pero como ya dijimos, no existe la voluntad pol\u00edtica de gastar fuertes cantidades de dinero para crear y mantener una verdadera polic\u00eda investigadora y por ello seguir\u00e1 habiendo m\u00e1s leyes y penas y tambi\u00e9n m\u00e1s cr\u00edmenes.<\/p>\n\n\n\n<p><a href=\"mailto:felfebas@gmail.com\">felfebas@gmail.com<\/a><\/p>\n\n\n\n<p>Twitter: @FelipeFBasilio<\/p>\n","protected":false},"excerpt":{"rendered":"<p>Felipe de Jes\u00fas Fern\u00e1ndez Basilio Desde A Janela En M\u00e9xico existe una realidad muy cruel, la cual consiste en que a causa de un determinado caso medi\u00e1tico o debido a presiones sociales, cobran relevancia&nbsp;diversas&nbsp;situaciones&nbsp;delictivas. As\u00ed, ahora se habla de la extorsi\u00f3n, como antes se ha hablado de la violencia intrafamiliar (m\u00e1s si las receptoras son [&hellip;]<\/p>\n","protected":false},"author":2,"featured_media":141384,"comment_status":"closed","ping_status":"closed","sticky":false,"template":"","format":"standard","meta":{"tdm_status":"","tdm_grid_status":"","footnotes":""},"categories":[70],"tags":[29504],"class_list":{"0":"post-155641","1":"post","2":"type-post","3":"status-publish","4":"format-standard","5":"has-post-thumbnail","7":"category-de-opinion","8":"tag-leyes"},"yoast_head":"<!-- This site is optimized with the Yoast SEO plugin v27.4 - https:\/\/yoast.com\/product\/yoast-seo-wordpress\/ -->\n<title>M\u00c1S LEYES, M\u00c1S PENAS Y M\u00c1S CR\u00cdMENES - Los pol\u00edticos Veracruz<\/title>\n<meta name=\"robots\" content=\"index, follow, max-snippet:-1, max-image-preview:large, max-video-preview:-1\" \/>\n<link rel=\"canonical\" href=\"https:\/\/lospoliticosveracruz.com\/?p=155641\" \/>\n<meta property=\"og:locale\" content=\"es_ES\" \/>\n<meta property=\"og:type\" content=\"article\" \/>\n<meta property=\"og:title\" content=\"M\u00c1S LEYES, M\u00c1S PENAS Y M\u00c1S CR\u00cdMENES - Los pol\u00edticos Veracruz\" \/>\n<meta property=\"og:description\" content=\"Felipe de Jes\u00fas Fern\u00e1ndez Basilio Desde A Janela En M\u00e9xico existe una realidad muy cruel, la cual consiste en que a causa de un determinado caso medi\u00e1tico o debido a presiones sociales, cobran relevancia&nbsp;diversas&nbsp;situaciones&nbsp;delictivas. As\u00ed, ahora se habla de la extorsi\u00f3n, como antes se ha hablado de la violencia intrafamiliar (m\u00e1s si las receptoras son [&hellip;]\" \/>\n<meta property=\"og:url\" content=\"https:\/\/lospoliticosveracruz.com\/?p=155641\" \/>\n<meta property=\"og:site_name\" content=\"Los pol\u00edticos Veracruz\" \/>\n<meta property=\"article:publisher\" content=\"https:\/\/www.facebook.com\/people\/Notimemes-de-los-Polticos\/61565672886568\/\" \/>\n<meta property=\"article:published_time\" content=\"2025-10-31T14:25:34+00:00\" \/>\n<meta property=\"article:modified_time\" content=\"2025-10-31T14:26:29+00:00\" \/>\n<meta property=\"og:image\" content=\"https:\/\/lospoliticosveracruz.com\/wp-content\/uploads\/2025\/04\/Felipe-Fernandez-Basilio-e1767959429910.jpg\" \/>\n\t<meta property=\"og:image:width\" content=\"600\" \/>\n\t<meta property=\"og:image:height\" content=\"320\" \/>\n\t<meta property=\"og:image:type\" content=\"image\/jpeg\" \/>\n<meta name=\"author\" content=\"Lo viste en Los Pol\u00edticos\" \/>\n<meta name=\"twitter:card\" content=\"summary_large_image\" \/>\n<meta name=\"twitter:creator\" content=\"@LosPoliticosVer\" \/>\n<meta name=\"twitter:site\" content=\"@LosPoliticosVer\" \/>\n<meta name=\"twitter:label1\" content=\"Escrito por\" \/>\n\t<meta name=\"twitter:data1\" content=\"Lo viste en Los Pol\u00edticos\" \/>\n\t<meta name=\"twitter:label2\" content=\"Tiempo de lectura\" \/>\n\t<meta name=\"twitter:data2\" content=\"4 minutos\" \/>\n<script type=\"application\/ld+json\" class=\"yoast-schema-graph\">{\"@context\":\"https:\\\/\\\/schema.org\",\"@graph\":[{\"@type\":\"Article\",\"@id\":\"https:\\\/\\\/lospoliticosveracruz.com\\\/?p=155641#article\",\"isPartOf\":{\"@id\":\"https:\\\/\\\/lospoliticosveracruz.com\\\/?p=155641\"},\"author\":{\"name\":\"Lo viste en Los Pol\u00edticos\",\"@id\":\"https:\\\/\\\/lospoliticosveracruz.com\\\/#\\\/schema\\\/person\\\/b8702bb0e538456e6efd07080bf2a4a2\"},\"headline\":\"M\u00c1S LEYES, M\u00c1S PENAS Y M\u00c1S CR\u00cdMENES\",\"datePublished\":\"2025-10-31T14:25:34+00:00\",\"dateModified\":\"2025-10-31T14:26:29+00:00\",\"mainEntityOfPage\":{\"@id\":\"https:\\\/\\\/lospoliticosveracruz.com\\\/?p=155641\"},\"wordCount\":755,\"publisher\":{\"@id\":\"https:\\\/\\\/lospoliticosveracruz.com\\\/#organization\"},\"image\":{\"@id\":\"https:\\\/\\\/lospoliticosveracruz.com\\\/?p=155641#primaryimage\"},\"thumbnailUrl\":\"https:\\\/\\\/lospoliticosveracruz.com\\\/wp-content\\\/uploads\\\/2025\\\/04\\\/Felipe-Fernandez-Basilio-e1767959429910.jpg\",\"keywords\":[\"Leyes\"],\"articleSection\":[\"De Opini\u00f3n\"],\"inLanguage\":\"es\"},{\"@type\":\"WebPage\",\"@id\":\"https:\\\/\\\/lospoliticosveracruz.com\\\/?p=155641\",\"url\":\"https:\\\/\\\/lospoliticosveracruz.com\\\/?p=155641\",\"name\":\"M\u00c1S LEYES, M\u00c1S PENAS Y M\u00c1S CR\u00cdMENES - Los pol\u00edticos Veracruz\",\"isPartOf\":{\"@id\":\"https:\\\/\\\/lospoliticosveracruz.com\\\/#website\"},\"primaryImageOfPage\":{\"@id\":\"https:\\\/\\\/lospoliticosveracruz.com\\\/?p=155641#primaryimage\"},\"image\":{\"@id\":\"https:\\\/\\\/lospoliticosveracruz.com\\\/?p=155641#primaryimage\"},\"thumbnailUrl\":\"https:\\\/\\\/lospoliticosveracruz.com\\\/wp-content\\\/uploads\\\/2025\\\/04\\\/Felipe-Fernandez-Basilio-e1767959429910.jpg\",\"datePublished\":\"2025-10-31T14:25:34+00:00\",\"dateModified\":\"2025-10-31T14:26:29+00:00\",\"breadcrumb\":{\"@id\":\"https:\\\/\\\/lospoliticosveracruz.com\\\/?p=155641#breadcrumb\"},\"inLanguage\":\"es\",\"potentialAction\":[{\"@type\":\"ReadAction\",\"target\":[\"https:\\\/\\\/lospoliticosveracruz.com\\\/?p=155641\"]}]},{\"@type\":\"ImageObject\",\"inLanguage\":\"es\",\"@id\":\"https:\\\/\\\/lospoliticosveracruz.com\\\/?p=155641#primaryimage\",\"url\":\"https:\\\/\\\/lospoliticosveracruz.com\\\/wp-content\\\/uploads\\\/2025\\\/04\\\/Felipe-Fernandez-Basilio-e1767959429910.jpg\",\"contentUrl\":\"https:\\\/\\\/lospoliticosveracruz.com\\\/wp-content\\\/uploads\\\/2025\\\/04\\\/Felipe-Fernandez-Basilio-e1767959429910.jpg\",\"width\":600,\"height\":320},{\"@type\":\"BreadcrumbList\",\"@id\":\"https:\\\/\\\/lospoliticosveracruz.com\\\/?p=155641#breadcrumb\",\"itemListElement\":[{\"@type\":\"ListItem\",\"position\":1,\"name\":\"Portada\",\"item\":\"https:\\\/\\\/lospoliticosveracruz.com\\\/\"},{\"@type\":\"ListItem\",\"position\":2,\"name\":\"M\u00c1S LEYES, M\u00c1S PENAS Y M\u00c1S CR\u00cdMENES\"}]},{\"@type\":\"WebSite\",\"@id\":\"https:\\\/\\\/lospoliticosveracruz.com\\\/#website\",\"url\":\"https:\\\/\\\/lospoliticosveracruz.com\\\/\",\"name\":\"Los pol\u00edticos Veracruz\",\"description\":\"\",\"publisher\":{\"@id\":\"https:\\\/\\\/lospoliticosveracruz.com\\\/#organization\"},\"potentialAction\":[{\"@type\":\"SearchAction\",\"target\":{\"@type\":\"EntryPoint\",\"urlTemplate\":\"https:\\\/\\\/lospoliticosveracruz.com\\\/?s={search_term_string}\"},\"query-input\":{\"@type\":\"PropertyValueSpecification\",\"valueRequired\":true,\"valueName\":\"search_term_string\"}}],\"inLanguage\":\"es\"},{\"@type\":\"Organization\",\"@id\":\"https:\\\/\\\/lospoliticosveracruz.com\\\/#organization\",\"name\":\"Los pol\u00edticos Veracruz\",\"url\":\"https:\\\/\\\/lospoliticosveracruz.com\\\/\",\"logo\":{\"@type\":\"ImageObject\",\"inLanguage\":\"es\",\"@id\":\"https:\\\/\\\/lospoliticosveracruz.com\\\/#\\\/schema\\\/logo\\\/image\\\/\",\"url\":\"https:\\\/\\\/lospoliticosveracruz.com\\\/wp-content\\\/uploads\\\/2025\\\/12\\\/Logo-Nuevo-LOS-POLITICOS-1.jpg\",\"contentUrl\":\"https:\\\/\\\/lospoliticosveracruz.com\\\/wp-content\\\/uploads\\\/2025\\\/12\\\/Logo-Nuevo-LOS-POLITICOS-1.jpg\",\"width\":260,\"height\":70,\"caption\":\"Los pol\u00edticos Veracruz\"},\"image\":{\"@id\":\"https:\\\/\\\/lospoliticosveracruz.com\\\/#\\\/schema\\\/logo\\\/image\\\/\"},\"sameAs\":[\"https:\\\/\\\/www.facebook.com\\\/people\\\/Notimemes-de-los-Polticos\\\/61565672886568\\\/\",\"https:\\\/\\\/x.com\\\/LosPoliticosVer\"]},{\"@type\":\"Person\",\"@id\":\"https:\\\/\\\/lospoliticosveracruz.com\\\/#\\\/schema\\\/person\\\/b8702bb0e538456e6efd07080bf2a4a2\",\"name\":\"Lo viste en Los Pol\u00edticos\",\"image\":{\"@type\":\"ImageObject\",\"inLanguage\":\"es\",\"@id\":\"https:\\\/\\\/secure.gravatar.com\\\/avatar\\\/3a8de04a2656d44082be478bd6c086daa447c4651605818287b9532d3d0bd435?s=96&d=mm&r=g\",\"url\":\"https:\\\/\\\/secure.gravatar.com\\\/avatar\\\/3a8de04a2656d44082be478bd6c086daa447c4651605818287b9532d3d0bd435?s=96&d=mm&r=g\",\"contentUrl\":\"https:\\\/\\\/secure.gravatar.com\\\/avatar\\\/3a8de04a2656d44082be478bd6c086daa447c4651605818287b9532d3d0bd435?s=96&d=mm&r=g\",\"caption\":\"Lo viste en Los Pol\u00edticos\"},\"url\":\"https:\\\/\\\/lospoliticosveracruz.com\\\/?author=2\"}]}<\/script>\n<!-- \/ Yoast SEO plugin. -->","yoast_head_json":{"title":"M\u00c1S LEYES, M\u00c1S PENAS Y M\u00c1S CR\u00cdMENES - Los pol\u00edticos Veracruz","robots":{"index":"index","follow":"follow","max-snippet":"max-snippet:-1","max-image-preview":"max-image-preview:large","max-video-preview":"max-video-preview:-1"},"canonical":"https:\/\/lospoliticosveracruz.com\/?p=155641","og_locale":"es_ES","og_type":"article","og_title":"M\u00c1S LEYES, M\u00c1S PENAS Y M\u00c1S CR\u00cdMENES - Los pol\u00edticos Veracruz","og_description":"Felipe de Jes\u00fas Fern\u00e1ndez Basilio Desde A Janela En M\u00e9xico existe una realidad muy cruel, la cual consiste en que a causa de un determinado caso medi\u00e1tico o debido a presiones sociales, cobran relevancia&nbsp;diversas&nbsp;situaciones&nbsp;delictivas. As\u00ed, ahora se habla de la extorsi\u00f3n, como antes se ha hablado de la violencia intrafamiliar (m\u00e1s si las receptoras son [&hellip;]","og_url":"https:\/\/lospoliticosveracruz.com\/?p=155641","og_site_name":"Los pol\u00edticos Veracruz","article_publisher":"https:\/\/www.facebook.com\/people\/Notimemes-de-los-Polticos\/61565672886568\/","article_published_time":"2025-10-31T14:25:34+00:00","article_modified_time":"2025-10-31T14:26:29+00:00","og_image":[{"width":600,"height":320,"url":"https:\/\/lospoliticosveracruz.com\/wp-content\/uploads\/2025\/04\/Felipe-Fernandez-Basilio-e1767959429910.jpg","type":"image\/jpeg"}],"author":"Lo viste en Los Pol\u00edticos","twitter_card":"summary_large_image","twitter_creator":"@LosPoliticosVer","twitter_site":"@LosPoliticosVer","twitter_misc":{"Escrito por":"Lo viste en Los Pol\u00edticos","Tiempo de lectura":"4 minutos"},"schema":{"@context":"https:\/\/schema.org","@graph":[{"@type":"Article","@id":"https:\/\/lospoliticosveracruz.com\/?p=155641#article","isPartOf":{"@id":"https:\/\/lospoliticosveracruz.com\/?p=155641"},"author":{"name":"Lo viste en Los Pol\u00edticos","@id":"https:\/\/lospoliticosveracruz.com\/#\/schema\/person\/b8702bb0e538456e6efd07080bf2a4a2"},"headline":"M\u00c1S LEYES, M\u00c1S PENAS Y M\u00c1S CR\u00cdMENES","datePublished":"2025-10-31T14:25:34+00:00","dateModified":"2025-10-31T14:26:29+00:00","mainEntityOfPage":{"@id":"https:\/\/lospoliticosveracruz.com\/?p=155641"},"wordCount":755,"publisher":{"@id":"https:\/\/lospoliticosveracruz.com\/#organization"},"image":{"@id":"https:\/\/lospoliticosveracruz.com\/?p=155641#primaryimage"},"thumbnailUrl":"https:\/\/lospoliticosveracruz.com\/wp-content\/uploads\/2025\/04\/Felipe-Fernandez-Basilio-e1767959429910.jpg","keywords":["Leyes"],"articleSection":["De Opini\u00f3n"],"inLanguage":"es"},{"@type":"WebPage","@id":"https:\/\/lospoliticosveracruz.com\/?p=155641","url":"https:\/\/lospoliticosveracruz.com\/?p=155641","name":"M\u00c1S LEYES, M\u00c1S PENAS Y M\u00c1S CR\u00cdMENES - Los pol\u00edticos Veracruz","isPartOf":{"@id":"https:\/\/lospoliticosveracruz.com\/#website"},"primaryImageOfPage":{"@id":"https:\/\/lospoliticosveracruz.com\/?p=155641#primaryimage"},"image":{"@id":"https:\/\/lospoliticosveracruz.com\/?p=155641#primaryimage"},"thumbnailUrl":"https:\/\/lospoliticosveracruz.com\/wp-content\/uploads\/2025\/04\/Felipe-Fernandez-Basilio-e1767959429910.jpg","datePublished":"2025-10-31T14:25:34+00:00","dateModified":"2025-10-31T14:26:29+00:00","breadcrumb":{"@id":"https:\/\/lospoliticosveracruz.com\/?p=155641#breadcrumb"},"inLanguage":"es","potentialAction":[{"@type":"ReadAction","target":["https:\/\/lospoliticosveracruz.com\/?p=155641"]}]},{"@type":"ImageObject","inLanguage":"es","@id":"https:\/\/lospoliticosveracruz.com\/?p=155641#primaryimage","url":"https:\/\/lospoliticosveracruz.com\/wp-content\/uploads\/2025\/04\/Felipe-Fernandez-Basilio-e1767959429910.jpg","contentUrl":"https:\/\/lospoliticosveracruz.com\/wp-content\/uploads\/2025\/04\/Felipe-Fernandez-Basilio-e1767959429910.jpg","width":600,"height":320},{"@type":"BreadcrumbList","@id":"https:\/\/lospoliticosveracruz.com\/?p=155641#breadcrumb","itemListElement":[{"@type":"ListItem","position":1,"name":"Portada","item":"https:\/\/lospoliticosveracruz.com\/"},{"@type":"ListItem","position":2,"name":"M\u00c1S LEYES, M\u00c1S PENAS Y M\u00c1S CR\u00cdMENES"}]},{"@type":"WebSite","@id":"https:\/\/lospoliticosveracruz.com\/#website","url":"https:\/\/lospoliticosveracruz.com\/","name":"Los pol\u00edticos Veracruz","description":"","publisher":{"@id":"https:\/\/lospoliticosveracruz.com\/#organization"},"potentialAction":[{"@type":"SearchAction","target":{"@type":"EntryPoint","urlTemplate":"https:\/\/lospoliticosveracruz.com\/?s={search_term_string}"},"query-input":{"@type":"PropertyValueSpecification","valueRequired":true,"valueName":"search_term_string"}}],"inLanguage":"es"},{"@type":"Organization","@id":"https:\/\/lospoliticosveracruz.com\/#organization","name":"Los pol\u00edticos Veracruz","url":"https:\/\/lospoliticosveracruz.com\/","logo":{"@type":"ImageObject","inLanguage":"es","@id":"https:\/\/lospoliticosveracruz.com\/#\/schema\/logo\/image\/","url":"https:\/\/lospoliticosveracruz.com\/wp-content\/uploads\/2025\/12\/Logo-Nuevo-LOS-POLITICOS-1.jpg","contentUrl":"https:\/\/lospoliticosveracruz.com\/wp-content\/uploads\/2025\/12\/Logo-Nuevo-LOS-POLITICOS-1.jpg","width":260,"height":70,"caption":"Los pol\u00edticos Veracruz"},"image":{"@id":"https:\/\/lospoliticosveracruz.com\/#\/schema\/logo\/image\/"},"sameAs":["https:\/\/www.facebook.com\/people\/Notimemes-de-los-Polticos\/61565672886568\/","https:\/\/x.com\/LosPoliticosVer"]},{"@type":"Person","@id":"https:\/\/lospoliticosveracruz.com\/#\/schema\/person\/b8702bb0e538456e6efd07080bf2a4a2","name":"Lo viste en Los Pol\u00edticos","image":{"@type":"ImageObject","inLanguage":"es","@id":"https:\/\/secure.gravatar.com\/avatar\/3a8de04a2656d44082be478bd6c086daa447c4651605818287b9532d3d0bd435?s=96&d=mm&r=g","url":"https:\/\/secure.gravatar.com\/avatar\/3a8de04a2656d44082be478bd6c086daa447c4651605818287b9532d3d0bd435?s=96&d=mm&r=g","contentUrl":"https:\/\/secure.gravatar.com\/avatar\/3a8de04a2656d44082be478bd6c086daa447c4651605818287b9532d3d0bd435?s=96&d=mm&r=g","caption":"Lo viste en Los Pol\u00edticos"},"url":"https:\/\/lospoliticosveracruz.com\/?author=2"}]}},"_links":{"self":[{"href":"https:\/\/lospoliticosveracruz.com\/index.php?rest_route=\/wp\/v2\/posts\/155641","targetHints":{"allow":["GET"]}}],"collection":[{"href":"https:\/\/lospoliticosveracruz.com\/index.php?rest_route=\/wp\/v2\/posts"}],"about":[{"href":"https:\/\/lospoliticosveracruz.com\/index.php?rest_route=\/wp\/v2\/types\/post"}],"author":[{"embeddable":true,"href":"https:\/\/lospoliticosveracruz.com\/index.php?rest_route=\/wp\/v2\/users\/2"}],"replies":[{"embeddable":true,"href":"https:\/\/lospoliticosveracruz.com\/index.php?rest_route=%2Fwp%2Fv2%2Fcomments&post=155641"}],"version-history":[{"count":2,"href":"https:\/\/lospoliticosveracruz.com\/index.php?rest_route=\/wp\/v2\/posts\/155641\/revisions"}],"predecessor-version":[{"id":155647,"href":"https:\/\/lospoliticosveracruz.com\/index.php?rest_route=\/wp\/v2\/posts\/155641\/revisions\/155647"}],"wp:featuredmedia":[{"embeddable":true,"href":"https:\/\/lospoliticosveracruz.com\/index.php?rest_route=\/wp\/v2\/media\/141384"}],"wp:attachment":[{"href":"https:\/\/lospoliticosveracruz.com\/index.php?rest_route=%2Fwp%2Fv2%2Fmedia&parent=155641"}],"wp:term":[{"taxonomy":"category","embeddable":true,"href":"https:\/\/lospoliticosveracruz.com\/index.php?rest_route=%2Fwp%2Fv2%2Fcategories&post=155641"},{"taxonomy":"post_tag","embeddable":true,"href":"https:\/\/lospoliticosveracruz.com\/index.php?rest_route=%2Fwp%2Fv2%2Ftags&post=155641"}],"curies":[{"name":"wp","href":"https:\/\/api.w.org\/{rel}","templated":true}]}}