{"id":155642,"date":"2025-10-31T08:10:09","date_gmt":"2025-10-31T14:10:09","guid":{"rendered":"https:\/\/lospoliticosveracruz.com.mx\/?p=155642"},"modified":"2025-10-31T08:13:39","modified_gmt":"2025-10-31T14:13:39","slug":"calo-hondo","status":"publish","type":"post","link":"https:\/\/lospoliticosveracruz.com\/?p=155642","title":{"rendered":"CAL\u00d3 HONDO\u2026"},"content":{"rendered":"\n<p><strong>Oved Contreras<\/strong><br><em>Secas Mecas<\/em><\/p>\n\n\n\n<p>Mandos medios y altos del gobierno estatal, les guste o no les guste, fueron relevados en las tareas de reconstrucci\u00f3n de Poza Rica ante la fricci\u00f3n creciente entre los damnificados y la gobernadora Roc\u00edo Nahle, que intent\u00f3 restringir la ayuda humanitaria enviada por la sociedad civil\u2026esos abucheos en las visitas presidenciales no fueron fortuitos\u2026hasta al Chaparr\u00f3n Juan Javier G\u00f3mez Cazar\u00edn lo sacaron de la jugada para que personal de Bienestar de otros estados se encargara de los censos y pagara los apoyos a la poblaci\u00f3n.<\/p>\n\n\n\n\n\n<p>Les doli\u00f3 mucho que en este espacio se publicara que el gobierno del estado fuera relevado en la operaci\u00f3n y ejecuci\u00f3n de tareas para reconstruir la zona siniestrada por las inundaciones en Poza Rica, y que ser\u00edan funcionarios federales quienes asumir\u00edan esas tareas\u2026fiel a su estilo atacaron con un video para desmentir as\u00ed como en su momento intentaron descalificar a creadores de contenido, estudiantes universitarios y a la prensa NO alineada por informar lo que estaba pasando no solo en Poza Rica sino en otros municipios de la huasteca veracruzana donde no hab\u00eda ning\u00fan tipo de ayuda oficial y solo de la poblaci\u00f3n civil.<\/p>\n\n\n\n<p>De entrada, el video que propag\u00f3 el chaparr\u00f3n del Bienestar muestra precisamente a personal de dicha dependencia en tareas de limpieza\u2026es personal federal y no estatal\u2026luego ese video tampoco desmiente que el personal estatal sobre todo mandos medios y altos hayan sido relevados\u2026claramente se dijo que a los operadores de la gobernadora Roc\u00edo Nahle los hicieron a un lado en Poza Rica, no que hab\u00edan suspendido la ayuda oficial.<\/p>\n\n\n\n<p>Personal de Bienestar, ligados al Chaparr\u00f3n, ya se baj\u00f3 de all\u00e1 para empezar y regresaron a sus respectivas bases, y las tareas de los censos de damnificados as\u00ed como el pago lo ejecutan trabajadores de la dependencia procedentes de otros estados como Durango, Tabasco y Estado de M\u00e9xico.<\/p>\n\n\n\n<p>La propia Margarita Santoprieto y su gente de la SEDESOL estatal todav\u00eda anduvieron repartiendo despensas en Poza Rica el pasado mi\u00e9rcoles para tambi\u00e9n ya los regresaron a sus bases\u2026igual fue el comentario de extra\u00f1eza entre el personal de Bienestar de Veracruz que los hayan regresado a sus lugares de origen cuando todav\u00eda falta mucho por hacer en la zona norte.<\/p>\n\n\n\n<p>El chaparr\u00f3n del Bienestar anuncia el 11 de octubre su traslado a Poza Rica para entrarle a la limpieza\u2026fueron cinco d\u00edas continuos de subir material a sus redes sacando lodo de calles y escuelas\u2026pero solo sube material a sus redes hasta el 16 de octubre\u2026ya no lo volvimos a ver paleando lodo o sacando escombros\u2026en la \u00faltima visita presidencial en Poza Rica donde abuchearon a Roc\u00edo Nahle tampoco sube fotos de que haya estado en el evento\u2026solo hay material de agradecimiento a la presidenta Claudia Sheinbaum por la entrega de apoyo a los damnificados.<\/p>\n\n\n\n<p>Hasta una carta difundieron en redes sociales para agradecer a la federaci\u00f3n que hayan retirado a Cazar\u00edn de la coordinaci\u00f3n de apoyos BIENESTAR \u201cporque Veracruz necesitaba un respiro, un alto, un punto final a uno de los cap\u00edtulos m\u00e1s descarados del oportunismo pol\u00edtico disfrazado de ayuda social. Gracias por haber retirado a Juan Javier G\u00f3mez Cazar\u00edn de la coordinaci\u00f3n de apoyos por los desastres naturales en la zona norte. Fue, sin exagerar, la mejor decisi\u00f3n que se ha tomado en mucho tiempo por el bien de Poza Rica, de la zona norte y de todo el estado.<\/p>\n\n\n\n<p>Durante los d\u00edas que intent\u00f3 manejar la entrega de apoyos, el documento se\u00f1ala que Cazar\u00edn convirti\u00f3 la tragedia en espect\u00e1culo y el dolor de la gente en plataforma pol\u00edtica. Ah\u00ed donde deb\u00eda haber solidaridad, sembr\u00f3 intereses; donde deb\u00eda fluir la ayuda, levant\u00f3 filtros y condicionamientos. Es suficiente recordar lo que muchos ya sabemos: todo lo que toca lo convierte en bot\u00edn. As\u00ed ha sido en cada espacio que ha ocupado: aviadores, desv\u00edos, esc\u00e1ndalos, compadrazgos, y un uso descarado del poder para beneficio personal.<\/p>\n\n\n\n<p>\u201cPor eso hoy muchos en Veracruz respiramos con alivio. Porque sin \u00e9l en medio, los apoyos s\u00ed llegan, y llegan a quienes de verdad los necesitan. Porque la gente del norte no ped\u00eda un operador pol\u00edtico, ped\u00eda ayuda; no buscaba fotos, buscaba soluciones. A veces las mejores decisiones no se presumen, se sienten.Y hoy se siente claro: menos Cazar\u00edn, m\u00e1s bienestar. Menos manipulaci\u00f3n, m\u00e1s Veracruz\u201d, as\u00ed concluye la carta.<\/p>\n\n\n\n<p>Nos cuenta la fuente que todo iba viento en popa para el chaparr\u00f3n del Bienestar intercambiando tareas asignadas por la federaci\u00f3n y atendiendo los encargos de la t\u00eda Ch\u00edo\u2026pero que el problema de Juan Javier Cazar\u00edn es que obedece m\u00e1s a la gobernadora Roc\u00edo Nahle que a la secretaria del Bienestar, Ariadna Montiel\u2026otro punto que le jug\u00f3 en contra al chaparr\u00f3n en sus relaciones con la t\u00eda Ch\u00edo fue aquella foto que se tom\u00f3 con Cuitl\u00e1huac Garc\u00eda durante el informe de Claudia Sheinbaum en el z\u00f3calo de la Ciudad de M\u00e9xico\u2026y para las \u00ednfulas de do\u00f1a Zacatecas.<\/p>\n\n\n\n<p>Por cierto, la t\u00eda Ch\u00edo ayer dio muestras otra vez de su autoritarismo\u2026le pega un rega\u00f1o en p\u00fablico al Igor Roj\u00ed\u2026dice la gobernadora que ya reparti\u00f3 mucho dinero en el estado.<br>Fiel a su estilo autoritario, Roc\u00edo Nahle le dio un jal\u00f3n de orejas al Secretario de Turismo, a quien le advierte: \u201ct\u00fa no puedes firmarle a nadie, si no te lo autorizo\u201d.<\/p>\n\n\n\n<p><\/p>\n\n\n\n<p>ALCALDE LEG\u00cdTIMO\u2026.y al candidato robado de Movimiento Ciudadano no le queda otra que apejesarse\u2026.o sease\u2026.declararse Alcalde Leg\u00edtimo\u2026 y que la gente le ponga la banda, le tome protesta el pueblo bueno\u2026y lo acompa\u00f1e con batucada por las colonias\u2026de seguro junta m\u00e1s gente que Adanely la selfiosa\u2026<\/p>\n\n\n\n<p>Que le haga como El Peje y que decret\u00e9 a la ratificada como Alcaldesa Espuria\u2026y de ah\u00ed pal real que no la deje en paz\u2026tiene cuatro a\u00f1otes para hacerle ver su suerte y el alacr\u00e1n que se ech\u00f3 en las enaguas\u2026porque no es indio el que no se venga\u2026de vengarse\u2026..no de venirse\u2026no sean de mente cochambrosa.<\/p>\n\n\n\n<p>Es m\u00e1s..que el Olver\u00edn invite a todos los youtuberos y tiktoleros que le entraron a ayudar en la emergencia y ver\u00e1n como se arma un huateque reg\u00fceno a la hora de su toma de posesi\u00f3n leg\u00edtima\u2026ya ven que la T\u00eda Ch\u00edo les arri\u00f3 bonito acus\u00e1ndolos de ser carro\u00f1eros y abusivos\u2026por ah\u00ed tiene la banda pa hacer m\u00e1s esc\u00e1ndalo\u2026Los influencers no quieren nadita a Do\u00f1a Zacatl\u00e1n\u2026y aplicar\u00e1n eso de que el enemigo de mi enemiga es mi amigazooooooo\u2026\u2026juar juar juar<\/p>\n","protected":false},"excerpt":{"rendered":"<p>Oved ContrerasSecas Mecas Mandos medios y altos del gobierno estatal, les guste o no les guste, fueron relevados en las tareas de reconstrucci\u00f3n de Poza Rica ante la fricci\u00f3n creciente entre los damnificados y la gobernadora Roc\u00edo Nahle, que intent\u00f3 restringir la ayuda humanitaria enviada por la sociedad civil\u2026esos abucheos en las visitas presidenciales no [&hellip;]<\/p>\n","protected":false},"author":2,"featured_media":141426,"comment_status":"closed","ping_status":"closed","sticky":false,"template":"","format":"standard","meta":{"tdm_status":"","tdm_grid_status":"","footnotes":""},"categories":[70,1],"tags":[17020,12695,1267,3578],"class_list":{"0":"post-155642","1":"post","2":"type-post","3":"status-publish","4":"format-standard","5":"has-post-thumbnail","7":"category-de-opinion","8":"category-sin-categoria","9":"tag-bienestar","10":"tag-juan-javier-gomez-cazarin","11":"tag-poza-rica","12":"tag-rocio-nahle"},"yoast_head":"<!-- This site is optimized with the Yoast SEO plugin v27.4 - https:\/\/yoast.com\/product\/yoast-seo-wordpress\/ -->\n<title>CAL\u00d3 HONDO\u2026 - Los pol\u00edticos Veracruz<\/title>\n<meta name=\"robots\" content=\"index, follow, max-snippet:-1, max-image-preview:large, max-video-preview:-1\" \/>\n<link rel=\"canonical\" href=\"https:\/\/lospoliticosveracruz.com\/?p=155642\" \/>\n<meta property=\"og:locale\" content=\"es_ES\" \/>\n<meta property=\"og:type\" content=\"article\" \/>\n<meta property=\"og:title\" content=\"CAL\u00d3 HONDO\u2026 - Los pol\u00edticos Veracruz\" \/>\n<meta property=\"og:description\" content=\"Oved ContrerasSecas Mecas Mandos medios y altos del gobierno estatal, les guste o no les guste, fueron relevados en las tareas de reconstrucci\u00f3n de Poza Rica ante la fricci\u00f3n creciente entre los damnificados y la gobernadora Roc\u00edo Nahle, que intent\u00f3 restringir la ayuda humanitaria enviada por la sociedad civil\u2026esos abucheos en las visitas presidenciales no [&hellip;]\" \/>\n<meta property=\"og:url\" content=\"https:\/\/lospoliticosveracruz.com\/?p=155642\" \/>\n<meta property=\"og:site_name\" content=\"Los pol\u00edticos Veracruz\" \/>\n<meta property=\"article:publisher\" content=\"https:\/\/www.facebook.com\/people\/Notimemes-de-los-Polticos\/61565672886568\/\" \/>\n<meta property=\"article:published_time\" content=\"2025-10-31T14:10:09+00:00\" \/>\n<meta property=\"article:modified_time\" content=\"2025-10-31T14:13:39+00:00\" \/>\n<meta property=\"og:image\" content=\"https:\/\/lospoliticosveracruz.com\/wp-content\/uploads\/2025\/04\/Oved-Contreras.jpg\" \/>\n\t<meta property=\"og:image:width\" content=\"1250\" \/>\n\t<meta property=\"og:image:height\" content=\"667\" \/>\n\t<meta property=\"og:image:type\" content=\"image\/jpeg\" \/>\n<meta name=\"author\" content=\"Lo viste en Los Pol\u00edticos\" \/>\n<meta name=\"twitter:card\" content=\"summary_large_image\" \/>\n<meta name=\"twitter:creator\" content=\"@LosPoliticosVer\" \/>\n<meta name=\"twitter:site\" content=\"@LosPoliticosVer\" \/>\n<meta name=\"twitter:label1\" content=\"Escrito por\" \/>\n\t<meta name=\"twitter:data1\" content=\"Lo viste en Los Pol\u00edticos\" \/>\n\t<meta name=\"twitter:label2\" content=\"Tiempo de lectura\" \/>\n\t<meta name=\"twitter:data2\" content=\"6 minutos\" \/>\n<script type=\"application\/ld+json\" class=\"yoast-schema-graph\">{\"@context\":\"https:\\\/\\\/schema.org\",\"@graph\":[{\"@type\":\"Article\",\"@id\":\"https:\\\/\\\/lospoliticosveracruz.com\\\/?p=155642#article\",\"isPartOf\":{\"@id\":\"https:\\\/\\\/lospoliticosveracruz.com\\\/?p=155642\"},\"author\":{\"name\":\"Lo viste en Los Pol\u00edticos\",\"@id\":\"https:\\\/\\\/lospoliticosveracruz.com\\\/#\\\/schema\\\/person\\\/b8702bb0e538456e6efd07080bf2a4a2\"},\"headline\":\"CAL\u00d3 HONDO\u2026\",\"datePublished\":\"2025-10-31T14:10:09+00:00\",\"dateModified\":\"2025-10-31T14:13:39+00:00\",\"mainEntityOfPage\":{\"@id\":\"https:\\\/\\\/lospoliticosveracruz.com\\\/?p=155642\"},\"wordCount\":1185,\"publisher\":{\"@id\":\"https:\\\/\\\/lospoliticosveracruz.com\\\/#organization\"},\"image\":{\"@id\":\"https:\\\/\\\/lospoliticosveracruz.com\\\/?p=155642#primaryimage\"},\"thumbnailUrl\":\"https:\\\/\\\/lospoliticosveracruz.com\\\/wp-content\\\/uploads\\\/2025\\\/04\\\/Oved-Contreras-e1768066319253.jpg\",\"keywords\":[\"Bienestar\",\"Juan Javier G\u00f3mez Cazar\u00edn\",\"Poza Rica\",\"Roc\u00edo Nahle\"],\"articleSection\":[\"De Opini\u00f3n\"],\"inLanguage\":\"es\"},{\"@type\":\"WebPage\",\"@id\":\"https:\\\/\\\/lospoliticosveracruz.com\\\/?p=155642\",\"url\":\"https:\\\/\\\/lospoliticosveracruz.com\\\/?p=155642\",\"name\":\"CAL\u00d3 HONDO\u2026 - Los pol\u00edticos Veracruz\",\"isPartOf\":{\"@id\":\"https:\\\/\\\/lospoliticosveracruz.com\\\/#website\"},\"primaryImageOfPage\":{\"@id\":\"https:\\\/\\\/lospoliticosveracruz.com\\\/?p=155642#primaryimage\"},\"image\":{\"@id\":\"https:\\\/\\\/lospoliticosveracruz.com\\\/?p=155642#primaryimage\"},\"thumbnailUrl\":\"https:\\\/\\\/lospoliticosveracruz.com\\\/wp-content\\\/uploads\\\/2025\\\/04\\\/Oved-Contreras-e1768066319253.jpg\",\"datePublished\":\"2025-10-31T14:10:09+00:00\",\"dateModified\":\"2025-10-31T14:13:39+00:00\",\"breadcrumb\":{\"@id\":\"https:\\\/\\\/lospoliticosveracruz.com\\\/?p=155642#breadcrumb\"},\"inLanguage\":\"es\",\"potentialAction\":[{\"@type\":\"ReadAction\",\"target\":[\"https:\\\/\\\/lospoliticosveracruz.com\\\/?p=155642\"]}]},{\"@type\":\"ImageObject\",\"inLanguage\":\"es\",\"@id\":\"https:\\\/\\\/lospoliticosveracruz.com\\\/?p=155642#primaryimage\",\"url\":\"https:\\\/\\\/lospoliticosveracruz.com\\\/wp-content\\\/uploads\\\/2025\\\/04\\\/Oved-Contreras-e1768066319253.jpg\",\"contentUrl\":\"https:\\\/\\\/lospoliticosveracruz.com\\\/wp-content\\\/uploads\\\/2025\\\/04\\\/Oved-Contreras-e1768066319253.jpg\",\"width\":600,\"height\":320},{\"@type\":\"BreadcrumbList\",\"@id\":\"https:\\\/\\\/lospoliticosveracruz.com\\\/?p=155642#breadcrumb\",\"itemListElement\":[{\"@type\":\"ListItem\",\"position\":1,\"name\":\"Portada\",\"item\":\"https:\\\/\\\/lospoliticosveracruz.com\\\/\"},{\"@type\":\"ListItem\",\"position\":2,\"name\":\"CAL\u00d3 HONDO\u2026\"}]},{\"@type\":\"WebSite\",\"@id\":\"https:\\\/\\\/lospoliticosveracruz.com\\\/#website\",\"url\":\"https:\\\/\\\/lospoliticosveracruz.com\\\/\",\"name\":\"Los pol\u00edticos Veracruz\",\"description\":\"\",\"publisher\":{\"@id\":\"https:\\\/\\\/lospoliticosveracruz.com\\\/#organization\"},\"potentialAction\":[{\"@type\":\"SearchAction\",\"target\":{\"@type\":\"EntryPoint\",\"urlTemplate\":\"https:\\\/\\\/lospoliticosveracruz.com\\\/?s={search_term_string}\"},\"query-input\":{\"@type\":\"PropertyValueSpecification\",\"valueRequired\":true,\"valueName\":\"search_term_string\"}}],\"inLanguage\":\"es\"},{\"@type\":\"Organization\",\"@id\":\"https:\\\/\\\/lospoliticosveracruz.com\\\/#organization\",\"name\":\"Los pol\u00edticos Veracruz\",\"url\":\"https:\\\/\\\/lospoliticosveracruz.com\\\/\",\"logo\":{\"@type\":\"ImageObject\",\"inLanguage\":\"es\",\"@id\":\"https:\\\/\\\/lospoliticosveracruz.com\\\/#\\\/schema\\\/logo\\\/image\\\/\",\"url\":\"https:\\\/\\\/lospoliticosveracruz.com\\\/wp-content\\\/uploads\\\/2025\\\/12\\\/Logo-Nuevo-LOS-POLITICOS-1.jpg\",\"contentUrl\":\"https:\\\/\\\/lospoliticosveracruz.com\\\/wp-content\\\/uploads\\\/2025\\\/12\\\/Logo-Nuevo-LOS-POLITICOS-1.jpg\",\"width\":260,\"height\":70,\"caption\":\"Los pol\u00edticos Veracruz\"},\"image\":{\"@id\":\"https:\\\/\\\/lospoliticosveracruz.com\\\/#\\\/schema\\\/logo\\\/image\\\/\"},\"sameAs\":[\"https:\\\/\\\/www.facebook.com\\\/people\\\/Notimemes-de-los-Polticos\\\/61565672886568\\\/\",\"https:\\\/\\\/x.com\\\/LosPoliticosVer\"]},{\"@type\":\"Person\",\"@id\":\"https:\\\/\\\/lospoliticosveracruz.com\\\/#\\\/schema\\\/person\\\/b8702bb0e538456e6efd07080bf2a4a2\",\"name\":\"Lo viste en Los Pol\u00edticos\",\"image\":{\"@type\":\"ImageObject\",\"inLanguage\":\"es\",\"@id\":\"https:\\\/\\\/secure.gravatar.com\\\/avatar\\\/3a8de04a2656d44082be478bd6c086daa447c4651605818287b9532d3d0bd435?s=96&d=mm&r=g\",\"url\":\"https:\\\/\\\/secure.gravatar.com\\\/avatar\\\/3a8de04a2656d44082be478bd6c086daa447c4651605818287b9532d3d0bd435?s=96&d=mm&r=g\",\"contentUrl\":\"https:\\\/\\\/secure.gravatar.com\\\/avatar\\\/3a8de04a2656d44082be478bd6c086daa447c4651605818287b9532d3d0bd435?s=96&d=mm&r=g\",\"caption\":\"Lo viste en Los Pol\u00edticos\"},\"url\":\"https:\\\/\\\/lospoliticosveracruz.com\\\/?author=2\"}]}<\/script>\n<!-- \/ Yoast SEO plugin. -->","yoast_head_json":{"title":"CAL\u00d3 HONDO\u2026 - Los pol\u00edticos Veracruz","robots":{"index":"index","follow":"follow","max-snippet":"max-snippet:-1","max-image-preview":"max-image-preview:large","max-video-preview":"max-video-preview:-1"},"canonical":"https:\/\/lospoliticosveracruz.com\/?p=155642","og_locale":"es_ES","og_type":"article","og_title":"CAL\u00d3 HONDO\u2026 - Los pol\u00edticos Veracruz","og_description":"Oved ContrerasSecas Mecas Mandos medios y altos del gobierno estatal, les guste o no les guste, fueron relevados en las tareas de reconstrucci\u00f3n de Poza Rica ante la fricci\u00f3n creciente entre los damnificados y la gobernadora Roc\u00edo Nahle, que intent\u00f3 restringir la ayuda humanitaria enviada por la sociedad civil\u2026esos abucheos en las visitas presidenciales no [&hellip;]","og_url":"https:\/\/lospoliticosveracruz.com\/?p=155642","og_site_name":"Los pol\u00edticos Veracruz","article_publisher":"https:\/\/www.facebook.com\/people\/Notimemes-de-los-Polticos\/61565672886568\/","article_published_time":"2025-10-31T14:10:09+00:00","article_modified_time":"2025-10-31T14:13:39+00:00","og_image":[{"width":1250,"height":667,"url":"https:\/\/lospoliticosveracruz.com\/wp-content\/uploads\/2025\/04\/Oved-Contreras.jpg","type":"image\/jpeg"}],"author":"Lo viste en Los Pol\u00edticos","twitter_card":"summary_large_image","twitter_creator":"@LosPoliticosVer","twitter_site":"@LosPoliticosVer","twitter_misc":{"Escrito por":"Lo viste en Los Pol\u00edticos","Tiempo de lectura":"6 minutos"},"schema":{"@context":"https:\/\/schema.org","@graph":[{"@type":"Article","@id":"https:\/\/lospoliticosveracruz.com\/?p=155642#article","isPartOf":{"@id":"https:\/\/lospoliticosveracruz.com\/?p=155642"},"author":{"name":"Lo viste en Los Pol\u00edticos","@id":"https:\/\/lospoliticosveracruz.com\/#\/schema\/person\/b8702bb0e538456e6efd07080bf2a4a2"},"headline":"CAL\u00d3 HONDO\u2026","datePublished":"2025-10-31T14:10:09+00:00","dateModified":"2025-10-31T14:13:39+00:00","mainEntityOfPage":{"@id":"https:\/\/lospoliticosveracruz.com\/?p=155642"},"wordCount":1185,"publisher":{"@id":"https:\/\/lospoliticosveracruz.com\/#organization"},"image":{"@id":"https:\/\/lospoliticosveracruz.com\/?p=155642#primaryimage"},"thumbnailUrl":"https:\/\/lospoliticosveracruz.com\/wp-content\/uploads\/2025\/04\/Oved-Contreras-e1768066319253.jpg","keywords":["Bienestar","Juan Javier G\u00f3mez Cazar\u00edn","Poza Rica","Roc\u00edo Nahle"],"articleSection":["De Opini\u00f3n"],"inLanguage":"es"},{"@type":"WebPage","@id":"https:\/\/lospoliticosveracruz.com\/?p=155642","url":"https:\/\/lospoliticosveracruz.com\/?p=155642","name":"CAL\u00d3 HONDO\u2026 - Los pol\u00edticos Veracruz","isPartOf":{"@id":"https:\/\/lospoliticosveracruz.com\/#website"},"primaryImageOfPage":{"@id":"https:\/\/lospoliticosveracruz.com\/?p=155642#primaryimage"},"image":{"@id":"https:\/\/lospoliticosveracruz.com\/?p=155642#primaryimage"},"thumbnailUrl":"https:\/\/lospoliticosveracruz.com\/wp-content\/uploads\/2025\/04\/Oved-Contreras-e1768066319253.jpg","datePublished":"2025-10-31T14:10:09+00:00","dateModified":"2025-10-31T14:13:39+00:00","breadcrumb":{"@id":"https:\/\/lospoliticosveracruz.com\/?p=155642#breadcrumb"},"inLanguage":"es","potentialAction":[{"@type":"ReadAction","target":["https:\/\/lospoliticosveracruz.com\/?p=155642"]}]},{"@type":"ImageObject","inLanguage":"es","@id":"https:\/\/lospoliticosveracruz.com\/?p=155642#primaryimage","url":"https:\/\/lospoliticosveracruz.com\/wp-content\/uploads\/2025\/04\/Oved-Contreras-e1768066319253.jpg","contentUrl":"https:\/\/lospoliticosveracruz.com\/wp-content\/uploads\/2025\/04\/Oved-Contreras-e1768066319253.jpg","width":600,"height":320},{"@type":"BreadcrumbList","@id":"https:\/\/lospoliticosveracruz.com\/?p=155642#breadcrumb","itemListElement":[{"@type":"ListItem","position":1,"name":"Portada","item":"https:\/\/lospoliticosveracruz.com\/"},{"@type":"ListItem","position":2,"name":"CAL\u00d3 HONDO\u2026"}]},{"@type":"WebSite","@id":"https:\/\/lospoliticosveracruz.com\/#website","url":"https:\/\/lospoliticosveracruz.com\/","name":"Los pol\u00edticos Veracruz","description":"","publisher":{"@id":"https:\/\/lospoliticosveracruz.com\/#organization"},"potentialAction":[{"@type":"SearchAction","target":{"@type":"EntryPoint","urlTemplate":"https:\/\/lospoliticosveracruz.com\/?s={search_term_string}"},"query-input":{"@type":"PropertyValueSpecification","valueRequired":true,"valueName":"search_term_string"}}],"inLanguage":"es"},{"@type":"Organization","@id":"https:\/\/lospoliticosveracruz.com\/#organization","name":"Los pol\u00edticos Veracruz","url":"https:\/\/lospoliticosveracruz.com\/","logo":{"@type":"ImageObject","inLanguage":"es","@id":"https:\/\/lospoliticosveracruz.com\/#\/schema\/logo\/image\/","url":"https:\/\/lospoliticosveracruz.com\/wp-content\/uploads\/2025\/12\/Logo-Nuevo-LOS-POLITICOS-1.jpg","contentUrl":"https:\/\/lospoliticosveracruz.com\/wp-content\/uploads\/2025\/12\/Logo-Nuevo-LOS-POLITICOS-1.jpg","width":260,"height":70,"caption":"Los pol\u00edticos Veracruz"},"image":{"@id":"https:\/\/lospoliticosveracruz.com\/#\/schema\/logo\/image\/"},"sameAs":["https:\/\/www.facebook.com\/people\/Notimemes-de-los-Polticos\/61565672886568\/","https:\/\/x.com\/LosPoliticosVer"]},{"@type":"Person","@id":"https:\/\/lospoliticosveracruz.com\/#\/schema\/person\/b8702bb0e538456e6efd07080bf2a4a2","name":"Lo viste en Los Pol\u00edticos","image":{"@type":"ImageObject","inLanguage":"es","@id":"https:\/\/secure.gravatar.com\/avatar\/3a8de04a2656d44082be478bd6c086daa447c4651605818287b9532d3d0bd435?s=96&d=mm&r=g","url":"https:\/\/secure.gravatar.com\/avatar\/3a8de04a2656d44082be478bd6c086daa447c4651605818287b9532d3d0bd435?s=96&d=mm&r=g","contentUrl":"https:\/\/secure.gravatar.com\/avatar\/3a8de04a2656d44082be478bd6c086daa447c4651605818287b9532d3d0bd435?s=96&d=mm&r=g","caption":"Lo viste en Los Pol\u00edticos"},"url":"https:\/\/lospoliticosveracruz.com\/?author=2"}]}},"_links":{"self":[{"href":"https:\/\/lospoliticosveracruz.com\/index.php?rest_route=\/wp\/v2\/posts\/155642","targetHints":{"allow":["GET"]}}],"collection":[{"href":"https:\/\/lospoliticosveracruz.com\/index.php?rest_route=\/wp\/v2\/posts"}],"about":[{"href":"https:\/\/lospoliticosveracruz.com\/index.php?rest_route=\/wp\/v2\/types\/post"}],"author":[{"embeddable":true,"href":"https:\/\/lospoliticosveracruz.com\/index.php?rest_route=\/wp\/v2\/users\/2"}],"replies":[{"embeddable":true,"href":"https:\/\/lospoliticosveracruz.com\/index.php?rest_route=%2Fwp%2Fv2%2Fcomments&post=155642"}],"version-history":[{"count":1,"href":"https:\/\/lospoliticosveracruz.com\/index.php?rest_route=\/wp\/v2\/posts\/155642\/revisions"}],"predecessor-version":[{"id":155643,"href":"https:\/\/lospoliticosveracruz.com\/index.php?rest_route=\/wp\/v2\/posts\/155642\/revisions\/155643"}],"wp:featuredmedia":[{"embeddable":true,"href":"https:\/\/lospoliticosveracruz.com\/index.php?rest_route=\/wp\/v2\/media\/141426"}],"wp:attachment":[{"href":"https:\/\/lospoliticosveracruz.com\/index.php?rest_route=%2Fwp%2Fv2%2Fmedia&parent=155642"}],"wp:term":[{"taxonomy":"category","embeddable":true,"href":"https:\/\/lospoliticosveracruz.com\/index.php?rest_route=%2Fwp%2Fv2%2Fcategories&post=155642"},{"taxonomy":"post_tag","embeddable":true,"href":"https:\/\/lospoliticosveracruz.com\/index.php?rest_route=%2Fwp%2Fv2%2Ftags&post=155642"}],"curies":[{"name":"wp","href":"https:\/\/api.w.org\/{rel}","templated":true}]}}