{"id":155645,"date":"2025-10-31T08:52:17","date_gmt":"2025-10-31T14:52:17","guid":{"rendered":"https:\/\/lospoliticosveracruz.com.mx\/?p=155645"},"modified":"2025-10-31T08:53:51","modified_gmt":"2025-10-31T14:53:51","slug":"y-que-hay-despues-del-plan-billetes","status":"publish","type":"post","link":"https:\/\/lospoliticosveracruz.com\/?p=155645","title":{"rendered":"Y QU\u00c9 HAY DESPU\u00c9S DEL \u201cPLAN BILLETES\u201d"},"content":{"rendered":"\n<p><strong>Teresa Carbajal<\/strong><br><em>Debo, no niego; pago, lo justo<\/em><\/p>\n\n\n\n<p>El plan billetes es una estrategia o plan de&nbsp;apoyo organizado&nbsp;por el Banco de M\u00e9xico (Banxico), la Secretaria de Hacienda y Cr\u00e9dito P\u00fablico&nbsp;(SHCP),&nbsp;Banjercito&nbsp;y la Asociaci\u00f3n de Bancos de M\u00e9xico (ABM), con el apoyo de SEDENA que consiste en poner al alcance de las personas que viven en las zonas afectadas de Veracruz, por las&nbsp;inundaciones,&nbsp;las facilidades para el retiro de dinero en efectivo.&nbsp;<\/p>\n\n\n\n\n\n<p>Ello mediante la colocaci\u00f3n de m\u00f3dulos en donde pueden retirar sin cobro de comisiones, dinero en efectivo, con tarjetas bancarias;&nbsp;el m\u00e1s reciente, en \u00c1lamo, Veracruz.&nbsp;<\/p>\n\n\n\n<p>Para ello se requiere la presencia del pl\u00e1stico o tarjeta bancaria, y desde luego ser cliente bancario&nbsp;(y tener dinero&nbsp;del cual disponer) as\u00ed como el n\u00famero de identificaci\u00f3n personal, o&nbsp;nip, para poder hacer el retiro.&nbsp;<\/p>\n\n\n\n<p>Lo aclaro, por aquello de evitar la imprecisi\u00f3n informativa, al inducir a suponer que alguien que no sea cliente bancario pueda recibir billetes en dichos m\u00f3dulos.<\/p>\n\n\n\n<p>La medida no me resulta clara, respecto a, si todos los pl\u00e1sticos, pueden participar en este plan de apoyo, o \u00fanicamente las tarjetas de d\u00e9bito, no as\u00ed las de cr\u00e9dito, en las que, tambi\u00e9n dependiendo del prestador de servicios financieros y del monto, puede retirarse dinero en efectivo.&nbsp;<\/p>\n\n\n\n<p>De acuerdo con el comunicado fechado en 29 de octubre del a\u00f1o 2025,&nbsp;emitido&nbsp;por la Asociaci\u00f3n de Bancos de M\u00e9xico&nbsp;(ABM), cuyo contenido en el punto uno, enumera \u201cAcciones de la Banca en apoyo a Veracruz\u201d, precisa que, -incluso- algunos bancos ya han trasladado sus unidades m\u00f3viles con cajeros autom\u00e1ticos para brindar servicios en Poza Rica.<\/p>\n\n\n\n<p>As\u00ed, parte del resumen o de los resultados que el \u201cPlan Billetes\u201d ha tenido, es que del 17 al 24 de octubre se realizaron 3,880 operaciones, en las que se dispuso de&nbsp;m\u00e1s&nbsp;de 12 millones de pesos en efectivo, generando un promedio por operaci\u00f3n de tres mil ciento cincuenta y siete pesos por operaci\u00f3n.<\/p>\n\n\n\n<p>Ello aunado,&nbsp;a una serie de acciones de responsabilidad social, entre las cuales se lee,&nbsp;la creaci\u00f3n de&nbsp;cuentas concentradoras de donativos entre el p\u00fablico en general y colaboradores, la recaudaci\u00f3n de donativos a trav\u00e9s de cajeros autom\u00e1ticos, las donaciones directas de las fundaciones bancarias para adquirir art\u00edculos del hogar,&nbsp;alimentos o medicamentos. Centros de acopio p\u00fablicos de v\u00edveres en oficinas corporativas, y el apoyo para cubrir las necesidades de sus colaboradores ubicados en las zonas afectadas.<\/p>\n\n\n\n<p>Y bueno, de eso va el plan billetes. Honestamente no es por buscarle siempre&nbsp;tres pies al gato;&nbsp;porque&nbsp;se valora, la disposici\u00f3n y prontitud del gremio bancario para atender de sus cuentahabientes, una necesidad urgente de disposici\u00f3n de sus fondos, para hacer frente a la emergencia personal y familiar, por la p\u00e9rdida de su patrimonio, imputable a la naturaleza, (\u00bfverdad?).&nbsp;<\/p>\n\n\n\n<p>Pues en esos casos y en esas condiciones se necesita dinero para comprar pipas de agua, botas, materiales de limpieza, medicamentos, puede ser que hospedajes, y desde luego, lo m\u00e1s esencial:&nbsp;comida.<\/p>\n\n\n\n<p>Y aliviar as\u00ed un poco el sufrimiento de haberlo perdido todo; nadie que no haya pasado por una experiencia similar, puede comprender a plenitud el desconsuelo y la desolaci\u00f3n que solo conocen nuestros hermanos, padres, familiares y amigos a quienes toc\u00f3 esta desgracia.&nbsp;<\/p>\n\n\n\n<p>Sin embargo, m\u00e1s all\u00e1 de poder usar sus billetes de un modo seguro y cercano, \u00bfqu\u00e9 sigue despu\u00e9s para ellos?, \u00bfqu\u00e9 plan sigue por parte del sector financiero que opera en nuestro Pa\u00eds?, qu\u00e9 medidas deben dictar las autoridades reguladoras y hacendarias, para los usuarios de servicios financieros que perdieron el empleo o sus fuentes de ingresos y no van a poder cumplir a tiempo con sus pagos, hipotecarios, de pr\u00e9stamos personales, e incluso Pymes, (peque\u00f1os y medianos negocios).&nbsp;<\/p>\n\n\n\n<p>No me resulta conocido alg\u00fan plan y medida de contenci\u00f3n a la emergencia econ\u00f3mica que a\u00fan&nbsp;yace bajo el lodo y&nbsp;los escombros.&nbsp;Las deudas que no van a poder pagarse al final de este octubre, y casi para cumplirse el primer mes de la desgracia.<\/p>\n\n\n\n<p>\u00bfHabr\u00e1 una declaratoria de moratoria para aquellos que se retrasen en los pagos?, tregua o pacto de no cobrar,&nbsp;espera, o quita de intereses.<\/p>\n\n\n\n<p>Qu\u00e9 es lo que sigue despu\u00e9s del plan billetes, quien hablar\u00e1 por los que a\u00fan no se levantan de la embestida de la naturaleza, quien los est\u00e1 considerando en un tema tan delicado como lo es su econom\u00eda personal y familiar, \u00bfcu\u00e1l es el plan de ayuda efectiva para ellos?<\/p>\n\n\n\n<p>Porque esta emergencia, s\u00ed se trata de dinero.<\/p>\n\n\n\n<p>visite &nbsp;<a href=\"http:\/\/www.elbarzonrc.org\/\">www.elbarzonrc.org<\/a>&nbsp;Contacte&nbsp;<a href=\"mailto:elbarzonrc@yahoo.com.mx\">elbarzonrc@yahoo.com.mx<\/a>, O s\u00edgame en @terecarbajal<\/p>\n","protected":false},"excerpt":{"rendered":"<p>Teresa CarbajalDebo, no niego; pago, lo justo El plan billetes es una estrategia o plan de&nbsp;apoyo organizado&nbsp;por el Banco de M\u00e9xico (Banxico), la Secretaria de Hacienda y Cr\u00e9dito P\u00fablico&nbsp;(SHCP),&nbsp;Banjercito&nbsp;y la Asociaci\u00f3n de Bancos de M\u00e9xico (ABM), con el apoyo de SEDENA que consiste en poner al alcance de las personas que viven en las zonas [&hellip;]<\/p>\n","protected":false},"author":2,"featured_media":141431,"comment_status":"closed","ping_status":"closed","sticky":false,"template":"","format":"standard","meta":{"tdm_status":"","tdm_grid_status":"","footnotes":""},"categories":[70,1],"tags":[39660,15570],"class_list":{"0":"post-155645","1":"post","2":"type-post","3":"status-publish","4":"format-standard","5":"has-post-thumbnail","7":"category-de-opinion","8":"category-sin-categoria","9":"tag-plan-billetes","10":"tag-teresa-carbajal"},"yoast_head":"<!-- This site is optimized with the Yoast SEO plugin v27.4 - https:\/\/yoast.com\/product\/yoast-seo-wordpress\/ -->\n<title>Y QU\u00c9 HAY DESPU\u00c9S DEL \u201cPLAN BILLETES\u201d - Los pol\u00edticos Veracruz<\/title>\n<meta name=\"robots\" content=\"index, follow, max-snippet:-1, max-image-preview:large, max-video-preview:-1\" \/>\n<link rel=\"canonical\" href=\"https:\/\/lospoliticosveracruz.com\/?p=155645\" \/>\n<meta property=\"og:locale\" content=\"es_ES\" \/>\n<meta property=\"og:type\" content=\"article\" \/>\n<meta property=\"og:title\" content=\"Y QU\u00c9 HAY DESPU\u00c9S DEL \u201cPLAN BILLETES\u201d - Los pol\u00edticos Veracruz\" \/>\n<meta property=\"og:description\" content=\"Teresa CarbajalDebo, no niego; pago, lo justo El plan billetes es una estrategia o plan de&nbsp;apoyo organizado&nbsp;por el Banco de M\u00e9xico (Banxico), la Secretaria de Hacienda y Cr\u00e9dito P\u00fablico&nbsp;(SHCP),&nbsp;Banjercito&nbsp;y la Asociaci\u00f3n de Bancos de M\u00e9xico (ABM), con el apoyo de SEDENA que consiste en poner al alcance de las personas que viven en las zonas [&hellip;]\" \/>\n<meta property=\"og:url\" content=\"https:\/\/lospoliticosveracruz.com\/?p=155645\" \/>\n<meta property=\"og:site_name\" content=\"Los pol\u00edticos Veracruz\" \/>\n<meta property=\"article:publisher\" content=\"https:\/\/www.facebook.com\/people\/Notimemes-de-los-Polticos\/61565672886568\/\" \/>\n<meta property=\"article:published_time\" content=\"2025-10-31T14:52:17+00:00\" \/>\n<meta property=\"article:modified_time\" content=\"2025-10-31T14:53:51+00:00\" \/>\n<meta property=\"og:image\" content=\"https:\/\/lospoliticosveracruz.com\/wp-content\/uploads\/2025\/04\/Teresa-Carbajal.jpg\" \/>\n\t<meta property=\"og:image:width\" content=\"1250\" \/>\n\t<meta property=\"og:image:height\" content=\"667\" \/>\n\t<meta property=\"og:image:type\" content=\"image\/jpeg\" \/>\n<meta name=\"author\" content=\"Lo viste en Los Pol\u00edticos\" \/>\n<meta name=\"twitter:card\" content=\"summary_large_image\" \/>\n<meta name=\"twitter:creator\" content=\"@LosPoliticosVer\" \/>\n<meta name=\"twitter:site\" content=\"@LosPoliticosVer\" \/>\n<meta name=\"twitter:label1\" content=\"Escrito por\" \/>\n\t<meta name=\"twitter:data1\" content=\"Lo viste en Los Pol\u00edticos\" \/>\n\t<meta name=\"twitter:label2\" content=\"Tiempo de lectura\" \/>\n\t<meta name=\"twitter:data2\" content=\"4 minutos\" \/>\n<script type=\"application\/ld+json\" class=\"yoast-schema-graph\">{\"@context\":\"https:\\\/\\\/schema.org\",\"@graph\":[{\"@type\":\"Article\",\"@id\":\"https:\\\/\\\/lospoliticosveracruz.com\\\/?p=155645#article\",\"isPartOf\":{\"@id\":\"https:\\\/\\\/lospoliticosveracruz.com\\\/?p=155645\"},\"author\":{\"name\":\"Lo viste en Los Pol\u00edticos\",\"@id\":\"https:\\\/\\\/lospoliticosveracruz.com\\\/#\\\/schema\\\/person\\\/b8702bb0e538456e6efd07080bf2a4a2\"},\"headline\":\"Y QU\u00c9 HAY DESPU\u00c9S DEL \u201cPLAN BILLETES\u201d\",\"datePublished\":\"2025-10-31T14:52:17+00:00\",\"dateModified\":\"2025-10-31T14:53:51+00:00\",\"mainEntityOfPage\":{\"@id\":\"https:\\\/\\\/lospoliticosveracruz.com\\\/?p=155645\"},\"wordCount\":850,\"publisher\":{\"@id\":\"https:\\\/\\\/lospoliticosveracruz.com\\\/#organization\"},\"image\":{\"@id\":\"https:\\\/\\\/lospoliticosveracruz.com\\\/?p=155645#primaryimage\"},\"thumbnailUrl\":\"https:\\\/\\\/lospoliticosveracruz.com\\\/wp-content\\\/uploads\\\/2025\\\/04\\\/Teresa-Carbajal.jpg\",\"keywords\":[\"Plan Billetes\",\"Teresa Carbajal\"],\"articleSection\":[\"De Opini\u00f3n\"],\"inLanguage\":\"es\"},{\"@type\":\"WebPage\",\"@id\":\"https:\\\/\\\/lospoliticosveracruz.com\\\/?p=155645\",\"url\":\"https:\\\/\\\/lospoliticosveracruz.com\\\/?p=155645\",\"name\":\"Y QU\u00c9 HAY DESPU\u00c9S DEL \u201cPLAN BILLETES\u201d - Los pol\u00edticos Veracruz\",\"isPartOf\":{\"@id\":\"https:\\\/\\\/lospoliticosveracruz.com\\\/#website\"},\"primaryImageOfPage\":{\"@id\":\"https:\\\/\\\/lospoliticosveracruz.com\\\/?p=155645#primaryimage\"},\"image\":{\"@id\":\"https:\\\/\\\/lospoliticosveracruz.com\\\/?p=155645#primaryimage\"},\"thumbnailUrl\":\"https:\\\/\\\/lospoliticosveracruz.com\\\/wp-content\\\/uploads\\\/2025\\\/04\\\/Teresa-Carbajal.jpg\",\"datePublished\":\"2025-10-31T14:52:17+00:00\",\"dateModified\":\"2025-10-31T14:53:51+00:00\",\"breadcrumb\":{\"@id\":\"https:\\\/\\\/lospoliticosveracruz.com\\\/?p=155645#breadcrumb\"},\"inLanguage\":\"es\",\"potentialAction\":[{\"@type\":\"ReadAction\",\"target\":[\"https:\\\/\\\/lospoliticosveracruz.com\\\/?p=155645\"]}]},{\"@type\":\"ImageObject\",\"inLanguage\":\"es\",\"@id\":\"https:\\\/\\\/lospoliticosveracruz.com\\\/?p=155645#primaryimage\",\"url\":\"https:\\\/\\\/lospoliticosveracruz.com\\\/wp-content\\\/uploads\\\/2025\\\/04\\\/Teresa-Carbajal.jpg\",\"contentUrl\":\"https:\\\/\\\/lospoliticosveracruz.com\\\/wp-content\\\/uploads\\\/2025\\\/04\\\/Teresa-Carbajal.jpg\",\"width\":1250,\"height\":667},{\"@type\":\"BreadcrumbList\",\"@id\":\"https:\\\/\\\/lospoliticosveracruz.com\\\/?p=155645#breadcrumb\",\"itemListElement\":[{\"@type\":\"ListItem\",\"position\":1,\"name\":\"Portada\",\"item\":\"https:\\\/\\\/lospoliticosveracruz.com\\\/\"},{\"@type\":\"ListItem\",\"position\":2,\"name\":\"Y QU\u00c9 HAY DESPU\u00c9S DEL \u201cPLAN BILLETES\u201d\"}]},{\"@type\":\"WebSite\",\"@id\":\"https:\\\/\\\/lospoliticosveracruz.com\\\/#website\",\"url\":\"https:\\\/\\\/lospoliticosveracruz.com\\\/\",\"name\":\"Los pol\u00edticos Veracruz\",\"description\":\"\",\"publisher\":{\"@id\":\"https:\\\/\\\/lospoliticosveracruz.com\\\/#organization\"},\"potentialAction\":[{\"@type\":\"SearchAction\",\"target\":{\"@type\":\"EntryPoint\",\"urlTemplate\":\"https:\\\/\\\/lospoliticosveracruz.com\\\/?s={search_term_string}\"},\"query-input\":{\"@type\":\"PropertyValueSpecification\",\"valueRequired\":true,\"valueName\":\"search_term_string\"}}],\"inLanguage\":\"es\"},{\"@type\":\"Organization\",\"@id\":\"https:\\\/\\\/lospoliticosveracruz.com\\\/#organization\",\"name\":\"Los pol\u00edticos Veracruz\",\"url\":\"https:\\\/\\\/lospoliticosveracruz.com\\\/\",\"logo\":{\"@type\":\"ImageObject\",\"inLanguage\":\"es\",\"@id\":\"https:\\\/\\\/lospoliticosveracruz.com\\\/#\\\/schema\\\/logo\\\/image\\\/\",\"url\":\"https:\\\/\\\/lospoliticosveracruz.com\\\/wp-content\\\/uploads\\\/2025\\\/12\\\/Logo-Nuevo-LOS-POLITICOS-1.jpg\",\"contentUrl\":\"https:\\\/\\\/lospoliticosveracruz.com\\\/wp-content\\\/uploads\\\/2025\\\/12\\\/Logo-Nuevo-LOS-POLITICOS-1.jpg\",\"width\":260,\"height\":70,\"caption\":\"Los pol\u00edticos Veracruz\"},\"image\":{\"@id\":\"https:\\\/\\\/lospoliticosveracruz.com\\\/#\\\/schema\\\/logo\\\/image\\\/\"},\"sameAs\":[\"https:\\\/\\\/www.facebook.com\\\/people\\\/Notimemes-de-los-Polticos\\\/61565672886568\\\/\",\"https:\\\/\\\/x.com\\\/LosPoliticosVer\"]},{\"@type\":\"Person\",\"@id\":\"https:\\\/\\\/lospoliticosveracruz.com\\\/#\\\/schema\\\/person\\\/b8702bb0e538456e6efd07080bf2a4a2\",\"name\":\"Lo viste en Los Pol\u00edticos\",\"image\":{\"@type\":\"ImageObject\",\"inLanguage\":\"es\",\"@id\":\"https:\\\/\\\/secure.gravatar.com\\\/avatar\\\/3a8de04a2656d44082be478bd6c086daa447c4651605818287b9532d3d0bd435?s=96&d=mm&r=g\",\"url\":\"https:\\\/\\\/secure.gravatar.com\\\/avatar\\\/3a8de04a2656d44082be478bd6c086daa447c4651605818287b9532d3d0bd435?s=96&d=mm&r=g\",\"contentUrl\":\"https:\\\/\\\/secure.gravatar.com\\\/avatar\\\/3a8de04a2656d44082be478bd6c086daa447c4651605818287b9532d3d0bd435?s=96&d=mm&r=g\",\"caption\":\"Lo viste en Los Pol\u00edticos\"},\"url\":\"https:\\\/\\\/lospoliticosveracruz.com\\\/?author=2\"}]}<\/script>\n<!-- \/ Yoast SEO plugin. -->","yoast_head_json":{"title":"Y QU\u00c9 HAY DESPU\u00c9S DEL \u201cPLAN BILLETES\u201d - Los pol\u00edticos Veracruz","robots":{"index":"index","follow":"follow","max-snippet":"max-snippet:-1","max-image-preview":"max-image-preview:large","max-video-preview":"max-video-preview:-1"},"canonical":"https:\/\/lospoliticosveracruz.com\/?p=155645","og_locale":"es_ES","og_type":"article","og_title":"Y QU\u00c9 HAY DESPU\u00c9S DEL \u201cPLAN BILLETES\u201d - Los pol\u00edticos Veracruz","og_description":"Teresa CarbajalDebo, no niego; pago, lo justo El plan billetes es una estrategia o plan de&nbsp;apoyo organizado&nbsp;por el Banco de M\u00e9xico (Banxico), la Secretaria de Hacienda y Cr\u00e9dito P\u00fablico&nbsp;(SHCP),&nbsp;Banjercito&nbsp;y la Asociaci\u00f3n de Bancos de M\u00e9xico (ABM), con el apoyo de SEDENA que consiste en poner al alcance de las personas que viven en las zonas [&hellip;]","og_url":"https:\/\/lospoliticosveracruz.com\/?p=155645","og_site_name":"Los pol\u00edticos Veracruz","article_publisher":"https:\/\/www.facebook.com\/people\/Notimemes-de-los-Polticos\/61565672886568\/","article_published_time":"2025-10-31T14:52:17+00:00","article_modified_time":"2025-10-31T14:53:51+00:00","og_image":[{"width":1250,"height":667,"url":"https:\/\/lospoliticosveracruz.com\/wp-content\/uploads\/2025\/04\/Teresa-Carbajal.jpg","type":"image\/jpeg"}],"author":"Lo viste en Los Pol\u00edticos","twitter_card":"summary_large_image","twitter_creator":"@LosPoliticosVer","twitter_site":"@LosPoliticosVer","twitter_misc":{"Escrito por":"Lo viste en Los Pol\u00edticos","Tiempo de lectura":"4 minutos"},"schema":{"@context":"https:\/\/schema.org","@graph":[{"@type":"Article","@id":"https:\/\/lospoliticosveracruz.com\/?p=155645#article","isPartOf":{"@id":"https:\/\/lospoliticosveracruz.com\/?p=155645"},"author":{"name":"Lo viste en Los Pol\u00edticos","@id":"https:\/\/lospoliticosveracruz.com\/#\/schema\/person\/b8702bb0e538456e6efd07080bf2a4a2"},"headline":"Y QU\u00c9 HAY DESPU\u00c9S DEL \u201cPLAN BILLETES\u201d","datePublished":"2025-10-31T14:52:17+00:00","dateModified":"2025-10-31T14:53:51+00:00","mainEntityOfPage":{"@id":"https:\/\/lospoliticosveracruz.com\/?p=155645"},"wordCount":850,"publisher":{"@id":"https:\/\/lospoliticosveracruz.com\/#organization"},"image":{"@id":"https:\/\/lospoliticosveracruz.com\/?p=155645#primaryimage"},"thumbnailUrl":"https:\/\/lospoliticosveracruz.com\/wp-content\/uploads\/2025\/04\/Teresa-Carbajal.jpg","keywords":["Plan Billetes","Teresa Carbajal"],"articleSection":["De Opini\u00f3n"],"inLanguage":"es"},{"@type":"WebPage","@id":"https:\/\/lospoliticosveracruz.com\/?p=155645","url":"https:\/\/lospoliticosveracruz.com\/?p=155645","name":"Y QU\u00c9 HAY DESPU\u00c9S DEL \u201cPLAN BILLETES\u201d - Los pol\u00edticos Veracruz","isPartOf":{"@id":"https:\/\/lospoliticosveracruz.com\/#website"},"primaryImageOfPage":{"@id":"https:\/\/lospoliticosveracruz.com\/?p=155645#primaryimage"},"image":{"@id":"https:\/\/lospoliticosveracruz.com\/?p=155645#primaryimage"},"thumbnailUrl":"https:\/\/lospoliticosveracruz.com\/wp-content\/uploads\/2025\/04\/Teresa-Carbajal.jpg","datePublished":"2025-10-31T14:52:17+00:00","dateModified":"2025-10-31T14:53:51+00:00","breadcrumb":{"@id":"https:\/\/lospoliticosveracruz.com\/?p=155645#breadcrumb"},"inLanguage":"es","potentialAction":[{"@type":"ReadAction","target":["https:\/\/lospoliticosveracruz.com\/?p=155645"]}]},{"@type":"ImageObject","inLanguage":"es","@id":"https:\/\/lospoliticosveracruz.com\/?p=155645#primaryimage","url":"https:\/\/lospoliticosveracruz.com\/wp-content\/uploads\/2025\/04\/Teresa-Carbajal.jpg","contentUrl":"https:\/\/lospoliticosveracruz.com\/wp-content\/uploads\/2025\/04\/Teresa-Carbajal.jpg","width":1250,"height":667},{"@type":"BreadcrumbList","@id":"https:\/\/lospoliticosveracruz.com\/?p=155645#breadcrumb","itemListElement":[{"@type":"ListItem","position":1,"name":"Portada","item":"https:\/\/lospoliticosveracruz.com\/"},{"@type":"ListItem","position":2,"name":"Y QU\u00c9 HAY DESPU\u00c9S DEL \u201cPLAN BILLETES\u201d"}]},{"@type":"WebSite","@id":"https:\/\/lospoliticosveracruz.com\/#website","url":"https:\/\/lospoliticosveracruz.com\/","name":"Los pol\u00edticos Veracruz","description":"","publisher":{"@id":"https:\/\/lospoliticosveracruz.com\/#organization"},"potentialAction":[{"@type":"SearchAction","target":{"@type":"EntryPoint","urlTemplate":"https:\/\/lospoliticosveracruz.com\/?s={search_term_string}"},"query-input":{"@type":"PropertyValueSpecification","valueRequired":true,"valueName":"search_term_string"}}],"inLanguage":"es"},{"@type":"Organization","@id":"https:\/\/lospoliticosveracruz.com\/#organization","name":"Los pol\u00edticos Veracruz","url":"https:\/\/lospoliticosveracruz.com\/","logo":{"@type":"ImageObject","inLanguage":"es","@id":"https:\/\/lospoliticosveracruz.com\/#\/schema\/logo\/image\/","url":"https:\/\/lospoliticosveracruz.com\/wp-content\/uploads\/2025\/12\/Logo-Nuevo-LOS-POLITICOS-1.jpg","contentUrl":"https:\/\/lospoliticosveracruz.com\/wp-content\/uploads\/2025\/12\/Logo-Nuevo-LOS-POLITICOS-1.jpg","width":260,"height":70,"caption":"Los pol\u00edticos Veracruz"},"image":{"@id":"https:\/\/lospoliticosveracruz.com\/#\/schema\/logo\/image\/"},"sameAs":["https:\/\/www.facebook.com\/people\/Notimemes-de-los-Polticos\/61565672886568\/","https:\/\/x.com\/LosPoliticosVer"]},{"@type":"Person","@id":"https:\/\/lospoliticosveracruz.com\/#\/schema\/person\/b8702bb0e538456e6efd07080bf2a4a2","name":"Lo viste en Los Pol\u00edticos","image":{"@type":"ImageObject","inLanguage":"es","@id":"https:\/\/secure.gravatar.com\/avatar\/3a8de04a2656d44082be478bd6c086daa447c4651605818287b9532d3d0bd435?s=96&d=mm&r=g","url":"https:\/\/secure.gravatar.com\/avatar\/3a8de04a2656d44082be478bd6c086daa447c4651605818287b9532d3d0bd435?s=96&d=mm&r=g","contentUrl":"https:\/\/secure.gravatar.com\/avatar\/3a8de04a2656d44082be478bd6c086daa447c4651605818287b9532d3d0bd435?s=96&d=mm&r=g","caption":"Lo viste en Los Pol\u00edticos"},"url":"https:\/\/lospoliticosveracruz.com\/?author=2"}]}},"_links":{"self":[{"href":"https:\/\/lospoliticosveracruz.com\/index.php?rest_route=\/wp\/v2\/posts\/155645","targetHints":{"allow":["GET"]}}],"collection":[{"href":"https:\/\/lospoliticosveracruz.com\/index.php?rest_route=\/wp\/v2\/posts"}],"about":[{"href":"https:\/\/lospoliticosveracruz.com\/index.php?rest_route=\/wp\/v2\/types\/post"}],"author":[{"embeddable":true,"href":"https:\/\/lospoliticosveracruz.com\/index.php?rest_route=\/wp\/v2\/users\/2"}],"replies":[{"embeddable":true,"href":"https:\/\/lospoliticosveracruz.com\/index.php?rest_route=%2Fwp%2Fv2%2Fcomments&post=155645"}],"version-history":[{"count":1,"href":"https:\/\/lospoliticosveracruz.com\/index.php?rest_route=\/wp\/v2\/posts\/155645\/revisions"}],"predecessor-version":[{"id":155648,"href":"https:\/\/lospoliticosveracruz.com\/index.php?rest_route=\/wp\/v2\/posts\/155645\/revisions\/155648"}],"wp:featuredmedia":[{"embeddable":true,"href":"https:\/\/lospoliticosveracruz.com\/index.php?rest_route=\/wp\/v2\/media\/141431"}],"wp:attachment":[{"href":"https:\/\/lospoliticosveracruz.com\/index.php?rest_route=%2Fwp%2Fv2%2Fmedia&parent=155645"}],"wp:term":[{"taxonomy":"category","embeddable":true,"href":"https:\/\/lospoliticosveracruz.com\/index.php?rest_route=%2Fwp%2Fv2%2Fcategories&post=155645"},{"taxonomy":"post_tag","embeddable":true,"href":"https:\/\/lospoliticosveracruz.com\/index.php?rest_route=%2Fwp%2Fv2%2Ftags&post=155645"}],"curies":[{"name":"wp","href":"https:\/\/api.w.org\/{rel}","templated":true}]}}