{"id":155715,"date":"2025-11-01T09:59:36","date_gmt":"2025-11-01T15:59:36","guid":{"rendered":"https:\/\/lospoliticosveracruz.com.mx\/?p=155715"},"modified":"2025-11-01T12:13:02","modified_gmt":"2025-11-01T18:13:02","slug":"no-salio-en-la-foto","status":"publish","type":"post","link":"https:\/\/lospoliticosveracruz.com\/?p=155715","title":{"rendered":"NO SALI\u00d3 EN LA FOTO"},"content":{"rendered":"\n<p><strong>Oved Contreras<\/strong><br><em>Secas Mecas<\/em><\/p>\n\n\n\n<p>La t\u00eda corajes se tom\u00f3 la foto del recuerdo de todos del gobierno incluyendo fuerzas armadas, que han participado en la reconstrucci\u00f3n de los municipios de la zona norte, que fueron devastados por las inundaciones\u2026hasta el Doctor Besuc\u00f3n, que no compone ni donde se acuesta, y la Lupe Osorno con sus famosos tenis blancos sin manchar en primera fila\u2026lo curioso del caso es que por ning\u00fan lado vimos al chaparr\u00f3n del Bienestar, Juan Javier G\u00f3mez Cazar\u00edn\u2026qu\u00e9 gacho que la t\u00eda Ch\u00edo lo haya excluido cuando fue uno de los pocos que agarr\u00f3 pala y se fue a sacar lodo y escombros en Poza Rica.<\/p>\n\n\n\n\n\n<p>\u201cHan sido 3 semanas de un intenso trabajo durante la contingencia. Hoy el equipo del gobierno de #CDMX retorna despu\u00e9s de su gran apoyo al pueblo veracruzano; agradezco tambi\u00e9n Secretar\u00eda de Defensa Nacional Secretar\u00eda de Marina Conagua Comisi\u00f3n Nacional del Agua Secretar\u00eda de Infraestructura, Comunicaciones y Transportes Guardia Nacional Coordinaci\u00f3n Nacional de Protecci\u00f3n Civil CFE Nacional Pemex Gobierno de M\u00e9xico Secretar\u00eda de Bienestar y a toda la ciudadan\u00eda\u201d, escribi\u00f3 la gobernadora Roc\u00edo Nahle en sus redes.<\/p>\n\n\n\n<p>Hasta el Doctor Besuc\u00f3n, que no compone ni donde se acuesta, se col\u00f3 en la fotuca\u2026Y la Lupe Osorno con sus famosos tenis blancos sin manchar en primera fila junto a la gobernadora y a la titular de Protecci\u00f3n Civil federal, Laura Vel\u00e1zquez Alz\u00faa, pero del chaparr\u00f3n del Bienestar ni sus luces\u2026ah no ser que lo hayan comisionado a esa hora para otros menesteres.<\/p>\n\n\n\n<p>D\u00cdA DE LOS MAMERTOS\u2026pos \u00e9ramos muchos y pari\u00f3 la ag\u00fcela\u2026.ahora resulta que Veracruz ya se herman\u00f3 con Zacatecas\u2026que los jarochos comen rebien los xoconoxtles y las enchiladas mineras y que los zacataecanos les gusta las gordas y picadas y los lecheros de La Parroquia del Primo \u00c1ngel de los 200 A\u00f1os\u2026s\u00ed como no\u2026<\/p>\n\n\n\n<p>Que Veracruz es el invitado especial al Festival del D\u00eda de Muertos en el mero Zacatecas todo gracias a la T\u00eda Ch\u00edo que all\u00e1 tiene enterrado su ombligo\u2026.y la Davicho Monreal que se sentaron a platicar y c\u00f3mo no ten\u00edan quehacer pues que se les ocurre intercambiar visitas\u2026ahora los jarochos fueron a tocar la jarana y bailar huapango all\u00e1 y pal Carnaval Zacatecas ser\u00e1 el invitado especial\u2026<\/p>\n\n\n\n<p>Por el bulevar Manuel \u00c1vila Camacho veremos taconear a Los Matlachines y nos podr\u00e1n a bailar al son del Tamborazo Zacatecano\u2026no se azoten que hay vidrios en el sueloooooo\u2026que el Davicho y la T\u00eda Enojona estar\u00e1n en el palco de honor saludando a todos y quedar\u00e1n unidos para siempre y por siempre los destinos de jarochos y zacatecanos\u2026no mancheeennnnn\u2026.eso parece amenazaaaaa\u2026.snif..snif\u2026snif\u2026como pone la Licenciada Melchi\u2026<\/p>\n\n\n\n<p>Por lo pronto, el boletinazo de la Mary Boquitas declara y decreta que \u201ccon un despliegue de m\u00fasica, danza, gastronom\u00eda y tradici\u00f3n, que convirti\u00f3 al Centro Cultural Ciudadela del Arte en una verdadera Casa Veracruz, s\u00edmbolo de encuentro y hermandad entre pueblos\u201d.<\/p>\n\n\n\n<p>Y pa que no digan que es chisme lo del futuro Carnaval Zacatecano\u2026pos desde ahora la T\u00eda Ch\u00edo mand\u00f3 a Yuri, quien fue reina del centenario carnestolendo\u2026a cantarles a sus paisanos y quesque le dedic\u00f3 a ya saben quien\u2026la que hace muinas\u2026esa de \u201cEs ella m\u00e1s que yoooooo\u201d\u2026juar juar juar\u2026aunque mejor le hubiera quedado la de \u201cLa T\u00eda al borde de un ataque de nervios\u201d\u2026o era de celos??\u2026.juuuuuaaaarrrr\u2026.<\/p>\n\n\n\n<p>Por cierto, el altar prehisp\u00e1nico de piso donde los antepasados ofrec\u00edan semillas al Mictlantecuhtli o Se\u00f1or de la Muerte\u2026que levantaron artesanos de Naolinco en el patio central de gobierno de Zacatecas, les qued\u00f3 de peluches\u2026flores de cempas\u00fachil, copal y papel picado por todas partes para que la gente pueda pasar a visitarlo\u2026porque all\u00e1 si abren el palacio para que cualquiera pueda entrar, no como ac\u00e1 que desde que son gobierno, los morenistas solo dejan entrar a los militantes de su partido.<\/p>\n\n\n\n<p>Viene a colaci\u00f3n el dato porque esta vez, el gobierno del estado dej\u00f3 los pasillos del remodelado Palacio de gobierno totalmente pelones, no hay muestras de altar como se hac\u00eda en otros a\u00f1os ni adornos alusivos al tradicional \u201cD\u00eda de Muertos\u201d \u00f3sea que la t\u00eda Ch\u00edo anda tan ocupada que ni tiempo se dio para que se montara la exhibici\u00f3n en los bajos del palacio de gobierno\u2026ni al pelonete Ricardo Ahued se le ocurri\u00f3 hacerse cargo de la festividad en coordinaci\u00f3n con la comadre Claudia Tello.<\/p>\n\n\n\n<p>EN BOCA S\u00cd FESTEJAN\u2026Preservando la cultura y la memoria de quienes ya no est\u00e1n entre nosotros, el alcalde de Boca del R\u00edo, Juan Manuel Un\u00e1nue Abascal, inaugur\u00f3 el altar de D\u00eda de Muertos instalado en el patio central del Palacio Municipal y posteriormente realiz\u00f3 un recorrido por los altares elaborados por diversas escuelas participantes, donde se impulsa el sentimiento y la cultura en torno a una de las fiestas m\u00e1s representativas de M\u00e9xico. Estos altares se encuentran expuestos en los bajos del Palacio Municipal.<\/p>\n\n\n\n<p>Como parte del programa \u201cD\u00eda de Muertos en Boca\u201d, en la Plaza C\u00edvica Benito Ju\u00e1rez se instal\u00f3 una calavera monumental decorada con flores de cempas\u00fachil, la cual se ha convertido en un bello escenario para que las familias y visitantes se tomen fotograf\u00edas.<\/p>\n\n\n\n<p>Por otra parte, Un\u00e1nue Abascal record\u00f3 que ya se encuentran listos los panteones municipales, tanto el de la cabecera como el de San Jos\u00e9 Novillero, donde se espera la visita de m\u00e1s de cinco mil personas durante el fin de semana.<\/p>\n\n\n\n<p>NO ALCANZ\u00d3 LA LICUADORA\u2026Es indignante que el Instituto Veracruzano del Deporte est\u00e9 publicando la Competencia de Lucha Ol\u00edmpica que se celebra en Oaxtepec, Morelos el cual es denominado Gran Prix. Todos Estrellas y que siendo selectivo para juegos centroamericanos, el instituto que dirige Crisanto Grajales no les haya apoyado con recursos para su competencia.<\/p>\n\n\n\n<p>Ponen en alto al Estado de Veracruz pero carecen del apoyo fundamental como transporte, hospedaje, alimentos y ni siquiera el pago de inscripci\u00f3n de la competencia les quisieron pagar.<br>Dice la gobernadora Roc\u00edo Nalhe que ya ha repartido mucho dinero, pero cada instituci\u00f3n tiene sus propios recursos etiquetados para los fines que les corresponde. Es triste ver como otras delegaciones llegaron hasta con 48 horas de anticipaci\u00f3n en el Hotel sede de la competencia y gozaron de alimentos nutritivos, mientras los luchadores veracruzanos tuvieron que viajar de madrugada por no contar con recursos para su hospedaje.<\/p>\n\n\n\n<p>Ya ni se diga que mientras otros atletas descansaban en sus habitaciones los Veracruzanos ten\u00edan que dormir en las gradas del auditorio y comer galletas para mitigar el hambre. As\u00ed es como el IVD fomenta el deporte? As\u00ed es como resultado como pretenden que Veracruz logre atletas de primer nivel. Que indignante\u00bb.<\/p>\n\n\n\n<p>A\u00fan y con carencias el Club de Lucha Ol\u00edmpica Pinar del R\u00edo que dirige el Profesor Ra\u00fal Alexis P\u00e9rez Miranda ha conseguido dos medallas de oro y tres de plata.<br>Ma\u00f1ana compite el \u00faltimo grupo de juveniles e infantiles y terminado a volver a viajar de madrugada con todo y riesgos.<\/p>\n","protected":false},"excerpt":{"rendered":"<p>Oved ContrerasSecas Mecas La t\u00eda corajes se tom\u00f3 la foto del recuerdo de todos del gobierno incluyendo fuerzas armadas, que han participado en la reconstrucci\u00f3n de los municipios de la zona norte, que fueron devastados por las inundaciones\u2026hasta el Doctor Besuc\u00f3n, que no compone ni donde se acuesta, y la Lupe Osorno con sus famosos [&hellip;]<\/p>\n","protected":false},"author":2,"featured_media":141426,"comment_status":"closed","ping_status":"closed","sticky":false,"template":"","format":"standard","meta":{"tdm_status":"","tdm_grid_status":"","footnotes":""},"categories":[70],"tags":[12695,30057,1026,1267,206,3578,195,12816],"class_list":{"0":"post-155715","1":"post","2":"type-post","3":"status-publish","4":"format-standard","5":"has-post-thumbnail","7":"category-de-opinion","8":"tag-juan-javier-gomez-cazarin","9":"tag-laura-velazquez-alzua","10":"tag-morena","11":"tag-poza-rica","12":"tag-proteccion-civil","13":"tag-rocio-nahle","14":"tag-veracruz","15":"tag-zacatecas"},"yoast_head":"<!-- This site is optimized with the Yoast SEO plugin v27.4 - https:\/\/yoast.com\/product\/yoast-seo-wordpress\/ -->\n<title>NO SALI\u00d3 EN LA FOTO - Los pol\u00edticos Veracruz<\/title>\n<meta name=\"robots\" content=\"index, follow, max-snippet:-1, max-image-preview:large, max-video-preview:-1\" \/>\n<link rel=\"canonical\" href=\"https:\/\/lospoliticosveracruz.com\/?p=155715\" \/>\n<meta property=\"og:locale\" content=\"es_ES\" \/>\n<meta property=\"og:type\" content=\"article\" \/>\n<meta property=\"og:title\" content=\"NO SALI\u00d3 EN LA FOTO - Los pol\u00edticos Veracruz\" \/>\n<meta property=\"og:description\" content=\"Oved ContrerasSecas Mecas La t\u00eda corajes se tom\u00f3 la foto del recuerdo de todos del gobierno incluyendo fuerzas armadas, que han participado en la reconstrucci\u00f3n de los municipios de la zona norte, que fueron devastados por las inundaciones\u2026hasta el Doctor Besuc\u00f3n, que no compone ni donde se acuesta, y la Lupe Osorno con sus famosos [&hellip;]\" \/>\n<meta property=\"og:url\" content=\"https:\/\/lospoliticosveracruz.com\/?p=155715\" \/>\n<meta property=\"og:site_name\" content=\"Los pol\u00edticos Veracruz\" \/>\n<meta property=\"article:publisher\" content=\"https:\/\/www.facebook.com\/people\/Notimemes-de-los-Polticos\/61565672886568\/\" \/>\n<meta property=\"article:published_time\" content=\"2025-11-01T15:59:36+00:00\" \/>\n<meta property=\"article:modified_time\" content=\"2025-11-01T18:13:02+00:00\" \/>\n<meta property=\"og:image\" content=\"https:\/\/lospoliticosveracruz.com\/wp-content\/uploads\/2025\/04\/Oved-Contreras.jpg\" \/>\n\t<meta property=\"og:image:width\" content=\"1250\" \/>\n\t<meta property=\"og:image:height\" content=\"667\" \/>\n\t<meta property=\"og:image:type\" content=\"image\/jpeg\" \/>\n<meta name=\"author\" content=\"Lo viste en Los Pol\u00edticos\" \/>\n<meta name=\"twitter:card\" content=\"summary_large_image\" \/>\n<meta name=\"twitter:creator\" content=\"@LosPoliticosVer\" \/>\n<meta name=\"twitter:site\" content=\"@LosPoliticosVer\" \/>\n<meta name=\"twitter:label1\" content=\"Escrito por\" \/>\n\t<meta name=\"twitter:data1\" content=\"Lo viste en Los Pol\u00edticos\" \/>\n\t<meta name=\"twitter:label2\" content=\"Tiempo de lectura\" \/>\n\t<meta name=\"twitter:data2\" content=\"6 minutos\" \/>\n<script type=\"application\/ld+json\" class=\"yoast-schema-graph\">{\"@context\":\"https:\\\/\\\/schema.org\",\"@graph\":[{\"@type\":\"Article\",\"@id\":\"https:\\\/\\\/lospoliticosveracruz.com\\\/?p=155715#article\",\"isPartOf\":{\"@id\":\"https:\\\/\\\/lospoliticosveracruz.com\\\/?p=155715\"},\"author\":{\"name\":\"Lo viste en Los Pol\u00edticos\",\"@id\":\"https:\\\/\\\/lospoliticosveracruz.com\\\/#\\\/schema\\\/person\\\/b8702bb0e538456e6efd07080bf2a4a2\"},\"headline\":\"NO SALI\u00d3 EN LA FOTO\",\"datePublished\":\"2025-11-01T15:59:36+00:00\",\"dateModified\":\"2025-11-01T18:13:02+00:00\",\"mainEntityOfPage\":{\"@id\":\"https:\\\/\\\/lospoliticosveracruz.com\\\/?p=155715\"},\"wordCount\":1249,\"publisher\":{\"@id\":\"https:\\\/\\\/lospoliticosveracruz.com\\\/#organization\"},\"image\":{\"@id\":\"https:\\\/\\\/lospoliticosveracruz.com\\\/?p=155715#primaryimage\"},\"thumbnailUrl\":\"https:\\\/\\\/lospoliticosveracruz.com\\\/wp-content\\\/uploads\\\/2025\\\/04\\\/Oved-Contreras-e1768066319253.jpg\",\"keywords\":[\"Juan Javier G\u00f3mez Cazar\u00edn\",\"Laura Vel\u00e1zquez Alz\u00faa\",\"Morena\",\"Poza Rica\",\"Protecci\u00f3n Civil\",\"Roc\u00edo Nahle\",\"Veracruz\",\"Zacatecas\"],\"articleSection\":[\"De Opini\u00f3n\"],\"inLanguage\":\"es\"},{\"@type\":\"WebPage\",\"@id\":\"https:\\\/\\\/lospoliticosveracruz.com\\\/?p=155715\",\"url\":\"https:\\\/\\\/lospoliticosveracruz.com\\\/?p=155715\",\"name\":\"NO SALI\u00d3 EN LA FOTO - Los pol\u00edticos Veracruz\",\"isPartOf\":{\"@id\":\"https:\\\/\\\/lospoliticosveracruz.com\\\/#website\"},\"primaryImageOfPage\":{\"@id\":\"https:\\\/\\\/lospoliticosveracruz.com\\\/?p=155715#primaryimage\"},\"image\":{\"@id\":\"https:\\\/\\\/lospoliticosveracruz.com\\\/?p=155715#primaryimage\"},\"thumbnailUrl\":\"https:\\\/\\\/lospoliticosveracruz.com\\\/wp-content\\\/uploads\\\/2025\\\/04\\\/Oved-Contreras-e1768066319253.jpg\",\"datePublished\":\"2025-11-01T15:59:36+00:00\",\"dateModified\":\"2025-11-01T18:13:02+00:00\",\"breadcrumb\":{\"@id\":\"https:\\\/\\\/lospoliticosveracruz.com\\\/?p=155715#breadcrumb\"},\"inLanguage\":\"es\",\"potentialAction\":[{\"@type\":\"ReadAction\",\"target\":[\"https:\\\/\\\/lospoliticosveracruz.com\\\/?p=155715\"]}]},{\"@type\":\"ImageObject\",\"inLanguage\":\"es\",\"@id\":\"https:\\\/\\\/lospoliticosveracruz.com\\\/?p=155715#primaryimage\",\"url\":\"https:\\\/\\\/lospoliticosveracruz.com\\\/wp-content\\\/uploads\\\/2025\\\/04\\\/Oved-Contreras-e1768066319253.jpg\",\"contentUrl\":\"https:\\\/\\\/lospoliticosveracruz.com\\\/wp-content\\\/uploads\\\/2025\\\/04\\\/Oved-Contreras-e1768066319253.jpg\",\"width\":600,\"height\":320},{\"@type\":\"BreadcrumbList\",\"@id\":\"https:\\\/\\\/lospoliticosveracruz.com\\\/?p=155715#breadcrumb\",\"itemListElement\":[{\"@type\":\"ListItem\",\"position\":1,\"name\":\"Portada\",\"item\":\"https:\\\/\\\/lospoliticosveracruz.com\\\/\"},{\"@type\":\"ListItem\",\"position\":2,\"name\":\"NO SALI\u00d3 EN LA FOTO\"}]},{\"@type\":\"WebSite\",\"@id\":\"https:\\\/\\\/lospoliticosveracruz.com\\\/#website\",\"url\":\"https:\\\/\\\/lospoliticosveracruz.com\\\/\",\"name\":\"Los pol\u00edticos Veracruz\",\"description\":\"\",\"publisher\":{\"@id\":\"https:\\\/\\\/lospoliticosveracruz.com\\\/#organization\"},\"potentialAction\":[{\"@type\":\"SearchAction\",\"target\":{\"@type\":\"EntryPoint\",\"urlTemplate\":\"https:\\\/\\\/lospoliticosveracruz.com\\\/?s={search_term_string}\"},\"query-input\":{\"@type\":\"PropertyValueSpecification\",\"valueRequired\":true,\"valueName\":\"search_term_string\"}}],\"inLanguage\":\"es\"},{\"@type\":\"Organization\",\"@id\":\"https:\\\/\\\/lospoliticosveracruz.com\\\/#organization\",\"name\":\"Los pol\u00edticos Veracruz\",\"url\":\"https:\\\/\\\/lospoliticosveracruz.com\\\/\",\"logo\":{\"@type\":\"ImageObject\",\"inLanguage\":\"es\",\"@id\":\"https:\\\/\\\/lospoliticosveracruz.com\\\/#\\\/schema\\\/logo\\\/image\\\/\",\"url\":\"https:\\\/\\\/lospoliticosveracruz.com\\\/wp-content\\\/uploads\\\/2025\\\/12\\\/Logo-Nuevo-LOS-POLITICOS-1.jpg\",\"contentUrl\":\"https:\\\/\\\/lospoliticosveracruz.com\\\/wp-content\\\/uploads\\\/2025\\\/12\\\/Logo-Nuevo-LOS-POLITICOS-1.jpg\",\"width\":260,\"height\":70,\"caption\":\"Los pol\u00edticos Veracruz\"},\"image\":{\"@id\":\"https:\\\/\\\/lospoliticosveracruz.com\\\/#\\\/schema\\\/logo\\\/image\\\/\"},\"sameAs\":[\"https:\\\/\\\/www.facebook.com\\\/people\\\/Notimemes-de-los-Polticos\\\/61565672886568\\\/\",\"https:\\\/\\\/x.com\\\/LosPoliticosVer\"]},{\"@type\":\"Person\",\"@id\":\"https:\\\/\\\/lospoliticosveracruz.com\\\/#\\\/schema\\\/person\\\/b8702bb0e538456e6efd07080bf2a4a2\",\"name\":\"Lo viste en Los Pol\u00edticos\",\"image\":{\"@type\":\"ImageObject\",\"inLanguage\":\"es\",\"@id\":\"https:\\\/\\\/secure.gravatar.com\\\/avatar\\\/3a8de04a2656d44082be478bd6c086daa447c4651605818287b9532d3d0bd435?s=96&d=mm&r=g\",\"url\":\"https:\\\/\\\/secure.gravatar.com\\\/avatar\\\/3a8de04a2656d44082be478bd6c086daa447c4651605818287b9532d3d0bd435?s=96&d=mm&r=g\",\"contentUrl\":\"https:\\\/\\\/secure.gravatar.com\\\/avatar\\\/3a8de04a2656d44082be478bd6c086daa447c4651605818287b9532d3d0bd435?s=96&d=mm&r=g\",\"caption\":\"Lo viste en Los Pol\u00edticos\"},\"url\":\"https:\\\/\\\/lospoliticosveracruz.com\\\/?author=2\"}]}<\/script>\n<!-- \/ Yoast SEO plugin. -->","yoast_head_json":{"title":"NO SALI\u00d3 EN LA FOTO - Los pol\u00edticos Veracruz","robots":{"index":"index","follow":"follow","max-snippet":"max-snippet:-1","max-image-preview":"max-image-preview:large","max-video-preview":"max-video-preview:-1"},"canonical":"https:\/\/lospoliticosveracruz.com\/?p=155715","og_locale":"es_ES","og_type":"article","og_title":"NO SALI\u00d3 EN LA FOTO - Los pol\u00edticos Veracruz","og_description":"Oved ContrerasSecas Mecas La t\u00eda corajes se tom\u00f3 la foto del recuerdo de todos del gobierno incluyendo fuerzas armadas, que han participado en la reconstrucci\u00f3n de los municipios de la zona norte, que fueron devastados por las inundaciones\u2026hasta el Doctor Besuc\u00f3n, que no compone ni donde se acuesta, y la Lupe Osorno con sus famosos [&hellip;]","og_url":"https:\/\/lospoliticosveracruz.com\/?p=155715","og_site_name":"Los pol\u00edticos Veracruz","article_publisher":"https:\/\/www.facebook.com\/people\/Notimemes-de-los-Polticos\/61565672886568\/","article_published_time":"2025-11-01T15:59:36+00:00","article_modified_time":"2025-11-01T18:13:02+00:00","og_image":[{"width":1250,"height":667,"url":"https:\/\/lospoliticosveracruz.com\/wp-content\/uploads\/2025\/04\/Oved-Contreras.jpg","type":"image\/jpeg"}],"author":"Lo viste en Los Pol\u00edticos","twitter_card":"summary_large_image","twitter_creator":"@LosPoliticosVer","twitter_site":"@LosPoliticosVer","twitter_misc":{"Escrito por":"Lo viste en Los Pol\u00edticos","Tiempo de lectura":"6 minutos"},"schema":{"@context":"https:\/\/schema.org","@graph":[{"@type":"Article","@id":"https:\/\/lospoliticosveracruz.com\/?p=155715#article","isPartOf":{"@id":"https:\/\/lospoliticosveracruz.com\/?p=155715"},"author":{"name":"Lo viste en Los Pol\u00edticos","@id":"https:\/\/lospoliticosveracruz.com\/#\/schema\/person\/b8702bb0e538456e6efd07080bf2a4a2"},"headline":"NO SALI\u00d3 EN LA FOTO","datePublished":"2025-11-01T15:59:36+00:00","dateModified":"2025-11-01T18:13:02+00:00","mainEntityOfPage":{"@id":"https:\/\/lospoliticosveracruz.com\/?p=155715"},"wordCount":1249,"publisher":{"@id":"https:\/\/lospoliticosveracruz.com\/#organization"},"image":{"@id":"https:\/\/lospoliticosveracruz.com\/?p=155715#primaryimage"},"thumbnailUrl":"https:\/\/lospoliticosveracruz.com\/wp-content\/uploads\/2025\/04\/Oved-Contreras-e1768066319253.jpg","keywords":["Juan Javier G\u00f3mez Cazar\u00edn","Laura Vel\u00e1zquez Alz\u00faa","Morena","Poza Rica","Protecci\u00f3n Civil","Roc\u00edo Nahle","Veracruz","Zacatecas"],"articleSection":["De Opini\u00f3n"],"inLanguage":"es"},{"@type":"WebPage","@id":"https:\/\/lospoliticosveracruz.com\/?p=155715","url":"https:\/\/lospoliticosveracruz.com\/?p=155715","name":"NO SALI\u00d3 EN LA FOTO - Los pol\u00edticos Veracruz","isPartOf":{"@id":"https:\/\/lospoliticosveracruz.com\/#website"},"primaryImageOfPage":{"@id":"https:\/\/lospoliticosveracruz.com\/?p=155715#primaryimage"},"image":{"@id":"https:\/\/lospoliticosveracruz.com\/?p=155715#primaryimage"},"thumbnailUrl":"https:\/\/lospoliticosveracruz.com\/wp-content\/uploads\/2025\/04\/Oved-Contreras-e1768066319253.jpg","datePublished":"2025-11-01T15:59:36+00:00","dateModified":"2025-11-01T18:13:02+00:00","breadcrumb":{"@id":"https:\/\/lospoliticosveracruz.com\/?p=155715#breadcrumb"},"inLanguage":"es","potentialAction":[{"@type":"ReadAction","target":["https:\/\/lospoliticosveracruz.com\/?p=155715"]}]},{"@type":"ImageObject","inLanguage":"es","@id":"https:\/\/lospoliticosveracruz.com\/?p=155715#primaryimage","url":"https:\/\/lospoliticosveracruz.com\/wp-content\/uploads\/2025\/04\/Oved-Contreras-e1768066319253.jpg","contentUrl":"https:\/\/lospoliticosveracruz.com\/wp-content\/uploads\/2025\/04\/Oved-Contreras-e1768066319253.jpg","width":600,"height":320},{"@type":"BreadcrumbList","@id":"https:\/\/lospoliticosveracruz.com\/?p=155715#breadcrumb","itemListElement":[{"@type":"ListItem","position":1,"name":"Portada","item":"https:\/\/lospoliticosveracruz.com\/"},{"@type":"ListItem","position":2,"name":"NO SALI\u00d3 EN LA FOTO"}]},{"@type":"WebSite","@id":"https:\/\/lospoliticosveracruz.com\/#website","url":"https:\/\/lospoliticosveracruz.com\/","name":"Los pol\u00edticos Veracruz","description":"","publisher":{"@id":"https:\/\/lospoliticosveracruz.com\/#organization"},"potentialAction":[{"@type":"SearchAction","target":{"@type":"EntryPoint","urlTemplate":"https:\/\/lospoliticosveracruz.com\/?s={search_term_string}"},"query-input":{"@type":"PropertyValueSpecification","valueRequired":true,"valueName":"search_term_string"}}],"inLanguage":"es"},{"@type":"Organization","@id":"https:\/\/lospoliticosveracruz.com\/#organization","name":"Los pol\u00edticos Veracruz","url":"https:\/\/lospoliticosveracruz.com\/","logo":{"@type":"ImageObject","inLanguage":"es","@id":"https:\/\/lospoliticosveracruz.com\/#\/schema\/logo\/image\/","url":"https:\/\/lospoliticosveracruz.com\/wp-content\/uploads\/2025\/12\/Logo-Nuevo-LOS-POLITICOS-1.jpg","contentUrl":"https:\/\/lospoliticosveracruz.com\/wp-content\/uploads\/2025\/12\/Logo-Nuevo-LOS-POLITICOS-1.jpg","width":260,"height":70,"caption":"Los pol\u00edticos Veracruz"},"image":{"@id":"https:\/\/lospoliticosveracruz.com\/#\/schema\/logo\/image\/"},"sameAs":["https:\/\/www.facebook.com\/people\/Notimemes-de-los-Polticos\/61565672886568\/","https:\/\/x.com\/LosPoliticosVer"]},{"@type":"Person","@id":"https:\/\/lospoliticosveracruz.com\/#\/schema\/person\/b8702bb0e538456e6efd07080bf2a4a2","name":"Lo viste en Los Pol\u00edticos","image":{"@type":"ImageObject","inLanguage":"es","@id":"https:\/\/secure.gravatar.com\/avatar\/3a8de04a2656d44082be478bd6c086daa447c4651605818287b9532d3d0bd435?s=96&d=mm&r=g","url":"https:\/\/secure.gravatar.com\/avatar\/3a8de04a2656d44082be478bd6c086daa447c4651605818287b9532d3d0bd435?s=96&d=mm&r=g","contentUrl":"https:\/\/secure.gravatar.com\/avatar\/3a8de04a2656d44082be478bd6c086daa447c4651605818287b9532d3d0bd435?s=96&d=mm&r=g","caption":"Lo viste en Los Pol\u00edticos"},"url":"https:\/\/lospoliticosveracruz.com\/?author=2"}]}},"_links":{"self":[{"href":"https:\/\/lospoliticosveracruz.com\/index.php?rest_route=\/wp\/v2\/posts\/155715","targetHints":{"allow":["GET"]}}],"collection":[{"href":"https:\/\/lospoliticosveracruz.com\/index.php?rest_route=\/wp\/v2\/posts"}],"about":[{"href":"https:\/\/lospoliticosveracruz.com\/index.php?rest_route=\/wp\/v2\/types\/post"}],"author":[{"embeddable":true,"href":"https:\/\/lospoliticosveracruz.com\/index.php?rest_route=\/wp\/v2\/users\/2"}],"replies":[{"embeddable":true,"href":"https:\/\/lospoliticosveracruz.com\/index.php?rest_route=%2Fwp%2Fv2%2Fcomments&post=155715"}],"version-history":[{"count":2,"href":"https:\/\/lospoliticosveracruz.com\/index.php?rest_route=\/wp\/v2\/posts\/155715\/revisions"}],"predecessor-version":[{"id":155729,"href":"https:\/\/lospoliticosveracruz.com\/index.php?rest_route=\/wp\/v2\/posts\/155715\/revisions\/155729"}],"wp:featuredmedia":[{"embeddable":true,"href":"https:\/\/lospoliticosveracruz.com\/index.php?rest_route=\/wp\/v2\/media\/141426"}],"wp:attachment":[{"href":"https:\/\/lospoliticosveracruz.com\/index.php?rest_route=%2Fwp%2Fv2%2Fmedia&parent=155715"}],"wp:term":[{"taxonomy":"category","embeddable":true,"href":"https:\/\/lospoliticosveracruz.com\/index.php?rest_route=%2Fwp%2Fv2%2Fcategories&post=155715"},{"taxonomy":"post_tag","embeddable":true,"href":"https:\/\/lospoliticosveracruz.com\/index.php?rest_route=%2Fwp%2Fv2%2Ftags&post=155715"}],"curies":[{"name":"wp","href":"https:\/\/api.w.org\/{rel}","templated":true}]}}