{"id":155751,"date":"2025-11-02T20:09:05","date_gmt":"2025-11-03T02:09:05","guid":{"rendered":"https:\/\/lospoliticosveracruz.com.mx\/?p=155751"},"modified":"2025-11-02T20:09:33","modified_gmt":"2025-11-03T02:09:33","slug":"xalapa-aprobacion-ciudadana","status":"publish","type":"post","link":"https:\/\/lospoliticosveracruz.com\/?p=155751","title":{"rendered":"XALAPA, APROBACI\u00d3N CIUDADANA"},"content":{"rendered":"\n<p><\/p>\n\n\n\n<p><strong>Enrique Yasser Pompeyo<\/strong><\/p>\n\n\n\n<p><em>Mesa de Redacci\u00f3n<\/em><\/p>\n\n\n\n<p>En la m\u00e1s reciente evaluaci\u00f3n de&nbsp;<strong>150 presidentes municipales del pa\u00eds<\/strong>&nbsp;que llev\u00f3 a cabo la empresa consultora&nbsp;<strong>Mitofsky<\/strong>&nbsp;para medir la aprobaci\u00f3n ciudadana, destacan dos de la entidad veracruzana.<\/p>\n\n\n\n\n\n<p>En el&nbsp;<em>\u201ctop ten\u201d<\/em>&nbsp;se encuentran la&nbsp;<strong>alcaldesa del Puerto de Veracruz, Patricia Lobeira<\/strong>, y el&nbsp;<strong>presidente municipal de Xalapa, Alberto Islas Reyes<\/strong>.<\/p>\n\n\n\n<p>En el caso particular del alcalde de la ciudad capital, de acuerdo con la informaci\u00f3n, se posiciona en el&nbsp;<strong>lugar n\u00famero siete<\/strong>&nbsp;con un&nbsp;<strong>54.8 por ciento de aprobaci\u00f3n ciudadana<\/strong>.<\/p>\n\n\n\n<p>En el detalle de la evaluaci\u00f3n de la aprobaci\u00f3n se puede observar que el porcentaje fue aumentando, pues mientras en&nbsp;<strong>febrero<\/strong>&nbsp;de este a\u00f1o la cifra fue de&nbsp;<strong>51.5 %<\/strong>, en&nbsp;<strong>abril<\/strong>&nbsp;subi\u00f3 a&nbsp;<strong>53.5 %<\/strong>, para&nbsp;<strong>mayo<\/strong>&nbsp;se elev\u00f3 a&nbsp;<strong>54.2 %<\/strong>, en&nbsp;<strong>agosto<\/strong>&nbsp;fue de&nbsp;<strong>53.9 %<\/strong>&nbsp;y en&nbsp;<strong>octubre<\/strong>&nbsp;alcanz\u00f3&nbsp;<strong>54.8 por ciento<\/strong>.<\/p>\n\n\n\n<p>Con respecto a la&nbsp;<strong>metodolog\u00eda implementada<\/strong>, se aplic\u00f3 a&nbsp;<strong>mexicanos mayores de 18 a\u00f1os<\/strong>&nbsp;con dispositivos m\u00f3viles inteligentes y acceso a internet.<\/p>\n\n\n\n<p>La empresa consultora precisa que los resultados no son frecuencias simples, sino&nbsp;<strong>estimaciones basadas en la post-estratificaci\u00f3n<\/strong>&nbsp;de la muestra calculada sobre factores de expansi\u00f3n de acuerdo con&nbsp;<strong>cuatro variables demogr\u00e1ficas<\/strong>: poblaci\u00f3n por entidad, sexo, edad y escolaridad, obtenidas del&nbsp;<strong>\u00faltimo censo p\u00fablico<\/strong>.<\/p>\n\n\n\n<p>Acerca de la&nbsp;<strong>aprobaci\u00f3n promedio de los municipios por partido pol\u00edtico<\/strong>, los resultados muestran que en la evaluaci\u00f3n de&nbsp;<strong>81 demarcaciones territoriales donde gobierna Morena<\/strong>, mientras en agosto de este a\u00f1o fue de&nbsp;<strong>45.8 por ciento<\/strong>, en octubre pas\u00f3 a&nbsp;<strong>46.3 por ciento<\/strong>.<\/p>\n\n\n\n<p>Con relaci\u00f3n al&nbsp;<strong>presidente municipal de Xalapa, Alberto Islas Reyes<\/strong>, cuya aprobaci\u00f3n de las y los ciudadanos alcanza casi el&nbsp;<strong>55 por ciento<\/strong>, se debe, entre muchos otros factores, a la implementaci\u00f3n de&nbsp;<strong>acciones, obras y proyectos<\/strong>&nbsp;que han beneficiado a las familias.<\/p>\n\n\n\n<p>Los rubros abarcan no s\u00f3lo&nbsp;<strong>obra p\u00fablica<\/strong>, sino tambi\u00e9n&nbsp;<strong>infraestructura hidr\u00e1ulica<\/strong>,&nbsp;<strong>recolecci\u00f3n de residuos s\u00f3lidos urbanos<\/strong>,&nbsp;<strong>seguridad ciudadana<\/strong>, as\u00ed como temas en materia de&nbsp;<strong>turismo<\/strong>,&nbsp;<strong>festivales<\/strong>y&nbsp;<strong>participaci\u00f3n ciudadana<\/strong>.<\/p>\n\n\n\n<p>Si el&nbsp;<strong>alcalde de Xalapa<\/strong>&nbsp;se encuentra entre los primeros diez ediles de todo el pa\u00eds mejor calificados por la propia poblaci\u00f3n, se debe precisamente al&nbsp;<strong>trabajo<\/strong>&nbsp;y a la&nbsp;<strong>transparencia del gobierno municipal<\/strong>.<\/p>\n\n\n\n<p>enriquepompeyo@hotmail.com<\/p>\n","protected":false},"excerpt":{"rendered":"<p>Enrique Yasser Pompeyo Mesa de Redacci\u00f3n En la m\u00e1s reciente evaluaci\u00f3n de&nbsp;150 presidentes municipales del pa\u00eds&nbsp;que llev\u00f3 a cabo la empresa consultora&nbsp;Mitofsky&nbsp;para medir la aprobaci\u00f3n ciudadana, destacan dos de la entidad veracruzana. En el&nbsp;\u201ctop ten\u201d&nbsp;se encuentran la&nbsp;alcaldesa del Puerto de Veracruz, Patricia Lobeira, y el&nbsp;presidente municipal de Xalapa, Alberto Islas Reyes. En el caso particular [&hellip;]<\/p>\n","protected":false},"author":2,"featured_media":141425,"comment_status":"closed","ping_status":"closed","sticky":false,"template":"","format":"standard","meta":{"tdm_status":"","tdm_grid_status":"","footnotes":""},"categories":[70],"tags":[3405,195,96],"class_list":{"0":"post-155751","1":"post","2":"type-post","3":"status-publish","4":"format-standard","5":"has-post-thumbnail","7":"category-de-opinion","8":"tag-mitofsky","9":"tag-veracruz","10":"tag-xalapa"},"yoast_head":"<!-- This site is optimized with the Yoast SEO plugin v27.4 - https:\/\/yoast.com\/product\/yoast-seo-wordpress\/ -->\n<title>XALAPA, APROBACI\u00d3N CIUDADANA - Los pol\u00edticos Veracruz<\/title>\n<meta name=\"robots\" content=\"index, follow, max-snippet:-1, max-image-preview:large, max-video-preview:-1\" \/>\n<link rel=\"canonical\" href=\"https:\/\/lospoliticosveracruz.com\/?p=155751\" \/>\n<meta property=\"og:locale\" content=\"es_ES\" \/>\n<meta property=\"og:type\" content=\"article\" \/>\n<meta property=\"og:title\" content=\"XALAPA, APROBACI\u00d3N CIUDADANA - Los pol\u00edticos Veracruz\" \/>\n<meta property=\"og:description\" content=\"Enrique Yasser Pompeyo Mesa de Redacci\u00f3n En la m\u00e1s reciente evaluaci\u00f3n de&nbsp;150 presidentes municipales del pa\u00eds&nbsp;que llev\u00f3 a cabo la empresa consultora&nbsp;Mitofsky&nbsp;para medir la aprobaci\u00f3n ciudadana, destacan dos de la entidad veracruzana. En el&nbsp;\u201ctop ten\u201d&nbsp;se encuentran la&nbsp;alcaldesa del Puerto de Veracruz, Patricia Lobeira, y el&nbsp;presidente municipal de Xalapa, Alberto Islas Reyes. En el caso particular [&hellip;]\" \/>\n<meta property=\"og:url\" content=\"https:\/\/lospoliticosveracruz.com\/?p=155751\" \/>\n<meta property=\"og:site_name\" content=\"Los pol\u00edticos Veracruz\" \/>\n<meta property=\"article:publisher\" content=\"https:\/\/www.facebook.com\/people\/Notimemes-de-los-Polticos\/61565672886568\/\" \/>\n<meta property=\"article:published_time\" content=\"2025-11-03T02:09:05+00:00\" \/>\n<meta property=\"article:modified_time\" content=\"2025-11-03T02:09:33+00:00\" \/>\n<meta property=\"og:image\" content=\"https:\/\/lospoliticosveracruz.com\/wp-content\/uploads\/2025\/04\/Pompeyo.jpg\" \/>\n\t<meta property=\"og:image:width\" content=\"1250\" \/>\n\t<meta property=\"og:image:height\" content=\"667\" \/>\n\t<meta property=\"og:image:type\" content=\"image\/jpeg\" \/>\n<meta name=\"author\" content=\"Lo viste en Los Pol\u00edticos\" \/>\n<meta name=\"twitter:card\" content=\"summary_large_image\" \/>\n<meta name=\"twitter:creator\" content=\"@LosPoliticosVer\" \/>\n<meta name=\"twitter:site\" content=\"@LosPoliticosVer\" \/>\n<meta name=\"twitter:label1\" content=\"Escrito por\" \/>\n\t<meta name=\"twitter:data1\" content=\"Lo viste en Los Pol\u00edticos\" \/>\n\t<meta name=\"twitter:label2\" content=\"Tiempo de lectura\" \/>\n\t<meta name=\"twitter:data2\" content=\"2 minutos\" \/>\n<script type=\"application\/ld+json\" class=\"yoast-schema-graph\">{\"@context\":\"https:\\\/\\\/schema.org\",\"@graph\":[{\"@type\":\"Article\",\"@id\":\"https:\\\/\\\/lospoliticosveracruz.com\\\/?p=155751#article\",\"isPartOf\":{\"@id\":\"https:\\\/\\\/lospoliticosveracruz.com\\\/?p=155751\"},\"author\":{\"name\":\"Lo viste en Los Pol\u00edticos\",\"@id\":\"https:\\\/\\\/lospoliticosveracruz.com\\\/#\\\/schema\\\/person\\\/b8702bb0e538456e6efd07080bf2a4a2\"},\"headline\":\"XALAPA, APROBACI\u00d3N CIUDADANA\",\"datePublished\":\"2025-11-03T02:09:05+00:00\",\"dateModified\":\"2025-11-03T02:09:33+00:00\",\"mainEntityOfPage\":{\"@id\":\"https:\\\/\\\/lospoliticosveracruz.com\\\/?p=155751\"},\"wordCount\":438,\"publisher\":{\"@id\":\"https:\\\/\\\/lospoliticosveracruz.com\\\/#organization\"},\"image\":{\"@id\":\"https:\\\/\\\/lospoliticosveracruz.com\\\/?p=155751#primaryimage\"},\"thumbnailUrl\":\"https:\\\/\\\/lospoliticosveracruz.com\\\/wp-content\\\/uploads\\\/2025\\\/04\\\/Pompeyo-e1776307406459.jpg\",\"keywords\":[\"Mitofsky\",\"Veracruz\",\"Xalapa\"],\"articleSection\":[\"De Opini\u00f3n\"],\"inLanguage\":\"es\"},{\"@type\":\"WebPage\",\"@id\":\"https:\\\/\\\/lospoliticosveracruz.com\\\/?p=155751\",\"url\":\"https:\\\/\\\/lospoliticosveracruz.com\\\/?p=155751\",\"name\":\"XALAPA, APROBACI\u00d3N CIUDADANA - Los pol\u00edticos Veracruz\",\"isPartOf\":{\"@id\":\"https:\\\/\\\/lospoliticosveracruz.com\\\/#website\"},\"primaryImageOfPage\":{\"@id\":\"https:\\\/\\\/lospoliticosveracruz.com\\\/?p=155751#primaryimage\"},\"image\":{\"@id\":\"https:\\\/\\\/lospoliticosveracruz.com\\\/?p=155751#primaryimage\"},\"thumbnailUrl\":\"https:\\\/\\\/lospoliticosveracruz.com\\\/wp-content\\\/uploads\\\/2025\\\/04\\\/Pompeyo-e1776307406459.jpg\",\"datePublished\":\"2025-11-03T02:09:05+00:00\",\"dateModified\":\"2025-11-03T02:09:33+00:00\",\"breadcrumb\":{\"@id\":\"https:\\\/\\\/lospoliticosveracruz.com\\\/?p=155751#breadcrumb\"},\"inLanguage\":\"es\",\"potentialAction\":[{\"@type\":\"ReadAction\",\"target\":[\"https:\\\/\\\/lospoliticosveracruz.com\\\/?p=155751\"]}]},{\"@type\":\"ImageObject\",\"inLanguage\":\"es\",\"@id\":\"https:\\\/\\\/lospoliticosveracruz.com\\\/?p=155751#primaryimage\",\"url\":\"https:\\\/\\\/lospoliticosveracruz.com\\\/wp-content\\\/uploads\\\/2025\\\/04\\\/Pompeyo-e1776307406459.jpg\",\"contentUrl\":\"https:\\\/\\\/lospoliticosveracruz.com\\\/wp-content\\\/uploads\\\/2025\\\/04\\\/Pompeyo-e1776307406459.jpg\",\"width\":600,\"height\":320},{\"@type\":\"BreadcrumbList\",\"@id\":\"https:\\\/\\\/lospoliticosveracruz.com\\\/?p=155751#breadcrumb\",\"itemListElement\":[{\"@type\":\"ListItem\",\"position\":1,\"name\":\"Portada\",\"item\":\"https:\\\/\\\/lospoliticosveracruz.com\\\/\"},{\"@type\":\"ListItem\",\"position\":2,\"name\":\"XALAPA, APROBACI\u00d3N CIUDADANA\"}]},{\"@type\":\"WebSite\",\"@id\":\"https:\\\/\\\/lospoliticosveracruz.com\\\/#website\",\"url\":\"https:\\\/\\\/lospoliticosveracruz.com\\\/\",\"name\":\"Los pol\u00edticos Veracruz\",\"description\":\"\",\"publisher\":{\"@id\":\"https:\\\/\\\/lospoliticosveracruz.com\\\/#organization\"},\"potentialAction\":[{\"@type\":\"SearchAction\",\"target\":{\"@type\":\"EntryPoint\",\"urlTemplate\":\"https:\\\/\\\/lospoliticosveracruz.com\\\/?s={search_term_string}\"},\"query-input\":{\"@type\":\"PropertyValueSpecification\",\"valueRequired\":true,\"valueName\":\"search_term_string\"}}],\"inLanguage\":\"es\"},{\"@type\":\"Organization\",\"@id\":\"https:\\\/\\\/lospoliticosveracruz.com\\\/#organization\",\"name\":\"Los pol\u00edticos Veracruz\",\"url\":\"https:\\\/\\\/lospoliticosveracruz.com\\\/\",\"logo\":{\"@type\":\"ImageObject\",\"inLanguage\":\"es\",\"@id\":\"https:\\\/\\\/lospoliticosveracruz.com\\\/#\\\/schema\\\/logo\\\/image\\\/\",\"url\":\"https:\\\/\\\/lospoliticosveracruz.com\\\/wp-content\\\/uploads\\\/2025\\\/12\\\/Logo-Nuevo-LOS-POLITICOS-1.jpg\",\"contentUrl\":\"https:\\\/\\\/lospoliticosveracruz.com\\\/wp-content\\\/uploads\\\/2025\\\/12\\\/Logo-Nuevo-LOS-POLITICOS-1.jpg\",\"width\":260,\"height\":70,\"caption\":\"Los pol\u00edticos Veracruz\"},\"image\":{\"@id\":\"https:\\\/\\\/lospoliticosveracruz.com\\\/#\\\/schema\\\/logo\\\/image\\\/\"},\"sameAs\":[\"https:\\\/\\\/www.facebook.com\\\/people\\\/Notimemes-de-los-Polticos\\\/61565672886568\\\/\",\"https:\\\/\\\/x.com\\\/LosPoliticosVer\"]},{\"@type\":\"Person\",\"@id\":\"https:\\\/\\\/lospoliticosveracruz.com\\\/#\\\/schema\\\/person\\\/b8702bb0e538456e6efd07080bf2a4a2\",\"name\":\"Lo viste en Los Pol\u00edticos\",\"image\":{\"@type\":\"ImageObject\",\"inLanguage\":\"es\",\"@id\":\"https:\\\/\\\/secure.gravatar.com\\\/avatar\\\/3a8de04a2656d44082be478bd6c086daa447c4651605818287b9532d3d0bd435?s=96&d=mm&r=g\",\"url\":\"https:\\\/\\\/secure.gravatar.com\\\/avatar\\\/3a8de04a2656d44082be478bd6c086daa447c4651605818287b9532d3d0bd435?s=96&d=mm&r=g\",\"contentUrl\":\"https:\\\/\\\/secure.gravatar.com\\\/avatar\\\/3a8de04a2656d44082be478bd6c086daa447c4651605818287b9532d3d0bd435?s=96&d=mm&r=g\",\"caption\":\"Lo viste en Los Pol\u00edticos\"},\"url\":\"https:\\\/\\\/lospoliticosveracruz.com\\\/?author=2\"}]}<\/script>\n<!-- \/ Yoast SEO plugin. -->","yoast_head_json":{"title":"XALAPA, APROBACI\u00d3N CIUDADANA - Los pol\u00edticos Veracruz","robots":{"index":"index","follow":"follow","max-snippet":"max-snippet:-1","max-image-preview":"max-image-preview:large","max-video-preview":"max-video-preview:-1"},"canonical":"https:\/\/lospoliticosveracruz.com\/?p=155751","og_locale":"es_ES","og_type":"article","og_title":"XALAPA, APROBACI\u00d3N CIUDADANA - Los pol\u00edticos Veracruz","og_description":"Enrique Yasser Pompeyo Mesa de Redacci\u00f3n En la m\u00e1s reciente evaluaci\u00f3n de&nbsp;150 presidentes municipales del pa\u00eds&nbsp;que llev\u00f3 a cabo la empresa consultora&nbsp;Mitofsky&nbsp;para medir la aprobaci\u00f3n ciudadana, destacan dos de la entidad veracruzana. En el&nbsp;\u201ctop ten\u201d&nbsp;se encuentran la&nbsp;alcaldesa del Puerto de Veracruz, Patricia Lobeira, y el&nbsp;presidente municipal de Xalapa, Alberto Islas Reyes. En el caso particular [&hellip;]","og_url":"https:\/\/lospoliticosveracruz.com\/?p=155751","og_site_name":"Los pol\u00edticos Veracruz","article_publisher":"https:\/\/www.facebook.com\/people\/Notimemes-de-los-Polticos\/61565672886568\/","article_published_time":"2025-11-03T02:09:05+00:00","article_modified_time":"2025-11-03T02:09:33+00:00","og_image":[{"width":1250,"height":667,"url":"https:\/\/lospoliticosveracruz.com\/wp-content\/uploads\/2025\/04\/Pompeyo.jpg","type":"image\/jpeg"}],"author":"Lo viste en Los Pol\u00edticos","twitter_card":"summary_large_image","twitter_creator":"@LosPoliticosVer","twitter_site":"@LosPoliticosVer","twitter_misc":{"Escrito por":"Lo viste en Los Pol\u00edticos","Tiempo de lectura":"2 minutos"},"schema":{"@context":"https:\/\/schema.org","@graph":[{"@type":"Article","@id":"https:\/\/lospoliticosveracruz.com\/?p=155751#article","isPartOf":{"@id":"https:\/\/lospoliticosveracruz.com\/?p=155751"},"author":{"name":"Lo viste en Los Pol\u00edticos","@id":"https:\/\/lospoliticosveracruz.com\/#\/schema\/person\/b8702bb0e538456e6efd07080bf2a4a2"},"headline":"XALAPA, APROBACI\u00d3N CIUDADANA","datePublished":"2025-11-03T02:09:05+00:00","dateModified":"2025-11-03T02:09:33+00:00","mainEntityOfPage":{"@id":"https:\/\/lospoliticosveracruz.com\/?p=155751"},"wordCount":438,"publisher":{"@id":"https:\/\/lospoliticosveracruz.com\/#organization"},"image":{"@id":"https:\/\/lospoliticosveracruz.com\/?p=155751#primaryimage"},"thumbnailUrl":"https:\/\/lospoliticosveracruz.com\/wp-content\/uploads\/2025\/04\/Pompeyo-e1776307406459.jpg","keywords":["Mitofsky","Veracruz","Xalapa"],"articleSection":["De Opini\u00f3n"],"inLanguage":"es"},{"@type":"WebPage","@id":"https:\/\/lospoliticosveracruz.com\/?p=155751","url":"https:\/\/lospoliticosveracruz.com\/?p=155751","name":"XALAPA, APROBACI\u00d3N CIUDADANA - Los pol\u00edticos Veracruz","isPartOf":{"@id":"https:\/\/lospoliticosveracruz.com\/#website"},"primaryImageOfPage":{"@id":"https:\/\/lospoliticosveracruz.com\/?p=155751#primaryimage"},"image":{"@id":"https:\/\/lospoliticosveracruz.com\/?p=155751#primaryimage"},"thumbnailUrl":"https:\/\/lospoliticosveracruz.com\/wp-content\/uploads\/2025\/04\/Pompeyo-e1776307406459.jpg","datePublished":"2025-11-03T02:09:05+00:00","dateModified":"2025-11-03T02:09:33+00:00","breadcrumb":{"@id":"https:\/\/lospoliticosveracruz.com\/?p=155751#breadcrumb"},"inLanguage":"es","potentialAction":[{"@type":"ReadAction","target":["https:\/\/lospoliticosveracruz.com\/?p=155751"]}]},{"@type":"ImageObject","inLanguage":"es","@id":"https:\/\/lospoliticosveracruz.com\/?p=155751#primaryimage","url":"https:\/\/lospoliticosveracruz.com\/wp-content\/uploads\/2025\/04\/Pompeyo-e1776307406459.jpg","contentUrl":"https:\/\/lospoliticosveracruz.com\/wp-content\/uploads\/2025\/04\/Pompeyo-e1776307406459.jpg","width":600,"height":320},{"@type":"BreadcrumbList","@id":"https:\/\/lospoliticosveracruz.com\/?p=155751#breadcrumb","itemListElement":[{"@type":"ListItem","position":1,"name":"Portada","item":"https:\/\/lospoliticosveracruz.com\/"},{"@type":"ListItem","position":2,"name":"XALAPA, APROBACI\u00d3N CIUDADANA"}]},{"@type":"WebSite","@id":"https:\/\/lospoliticosveracruz.com\/#website","url":"https:\/\/lospoliticosveracruz.com\/","name":"Los pol\u00edticos Veracruz","description":"","publisher":{"@id":"https:\/\/lospoliticosveracruz.com\/#organization"},"potentialAction":[{"@type":"SearchAction","target":{"@type":"EntryPoint","urlTemplate":"https:\/\/lospoliticosveracruz.com\/?s={search_term_string}"},"query-input":{"@type":"PropertyValueSpecification","valueRequired":true,"valueName":"search_term_string"}}],"inLanguage":"es"},{"@type":"Organization","@id":"https:\/\/lospoliticosveracruz.com\/#organization","name":"Los pol\u00edticos Veracruz","url":"https:\/\/lospoliticosveracruz.com\/","logo":{"@type":"ImageObject","inLanguage":"es","@id":"https:\/\/lospoliticosveracruz.com\/#\/schema\/logo\/image\/","url":"https:\/\/lospoliticosveracruz.com\/wp-content\/uploads\/2025\/12\/Logo-Nuevo-LOS-POLITICOS-1.jpg","contentUrl":"https:\/\/lospoliticosveracruz.com\/wp-content\/uploads\/2025\/12\/Logo-Nuevo-LOS-POLITICOS-1.jpg","width":260,"height":70,"caption":"Los pol\u00edticos Veracruz"},"image":{"@id":"https:\/\/lospoliticosveracruz.com\/#\/schema\/logo\/image\/"},"sameAs":["https:\/\/www.facebook.com\/people\/Notimemes-de-los-Polticos\/61565672886568\/","https:\/\/x.com\/LosPoliticosVer"]},{"@type":"Person","@id":"https:\/\/lospoliticosveracruz.com\/#\/schema\/person\/b8702bb0e538456e6efd07080bf2a4a2","name":"Lo viste en Los Pol\u00edticos","image":{"@type":"ImageObject","inLanguage":"es","@id":"https:\/\/secure.gravatar.com\/avatar\/3a8de04a2656d44082be478bd6c086daa447c4651605818287b9532d3d0bd435?s=96&d=mm&r=g","url":"https:\/\/secure.gravatar.com\/avatar\/3a8de04a2656d44082be478bd6c086daa447c4651605818287b9532d3d0bd435?s=96&d=mm&r=g","contentUrl":"https:\/\/secure.gravatar.com\/avatar\/3a8de04a2656d44082be478bd6c086daa447c4651605818287b9532d3d0bd435?s=96&d=mm&r=g","caption":"Lo viste en Los Pol\u00edticos"},"url":"https:\/\/lospoliticosveracruz.com\/?author=2"}]}},"_links":{"self":[{"href":"https:\/\/lospoliticosveracruz.com\/index.php?rest_route=\/wp\/v2\/posts\/155751","targetHints":{"allow":["GET"]}}],"collection":[{"href":"https:\/\/lospoliticosveracruz.com\/index.php?rest_route=\/wp\/v2\/posts"}],"about":[{"href":"https:\/\/lospoliticosveracruz.com\/index.php?rest_route=\/wp\/v2\/types\/post"}],"author":[{"embeddable":true,"href":"https:\/\/lospoliticosveracruz.com\/index.php?rest_route=\/wp\/v2\/users\/2"}],"replies":[{"embeddable":true,"href":"https:\/\/lospoliticosveracruz.com\/index.php?rest_route=%2Fwp%2Fv2%2Fcomments&post=155751"}],"version-history":[{"count":2,"href":"https:\/\/lospoliticosveracruz.com\/index.php?rest_route=\/wp\/v2\/posts\/155751\/revisions"}],"predecessor-version":[{"id":155753,"href":"https:\/\/lospoliticosveracruz.com\/index.php?rest_route=\/wp\/v2\/posts\/155751\/revisions\/155753"}],"wp:featuredmedia":[{"embeddable":true,"href":"https:\/\/lospoliticosveracruz.com\/index.php?rest_route=\/wp\/v2\/media\/141425"}],"wp:attachment":[{"href":"https:\/\/lospoliticosveracruz.com\/index.php?rest_route=%2Fwp%2Fv2%2Fmedia&parent=155751"}],"wp:term":[{"taxonomy":"category","embeddable":true,"href":"https:\/\/lospoliticosveracruz.com\/index.php?rest_route=%2Fwp%2Fv2%2Fcategories&post=155751"},{"taxonomy":"post_tag","embeddable":true,"href":"https:\/\/lospoliticosveracruz.com\/index.php?rest_route=%2Fwp%2Fv2%2Ftags&post=155751"}],"curies":[{"name":"wp","href":"https:\/\/api.w.org\/{rel}","templated":true}]}}