{"id":155758,"date":"2025-11-02T22:04:41","date_gmt":"2025-11-03T04:04:41","guid":{"rendered":"https:\/\/lospoliticosveracruz.com.mx\/?p=155758"},"modified":"2025-11-02T22:04:55","modified_gmt":"2025-11-03T04:04:55","slug":"para-nahle","status":"publish","type":"post","link":"https:\/\/lospoliticosveracruz.com\/?p=155758","title":{"rendered":"PARA NAHLE\u2026"},"content":{"rendered":"\n<p><\/p>\n\n\n\n<p><strong>Inocencio Y\u00e1\u00f1ez Vicencio<\/strong><\/p>\n\n\n\n<p>En la mayor\u00eda de los hogares mexicanos impera una relaci\u00f3n de respeto hacia sus trabajadores, que en verdad me cuesta trabajo compararla con la relaci\u00f3n que tiene la&nbsp;<strong>zacatecana<\/strong>&nbsp;con sus colaboradores sin el temor de un sacrilegio. Hoy, por fortuna, una empleada dom\u00e9stica reprendida en forma altanera y en p\u00fablico toma sus cosas, se va y deja sufriendo con toda la carga a la patrona.<\/p>\n\n\n\n\n\n<p>La reacci\u00f3n humillante e insolente de&nbsp;<strong>Roc\u00edo Nahle<\/strong>&nbsp;ante un ofrecimiento del&nbsp;<strong>Secretario de Turismo, Igor Roji<\/strong>, que atend\u00eda un reclamo social \u2014\u201cT\u00fa no puedes firmarle a nadie si no te lo autorizo\u201d y sigui\u00f3: \u201cNo puedes repartir dinero\u2026 ya se reparti\u00f3 mucho dinero en el estado\u201d\u2014 la exhibe como una mentirosa y fanfarrona, ya que apenas hace algunos d\u00edas hab\u00eda externado en p\u00fablico que la reparaci\u00f3n de los da\u00f1os por las inundaciones de los r\u00edos&nbsp;<strong>Cazones<\/strong>&nbsp;y&nbsp;<strong>Pantepec<\/strong>&nbsp;no se detendr\u00edan por dinero.<\/p>\n\n\n\n<p>Eso seguramente lo escuch\u00f3 el&nbsp;<strong>Secretario de Turismo<\/strong>&nbsp;y, de acuerdo con esa informaci\u00f3n salida de boca de la titular del Ejecutivo local \u2014lo cual por supuesto no ten\u00eda por qu\u00e9 poner en duda\u2014, tom\u00f3 la decisi\u00f3n de atender una petici\u00f3n.<\/p>\n\n\n\n<p>De acuerdo con la informaci\u00f3n que me proporciona una hermana que perdi\u00f3 todo, no han avanzado gran cosa en la limpia; sin embargo, la restauraci\u00f3n de las casas y reposici\u00f3n de sus muebles y enseres ni siquiera ha comenzado. Entonces, \u00bfen d\u00f3nde ha ido a parar ese dinero que tanto ha repartido? \u00bfNo dijo que no era problema el dinero? \u00bfEl problema es que&nbsp;<strong>Igor Roji<\/strong>&nbsp;se lo crey\u00f3?<\/p>\n\n\n\n<p>Una vez m\u00e1s repito una frase que le tom\u00e9 a&nbsp;<strong>Philip Pettit<\/strong>:&nbsp;<em>sin control no hay democracia<\/em>.<\/p>\n\n\n\n<p><strong>Roc\u00edo Nahle<\/strong>&nbsp;no ha integrado comit\u00e9s de reconstrucci\u00f3n ni comisiones de inspecci\u00f3n, evaluaci\u00f3n y verificaci\u00f3n. De un&nbsp;<strong>Congreso<\/strong>&nbsp;convertido en su porra no podemos esperar que asuma funciones de control, porque&nbsp;<strong>Bautista<\/strong>&nbsp;no sabe m\u00e1s que de matracas.<\/p>\n\n\n\n<p>Si&nbsp;<strong>Roc\u00edo Nahle<\/strong>&nbsp;no entiende que es una servidora p\u00fablica, menos lo entender\u00e1 el personal que ha invitado a acompa\u00f1arla en las tareas de gobierno. Que quede claro: eso es muy grave. En primer lugar, porque no puede haber Estado de derecho si la administraci\u00f3n no se somete a la ley.<\/p>\n\n\n\n<p>Administraci\u00f3n y burocracia son dos cosas diferentes, aunque interrelacionadas. La primera debe obedecer la ley; los reglamentos deben explicitar la ley. En tanto, la burocracia o los permanentes deben regirse por rutinas. En lo que coinciden es en que ambas no est\u00e1n ni pueden estar al humor de jerarqu\u00edas que les asignen funciones de servicio personal o privado.<\/p>\n\n\n\n<p>El funcionariado, como su nombre lo dice, realiza funciones prescritas, que coordina un superior. Es cierto: el titular del&nbsp;<strong>Ejecutivo<\/strong>, en un r\u00e9gimen presidencial, es una sola persona. Los secretarios son encargados de despacho, son colaboradores, porque el Ejecutivo recae en una sola persona y sus colaboradores son responsables ante \u00e9l, no ante el parlamento; pero eso no significa que los secretarios sean parte de su servidumbre.<\/p>\n\n\n\n<p>Los secretarios tienen que atenerse a la funci\u00f3n que proviene de la ley y que coordina su superior, quien no puede ponerlos a realizar funciones que contravengan la letra y el esp\u00edritu de la ley, y menos que atenten contra su dignidad.<\/p>\n\n\n\n<p>\u00bfPor qu\u00e9&nbsp;<strong>Roc\u00edo Nahle<\/strong>&nbsp;humill\u00f3 en p\u00fablico a&nbsp;<strong>Igor Roji<\/strong>? Sencillamente porque para ella sus colaboradores son parte de su servidumbre privada; cada uno de ellos est\u00e1 para servirle a ella, no a la funci\u00f3n constitucional ni al p\u00fablico, con lo cual manda a la basura al Estado de derecho.<\/p>\n\n\n\n<p>Con ese criterio patrimonialista, seg\u00fan ella, todo le pertenece \u2014cosas y personas\u2014 pudiendo hacer con ellas lo que quiera; y dado que cuenta con el respaldo del&nbsp;<strong>Pr\u00edncipe Macuspano<\/strong>, piensa que haga lo que haga jam\u00e1s la alcanzar\u00e1 la verdadera justicia.<\/p>\n\n\n\n<p>La ofensa contra el&nbsp;<strong>Secretario de Turismo<\/strong>&nbsp;muestra a&nbsp;<strong>Roc\u00edo Nahle<\/strong>&nbsp;tal cual es y explica la anulaci\u00f3n que ha hecho de su gabinete.<\/p>\n\n\n\n<p>Como diputada federal, no pas\u00f3 de leer lo que le instru\u00edan; como cabeza del&nbsp;<strong>sector energ\u00e9tico<\/strong>, no pas\u00f3 de esc\u00e1ndalos no aclarados. Pero&nbsp;<strong>AMLO<\/strong>, a sus candidatos y candidatas, los llam\u00f3 bien: los llam\u00f3&nbsp;<em>corcholatas<\/em>, o sea, tapaderas. El reclutamiento, seg\u00fan \u00e9l, deb\u00eda ser por 10 % de capacidad y 90 % de lealtad, que en&nbsp;<strong>Morena<\/strong>&nbsp;quiere decir complicidad. A todas las mafias las une la complicidad. Nada mejor que ese adhesivo.<\/p>\n\n\n\n<p>Con&nbsp;<strong>Nahle<\/strong>, las ejecuciones del narco son infartos; los r\u00edos se desbordan ligeramente; el problema del agua se resuelve con un acueducto que ya tiene presupuesto aunque no tiene fuente; la reparaci\u00f3n de da\u00f1os por inundaciones no es problema de dinero, pero sin que comience ya se acab\u00f3. Se queja de carro\u00f1eros, sin percatarse de que los carro\u00f1eros se acercan con la descomposici\u00f3n; recluta porros del periodismo para atacar a sus enemigos y reduce la comunicaci\u00f3n a un asunto de comadres. Tan malas cuentas le dan sus plum\u00edferos de pacotilla que ya llam\u00f3 hasta a su hermano para que interceda por ella.<\/p>\n\n\n\n<p>El combate al crimen en&nbsp;<strong>Veracruz<\/strong>&nbsp;y en&nbsp;<strong>Michoac\u00e1n<\/strong>&nbsp;queda en pura ret\u00f3rica, con los cr\u00edmenes que cada d\u00eda aumentan; pero el asesinato del&nbsp;<strong>alcalde de Uruapan, Carlos Manzo<\/strong>, pone al descubierto el fracaso del&nbsp;<strong>Gobierno Federal<\/strong>&nbsp;y los gobiernos locales de&nbsp;<strong>Morena<\/strong>, en virtud de que las capturas de alto impacto no han redundado en una disminuci\u00f3n de hogares enlutados.<\/p>\n\n\n\n<p>En las redes, la pregunta que hoy m\u00e1s se hacen sobre el asesinato de&nbsp;<strong>Carlos Manzo<\/strong>&nbsp;es: \u00bfqui\u00e9n fue? \u00bfEl crimen organizado o el Gobierno? \u00bfQui\u00e9n ten\u00eda m\u00e1s inter\u00e9s en deshacerse del alcalde de Uruapan: el&nbsp;<strong>C\u00e1rtel Jalisco Nueva Generaci\u00f3n<\/strong>, por su resistencia, o el Gobierno, que era exhibido por su condescendencia, tomando en cuenta que&nbsp;<em>La Barredora<\/em>&nbsp;era un brazo del&nbsp;<strong>CJNG<\/strong>&nbsp;operado desde el gobierno morenista de&nbsp;<strong>Tabasco<\/strong>?<\/p>\n\n\n\n<p>El desplante de&nbsp;<strong>Roc\u00edo Nahle<\/strong>&nbsp;contra&nbsp;<strong>Igor Roji<\/strong>&nbsp;pone en claro que, si bien es cierto el agraviado sigue ah\u00ed por falta de dignidad, tambi\u00e9n es cierto que no deja dudas de que&nbsp;<strong>Veracruz<\/strong>&nbsp;est\u00e1 en las peores manos: las de una persona insolente, vengativa, que pasa sobre los derechos de la ciudadan\u00eda y de sus mismos colaboradores, reducidos a viles eunucos.<\/p>\n","protected":false},"excerpt":{"rendered":"<p>Inocencio Y\u00e1\u00f1ez Vicencio En la mayor\u00eda de los hogares mexicanos impera una relaci\u00f3n de respeto hacia sus trabajadores, que en verdad me cuesta trabajo compararla con la relaci\u00f3n que tiene la&nbsp;zacatecana&nbsp;con sus colaboradores sin el temor de un sacrilegio. Hoy, por fortuna, una empleada dom\u00e9stica reprendida en forma altanera y en p\u00fablico toma sus cosas, [&hellip;]<\/p>\n","protected":false},"author":2,"featured_media":141387,"comment_status":"closed","ping_status":"closed","sticky":false,"template":"","format":"standard","meta":{"tdm_status":"","tdm_grid_status":"","footnotes":""},"categories":[70],"tags":[],"class_list":{"0":"post-155758","1":"post","2":"type-post","3":"status-publish","4":"format-standard","5":"has-post-thumbnail","7":"category-de-opinion"},"yoast_head":"<!-- This site is optimized with the Yoast SEO plugin v27.4 - https:\/\/yoast.com\/product\/yoast-seo-wordpress\/ -->\n<title>PARA NAHLE\u2026 - Los pol\u00edticos Veracruz<\/title>\n<meta name=\"robots\" content=\"index, follow, max-snippet:-1, max-image-preview:large, max-video-preview:-1\" \/>\n<link rel=\"canonical\" href=\"https:\/\/lospoliticosveracruz.com\/?p=155758\" \/>\n<meta property=\"og:locale\" content=\"es_ES\" \/>\n<meta property=\"og:type\" content=\"article\" \/>\n<meta property=\"og:title\" content=\"PARA NAHLE\u2026 - Los pol\u00edticos Veracruz\" \/>\n<meta property=\"og:description\" content=\"Inocencio Y\u00e1\u00f1ez Vicencio En la mayor\u00eda de los hogares mexicanos impera una relaci\u00f3n de respeto hacia sus trabajadores, que en verdad me cuesta trabajo compararla con la relaci\u00f3n que tiene la&nbsp;zacatecana&nbsp;con sus colaboradores sin el temor de un sacrilegio. Hoy, por fortuna, una empleada dom\u00e9stica reprendida en forma altanera y en p\u00fablico toma sus cosas, [&hellip;]\" \/>\n<meta property=\"og:url\" content=\"https:\/\/lospoliticosveracruz.com\/?p=155758\" \/>\n<meta property=\"og:site_name\" content=\"Los pol\u00edticos Veracruz\" \/>\n<meta property=\"article:publisher\" content=\"https:\/\/www.facebook.com\/people\/Notimemes-de-los-Polticos\/61565672886568\/\" \/>\n<meta property=\"article:published_time\" content=\"2025-11-03T04:04:41+00:00\" \/>\n<meta property=\"article:modified_time\" content=\"2025-11-03T04:04:55+00:00\" \/>\n<meta property=\"og:image\" content=\"https:\/\/lospoliticosveracruz.com\/wp-content\/uploads\/2025\/04\/Inocencio-Yanez-Vicencio.jpg\" \/>\n\t<meta property=\"og:image:width\" content=\"1250\" \/>\n\t<meta property=\"og:image:height\" content=\"667\" \/>\n\t<meta property=\"og:image:type\" content=\"image\/jpeg\" \/>\n<meta name=\"author\" content=\"Lo viste en Los Pol\u00edticos\" \/>\n<meta name=\"twitter:card\" content=\"summary_large_image\" \/>\n<meta name=\"twitter:creator\" content=\"@LosPoliticosVer\" \/>\n<meta name=\"twitter:site\" content=\"@LosPoliticosVer\" \/>\n<meta name=\"twitter:label1\" content=\"Escrito por\" \/>\n\t<meta name=\"twitter:data1\" content=\"Lo viste en Los Pol\u00edticos\" \/>\n\t<meta name=\"twitter:label2\" content=\"Tiempo de lectura\" \/>\n\t<meta name=\"twitter:data2\" content=\"6 minutos\" \/>\n<script type=\"application\/ld+json\" class=\"yoast-schema-graph\">{\"@context\":\"https:\\\/\\\/schema.org\",\"@graph\":[{\"@type\":\"Article\",\"@id\":\"https:\\\/\\\/lospoliticosveracruz.com\\\/?p=155758#article\",\"isPartOf\":{\"@id\":\"https:\\\/\\\/lospoliticosveracruz.com\\\/?p=155758\"},\"author\":{\"name\":\"Lo viste en Los Pol\u00edticos\",\"@id\":\"https:\\\/\\\/lospoliticosveracruz.com\\\/#\\\/schema\\\/person\\\/b8702bb0e538456e6efd07080bf2a4a2\"},\"headline\":\"PARA NAHLE\u2026\",\"datePublished\":\"2025-11-03T04:04:41+00:00\",\"dateModified\":\"2025-11-03T04:04:55+00:00\",\"mainEntityOfPage\":{\"@id\":\"https:\\\/\\\/lospoliticosveracruz.com\\\/?p=155758\"},\"wordCount\":1156,\"publisher\":{\"@id\":\"https:\\\/\\\/lospoliticosveracruz.com\\\/#organization\"},\"image\":{\"@id\":\"https:\\\/\\\/lospoliticosveracruz.com\\\/?p=155758#primaryimage\"},\"thumbnailUrl\":\"https:\\\/\\\/lospoliticosveracruz.com\\\/wp-content\\\/uploads\\\/2025\\\/04\\\/Inocencio-Yanez-Vicencio.jpg\",\"articleSection\":[\"De Opini\u00f3n\"],\"inLanguage\":\"es\"},{\"@type\":\"WebPage\",\"@id\":\"https:\\\/\\\/lospoliticosveracruz.com\\\/?p=155758\",\"url\":\"https:\\\/\\\/lospoliticosveracruz.com\\\/?p=155758\",\"name\":\"PARA NAHLE\u2026 - Los pol\u00edticos Veracruz\",\"isPartOf\":{\"@id\":\"https:\\\/\\\/lospoliticosveracruz.com\\\/#website\"},\"primaryImageOfPage\":{\"@id\":\"https:\\\/\\\/lospoliticosveracruz.com\\\/?p=155758#primaryimage\"},\"image\":{\"@id\":\"https:\\\/\\\/lospoliticosveracruz.com\\\/?p=155758#primaryimage\"},\"thumbnailUrl\":\"https:\\\/\\\/lospoliticosveracruz.com\\\/wp-content\\\/uploads\\\/2025\\\/04\\\/Inocencio-Yanez-Vicencio.jpg\",\"datePublished\":\"2025-11-03T04:04:41+00:00\",\"dateModified\":\"2025-11-03T04:04:55+00:00\",\"breadcrumb\":{\"@id\":\"https:\\\/\\\/lospoliticosveracruz.com\\\/?p=155758#breadcrumb\"},\"inLanguage\":\"es\",\"potentialAction\":[{\"@type\":\"ReadAction\",\"target\":[\"https:\\\/\\\/lospoliticosveracruz.com\\\/?p=155758\"]}]},{\"@type\":\"ImageObject\",\"inLanguage\":\"es\",\"@id\":\"https:\\\/\\\/lospoliticosveracruz.com\\\/?p=155758#primaryimage\",\"url\":\"https:\\\/\\\/lospoliticosveracruz.com\\\/wp-content\\\/uploads\\\/2025\\\/04\\\/Inocencio-Yanez-Vicencio.jpg\",\"contentUrl\":\"https:\\\/\\\/lospoliticosveracruz.com\\\/wp-content\\\/uploads\\\/2025\\\/04\\\/Inocencio-Yanez-Vicencio.jpg\",\"width\":1250,\"height\":667},{\"@type\":\"BreadcrumbList\",\"@id\":\"https:\\\/\\\/lospoliticosveracruz.com\\\/?p=155758#breadcrumb\",\"itemListElement\":[{\"@type\":\"ListItem\",\"position\":1,\"name\":\"Portada\",\"item\":\"https:\\\/\\\/lospoliticosveracruz.com\\\/\"},{\"@type\":\"ListItem\",\"position\":2,\"name\":\"PARA NAHLE\u2026\"}]},{\"@type\":\"WebSite\",\"@id\":\"https:\\\/\\\/lospoliticosveracruz.com\\\/#website\",\"url\":\"https:\\\/\\\/lospoliticosveracruz.com\\\/\",\"name\":\"Los pol\u00edticos Veracruz\",\"description\":\"\",\"publisher\":{\"@id\":\"https:\\\/\\\/lospoliticosveracruz.com\\\/#organization\"},\"potentialAction\":[{\"@type\":\"SearchAction\",\"target\":{\"@type\":\"EntryPoint\",\"urlTemplate\":\"https:\\\/\\\/lospoliticosveracruz.com\\\/?s={search_term_string}\"},\"query-input\":{\"@type\":\"PropertyValueSpecification\",\"valueRequired\":true,\"valueName\":\"search_term_string\"}}],\"inLanguage\":\"es\"},{\"@type\":\"Organization\",\"@id\":\"https:\\\/\\\/lospoliticosveracruz.com\\\/#organization\",\"name\":\"Los pol\u00edticos Veracruz\",\"url\":\"https:\\\/\\\/lospoliticosveracruz.com\\\/\",\"logo\":{\"@type\":\"ImageObject\",\"inLanguage\":\"es\",\"@id\":\"https:\\\/\\\/lospoliticosveracruz.com\\\/#\\\/schema\\\/logo\\\/image\\\/\",\"url\":\"https:\\\/\\\/lospoliticosveracruz.com\\\/wp-content\\\/uploads\\\/2025\\\/12\\\/Logo-Nuevo-LOS-POLITICOS-1.jpg\",\"contentUrl\":\"https:\\\/\\\/lospoliticosveracruz.com\\\/wp-content\\\/uploads\\\/2025\\\/12\\\/Logo-Nuevo-LOS-POLITICOS-1.jpg\",\"width\":260,\"height\":70,\"caption\":\"Los pol\u00edticos Veracruz\"},\"image\":{\"@id\":\"https:\\\/\\\/lospoliticosveracruz.com\\\/#\\\/schema\\\/logo\\\/image\\\/\"},\"sameAs\":[\"https:\\\/\\\/www.facebook.com\\\/people\\\/Notimemes-de-los-Polticos\\\/61565672886568\\\/\",\"https:\\\/\\\/x.com\\\/LosPoliticosVer\"]},{\"@type\":\"Person\",\"@id\":\"https:\\\/\\\/lospoliticosveracruz.com\\\/#\\\/schema\\\/person\\\/b8702bb0e538456e6efd07080bf2a4a2\",\"name\":\"Lo viste en Los Pol\u00edticos\",\"image\":{\"@type\":\"ImageObject\",\"inLanguage\":\"es\",\"@id\":\"https:\\\/\\\/secure.gravatar.com\\\/avatar\\\/3a8de04a2656d44082be478bd6c086daa447c4651605818287b9532d3d0bd435?s=96&d=mm&r=g\",\"url\":\"https:\\\/\\\/secure.gravatar.com\\\/avatar\\\/3a8de04a2656d44082be478bd6c086daa447c4651605818287b9532d3d0bd435?s=96&d=mm&r=g\",\"contentUrl\":\"https:\\\/\\\/secure.gravatar.com\\\/avatar\\\/3a8de04a2656d44082be478bd6c086daa447c4651605818287b9532d3d0bd435?s=96&d=mm&r=g\",\"caption\":\"Lo viste en Los Pol\u00edticos\"},\"url\":\"https:\\\/\\\/lospoliticosveracruz.com\\\/?author=2\"}]}<\/script>\n<!-- \/ Yoast SEO plugin. -->","yoast_head_json":{"title":"PARA NAHLE\u2026 - Los pol\u00edticos Veracruz","robots":{"index":"index","follow":"follow","max-snippet":"max-snippet:-1","max-image-preview":"max-image-preview:large","max-video-preview":"max-video-preview:-1"},"canonical":"https:\/\/lospoliticosveracruz.com\/?p=155758","og_locale":"es_ES","og_type":"article","og_title":"PARA NAHLE\u2026 - Los pol\u00edticos Veracruz","og_description":"Inocencio Y\u00e1\u00f1ez Vicencio En la mayor\u00eda de los hogares mexicanos impera una relaci\u00f3n de respeto hacia sus trabajadores, que en verdad me cuesta trabajo compararla con la relaci\u00f3n que tiene la&nbsp;zacatecana&nbsp;con sus colaboradores sin el temor de un sacrilegio. Hoy, por fortuna, una empleada dom\u00e9stica reprendida en forma altanera y en p\u00fablico toma sus cosas, [&hellip;]","og_url":"https:\/\/lospoliticosveracruz.com\/?p=155758","og_site_name":"Los pol\u00edticos Veracruz","article_publisher":"https:\/\/www.facebook.com\/people\/Notimemes-de-los-Polticos\/61565672886568\/","article_published_time":"2025-11-03T04:04:41+00:00","article_modified_time":"2025-11-03T04:04:55+00:00","og_image":[{"width":1250,"height":667,"url":"https:\/\/lospoliticosveracruz.com\/wp-content\/uploads\/2025\/04\/Inocencio-Yanez-Vicencio.jpg","type":"image\/jpeg"}],"author":"Lo viste en Los Pol\u00edticos","twitter_card":"summary_large_image","twitter_creator":"@LosPoliticosVer","twitter_site":"@LosPoliticosVer","twitter_misc":{"Escrito por":"Lo viste en Los Pol\u00edticos","Tiempo de lectura":"6 minutos"},"schema":{"@context":"https:\/\/schema.org","@graph":[{"@type":"Article","@id":"https:\/\/lospoliticosveracruz.com\/?p=155758#article","isPartOf":{"@id":"https:\/\/lospoliticosveracruz.com\/?p=155758"},"author":{"name":"Lo viste en Los Pol\u00edticos","@id":"https:\/\/lospoliticosveracruz.com\/#\/schema\/person\/b8702bb0e538456e6efd07080bf2a4a2"},"headline":"PARA NAHLE\u2026","datePublished":"2025-11-03T04:04:41+00:00","dateModified":"2025-11-03T04:04:55+00:00","mainEntityOfPage":{"@id":"https:\/\/lospoliticosveracruz.com\/?p=155758"},"wordCount":1156,"publisher":{"@id":"https:\/\/lospoliticosveracruz.com\/#organization"},"image":{"@id":"https:\/\/lospoliticosveracruz.com\/?p=155758#primaryimage"},"thumbnailUrl":"https:\/\/lospoliticosveracruz.com\/wp-content\/uploads\/2025\/04\/Inocencio-Yanez-Vicencio.jpg","articleSection":["De Opini\u00f3n"],"inLanguage":"es"},{"@type":"WebPage","@id":"https:\/\/lospoliticosveracruz.com\/?p=155758","url":"https:\/\/lospoliticosveracruz.com\/?p=155758","name":"PARA NAHLE\u2026 - Los pol\u00edticos Veracruz","isPartOf":{"@id":"https:\/\/lospoliticosveracruz.com\/#website"},"primaryImageOfPage":{"@id":"https:\/\/lospoliticosveracruz.com\/?p=155758#primaryimage"},"image":{"@id":"https:\/\/lospoliticosveracruz.com\/?p=155758#primaryimage"},"thumbnailUrl":"https:\/\/lospoliticosveracruz.com\/wp-content\/uploads\/2025\/04\/Inocencio-Yanez-Vicencio.jpg","datePublished":"2025-11-03T04:04:41+00:00","dateModified":"2025-11-03T04:04:55+00:00","breadcrumb":{"@id":"https:\/\/lospoliticosveracruz.com\/?p=155758#breadcrumb"},"inLanguage":"es","potentialAction":[{"@type":"ReadAction","target":["https:\/\/lospoliticosveracruz.com\/?p=155758"]}]},{"@type":"ImageObject","inLanguage":"es","@id":"https:\/\/lospoliticosveracruz.com\/?p=155758#primaryimage","url":"https:\/\/lospoliticosveracruz.com\/wp-content\/uploads\/2025\/04\/Inocencio-Yanez-Vicencio.jpg","contentUrl":"https:\/\/lospoliticosveracruz.com\/wp-content\/uploads\/2025\/04\/Inocencio-Yanez-Vicencio.jpg","width":1250,"height":667},{"@type":"BreadcrumbList","@id":"https:\/\/lospoliticosveracruz.com\/?p=155758#breadcrumb","itemListElement":[{"@type":"ListItem","position":1,"name":"Portada","item":"https:\/\/lospoliticosveracruz.com\/"},{"@type":"ListItem","position":2,"name":"PARA NAHLE\u2026"}]},{"@type":"WebSite","@id":"https:\/\/lospoliticosveracruz.com\/#website","url":"https:\/\/lospoliticosveracruz.com\/","name":"Los pol\u00edticos Veracruz","description":"","publisher":{"@id":"https:\/\/lospoliticosveracruz.com\/#organization"},"potentialAction":[{"@type":"SearchAction","target":{"@type":"EntryPoint","urlTemplate":"https:\/\/lospoliticosveracruz.com\/?s={search_term_string}"},"query-input":{"@type":"PropertyValueSpecification","valueRequired":true,"valueName":"search_term_string"}}],"inLanguage":"es"},{"@type":"Organization","@id":"https:\/\/lospoliticosveracruz.com\/#organization","name":"Los pol\u00edticos Veracruz","url":"https:\/\/lospoliticosveracruz.com\/","logo":{"@type":"ImageObject","inLanguage":"es","@id":"https:\/\/lospoliticosveracruz.com\/#\/schema\/logo\/image\/","url":"https:\/\/lospoliticosveracruz.com\/wp-content\/uploads\/2025\/12\/Logo-Nuevo-LOS-POLITICOS-1.jpg","contentUrl":"https:\/\/lospoliticosveracruz.com\/wp-content\/uploads\/2025\/12\/Logo-Nuevo-LOS-POLITICOS-1.jpg","width":260,"height":70,"caption":"Los pol\u00edticos Veracruz"},"image":{"@id":"https:\/\/lospoliticosveracruz.com\/#\/schema\/logo\/image\/"},"sameAs":["https:\/\/www.facebook.com\/people\/Notimemes-de-los-Polticos\/61565672886568\/","https:\/\/x.com\/LosPoliticosVer"]},{"@type":"Person","@id":"https:\/\/lospoliticosveracruz.com\/#\/schema\/person\/b8702bb0e538456e6efd07080bf2a4a2","name":"Lo viste en Los Pol\u00edticos","image":{"@type":"ImageObject","inLanguage":"es","@id":"https:\/\/secure.gravatar.com\/avatar\/3a8de04a2656d44082be478bd6c086daa447c4651605818287b9532d3d0bd435?s=96&d=mm&r=g","url":"https:\/\/secure.gravatar.com\/avatar\/3a8de04a2656d44082be478bd6c086daa447c4651605818287b9532d3d0bd435?s=96&d=mm&r=g","contentUrl":"https:\/\/secure.gravatar.com\/avatar\/3a8de04a2656d44082be478bd6c086daa447c4651605818287b9532d3d0bd435?s=96&d=mm&r=g","caption":"Lo viste en Los Pol\u00edticos"},"url":"https:\/\/lospoliticosveracruz.com\/?author=2"}]}},"_links":{"self":[{"href":"https:\/\/lospoliticosveracruz.com\/index.php?rest_route=\/wp\/v2\/posts\/155758","targetHints":{"allow":["GET"]}}],"collection":[{"href":"https:\/\/lospoliticosveracruz.com\/index.php?rest_route=\/wp\/v2\/posts"}],"about":[{"href":"https:\/\/lospoliticosveracruz.com\/index.php?rest_route=\/wp\/v2\/types\/post"}],"author":[{"embeddable":true,"href":"https:\/\/lospoliticosveracruz.com\/index.php?rest_route=\/wp\/v2\/users\/2"}],"replies":[{"embeddable":true,"href":"https:\/\/lospoliticosveracruz.com\/index.php?rest_route=%2Fwp%2Fv2%2Fcomments&post=155758"}],"version-history":[{"count":2,"href":"https:\/\/lospoliticosveracruz.com\/index.php?rest_route=\/wp\/v2\/posts\/155758\/revisions"}],"predecessor-version":[{"id":155760,"href":"https:\/\/lospoliticosveracruz.com\/index.php?rest_route=\/wp\/v2\/posts\/155758\/revisions\/155760"}],"wp:featuredmedia":[{"embeddable":true,"href":"https:\/\/lospoliticosveracruz.com\/index.php?rest_route=\/wp\/v2\/media\/141387"}],"wp:attachment":[{"href":"https:\/\/lospoliticosveracruz.com\/index.php?rest_route=%2Fwp%2Fv2%2Fmedia&parent=155758"}],"wp:term":[{"taxonomy":"category","embeddable":true,"href":"https:\/\/lospoliticosveracruz.com\/index.php?rest_route=%2Fwp%2Fv2%2Fcategories&post=155758"},{"taxonomy":"post_tag","embeddable":true,"href":"https:\/\/lospoliticosveracruz.com\/index.php?rest_route=%2Fwp%2Fv2%2Ftags&post=155758"}],"curies":[{"name":"wp","href":"https:\/\/api.w.org\/{rel}","templated":true}]}}