{"id":155762,"date":"2025-11-02T22:24:34","date_gmt":"2025-11-03T04:24:34","guid":{"rendered":"https:\/\/lospoliticosveracruz.com.mx\/?p=155762"},"modified":"2025-11-02T22:24:56","modified_gmt":"2025-11-03T04:24:56","slug":"la-politizacion-de-la-imparticion-de-justicia","status":"publish","type":"post","link":"https:\/\/lospoliticosveracruz.com\/?p=155762","title":{"rendered":"LA POLITIZACI\u00d3N DE LA IMPARTICI\u00d3N DE JUSTICIA"},"content":{"rendered":"\n<p><strong>Carlos Miguel Acosta Bravo<\/strong><\/p>\n\n\n\n<p><em>Impronta<\/em><\/p>\n\n\n\n<p>El se\u00f1alamiento por parte de CEOs de empresas estadounidenses sobre una posible politizaci\u00f3n en la impartici\u00f3n de justicia en M\u00e9xico, tras la reciente reforma al Poder Judicial, genera diversas iniciativas de incertidumbre para los inversionistas extranjeros y puede influir en la renegociaci\u00f3n del TMEC en 2026.<\/p>\n\n\n\n<p>El impacto en la inversi\u00f3n extranjera y la percepci\u00f3n de riesgo diversos&nbsp;de parte de&nbsp;CEOs estadounidenses, agrupados en la Business Roundtable, han expresado su preocupaci\u00f3n por la posible p\u00e9rdida de independencia del Poder Judicial en M\u00e9xico, atribuy\u00e9ndola a cambios regulatorios y reformas que llevan a una mayor politizaci\u00f3n de los jueces y magistrados. Esto aumenta la percepci\u00f3n de inseguridad jur\u00eddica, ya que los inversionistas temen que las decisiones del sistema judicial puedan estar sujetas a presiones pol\u00edticas, afectando la protecci\u00f3n de sus inversiones y contratos internacionales.<\/p>\n\n\n\n<p>La incertidumbre deriva principalmente de la posible erosi\u00f3n del Estado de Derecho, lo cual eleva los costos de transacci\u00f3n y aumenta la probabilidad de resoluciones arbitrarias o inconsistentes, comprometiendo as\u00ed la confianza en la estabilidad del marco jur\u00eddico mexicano. La percepci\u00f3n de que las reformas podr\u00edan hacer vulnerables los arbitrajes y mecanismos de resoluci\u00f3n de controversias tambi\u00e9n preocupa a los inversionistas extranjeros que consideran estos factores para sus decisiones de inversi\u00f3n.<\/p>\n\n\n\n<p>La presi\u00f3n internacional y&nbsp;el proceso actual de&nbsp;renegociaci\u00f3n del TMEC,&nbsp;en&nbsp;un escenario donde Estados Unidos percibe&nbsp;un debilitamiento en la independencia judicial de M\u00e9xico, es probable que exija garant\u00edas adicionales para proteger sus inversiones en futuras revisiones del TMEC, especialmente en 2026, cuando&nbsp;entrar\u00e1 de lleno la&nbsp;renegociaci\u00f3n de&nbsp;dicho tratado. Los CEOs y sectores empresariales estadounidenses han pedido al gobierno de Donald&nbsp;Trump que presione para fortalecer los mecanismos de protecci\u00f3n, como el fortalecimiento del mecanismo de soluci\u00f3n de controversias, espec\u00edficamente el ISDS (que se aplica para inversiones Estado-Inversiones), a fin de mitigar los riesgos relacionados con la politizaci\u00f3n del Poder Judicial mexicano.<\/p>\n\n\n\n<p>Adem\u00e1s, la tendencia hacia la politizaci\u00f3n y las posibles modificaciones en las normas regulatorias pueden afectar la percepci\u00f3n de M\u00e9xico como un destino confiable para inversiones, adem\u00e1s de poner en riesgo la ratificaci\u00f3n y continuidad del TMEC&nbsp;y la posibilidad real para que se convierta en un acuerdo bilateral que pondr\u00eda a\u00fan en mayor fragilidad el intercambio comercial con EU. La incertidumbre sobre la estabilidad jur\u00eddica tambi\u00e9n puede hacer que las empresas opten por reubicaciones o diversificaci\u00f3n de sus cadenas de suministro&nbsp;como ya ha venido sucediendo, afectando las oportunidades de nearshoring y la confianza en el cumplimiento de las obligaciones del tratado.<\/p>\n\n\n\n<p>En s\u00edntesis, las declaraciones de CEOs estadounidenses respecto a la politizaci\u00f3n del sistema judicial en M\u00e9xico aumentan la incertidumbre para los inversionistas extranjeros, lo cual puede traducirse en mayor cautela, menor flujo de inversi\u00f3n y presi\u00f3n para fortalecer los mecanismos de protecci\u00f3n en el TMEC, con miras a preservar la estabilidad del comercio y la inversi\u00f3n en la regi\u00f3n en 2026.<\/p>\n\n\n\n<p>Ante este escenario cabe la pregunta:&nbsp;Qu\u00e9 medidas puede tomar M\u00e9xico para recuperar confianza de inversores? M\u00e9xico puede implementar varias medidas para recuperar y fortalecer la confianza de los inversionistas extranjeros, asegurando un marco legal estable, transparente y predecible. A continuaci\u00f3n, se presentan&nbsp;algunas&nbsp;principales acciones recomendadas.<\/p>\n\n\n\n<p>Fortalecimiento del Estado de Derecho y independencia judicial, el pa\u00eds debe asegurar la autonom\u00eda e independencia del Poder Judicial, promoviendo reformas que garanticen decisiones basadas \u00fanicamente en la ley y no en presiones pol\u00edticas. La institucionalizaci\u00f3n de mecanismos de supervisi\u00f3n y rendici\u00f3n de cuentas permitir\u00e1 reducir percepciones de politizaci\u00f3n y arbitrariedad, fortaleciendo la percepci\u00f3n de justicia y legalidad.Hay muchas decisiones que est\u00e1n tomando los ejecutivos locales que dejan muy mal parado al poder judicial, pues se someten a sus decisiones y no est\u00e1n garantizando el estado derecho en general, en especial en el campo laboral&nbsp;que es muy sensible para los estadounidenses, pues es una se\u00f1al que leen de que a ellos podr\u00eda tambi\u00e9n afectarles.<\/p>\n\n\n\n<p>Se sugiere tambi\u00e9n reforzar mecanismos de protecci\u00f3n a la inversi\u00f3n,&nbsp;es crucial consolidar y fortalecer los mecanismos internacionales y nacionales para la protecci\u00f3n de inversiones, como el arbitraje internacional, con pleno y estricto apego a derecho&nbsp;y&nbsp;en especial en&nbsp;los tribunales especializados en resolver controversias en materia de inversi\u00f3n. Adem\u00e1s, mejorar los acuerdos bilaterales y multilaterales que brinden garant\u00edas claras y eficaces para los inversionistas, adem\u00e1s de transparentar los procedimientos, aumentar\u00e1 la confianza en la estabilidad jur\u00eddica.<\/p>\n\n\n\n<p>Transparencia y lucha contra la corrupci\u00f3n Implementar pol\u00edticas firmes contra la corrupci\u00f3n y promover la transparencia en la administraci\u00f3n p\u00fablica es fundamental para mejorar la percepci\u00f3n de seguridad jur\u00eddica, y no girar instrucciones a dependencias y organismos a no acatar laudos ni reinstalaciones, que ponen en riesgo y entredicho insisto el estado de derecho que tanto preocupa a inversionistas, especialmente a los estadounidenses.&nbsp;La adopci\u00f3n de plataformas digitales de acceso p\u00fablico a informaci\u00f3n,&nbsp;que se ha estado debilitando con la desaparici\u00f3n del INAI&nbsp;as\u00ed como &nbsp;auditor\u00edas&nbsp;y supervisiones&nbsp;independientes, generan mayor confianza en las instituciones&nbsp;mexicanas.<\/p>\n\n\n\n<p>Fomentar un entorno econ\u00f3mico estable y predecible&nbsp;para as\u00ed mantener pol\u00edticas macroecon\u00f3micas responsables, con control inflacionario y estabilidad fiscal, contribuye a crear un ambiente favorable para la inversi\u00f3n. Asimismo, promover reformas estructurales que faciliten la actividad empresarial y reduzcan obst\u00e1culos regulatorios es clave para atraer y retener inversi\u00f3n extranjera.<\/p>\n\n\n\n<p>El gobierno y las instituciones mexicanas deben establecer canales efectivos de di\u00e1logo con los inversionistas, incluyendo mesas de trabajo y consulta previa&nbsp;en donde realmente escuchen,recojan y modifiquen&nbsp;para atender sus inquietudes y garantizar la coherencia, congruencia y responsabilidad&nbsp;en las pol\u00edticas p\u00fablicas, y no sean solo di\u00e1logos protocolarios que no se traduzcan en marcos normativos legales reales.&nbsp;Adem\u00e1s, comunicar de manera transparente las acciones tomadas y los logros en materia de confianza jur\u00eddica ayudar\u00e1n&nbsp;a mejorar la percepci\u00f3n internacional.<\/p>\n\n\n\n<p>Una recomendaci\u00f3n adicional&nbsp;es implementar un plan integral de mejora en la seguridad y justicia. Hechos como el reciente homicidio del alcalde de Uruapan, Michoac\u00e1n Carlos Manzo no contribuye a dar certeza y confianza a inversionistas. Se debe hacer&nbsp;con \u00e9nfasis en la protecci\u00f3n de derechos de inversi\u00f3n y en la reducci\u00f3n de la percepci\u00f3n de inseguridad&nbsp;del pa\u00eds,&nbsp;y esto&nbsp;reforzar\u00e1 la reputaci\u00f3n de M\u00e9xico como destino confiable para la inversi\u00f3n extranjera.<\/p>\n\n\n\n<p>Estas acciones, si se coordinan y aplican de manera consistente, ayudar\u00e1n a recuperar la confianza de los inversores y a consolidar un entorno econ\u00f3mico m\u00e1s estable y atractivo para las inversiones nacionales e internacionales.<\/p>\n\n\n\n<p>Comente u opine a:<\/p>\n\n\n\n<p><a href=\"mailto:cacostabravo@yahoo.com.mx\">cacostabravo@yahoo.com.mx<\/a><\/p>\n\n\n\n<p>*Maestro en comunicaci\u00f3n por la Universidad Iberoamericana, de la cual form\u00f3 parte del cuerpo acad\u00e9mico de la Licenciatura en comunicaci\u00f3n, as\u00ed como de la Universidad An\u00e1huac, camp\u00fas norte de CDMX.<\/p>\n","protected":false},"excerpt":{"rendered":"<p>Carlos Miguel Acosta Bravo Impronta El se\u00f1alamiento por parte de CEOs de empresas estadounidenses sobre una posible politizaci\u00f3n en la impartici\u00f3n de justicia en M\u00e9xico, tras la reciente reforma al Poder Judicial, genera diversas iniciativas de incertidumbre para los inversionistas extranjeros y puede influir en la renegociaci\u00f3n del TMEC en 2026. El impacto en la [&hellip;]<\/p>\n","protected":false},"author":2,"featured_media":141377,"comment_status":"closed","ping_status":"closed","sticky":false,"template":"","format":"standard","meta":{"tdm_status":"","tdm_grid_status":"","footnotes":""},"categories":[70],"tags":[],"class_list":{"0":"post-155762","1":"post","2":"type-post","3":"status-publish","4":"format-standard","5":"has-post-thumbnail","7":"category-de-opinion"},"yoast_head":"<!-- This site is optimized with the Yoast SEO plugin v27.4 - https:\/\/yoast.com\/product\/yoast-seo-wordpress\/ -->\n<title>LA POLITIZACI\u00d3N DE LA IMPARTICI\u00d3N DE JUSTICIA - Los pol\u00edticos Veracruz<\/title>\n<meta name=\"robots\" content=\"index, follow, max-snippet:-1, max-image-preview:large, max-video-preview:-1\" \/>\n<link rel=\"canonical\" href=\"https:\/\/lospoliticosveracruz.com\/?p=155762\" \/>\n<meta property=\"og:locale\" content=\"es_ES\" \/>\n<meta property=\"og:type\" content=\"article\" \/>\n<meta property=\"og:title\" content=\"LA POLITIZACI\u00d3N DE LA IMPARTICI\u00d3N DE JUSTICIA - Los pol\u00edticos Veracruz\" \/>\n<meta property=\"og:description\" content=\"Carlos Miguel Acosta Bravo Impronta El se\u00f1alamiento por parte de CEOs de empresas estadounidenses sobre una posible politizaci\u00f3n en la impartici\u00f3n de justicia en M\u00e9xico, tras la reciente reforma al Poder Judicial, genera diversas iniciativas de incertidumbre para los inversionistas extranjeros y puede influir en la renegociaci\u00f3n del TMEC en 2026. El impacto en la [&hellip;]\" \/>\n<meta property=\"og:url\" content=\"https:\/\/lospoliticosveracruz.com\/?p=155762\" \/>\n<meta property=\"og:site_name\" content=\"Los pol\u00edticos Veracruz\" \/>\n<meta property=\"article:publisher\" content=\"https:\/\/www.facebook.com\/people\/Notimemes-de-los-Polticos\/61565672886568\/\" \/>\n<meta property=\"article:published_time\" content=\"2025-11-03T04:24:34+00:00\" \/>\n<meta property=\"article:modified_time\" content=\"2025-11-03T04:24:56+00:00\" \/>\n<meta property=\"og:image\" content=\"https:\/\/lospoliticosveracruz.com\/wp-content\/uploads\/2025\/04\/Carlos-Miguel-Acosta-Bravo.jpg\" \/>\n\t<meta property=\"og:image:width\" content=\"1250\" \/>\n\t<meta property=\"og:image:height\" content=\"667\" \/>\n\t<meta property=\"og:image:type\" content=\"image\/jpeg\" \/>\n<meta name=\"author\" content=\"Lo viste en Los Pol\u00edticos\" \/>\n<meta name=\"twitter:card\" content=\"summary_large_image\" \/>\n<meta name=\"twitter:creator\" content=\"@LosPoliticosVer\" \/>\n<meta name=\"twitter:site\" content=\"@LosPoliticosVer\" \/>\n<meta name=\"twitter:label1\" content=\"Escrito por\" \/>\n\t<meta name=\"twitter:data1\" content=\"Lo viste en Los Pol\u00edticos\" \/>\n\t<meta name=\"twitter:label2\" content=\"Tiempo de lectura\" \/>\n\t<meta name=\"twitter:data2\" content=\"6 minutos\" \/>\n<script type=\"application\/ld+json\" class=\"yoast-schema-graph\">{\"@context\":\"https:\\\/\\\/schema.org\",\"@graph\":[{\"@type\":\"Article\",\"@id\":\"https:\\\/\\\/lospoliticosveracruz.com\\\/?p=155762#article\",\"isPartOf\":{\"@id\":\"https:\\\/\\\/lospoliticosveracruz.com\\\/?p=155762\"},\"author\":{\"name\":\"Lo viste en Los Pol\u00edticos\",\"@id\":\"https:\\\/\\\/lospoliticosveracruz.com\\\/#\\\/schema\\\/person\\\/b8702bb0e538456e6efd07080bf2a4a2\"},\"headline\":\"LA POLITIZACI\u00d3N DE LA IMPARTICI\u00d3N DE JUSTICIA\",\"datePublished\":\"2025-11-03T04:24:34+00:00\",\"dateModified\":\"2025-11-03T04:24:56+00:00\",\"mainEntityOfPage\":{\"@id\":\"https:\\\/\\\/lospoliticosveracruz.com\\\/?p=155762\"},\"wordCount\":1257,\"publisher\":{\"@id\":\"https:\\\/\\\/lospoliticosveracruz.com\\\/#organization\"},\"image\":{\"@id\":\"https:\\\/\\\/lospoliticosveracruz.com\\\/?p=155762#primaryimage\"},\"thumbnailUrl\":\"https:\\\/\\\/lospoliticosveracruz.com\\\/wp-content\\\/uploads\\\/2025\\\/04\\\/Carlos-Miguel-Acosta-Bravo.jpg\",\"articleSection\":[\"De Opini\u00f3n\"],\"inLanguage\":\"es\"},{\"@type\":\"WebPage\",\"@id\":\"https:\\\/\\\/lospoliticosveracruz.com\\\/?p=155762\",\"url\":\"https:\\\/\\\/lospoliticosveracruz.com\\\/?p=155762\",\"name\":\"LA POLITIZACI\u00d3N DE LA IMPARTICI\u00d3N DE JUSTICIA - Los pol\u00edticos Veracruz\",\"isPartOf\":{\"@id\":\"https:\\\/\\\/lospoliticosveracruz.com\\\/#website\"},\"primaryImageOfPage\":{\"@id\":\"https:\\\/\\\/lospoliticosveracruz.com\\\/?p=155762#primaryimage\"},\"image\":{\"@id\":\"https:\\\/\\\/lospoliticosveracruz.com\\\/?p=155762#primaryimage\"},\"thumbnailUrl\":\"https:\\\/\\\/lospoliticosveracruz.com\\\/wp-content\\\/uploads\\\/2025\\\/04\\\/Carlos-Miguel-Acosta-Bravo.jpg\",\"datePublished\":\"2025-11-03T04:24:34+00:00\",\"dateModified\":\"2025-11-03T04:24:56+00:00\",\"breadcrumb\":{\"@id\":\"https:\\\/\\\/lospoliticosveracruz.com\\\/?p=155762#breadcrumb\"},\"inLanguage\":\"es\",\"potentialAction\":[{\"@type\":\"ReadAction\",\"target\":[\"https:\\\/\\\/lospoliticosveracruz.com\\\/?p=155762\"]}]},{\"@type\":\"ImageObject\",\"inLanguage\":\"es\",\"@id\":\"https:\\\/\\\/lospoliticosveracruz.com\\\/?p=155762#primaryimage\",\"url\":\"https:\\\/\\\/lospoliticosveracruz.com\\\/wp-content\\\/uploads\\\/2025\\\/04\\\/Carlos-Miguel-Acosta-Bravo.jpg\",\"contentUrl\":\"https:\\\/\\\/lospoliticosveracruz.com\\\/wp-content\\\/uploads\\\/2025\\\/04\\\/Carlos-Miguel-Acosta-Bravo.jpg\",\"width\":1250,\"height\":667},{\"@type\":\"BreadcrumbList\",\"@id\":\"https:\\\/\\\/lospoliticosveracruz.com\\\/?p=155762#breadcrumb\",\"itemListElement\":[{\"@type\":\"ListItem\",\"position\":1,\"name\":\"Portada\",\"item\":\"https:\\\/\\\/lospoliticosveracruz.com\\\/\"},{\"@type\":\"ListItem\",\"position\":2,\"name\":\"LA POLITIZACI\u00d3N DE LA IMPARTICI\u00d3N DE JUSTICIA\"}]},{\"@type\":\"WebSite\",\"@id\":\"https:\\\/\\\/lospoliticosveracruz.com\\\/#website\",\"url\":\"https:\\\/\\\/lospoliticosveracruz.com\\\/\",\"name\":\"Los pol\u00edticos Veracruz\",\"description\":\"\",\"publisher\":{\"@id\":\"https:\\\/\\\/lospoliticosveracruz.com\\\/#organization\"},\"potentialAction\":[{\"@type\":\"SearchAction\",\"target\":{\"@type\":\"EntryPoint\",\"urlTemplate\":\"https:\\\/\\\/lospoliticosveracruz.com\\\/?s={search_term_string}\"},\"query-input\":{\"@type\":\"PropertyValueSpecification\",\"valueRequired\":true,\"valueName\":\"search_term_string\"}}],\"inLanguage\":\"es\"},{\"@type\":\"Organization\",\"@id\":\"https:\\\/\\\/lospoliticosveracruz.com\\\/#organization\",\"name\":\"Los pol\u00edticos Veracruz\",\"url\":\"https:\\\/\\\/lospoliticosveracruz.com\\\/\",\"logo\":{\"@type\":\"ImageObject\",\"inLanguage\":\"es\",\"@id\":\"https:\\\/\\\/lospoliticosveracruz.com\\\/#\\\/schema\\\/logo\\\/image\\\/\",\"url\":\"https:\\\/\\\/lospoliticosveracruz.com\\\/wp-content\\\/uploads\\\/2025\\\/12\\\/Logo-Nuevo-LOS-POLITICOS-1.jpg\",\"contentUrl\":\"https:\\\/\\\/lospoliticosveracruz.com\\\/wp-content\\\/uploads\\\/2025\\\/12\\\/Logo-Nuevo-LOS-POLITICOS-1.jpg\",\"width\":260,\"height\":70,\"caption\":\"Los pol\u00edticos Veracruz\"},\"image\":{\"@id\":\"https:\\\/\\\/lospoliticosveracruz.com\\\/#\\\/schema\\\/logo\\\/image\\\/\"},\"sameAs\":[\"https:\\\/\\\/www.facebook.com\\\/people\\\/Notimemes-de-los-Polticos\\\/61565672886568\\\/\",\"https:\\\/\\\/x.com\\\/LosPoliticosVer\"]},{\"@type\":\"Person\",\"@id\":\"https:\\\/\\\/lospoliticosveracruz.com\\\/#\\\/schema\\\/person\\\/b8702bb0e538456e6efd07080bf2a4a2\",\"name\":\"Lo viste en Los Pol\u00edticos\",\"image\":{\"@type\":\"ImageObject\",\"inLanguage\":\"es\",\"@id\":\"https:\\\/\\\/secure.gravatar.com\\\/avatar\\\/3a8de04a2656d44082be478bd6c086daa447c4651605818287b9532d3d0bd435?s=96&d=mm&r=g\",\"url\":\"https:\\\/\\\/secure.gravatar.com\\\/avatar\\\/3a8de04a2656d44082be478bd6c086daa447c4651605818287b9532d3d0bd435?s=96&d=mm&r=g\",\"contentUrl\":\"https:\\\/\\\/secure.gravatar.com\\\/avatar\\\/3a8de04a2656d44082be478bd6c086daa447c4651605818287b9532d3d0bd435?s=96&d=mm&r=g\",\"caption\":\"Lo viste en Los Pol\u00edticos\"},\"url\":\"https:\\\/\\\/lospoliticosveracruz.com\\\/?author=2\"}]}<\/script>\n<!-- \/ Yoast SEO plugin. -->","yoast_head_json":{"title":"LA POLITIZACI\u00d3N DE LA IMPARTICI\u00d3N DE JUSTICIA - Los pol\u00edticos Veracruz","robots":{"index":"index","follow":"follow","max-snippet":"max-snippet:-1","max-image-preview":"max-image-preview:large","max-video-preview":"max-video-preview:-1"},"canonical":"https:\/\/lospoliticosveracruz.com\/?p=155762","og_locale":"es_ES","og_type":"article","og_title":"LA POLITIZACI\u00d3N DE LA IMPARTICI\u00d3N DE JUSTICIA - Los pol\u00edticos Veracruz","og_description":"Carlos Miguel Acosta Bravo Impronta El se\u00f1alamiento por parte de CEOs de empresas estadounidenses sobre una posible politizaci\u00f3n en la impartici\u00f3n de justicia en M\u00e9xico, tras la reciente reforma al Poder Judicial, genera diversas iniciativas de incertidumbre para los inversionistas extranjeros y puede influir en la renegociaci\u00f3n del TMEC en 2026. El impacto en la [&hellip;]","og_url":"https:\/\/lospoliticosveracruz.com\/?p=155762","og_site_name":"Los pol\u00edticos Veracruz","article_publisher":"https:\/\/www.facebook.com\/people\/Notimemes-de-los-Polticos\/61565672886568\/","article_published_time":"2025-11-03T04:24:34+00:00","article_modified_time":"2025-11-03T04:24:56+00:00","og_image":[{"width":1250,"height":667,"url":"https:\/\/lospoliticosveracruz.com\/wp-content\/uploads\/2025\/04\/Carlos-Miguel-Acosta-Bravo.jpg","type":"image\/jpeg"}],"author":"Lo viste en Los Pol\u00edticos","twitter_card":"summary_large_image","twitter_creator":"@LosPoliticosVer","twitter_site":"@LosPoliticosVer","twitter_misc":{"Escrito por":"Lo viste en Los Pol\u00edticos","Tiempo de lectura":"6 minutos"},"schema":{"@context":"https:\/\/schema.org","@graph":[{"@type":"Article","@id":"https:\/\/lospoliticosveracruz.com\/?p=155762#article","isPartOf":{"@id":"https:\/\/lospoliticosveracruz.com\/?p=155762"},"author":{"name":"Lo viste en Los Pol\u00edticos","@id":"https:\/\/lospoliticosveracruz.com\/#\/schema\/person\/b8702bb0e538456e6efd07080bf2a4a2"},"headline":"LA POLITIZACI\u00d3N DE LA IMPARTICI\u00d3N DE JUSTICIA","datePublished":"2025-11-03T04:24:34+00:00","dateModified":"2025-11-03T04:24:56+00:00","mainEntityOfPage":{"@id":"https:\/\/lospoliticosveracruz.com\/?p=155762"},"wordCount":1257,"publisher":{"@id":"https:\/\/lospoliticosveracruz.com\/#organization"},"image":{"@id":"https:\/\/lospoliticosveracruz.com\/?p=155762#primaryimage"},"thumbnailUrl":"https:\/\/lospoliticosveracruz.com\/wp-content\/uploads\/2025\/04\/Carlos-Miguel-Acosta-Bravo.jpg","articleSection":["De Opini\u00f3n"],"inLanguage":"es"},{"@type":"WebPage","@id":"https:\/\/lospoliticosveracruz.com\/?p=155762","url":"https:\/\/lospoliticosveracruz.com\/?p=155762","name":"LA POLITIZACI\u00d3N DE LA IMPARTICI\u00d3N DE JUSTICIA - Los pol\u00edticos Veracruz","isPartOf":{"@id":"https:\/\/lospoliticosveracruz.com\/#website"},"primaryImageOfPage":{"@id":"https:\/\/lospoliticosveracruz.com\/?p=155762#primaryimage"},"image":{"@id":"https:\/\/lospoliticosveracruz.com\/?p=155762#primaryimage"},"thumbnailUrl":"https:\/\/lospoliticosveracruz.com\/wp-content\/uploads\/2025\/04\/Carlos-Miguel-Acosta-Bravo.jpg","datePublished":"2025-11-03T04:24:34+00:00","dateModified":"2025-11-03T04:24:56+00:00","breadcrumb":{"@id":"https:\/\/lospoliticosveracruz.com\/?p=155762#breadcrumb"},"inLanguage":"es","potentialAction":[{"@type":"ReadAction","target":["https:\/\/lospoliticosveracruz.com\/?p=155762"]}]},{"@type":"ImageObject","inLanguage":"es","@id":"https:\/\/lospoliticosveracruz.com\/?p=155762#primaryimage","url":"https:\/\/lospoliticosveracruz.com\/wp-content\/uploads\/2025\/04\/Carlos-Miguel-Acosta-Bravo.jpg","contentUrl":"https:\/\/lospoliticosveracruz.com\/wp-content\/uploads\/2025\/04\/Carlos-Miguel-Acosta-Bravo.jpg","width":1250,"height":667},{"@type":"BreadcrumbList","@id":"https:\/\/lospoliticosveracruz.com\/?p=155762#breadcrumb","itemListElement":[{"@type":"ListItem","position":1,"name":"Portada","item":"https:\/\/lospoliticosveracruz.com\/"},{"@type":"ListItem","position":2,"name":"LA POLITIZACI\u00d3N DE LA IMPARTICI\u00d3N DE JUSTICIA"}]},{"@type":"WebSite","@id":"https:\/\/lospoliticosveracruz.com\/#website","url":"https:\/\/lospoliticosveracruz.com\/","name":"Los pol\u00edticos Veracruz","description":"","publisher":{"@id":"https:\/\/lospoliticosveracruz.com\/#organization"},"potentialAction":[{"@type":"SearchAction","target":{"@type":"EntryPoint","urlTemplate":"https:\/\/lospoliticosveracruz.com\/?s={search_term_string}"},"query-input":{"@type":"PropertyValueSpecification","valueRequired":true,"valueName":"search_term_string"}}],"inLanguage":"es"},{"@type":"Organization","@id":"https:\/\/lospoliticosveracruz.com\/#organization","name":"Los pol\u00edticos Veracruz","url":"https:\/\/lospoliticosveracruz.com\/","logo":{"@type":"ImageObject","inLanguage":"es","@id":"https:\/\/lospoliticosveracruz.com\/#\/schema\/logo\/image\/","url":"https:\/\/lospoliticosveracruz.com\/wp-content\/uploads\/2025\/12\/Logo-Nuevo-LOS-POLITICOS-1.jpg","contentUrl":"https:\/\/lospoliticosveracruz.com\/wp-content\/uploads\/2025\/12\/Logo-Nuevo-LOS-POLITICOS-1.jpg","width":260,"height":70,"caption":"Los pol\u00edticos Veracruz"},"image":{"@id":"https:\/\/lospoliticosveracruz.com\/#\/schema\/logo\/image\/"},"sameAs":["https:\/\/www.facebook.com\/people\/Notimemes-de-los-Polticos\/61565672886568\/","https:\/\/x.com\/LosPoliticosVer"]},{"@type":"Person","@id":"https:\/\/lospoliticosveracruz.com\/#\/schema\/person\/b8702bb0e538456e6efd07080bf2a4a2","name":"Lo viste en Los Pol\u00edticos","image":{"@type":"ImageObject","inLanguage":"es","@id":"https:\/\/secure.gravatar.com\/avatar\/3a8de04a2656d44082be478bd6c086daa447c4651605818287b9532d3d0bd435?s=96&d=mm&r=g","url":"https:\/\/secure.gravatar.com\/avatar\/3a8de04a2656d44082be478bd6c086daa447c4651605818287b9532d3d0bd435?s=96&d=mm&r=g","contentUrl":"https:\/\/secure.gravatar.com\/avatar\/3a8de04a2656d44082be478bd6c086daa447c4651605818287b9532d3d0bd435?s=96&d=mm&r=g","caption":"Lo viste en Los Pol\u00edticos"},"url":"https:\/\/lospoliticosveracruz.com\/?author=2"}]}},"_links":{"self":[{"href":"https:\/\/lospoliticosveracruz.com\/index.php?rest_route=\/wp\/v2\/posts\/155762","targetHints":{"allow":["GET"]}}],"collection":[{"href":"https:\/\/lospoliticosveracruz.com\/index.php?rest_route=\/wp\/v2\/posts"}],"about":[{"href":"https:\/\/lospoliticosveracruz.com\/index.php?rest_route=\/wp\/v2\/types\/post"}],"author":[{"embeddable":true,"href":"https:\/\/lospoliticosveracruz.com\/index.php?rest_route=\/wp\/v2\/users\/2"}],"replies":[{"embeddable":true,"href":"https:\/\/lospoliticosveracruz.com\/index.php?rest_route=%2Fwp%2Fv2%2Fcomments&post=155762"}],"version-history":[{"count":2,"href":"https:\/\/lospoliticosveracruz.com\/index.php?rest_route=\/wp\/v2\/posts\/155762\/revisions"}],"predecessor-version":[{"id":155765,"href":"https:\/\/lospoliticosveracruz.com\/index.php?rest_route=\/wp\/v2\/posts\/155762\/revisions\/155765"}],"wp:featuredmedia":[{"embeddable":true,"href":"https:\/\/lospoliticosveracruz.com\/index.php?rest_route=\/wp\/v2\/media\/141377"}],"wp:attachment":[{"href":"https:\/\/lospoliticosveracruz.com\/index.php?rest_route=%2Fwp%2Fv2%2Fmedia&parent=155762"}],"wp:term":[{"taxonomy":"category","embeddable":true,"href":"https:\/\/lospoliticosveracruz.com\/index.php?rest_route=%2Fwp%2Fv2%2Fcategories&post=155762"},{"taxonomy":"post_tag","embeddable":true,"href":"https:\/\/lospoliticosveracruz.com\/index.php?rest_route=%2Fwp%2Fv2%2Ftags&post=155762"}],"curies":[{"name":"wp","href":"https:\/\/api.w.org\/{rel}","templated":true}]}}