{"id":15578,"date":"2015-04-03T12:33:06","date_gmt":"2015-04-03T18:33:06","guid":{"rendered":"http:\/\/www.lospoliticosveracruz.com.mx\/?p=15578"},"modified":"2015-04-03T12:33:06","modified_gmt":"2015-04-03T18:33:06","slug":"mucho-ojo-con-aspirantes-a-diputados-federales","status":"publish","type":"post","link":"https:\/\/lospoliticosveracruz.com\/?p=15578","title":{"rendered":"Mucho ojo con aspirantes a diputados federales"},"content":{"rendered":"<p><a href=\"http:\/\/www.lospoliticosveracruz.com.mx\/wp-content\/uploads\/2015\/04\/diputados-federales2.png\"><img loading=\"lazy\" decoding=\"async\" class=\"alignnone size-full wp-image-15577\" src=\"http:\/\/www.lospoliticosveracruz.com.mx\/wp-content\/uploads\/2015\/04\/diputados-federales2.png\" alt=\"diputados federales\" width=\"275\" height=\"183\" \/><\/a><\/p>\n<p><strong>Miguel \u00c1ngel Cristiani Glez.<\/strong><\/p>\n<p><em>Bit\u00e1cora<\/em><\/p>\n<p>Este s\u00e1bado el Consejo General del Instituto Nacional Electoral INE y en sus consejos en los 300 distritos del territorio nacional, habr\u00e1 de aprobar a los protagonistas del proceso democr\u00e1tico del pr\u00f3ximo 7 de junio, los candidatos a diputados federales.<\/p>\n<p>Por principio de cuentas, habr\u00eda que tomarle la palabra al INE que en sus tormentosos mensajes publicitarios de la \u201cdemocracia mexicana\u201d en donde piden votar, pero tambi\u00e9n informarse, investigar a los se\u00f1ores y se\u00f1oras candidatas.<\/p>\n<p>Habr\u00eda que empezar por preguntarse si ya conoce usted, a los que aspiran a convertirse en diputados federales.<\/p>\n<p>Estamos casi seguros, de que la mayor\u00eda de los electorales, no saben a estas alturas del partido quienes son los personajes que pretenden transformarse en legisladores federales en la pr\u00f3xima legislatura.<\/p>\n<p>Quienes son, que han hecho, de qu\u00e9 viven, en donde han trabajado, con qu\u00e9 resultados son algunas de las preguntas b\u00e1sicas que habr\u00eda que hacerles a todos los aspirantes y suspirantes.<\/p>\n<p>Porque al final de cuentas, quienes resulten ganadores, deber\u00e1n hablar y decidir en nombre de sus representados, deben de ser los portadores de las visiones, necesidades y aspiraciones de los electores, se supone, para desde el campo legislativo transformar las leyes que nos rigen.<\/p>\n<p>Hasta hace poco, los partidos pol\u00edticos pose\u00edan el monopolio de postulaci\u00f3n de candidatos. La reforma constitucional de 2012 y legal de 2014 modific\u00f3 tal situaci\u00f3n al introducir la figura de candidatos independientes, los que al obtener el respaldo del 2% de sus conciudadanos, entre otros requisitos, pueden v\u00e1lida y legalmente aspirar a cargos de elecci\u00f3n popular.<\/p>\n<p>En su oportunidad, 57 ciudadanos recibieron su constancia de aspirante a una diputaci\u00f3n federal. Este s\u00e1bado 4 de abril analizaremos la viabilidad de conceder el registro a 38 de quienes finalmente lo solicitaron. Las entidades federativas que agrupan el mayor n\u00famero de esas candidaturas son: Veracruz, con siete; Sinaloa, con seis, y Baja California, con cinco.<\/p>\n<p>Una segunda novedad importante se refiere a la paridad de g\u00e9nero. No hay posibilidad de subterfugio alguno: en su conjunto, las candidaturas partidistas, tanto por el principio de mayor\u00eda relativa como de representaci\u00f3n proporcional, deber\u00e1n estar integradas por igual n\u00famero de mujeres y hombres.<\/p>\n<p>M\u00e1s a\u00fan, para evitar simulaciones contrarias a la efectiva representaci\u00f3n de mujeres en el legislativo, cada f\u00f3rmula deber\u00e1 estar integrada por personas del mismo g\u00e9nero. En la misma t\u00f3nica, la lista de candidatos de representaci\u00f3n proporcional deber\u00e1n alternar los g\u00e9neros de las candidaturas.<\/p>\n<p>El Partido del Trabajo inscribi\u00f3 200 f\u00f3rmulas de mayor\u00eda relativa y 200 de representaci\u00f3n proporcional. Por su parte, el Partido Revolucionario Institucional y el Partido Verde Ecologista de M\u00e9xico, registraron 50 f\u00f3rmulas de mayor\u00eda relativa y 200 de representaci\u00f3n proporcional, cada uno. Cabe tener presente que ambos partidos contender\u00e1n de modo coaligado en 250 distritos, para lo cual presentaron las respectivas solicitudes de registro. Asimismo, se ha registrado la coalici\u00f3n denominada \u00bfCoalici\u00f3n de Izquierda Progresista?, integrada por PRD y PT, que present\u00f3 100 f\u00f3rmulas de mayor\u00eda relativa.<\/p>\n<p>Dos partidos no inscribieron la totalidad de f\u00f3rmulas permitidas. El Partido Humanista present\u00f3 296 de mayor\u00eda relativa y 180 de representaci\u00f3n proporcional. El Partido Encuentro Social registr\u00f3 300 de mayor\u00eda relativa y 152 de representaci\u00f3n proporcional.<\/p>\n<p>Como se aprecia, las solicitudes de registro son numerosas. Implican un vasto trabajo de revisi\u00f3n, para verificar que cada candidato cumple con los requisitos establecidos en el art\u00edculo 55 de la Constituci\u00f3n y con el procedimiento que se\u00f1alan los art\u00edculos 232 a 241 de la Ley General de Instituciones y Procedimientos Electorales.<\/p>\n<p>El INE ha generado el portal \u00bfCandidatas y Candidatos: con\u00f3celos?, con el prop\u00f3sito de dar a conocer los datos curriculares que proporcionen los candidatos y contribuir as\u00ed a una ciudadan\u00eda informada.<\/p>\n<p>Advierte el fil\u00f3sofo del pueblo Pancho L\u00f3pez:<\/p>\n<p>Habr\u00e1 que ponerles mucha atenci\u00f3n a los aspirantes a diputados, cuestionar en donde han estado, que han hecho, porqu\u00e9 han salido y si no tienen cola y fortunas mal habidas que les pisen, y \u00fanicamente est\u00e9n buscando el fuero para protegerse de sus tropel\u00edas.<\/p>\n<p>Visita nuestro portal de noticias de Veracruz: http:\/\/bitacoraveracruz.blogspot.mx<br \/>\nEstamos en Twitter como: @bitacoraveracru<br \/>\nTambi\u00e9n b\u00fascanos en Facebook: Miguel \u00c1ngel Cristiani G.<\/p>\n","protected":false},"excerpt":{"rendered":"<p>Miguel \u00c1ngel Cristiani Glez. Bit\u00e1cora Este s\u00e1bado el Consejo General del Instituto Nacional Electoral INE y en sus consejos en los 300 distritos del territorio nacional, habr\u00e1 de aprobar a los protagonistas del proceso democr\u00e1tico del pr\u00f3ximo 7 de junio, los candidatos a diputados federales. Por principio de cuentas, habr\u00eda que tomarle la palabra al [&hellip;]<\/p>\n","protected":false},"author":2,"featured_media":0,"comment_status":"open","ping_status":"open","sticky":false,"template":"","format":"standard","meta":{"tdm_status":"","tdm_grid_status":"","footnotes":""},"categories":[70],"tags":[2290,207,792,554,340,2288,107,251,2289,264,2287],"class_list":{"0":"post-15578","1":"post","2":"type-post","3":"status-publish","4":"format-standard","6":"category-de-opinion","7":"tag-candidatas-y-candidatos-conocelos","8":"tag-democracia","9":"tag-diputados-federales","10":"tag-ine","11":"tag-instituto-nacional-electoral","12":"tag-partido-humanista","13":"tag-prd","14":"tag-pri","15":"tag-pt","16":"tag-pvem","17":"tag-reforma-constitucional-de-2012"},"yoast_head":"<!-- This site is optimized with the Yoast SEO plugin v27.4 - https:\/\/yoast.com\/product\/yoast-seo-wordpress\/ -->\n<title>Mucho ojo con aspirantes a diputados federales - Los pol\u00edticos Veracruz<\/title>\n<meta name=\"robots\" content=\"index, follow, max-snippet:-1, max-image-preview:large, max-video-preview:-1\" \/>\n<link rel=\"canonical\" href=\"https:\/\/lospoliticosveracruz.com\/?p=15578\" \/>\n<meta property=\"og:locale\" content=\"es_ES\" \/>\n<meta property=\"og:type\" content=\"article\" \/>\n<meta property=\"og:title\" content=\"Mucho ojo con aspirantes a diputados federales - Los pol\u00edticos Veracruz\" \/>\n<meta property=\"og:description\" content=\"Miguel \u00c1ngel Cristiani Glez. Bit\u00e1cora Este s\u00e1bado el Consejo General del Instituto Nacional Electoral INE y en sus consejos en los 300 distritos del territorio nacional, habr\u00e1 de aprobar a los protagonistas del proceso democr\u00e1tico del pr\u00f3ximo 7 de junio, los candidatos a diputados federales. Por principio de cuentas, habr\u00eda que tomarle la palabra al [&hellip;]\" \/>\n<meta property=\"og:url\" content=\"https:\/\/lospoliticosveracruz.com\/?p=15578\" \/>\n<meta property=\"og:site_name\" content=\"Los pol\u00edticos Veracruz\" \/>\n<meta property=\"article:publisher\" content=\"https:\/\/www.facebook.com\/people\/Notimemes-de-los-Polticos\/61565672886568\/\" \/>\n<meta property=\"article:published_time\" content=\"2015-04-03T18:33:06+00:00\" \/>\n<meta property=\"og:image\" content=\"http:\/\/www.lospoliticosveracruz.com.mx\/wp-content\/uploads\/2015\/04\/diputados-federales2.png\" \/>\n<meta name=\"author\" content=\"Lo viste en Los Pol\u00edticos\" \/>\n<meta name=\"twitter:card\" content=\"summary_large_image\" \/>\n<meta name=\"twitter:creator\" content=\"@LosPoliticosVer\" \/>\n<meta name=\"twitter:site\" content=\"@LosPoliticosVer\" \/>\n<meta name=\"twitter:label1\" content=\"Escrito por\" \/>\n\t<meta name=\"twitter:data1\" content=\"Lo viste en Los Pol\u00edticos\" \/>\n\t<meta name=\"twitter:label2\" content=\"Tiempo de lectura\" \/>\n\t<meta name=\"twitter:data2\" content=\"4 minutos\" \/>\n<script type=\"application\/ld+json\" class=\"yoast-schema-graph\">{\"@context\":\"https:\\\/\\\/schema.org\",\"@graph\":[{\"@type\":\"Article\",\"@id\":\"https:\\\/\\\/lospoliticosveracruz.com\\\/?p=15578#article\",\"isPartOf\":{\"@id\":\"https:\\\/\\\/lospoliticosveracruz.com\\\/?p=15578\"},\"author\":{\"name\":\"Lo viste en Los Pol\u00edticos\",\"@id\":\"https:\\\/\\\/lospoliticosveracruz.com\\\/#\\\/schema\\\/person\\\/b8702bb0e538456e6efd07080bf2a4a2\"},\"headline\":\"Mucho ojo con aspirantes a diputados federales\",\"datePublished\":\"2015-04-03T18:33:06+00:00\",\"mainEntityOfPage\":{\"@id\":\"https:\\\/\\\/lospoliticosveracruz.com\\\/?p=15578\"},\"wordCount\":739,\"commentCount\":0,\"publisher\":{\"@id\":\"https:\\\/\\\/lospoliticosveracruz.com\\\/#organization\"},\"image\":{\"@id\":\"https:\\\/\\\/lospoliticosveracruz.com\\\/?p=15578#primaryimage\"},\"thumbnailUrl\":\"http:\\\/\\\/www.lospoliticosveracruz.com.mx\\\/wp-content\\\/uploads\\\/2015\\\/04\\\/diputados-federales2.png\",\"keywords\":[\"Candidatas y Candidatos: con\u00f3celos\",\"democracia\",\"Diputados Federales\",\"INE\",\"Instituto Nacional Electoral\",\"Partido Humanista\",\"PRD\",\"PRI\",\"PT\",\"PVEM\",\"Reforma constitucional de 2012\"],\"articleSection\":[\"De Opini\u00f3n\"],\"inLanguage\":\"es\",\"potentialAction\":[{\"@type\":\"CommentAction\",\"name\":\"Comment\",\"target\":[\"https:\\\/\\\/lospoliticosveracruz.com\\\/?p=15578#respond\"]}]},{\"@type\":\"WebPage\",\"@id\":\"https:\\\/\\\/lospoliticosveracruz.com\\\/?p=15578\",\"url\":\"https:\\\/\\\/lospoliticosveracruz.com\\\/?p=15578\",\"name\":\"Mucho ojo con aspirantes a diputados federales - Los pol\u00edticos Veracruz\",\"isPartOf\":{\"@id\":\"https:\\\/\\\/lospoliticosveracruz.com\\\/#website\"},\"primaryImageOfPage\":{\"@id\":\"https:\\\/\\\/lospoliticosveracruz.com\\\/?p=15578#primaryimage\"},\"image\":{\"@id\":\"https:\\\/\\\/lospoliticosveracruz.com\\\/?p=15578#primaryimage\"},\"thumbnailUrl\":\"http:\\\/\\\/www.lospoliticosveracruz.com.mx\\\/wp-content\\\/uploads\\\/2015\\\/04\\\/diputados-federales2.png\",\"datePublished\":\"2015-04-03T18:33:06+00:00\",\"breadcrumb\":{\"@id\":\"https:\\\/\\\/lospoliticosveracruz.com\\\/?p=15578#breadcrumb\"},\"inLanguage\":\"es\",\"potentialAction\":[{\"@type\":\"ReadAction\",\"target\":[\"https:\\\/\\\/lospoliticosveracruz.com\\\/?p=15578\"]}]},{\"@type\":\"ImageObject\",\"inLanguage\":\"es\",\"@id\":\"https:\\\/\\\/lospoliticosveracruz.com\\\/?p=15578#primaryimage\",\"url\":\"http:\\\/\\\/www.lospoliticosveracruz.com.mx\\\/wp-content\\\/uploads\\\/2015\\\/04\\\/diputados-federales2.png\",\"contentUrl\":\"http:\\\/\\\/www.lospoliticosveracruz.com.mx\\\/wp-content\\\/uploads\\\/2015\\\/04\\\/diputados-federales2.png\"},{\"@type\":\"BreadcrumbList\",\"@id\":\"https:\\\/\\\/lospoliticosveracruz.com\\\/?p=15578#breadcrumb\",\"itemListElement\":[{\"@type\":\"ListItem\",\"position\":1,\"name\":\"Portada\",\"item\":\"https:\\\/\\\/lospoliticosveracruz.com\\\/\"},{\"@type\":\"ListItem\",\"position\":2,\"name\":\"Mucho ojo con aspirantes a diputados federales\"}]},{\"@type\":\"WebSite\",\"@id\":\"https:\\\/\\\/lospoliticosveracruz.com\\\/#website\",\"url\":\"https:\\\/\\\/lospoliticosveracruz.com\\\/\",\"name\":\"Los pol\u00edticos Veracruz\",\"description\":\"\",\"publisher\":{\"@id\":\"https:\\\/\\\/lospoliticosveracruz.com\\\/#organization\"},\"potentialAction\":[{\"@type\":\"SearchAction\",\"target\":{\"@type\":\"EntryPoint\",\"urlTemplate\":\"https:\\\/\\\/lospoliticosveracruz.com\\\/?s={search_term_string}\"},\"query-input\":{\"@type\":\"PropertyValueSpecification\",\"valueRequired\":true,\"valueName\":\"search_term_string\"}}],\"inLanguage\":\"es\"},{\"@type\":\"Organization\",\"@id\":\"https:\\\/\\\/lospoliticosveracruz.com\\\/#organization\",\"name\":\"Los pol\u00edticos Veracruz\",\"url\":\"https:\\\/\\\/lospoliticosveracruz.com\\\/\",\"logo\":{\"@type\":\"ImageObject\",\"inLanguage\":\"es\",\"@id\":\"https:\\\/\\\/lospoliticosveracruz.com\\\/#\\\/schema\\\/logo\\\/image\\\/\",\"url\":\"https:\\\/\\\/lospoliticosveracruz.com\\\/wp-content\\\/uploads\\\/2025\\\/12\\\/Logo-Nuevo-LOS-POLITICOS-1.jpg\",\"contentUrl\":\"https:\\\/\\\/lospoliticosveracruz.com\\\/wp-content\\\/uploads\\\/2025\\\/12\\\/Logo-Nuevo-LOS-POLITICOS-1.jpg\",\"width\":260,\"height\":70,\"caption\":\"Los pol\u00edticos Veracruz\"},\"image\":{\"@id\":\"https:\\\/\\\/lospoliticosveracruz.com\\\/#\\\/schema\\\/logo\\\/image\\\/\"},\"sameAs\":[\"https:\\\/\\\/www.facebook.com\\\/people\\\/Notimemes-de-los-Polticos\\\/61565672886568\\\/\",\"https:\\\/\\\/x.com\\\/LosPoliticosVer\"]},{\"@type\":\"Person\",\"@id\":\"https:\\\/\\\/lospoliticosveracruz.com\\\/#\\\/schema\\\/person\\\/b8702bb0e538456e6efd07080bf2a4a2\",\"name\":\"Lo viste en Los Pol\u00edticos\",\"image\":{\"@type\":\"ImageObject\",\"inLanguage\":\"es\",\"@id\":\"https:\\\/\\\/secure.gravatar.com\\\/avatar\\\/3a8de04a2656d44082be478bd6c086daa447c4651605818287b9532d3d0bd435?s=96&d=mm&r=g\",\"url\":\"https:\\\/\\\/secure.gravatar.com\\\/avatar\\\/3a8de04a2656d44082be478bd6c086daa447c4651605818287b9532d3d0bd435?s=96&d=mm&r=g\",\"contentUrl\":\"https:\\\/\\\/secure.gravatar.com\\\/avatar\\\/3a8de04a2656d44082be478bd6c086daa447c4651605818287b9532d3d0bd435?s=96&d=mm&r=g\",\"caption\":\"Lo viste en Los Pol\u00edticos\"},\"url\":\"https:\\\/\\\/lospoliticosveracruz.com\\\/?author=2\"}]}<\/script>\n<!-- \/ Yoast SEO plugin. -->","yoast_head_json":{"title":"Mucho ojo con aspirantes a diputados federales - Los pol\u00edticos Veracruz","robots":{"index":"index","follow":"follow","max-snippet":"max-snippet:-1","max-image-preview":"max-image-preview:large","max-video-preview":"max-video-preview:-1"},"canonical":"https:\/\/lospoliticosveracruz.com\/?p=15578","og_locale":"es_ES","og_type":"article","og_title":"Mucho ojo con aspirantes a diputados federales - Los pol\u00edticos Veracruz","og_description":"Miguel \u00c1ngel Cristiani Glez. Bit\u00e1cora Este s\u00e1bado el Consejo General del Instituto Nacional Electoral INE y en sus consejos en los 300 distritos del territorio nacional, habr\u00e1 de aprobar a los protagonistas del proceso democr\u00e1tico del pr\u00f3ximo 7 de junio, los candidatos a diputados federales. Por principio de cuentas, habr\u00eda que tomarle la palabra al [&hellip;]","og_url":"https:\/\/lospoliticosveracruz.com\/?p=15578","og_site_name":"Los pol\u00edticos Veracruz","article_publisher":"https:\/\/www.facebook.com\/people\/Notimemes-de-los-Polticos\/61565672886568\/","article_published_time":"2015-04-03T18:33:06+00:00","og_image":[{"url":"http:\/\/www.lospoliticosveracruz.com.mx\/wp-content\/uploads\/2015\/04\/diputados-federales2.png","type":"","width":"","height":""}],"author":"Lo viste en Los Pol\u00edticos","twitter_card":"summary_large_image","twitter_creator":"@LosPoliticosVer","twitter_site":"@LosPoliticosVer","twitter_misc":{"Escrito por":"Lo viste en Los Pol\u00edticos","Tiempo de lectura":"4 minutos"},"schema":{"@context":"https:\/\/schema.org","@graph":[{"@type":"Article","@id":"https:\/\/lospoliticosveracruz.com\/?p=15578#article","isPartOf":{"@id":"https:\/\/lospoliticosveracruz.com\/?p=15578"},"author":{"name":"Lo viste en Los Pol\u00edticos","@id":"https:\/\/lospoliticosveracruz.com\/#\/schema\/person\/b8702bb0e538456e6efd07080bf2a4a2"},"headline":"Mucho ojo con aspirantes a diputados federales","datePublished":"2015-04-03T18:33:06+00:00","mainEntityOfPage":{"@id":"https:\/\/lospoliticosveracruz.com\/?p=15578"},"wordCount":739,"commentCount":0,"publisher":{"@id":"https:\/\/lospoliticosveracruz.com\/#organization"},"image":{"@id":"https:\/\/lospoliticosveracruz.com\/?p=15578#primaryimage"},"thumbnailUrl":"http:\/\/www.lospoliticosveracruz.com.mx\/wp-content\/uploads\/2015\/04\/diputados-federales2.png","keywords":["Candidatas y Candidatos: con\u00f3celos","democracia","Diputados Federales","INE","Instituto Nacional Electoral","Partido Humanista","PRD","PRI","PT","PVEM","Reforma constitucional de 2012"],"articleSection":["De Opini\u00f3n"],"inLanguage":"es","potentialAction":[{"@type":"CommentAction","name":"Comment","target":["https:\/\/lospoliticosveracruz.com\/?p=15578#respond"]}]},{"@type":"WebPage","@id":"https:\/\/lospoliticosveracruz.com\/?p=15578","url":"https:\/\/lospoliticosveracruz.com\/?p=15578","name":"Mucho ojo con aspirantes a diputados federales - Los pol\u00edticos Veracruz","isPartOf":{"@id":"https:\/\/lospoliticosveracruz.com\/#website"},"primaryImageOfPage":{"@id":"https:\/\/lospoliticosveracruz.com\/?p=15578#primaryimage"},"image":{"@id":"https:\/\/lospoliticosveracruz.com\/?p=15578#primaryimage"},"thumbnailUrl":"http:\/\/www.lospoliticosveracruz.com.mx\/wp-content\/uploads\/2015\/04\/diputados-federales2.png","datePublished":"2015-04-03T18:33:06+00:00","breadcrumb":{"@id":"https:\/\/lospoliticosveracruz.com\/?p=15578#breadcrumb"},"inLanguage":"es","potentialAction":[{"@type":"ReadAction","target":["https:\/\/lospoliticosveracruz.com\/?p=15578"]}]},{"@type":"ImageObject","inLanguage":"es","@id":"https:\/\/lospoliticosveracruz.com\/?p=15578#primaryimage","url":"http:\/\/www.lospoliticosveracruz.com.mx\/wp-content\/uploads\/2015\/04\/diputados-federales2.png","contentUrl":"http:\/\/www.lospoliticosveracruz.com.mx\/wp-content\/uploads\/2015\/04\/diputados-federales2.png"},{"@type":"BreadcrumbList","@id":"https:\/\/lospoliticosveracruz.com\/?p=15578#breadcrumb","itemListElement":[{"@type":"ListItem","position":1,"name":"Portada","item":"https:\/\/lospoliticosveracruz.com\/"},{"@type":"ListItem","position":2,"name":"Mucho ojo con aspirantes a diputados federales"}]},{"@type":"WebSite","@id":"https:\/\/lospoliticosveracruz.com\/#website","url":"https:\/\/lospoliticosveracruz.com\/","name":"Los pol\u00edticos Veracruz","description":"","publisher":{"@id":"https:\/\/lospoliticosveracruz.com\/#organization"},"potentialAction":[{"@type":"SearchAction","target":{"@type":"EntryPoint","urlTemplate":"https:\/\/lospoliticosveracruz.com\/?s={search_term_string}"},"query-input":{"@type":"PropertyValueSpecification","valueRequired":true,"valueName":"search_term_string"}}],"inLanguage":"es"},{"@type":"Organization","@id":"https:\/\/lospoliticosveracruz.com\/#organization","name":"Los pol\u00edticos Veracruz","url":"https:\/\/lospoliticosveracruz.com\/","logo":{"@type":"ImageObject","inLanguage":"es","@id":"https:\/\/lospoliticosveracruz.com\/#\/schema\/logo\/image\/","url":"https:\/\/lospoliticosveracruz.com\/wp-content\/uploads\/2025\/12\/Logo-Nuevo-LOS-POLITICOS-1.jpg","contentUrl":"https:\/\/lospoliticosveracruz.com\/wp-content\/uploads\/2025\/12\/Logo-Nuevo-LOS-POLITICOS-1.jpg","width":260,"height":70,"caption":"Los pol\u00edticos Veracruz"},"image":{"@id":"https:\/\/lospoliticosveracruz.com\/#\/schema\/logo\/image\/"},"sameAs":["https:\/\/www.facebook.com\/people\/Notimemes-de-los-Polticos\/61565672886568\/","https:\/\/x.com\/LosPoliticosVer"]},{"@type":"Person","@id":"https:\/\/lospoliticosveracruz.com\/#\/schema\/person\/b8702bb0e538456e6efd07080bf2a4a2","name":"Lo viste en Los Pol\u00edticos","image":{"@type":"ImageObject","inLanguage":"es","@id":"https:\/\/secure.gravatar.com\/avatar\/3a8de04a2656d44082be478bd6c086daa447c4651605818287b9532d3d0bd435?s=96&d=mm&r=g","url":"https:\/\/secure.gravatar.com\/avatar\/3a8de04a2656d44082be478bd6c086daa447c4651605818287b9532d3d0bd435?s=96&d=mm&r=g","contentUrl":"https:\/\/secure.gravatar.com\/avatar\/3a8de04a2656d44082be478bd6c086daa447c4651605818287b9532d3d0bd435?s=96&d=mm&r=g","caption":"Lo viste en Los Pol\u00edticos"},"url":"https:\/\/lospoliticosveracruz.com\/?author=2"}]}},"_links":{"self":[{"href":"https:\/\/lospoliticosveracruz.com\/index.php?rest_route=\/wp\/v2\/posts\/15578","targetHints":{"allow":["GET"]}}],"collection":[{"href":"https:\/\/lospoliticosveracruz.com\/index.php?rest_route=\/wp\/v2\/posts"}],"about":[{"href":"https:\/\/lospoliticosveracruz.com\/index.php?rest_route=\/wp\/v2\/types\/post"}],"author":[{"embeddable":true,"href":"https:\/\/lospoliticosveracruz.com\/index.php?rest_route=\/wp\/v2\/users\/2"}],"replies":[{"embeddable":true,"href":"https:\/\/lospoliticosveracruz.com\/index.php?rest_route=%2Fwp%2Fv2%2Fcomments&post=15578"}],"version-history":[{"count":2,"href":"https:\/\/lospoliticosveracruz.com\/index.php?rest_route=\/wp\/v2\/posts\/15578\/revisions"}],"predecessor-version":[{"id":15580,"href":"https:\/\/lospoliticosveracruz.com\/index.php?rest_route=\/wp\/v2\/posts\/15578\/revisions\/15580"}],"wp:attachment":[{"href":"https:\/\/lospoliticosveracruz.com\/index.php?rest_route=%2Fwp%2Fv2%2Fmedia&parent=15578"}],"wp:term":[{"taxonomy":"category","embeddable":true,"href":"https:\/\/lospoliticosveracruz.com\/index.php?rest_route=%2Fwp%2Fv2%2Fcategories&post=15578"},{"taxonomy":"post_tag","embeddable":true,"href":"https:\/\/lospoliticosveracruz.com\/index.php?rest_route=%2Fwp%2Fv2%2Ftags&post=15578"}],"curies":[{"name":"wp","href":"https:\/\/api.w.org\/{rel}","templated":true}]}}