{"id":155836,"date":"2025-11-04T08:24:16","date_gmt":"2025-11-04T14:24:16","guid":{"rendered":"https:\/\/lospoliticosveracruz.com.mx\/?p=155836"},"modified":"2025-11-04T08:24:59","modified_gmt":"2025-11-04T14:24:59","slug":"cuchillito-de-palo","status":"publish","type":"post","link":"https:\/\/lospoliticosveracruz.com\/?p=155836","title":{"rendered":"CUCHILLITO DE PALO"},"content":{"rendered":"\n<p><\/p>\n\n\n\n<p><strong>Oved Contreras<\/strong><\/p>\n\n\n\n<p><em>Secas Mecas<\/em><\/p>\n\n\n\n<p>El que se r\u00ede se lleva\u2026 (la&nbsp;<strong>T\u00eda Ch\u00edo<\/strong>&nbsp;ya lo llam\u00f3&nbsp;<em>zopilote carro\u00f1ero<\/em>) y el que se lleva se aguanta\u2026 ahora el&nbsp;<strong>Manolete Huerta<\/strong>&nbsp;se la replica e insiste en la&nbsp;<strong>revocaci\u00f3n de mandato<\/strong>&nbsp;para el 2027\u2026&nbsp;<em>quesque<\/em>&nbsp;a ver si como chifla, canta la&nbsp;<strong>goberneitora<\/strong>. Aunque&nbsp;<strong>do\u00f1a Corajes<\/strong>&nbsp;ya dijo que ella no est\u00e1 para darle gusto a carro\u00f1eros regordetes y que se va hasta el 2030.<\/p>\n\n\n\n<p><\/p>\n\n\n\n<p>Eso s\u00ed, que se agarre&nbsp;<strong>Manuel Huerta<\/strong>, porque ahora los voceros y personeros de la&nbsp;<strong>T\u00eda Ch\u00edo<\/strong>&nbsp;m\u00e1s se lo van a comer vivo; si de por s\u00ed no lo pod\u00edan ver ni en pintura, ahora van a llover las solicitudes de&nbsp;<strong>expulsi\u00f3n en el CEN morenista<\/strong>.<\/p>\n\n\n\n<p>Y cuando m\u00e1s lo quieren expulsar\u2026 m\u00e1s filo le sacan\u2026 ahora&nbsp;<strong>Huerta<\/strong>&nbsp;se dice dispuesto a abanderar la causa de los ciudadanos que han firmado en la plataforma&nbsp;<strong>Change.org<\/strong>&nbsp;para pedir la&nbsp;<strong>consulta p\u00fablica<\/strong>a fin de decidir si la&nbsp;<strong>T\u00eda Ch\u00edo<\/strong>&nbsp;se queda o se va. Aunque&nbsp;<strong>do\u00f1a Corajes<\/strong>&nbsp;ya lo repiti\u00f3: ella no est\u00e1 para darle gusto a carro\u00f1eros regordetes y que se va hasta el 2030.<\/p>\n\n\n\n<p><em>Quesque<\/em>, en su calidad de representante popular, que escuchar\u00e1 lo que dice el pueblo bueno y presentar\u00e1 una&nbsp;<strong>iniciativa<\/strong>&nbsp;para que en el&nbsp;<strong>Congreso local<\/strong>&nbsp;armonicen la legislaci\u00f3n y se cree la&nbsp;<strong>Ley de Revocaci\u00f3n de Mandato para el Estado de Veracruz<\/strong>.<\/p>\n\n\n\n<p>Que si no, jura y perjura que todo est\u00e1 en la&nbsp;<strong>Constituci\u00f3n<\/strong>, y que \u201cpapelitos hablan y la boca se les oye\u201d al&nbsp;<strong>Tebi Bautista<\/strong>&nbsp;y a todos los&nbsp;<em>diputeibols<\/em>&nbsp;locales que se hacen guajes con esa ley.<\/p>\n\n\n\n<p>Y si no se ponen buzos caperuzos, en el&nbsp;<strong>Senado<\/strong>&nbsp;promover\u00e1 exhortos para exigir que hagan la chamba\u2026 y le apliquen la revocaci\u00f3n a la&nbsp;<strong>T\u00eda Muina<\/strong>.<\/p>\n\n\n\n<p>El&nbsp;<strong>Manolete Huerta<\/strong>&nbsp;reiter\u00f3 que la iniciativa responde a una&nbsp;<strong>petici\u00f3n ciudadana<\/strong>&nbsp;y record\u00f3 que el&nbsp;<strong>Congreso local tiene la obligaci\u00f3n de legislar<\/strong>&nbsp;en la materia.<\/p>\n\n\n\n<p>\u201cLa revocaci\u00f3n de mandato no es un tema de los medios, es una ley donde el Congreso est\u00e1 obligado a legislar, inevitablemente est\u00e1 condenado a actuar\u2026\u201d.<\/p>\n\n\n\n<p>La propuesta consistir\u00eda en reformar los&nbsp;<strong>art\u00edculos 15 y 17 de la Constituci\u00f3n Pol\u00edtica del Estado de Veracruz<\/strong>, con el prop\u00f3sito de homologar el marco legal estatal con la&nbsp;<strong>Ley Federal de Revocaci\u00f3n de Mandato<\/strong>, vigente desde 2022.<\/p>\n\n\n\n<p>Record\u00f3 que ya sostuvo reuniones con&nbsp;<strong>diputados locales<\/strong>, entre ellos el presidente de la&nbsp;<strong>Junta de Coordinaci\u00f3n Pol\u00edtica<\/strong>&nbsp;y la presidenta de la&nbsp;<strong>Mesa Directiva<\/strong>, a quienes reiter\u00f3 que la figura de la revocaci\u00f3n de mandato \u201cpertenece al pueblo\u201d.<\/p>\n\n\n\n<p>Record\u00f3 adem\u00e1s que el principio democr\u00e1tico de&nbsp;<strong>Morena<\/strong>&nbsp;es que \u201cel pueblo pone y el pueblo quita\u201d.<\/p>\n\n\n\n<p>Uuuuyyyy\u2026 ahora los voceros y personeros de la&nbsp;<strong>T\u00eda Ch\u00edo<\/strong>&nbsp;m\u00e1s se lo van a comer vivo. Van a meter otras solicitudes de expulsi\u00f3n y todos los alabadores&nbsp;<em>nahlistas<\/em>&nbsp;en sus columnejas de opini\u00f3n lo van a destazar y har\u00e1n lech\u00f3n al horno\u2026 si ya desde nantes no lo pueden ni ver.<\/p>\n\n\n\n<p>Pero que siga la mata dando y el&nbsp;<strong>Manolete<\/strong>&nbsp;seguir\u00e1 haci\u00e9ndolos&nbsp;<em>entripar<\/em>\u2026 el que se lleva, se aguanta\u2026 aqu\u00ed y en&nbsp;<strong>Zacatecas<\/strong>.<\/p>\n\n\n\n<p><strong>SIGUEN IGUALES\u2026<\/strong><\/p>\n\n\n\n<p>La&nbsp;<strong>T\u00eda Ch\u00edo<\/strong>&nbsp;report\u00f3 que llevaban un&nbsp;<strong>80 % de avance<\/strong>&nbsp;en la limpieza de&nbsp;<strong>Poza Rica<\/strong>, pero lo cierto es que hay lugares donde la ayuda oficial no ha puesto un pie y, si las familias han sobrevivido, es por la&nbsp;<strong>ayuda civil<\/strong>.<\/p>\n\n\n\n<p>Ayer protestaron vecinos de las colonias&nbsp;<strong>Gaviotas<\/strong>,&nbsp;<strong>Independencia<\/strong>&nbsp;y&nbsp;<strong>La Rueda<\/strong>&nbsp;en el municipio de&nbsp;<strong>Poza Rica<\/strong>, bloqueando el&nbsp;<strong>bulevar Adolfo Ruiz Cortines<\/strong>, una de las principales vialidades de la ciudad, para exigir&nbsp;<strong>apoyo inmediato de las autoridades<\/strong>, pues aseguran que, a casi un mes de las inundaciones, siguen sin poder regresar a sus hogares.<\/p>\n\n\n\n<p>Los colonos, con pancarta en mano, denunciaron que el&nbsp;<strong>agua potable<\/strong>&nbsp;no ha sido restablecida, los&nbsp;<strong>drenajes permanecen colapsados<\/strong>&nbsp;y las calles est\u00e1n cubiertas de lodo y basura.<\/p>\n\n\n\n<p>No hay agua potable ni labores de limpieza por parte del&nbsp;<strong>Ayuntamiento<\/strong>.<\/p>\n\n\n\n<p>El&nbsp;<strong>Pulpo Remes<\/strong>, ni por error, se ha ido a parar a esas colonias; los vecinos llevan cuatro semanas viviendo entre&nbsp;<strong>refugios temporales<\/strong>&nbsp;y casas de familiares.<\/p>\n\n\n\n<p>Los inconformes relataron que, tras la emergencia, elementos del&nbsp;<strong>Ej\u00e9rcito Mexicano<\/strong>&nbsp;acudieron brevemente a la zona, pero el apoyo fue insuficiente. Los verdes llegaron, medio hicieron su trabajo y se fueron.<\/p>\n\n\n\n<p>El&nbsp;<strong>Ayuntamiento de Poza Rica<\/strong>&nbsp;no ha metido las manos para nada.<\/p>\n\n\n\n<p>El bloqueo gener\u00f3 un severo&nbsp;<strong>caos vehicular<\/strong>, y los manifestantes no descartaron escalar las protestas hasta ser atendidos, pues acusan&nbsp;<strong>abandono total del Gobierno municipal<\/strong>.<\/p>\n\n\n\n<p>A pesar de los anuncios oficiales sobre limpieza y rehabilitaci\u00f3n, los&nbsp;<strong>damnificados<\/strong>&nbsp;aseguran que la ayuda no ha llegado a las zonas m\u00e1s da\u00f1adas, donde persisten los&nbsp;<strong>riesgos sanitarios<\/strong>&nbsp;y las p\u00e9rdidas materiales.<\/p>\n\n\n\n<p>El bloqueo fue levantado al mediod\u00eda tras el compromiso de las autoridades de que este martes llegar\u00edan 12 unidades&nbsp;<strong>vactor<\/strong>&nbsp;para desazolvar.<\/p>\n\n\n\n<p><strong>PROTESTAN EN EL HIGO\u2026<\/strong><\/p>\n\n\n\n<p>No solo&nbsp;<strong>Poza Rica<\/strong>&nbsp;protesta por la falta de apoyo oficial tras las inundaciones.<\/p>\n\n\n\n<p>Vecinos de varias comunidades del municipio de&nbsp;<strong>El Higo<\/strong>&nbsp;bloquearon este lunes la&nbsp;<strong>carretera federal Tempoal-P\u00e1nuco<\/strong>, en el punto conocido como&nbsp;<em>La Y<\/em>, para exigir a la&nbsp;<strong>Secretar\u00eda de Bienestar<\/strong>&nbsp;un&nbsp;<strong>censo casa por casa<\/strong>&nbsp;que incluya a todas las familias afectadas por las recientes inundaciones.<\/p>\n\n\n\n<p>Los inconformes, provenientes de localidades como&nbsp;<strong>El Cube<\/strong>,&nbsp;<strong>Vega<\/strong>,&nbsp;<strong>El Hoxton<\/strong>,&nbsp;<strong>Zapata<\/strong>,&nbsp;<strong>Chijolar<\/strong>,&nbsp;<strong>Vega del Paso<\/strong>,&nbsp;<strong>Los Marcos<\/strong>&nbsp;y&nbsp;<strong>Pueblito<\/strong>, denunciaron que no han sido considerados en los registros oficiales, a pesar de las p\u00e9rdidas materiales sufridas durante la contingencia.<\/p>\n\n\n\n<p>Demandaron la intervenci\u00f3n directa de la&nbsp;<strong>secretaria de Bienestar, Adriana Montiel<\/strong>, para garantizar que la ayuda llegue a todas las familias damnificadas.<\/p>\n\n\n\n<p>En el municipio de&nbsp;<strong>Ilamatl\u00e1n<\/strong>&nbsp;tambi\u00e9n hay comunidades que siguen&nbsp;<strong>incomunicadas por deslaves o ca\u00edda de puentes<\/strong>. A casi un mes de las inundaciones, la comunidad de&nbsp;<strong>Atempa<\/strong>&nbsp;sigue atrapada entre el lodo, y sus habitantes claman la intervenci\u00f3n directa de la&nbsp;<strong>presidenta Claudia Sheinbaum Pardo<\/strong>.<\/p>\n\n\n\n<p>\u201cAtempa tambi\u00e9n es Veracruz\u201d, expres\u00f3 con voz quebrada&nbsp;<strong>Salustia Hern\u00e1ndez Hern\u00e1ndez<\/strong>, una de las vecinas afectadas, quien relat\u00f3 que el puente principal qued\u00f3 destruido, dejando incomunicadas a decenas de familias que lo perdieron todo: casas, cultivos, animales y hasta la escuela de la comunidad.<\/p>\n\n\n\n<p>Las lluvias arrasaron con los caminos y con la posibilidad de salir a trabajar o recibir ayuda.<\/p>\n\n\n\n<p>Desde entonces, aseguran que no ha llegado personal de&nbsp;<strong>Bienestar<\/strong>&nbsp;ni de ninguna dependencia estatal o federal para realizar el&nbsp;<strong>censo de da\u00f1os o entregar apoyos<\/strong>.<\/p>\n\n\n\n<p>\u201cLo hemos reportado, hemos pedido que vengan, pero nadie ha llegado. Ya pas\u00f3 casi un mes y seguimos igual\u201d, denuncian.<\/p>\n","protected":false},"excerpt":{"rendered":"<p>Oved Contreras Secas Mecas El que se r\u00ede se lleva\u2026 (la&nbsp;T\u00eda Ch\u00edo&nbsp;ya lo llam\u00f3&nbsp;zopilote carro\u00f1ero) y el que se lleva se aguanta\u2026 ahora el&nbsp;Manolete Huerta&nbsp;se la replica e insiste en la&nbsp;revocaci\u00f3n de mandato&nbsp;para el 2027\u2026&nbsp;quesque&nbsp;a ver si como chifla, canta la&nbsp;goberneitora. Aunque&nbsp;do\u00f1a Corajes&nbsp;ya dijo que ella no est\u00e1 para darle gusto a carro\u00f1eros regordetes y [&hellip;]<\/p>\n","protected":false},"author":2,"featured_media":141426,"comment_status":"closed","ping_status":"closed","sticky":false,"template":"","format":"standard","meta":{"tdm_status":"","tdm_grid_status":"","footnotes":""},"categories":[70],"tags":[9627,10317,46585,46960,14240],"class_list":{"0":"post-155836","1":"post","2":"type-post","3":"status-publish","4":"format-standard","5":"has-post-thumbnail","7":"category-de-opinion","8":"tag-claudia-sheinbaum","9":"tag-manuel-huerta","10":"tag-poza-rica-inundaciones","11":"tag-protestas-ciudadanas","12":"tag-revocacion-de-mandato"},"yoast_head":"<!-- This site is optimized with the Yoast SEO plugin v27.4 - https:\/\/yoast.com\/product\/yoast-seo-wordpress\/ -->\n<title>CUCHILLITO DE PALO - Los pol\u00edticos Veracruz<\/title>\n<meta name=\"robots\" content=\"index, follow, max-snippet:-1, max-image-preview:large, max-video-preview:-1\" \/>\n<link rel=\"canonical\" href=\"https:\/\/lospoliticosveracruz.com\/?p=155836\" \/>\n<meta property=\"og:locale\" content=\"es_ES\" \/>\n<meta property=\"og:type\" content=\"article\" \/>\n<meta property=\"og:title\" content=\"CUCHILLITO DE PALO - Los pol\u00edticos Veracruz\" \/>\n<meta property=\"og:description\" content=\"Oved Contreras Secas Mecas El que se r\u00ede se lleva\u2026 (la&nbsp;T\u00eda Ch\u00edo&nbsp;ya lo llam\u00f3&nbsp;zopilote carro\u00f1ero) y el que se lleva se aguanta\u2026 ahora el&nbsp;Manolete Huerta&nbsp;se la replica e insiste en la&nbsp;revocaci\u00f3n de mandato&nbsp;para el 2027\u2026&nbsp;quesque&nbsp;a ver si como chifla, canta la&nbsp;goberneitora. Aunque&nbsp;do\u00f1a Corajes&nbsp;ya dijo que ella no est\u00e1 para darle gusto a carro\u00f1eros regordetes y [&hellip;]\" \/>\n<meta property=\"og:url\" content=\"https:\/\/lospoliticosveracruz.com\/?p=155836\" \/>\n<meta property=\"og:site_name\" content=\"Los pol\u00edticos Veracruz\" \/>\n<meta property=\"article:publisher\" content=\"https:\/\/www.facebook.com\/people\/Notimemes-de-los-Polticos\/61565672886568\/\" \/>\n<meta property=\"article:published_time\" content=\"2025-11-04T14:24:16+00:00\" \/>\n<meta property=\"article:modified_time\" content=\"2025-11-04T14:24:59+00:00\" \/>\n<meta property=\"og:image\" content=\"https:\/\/lospoliticosveracruz.com\/wp-content\/uploads\/2025\/04\/Oved-Contreras.jpg\" \/>\n\t<meta property=\"og:image:width\" content=\"1250\" \/>\n\t<meta property=\"og:image:height\" content=\"667\" \/>\n\t<meta property=\"og:image:type\" content=\"image\/jpeg\" \/>\n<meta name=\"author\" content=\"Lo viste en Los Pol\u00edticos\" \/>\n<meta name=\"twitter:card\" content=\"summary_large_image\" \/>\n<meta name=\"twitter:creator\" content=\"@LosPoliticosVer\" \/>\n<meta name=\"twitter:site\" content=\"@LosPoliticosVer\" \/>\n<meta name=\"twitter:label1\" content=\"Escrito por\" \/>\n\t<meta name=\"twitter:data1\" content=\"Lo viste en Los Pol\u00edticos\" \/>\n\t<meta name=\"twitter:label2\" content=\"Tiempo de lectura\" \/>\n\t<meta name=\"twitter:data2\" content=\"6 minutos\" \/>\n<script type=\"application\/ld+json\" class=\"yoast-schema-graph\">{\"@context\":\"https:\\\/\\\/schema.org\",\"@graph\":[{\"@type\":\"Article\",\"@id\":\"https:\\\/\\\/lospoliticosveracruz.com\\\/?p=155836#article\",\"isPartOf\":{\"@id\":\"https:\\\/\\\/lospoliticosveracruz.com\\\/?p=155836\"},\"author\":{\"name\":\"Lo viste en Los Pol\u00edticos\",\"@id\":\"https:\\\/\\\/lospoliticosveracruz.com\\\/#\\\/schema\\\/person\\\/b8702bb0e538456e6efd07080bf2a4a2\"},\"headline\":\"CUCHILLITO DE PALO\",\"datePublished\":\"2025-11-04T14:24:16+00:00\",\"dateModified\":\"2025-11-04T14:24:59+00:00\",\"mainEntityOfPage\":{\"@id\":\"https:\\\/\\\/lospoliticosveracruz.com\\\/?p=155836\"},\"wordCount\":1272,\"publisher\":{\"@id\":\"https:\\\/\\\/lospoliticosveracruz.com\\\/#organization\"},\"image\":{\"@id\":\"https:\\\/\\\/lospoliticosveracruz.com\\\/?p=155836#primaryimage\"},\"thumbnailUrl\":\"https:\\\/\\\/lospoliticosveracruz.com\\\/wp-content\\\/uploads\\\/2025\\\/04\\\/Oved-Contreras-e1768066319253.jpg\",\"keywords\":[\"Claudia Sheinbaum\",\"Manuel Huerta\",\"Poza Rica inundaciones\",\"protestas ciudadanas\",\"Revocaci\u00f3n de Mandato\"],\"articleSection\":[\"De Opini\u00f3n\"],\"inLanguage\":\"es\"},{\"@type\":\"WebPage\",\"@id\":\"https:\\\/\\\/lospoliticosveracruz.com\\\/?p=155836\",\"url\":\"https:\\\/\\\/lospoliticosveracruz.com\\\/?p=155836\",\"name\":\"CUCHILLITO DE PALO - Los pol\u00edticos Veracruz\",\"isPartOf\":{\"@id\":\"https:\\\/\\\/lospoliticosveracruz.com\\\/#website\"},\"primaryImageOfPage\":{\"@id\":\"https:\\\/\\\/lospoliticosveracruz.com\\\/?p=155836#primaryimage\"},\"image\":{\"@id\":\"https:\\\/\\\/lospoliticosveracruz.com\\\/?p=155836#primaryimage\"},\"thumbnailUrl\":\"https:\\\/\\\/lospoliticosveracruz.com\\\/wp-content\\\/uploads\\\/2025\\\/04\\\/Oved-Contreras-e1768066319253.jpg\",\"datePublished\":\"2025-11-04T14:24:16+00:00\",\"dateModified\":\"2025-11-04T14:24:59+00:00\",\"breadcrumb\":{\"@id\":\"https:\\\/\\\/lospoliticosveracruz.com\\\/?p=155836#breadcrumb\"},\"inLanguage\":\"es\",\"potentialAction\":[{\"@type\":\"ReadAction\",\"target\":[\"https:\\\/\\\/lospoliticosveracruz.com\\\/?p=155836\"]}]},{\"@type\":\"ImageObject\",\"inLanguage\":\"es\",\"@id\":\"https:\\\/\\\/lospoliticosveracruz.com\\\/?p=155836#primaryimage\",\"url\":\"https:\\\/\\\/lospoliticosveracruz.com\\\/wp-content\\\/uploads\\\/2025\\\/04\\\/Oved-Contreras-e1768066319253.jpg\",\"contentUrl\":\"https:\\\/\\\/lospoliticosveracruz.com\\\/wp-content\\\/uploads\\\/2025\\\/04\\\/Oved-Contreras-e1768066319253.jpg\",\"width\":600,\"height\":320},{\"@type\":\"BreadcrumbList\",\"@id\":\"https:\\\/\\\/lospoliticosveracruz.com\\\/?p=155836#breadcrumb\",\"itemListElement\":[{\"@type\":\"ListItem\",\"position\":1,\"name\":\"Portada\",\"item\":\"https:\\\/\\\/lospoliticosveracruz.com\\\/\"},{\"@type\":\"ListItem\",\"position\":2,\"name\":\"CUCHILLITO DE PALO\"}]},{\"@type\":\"WebSite\",\"@id\":\"https:\\\/\\\/lospoliticosveracruz.com\\\/#website\",\"url\":\"https:\\\/\\\/lospoliticosveracruz.com\\\/\",\"name\":\"Los pol\u00edticos Veracruz\",\"description\":\"\",\"publisher\":{\"@id\":\"https:\\\/\\\/lospoliticosveracruz.com\\\/#organization\"},\"potentialAction\":[{\"@type\":\"SearchAction\",\"target\":{\"@type\":\"EntryPoint\",\"urlTemplate\":\"https:\\\/\\\/lospoliticosveracruz.com\\\/?s={search_term_string}\"},\"query-input\":{\"@type\":\"PropertyValueSpecification\",\"valueRequired\":true,\"valueName\":\"search_term_string\"}}],\"inLanguage\":\"es\"},{\"@type\":\"Organization\",\"@id\":\"https:\\\/\\\/lospoliticosveracruz.com\\\/#organization\",\"name\":\"Los pol\u00edticos Veracruz\",\"url\":\"https:\\\/\\\/lospoliticosveracruz.com\\\/\",\"logo\":{\"@type\":\"ImageObject\",\"inLanguage\":\"es\",\"@id\":\"https:\\\/\\\/lospoliticosveracruz.com\\\/#\\\/schema\\\/logo\\\/image\\\/\",\"url\":\"https:\\\/\\\/lospoliticosveracruz.com\\\/wp-content\\\/uploads\\\/2025\\\/12\\\/Logo-Nuevo-LOS-POLITICOS-1.jpg\",\"contentUrl\":\"https:\\\/\\\/lospoliticosveracruz.com\\\/wp-content\\\/uploads\\\/2025\\\/12\\\/Logo-Nuevo-LOS-POLITICOS-1.jpg\",\"width\":260,\"height\":70,\"caption\":\"Los pol\u00edticos Veracruz\"},\"image\":{\"@id\":\"https:\\\/\\\/lospoliticosveracruz.com\\\/#\\\/schema\\\/logo\\\/image\\\/\"},\"sameAs\":[\"https:\\\/\\\/www.facebook.com\\\/people\\\/Notimemes-de-los-Polticos\\\/61565672886568\\\/\",\"https:\\\/\\\/x.com\\\/LosPoliticosVer\"]},{\"@type\":\"Person\",\"@id\":\"https:\\\/\\\/lospoliticosveracruz.com\\\/#\\\/schema\\\/person\\\/b8702bb0e538456e6efd07080bf2a4a2\",\"name\":\"Lo viste en Los Pol\u00edticos\",\"image\":{\"@type\":\"ImageObject\",\"inLanguage\":\"es\",\"@id\":\"https:\\\/\\\/secure.gravatar.com\\\/avatar\\\/3a8de04a2656d44082be478bd6c086daa447c4651605818287b9532d3d0bd435?s=96&d=mm&r=g\",\"url\":\"https:\\\/\\\/secure.gravatar.com\\\/avatar\\\/3a8de04a2656d44082be478bd6c086daa447c4651605818287b9532d3d0bd435?s=96&d=mm&r=g\",\"contentUrl\":\"https:\\\/\\\/secure.gravatar.com\\\/avatar\\\/3a8de04a2656d44082be478bd6c086daa447c4651605818287b9532d3d0bd435?s=96&d=mm&r=g\",\"caption\":\"Lo viste en Los Pol\u00edticos\"},\"url\":\"https:\\\/\\\/lospoliticosveracruz.com\\\/?author=2\"}]}<\/script>\n<!-- \/ Yoast SEO plugin. -->","yoast_head_json":{"title":"CUCHILLITO DE PALO - Los pol\u00edticos Veracruz","robots":{"index":"index","follow":"follow","max-snippet":"max-snippet:-1","max-image-preview":"max-image-preview:large","max-video-preview":"max-video-preview:-1"},"canonical":"https:\/\/lospoliticosveracruz.com\/?p=155836","og_locale":"es_ES","og_type":"article","og_title":"CUCHILLITO DE PALO - Los pol\u00edticos Veracruz","og_description":"Oved Contreras Secas Mecas El que se r\u00ede se lleva\u2026 (la&nbsp;T\u00eda Ch\u00edo&nbsp;ya lo llam\u00f3&nbsp;zopilote carro\u00f1ero) y el que se lleva se aguanta\u2026 ahora el&nbsp;Manolete Huerta&nbsp;se la replica e insiste en la&nbsp;revocaci\u00f3n de mandato&nbsp;para el 2027\u2026&nbsp;quesque&nbsp;a ver si como chifla, canta la&nbsp;goberneitora. Aunque&nbsp;do\u00f1a Corajes&nbsp;ya dijo que ella no est\u00e1 para darle gusto a carro\u00f1eros regordetes y [&hellip;]","og_url":"https:\/\/lospoliticosveracruz.com\/?p=155836","og_site_name":"Los pol\u00edticos Veracruz","article_publisher":"https:\/\/www.facebook.com\/people\/Notimemes-de-los-Polticos\/61565672886568\/","article_published_time":"2025-11-04T14:24:16+00:00","article_modified_time":"2025-11-04T14:24:59+00:00","og_image":[{"width":1250,"height":667,"url":"https:\/\/lospoliticosveracruz.com\/wp-content\/uploads\/2025\/04\/Oved-Contreras.jpg","type":"image\/jpeg"}],"author":"Lo viste en Los Pol\u00edticos","twitter_card":"summary_large_image","twitter_creator":"@LosPoliticosVer","twitter_site":"@LosPoliticosVer","twitter_misc":{"Escrito por":"Lo viste en Los Pol\u00edticos","Tiempo de lectura":"6 minutos"},"schema":{"@context":"https:\/\/schema.org","@graph":[{"@type":"Article","@id":"https:\/\/lospoliticosveracruz.com\/?p=155836#article","isPartOf":{"@id":"https:\/\/lospoliticosveracruz.com\/?p=155836"},"author":{"name":"Lo viste en Los Pol\u00edticos","@id":"https:\/\/lospoliticosveracruz.com\/#\/schema\/person\/b8702bb0e538456e6efd07080bf2a4a2"},"headline":"CUCHILLITO DE PALO","datePublished":"2025-11-04T14:24:16+00:00","dateModified":"2025-11-04T14:24:59+00:00","mainEntityOfPage":{"@id":"https:\/\/lospoliticosveracruz.com\/?p=155836"},"wordCount":1272,"publisher":{"@id":"https:\/\/lospoliticosveracruz.com\/#organization"},"image":{"@id":"https:\/\/lospoliticosveracruz.com\/?p=155836#primaryimage"},"thumbnailUrl":"https:\/\/lospoliticosveracruz.com\/wp-content\/uploads\/2025\/04\/Oved-Contreras-e1768066319253.jpg","keywords":["Claudia Sheinbaum","Manuel Huerta","Poza Rica inundaciones","protestas ciudadanas","Revocaci\u00f3n de Mandato"],"articleSection":["De Opini\u00f3n"],"inLanguage":"es"},{"@type":"WebPage","@id":"https:\/\/lospoliticosveracruz.com\/?p=155836","url":"https:\/\/lospoliticosveracruz.com\/?p=155836","name":"CUCHILLITO DE PALO - Los pol\u00edticos Veracruz","isPartOf":{"@id":"https:\/\/lospoliticosveracruz.com\/#website"},"primaryImageOfPage":{"@id":"https:\/\/lospoliticosveracruz.com\/?p=155836#primaryimage"},"image":{"@id":"https:\/\/lospoliticosveracruz.com\/?p=155836#primaryimage"},"thumbnailUrl":"https:\/\/lospoliticosveracruz.com\/wp-content\/uploads\/2025\/04\/Oved-Contreras-e1768066319253.jpg","datePublished":"2025-11-04T14:24:16+00:00","dateModified":"2025-11-04T14:24:59+00:00","breadcrumb":{"@id":"https:\/\/lospoliticosveracruz.com\/?p=155836#breadcrumb"},"inLanguage":"es","potentialAction":[{"@type":"ReadAction","target":["https:\/\/lospoliticosveracruz.com\/?p=155836"]}]},{"@type":"ImageObject","inLanguage":"es","@id":"https:\/\/lospoliticosveracruz.com\/?p=155836#primaryimage","url":"https:\/\/lospoliticosveracruz.com\/wp-content\/uploads\/2025\/04\/Oved-Contreras-e1768066319253.jpg","contentUrl":"https:\/\/lospoliticosveracruz.com\/wp-content\/uploads\/2025\/04\/Oved-Contreras-e1768066319253.jpg","width":600,"height":320},{"@type":"BreadcrumbList","@id":"https:\/\/lospoliticosveracruz.com\/?p=155836#breadcrumb","itemListElement":[{"@type":"ListItem","position":1,"name":"Portada","item":"https:\/\/lospoliticosveracruz.com\/"},{"@type":"ListItem","position":2,"name":"CUCHILLITO DE PALO"}]},{"@type":"WebSite","@id":"https:\/\/lospoliticosveracruz.com\/#website","url":"https:\/\/lospoliticosveracruz.com\/","name":"Los pol\u00edticos Veracruz","description":"","publisher":{"@id":"https:\/\/lospoliticosveracruz.com\/#organization"},"potentialAction":[{"@type":"SearchAction","target":{"@type":"EntryPoint","urlTemplate":"https:\/\/lospoliticosveracruz.com\/?s={search_term_string}"},"query-input":{"@type":"PropertyValueSpecification","valueRequired":true,"valueName":"search_term_string"}}],"inLanguage":"es"},{"@type":"Organization","@id":"https:\/\/lospoliticosveracruz.com\/#organization","name":"Los pol\u00edticos Veracruz","url":"https:\/\/lospoliticosveracruz.com\/","logo":{"@type":"ImageObject","inLanguage":"es","@id":"https:\/\/lospoliticosveracruz.com\/#\/schema\/logo\/image\/","url":"https:\/\/lospoliticosveracruz.com\/wp-content\/uploads\/2025\/12\/Logo-Nuevo-LOS-POLITICOS-1.jpg","contentUrl":"https:\/\/lospoliticosveracruz.com\/wp-content\/uploads\/2025\/12\/Logo-Nuevo-LOS-POLITICOS-1.jpg","width":260,"height":70,"caption":"Los pol\u00edticos Veracruz"},"image":{"@id":"https:\/\/lospoliticosveracruz.com\/#\/schema\/logo\/image\/"},"sameAs":["https:\/\/www.facebook.com\/people\/Notimemes-de-los-Polticos\/61565672886568\/","https:\/\/x.com\/LosPoliticosVer"]},{"@type":"Person","@id":"https:\/\/lospoliticosveracruz.com\/#\/schema\/person\/b8702bb0e538456e6efd07080bf2a4a2","name":"Lo viste en Los Pol\u00edticos","image":{"@type":"ImageObject","inLanguage":"es","@id":"https:\/\/secure.gravatar.com\/avatar\/3a8de04a2656d44082be478bd6c086daa447c4651605818287b9532d3d0bd435?s=96&d=mm&r=g","url":"https:\/\/secure.gravatar.com\/avatar\/3a8de04a2656d44082be478bd6c086daa447c4651605818287b9532d3d0bd435?s=96&d=mm&r=g","contentUrl":"https:\/\/secure.gravatar.com\/avatar\/3a8de04a2656d44082be478bd6c086daa447c4651605818287b9532d3d0bd435?s=96&d=mm&r=g","caption":"Lo viste en Los Pol\u00edticos"},"url":"https:\/\/lospoliticosveracruz.com\/?author=2"}]}},"_links":{"self":[{"href":"https:\/\/lospoliticosveracruz.com\/index.php?rest_route=\/wp\/v2\/posts\/155836","targetHints":{"allow":["GET"]}}],"collection":[{"href":"https:\/\/lospoliticosveracruz.com\/index.php?rest_route=\/wp\/v2\/posts"}],"about":[{"href":"https:\/\/lospoliticosveracruz.com\/index.php?rest_route=\/wp\/v2\/types\/post"}],"author":[{"embeddable":true,"href":"https:\/\/lospoliticosveracruz.com\/index.php?rest_route=\/wp\/v2\/users\/2"}],"replies":[{"embeddable":true,"href":"https:\/\/lospoliticosveracruz.com\/index.php?rest_route=%2Fwp%2Fv2%2Fcomments&post=155836"}],"version-history":[{"count":1,"href":"https:\/\/lospoliticosveracruz.com\/index.php?rest_route=\/wp\/v2\/posts\/155836\/revisions"}],"predecessor-version":[{"id":155837,"href":"https:\/\/lospoliticosveracruz.com\/index.php?rest_route=\/wp\/v2\/posts\/155836\/revisions\/155837"}],"wp:featuredmedia":[{"embeddable":true,"href":"https:\/\/lospoliticosveracruz.com\/index.php?rest_route=\/wp\/v2\/media\/141426"}],"wp:attachment":[{"href":"https:\/\/lospoliticosveracruz.com\/index.php?rest_route=%2Fwp%2Fv2%2Fmedia&parent=155836"}],"wp:term":[{"taxonomy":"category","embeddable":true,"href":"https:\/\/lospoliticosveracruz.com\/index.php?rest_route=%2Fwp%2Fv2%2Fcategories&post=155836"},{"taxonomy":"post_tag","embeddable":true,"href":"https:\/\/lospoliticosveracruz.com\/index.php?rest_route=%2Fwp%2Fv2%2Ftags&post=155836"}],"curies":[{"name":"wp","href":"https:\/\/api.w.org\/{rel}","templated":true}]}}