{"id":155892,"date":"2025-11-05T05:10:43","date_gmt":"2025-11-05T11:10:43","guid":{"rendered":"https:\/\/lospoliticosveracruz.com.mx\/?p=155892"},"modified":"2025-11-05T05:11:07","modified_gmt":"2025-11-05T11:11:07","slug":"morena-el-camino-a-la-perdicion-o-salvacion","status":"publish","type":"post","link":"https:\/\/lospoliticosveracruz.com\/?p=155892","title":{"rendered":"MORENA, EL CAMINO A LA PERDICI\u00d3N O SALVACI\u00d3N"},"content":{"rendered":"\n<p><strong>Ricardo Chua Agama<\/strong><\/p>\n\n\n\n<p><em>Sale y Vale<\/em><\/p>\n\n\n\n<p>Lo que MORENA debe tratar de evitar, para no perder el control pol\u00edtico en M\u00e9xico y los estados gobernados por su partido.. Sobre todo ante la elecci\u00f3n intermedia en 2027 donde se renovar\u00e1 la c\u00e1mara de diputados federales.. Es reflexionar como deben ayudar a sus gobiernos para que la narrativa de la agenda pol\u00edtica, no sea perdida por la falta de acciones concretas, que los hagan ver lejanos a la sociedad, que hace un a\u00f1o los hizo ganar de nuevo todo en el pa\u00eds.. MORENA como partido vive su momento m\u00e1s \u00e1lgido, que les puede costar perder poder pol\u00edtico..<\/p>\n\n\n\n\n\n<p>Si su partido no le presenta a sus administraciones estatales, una base de acciones pol\u00edticas reales para volver a ganar la confianza al electorado en donde son gobierno, ya sean municipios o entidades, la lucha que vivir\u00e1n en 2027, sufrir\u00e1n muchas p\u00e9rdidas porque la ciudadan\u00eda, ya no los est\u00e1n viendo como una opci\u00f3n despu\u00e9s de los hechos violentos que est\u00e1n ocurriendo en M\u00e9xico y sus estados.. Ya que muchos de sus gobiernos estatales y gobernadores morenos, est\u00e1n viviendo sus administraciones con el mismo entusiasmo que un gato acorralado por una escoba..<\/p>\n\n\n\n<p>En MORENA apenas doce meses que dej\u00f3 el poder presidencial Andr\u00e9s Manuel L\u00f3pez Obrador, ya sienten el peso del descontento popular.. Misma herencia que recibi\u00f3 Claudia Shienbaum del tabasque\u00f1o o como Roc\u00edo Nahle, en Veracruz, recibi\u00f3 de Cuitl\u00e1huac Garc\u00eda.. Esa \u00abherencia\u00bb del descontento, que es la cual no se disfraza con conferencias, giras o spots de la \u201ctransformaci\u00f3n\u201d.. Por eso, hoy el nivel de aprobaci\u00f3n de su partido apenas roza el 30 por ciento y algunos gobernadores est\u00e1n viendo su suerte por esa situaci\u00f3n.. No hay control de los da\u00f1os..<\/p>\n\n\n\n<p>Este partido con 7 a\u00f1os en el poder pol\u00edtico y de gobierno en el pa\u00eds.. Debe tener en cuenta, que tener esos \u00edndices de aprobaci\u00f3n, m\u00e1s o menos, en pol\u00edtica equivale \u00aba tener el tanque en reserva y que el motor de tu carro, ya est\u00e9 echando humo\u00bb.. Ya es evidente que en muchas partes del pa\u00eds, la gente est\u00e1 molesta.. Y todo se vino a acelerar con el crimen del alcalde de Uruapan, Carlos Manzo.. Y la molest\u00eda no es s\u00f3lo por la falta de resultados, sino por la soberbia con la que se han manejado muchos de sus pol\u00edticos..<\/p>\n\n\n\n<p>Algunos de sus gobernadores, le han dado la espalda a las peticiones ciudadanas, que buscan una respuesta a sus inquietudes y necesidades en sus gobiernos.. Pero lo ignoran o no los escuchan en el mejor de los casos\u2026 As\u00ed que sus pol\u00edticos en lugar de escuchar, se atrincheran.. Siguen en el gobierno en donde fueron electos.. Y lo dem\u00e1s pareciera no importar.. Hasta parece que les contestan: \u00abH\u00e1ganle como quieran\u201d, frase dicha que cuando viene de un gobernante, suena m\u00e1s a amenaza que a convicci\u00f3n democr\u00e1tica..<\/p>\n\n\n\n<p>Muchos pol\u00edticos de la 4T, est\u00e1n llegando a este extremo de \u00abperder el piso\u00bb, porque parecen haber olvidado que el poder, no es herencia, ni blindaje, ni t\u00edtulo nobiliario. Es un encargo temporal del pueblo \u2014ese mismo pueblo que ellos invoca cuando le conviene, pero que desestiman cuando les incomoda\u2014.. As\u00ed est\u00e1n \u00abcavando\u00bb su propia \u00abtumba\u00bb pol\u00edtica porque dejar\u00e1n de representar esa opci\u00f3n para el pueblo.. Y el ciudadano podr\u00eda buscar otras opciones cuando llegue ese d\u00eda.. Votan por ellos y el partido en el poder pierde esa hegemon\u00eda..<\/p>\n\n\n\n<p>De la misma manera, MORENA no est\u00e1 d\u00e1ndose cuenta, que la sociedad no la pueden enga\u00f1ar y se dan cuenta que cuando hab\u00eda que pedir votos, se\u00f1alan por todos lados: \u201cCon el pueblo todo, sin el pueblo nada\u201d.. Pero ahora que el pueblo pide cuentas, de todos esos esc\u00e1ndalos pol\u00edticos-medi\u00e1ticos, que ocurrieron los \u00faltimos 3 meses ahora resulta que \u201ccon el pueblo poco, sin el cargo todo\u201d.. Al final de cuentas, a todo eso se le conoce como una incongruencia pura y en eso est\u00e1n cayendo muchos de sus representantes pol\u00edticos\u2026<\/p>\n\n\n\n<p>Adem\u00e1s lo que no pueden detener dentro de la 4T.. Es que el desgaste dentro de MORENA y su movimiento, es evidente.. Todo generado por las promesas incumplidas, funcionarios locales y estatales ausentes en momentos cr\u00edticos para la poblaci\u00f3n, y algunos gobernadores que prefieren el aplauso de sus cercanos al reclamo de los ciudadanos.. Pero el humor social no se manipula con boletines, ni se maquilla con eventos.. La gente ya no aplaude: Murmura, compara y se organiza.. Y eso, es lo peligroso para su movimiento.. Si no se dan cuenta a tiempo.. Despu\u00e9s ser\u00e1 demasiado tarde..<\/p>\n\n\n\n<p>REFLEXI\u00d3N.. Y si algo deber\u00eda preocupar a la dirigencia nacional o estatal de MORENA, como por ejemplo en Veracruz, NO ES EL REPUDIO, que ya le demuestra la sociedad al organismo pol\u00edtico y movimiento COMO TR\u00c1MITE, SINO COMO S\u00cdNTOMA.. Y que esto es s\u00f3lo el reflejo de un pueblo que ya no les cree, que se cans\u00f3 de un mismo discurso y que empieza a recordar que el poder en pol\u00edtica, no se mendiga, se quita.. Ya que sus pol\u00edticos deben de recordar: \u00abSi el pueblo pone, tambi\u00e9n quita\u00bb., AMEN.. EL QUE ENTENDI\u00d3, LO ENTENDI\u00d3..<\/p>\n","protected":false},"excerpt":{"rendered":"<p>Ricardo Chua Agama Sale y Vale Lo que MORENA debe tratar de evitar, para no perder el control pol\u00edtico en M\u00e9xico y los estados gobernados por su partido.. Sobre todo ante la elecci\u00f3n intermedia en 2027 donde se renovar\u00e1 la c\u00e1mara de diputados federales.. Es reflexionar como deben ayudar a sus gobiernos para que la [&hellip;]<\/p>\n","protected":false},"author":2,"featured_media":141434,"comment_status":"closed","ping_status":"closed","sticky":false,"template":"","format":"standard","meta":{"tdm_status":"","tdm_grid_status":"","footnotes":""},"categories":[70],"tags":[1026,195],"class_list":{"0":"post-155892","1":"post","2":"type-post","3":"status-publish","4":"format-standard","5":"has-post-thumbnail","7":"category-de-opinion","8":"tag-morena","9":"tag-veracruz"},"yoast_head":"<!-- This site is optimized with the Yoast SEO plugin v27.4 - https:\/\/yoast.com\/product\/yoast-seo-wordpress\/ -->\n<title>MORENA, EL CAMINO A LA PERDICI\u00d3N O SALVACI\u00d3N - Los pol\u00edticos Veracruz<\/title>\n<meta name=\"robots\" content=\"index, follow, max-snippet:-1, max-image-preview:large, max-video-preview:-1\" \/>\n<link rel=\"canonical\" href=\"https:\/\/lospoliticosveracruz.com\/?p=155892\" \/>\n<meta property=\"og:locale\" content=\"es_ES\" \/>\n<meta property=\"og:type\" content=\"article\" \/>\n<meta property=\"og:title\" content=\"MORENA, EL CAMINO A LA PERDICI\u00d3N O SALVACI\u00d3N - Los pol\u00edticos Veracruz\" \/>\n<meta property=\"og:description\" content=\"Ricardo Chua Agama Sale y Vale Lo que MORENA debe tratar de evitar, para no perder el control pol\u00edtico en M\u00e9xico y los estados gobernados por su partido.. Sobre todo ante la elecci\u00f3n intermedia en 2027 donde se renovar\u00e1 la c\u00e1mara de diputados federales.. Es reflexionar como deben ayudar a sus gobiernos para que la [&hellip;]\" \/>\n<meta property=\"og:url\" content=\"https:\/\/lospoliticosveracruz.com\/?p=155892\" \/>\n<meta property=\"og:site_name\" content=\"Los pol\u00edticos Veracruz\" \/>\n<meta property=\"article:publisher\" content=\"https:\/\/www.facebook.com\/people\/Notimemes-de-los-Polticos\/61565672886568\/\" \/>\n<meta property=\"article:published_time\" content=\"2025-11-05T11:10:43+00:00\" \/>\n<meta property=\"article:modified_time\" content=\"2025-11-05T11:11:07+00:00\" \/>\n<meta property=\"og:image\" content=\"https:\/\/lospoliticosveracruz.com\/wp-content\/uploads\/2025\/04\/Chua-e1761364658706.jpg\" \/>\n\t<meta property=\"og:image:width\" content=\"600\" \/>\n\t<meta property=\"og:image:height\" content=\"320\" \/>\n\t<meta property=\"og:image:type\" content=\"image\/jpeg\" \/>\n<meta name=\"author\" content=\"Lo viste en Los Pol\u00edticos\" \/>\n<meta name=\"twitter:card\" content=\"summary_large_image\" \/>\n<meta name=\"twitter:creator\" content=\"@LosPoliticosVer\" \/>\n<meta name=\"twitter:site\" content=\"@LosPoliticosVer\" \/>\n<meta name=\"twitter:label1\" content=\"Escrito por\" \/>\n\t<meta name=\"twitter:data1\" content=\"Lo viste en Los Pol\u00edticos\" \/>\n\t<meta name=\"twitter:label2\" content=\"Tiempo de lectura\" \/>\n\t<meta name=\"twitter:data2\" content=\"5 minutos\" \/>\n<script type=\"application\/ld+json\" class=\"yoast-schema-graph\">{\"@context\":\"https:\\\/\\\/schema.org\",\"@graph\":[{\"@type\":\"Article\",\"@id\":\"https:\\\/\\\/lospoliticosveracruz.com\\\/?p=155892#article\",\"isPartOf\":{\"@id\":\"https:\\\/\\\/lospoliticosveracruz.com\\\/?p=155892\"},\"author\":{\"name\":\"Lo viste en Los Pol\u00edticos\",\"@id\":\"https:\\\/\\\/lospoliticosveracruz.com\\\/#\\\/schema\\\/person\\\/b8702bb0e538456e6efd07080bf2a4a2\"},\"headline\":\"MORENA, EL CAMINO A LA PERDICI\u00d3N O SALVACI\u00d3N\",\"datePublished\":\"2025-11-05T11:10:43+00:00\",\"dateModified\":\"2025-11-05T11:11:07+00:00\",\"mainEntityOfPage\":{\"@id\":\"https:\\\/\\\/lospoliticosveracruz.com\\\/?p=155892\"},\"wordCount\":929,\"publisher\":{\"@id\":\"https:\\\/\\\/lospoliticosveracruz.com\\\/#organization\"},\"image\":{\"@id\":\"https:\\\/\\\/lospoliticosveracruz.com\\\/?p=155892#primaryimage\"},\"thumbnailUrl\":\"https:\\\/\\\/lospoliticosveracruz.com\\\/wp-content\\\/uploads\\\/2025\\\/04\\\/Chua-e1761364658706.jpg\",\"keywords\":[\"Morena\",\"Veracruz\"],\"articleSection\":[\"De Opini\u00f3n\"],\"inLanguage\":\"es\"},{\"@type\":\"WebPage\",\"@id\":\"https:\\\/\\\/lospoliticosveracruz.com\\\/?p=155892\",\"url\":\"https:\\\/\\\/lospoliticosveracruz.com\\\/?p=155892\",\"name\":\"MORENA, EL CAMINO A LA PERDICI\u00d3N O SALVACI\u00d3N - Los pol\u00edticos Veracruz\",\"isPartOf\":{\"@id\":\"https:\\\/\\\/lospoliticosveracruz.com\\\/#website\"},\"primaryImageOfPage\":{\"@id\":\"https:\\\/\\\/lospoliticosveracruz.com\\\/?p=155892#primaryimage\"},\"image\":{\"@id\":\"https:\\\/\\\/lospoliticosveracruz.com\\\/?p=155892#primaryimage\"},\"thumbnailUrl\":\"https:\\\/\\\/lospoliticosveracruz.com\\\/wp-content\\\/uploads\\\/2025\\\/04\\\/Chua-e1761364658706.jpg\",\"datePublished\":\"2025-11-05T11:10:43+00:00\",\"dateModified\":\"2025-11-05T11:11:07+00:00\",\"breadcrumb\":{\"@id\":\"https:\\\/\\\/lospoliticosveracruz.com\\\/?p=155892#breadcrumb\"},\"inLanguage\":\"es\",\"potentialAction\":[{\"@type\":\"ReadAction\",\"target\":[\"https:\\\/\\\/lospoliticosveracruz.com\\\/?p=155892\"]}]},{\"@type\":\"ImageObject\",\"inLanguage\":\"es\",\"@id\":\"https:\\\/\\\/lospoliticosveracruz.com\\\/?p=155892#primaryimage\",\"url\":\"https:\\\/\\\/lospoliticosveracruz.com\\\/wp-content\\\/uploads\\\/2025\\\/04\\\/Chua-e1761364658706.jpg\",\"contentUrl\":\"https:\\\/\\\/lospoliticosveracruz.com\\\/wp-content\\\/uploads\\\/2025\\\/04\\\/Chua-e1761364658706.jpg\",\"width\":600,\"height\":320},{\"@type\":\"BreadcrumbList\",\"@id\":\"https:\\\/\\\/lospoliticosveracruz.com\\\/?p=155892#breadcrumb\",\"itemListElement\":[{\"@type\":\"ListItem\",\"position\":1,\"name\":\"Portada\",\"item\":\"https:\\\/\\\/lospoliticosveracruz.com\\\/\"},{\"@type\":\"ListItem\",\"position\":2,\"name\":\"MORENA, EL CAMINO A LA PERDICI\u00d3N O SALVACI\u00d3N\"}]},{\"@type\":\"WebSite\",\"@id\":\"https:\\\/\\\/lospoliticosveracruz.com\\\/#website\",\"url\":\"https:\\\/\\\/lospoliticosveracruz.com\\\/\",\"name\":\"Los pol\u00edticos Veracruz\",\"description\":\"\",\"publisher\":{\"@id\":\"https:\\\/\\\/lospoliticosveracruz.com\\\/#organization\"},\"potentialAction\":[{\"@type\":\"SearchAction\",\"target\":{\"@type\":\"EntryPoint\",\"urlTemplate\":\"https:\\\/\\\/lospoliticosveracruz.com\\\/?s={search_term_string}\"},\"query-input\":{\"@type\":\"PropertyValueSpecification\",\"valueRequired\":true,\"valueName\":\"search_term_string\"}}],\"inLanguage\":\"es\"},{\"@type\":\"Organization\",\"@id\":\"https:\\\/\\\/lospoliticosveracruz.com\\\/#organization\",\"name\":\"Los pol\u00edticos Veracruz\",\"url\":\"https:\\\/\\\/lospoliticosveracruz.com\\\/\",\"logo\":{\"@type\":\"ImageObject\",\"inLanguage\":\"es\",\"@id\":\"https:\\\/\\\/lospoliticosveracruz.com\\\/#\\\/schema\\\/logo\\\/image\\\/\",\"url\":\"https:\\\/\\\/lospoliticosveracruz.com\\\/wp-content\\\/uploads\\\/2025\\\/12\\\/Logo-Nuevo-LOS-POLITICOS-1.jpg\",\"contentUrl\":\"https:\\\/\\\/lospoliticosveracruz.com\\\/wp-content\\\/uploads\\\/2025\\\/12\\\/Logo-Nuevo-LOS-POLITICOS-1.jpg\",\"width\":260,\"height\":70,\"caption\":\"Los pol\u00edticos Veracruz\"},\"image\":{\"@id\":\"https:\\\/\\\/lospoliticosveracruz.com\\\/#\\\/schema\\\/logo\\\/image\\\/\"},\"sameAs\":[\"https:\\\/\\\/www.facebook.com\\\/people\\\/Notimemes-de-los-Polticos\\\/61565672886568\\\/\",\"https:\\\/\\\/x.com\\\/LosPoliticosVer\"]},{\"@type\":\"Person\",\"@id\":\"https:\\\/\\\/lospoliticosveracruz.com\\\/#\\\/schema\\\/person\\\/b8702bb0e538456e6efd07080bf2a4a2\",\"name\":\"Lo viste en Los Pol\u00edticos\",\"image\":{\"@type\":\"ImageObject\",\"inLanguage\":\"es\",\"@id\":\"https:\\\/\\\/secure.gravatar.com\\\/avatar\\\/3a8de04a2656d44082be478bd6c086daa447c4651605818287b9532d3d0bd435?s=96&d=mm&r=g\",\"url\":\"https:\\\/\\\/secure.gravatar.com\\\/avatar\\\/3a8de04a2656d44082be478bd6c086daa447c4651605818287b9532d3d0bd435?s=96&d=mm&r=g\",\"contentUrl\":\"https:\\\/\\\/secure.gravatar.com\\\/avatar\\\/3a8de04a2656d44082be478bd6c086daa447c4651605818287b9532d3d0bd435?s=96&d=mm&r=g\",\"caption\":\"Lo viste en Los Pol\u00edticos\"},\"url\":\"https:\\\/\\\/lospoliticosveracruz.com\\\/?author=2\"}]}<\/script>\n<!-- \/ Yoast SEO plugin. -->","yoast_head_json":{"title":"MORENA, EL CAMINO A LA PERDICI\u00d3N O SALVACI\u00d3N - Los pol\u00edticos Veracruz","robots":{"index":"index","follow":"follow","max-snippet":"max-snippet:-1","max-image-preview":"max-image-preview:large","max-video-preview":"max-video-preview:-1"},"canonical":"https:\/\/lospoliticosveracruz.com\/?p=155892","og_locale":"es_ES","og_type":"article","og_title":"MORENA, EL CAMINO A LA PERDICI\u00d3N O SALVACI\u00d3N - Los pol\u00edticos Veracruz","og_description":"Ricardo Chua Agama Sale y Vale Lo que MORENA debe tratar de evitar, para no perder el control pol\u00edtico en M\u00e9xico y los estados gobernados por su partido.. Sobre todo ante la elecci\u00f3n intermedia en 2027 donde se renovar\u00e1 la c\u00e1mara de diputados federales.. Es reflexionar como deben ayudar a sus gobiernos para que la [&hellip;]","og_url":"https:\/\/lospoliticosveracruz.com\/?p=155892","og_site_name":"Los pol\u00edticos Veracruz","article_publisher":"https:\/\/www.facebook.com\/people\/Notimemes-de-los-Polticos\/61565672886568\/","article_published_time":"2025-11-05T11:10:43+00:00","article_modified_time":"2025-11-05T11:11:07+00:00","og_image":[{"width":600,"height":320,"url":"https:\/\/lospoliticosveracruz.com\/wp-content\/uploads\/2025\/04\/Chua-e1761364658706.jpg","type":"image\/jpeg"}],"author":"Lo viste en Los Pol\u00edticos","twitter_card":"summary_large_image","twitter_creator":"@LosPoliticosVer","twitter_site":"@LosPoliticosVer","twitter_misc":{"Escrito por":"Lo viste en Los Pol\u00edticos","Tiempo de lectura":"5 minutos"},"schema":{"@context":"https:\/\/schema.org","@graph":[{"@type":"Article","@id":"https:\/\/lospoliticosveracruz.com\/?p=155892#article","isPartOf":{"@id":"https:\/\/lospoliticosveracruz.com\/?p=155892"},"author":{"name":"Lo viste en Los Pol\u00edticos","@id":"https:\/\/lospoliticosveracruz.com\/#\/schema\/person\/b8702bb0e538456e6efd07080bf2a4a2"},"headline":"MORENA, EL CAMINO A LA PERDICI\u00d3N O SALVACI\u00d3N","datePublished":"2025-11-05T11:10:43+00:00","dateModified":"2025-11-05T11:11:07+00:00","mainEntityOfPage":{"@id":"https:\/\/lospoliticosveracruz.com\/?p=155892"},"wordCount":929,"publisher":{"@id":"https:\/\/lospoliticosveracruz.com\/#organization"},"image":{"@id":"https:\/\/lospoliticosveracruz.com\/?p=155892#primaryimage"},"thumbnailUrl":"https:\/\/lospoliticosveracruz.com\/wp-content\/uploads\/2025\/04\/Chua-e1761364658706.jpg","keywords":["Morena","Veracruz"],"articleSection":["De Opini\u00f3n"],"inLanguage":"es"},{"@type":"WebPage","@id":"https:\/\/lospoliticosveracruz.com\/?p=155892","url":"https:\/\/lospoliticosveracruz.com\/?p=155892","name":"MORENA, EL CAMINO A LA PERDICI\u00d3N O SALVACI\u00d3N - Los pol\u00edticos Veracruz","isPartOf":{"@id":"https:\/\/lospoliticosveracruz.com\/#website"},"primaryImageOfPage":{"@id":"https:\/\/lospoliticosveracruz.com\/?p=155892#primaryimage"},"image":{"@id":"https:\/\/lospoliticosveracruz.com\/?p=155892#primaryimage"},"thumbnailUrl":"https:\/\/lospoliticosveracruz.com\/wp-content\/uploads\/2025\/04\/Chua-e1761364658706.jpg","datePublished":"2025-11-05T11:10:43+00:00","dateModified":"2025-11-05T11:11:07+00:00","breadcrumb":{"@id":"https:\/\/lospoliticosveracruz.com\/?p=155892#breadcrumb"},"inLanguage":"es","potentialAction":[{"@type":"ReadAction","target":["https:\/\/lospoliticosveracruz.com\/?p=155892"]}]},{"@type":"ImageObject","inLanguage":"es","@id":"https:\/\/lospoliticosveracruz.com\/?p=155892#primaryimage","url":"https:\/\/lospoliticosveracruz.com\/wp-content\/uploads\/2025\/04\/Chua-e1761364658706.jpg","contentUrl":"https:\/\/lospoliticosveracruz.com\/wp-content\/uploads\/2025\/04\/Chua-e1761364658706.jpg","width":600,"height":320},{"@type":"BreadcrumbList","@id":"https:\/\/lospoliticosveracruz.com\/?p=155892#breadcrumb","itemListElement":[{"@type":"ListItem","position":1,"name":"Portada","item":"https:\/\/lospoliticosveracruz.com\/"},{"@type":"ListItem","position":2,"name":"MORENA, EL CAMINO A LA PERDICI\u00d3N O SALVACI\u00d3N"}]},{"@type":"WebSite","@id":"https:\/\/lospoliticosveracruz.com\/#website","url":"https:\/\/lospoliticosveracruz.com\/","name":"Los pol\u00edticos Veracruz","description":"","publisher":{"@id":"https:\/\/lospoliticosveracruz.com\/#organization"},"potentialAction":[{"@type":"SearchAction","target":{"@type":"EntryPoint","urlTemplate":"https:\/\/lospoliticosveracruz.com\/?s={search_term_string}"},"query-input":{"@type":"PropertyValueSpecification","valueRequired":true,"valueName":"search_term_string"}}],"inLanguage":"es"},{"@type":"Organization","@id":"https:\/\/lospoliticosveracruz.com\/#organization","name":"Los pol\u00edticos Veracruz","url":"https:\/\/lospoliticosveracruz.com\/","logo":{"@type":"ImageObject","inLanguage":"es","@id":"https:\/\/lospoliticosveracruz.com\/#\/schema\/logo\/image\/","url":"https:\/\/lospoliticosveracruz.com\/wp-content\/uploads\/2025\/12\/Logo-Nuevo-LOS-POLITICOS-1.jpg","contentUrl":"https:\/\/lospoliticosveracruz.com\/wp-content\/uploads\/2025\/12\/Logo-Nuevo-LOS-POLITICOS-1.jpg","width":260,"height":70,"caption":"Los pol\u00edticos Veracruz"},"image":{"@id":"https:\/\/lospoliticosveracruz.com\/#\/schema\/logo\/image\/"},"sameAs":["https:\/\/www.facebook.com\/people\/Notimemes-de-los-Polticos\/61565672886568\/","https:\/\/x.com\/LosPoliticosVer"]},{"@type":"Person","@id":"https:\/\/lospoliticosveracruz.com\/#\/schema\/person\/b8702bb0e538456e6efd07080bf2a4a2","name":"Lo viste en Los Pol\u00edticos","image":{"@type":"ImageObject","inLanguage":"es","@id":"https:\/\/secure.gravatar.com\/avatar\/3a8de04a2656d44082be478bd6c086daa447c4651605818287b9532d3d0bd435?s=96&d=mm&r=g","url":"https:\/\/secure.gravatar.com\/avatar\/3a8de04a2656d44082be478bd6c086daa447c4651605818287b9532d3d0bd435?s=96&d=mm&r=g","contentUrl":"https:\/\/secure.gravatar.com\/avatar\/3a8de04a2656d44082be478bd6c086daa447c4651605818287b9532d3d0bd435?s=96&d=mm&r=g","caption":"Lo viste en Los Pol\u00edticos"},"url":"https:\/\/lospoliticosveracruz.com\/?author=2"}]}},"_links":{"self":[{"href":"https:\/\/lospoliticosveracruz.com\/index.php?rest_route=\/wp\/v2\/posts\/155892","targetHints":{"allow":["GET"]}}],"collection":[{"href":"https:\/\/lospoliticosveracruz.com\/index.php?rest_route=\/wp\/v2\/posts"}],"about":[{"href":"https:\/\/lospoliticosveracruz.com\/index.php?rest_route=\/wp\/v2\/types\/post"}],"author":[{"embeddable":true,"href":"https:\/\/lospoliticosveracruz.com\/index.php?rest_route=\/wp\/v2\/users\/2"}],"replies":[{"embeddable":true,"href":"https:\/\/lospoliticosveracruz.com\/index.php?rest_route=%2Fwp%2Fv2%2Fcomments&post=155892"}],"version-history":[{"count":2,"href":"https:\/\/lospoliticosveracruz.com\/index.php?rest_route=\/wp\/v2\/posts\/155892\/revisions"}],"predecessor-version":[{"id":155894,"href":"https:\/\/lospoliticosveracruz.com\/index.php?rest_route=\/wp\/v2\/posts\/155892\/revisions\/155894"}],"wp:featuredmedia":[{"embeddable":true,"href":"https:\/\/lospoliticosveracruz.com\/index.php?rest_route=\/wp\/v2\/media\/141434"}],"wp:attachment":[{"href":"https:\/\/lospoliticosveracruz.com\/index.php?rest_route=%2Fwp%2Fv2%2Fmedia&parent=155892"}],"wp:term":[{"taxonomy":"category","embeddable":true,"href":"https:\/\/lospoliticosveracruz.com\/index.php?rest_route=%2Fwp%2Fv2%2Fcategories&post=155892"},{"taxonomy":"post_tag","embeddable":true,"href":"https:\/\/lospoliticosveracruz.com\/index.php?rest_route=%2Fwp%2Fv2%2Ftags&post=155892"}],"curies":[{"name":"wp","href":"https:\/\/api.w.org\/{rel}","templated":true}]}}