{"id":155908,"date":"2025-11-05T08:50:01","date_gmt":"2025-11-05T14:50:01","guid":{"rendered":"https:\/\/lospoliticosveracruz.com.mx\/?p=155908"},"modified":"2025-11-05T08:50:19","modified_gmt":"2025-11-05T14:50:19","slug":"encendiendo-la-veladora-de-la-catrina-con-a","status":"publish","type":"post","link":"https:\/\/lospoliticosveracruz.com\/?p=155908","title":{"rendered":"ENCENDIENDO LA VELADORA DE LA CATRINA CON \u201cA\u201d"},"content":{"rendered":"\n<p>S\u00edguenos ahora tambi\u00e9n en WhatsApp.\u00a0\u00a1<a href=\"https:\/\/whatsapp.com\/channel\/0029Va8zRWlEKyZIP3Z1dF0e\"><strong>Da clic aqu\u00ed<\/strong><\/a><strong>!<\/strong><\/p>\n\n\n\n<p><strong>Julio Vallejo<\/strong><br><strong>La delgada l\u00ednea entre tu opini\u00f3n y la m\u00eda<\/strong><\/p>\n\n\n\n<p>El encendido de las velas en el altar es un faro que gu\u00eda a las almas por el camino de regreso. El agua fresca y limpia es para calmar la sed de los difuntos, mientras que el altar se convierte en un puente espiritual para que las almas regresen a sus hogares. Los festivales de <strong>D\u00eda de Muertos<\/strong> en <strong>M\u00e9xico<\/strong> representan el reflejo de c\u00f3mo los mexicanos entendemos la vida, la muerte y la memoria. La muerte es parte de la vida, por eso es un hecho que de ella nadie se escapa. Estas celebraciones de nuestra naci\u00f3n atrapan la atenci\u00f3n de todo el mundo.<\/p>\n\n\n\n\n\n<p><br>Hace unos d\u00edas, en el municipio de <strong>Uruapan, Michoac\u00e1n<\/strong>, se llev\u00f3 a cabo el decimoctavo festival de velas. Como una muestra de amor y respeto a los difuntos, el <strong>alcalde Carlos Alberto Manzo Rodr\u00edguez<\/strong> encend\u00eda una de las m\u00e1s de 17 mil velas, abrazado de su hijo y protegi\u00e9ndolo del sonido de los truenos de los fuegos artificiales. Parec\u00eda una noche de festejo y con fr\u00edo, como se escuchaba en el ambiente con la melod\u00eda \u201cT\u00e1pame con tu rebozo, llorona, porque me muero de miedo\u201d. Parec\u00eda que la calavera de cuatro metros que adornaba el escenario cantaba esta melod\u00eda a todo pulm\u00f3n, dando una advertencia: toda una conmemoraci\u00f3n llena de color, alegr\u00eda y rituales.<br>Hasta que se escucharon disparos.<br>\u201cMataron a <strong>Carlos Manzo<\/strong>\u201d, gritaban entre los pobladores. Algo com\u00fan en <strong>Michoac\u00e1n<\/strong>, donde matan civiles, pol\u00edticos, empresarios, agricultores, activistas sociales y, por \u00faltimo, la verdad. El \u00fanico error de <strong>Carlos<\/strong> es que su apellido era con \u00abZ\u00bb (Manzo), porque si hubiera sido con \u00abS\u00bb (mansito), ser\u00eda muy d\u00f3cil, algo que le gusta a mucha gente: que sean as\u00ed, mansitos, ante tantas injusticias, aceptando dulcemente la muerte.<br>Este hecho podr\u00eda marcar el quiebre de muchas cosas en nuestro pa\u00eds y en el mundo; un suceso que deja ver que todos somos culpables. Desde la madre que engendr\u00f3, cuid\u00f3 y no educ\u00f3 bien a su hijo, hasta dejarlo ser un asesino; un joven que busc\u00f3 adrenalina en manos equivocadas que le abrieron las puertas a la salida a sus problemas. A \u00e9l no le import\u00f3 dejar hu\u00e9rfanos a unos ni\u00f1os que s\u00ed ten\u00edan amor y protecci\u00f3n por parte de un ser humano que lo \u00fanico que buscaba era el bien com\u00fan, enfrentando los problemas.<br>Problemas que generan la vida social, pol\u00edtica y econ\u00f3mica de un pa\u00eds donde los servidores p\u00fablicos se sirven solos, sin importarles sus obligaciones, por las que juraron y protestaron. Pero la culpa es nuestra, porque nos da igual vivir o morir sin saber realmente a qu\u00e9 venimos, para qu\u00e9 vivimos y por qu\u00e9 morimos.<br>Estamos en tiempos donde pareciera que ya empez\u00f3 una tercera guerra mundial. Recuerda que a ellos no les conviene gastar mucho dinero, es m\u00e1s, ni lo tienen, y no quieren tener p\u00e9rdidas (y no hablo de vidas humanas, sino de p\u00e9rdidas materiales y econ\u00f3micas, que es lo que a ellos les importa). Te preguntar\u00e1s por qu\u00e9 digo esto o a qu\u00e9 viene a colaci\u00f3n con lo anterior.<br>\u00bfPues no se te hace casualidad que ante hechos relacionados con problemas sociales de algunas naciones resurjan manifestaciones con la bandera de <strong>One Piece<\/strong>, el \u201cJolly Roger\u201d de los piratas del sombrero de paja? Ellos, la <strong>Generaci\u00f3n Z<\/strong>, buscan la libertad, los sue\u00f1os, la resiliencia contra la opresi\u00f3n de algunos gobiernos. Estas manifestaciones, algunas pac\u00edficas y otras violentas, han estado en pa\u00edses como Indonesia, Nepal, Francia, Filipinas, Per\u00fa, Ecuador y, pr\u00f3ximamente, <strong>M\u00e9xico<\/strong>. Para las principales fuerzas del mundo les sale m\u00e1s barato generar conflictos sociales dentro de las diferentes naciones que costear una guerra mundial.<br>En <strong>M\u00e9xico<\/strong>, matar a un hombre de sombrero y pol\u00edtico es f\u00e1cil, ya que la \u00fanica l\u00ednea ser\u00eda el crimen organizado; pero su sello no es as\u00ed, donde hay mucha gente. Por eso lo dejo en la mesa, como en el caso <strong>Colosio<\/strong>: muchos saben que prender la luz de hace muchos a\u00f1os es la gu\u00eda a la poblaci\u00f3n para iniciar un conflicto social para detener la corrupci\u00f3n, la violencia, la malversaci\u00f3n de fondos, la falta de libertad de expresi\u00f3n, el alza de precios y de impuestos. Por eso el <strong>Gobierno<\/strong> deber\u00e1 actuar para construir la paz y dejar de ver a un pueblo manso donde, por ahora, todos somos culpables.<\/p>\n","protected":false},"excerpt":{"rendered":"<p>Julio VallejoLa delgada l\u00ednea entre tu opini\u00f3n y la m\u00eda El encendido de las velas en el altar es un faro que gu\u00eda a las almas por el camino de regreso. El agua fresca y limpia es para calmar la sed de los difuntos, mientras que el altar se convierte en un puente espiritual para [&hellip;]<\/p>\n","protected":false},"author":2,"featured_media":141394,"comment_status":"closed","ping_status":"closed","sticky":false,"template":"","format":"standard","meta":{"tdm_status":"","tdm_grid_status":"","footnotes":""},"categories":[70],"tags":[44793,1100,560,46985],"class_list":{"0":"post-155908","1":"post","2":"type-post","3":"status-publish","4":"format-standard","5":"has-post-thumbnail","7":"category-de-opinion","8":"tag-carlos-manzo","9":"tag-crimen-organizado","10":"tag-dia-de-muertos","11":"tag-generacion-z"},"yoast_head":"<!-- This site is optimized with the Yoast SEO plugin v27.4 - https:\/\/yoast.com\/product\/yoast-seo-wordpress\/ -->\n<title>ENCENDIENDO LA VELADORA DE LA CATRINA CON \u201cA\u201d - Los pol\u00edticos Veracruz<\/title>\n<meta name=\"robots\" content=\"index, follow, max-snippet:-1, max-image-preview:large, max-video-preview:-1\" \/>\n<link rel=\"canonical\" href=\"https:\/\/lospoliticosveracruz.com\/?p=155908\" \/>\n<meta property=\"og:locale\" content=\"es_ES\" \/>\n<meta property=\"og:type\" content=\"article\" \/>\n<meta property=\"og:title\" content=\"ENCENDIENDO LA VELADORA DE LA CATRINA CON \u201cA\u201d - Los pol\u00edticos Veracruz\" \/>\n<meta property=\"og:description\" content=\"Julio VallejoLa delgada l\u00ednea entre tu opini\u00f3n y la m\u00eda El encendido de las velas en el altar es un faro que gu\u00eda a las almas por el camino de regreso. El agua fresca y limpia es para calmar la sed de los difuntos, mientras que el altar se convierte en un puente espiritual para [&hellip;]\" \/>\n<meta property=\"og:url\" content=\"https:\/\/lospoliticosveracruz.com\/?p=155908\" \/>\n<meta property=\"og:site_name\" content=\"Los pol\u00edticos Veracruz\" \/>\n<meta property=\"article:publisher\" content=\"https:\/\/www.facebook.com\/people\/Notimemes-de-los-Polticos\/61565672886568\/\" \/>\n<meta property=\"article:published_time\" content=\"2025-11-05T14:50:01+00:00\" \/>\n<meta property=\"article:modified_time\" content=\"2025-11-05T14:50:19+00:00\" \/>\n<meta property=\"og:image\" content=\"https:\/\/lospoliticosveracruz.com\/wp-content\/uploads\/2025\/04\/Julio-Vallejo.jpg\" \/>\n\t<meta property=\"og:image:width\" content=\"1250\" \/>\n\t<meta property=\"og:image:height\" content=\"667\" \/>\n\t<meta property=\"og:image:type\" content=\"image\/jpeg\" \/>\n<meta name=\"author\" content=\"Lo viste en Los Pol\u00edticos\" \/>\n<meta name=\"twitter:card\" content=\"summary_large_image\" \/>\n<meta name=\"twitter:creator\" content=\"@LosPoliticosVer\" \/>\n<meta name=\"twitter:site\" content=\"@LosPoliticosVer\" \/>\n<meta name=\"twitter:label1\" content=\"Escrito por\" \/>\n\t<meta name=\"twitter:data1\" content=\"Lo viste en Los Pol\u00edticos\" \/>\n\t<meta name=\"twitter:label2\" content=\"Tiempo de lectura\" \/>\n\t<meta name=\"twitter:data2\" content=\"4 minutos\" \/>\n<script type=\"application\/ld+json\" class=\"yoast-schema-graph\">{\"@context\":\"https:\\\/\\\/schema.org\",\"@graph\":[{\"@type\":\"Article\",\"@id\":\"https:\\\/\\\/lospoliticosveracruz.com\\\/?p=155908#article\",\"isPartOf\":{\"@id\":\"https:\\\/\\\/lospoliticosveracruz.com\\\/?p=155908\"},\"author\":{\"name\":\"Lo viste en Los Pol\u00edticos\",\"@id\":\"https:\\\/\\\/lospoliticosveracruz.com\\\/#\\\/schema\\\/person\\\/b8702bb0e538456e6efd07080bf2a4a2\"},\"headline\":\"ENCENDIENDO LA VELADORA DE LA CATRINA CON \u201cA\u201d\",\"datePublished\":\"2025-11-05T14:50:01+00:00\",\"dateModified\":\"2025-11-05T14:50:19+00:00\",\"mainEntityOfPage\":{\"@id\":\"https:\\\/\\\/lospoliticosveracruz.com\\\/?p=155908\"},\"wordCount\":796,\"publisher\":{\"@id\":\"https:\\\/\\\/lospoliticosveracruz.com\\\/#organization\"},\"image\":{\"@id\":\"https:\\\/\\\/lospoliticosveracruz.com\\\/?p=155908#primaryimage\"},\"thumbnailUrl\":\"https:\\\/\\\/lospoliticosveracruz.com\\\/wp-content\\\/uploads\\\/2025\\\/04\\\/Julio-Vallejo.jpg\",\"keywords\":[\"Carlos Manzo\",\"crimen organizado\",\"D\u00eda de Muertos\",\"Generaci\u00f3n Z\"],\"articleSection\":[\"De Opini\u00f3n\"],\"inLanguage\":\"es\"},{\"@type\":\"WebPage\",\"@id\":\"https:\\\/\\\/lospoliticosveracruz.com\\\/?p=155908\",\"url\":\"https:\\\/\\\/lospoliticosveracruz.com\\\/?p=155908\",\"name\":\"ENCENDIENDO LA VELADORA DE LA CATRINA CON \u201cA\u201d - Los pol\u00edticos Veracruz\",\"isPartOf\":{\"@id\":\"https:\\\/\\\/lospoliticosveracruz.com\\\/#website\"},\"primaryImageOfPage\":{\"@id\":\"https:\\\/\\\/lospoliticosveracruz.com\\\/?p=155908#primaryimage\"},\"image\":{\"@id\":\"https:\\\/\\\/lospoliticosveracruz.com\\\/?p=155908#primaryimage\"},\"thumbnailUrl\":\"https:\\\/\\\/lospoliticosveracruz.com\\\/wp-content\\\/uploads\\\/2025\\\/04\\\/Julio-Vallejo.jpg\",\"datePublished\":\"2025-11-05T14:50:01+00:00\",\"dateModified\":\"2025-11-05T14:50:19+00:00\",\"breadcrumb\":{\"@id\":\"https:\\\/\\\/lospoliticosveracruz.com\\\/?p=155908#breadcrumb\"},\"inLanguage\":\"es\",\"potentialAction\":[{\"@type\":\"ReadAction\",\"target\":[\"https:\\\/\\\/lospoliticosveracruz.com\\\/?p=155908\"]}]},{\"@type\":\"ImageObject\",\"inLanguage\":\"es\",\"@id\":\"https:\\\/\\\/lospoliticosveracruz.com\\\/?p=155908#primaryimage\",\"url\":\"https:\\\/\\\/lospoliticosveracruz.com\\\/wp-content\\\/uploads\\\/2025\\\/04\\\/Julio-Vallejo.jpg\",\"contentUrl\":\"https:\\\/\\\/lospoliticosveracruz.com\\\/wp-content\\\/uploads\\\/2025\\\/04\\\/Julio-Vallejo.jpg\",\"width\":1250,\"height\":667},{\"@type\":\"BreadcrumbList\",\"@id\":\"https:\\\/\\\/lospoliticosveracruz.com\\\/?p=155908#breadcrumb\",\"itemListElement\":[{\"@type\":\"ListItem\",\"position\":1,\"name\":\"Portada\",\"item\":\"https:\\\/\\\/lospoliticosveracruz.com\\\/\"},{\"@type\":\"ListItem\",\"position\":2,\"name\":\"ENCENDIENDO LA VELADORA DE LA CATRINA CON \u201cA\u201d\"}]},{\"@type\":\"WebSite\",\"@id\":\"https:\\\/\\\/lospoliticosveracruz.com\\\/#website\",\"url\":\"https:\\\/\\\/lospoliticosveracruz.com\\\/\",\"name\":\"Los pol\u00edticos Veracruz\",\"description\":\"\",\"publisher\":{\"@id\":\"https:\\\/\\\/lospoliticosveracruz.com\\\/#organization\"},\"potentialAction\":[{\"@type\":\"SearchAction\",\"target\":{\"@type\":\"EntryPoint\",\"urlTemplate\":\"https:\\\/\\\/lospoliticosveracruz.com\\\/?s={search_term_string}\"},\"query-input\":{\"@type\":\"PropertyValueSpecification\",\"valueRequired\":true,\"valueName\":\"search_term_string\"}}],\"inLanguage\":\"es\"},{\"@type\":\"Organization\",\"@id\":\"https:\\\/\\\/lospoliticosveracruz.com\\\/#organization\",\"name\":\"Los pol\u00edticos Veracruz\",\"url\":\"https:\\\/\\\/lospoliticosveracruz.com\\\/\",\"logo\":{\"@type\":\"ImageObject\",\"inLanguage\":\"es\",\"@id\":\"https:\\\/\\\/lospoliticosveracruz.com\\\/#\\\/schema\\\/logo\\\/image\\\/\",\"url\":\"https:\\\/\\\/lospoliticosveracruz.com\\\/wp-content\\\/uploads\\\/2025\\\/12\\\/Logo-Nuevo-LOS-POLITICOS-1.jpg\",\"contentUrl\":\"https:\\\/\\\/lospoliticosveracruz.com\\\/wp-content\\\/uploads\\\/2025\\\/12\\\/Logo-Nuevo-LOS-POLITICOS-1.jpg\",\"width\":260,\"height\":70,\"caption\":\"Los pol\u00edticos Veracruz\"},\"image\":{\"@id\":\"https:\\\/\\\/lospoliticosveracruz.com\\\/#\\\/schema\\\/logo\\\/image\\\/\"},\"sameAs\":[\"https:\\\/\\\/www.facebook.com\\\/people\\\/Notimemes-de-los-Polticos\\\/61565672886568\\\/\",\"https:\\\/\\\/x.com\\\/LosPoliticosVer\"]},{\"@type\":\"Person\",\"@id\":\"https:\\\/\\\/lospoliticosveracruz.com\\\/#\\\/schema\\\/person\\\/b8702bb0e538456e6efd07080bf2a4a2\",\"name\":\"Lo viste en Los Pol\u00edticos\",\"image\":{\"@type\":\"ImageObject\",\"inLanguage\":\"es\",\"@id\":\"https:\\\/\\\/secure.gravatar.com\\\/avatar\\\/3a8de04a2656d44082be478bd6c086daa447c4651605818287b9532d3d0bd435?s=96&d=mm&r=g\",\"url\":\"https:\\\/\\\/secure.gravatar.com\\\/avatar\\\/3a8de04a2656d44082be478bd6c086daa447c4651605818287b9532d3d0bd435?s=96&d=mm&r=g\",\"contentUrl\":\"https:\\\/\\\/secure.gravatar.com\\\/avatar\\\/3a8de04a2656d44082be478bd6c086daa447c4651605818287b9532d3d0bd435?s=96&d=mm&r=g\",\"caption\":\"Lo viste en Los Pol\u00edticos\"},\"url\":\"https:\\\/\\\/lospoliticosveracruz.com\\\/?author=2\"}]}<\/script>\n<!-- \/ Yoast SEO plugin. -->","yoast_head_json":{"title":"ENCENDIENDO LA VELADORA DE LA CATRINA CON \u201cA\u201d - Los pol\u00edticos Veracruz","robots":{"index":"index","follow":"follow","max-snippet":"max-snippet:-1","max-image-preview":"max-image-preview:large","max-video-preview":"max-video-preview:-1"},"canonical":"https:\/\/lospoliticosveracruz.com\/?p=155908","og_locale":"es_ES","og_type":"article","og_title":"ENCENDIENDO LA VELADORA DE LA CATRINA CON \u201cA\u201d - Los pol\u00edticos Veracruz","og_description":"Julio VallejoLa delgada l\u00ednea entre tu opini\u00f3n y la m\u00eda El encendido de las velas en el altar es un faro que gu\u00eda a las almas por el camino de regreso. El agua fresca y limpia es para calmar la sed de los difuntos, mientras que el altar se convierte en un puente espiritual para [&hellip;]","og_url":"https:\/\/lospoliticosveracruz.com\/?p=155908","og_site_name":"Los pol\u00edticos Veracruz","article_publisher":"https:\/\/www.facebook.com\/people\/Notimemes-de-los-Polticos\/61565672886568\/","article_published_time":"2025-11-05T14:50:01+00:00","article_modified_time":"2025-11-05T14:50:19+00:00","og_image":[{"width":1250,"height":667,"url":"https:\/\/lospoliticosveracruz.com\/wp-content\/uploads\/2025\/04\/Julio-Vallejo.jpg","type":"image\/jpeg"}],"author":"Lo viste en Los Pol\u00edticos","twitter_card":"summary_large_image","twitter_creator":"@LosPoliticosVer","twitter_site":"@LosPoliticosVer","twitter_misc":{"Escrito por":"Lo viste en Los Pol\u00edticos","Tiempo de lectura":"4 minutos"},"schema":{"@context":"https:\/\/schema.org","@graph":[{"@type":"Article","@id":"https:\/\/lospoliticosveracruz.com\/?p=155908#article","isPartOf":{"@id":"https:\/\/lospoliticosveracruz.com\/?p=155908"},"author":{"name":"Lo viste en Los Pol\u00edticos","@id":"https:\/\/lospoliticosveracruz.com\/#\/schema\/person\/b8702bb0e538456e6efd07080bf2a4a2"},"headline":"ENCENDIENDO LA VELADORA DE LA CATRINA CON \u201cA\u201d","datePublished":"2025-11-05T14:50:01+00:00","dateModified":"2025-11-05T14:50:19+00:00","mainEntityOfPage":{"@id":"https:\/\/lospoliticosveracruz.com\/?p=155908"},"wordCount":796,"publisher":{"@id":"https:\/\/lospoliticosveracruz.com\/#organization"},"image":{"@id":"https:\/\/lospoliticosveracruz.com\/?p=155908#primaryimage"},"thumbnailUrl":"https:\/\/lospoliticosveracruz.com\/wp-content\/uploads\/2025\/04\/Julio-Vallejo.jpg","keywords":["Carlos Manzo","crimen organizado","D\u00eda de Muertos","Generaci\u00f3n Z"],"articleSection":["De Opini\u00f3n"],"inLanguage":"es"},{"@type":"WebPage","@id":"https:\/\/lospoliticosveracruz.com\/?p=155908","url":"https:\/\/lospoliticosveracruz.com\/?p=155908","name":"ENCENDIENDO LA VELADORA DE LA CATRINA CON \u201cA\u201d - Los pol\u00edticos Veracruz","isPartOf":{"@id":"https:\/\/lospoliticosveracruz.com\/#website"},"primaryImageOfPage":{"@id":"https:\/\/lospoliticosveracruz.com\/?p=155908#primaryimage"},"image":{"@id":"https:\/\/lospoliticosveracruz.com\/?p=155908#primaryimage"},"thumbnailUrl":"https:\/\/lospoliticosveracruz.com\/wp-content\/uploads\/2025\/04\/Julio-Vallejo.jpg","datePublished":"2025-11-05T14:50:01+00:00","dateModified":"2025-11-05T14:50:19+00:00","breadcrumb":{"@id":"https:\/\/lospoliticosveracruz.com\/?p=155908#breadcrumb"},"inLanguage":"es","potentialAction":[{"@type":"ReadAction","target":["https:\/\/lospoliticosveracruz.com\/?p=155908"]}]},{"@type":"ImageObject","inLanguage":"es","@id":"https:\/\/lospoliticosveracruz.com\/?p=155908#primaryimage","url":"https:\/\/lospoliticosveracruz.com\/wp-content\/uploads\/2025\/04\/Julio-Vallejo.jpg","contentUrl":"https:\/\/lospoliticosveracruz.com\/wp-content\/uploads\/2025\/04\/Julio-Vallejo.jpg","width":1250,"height":667},{"@type":"BreadcrumbList","@id":"https:\/\/lospoliticosveracruz.com\/?p=155908#breadcrumb","itemListElement":[{"@type":"ListItem","position":1,"name":"Portada","item":"https:\/\/lospoliticosveracruz.com\/"},{"@type":"ListItem","position":2,"name":"ENCENDIENDO LA VELADORA DE LA CATRINA CON \u201cA\u201d"}]},{"@type":"WebSite","@id":"https:\/\/lospoliticosveracruz.com\/#website","url":"https:\/\/lospoliticosveracruz.com\/","name":"Los pol\u00edticos Veracruz","description":"","publisher":{"@id":"https:\/\/lospoliticosveracruz.com\/#organization"},"potentialAction":[{"@type":"SearchAction","target":{"@type":"EntryPoint","urlTemplate":"https:\/\/lospoliticosveracruz.com\/?s={search_term_string}"},"query-input":{"@type":"PropertyValueSpecification","valueRequired":true,"valueName":"search_term_string"}}],"inLanguage":"es"},{"@type":"Organization","@id":"https:\/\/lospoliticosveracruz.com\/#organization","name":"Los pol\u00edticos Veracruz","url":"https:\/\/lospoliticosveracruz.com\/","logo":{"@type":"ImageObject","inLanguage":"es","@id":"https:\/\/lospoliticosveracruz.com\/#\/schema\/logo\/image\/","url":"https:\/\/lospoliticosveracruz.com\/wp-content\/uploads\/2025\/12\/Logo-Nuevo-LOS-POLITICOS-1.jpg","contentUrl":"https:\/\/lospoliticosveracruz.com\/wp-content\/uploads\/2025\/12\/Logo-Nuevo-LOS-POLITICOS-1.jpg","width":260,"height":70,"caption":"Los pol\u00edticos Veracruz"},"image":{"@id":"https:\/\/lospoliticosveracruz.com\/#\/schema\/logo\/image\/"},"sameAs":["https:\/\/www.facebook.com\/people\/Notimemes-de-los-Polticos\/61565672886568\/","https:\/\/x.com\/LosPoliticosVer"]},{"@type":"Person","@id":"https:\/\/lospoliticosveracruz.com\/#\/schema\/person\/b8702bb0e538456e6efd07080bf2a4a2","name":"Lo viste en Los Pol\u00edticos","image":{"@type":"ImageObject","inLanguage":"es","@id":"https:\/\/secure.gravatar.com\/avatar\/3a8de04a2656d44082be478bd6c086daa447c4651605818287b9532d3d0bd435?s=96&d=mm&r=g","url":"https:\/\/secure.gravatar.com\/avatar\/3a8de04a2656d44082be478bd6c086daa447c4651605818287b9532d3d0bd435?s=96&d=mm&r=g","contentUrl":"https:\/\/secure.gravatar.com\/avatar\/3a8de04a2656d44082be478bd6c086daa447c4651605818287b9532d3d0bd435?s=96&d=mm&r=g","caption":"Lo viste en Los Pol\u00edticos"},"url":"https:\/\/lospoliticosveracruz.com\/?author=2"}]}},"_links":{"self":[{"href":"https:\/\/lospoliticosveracruz.com\/index.php?rest_route=\/wp\/v2\/posts\/155908","targetHints":{"allow":["GET"]}}],"collection":[{"href":"https:\/\/lospoliticosveracruz.com\/index.php?rest_route=\/wp\/v2\/posts"}],"about":[{"href":"https:\/\/lospoliticosveracruz.com\/index.php?rest_route=\/wp\/v2\/types\/post"}],"author":[{"embeddable":true,"href":"https:\/\/lospoliticosveracruz.com\/index.php?rest_route=\/wp\/v2\/users\/2"}],"replies":[{"embeddable":true,"href":"https:\/\/lospoliticosveracruz.com\/index.php?rest_route=%2Fwp%2Fv2%2Fcomments&post=155908"}],"version-history":[{"count":1,"href":"https:\/\/lospoliticosveracruz.com\/index.php?rest_route=\/wp\/v2\/posts\/155908\/revisions"}],"predecessor-version":[{"id":155909,"href":"https:\/\/lospoliticosveracruz.com\/index.php?rest_route=\/wp\/v2\/posts\/155908\/revisions\/155909"}],"wp:featuredmedia":[{"embeddable":true,"href":"https:\/\/lospoliticosveracruz.com\/index.php?rest_route=\/wp\/v2\/media\/141394"}],"wp:attachment":[{"href":"https:\/\/lospoliticosveracruz.com\/index.php?rest_route=%2Fwp%2Fv2%2Fmedia&parent=155908"}],"wp:term":[{"taxonomy":"category","embeddable":true,"href":"https:\/\/lospoliticosveracruz.com\/index.php?rest_route=%2Fwp%2Fv2%2Fcategories&post=155908"},{"taxonomy":"post_tag","embeddable":true,"href":"https:\/\/lospoliticosveracruz.com\/index.php?rest_route=%2Fwp%2Fv2%2Ftags&post=155908"}],"curies":[{"name":"wp","href":"https:\/\/api.w.org\/{rel}","templated":true}]}}