{"id":155919,"date":"2025-11-05T12:05:36","date_gmt":"2025-11-05T18:05:36","guid":{"rendered":"https:\/\/lospoliticosveracruz.com.mx\/?p=155919"},"modified":"2025-11-05T12:05:57","modified_gmt":"2025-11-05T18:05:57","slug":"una-mujer-de-izquierda-para-el-puerto","status":"publish","type":"post","link":"https:\/\/lospoliticosveracruz.com\/?p=155919","title":{"rendered":"UNA MUJER DE IZQUIERDA PARA EL PUERTO"},"content":{"rendered":"\n<p>S\u00edguenos ahora tambi\u00e9n en WhatsApp.\u00a0\u00a1<a href=\"https:\/\/whatsapp.com\/channel\/0029Va8zRWlEKyZIP3Z1dF0e\"><strong>Da clic aqu\u00ed<\/strong><\/a><strong>!<\/strong><\/p>\n\n\n\n<p><strong>Sergio Gonz\u00e1lez Levet<\/strong><\/p>\n\n\n\n<p><em>Sin tacto<br><\/em><\/p>\n\n\n\n<p>El pr\u00f3ximo <strong>1\u00ba de enero<\/strong> suceder\u00e1 en el municipio de <strong>Veracruz<\/strong> un hecho hist\u00f3rico en su sentido social, pues tomar\u00e1 posesi\u00f3n una alcaldesa de izquierda, despu\u00e9s de dos periodos de autoridades emanadas del <strong>PAN<\/strong>, un partido de derecha, y por muchos a\u00f1os antes de ediles llevados al poder por el <strong>PRI<\/strong>, lo que quiere decir que no ten\u00edan necesariamente una orientaci\u00f3n social definida y se mov\u00edan en el limbo ideol\u00f3gico en que discurri\u00f3 en sus \u00faltimos a\u00f1os del siglo XX el partido de la dictadura perfecta.<\/p>\n\n\n\n\n\n<p><strong>Rosa Mar\u00eda Hern\u00e1ndez Espejo<\/strong> llegar\u00e1 para dar un viraje en el primer ayuntamiento de la Am\u00e9rica continental, lo que se tendr\u00e1 que traducir en una administraci\u00f3n municipal orientada a favorecer a las clases marginadas, con especial \u00e9nfasis en la mejor\u00eda de sus indicadores de calidad de vida, entre ellos, suficiencia alimentaria, vivienda decorosa, servicios de salud y educativos suficientes.<\/p>\n\n\n\n<p>Si bien el ayuntamiento porte\u00f1o tiene una larga historia de ediles que se manejaron en los dos \u00faltimos tercios del siglo pasado entre el centro y la derecha, en sus anales figuran autoridades que fungieron exitosamente durante la \u00e9poca dorada de la <strong>revoluci\u00f3n veracruzana<\/strong>, que fue de <strong>1914 a 1934<\/strong>, cuando campearon en la gubernatura tres gobernadores de origen claramente socialista: <strong>C\u00e1ndido Aguilar<\/strong>, <strong>Adalberto Tejeda<\/strong> y <strong>Heriberto Jara<\/strong>.<\/p>\n\n\n\n<p>De esos 20 a\u00f1os de la izquierda revolucionaria en el poder, perduran los nombres de presidentes municipales con orientaci\u00f3n social, como <strong>Francisco Batres<\/strong>, <strong>Felipe Amador Loyo<\/strong>, <strong>Severino Cancino<\/strong>, <strong>Manuel Caldelas<\/strong>, <strong>Ricardo Alonso Aponte<\/strong>, <strong>Antonio Berl\u00edn L\u00f3pez<\/strong> y <strong>Manuel Nava<\/strong>.<\/p>\n\n\n\n<p><strong>Rosa Mar\u00eda Hern\u00e1ndez Espejo<\/strong> retoma aquella tradici\u00f3n de la etapa inmediatamente postrevolucionaria, y lo hace de la mano de autoridades nacionales y estatales que confiesan su formaci\u00f3n de izquierda, como la <strong>presidenta Claudia Sheinbaum Pardo<\/strong> y la <strong>gobernadora Roc\u00edo Nahle Garc\u00eda<\/strong>, que compartieron la lucha social en el <strong>PRD<\/strong> y despu\u00e9s siguieron a <strong>Andr\u00e9s Manuel L\u00f3pez Obrador<\/strong> para fundar el partido <strong>Morena<\/strong>, que tantos \u00e9xitos electorales ha tenido en los 14 a\u00f1os de su existencia como tal, cumplidos apenas el pasado <strong>2 de octubre<\/strong>.<\/p>\n\n\n\n<p>\u00bfQu\u00e9 podemos esperar de <strong>Rosa Mar\u00eda Hern\u00e1ndez Espejo<\/strong> como autoridad municipal en su condici\u00f3n de luchadora social hist\u00f3rica?<br>Primero, una relaci\u00f3n diferente con los ciudadanos; segundo, una reorientaci\u00f3n del gasto del ayuntamiento hacia programas sociales; tercero, un plan de austeridad en el gobierno municipal, con reducci\u00f3n de salarios y de las prestaciones que gozan los funcionarios actuales, probablemente muy elevados en ciertos casos espec\u00edficos; cuarto, un ataque permanente a la <strong>corrupci\u00f3n<\/strong>; quinto, la realizaci\u00f3n de obras en beneficio de las comunidades con mayor marginaci\u00f3n.<\/p>\n\n\n\n<p><strong>Rosa Mar\u00eda<\/strong> arribar\u00e1 como primera edil con dos compromisos hist\u00f3ricos: continuar la tradici\u00f3n instaurada por los alcaldes que fungieron en la \u00e9poca de los gobernadores de la etapa socialista de <strong>Veracruz<\/strong> del siglo XX y cumplir con la expectativa de los electores jarochos, que se inclinaron por una oferta de gobierno con \u00e9nfasis en la atenci\u00f3n a los problemas de las clases populares.<\/p>\n\n\n\n<p>Tradici\u00f3n y formaci\u00f3n tiene la alcaldesa electa; lo que le queda es hacer valer las ilusiones jarochas forjadas sobre su trayectoria.<\/p>\n","protected":false},"excerpt":{"rendered":"<p>Sergio Gonz\u00e1lez Levet Sin tacto El pr\u00f3ximo 1\u00ba de enero suceder\u00e1 en el municipio de Veracruz un hecho hist\u00f3rico en su sentido social, pues tomar\u00e1 posesi\u00f3n una alcaldesa de izquierda, despu\u00e9s de dos periodos de autoridades emanadas del PAN, un partido de derecha, y por muchos a\u00f1os antes de ediles llevados al poder por el [&hellip;]<\/p>\n","protected":false},"author":2,"featured_media":141432,"comment_status":"closed","ping_status":"closed","sticky":false,"template":"","format":"standard","meta":{"tdm_status":"","tdm_grid_status":"","footnotes":""},"categories":[70],"tags":[9627,22515,1026,3578,11900,195],"class_list":{"0":"post-155919","1":"post","2":"type-post","3":"status-publish","4":"format-standard","5":"has-post-thumbnail","7":"category-de-opinion","8":"tag-claudia-sheinbaum","9":"tag-gobierno-municipal","10":"tag-morena","11":"tag-rocio-nahle","12":"tag-rosa-maria-hernandez-espejo","13":"tag-veracruz"},"yoast_head":"<!-- This site is optimized with the Yoast SEO plugin v27.4 - https:\/\/yoast.com\/product\/yoast-seo-wordpress\/ -->\n<title>UNA MUJER DE IZQUIERDA PARA EL PUERTO - Los pol\u00edticos Veracruz<\/title>\n<meta name=\"robots\" content=\"index, follow, max-snippet:-1, max-image-preview:large, max-video-preview:-1\" \/>\n<link rel=\"canonical\" href=\"https:\/\/lospoliticosveracruz.com\/?p=155919\" \/>\n<meta property=\"og:locale\" content=\"es_ES\" \/>\n<meta property=\"og:type\" content=\"article\" \/>\n<meta property=\"og:title\" content=\"UNA MUJER DE IZQUIERDA PARA EL PUERTO - Los pol\u00edticos Veracruz\" \/>\n<meta property=\"og:description\" content=\"Sergio Gonz\u00e1lez Levet Sin tacto El pr\u00f3ximo 1\u00ba de enero suceder\u00e1 en el municipio de Veracruz un hecho hist\u00f3rico en su sentido social, pues tomar\u00e1 posesi\u00f3n una alcaldesa de izquierda, despu\u00e9s de dos periodos de autoridades emanadas del PAN, un partido de derecha, y por muchos a\u00f1os antes de ediles llevados al poder por el [&hellip;]\" \/>\n<meta property=\"og:url\" content=\"https:\/\/lospoliticosveracruz.com\/?p=155919\" \/>\n<meta property=\"og:site_name\" content=\"Los pol\u00edticos Veracruz\" \/>\n<meta property=\"article:publisher\" content=\"https:\/\/www.facebook.com\/people\/Notimemes-de-los-Polticos\/61565672886568\/\" \/>\n<meta property=\"article:published_time\" content=\"2025-11-05T18:05:36+00:00\" \/>\n<meta property=\"article:modified_time\" content=\"2025-11-05T18:05:57+00:00\" \/>\n<meta property=\"og:image\" content=\"https:\/\/lospoliticosveracruz.com\/wp-content\/uploads\/2025\/04\/Levet.jpg\" \/>\n\t<meta property=\"og:image:width\" content=\"1250\" \/>\n\t<meta property=\"og:image:height\" content=\"667\" \/>\n\t<meta property=\"og:image:type\" content=\"image\/jpeg\" \/>\n<meta name=\"author\" content=\"Lo viste en Los Pol\u00edticos\" \/>\n<meta name=\"twitter:card\" content=\"summary_large_image\" \/>\n<meta name=\"twitter:creator\" content=\"@LosPoliticosVer\" \/>\n<meta name=\"twitter:site\" content=\"@LosPoliticosVer\" \/>\n<meta name=\"twitter:label1\" content=\"Escrito por\" \/>\n\t<meta name=\"twitter:data1\" content=\"Lo viste en Los Pol\u00edticos\" \/>\n\t<meta name=\"twitter:label2\" content=\"Tiempo de lectura\" \/>\n\t<meta name=\"twitter:data2\" content=\"3 minutos\" \/>\n<script type=\"application\/ld+json\" class=\"yoast-schema-graph\">{\"@context\":\"https:\\\/\\\/schema.org\",\"@graph\":[{\"@type\":\"Article\",\"@id\":\"https:\\\/\\\/lospoliticosveracruz.com\\\/?p=155919#article\",\"isPartOf\":{\"@id\":\"https:\\\/\\\/lospoliticosveracruz.com\\\/?p=155919\"},\"author\":{\"name\":\"Lo viste en Los Pol\u00edticos\",\"@id\":\"https:\\\/\\\/lospoliticosveracruz.com\\\/#\\\/schema\\\/person\\\/b8702bb0e538456e6efd07080bf2a4a2\"},\"headline\":\"UNA MUJER DE IZQUIERDA PARA EL PUERTO\",\"datePublished\":\"2025-11-05T18:05:36+00:00\",\"dateModified\":\"2025-11-05T18:05:57+00:00\",\"mainEntityOfPage\":{\"@id\":\"https:\\\/\\\/lospoliticosveracruz.com\\\/?p=155919\"},\"wordCount\":560,\"publisher\":{\"@id\":\"https:\\\/\\\/lospoliticosveracruz.com\\\/#organization\"},\"image\":{\"@id\":\"https:\\\/\\\/lospoliticosveracruz.com\\\/?p=155919#primaryimage\"},\"thumbnailUrl\":\"https:\\\/\\\/lospoliticosveracruz.com\\\/wp-content\\\/uploads\\\/2025\\\/04\\\/Levet-e1773931000156.jpg\",\"keywords\":[\"Claudia Sheinbaum\",\"Gobierno municipal\",\"Morena\",\"Roc\u00edo Nahle\",\"Rosa Mar\u00eda Hern\u00e1ndez Espejo\",\"Veracruz\"],\"articleSection\":[\"De Opini\u00f3n\"],\"inLanguage\":\"es\"},{\"@type\":\"WebPage\",\"@id\":\"https:\\\/\\\/lospoliticosveracruz.com\\\/?p=155919\",\"url\":\"https:\\\/\\\/lospoliticosveracruz.com\\\/?p=155919\",\"name\":\"UNA MUJER DE IZQUIERDA PARA EL PUERTO - Los pol\u00edticos Veracruz\",\"isPartOf\":{\"@id\":\"https:\\\/\\\/lospoliticosveracruz.com\\\/#website\"},\"primaryImageOfPage\":{\"@id\":\"https:\\\/\\\/lospoliticosveracruz.com\\\/?p=155919#primaryimage\"},\"image\":{\"@id\":\"https:\\\/\\\/lospoliticosveracruz.com\\\/?p=155919#primaryimage\"},\"thumbnailUrl\":\"https:\\\/\\\/lospoliticosveracruz.com\\\/wp-content\\\/uploads\\\/2025\\\/04\\\/Levet-e1773931000156.jpg\",\"datePublished\":\"2025-11-05T18:05:36+00:00\",\"dateModified\":\"2025-11-05T18:05:57+00:00\",\"breadcrumb\":{\"@id\":\"https:\\\/\\\/lospoliticosveracruz.com\\\/?p=155919#breadcrumb\"},\"inLanguage\":\"es\",\"potentialAction\":[{\"@type\":\"ReadAction\",\"target\":[\"https:\\\/\\\/lospoliticosveracruz.com\\\/?p=155919\"]}]},{\"@type\":\"ImageObject\",\"inLanguage\":\"es\",\"@id\":\"https:\\\/\\\/lospoliticosveracruz.com\\\/?p=155919#primaryimage\",\"url\":\"https:\\\/\\\/lospoliticosveracruz.com\\\/wp-content\\\/uploads\\\/2025\\\/04\\\/Levet-e1773931000156.jpg\",\"contentUrl\":\"https:\\\/\\\/lospoliticosveracruz.com\\\/wp-content\\\/uploads\\\/2025\\\/04\\\/Levet-e1773931000156.jpg\",\"width\":600,\"height\":320},{\"@type\":\"BreadcrumbList\",\"@id\":\"https:\\\/\\\/lospoliticosveracruz.com\\\/?p=155919#breadcrumb\",\"itemListElement\":[{\"@type\":\"ListItem\",\"position\":1,\"name\":\"Portada\",\"item\":\"https:\\\/\\\/lospoliticosveracruz.com\\\/\"},{\"@type\":\"ListItem\",\"position\":2,\"name\":\"UNA MUJER DE IZQUIERDA PARA EL PUERTO\"}]},{\"@type\":\"WebSite\",\"@id\":\"https:\\\/\\\/lospoliticosveracruz.com\\\/#website\",\"url\":\"https:\\\/\\\/lospoliticosveracruz.com\\\/\",\"name\":\"Los pol\u00edticos Veracruz\",\"description\":\"\",\"publisher\":{\"@id\":\"https:\\\/\\\/lospoliticosveracruz.com\\\/#organization\"},\"potentialAction\":[{\"@type\":\"SearchAction\",\"target\":{\"@type\":\"EntryPoint\",\"urlTemplate\":\"https:\\\/\\\/lospoliticosveracruz.com\\\/?s={search_term_string}\"},\"query-input\":{\"@type\":\"PropertyValueSpecification\",\"valueRequired\":true,\"valueName\":\"search_term_string\"}}],\"inLanguage\":\"es\"},{\"@type\":\"Organization\",\"@id\":\"https:\\\/\\\/lospoliticosveracruz.com\\\/#organization\",\"name\":\"Los pol\u00edticos Veracruz\",\"url\":\"https:\\\/\\\/lospoliticosveracruz.com\\\/\",\"logo\":{\"@type\":\"ImageObject\",\"inLanguage\":\"es\",\"@id\":\"https:\\\/\\\/lospoliticosveracruz.com\\\/#\\\/schema\\\/logo\\\/image\\\/\",\"url\":\"https:\\\/\\\/lospoliticosveracruz.com\\\/wp-content\\\/uploads\\\/2025\\\/12\\\/Logo-Nuevo-LOS-POLITICOS-1.jpg\",\"contentUrl\":\"https:\\\/\\\/lospoliticosveracruz.com\\\/wp-content\\\/uploads\\\/2025\\\/12\\\/Logo-Nuevo-LOS-POLITICOS-1.jpg\",\"width\":260,\"height\":70,\"caption\":\"Los pol\u00edticos Veracruz\"},\"image\":{\"@id\":\"https:\\\/\\\/lospoliticosveracruz.com\\\/#\\\/schema\\\/logo\\\/image\\\/\"},\"sameAs\":[\"https:\\\/\\\/www.facebook.com\\\/people\\\/Notimemes-de-los-Polticos\\\/61565672886568\\\/\",\"https:\\\/\\\/x.com\\\/LosPoliticosVer\"]},{\"@type\":\"Person\",\"@id\":\"https:\\\/\\\/lospoliticosveracruz.com\\\/#\\\/schema\\\/person\\\/b8702bb0e538456e6efd07080bf2a4a2\",\"name\":\"Lo viste en Los Pol\u00edticos\",\"image\":{\"@type\":\"ImageObject\",\"inLanguage\":\"es\",\"@id\":\"https:\\\/\\\/secure.gravatar.com\\\/avatar\\\/3a8de04a2656d44082be478bd6c086daa447c4651605818287b9532d3d0bd435?s=96&d=mm&r=g\",\"url\":\"https:\\\/\\\/secure.gravatar.com\\\/avatar\\\/3a8de04a2656d44082be478bd6c086daa447c4651605818287b9532d3d0bd435?s=96&d=mm&r=g\",\"contentUrl\":\"https:\\\/\\\/secure.gravatar.com\\\/avatar\\\/3a8de04a2656d44082be478bd6c086daa447c4651605818287b9532d3d0bd435?s=96&d=mm&r=g\",\"caption\":\"Lo viste en Los Pol\u00edticos\"},\"url\":\"https:\\\/\\\/lospoliticosveracruz.com\\\/?author=2\"}]}<\/script>\n<!-- \/ Yoast SEO plugin. -->","yoast_head_json":{"title":"UNA MUJER DE IZQUIERDA PARA EL PUERTO - Los pol\u00edticos Veracruz","robots":{"index":"index","follow":"follow","max-snippet":"max-snippet:-1","max-image-preview":"max-image-preview:large","max-video-preview":"max-video-preview:-1"},"canonical":"https:\/\/lospoliticosveracruz.com\/?p=155919","og_locale":"es_ES","og_type":"article","og_title":"UNA MUJER DE IZQUIERDA PARA EL PUERTO - Los pol\u00edticos Veracruz","og_description":"Sergio Gonz\u00e1lez Levet Sin tacto El pr\u00f3ximo 1\u00ba de enero suceder\u00e1 en el municipio de Veracruz un hecho hist\u00f3rico en su sentido social, pues tomar\u00e1 posesi\u00f3n una alcaldesa de izquierda, despu\u00e9s de dos periodos de autoridades emanadas del PAN, un partido de derecha, y por muchos a\u00f1os antes de ediles llevados al poder por el [&hellip;]","og_url":"https:\/\/lospoliticosveracruz.com\/?p=155919","og_site_name":"Los pol\u00edticos Veracruz","article_publisher":"https:\/\/www.facebook.com\/people\/Notimemes-de-los-Polticos\/61565672886568\/","article_published_time":"2025-11-05T18:05:36+00:00","article_modified_time":"2025-11-05T18:05:57+00:00","og_image":[{"width":1250,"height":667,"url":"https:\/\/lospoliticosveracruz.com\/wp-content\/uploads\/2025\/04\/Levet.jpg","type":"image\/jpeg"}],"author":"Lo viste en Los Pol\u00edticos","twitter_card":"summary_large_image","twitter_creator":"@LosPoliticosVer","twitter_site":"@LosPoliticosVer","twitter_misc":{"Escrito por":"Lo viste en Los Pol\u00edticos","Tiempo de lectura":"3 minutos"},"schema":{"@context":"https:\/\/schema.org","@graph":[{"@type":"Article","@id":"https:\/\/lospoliticosveracruz.com\/?p=155919#article","isPartOf":{"@id":"https:\/\/lospoliticosveracruz.com\/?p=155919"},"author":{"name":"Lo viste en Los Pol\u00edticos","@id":"https:\/\/lospoliticosveracruz.com\/#\/schema\/person\/b8702bb0e538456e6efd07080bf2a4a2"},"headline":"UNA MUJER DE IZQUIERDA PARA EL PUERTO","datePublished":"2025-11-05T18:05:36+00:00","dateModified":"2025-11-05T18:05:57+00:00","mainEntityOfPage":{"@id":"https:\/\/lospoliticosveracruz.com\/?p=155919"},"wordCount":560,"publisher":{"@id":"https:\/\/lospoliticosveracruz.com\/#organization"},"image":{"@id":"https:\/\/lospoliticosveracruz.com\/?p=155919#primaryimage"},"thumbnailUrl":"https:\/\/lospoliticosveracruz.com\/wp-content\/uploads\/2025\/04\/Levet-e1773931000156.jpg","keywords":["Claudia Sheinbaum","Gobierno municipal","Morena","Roc\u00edo Nahle","Rosa Mar\u00eda Hern\u00e1ndez Espejo","Veracruz"],"articleSection":["De Opini\u00f3n"],"inLanguage":"es"},{"@type":"WebPage","@id":"https:\/\/lospoliticosveracruz.com\/?p=155919","url":"https:\/\/lospoliticosveracruz.com\/?p=155919","name":"UNA MUJER DE IZQUIERDA PARA EL PUERTO - Los pol\u00edticos Veracruz","isPartOf":{"@id":"https:\/\/lospoliticosveracruz.com\/#website"},"primaryImageOfPage":{"@id":"https:\/\/lospoliticosveracruz.com\/?p=155919#primaryimage"},"image":{"@id":"https:\/\/lospoliticosveracruz.com\/?p=155919#primaryimage"},"thumbnailUrl":"https:\/\/lospoliticosveracruz.com\/wp-content\/uploads\/2025\/04\/Levet-e1773931000156.jpg","datePublished":"2025-11-05T18:05:36+00:00","dateModified":"2025-11-05T18:05:57+00:00","breadcrumb":{"@id":"https:\/\/lospoliticosveracruz.com\/?p=155919#breadcrumb"},"inLanguage":"es","potentialAction":[{"@type":"ReadAction","target":["https:\/\/lospoliticosveracruz.com\/?p=155919"]}]},{"@type":"ImageObject","inLanguage":"es","@id":"https:\/\/lospoliticosveracruz.com\/?p=155919#primaryimage","url":"https:\/\/lospoliticosveracruz.com\/wp-content\/uploads\/2025\/04\/Levet-e1773931000156.jpg","contentUrl":"https:\/\/lospoliticosveracruz.com\/wp-content\/uploads\/2025\/04\/Levet-e1773931000156.jpg","width":600,"height":320},{"@type":"BreadcrumbList","@id":"https:\/\/lospoliticosveracruz.com\/?p=155919#breadcrumb","itemListElement":[{"@type":"ListItem","position":1,"name":"Portada","item":"https:\/\/lospoliticosveracruz.com\/"},{"@type":"ListItem","position":2,"name":"UNA MUJER DE IZQUIERDA PARA EL PUERTO"}]},{"@type":"WebSite","@id":"https:\/\/lospoliticosveracruz.com\/#website","url":"https:\/\/lospoliticosveracruz.com\/","name":"Los pol\u00edticos Veracruz","description":"","publisher":{"@id":"https:\/\/lospoliticosveracruz.com\/#organization"},"potentialAction":[{"@type":"SearchAction","target":{"@type":"EntryPoint","urlTemplate":"https:\/\/lospoliticosveracruz.com\/?s={search_term_string}"},"query-input":{"@type":"PropertyValueSpecification","valueRequired":true,"valueName":"search_term_string"}}],"inLanguage":"es"},{"@type":"Organization","@id":"https:\/\/lospoliticosveracruz.com\/#organization","name":"Los pol\u00edticos Veracruz","url":"https:\/\/lospoliticosveracruz.com\/","logo":{"@type":"ImageObject","inLanguage":"es","@id":"https:\/\/lospoliticosveracruz.com\/#\/schema\/logo\/image\/","url":"https:\/\/lospoliticosveracruz.com\/wp-content\/uploads\/2025\/12\/Logo-Nuevo-LOS-POLITICOS-1.jpg","contentUrl":"https:\/\/lospoliticosveracruz.com\/wp-content\/uploads\/2025\/12\/Logo-Nuevo-LOS-POLITICOS-1.jpg","width":260,"height":70,"caption":"Los pol\u00edticos Veracruz"},"image":{"@id":"https:\/\/lospoliticosveracruz.com\/#\/schema\/logo\/image\/"},"sameAs":["https:\/\/www.facebook.com\/people\/Notimemes-de-los-Polticos\/61565672886568\/","https:\/\/x.com\/LosPoliticosVer"]},{"@type":"Person","@id":"https:\/\/lospoliticosveracruz.com\/#\/schema\/person\/b8702bb0e538456e6efd07080bf2a4a2","name":"Lo viste en Los Pol\u00edticos","image":{"@type":"ImageObject","inLanguage":"es","@id":"https:\/\/secure.gravatar.com\/avatar\/3a8de04a2656d44082be478bd6c086daa447c4651605818287b9532d3d0bd435?s=96&d=mm&r=g","url":"https:\/\/secure.gravatar.com\/avatar\/3a8de04a2656d44082be478bd6c086daa447c4651605818287b9532d3d0bd435?s=96&d=mm&r=g","contentUrl":"https:\/\/secure.gravatar.com\/avatar\/3a8de04a2656d44082be478bd6c086daa447c4651605818287b9532d3d0bd435?s=96&d=mm&r=g","caption":"Lo viste en Los Pol\u00edticos"},"url":"https:\/\/lospoliticosveracruz.com\/?author=2"}]}},"_links":{"self":[{"href":"https:\/\/lospoliticosveracruz.com\/index.php?rest_route=\/wp\/v2\/posts\/155919","targetHints":{"allow":["GET"]}}],"collection":[{"href":"https:\/\/lospoliticosveracruz.com\/index.php?rest_route=\/wp\/v2\/posts"}],"about":[{"href":"https:\/\/lospoliticosveracruz.com\/index.php?rest_route=\/wp\/v2\/types\/post"}],"author":[{"embeddable":true,"href":"https:\/\/lospoliticosveracruz.com\/index.php?rest_route=\/wp\/v2\/users\/2"}],"replies":[{"embeddable":true,"href":"https:\/\/lospoliticosveracruz.com\/index.php?rest_route=%2Fwp%2Fv2%2Fcomments&post=155919"}],"version-history":[{"count":1,"href":"https:\/\/lospoliticosveracruz.com\/index.php?rest_route=\/wp\/v2\/posts\/155919\/revisions"}],"predecessor-version":[{"id":155920,"href":"https:\/\/lospoliticosveracruz.com\/index.php?rest_route=\/wp\/v2\/posts\/155919\/revisions\/155920"}],"wp:featuredmedia":[{"embeddable":true,"href":"https:\/\/lospoliticosveracruz.com\/index.php?rest_route=\/wp\/v2\/media\/141432"}],"wp:attachment":[{"href":"https:\/\/lospoliticosveracruz.com\/index.php?rest_route=%2Fwp%2Fv2%2Fmedia&parent=155919"}],"wp:term":[{"taxonomy":"category","embeddable":true,"href":"https:\/\/lospoliticosveracruz.com\/index.php?rest_route=%2Fwp%2Fv2%2Fcategories&post=155919"},{"taxonomy":"post_tag","embeddable":true,"href":"https:\/\/lospoliticosveracruz.com\/index.php?rest_route=%2Fwp%2Fv2%2Ftags&post=155919"}],"curies":[{"name":"wp","href":"https:\/\/api.w.org\/{rel}","templated":true}]}}