{"id":155997,"date":"2025-11-06T18:19:28","date_gmt":"2025-11-07T00:19:28","guid":{"rendered":"https:\/\/lospoliticosveracruz.com.mx\/?p=155997"},"modified":"2025-11-06T18:19:42","modified_gmt":"2025-11-07T00:19:42","slug":"es-hora","status":"publish","type":"post","link":"https:\/\/lospoliticosveracruz.com\/?p=155997","title":{"rendered":"ES HORA\u2026"},"content":{"rendered":"\n<p>Inocencio Y\u00e1\u00f1ez Vicencio<\/p>\n\n\n\n<p>Nada se nos quita en reconocer que la gran obra de Morena y Claudia, hacia las mujeres mexicanas, la impactan, principalmente, las siguientes acciones:&nbsp;<\/p>\n\n\n\n<p>1. Los videos donde aparece Carlos Imaz, entonces esposo de la hoy presidenta, recibiendo fajos de billetes de Carlos Ahumada, que hoy ella niega estar enterada.<\/p>\n\n\n\n<p>2. La licencia de construcci\u00f3n para la ampliaci\u00f3n del Colegio Rebsamen, que colaps\u00f3 y que hoy tiene en la c\u00e1rcel no a la que otorg\u00f3 el permiso del nuevo piso sino a la directora y due\u00f1a.<\/p>\n\n\n\n<p>3. Las denuncias de la directora morenista de Radio y Televisi\u00f3n, de desv\u00edo de recursos para su campa\u00f1a, sin que nadie proceda.<\/p>\n\n\n\n<p>4. La utilizaci\u00f3n en Poza Rica, del Ej\u00e9rcito, para el acarreo de su mitin en busca de la presidencia.<\/p>\n\n\n\n<p>5. Los videos donde aparece Claudia, insultando acarreados que le piden los recursos que les prometieron en la CDMX.<\/p>\n\n\n\n<p>6. Las miles y miles de mujeres que durante la pandemia quedaron viudas por culpa de un Presidente que en lugar de tomar medidas oportunas para enfrentar el virus, se dedic\u00f3 a invocar esp\u00edritus y a echar mano de amuletos, sin que hasta la fecha halla un programa de amparo a las mujeres v\u00edctimas de esa irresponsabilidad.<\/p>\n\n\n\n<p>7. Atacar el programa de Guarder\u00edas, que posibilitan que muchas mujeres puedan trabajar, sin molestar a los abuelos, como lo propuse AMLO.<\/p>\n\n\n\n<p>8. Cancelar las escuelas de tiempo completo, que ampliaban horarios y cobertura alimenticia.<\/p>\n\n\n\n<p>9. Desaparecer el Seguro Popular, que canalizaba asistencia m\u00e9dica y dotaci\u00f3n de medicamentos.<\/p>\n\n\n\n<p>10. Condenar a la muerte a miles de ni\u00f1os por suspensi\u00f3n de tratamientos contra el c\u00e1ncer y medicinas.<\/p>\n\n\n\n<p>11. Colocar en situaci\u00f3n de riesgo de contraer enfermedades desterradas a ni\u00f1os y adultos por la suspensi\u00f3n parcial y en algunos casos total de la cartilla de vacunaci\u00f3n.<\/p>\n\n\n\n<p>12. Condenar a los ni\u00f1os y j\u00f3venes a la mediocridad, al eliminar el sistema de evaluaci\u00f3n en la educaci\u00f3n, con lo cual se les priva de una educaci\u00f3n de calidad.<\/p>\n\n\n\n<p>13. Continuar sin darle el debido mantenimiento a las instalaciones educativas y hospitalarias.<\/p>\n\n\n\n<p>14. Simular una red universitaria con universidades de Bienestar y Rosario Castellanos, con egresados sentenciados al desempleo.<\/p>\n\n\n\n<p>15. Exponerlas a una justicia paritidizada que no obedece a un derecho racional sino a la recomendaci\u00f3n del partido que puso a los jueces.<\/p>\n\n\n\n<p>16. Reemplazar la ley de todos por una ley facciosa, haciendo pasar la parte por el todo.<\/p>\n\n\n\n<p>17. Exclama: qu\u00e9 proponen? Cuando Morena no permite que le cambien ni una coma a las iniciativas presidenciales y denuncia penalmente a los diputados que votan en contra, es una forma de burlarse de la sociedad.<\/p>\n\n\n\n<p>18. Reunir en su voluntad la funci\u00f3n legislativa, la funci\u00f3n ejecutiva y la funci\u00f3n judicial, es destruir la Rep\u00fablica y dejar a las mujeres y a todos a merced de su humor, que ya sabemos que no es nada bueno.<\/p>\n\n\n\n<p>19. Sus actos le dan la raz\u00f3n a Trump, de que M\u00e9dico est\u00e1 controlado por los c\u00e1rteles de la droga.<\/p>\n\n\n\n<p>20. Renunciar a darle seguridad a las personas y a sus bienes, es abandonar a las mujeres y hombres a la sed de sangre del cr\u00edmen organizado.<\/p>\n\n\n\n<p>21. Que desde el gobierno morenista de Tabasco, el secretario de seguridad Hern\u00e1n Berm\u00fadez, haya firmado La Barredora, brazo del CJNG, muestra que estamos ante un Estado narco o como lo defin\u00eda Porfirio Mu\u00f1oz Ledo: NarcoEstafo.<\/p>\n\n\n\n<p>22. Que hasta hoy no sepamos la sociedad de Hern\u00e1n Berm\u00fadez, no hace pensar que quieren borrarlo del imaginario pol\u00edtico.<\/p>\n\n\n\n<p>23. La intervenci\u00f3n de los narcos en el 2021, levantando toda la estructura electoral de la oposici\u00f3n en la Cuenca del Pac\u00edfico, para favorecer a Morena, muestra la rentabilidad de la estrategia de Abrazos, no Balazos.<\/p>\n\n\n\n<p>24. Hoy las madres mexicanas saben que la muerte merodea a su familia, por m\u00e1s que la trampa del manejo de cifras de muertes, se realice al gusto de Claudia, para ocultar que la cifra va en aumento.<\/p>\n\n\n\n<p>25. Responder a la guerra del narco con ret\u00f3rica o autodefensas, es abandonar a los limoneros, aguacateros y agricultures a las balas del cr\u00edmen, como hoy lo escribe Raymundo Riva Palacio, estrategia que ya fall\u00f3 y que \u00fanicamente va a traer m\u00e1s viudas y hu\u00e9rfanos.<\/p>\n\n\n\n<p>26. Hoy las mujeres mexicanas saben que cada ni\u00f1o que traen al mundo, carga con una deuda de m\u00e1s de 160 mil pesos, porque en s\u00f3lo 7 a\u00f1os , Morena contrajo una deuda superior a la que acumulamos en casi doscientos a\u00f1os.<\/p>\n\n\n\n<p>27. Insisten en una pensi\u00f3n que si \u00fanicamente se diera a los que verdaderamente la necesitan, alcanzar\u00eda para triplicarla.<\/p>\n\n\n\n<p>28. Prometieron acabar con la corrupci\u00f3n y los robos de SEGALMEX, INSABI, la Megafarmacia, el Huachicol, los Fideicomisos, los fondos que denunci\u00f3 Jaime C\u00e1rdenas Gracia, siendo director del Instituto Para Devolver al Pueblo lo Robado, las&nbsp;&nbsp;maniobras para que el presupuesto de la Refiner\u00eda de Dos Bocas, pasar\u00e1 de 8 mil millones de d\u00f3lares a m\u00e1s de 21 mil millones de d\u00f3lares&#8230;repercuten en el endeudamiento de la naci\u00f3n, coloc\u00e1ndonos cerca de la bancarrota.<\/p>\n\n\n\n<p>29. Cancelar el Fonden le pudo beneficiar a Morena, pero no a las mujeres y hombres que viven en zonas vulnerables. A Morena porque enviaron ese dinero a partidas sin reglas de operaci\u00f3n y pueden ejercerlo a discreci\u00f3n y aparecer despu\u00e9s en para\u00edsos fiscales. No beneficia a la poblaci\u00f3n vulnerable porque, como ya vimos, primero se dice que el dinero no es problema y despu\u00e9s se rega\u00f1a y se humilla a un secretario, por ofrecer respuesta de saliva a una comunidad.<\/p>\n\n\n\n<p>30. Las mujeres mexicanas saben que en Morena y Claudia, tienen&nbsp;&nbsp;un gobierno que bajo la bandera de la corrupci\u00f3n persigue y cancela \u00f3rganos aut\u00f3nomos, aeropuertos, instituciones, Fideicomisos, medicinas, vacunas&#8230; mientras los seguidores de AMLO se llenan los bolsillos sin ser llevados a la justicia. Nos dicen que tenemos un sistema de salud como el de Dinamarca, que tenemos la mejor democracia del mundo y no faltan qui\u00e9nes crean en los montajes de Claudia.<\/p>\n\n\n\n<p>Dec\u00eda Hegel que la libertad nacional es la m\u00e1s importante, porque sin ella las dem\u00e1s libertades no existen.<\/p>\n\n\n\n<p>Es justo que se indignen quienes ven un v\u00eddeo donde se agrede a Claudia, pero nadie me podr\u00e1 demostrar que en un pa\u00eds donde las mujeres han sido abandonadas a su suerte al&nbsp;&nbsp;perder a su esposo en la pandemia, en la guerra del narco, en las inundaciones, donde han vivido y viven sufriendo la falta de medicamentosa para ellas y sus hijos, donde les han cancelado su porvenir al quitarles las escuelas de tiempo completo, donde carecen de buenos hospitales y escuelas de calidad, d\u00f3nde viven en la angustia de ver diariamente salir a hijos y esposos pero no saben si regresar\u00e1n con bien&#8230; no tienen derecho a dudar de la autenticidad de esa supuesta agresi\u00f3n, primero, porque Claudia, manda a limpiar la zona donde va a darse sus ba\u00f1os de pueblo; segundo, porque el que aparece agrediendo es un polic\u00eda; tercero, todos los que actualmente se le acercan, lo arreglan&#8230;<\/p>\n\n\n\n<p>El texto suyo que hoy aparece en Reforma, lo dice todo. Si eso le hacen a la presidenta, imaginamos la vulnerabilidad de la mujer com\u00fan. Por culpa de qui\u00e9n? Por culpa de un Estado entregado a la delincuencia.<\/p>\n\n\n\n<p>Linchar a los que se atrevieron a pensar que era algo armado para distraernos de los reclamos por el asesinato de Carlos Manzo, que antes que otra cosa, deja una viuda y ni\u00f1os en la horfandad, es fascista. Nada tan reprobable que pretender impedir que quienes consideran que sin Rep\u00fablica y sin democracia, las conquistas de las mujeres, los j\u00f3venes, la clase obrera, los maestros, los trabajadores del campo&#8230;no pueden existir.<\/p>\n\n\n\n<p>Las mujeres y hombres que han visto mutilados sus derechos y libertades y cada ma\u00f1ana reciben descalificaciones como buitres o carro\u00f1eros por el dolor hecho de no creer que tenemos un pa\u00eds soberano cuando la presidenta es la \u00faltima en enterarse que por nuestras aguas navegan barcos estadounidenses y aviones de guerra norteamericanos y nada se hace contra los morenistas ratas y coludidos con el narco , tienen derecho a pensar de otra manera a como lo hacen los chayoteros del r\u00e9gimen morenista.<\/p>\n\n\n\n<p>Cada sector tiene derecho a poner sobre la mesa su tema, pero enti\u00e9ndase bien, tenemos que aprender a buscar puntos de contacto que nos unan, porque si no restauramos la Rep\u00fablica, todos perderemos.&nbsp;<\/p>\n\n\n\n<p>No hay un fascismo, hay fascismos. No permitamos que nadie silencie a nadie. Los partidarios de la autocracia que nos gobierna est\u00e1 en su derecho de producir sus apoyos como los que nos oponemos a este autoritarismo a ejercer la cr\u00edtica y a desmontar sus trampas, con el fin de hacer el deslinde.<\/p>\n\n\n\n<p>El frente amplio que debe encarar a los Cuatreros, no ser\u00e1 un club de \u00e1ngeles, menos uniforme, dios nos libre. Tendr\u00e1 que ser plural, cuidando que no hegemonice ni una banda dogm\u00e1tica ni gansteril. Es importante aprender a convivir con quienes no piensan exactamente como nosotros. No llevar a la Mesa principios finalistas , no negociables. Si el punto que nos englobe a todos es la restauraci\u00f3n de la Rep\u00fablica y la democracia, logremos este punto y ya luego nos peleamos entre nosotros, lo principal por ahora es un frente que coordine las diferencias, no que las sofoque.<\/p>\n","protected":false},"excerpt":{"rendered":"<p>Inocencio Y\u00e1\u00f1ez Vicencio Nada se nos quita en reconocer que la gran obra de Morena y Claudia, hacia las mujeres mexicanas, la impactan, principalmente, las siguientes acciones:&nbsp; 1. Los videos donde aparece Carlos Imaz, entonces esposo de la hoy presidenta, recibiendo fajos de billetes de Carlos Ahumada, que hoy ella niega estar enterada. 2. La [&hellip;]<\/p>\n","protected":false},"author":2,"featured_media":141387,"comment_status":"closed","ping_status":"closed","sticky":false,"template":"","format":"standard","meta":{"tdm_status":"","tdm_grid_status":"","footnotes":""},"categories":[70],"tags":[],"class_list":{"0":"post-155997","1":"post","2":"type-post","3":"status-publish","4":"format-standard","5":"has-post-thumbnail","7":"category-de-opinion"},"yoast_head":"<!-- This site is optimized with the Yoast SEO plugin v27.4 - https:\/\/yoast.com\/product\/yoast-seo-wordpress\/ -->\n<title>ES HORA\u2026 - Los pol\u00edticos Veracruz<\/title>\n<meta name=\"robots\" content=\"index, follow, max-snippet:-1, max-image-preview:large, max-video-preview:-1\" \/>\n<link rel=\"canonical\" href=\"https:\/\/lospoliticosveracruz.com\/?p=155997\" \/>\n<meta property=\"og:locale\" content=\"es_ES\" \/>\n<meta property=\"og:type\" content=\"article\" \/>\n<meta property=\"og:title\" content=\"ES HORA\u2026 - Los pol\u00edticos Veracruz\" \/>\n<meta property=\"og:description\" content=\"Inocencio Y\u00e1\u00f1ez Vicencio Nada se nos quita en reconocer que la gran obra de Morena y Claudia, hacia las mujeres mexicanas, la impactan, principalmente, las siguientes acciones:&nbsp; 1. Los videos donde aparece Carlos Imaz, entonces esposo de la hoy presidenta, recibiendo fajos de billetes de Carlos Ahumada, que hoy ella niega estar enterada. 2. La [&hellip;]\" \/>\n<meta property=\"og:url\" content=\"https:\/\/lospoliticosveracruz.com\/?p=155997\" \/>\n<meta property=\"og:site_name\" content=\"Los pol\u00edticos Veracruz\" \/>\n<meta property=\"article:publisher\" content=\"https:\/\/www.facebook.com\/people\/Notimemes-de-los-Polticos\/61565672886568\/\" \/>\n<meta property=\"article:published_time\" content=\"2025-11-07T00:19:28+00:00\" \/>\n<meta property=\"article:modified_time\" content=\"2025-11-07T00:19:42+00:00\" \/>\n<meta property=\"og:image\" content=\"https:\/\/lospoliticosveracruz.com\/wp-content\/uploads\/2025\/04\/Inocencio-Yanez-Vicencio.jpg\" \/>\n\t<meta property=\"og:image:width\" content=\"1250\" \/>\n\t<meta property=\"og:image:height\" content=\"667\" \/>\n\t<meta property=\"og:image:type\" content=\"image\/jpeg\" \/>\n<meta name=\"author\" content=\"Lo viste en Los Pol\u00edticos\" \/>\n<meta name=\"twitter:card\" content=\"summary_large_image\" \/>\n<meta name=\"twitter:creator\" content=\"@LosPoliticosVer\" \/>\n<meta name=\"twitter:site\" content=\"@LosPoliticosVer\" \/>\n<meta name=\"twitter:label1\" content=\"Escrito por\" \/>\n\t<meta name=\"twitter:data1\" content=\"Lo viste en Los Pol\u00edticos\" \/>\n\t<meta name=\"twitter:label2\" content=\"Tiempo de lectura\" \/>\n\t<meta name=\"twitter:data2\" content=\"8 minutos\" \/>\n<script type=\"application\/ld+json\" class=\"yoast-schema-graph\">{\"@context\":\"https:\\\/\\\/schema.org\",\"@graph\":[{\"@type\":\"Article\",\"@id\":\"https:\\\/\\\/lospoliticosveracruz.com\\\/?p=155997#article\",\"isPartOf\":{\"@id\":\"https:\\\/\\\/lospoliticosveracruz.com\\\/?p=155997\"},\"author\":{\"name\":\"Lo viste en Los Pol\u00edticos\",\"@id\":\"https:\\\/\\\/lospoliticosveracruz.com\\\/#\\\/schema\\\/person\\\/b8702bb0e538456e6efd07080bf2a4a2\"},\"headline\":\"ES HORA\u2026\",\"datePublished\":\"2025-11-07T00:19:28+00:00\",\"dateModified\":\"2025-11-07T00:19:42+00:00\",\"mainEntityOfPage\":{\"@id\":\"https:\\\/\\\/lospoliticosveracruz.com\\\/?p=155997\"},\"wordCount\":1609,\"publisher\":{\"@id\":\"https:\\\/\\\/lospoliticosveracruz.com\\\/#organization\"},\"image\":{\"@id\":\"https:\\\/\\\/lospoliticosveracruz.com\\\/?p=155997#primaryimage\"},\"thumbnailUrl\":\"https:\\\/\\\/lospoliticosveracruz.com\\\/wp-content\\\/uploads\\\/2025\\\/04\\\/Inocencio-Yanez-Vicencio.jpg\",\"articleSection\":[\"De Opini\u00f3n\"],\"inLanguage\":\"es\"},{\"@type\":\"WebPage\",\"@id\":\"https:\\\/\\\/lospoliticosveracruz.com\\\/?p=155997\",\"url\":\"https:\\\/\\\/lospoliticosveracruz.com\\\/?p=155997\",\"name\":\"ES HORA\u2026 - Los pol\u00edticos Veracruz\",\"isPartOf\":{\"@id\":\"https:\\\/\\\/lospoliticosveracruz.com\\\/#website\"},\"primaryImageOfPage\":{\"@id\":\"https:\\\/\\\/lospoliticosveracruz.com\\\/?p=155997#primaryimage\"},\"image\":{\"@id\":\"https:\\\/\\\/lospoliticosveracruz.com\\\/?p=155997#primaryimage\"},\"thumbnailUrl\":\"https:\\\/\\\/lospoliticosveracruz.com\\\/wp-content\\\/uploads\\\/2025\\\/04\\\/Inocencio-Yanez-Vicencio.jpg\",\"datePublished\":\"2025-11-07T00:19:28+00:00\",\"dateModified\":\"2025-11-07T00:19:42+00:00\",\"breadcrumb\":{\"@id\":\"https:\\\/\\\/lospoliticosveracruz.com\\\/?p=155997#breadcrumb\"},\"inLanguage\":\"es\",\"potentialAction\":[{\"@type\":\"ReadAction\",\"target\":[\"https:\\\/\\\/lospoliticosveracruz.com\\\/?p=155997\"]}]},{\"@type\":\"ImageObject\",\"inLanguage\":\"es\",\"@id\":\"https:\\\/\\\/lospoliticosveracruz.com\\\/?p=155997#primaryimage\",\"url\":\"https:\\\/\\\/lospoliticosveracruz.com\\\/wp-content\\\/uploads\\\/2025\\\/04\\\/Inocencio-Yanez-Vicencio.jpg\",\"contentUrl\":\"https:\\\/\\\/lospoliticosveracruz.com\\\/wp-content\\\/uploads\\\/2025\\\/04\\\/Inocencio-Yanez-Vicencio.jpg\",\"width\":1250,\"height\":667},{\"@type\":\"BreadcrumbList\",\"@id\":\"https:\\\/\\\/lospoliticosveracruz.com\\\/?p=155997#breadcrumb\",\"itemListElement\":[{\"@type\":\"ListItem\",\"position\":1,\"name\":\"Portada\",\"item\":\"https:\\\/\\\/lospoliticosveracruz.com\\\/\"},{\"@type\":\"ListItem\",\"position\":2,\"name\":\"ES HORA\u2026\"}]},{\"@type\":\"WebSite\",\"@id\":\"https:\\\/\\\/lospoliticosveracruz.com\\\/#website\",\"url\":\"https:\\\/\\\/lospoliticosveracruz.com\\\/\",\"name\":\"Los pol\u00edticos Veracruz\",\"description\":\"\",\"publisher\":{\"@id\":\"https:\\\/\\\/lospoliticosveracruz.com\\\/#organization\"},\"potentialAction\":[{\"@type\":\"SearchAction\",\"target\":{\"@type\":\"EntryPoint\",\"urlTemplate\":\"https:\\\/\\\/lospoliticosveracruz.com\\\/?s={search_term_string}\"},\"query-input\":{\"@type\":\"PropertyValueSpecification\",\"valueRequired\":true,\"valueName\":\"search_term_string\"}}],\"inLanguage\":\"es\"},{\"@type\":\"Organization\",\"@id\":\"https:\\\/\\\/lospoliticosveracruz.com\\\/#organization\",\"name\":\"Los pol\u00edticos Veracruz\",\"url\":\"https:\\\/\\\/lospoliticosveracruz.com\\\/\",\"logo\":{\"@type\":\"ImageObject\",\"inLanguage\":\"es\",\"@id\":\"https:\\\/\\\/lospoliticosveracruz.com\\\/#\\\/schema\\\/logo\\\/image\\\/\",\"url\":\"https:\\\/\\\/lospoliticosveracruz.com\\\/wp-content\\\/uploads\\\/2025\\\/12\\\/Logo-Nuevo-LOS-POLITICOS-1.jpg\",\"contentUrl\":\"https:\\\/\\\/lospoliticosveracruz.com\\\/wp-content\\\/uploads\\\/2025\\\/12\\\/Logo-Nuevo-LOS-POLITICOS-1.jpg\",\"width\":260,\"height\":70,\"caption\":\"Los pol\u00edticos Veracruz\"},\"image\":{\"@id\":\"https:\\\/\\\/lospoliticosveracruz.com\\\/#\\\/schema\\\/logo\\\/image\\\/\"},\"sameAs\":[\"https:\\\/\\\/www.facebook.com\\\/people\\\/Notimemes-de-los-Polticos\\\/61565672886568\\\/\",\"https:\\\/\\\/x.com\\\/LosPoliticosVer\"]},{\"@type\":\"Person\",\"@id\":\"https:\\\/\\\/lospoliticosveracruz.com\\\/#\\\/schema\\\/person\\\/b8702bb0e538456e6efd07080bf2a4a2\",\"name\":\"Lo viste en Los Pol\u00edticos\",\"image\":{\"@type\":\"ImageObject\",\"inLanguage\":\"es\",\"@id\":\"https:\\\/\\\/secure.gravatar.com\\\/avatar\\\/3a8de04a2656d44082be478bd6c086daa447c4651605818287b9532d3d0bd435?s=96&d=mm&r=g\",\"url\":\"https:\\\/\\\/secure.gravatar.com\\\/avatar\\\/3a8de04a2656d44082be478bd6c086daa447c4651605818287b9532d3d0bd435?s=96&d=mm&r=g\",\"contentUrl\":\"https:\\\/\\\/secure.gravatar.com\\\/avatar\\\/3a8de04a2656d44082be478bd6c086daa447c4651605818287b9532d3d0bd435?s=96&d=mm&r=g\",\"caption\":\"Lo viste en Los Pol\u00edticos\"},\"url\":\"https:\\\/\\\/lospoliticosveracruz.com\\\/?author=2\"}]}<\/script>\n<!-- \/ Yoast SEO plugin. -->","yoast_head_json":{"title":"ES HORA\u2026 - Los pol\u00edticos Veracruz","robots":{"index":"index","follow":"follow","max-snippet":"max-snippet:-1","max-image-preview":"max-image-preview:large","max-video-preview":"max-video-preview:-1"},"canonical":"https:\/\/lospoliticosveracruz.com\/?p=155997","og_locale":"es_ES","og_type":"article","og_title":"ES HORA\u2026 - Los pol\u00edticos Veracruz","og_description":"Inocencio Y\u00e1\u00f1ez Vicencio Nada se nos quita en reconocer que la gran obra de Morena y Claudia, hacia las mujeres mexicanas, la impactan, principalmente, las siguientes acciones:&nbsp; 1. Los videos donde aparece Carlos Imaz, entonces esposo de la hoy presidenta, recibiendo fajos de billetes de Carlos Ahumada, que hoy ella niega estar enterada. 2. La [&hellip;]","og_url":"https:\/\/lospoliticosveracruz.com\/?p=155997","og_site_name":"Los pol\u00edticos Veracruz","article_publisher":"https:\/\/www.facebook.com\/people\/Notimemes-de-los-Polticos\/61565672886568\/","article_published_time":"2025-11-07T00:19:28+00:00","article_modified_time":"2025-11-07T00:19:42+00:00","og_image":[{"width":1250,"height":667,"url":"https:\/\/lospoliticosveracruz.com\/wp-content\/uploads\/2025\/04\/Inocencio-Yanez-Vicencio.jpg","type":"image\/jpeg"}],"author":"Lo viste en Los Pol\u00edticos","twitter_card":"summary_large_image","twitter_creator":"@LosPoliticosVer","twitter_site":"@LosPoliticosVer","twitter_misc":{"Escrito por":"Lo viste en Los Pol\u00edticos","Tiempo de lectura":"8 minutos"},"schema":{"@context":"https:\/\/schema.org","@graph":[{"@type":"Article","@id":"https:\/\/lospoliticosveracruz.com\/?p=155997#article","isPartOf":{"@id":"https:\/\/lospoliticosveracruz.com\/?p=155997"},"author":{"name":"Lo viste en Los Pol\u00edticos","@id":"https:\/\/lospoliticosveracruz.com\/#\/schema\/person\/b8702bb0e538456e6efd07080bf2a4a2"},"headline":"ES HORA\u2026","datePublished":"2025-11-07T00:19:28+00:00","dateModified":"2025-11-07T00:19:42+00:00","mainEntityOfPage":{"@id":"https:\/\/lospoliticosveracruz.com\/?p=155997"},"wordCount":1609,"publisher":{"@id":"https:\/\/lospoliticosveracruz.com\/#organization"},"image":{"@id":"https:\/\/lospoliticosveracruz.com\/?p=155997#primaryimage"},"thumbnailUrl":"https:\/\/lospoliticosveracruz.com\/wp-content\/uploads\/2025\/04\/Inocencio-Yanez-Vicencio.jpg","articleSection":["De Opini\u00f3n"],"inLanguage":"es"},{"@type":"WebPage","@id":"https:\/\/lospoliticosveracruz.com\/?p=155997","url":"https:\/\/lospoliticosveracruz.com\/?p=155997","name":"ES HORA\u2026 - Los pol\u00edticos Veracruz","isPartOf":{"@id":"https:\/\/lospoliticosveracruz.com\/#website"},"primaryImageOfPage":{"@id":"https:\/\/lospoliticosveracruz.com\/?p=155997#primaryimage"},"image":{"@id":"https:\/\/lospoliticosveracruz.com\/?p=155997#primaryimage"},"thumbnailUrl":"https:\/\/lospoliticosveracruz.com\/wp-content\/uploads\/2025\/04\/Inocencio-Yanez-Vicencio.jpg","datePublished":"2025-11-07T00:19:28+00:00","dateModified":"2025-11-07T00:19:42+00:00","breadcrumb":{"@id":"https:\/\/lospoliticosveracruz.com\/?p=155997#breadcrumb"},"inLanguage":"es","potentialAction":[{"@type":"ReadAction","target":["https:\/\/lospoliticosveracruz.com\/?p=155997"]}]},{"@type":"ImageObject","inLanguage":"es","@id":"https:\/\/lospoliticosveracruz.com\/?p=155997#primaryimage","url":"https:\/\/lospoliticosveracruz.com\/wp-content\/uploads\/2025\/04\/Inocencio-Yanez-Vicencio.jpg","contentUrl":"https:\/\/lospoliticosveracruz.com\/wp-content\/uploads\/2025\/04\/Inocencio-Yanez-Vicencio.jpg","width":1250,"height":667},{"@type":"BreadcrumbList","@id":"https:\/\/lospoliticosveracruz.com\/?p=155997#breadcrumb","itemListElement":[{"@type":"ListItem","position":1,"name":"Portada","item":"https:\/\/lospoliticosveracruz.com\/"},{"@type":"ListItem","position":2,"name":"ES HORA\u2026"}]},{"@type":"WebSite","@id":"https:\/\/lospoliticosveracruz.com\/#website","url":"https:\/\/lospoliticosveracruz.com\/","name":"Los pol\u00edticos Veracruz","description":"","publisher":{"@id":"https:\/\/lospoliticosveracruz.com\/#organization"},"potentialAction":[{"@type":"SearchAction","target":{"@type":"EntryPoint","urlTemplate":"https:\/\/lospoliticosveracruz.com\/?s={search_term_string}"},"query-input":{"@type":"PropertyValueSpecification","valueRequired":true,"valueName":"search_term_string"}}],"inLanguage":"es"},{"@type":"Organization","@id":"https:\/\/lospoliticosveracruz.com\/#organization","name":"Los pol\u00edticos Veracruz","url":"https:\/\/lospoliticosveracruz.com\/","logo":{"@type":"ImageObject","inLanguage":"es","@id":"https:\/\/lospoliticosveracruz.com\/#\/schema\/logo\/image\/","url":"https:\/\/lospoliticosveracruz.com\/wp-content\/uploads\/2025\/12\/Logo-Nuevo-LOS-POLITICOS-1.jpg","contentUrl":"https:\/\/lospoliticosveracruz.com\/wp-content\/uploads\/2025\/12\/Logo-Nuevo-LOS-POLITICOS-1.jpg","width":260,"height":70,"caption":"Los pol\u00edticos Veracruz"},"image":{"@id":"https:\/\/lospoliticosveracruz.com\/#\/schema\/logo\/image\/"},"sameAs":["https:\/\/www.facebook.com\/people\/Notimemes-de-los-Polticos\/61565672886568\/","https:\/\/x.com\/LosPoliticosVer"]},{"@type":"Person","@id":"https:\/\/lospoliticosveracruz.com\/#\/schema\/person\/b8702bb0e538456e6efd07080bf2a4a2","name":"Lo viste en Los Pol\u00edticos","image":{"@type":"ImageObject","inLanguage":"es","@id":"https:\/\/secure.gravatar.com\/avatar\/3a8de04a2656d44082be478bd6c086daa447c4651605818287b9532d3d0bd435?s=96&d=mm&r=g","url":"https:\/\/secure.gravatar.com\/avatar\/3a8de04a2656d44082be478bd6c086daa447c4651605818287b9532d3d0bd435?s=96&d=mm&r=g","contentUrl":"https:\/\/secure.gravatar.com\/avatar\/3a8de04a2656d44082be478bd6c086daa447c4651605818287b9532d3d0bd435?s=96&d=mm&r=g","caption":"Lo viste en Los Pol\u00edticos"},"url":"https:\/\/lospoliticosveracruz.com\/?author=2"}]}},"_links":{"self":[{"href":"https:\/\/lospoliticosveracruz.com\/index.php?rest_route=\/wp\/v2\/posts\/155997","targetHints":{"allow":["GET"]}}],"collection":[{"href":"https:\/\/lospoliticosveracruz.com\/index.php?rest_route=\/wp\/v2\/posts"}],"about":[{"href":"https:\/\/lospoliticosveracruz.com\/index.php?rest_route=\/wp\/v2\/types\/post"}],"author":[{"embeddable":true,"href":"https:\/\/lospoliticosveracruz.com\/index.php?rest_route=\/wp\/v2\/users\/2"}],"replies":[{"embeddable":true,"href":"https:\/\/lospoliticosveracruz.com\/index.php?rest_route=%2Fwp%2Fv2%2Fcomments&post=155997"}],"version-history":[{"count":1,"href":"https:\/\/lospoliticosveracruz.com\/index.php?rest_route=\/wp\/v2\/posts\/155997\/revisions"}],"predecessor-version":[{"id":155998,"href":"https:\/\/lospoliticosveracruz.com\/index.php?rest_route=\/wp\/v2\/posts\/155997\/revisions\/155998"}],"wp:featuredmedia":[{"embeddable":true,"href":"https:\/\/lospoliticosveracruz.com\/index.php?rest_route=\/wp\/v2\/media\/141387"}],"wp:attachment":[{"href":"https:\/\/lospoliticosveracruz.com\/index.php?rest_route=%2Fwp%2Fv2%2Fmedia&parent=155997"}],"wp:term":[{"taxonomy":"category","embeddable":true,"href":"https:\/\/lospoliticosveracruz.com\/index.php?rest_route=%2Fwp%2Fv2%2Fcategories&post=155997"},{"taxonomy":"post_tag","embeddable":true,"href":"https:\/\/lospoliticosveracruz.com\/index.php?rest_route=%2Fwp%2Fv2%2Ftags&post=155997"}],"curies":[{"name":"wp","href":"https:\/\/api.w.org\/{rel}","templated":true}]}}