{"id":156117,"date":"2025-11-07T16:07:21","date_gmt":"2025-11-07T22:07:21","guid":{"rendered":"https:\/\/lospoliticosveracruz.com.mx\/?p=156117"},"modified":"2025-11-07T16:07:33","modified_gmt":"2025-11-07T22:07:33","slug":"el-presupuesto-es-del-pueblo-no-de-la-alcaldesa","status":"publish","type":"post","link":"https:\/\/lospoliticosveracruz.com\/?p=156117","title":{"rendered":"EL PRESUPUESTO ES DEL PUEBLO, NO DE LA ALCALDESA!"},"content":{"rendered":"\n<p>S\u00edguenos ahora tambi\u00e9n en WhatsApp.\u00a0\u00a1<a href=\"https:\/\/whatsapp.com\/channel\/0029Va8zRWlEKyZIP3Z1dF0e\"><strong>Da clic aqu\u00ed<\/strong><\/a><strong>!<\/strong><\/p>\n\n\n\n<p><\/p>\n\n\n\n<p><strong>Veracruz<\/strong>: A pocas semanas de iniciar su gesti\u00f3n y ante las preocupantes revelaciones sobre el estado financiero del <strong>Ayuntamiento de Veracruz<\/strong>, la <strong>alcaldesa electa Rosa Mar\u00eda Hern\u00e1ndez Espejo<\/strong> advirti\u00f3 que el presupuesto pertenece al pueblo y no a la <strong>presidenta municipal<\/strong> en turno, y que su deber ser\u00e1 protegerlo y garantizar su uso transparente.<\/p>\n\n\n\n<p>En entrevista, previo al inicio del <strong>tercer foro \u201cTransforma Veracruz\u201d<\/strong>, <strong>Rosa Mar\u00eda<\/strong> revel\u00f3 que \u00faltimamente no ha existido ning\u00fan tipo de acercamiento con la administraci\u00f3n saliente de <strong>Patricia Lobeira Rodr\u00edguez<\/strong>, pese a que solicitaron formalmente el intercambio de informaci\u00f3n entre las \u00e1reas de <strong>Tesorer\u00eda<\/strong> y <strong>Sindicatura<\/strong>, pero fue rechazado con el argumento de que \u201cno es posible\u201d hacerlo antes del proceso formal de entrega.<\/p>\n\n\n\n<p>La pr\u00f3xima <strong>presidenta municipal<\/strong> consider\u00f3 urgente conocer la situaci\u00f3n real de las cuentas y del patrimonio municipal, sobre todo tras darse a conocer que el actual gobierno dejar\u00e1 pasivos superiores a los 600 millones de pesos, adem\u00e1s de nuevas basificaciones y compromisos laborales que incrementar\u00e1n el gasto corriente.<\/p>\n\n\n\n<p>Entre esas decisiones, mencion\u00f3 la controversial basificaci\u00f3n de 51 funcionarios cercanos a la administraci\u00f3n saliente, incorporados de \u00faltima hora al <strong>sindicato<\/strong> con sueldos de hasta 60 mil pesos mensuales, medida que calific\u00f3 como una traici\u00f3n al pueblo. \u201cUn <strong>presidente municipal<\/strong> no puede traicionar al pueblo en una negociaci\u00f3n para beneficiar a sus amigos\u201d, puntualiz\u00f3.<\/p>\n\n\n\n<p>Dijo que su equipo se encuentra prepar\u00e1ndose para una revisi\u00f3n minuciosa desde el primer d\u00eda de gobierno, y adelant\u00f3 que el pr\u00f3ximo 11 de noviembre el <strong>ORFIS<\/strong> ofrecer\u00e1 una capacitaci\u00f3n formal como parte del proceso de entrega\u2013recepci\u00f3n, el cual iniciar\u00e1 oficialmente el 1 de enero.<\/p>\n\n\n\n<p>\u201cNos hemos estado capacitando porque queremos llegar con todas las herramientas para revisar el estado que guardan las finanzas y los bienes del <strong>Ayuntamiento<\/strong>\u201d, dijo.<\/p>\n","protected":false},"excerpt":{"rendered":"<p>Veracruz: A pocas semanas de iniciar su gesti\u00f3n y ante las preocupantes revelaciones sobre el estado financiero del Ayuntamiento de Veracruz, la alcaldesa electa Rosa Mar\u00eda Hern\u00e1ndez Espejo advirti\u00f3 que el presupuesto pertenece al pueblo y no a la presidenta municipal en turno, y que su deber ser\u00e1 protegerlo y garantizar su uso transparente. En [&hellip;]<\/p>\n","protected":false},"author":2,"featured_media":156122,"comment_status":"closed","ping_status":"closed","sticky":false,"template":"","format":"standard","meta":{"tdm_status":"","tdm_grid_status":"","footnotes":""},"categories":[73],"tags":[47100,28179,47099,11900],"class_list":{"0":"post-156117","1":"post","2":"type-post","3":"status-publish","4":"format-standard","5":"has-post-thumbnail","7":"category-de-boleto","8":"tag-orfis-entrega-recepcion","9":"tag-patricia-lobeira-rodriguez","10":"tag-presupuesto-municipal-veracruz","11":"tag-rosa-maria-hernandez-espejo"},"yoast_head":"<!-- This site is optimized with the Yoast SEO plugin v27.4 - https:\/\/yoast.com\/product\/yoast-seo-wordpress\/ -->\n<title>EL PRESUPUESTO ES DEL PUEBLO, NO DE LA ALCALDESA! - Los pol\u00edticos Veracruz<\/title>\n<meta name=\"robots\" content=\"index, follow, max-snippet:-1, max-image-preview:large, max-video-preview:-1\" \/>\n<link rel=\"canonical\" href=\"https:\/\/lospoliticosveracruz.com\/?p=156117\" \/>\n<meta property=\"og:locale\" content=\"es_ES\" \/>\n<meta property=\"og:type\" content=\"article\" \/>\n<meta property=\"og:title\" content=\"EL PRESUPUESTO ES DEL PUEBLO, NO DE LA ALCALDESA! - Los pol\u00edticos Veracruz\" \/>\n<meta property=\"og:description\" content=\"Veracruz: A pocas semanas de iniciar su gesti\u00f3n y ante las preocupantes revelaciones sobre el estado financiero del Ayuntamiento de Veracruz, la alcaldesa electa Rosa Mar\u00eda Hern\u00e1ndez Espejo advirti\u00f3 que el presupuesto pertenece al pueblo y no a la presidenta municipal en turno, y que su deber ser\u00e1 protegerlo y garantizar su uso transparente. En [&hellip;]\" \/>\n<meta property=\"og:url\" content=\"https:\/\/lospoliticosveracruz.com\/?p=156117\" \/>\n<meta property=\"og:site_name\" content=\"Los pol\u00edticos Veracruz\" \/>\n<meta property=\"article:publisher\" content=\"https:\/\/www.facebook.com\/people\/Notimemes-de-los-Polticos\/61565672886568\/\" \/>\n<meta property=\"article:published_time\" content=\"2025-11-07T22:07:21+00:00\" \/>\n<meta property=\"article:modified_time\" content=\"2025-11-07T22:07:33+00:00\" \/>\n<meta property=\"og:image\" content=\"https:\/\/lospoliticosveracruz.com\/wp-content\/uploads\/2025\/11\/Rosa-Maria-Hernandez-Espejo-1.jpeg\" \/>\n\t<meta property=\"og:image:width\" content=\"600\" \/>\n\t<meta property=\"og:image:height\" content=\"320\" \/>\n\t<meta property=\"og:image:type\" content=\"image\/jpeg\" \/>\n<meta name=\"author\" content=\"Lo viste en Los Pol\u00edticos\" \/>\n<meta name=\"twitter:card\" content=\"summary_large_image\" \/>\n<meta name=\"twitter:creator\" content=\"@LosPoliticosVer\" \/>\n<meta name=\"twitter:site\" content=\"@LosPoliticosVer\" \/>\n<meta name=\"twitter:label1\" content=\"Escrito por\" \/>\n\t<meta name=\"twitter:data1\" content=\"Lo viste en Los Pol\u00edticos\" \/>\n\t<meta name=\"twitter:label2\" content=\"Tiempo de lectura\" \/>\n\t<meta name=\"twitter:data2\" content=\"2 minutos\" \/>\n<script type=\"application\/ld+json\" class=\"yoast-schema-graph\">{\"@context\":\"https:\\\/\\\/schema.org\",\"@graph\":[{\"@type\":\"Article\",\"@id\":\"https:\\\/\\\/lospoliticosveracruz.com\\\/?p=156117#article\",\"isPartOf\":{\"@id\":\"https:\\\/\\\/lospoliticosveracruz.com\\\/?p=156117\"},\"author\":{\"name\":\"Lo viste en Los Pol\u00edticos\",\"@id\":\"https:\\\/\\\/lospoliticosveracruz.com\\\/#\\\/schema\\\/person\\\/b8702bb0e538456e6efd07080bf2a4a2\"},\"headline\":\"EL PRESUPUESTO ES DEL PUEBLO, NO DE LA ALCALDESA!\",\"datePublished\":\"2025-11-07T22:07:21+00:00\",\"dateModified\":\"2025-11-07T22:07:33+00:00\",\"mainEntityOfPage\":{\"@id\":\"https:\\\/\\\/lospoliticosveracruz.com\\\/?p=156117\"},\"wordCount\":318,\"publisher\":{\"@id\":\"https:\\\/\\\/lospoliticosveracruz.com\\\/#organization\"},\"image\":{\"@id\":\"https:\\\/\\\/lospoliticosveracruz.com\\\/?p=156117#primaryimage\"},\"thumbnailUrl\":\"https:\\\/\\\/lospoliticosveracruz.com\\\/wp-content\\\/uploads\\\/2025\\\/11\\\/Rosa-Maria-Hernandez-Espejo-1.jpeg\",\"keywords\":[\"ORFIS entrega\u2013recepci\u00f3n\",\"Patricia Lobeira Rodr\u00edguez\",\"presupuesto municipal Veracruz\",\"Rosa Mar\u00eda Hern\u00e1ndez Espejo\"],\"articleSection\":[\"De Boleto\"],\"inLanguage\":\"es\"},{\"@type\":\"WebPage\",\"@id\":\"https:\\\/\\\/lospoliticosveracruz.com\\\/?p=156117\",\"url\":\"https:\\\/\\\/lospoliticosveracruz.com\\\/?p=156117\",\"name\":\"EL PRESUPUESTO ES DEL PUEBLO, NO DE LA ALCALDESA! - Los pol\u00edticos Veracruz\",\"isPartOf\":{\"@id\":\"https:\\\/\\\/lospoliticosveracruz.com\\\/#website\"},\"primaryImageOfPage\":{\"@id\":\"https:\\\/\\\/lospoliticosveracruz.com\\\/?p=156117#primaryimage\"},\"image\":{\"@id\":\"https:\\\/\\\/lospoliticosveracruz.com\\\/?p=156117#primaryimage\"},\"thumbnailUrl\":\"https:\\\/\\\/lospoliticosveracruz.com\\\/wp-content\\\/uploads\\\/2025\\\/11\\\/Rosa-Maria-Hernandez-Espejo-1.jpeg\",\"datePublished\":\"2025-11-07T22:07:21+00:00\",\"dateModified\":\"2025-11-07T22:07:33+00:00\",\"breadcrumb\":{\"@id\":\"https:\\\/\\\/lospoliticosveracruz.com\\\/?p=156117#breadcrumb\"},\"inLanguage\":\"es\",\"potentialAction\":[{\"@type\":\"ReadAction\",\"target\":[\"https:\\\/\\\/lospoliticosveracruz.com\\\/?p=156117\"]}]},{\"@type\":\"ImageObject\",\"inLanguage\":\"es\",\"@id\":\"https:\\\/\\\/lospoliticosveracruz.com\\\/?p=156117#primaryimage\",\"url\":\"https:\\\/\\\/lospoliticosveracruz.com\\\/wp-content\\\/uploads\\\/2025\\\/11\\\/Rosa-Maria-Hernandez-Espejo-1.jpeg\",\"contentUrl\":\"https:\\\/\\\/lospoliticosveracruz.com\\\/wp-content\\\/uploads\\\/2025\\\/11\\\/Rosa-Maria-Hernandez-Espejo-1.jpeg\",\"width\":600,\"height\":320},{\"@type\":\"BreadcrumbList\",\"@id\":\"https:\\\/\\\/lospoliticosveracruz.com\\\/?p=156117#breadcrumb\",\"itemListElement\":[{\"@type\":\"ListItem\",\"position\":1,\"name\":\"Portada\",\"item\":\"https:\\\/\\\/lospoliticosveracruz.com\\\/\"},{\"@type\":\"ListItem\",\"position\":2,\"name\":\"EL PRESUPUESTO ES DEL PUEBLO, NO DE LA ALCALDESA!\"}]},{\"@type\":\"WebSite\",\"@id\":\"https:\\\/\\\/lospoliticosveracruz.com\\\/#website\",\"url\":\"https:\\\/\\\/lospoliticosveracruz.com\\\/\",\"name\":\"Los pol\u00edticos Veracruz\",\"description\":\"\",\"publisher\":{\"@id\":\"https:\\\/\\\/lospoliticosveracruz.com\\\/#organization\"},\"potentialAction\":[{\"@type\":\"SearchAction\",\"target\":{\"@type\":\"EntryPoint\",\"urlTemplate\":\"https:\\\/\\\/lospoliticosveracruz.com\\\/?s={search_term_string}\"},\"query-input\":{\"@type\":\"PropertyValueSpecification\",\"valueRequired\":true,\"valueName\":\"search_term_string\"}}],\"inLanguage\":\"es\"},{\"@type\":\"Organization\",\"@id\":\"https:\\\/\\\/lospoliticosveracruz.com\\\/#organization\",\"name\":\"Los pol\u00edticos Veracruz\",\"url\":\"https:\\\/\\\/lospoliticosveracruz.com\\\/\",\"logo\":{\"@type\":\"ImageObject\",\"inLanguage\":\"es\",\"@id\":\"https:\\\/\\\/lospoliticosveracruz.com\\\/#\\\/schema\\\/logo\\\/image\\\/\",\"url\":\"https:\\\/\\\/lospoliticosveracruz.com\\\/wp-content\\\/uploads\\\/2025\\\/12\\\/Logo-Nuevo-LOS-POLITICOS-1.jpg\",\"contentUrl\":\"https:\\\/\\\/lospoliticosveracruz.com\\\/wp-content\\\/uploads\\\/2025\\\/12\\\/Logo-Nuevo-LOS-POLITICOS-1.jpg\",\"width\":260,\"height\":70,\"caption\":\"Los pol\u00edticos Veracruz\"},\"image\":{\"@id\":\"https:\\\/\\\/lospoliticosveracruz.com\\\/#\\\/schema\\\/logo\\\/image\\\/\"},\"sameAs\":[\"https:\\\/\\\/www.facebook.com\\\/people\\\/Notimemes-de-los-Polticos\\\/61565672886568\\\/\",\"https:\\\/\\\/x.com\\\/LosPoliticosVer\"]},{\"@type\":\"Person\",\"@id\":\"https:\\\/\\\/lospoliticosveracruz.com\\\/#\\\/schema\\\/person\\\/b8702bb0e538456e6efd07080bf2a4a2\",\"name\":\"Lo viste en Los Pol\u00edticos\",\"image\":{\"@type\":\"ImageObject\",\"inLanguage\":\"es\",\"@id\":\"https:\\\/\\\/secure.gravatar.com\\\/avatar\\\/3a8de04a2656d44082be478bd6c086daa447c4651605818287b9532d3d0bd435?s=96&d=mm&r=g\",\"url\":\"https:\\\/\\\/secure.gravatar.com\\\/avatar\\\/3a8de04a2656d44082be478bd6c086daa447c4651605818287b9532d3d0bd435?s=96&d=mm&r=g\",\"contentUrl\":\"https:\\\/\\\/secure.gravatar.com\\\/avatar\\\/3a8de04a2656d44082be478bd6c086daa447c4651605818287b9532d3d0bd435?s=96&d=mm&r=g\",\"caption\":\"Lo viste en Los Pol\u00edticos\"},\"url\":\"https:\\\/\\\/lospoliticosveracruz.com\\\/?author=2\"}]}<\/script>\n<!-- \/ Yoast SEO plugin. -->","yoast_head_json":{"title":"EL PRESUPUESTO ES DEL PUEBLO, NO DE LA ALCALDESA! - Los pol\u00edticos Veracruz","robots":{"index":"index","follow":"follow","max-snippet":"max-snippet:-1","max-image-preview":"max-image-preview:large","max-video-preview":"max-video-preview:-1"},"canonical":"https:\/\/lospoliticosveracruz.com\/?p=156117","og_locale":"es_ES","og_type":"article","og_title":"EL PRESUPUESTO ES DEL PUEBLO, NO DE LA ALCALDESA! - Los pol\u00edticos Veracruz","og_description":"Veracruz: A pocas semanas de iniciar su gesti\u00f3n y ante las preocupantes revelaciones sobre el estado financiero del Ayuntamiento de Veracruz, la alcaldesa electa Rosa Mar\u00eda Hern\u00e1ndez Espejo advirti\u00f3 que el presupuesto pertenece al pueblo y no a la presidenta municipal en turno, y que su deber ser\u00e1 protegerlo y garantizar su uso transparente. En [&hellip;]","og_url":"https:\/\/lospoliticosveracruz.com\/?p=156117","og_site_name":"Los pol\u00edticos Veracruz","article_publisher":"https:\/\/www.facebook.com\/people\/Notimemes-de-los-Polticos\/61565672886568\/","article_published_time":"2025-11-07T22:07:21+00:00","article_modified_time":"2025-11-07T22:07:33+00:00","og_image":[{"width":600,"height":320,"url":"https:\/\/lospoliticosveracruz.com\/wp-content\/uploads\/2025\/11\/Rosa-Maria-Hernandez-Espejo-1.jpeg","type":"image\/jpeg"}],"author":"Lo viste en Los Pol\u00edticos","twitter_card":"summary_large_image","twitter_creator":"@LosPoliticosVer","twitter_site":"@LosPoliticosVer","twitter_misc":{"Escrito por":"Lo viste en Los Pol\u00edticos","Tiempo de lectura":"2 minutos"},"schema":{"@context":"https:\/\/schema.org","@graph":[{"@type":"Article","@id":"https:\/\/lospoliticosveracruz.com\/?p=156117#article","isPartOf":{"@id":"https:\/\/lospoliticosveracruz.com\/?p=156117"},"author":{"name":"Lo viste en Los Pol\u00edticos","@id":"https:\/\/lospoliticosveracruz.com\/#\/schema\/person\/b8702bb0e538456e6efd07080bf2a4a2"},"headline":"EL PRESUPUESTO ES DEL PUEBLO, NO DE LA ALCALDESA!","datePublished":"2025-11-07T22:07:21+00:00","dateModified":"2025-11-07T22:07:33+00:00","mainEntityOfPage":{"@id":"https:\/\/lospoliticosveracruz.com\/?p=156117"},"wordCount":318,"publisher":{"@id":"https:\/\/lospoliticosveracruz.com\/#organization"},"image":{"@id":"https:\/\/lospoliticosveracruz.com\/?p=156117#primaryimage"},"thumbnailUrl":"https:\/\/lospoliticosveracruz.com\/wp-content\/uploads\/2025\/11\/Rosa-Maria-Hernandez-Espejo-1.jpeg","keywords":["ORFIS entrega\u2013recepci\u00f3n","Patricia Lobeira Rodr\u00edguez","presupuesto municipal Veracruz","Rosa Mar\u00eda Hern\u00e1ndez Espejo"],"articleSection":["De Boleto"],"inLanguage":"es"},{"@type":"WebPage","@id":"https:\/\/lospoliticosveracruz.com\/?p=156117","url":"https:\/\/lospoliticosveracruz.com\/?p=156117","name":"EL PRESUPUESTO ES DEL PUEBLO, NO DE LA ALCALDESA! - Los pol\u00edticos Veracruz","isPartOf":{"@id":"https:\/\/lospoliticosveracruz.com\/#website"},"primaryImageOfPage":{"@id":"https:\/\/lospoliticosveracruz.com\/?p=156117#primaryimage"},"image":{"@id":"https:\/\/lospoliticosveracruz.com\/?p=156117#primaryimage"},"thumbnailUrl":"https:\/\/lospoliticosveracruz.com\/wp-content\/uploads\/2025\/11\/Rosa-Maria-Hernandez-Espejo-1.jpeg","datePublished":"2025-11-07T22:07:21+00:00","dateModified":"2025-11-07T22:07:33+00:00","breadcrumb":{"@id":"https:\/\/lospoliticosveracruz.com\/?p=156117#breadcrumb"},"inLanguage":"es","potentialAction":[{"@type":"ReadAction","target":["https:\/\/lospoliticosveracruz.com\/?p=156117"]}]},{"@type":"ImageObject","inLanguage":"es","@id":"https:\/\/lospoliticosveracruz.com\/?p=156117#primaryimage","url":"https:\/\/lospoliticosveracruz.com\/wp-content\/uploads\/2025\/11\/Rosa-Maria-Hernandez-Espejo-1.jpeg","contentUrl":"https:\/\/lospoliticosveracruz.com\/wp-content\/uploads\/2025\/11\/Rosa-Maria-Hernandez-Espejo-1.jpeg","width":600,"height":320},{"@type":"BreadcrumbList","@id":"https:\/\/lospoliticosveracruz.com\/?p=156117#breadcrumb","itemListElement":[{"@type":"ListItem","position":1,"name":"Portada","item":"https:\/\/lospoliticosveracruz.com\/"},{"@type":"ListItem","position":2,"name":"EL PRESUPUESTO ES DEL PUEBLO, NO DE LA ALCALDESA!"}]},{"@type":"WebSite","@id":"https:\/\/lospoliticosveracruz.com\/#website","url":"https:\/\/lospoliticosveracruz.com\/","name":"Los pol\u00edticos Veracruz","description":"","publisher":{"@id":"https:\/\/lospoliticosveracruz.com\/#organization"},"potentialAction":[{"@type":"SearchAction","target":{"@type":"EntryPoint","urlTemplate":"https:\/\/lospoliticosveracruz.com\/?s={search_term_string}"},"query-input":{"@type":"PropertyValueSpecification","valueRequired":true,"valueName":"search_term_string"}}],"inLanguage":"es"},{"@type":"Organization","@id":"https:\/\/lospoliticosveracruz.com\/#organization","name":"Los pol\u00edticos Veracruz","url":"https:\/\/lospoliticosveracruz.com\/","logo":{"@type":"ImageObject","inLanguage":"es","@id":"https:\/\/lospoliticosveracruz.com\/#\/schema\/logo\/image\/","url":"https:\/\/lospoliticosveracruz.com\/wp-content\/uploads\/2025\/12\/Logo-Nuevo-LOS-POLITICOS-1.jpg","contentUrl":"https:\/\/lospoliticosveracruz.com\/wp-content\/uploads\/2025\/12\/Logo-Nuevo-LOS-POLITICOS-1.jpg","width":260,"height":70,"caption":"Los pol\u00edticos Veracruz"},"image":{"@id":"https:\/\/lospoliticosveracruz.com\/#\/schema\/logo\/image\/"},"sameAs":["https:\/\/www.facebook.com\/people\/Notimemes-de-los-Polticos\/61565672886568\/","https:\/\/x.com\/LosPoliticosVer"]},{"@type":"Person","@id":"https:\/\/lospoliticosveracruz.com\/#\/schema\/person\/b8702bb0e538456e6efd07080bf2a4a2","name":"Lo viste en Los Pol\u00edticos","image":{"@type":"ImageObject","inLanguage":"es","@id":"https:\/\/secure.gravatar.com\/avatar\/3a8de04a2656d44082be478bd6c086daa447c4651605818287b9532d3d0bd435?s=96&d=mm&r=g","url":"https:\/\/secure.gravatar.com\/avatar\/3a8de04a2656d44082be478bd6c086daa447c4651605818287b9532d3d0bd435?s=96&d=mm&r=g","contentUrl":"https:\/\/secure.gravatar.com\/avatar\/3a8de04a2656d44082be478bd6c086daa447c4651605818287b9532d3d0bd435?s=96&d=mm&r=g","caption":"Lo viste en Los Pol\u00edticos"},"url":"https:\/\/lospoliticosveracruz.com\/?author=2"}]}},"_links":{"self":[{"href":"https:\/\/lospoliticosveracruz.com\/index.php?rest_route=\/wp\/v2\/posts\/156117","targetHints":{"allow":["GET"]}}],"collection":[{"href":"https:\/\/lospoliticosveracruz.com\/index.php?rest_route=\/wp\/v2\/posts"}],"about":[{"href":"https:\/\/lospoliticosveracruz.com\/index.php?rest_route=\/wp\/v2\/types\/post"}],"author":[{"embeddable":true,"href":"https:\/\/lospoliticosveracruz.com\/index.php?rest_route=\/wp\/v2\/users\/2"}],"replies":[{"embeddable":true,"href":"https:\/\/lospoliticosveracruz.com\/index.php?rest_route=%2Fwp%2Fv2%2Fcomments&post=156117"}],"version-history":[{"count":1,"href":"https:\/\/lospoliticosveracruz.com\/index.php?rest_route=\/wp\/v2\/posts\/156117\/revisions"}],"predecessor-version":[{"id":156123,"href":"https:\/\/lospoliticosveracruz.com\/index.php?rest_route=\/wp\/v2\/posts\/156117\/revisions\/156123"}],"wp:featuredmedia":[{"embeddable":true,"href":"https:\/\/lospoliticosveracruz.com\/index.php?rest_route=\/wp\/v2\/media\/156122"}],"wp:attachment":[{"href":"https:\/\/lospoliticosveracruz.com\/index.php?rest_route=%2Fwp%2Fv2%2Fmedia&parent=156117"}],"wp:term":[{"taxonomy":"category","embeddable":true,"href":"https:\/\/lospoliticosveracruz.com\/index.php?rest_route=%2Fwp%2Fv2%2Fcategories&post=156117"},{"taxonomy":"post_tag","embeddable":true,"href":"https:\/\/lospoliticosveracruz.com\/index.php?rest_route=%2Fwp%2Fv2%2Ftags&post=156117"}],"curies":[{"name":"wp","href":"https:\/\/api.w.org\/{rel}","templated":true}]}}