{"id":156175,"date":"2025-11-10T07:15:03","date_gmt":"2025-11-10T13:15:03","guid":{"rendered":"https:\/\/lospoliticosveracruz.com.mx\/?p=156175"},"modified":"2025-11-10T07:15:32","modified_gmt":"2025-11-10T13:15:32","slug":"xalapa-cabildo-plural","status":"publish","type":"post","link":"https:\/\/lospoliticosveracruz.com\/?p=156175","title":{"rendered":"XALAPA, CABILDO PLURAL"},"content":{"rendered":"\n<p><strong>Omar Z\u00fa\u00f1iga<\/strong><\/p>\n\n\n\n<p><em>De Primera Mano<\/em><\/p>\n\n\n\n<p>La pelea por la regidur\u00edas dentro de los ayuntamientos que tomar\u00e1n protesta el 1 de enero pr\u00f3ximo ha llegado a puntos cr\u00edticos.<\/p>\n\n\n\n\n\n<p>Por alguna acci\u00f3n afirmativa, sobrerrepresentaci\u00f3n, o por paridad de g\u00e9nero.<\/p>\n\n\n\n<p>El reparto de la regidur\u00edas m\u00e1s o menos se hab\u00eda perfilado de acuerdo&nbsp;a&nbsp;la&nbsp;votaci\u00f3n, en diferentes an\u00e1lisis.<\/p>\n\n\n\n<p>De hecho en este espacio se adelant\u00f3 algo al respecto, al menos en Xalapa&nbsp;(de hecho, acertamos).<\/p>\n\n\n\n<p>Pues resulta que la semana empieza movidita, pues&nbsp;este d\u00eda, lunes 10 de noviembre&nbsp;el OPLE Veracruz convoc\u00f3 a una sesi\u00f3n extraordinaria para precisamente empezar con la repartici\u00f3n de las regidur\u00edas, a las 19:00 horas en la sede de Xalapa.<\/p>\n\n\n\n<p>De entrada, como le mencionamos l\u00edneas arriba, por asunto de equidad, se reasignaron regidur\u00edas en cinco municipios:&nbsp;<strong>Atoyac<\/strong>,&nbsp;<strong>Chocam\u00e1n<\/strong>,&nbsp;<strong>Jamapa<\/strong>,&nbsp;<strong>Nanchital<\/strong>&nbsp;y&nbsp;<strong>Tancoco<\/strong>.<\/p>\n\n\n\n<p>*****<\/p>\n\n\n\n<p>En Xalapa, si no ocurre nada extraordinario, Morena se quedar\u00e1 con cinco, MC con cuatro, PRI con dos y PAN y PVEM uno cada partido. En total 13. El PT qued\u00f3 fuera.<\/p>\n\n\n\n<p>Los que andaban de pl\u00e1cemes pensando que llegar\u00edan, les cay\u00f3 encima una dosis de realidad.<\/p>\n\n\n\n<p><strong>MORENA<\/strong><\/p>\n\n\n\n<p>Regidur\u00eda 1&nbsp;<strong>Diana Julieta Aguilar Ortega<\/strong><strong>.<\/strong><\/p>\n\n\n\n<p>Regidur\u00eda 2&nbsp;<strong>Axel Fern\u00e1ndez Cambambia<\/strong><strong>.<\/strong><\/p>\n\n\n\n<p>Regidur\u00eda 3&nbsp;<strong>Susan Liliana Morales Segura<\/strong><strong>.<\/strong><\/p>\n\n\n\n<p>Regidur\u00eda 4&nbsp;<strong>Alfonso Osegueda Cruz<\/strong><strong>.<\/strong><\/p>\n\n\n\n<p>Regidur\u00eda 5&nbsp;<strong>Raquel Rosal\u00eda Casta\u00f1eda Gonz\u00e1lez<\/strong><strong>.<\/strong><\/p>\n\n\n\n<p><strong>MC<\/strong><\/p>\n\n\n\n<p>Regidur\u00eda 6&nbsp;<strong>Hilda Elvia Aguilar Arroyo<\/strong><strong>.<\/strong><\/p>\n\n\n\n<p>Regidur\u00eda 7&nbsp;<strong>Diego Moreno Mart\u00ednez<\/strong><strong>.<\/strong><\/p>\n\n\n\n<p>Regidur\u00eda 8&nbsp;<strong>Clarissa Monserrat L\u00f3pez Morales<\/strong><strong>.<\/strong><\/p>\n\n\n\n<p>Regidur\u00eda 9&nbsp;<strong>Joaqu\u00edn Alejandro Cano Hern\u00e1ndez<\/strong><strong>.<\/strong><\/p>\n\n\n\n<p><strong>PRI&nbsp;<\/strong><\/p>\n\n\n\n<p>Regidur\u00eda 10&nbsp;<strong>M\u00f3nica Mendoza Madrigal<\/strong><strong>.<\/strong><\/p>\n\n\n\n<p>Regidur\u00eda 11&nbsp;<strong>Dalos Ulises Rodr\u00edguez Vargas<\/strong><strong>.<\/strong><\/p>\n\n\n\n<p><strong>PAN<\/strong><\/p>\n\n\n\n<p>Regidur\u00eda 12&nbsp;<strong>Flor de Mar\u00eda Mendoza Mu\u00f1iz<\/strong><strong>.<\/strong><\/p>\n\n\n\n<p><strong>PVEM<\/strong><\/p>\n\n\n\n<p>Regidur\u00eda 13&nbsp;<strong>Priscila Nataly Labastida Vega<\/strong><strong>.<\/strong><\/p>\n\n\n\n<p>La alcaldesa electa, la morenista&nbsp;<strong>Daniela Griego<\/strong>, tiene fama de tener mano de metate, dura, sin embargo con este cabildo, deber\u00e1 negociar con todas las ganas de querer hacerlo, pues de los 15 ediles, incluidos alcaldesa y s\u00edndico, tendr\u00e1 al menos 7 en contra, es decir, siempre al filo de la navaja para sacar acuerdos.<\/p>\n\n\n\n<p>Hay que destacar que tanto&nbsp;<strong>M\u00f3nica Mendoza<\/strong>&nbsp;como&nbsp;<strong>Dalos Ulises Vargas<\/strong>, son ambos un par de&nbsp;<em>machuchones<\/em>, como dijo el \u00ednclito y Daniela no la va a tener para nada f\u00e1cil.<\/p>\n\n\n\n<p>Insisto siempre al filo de la navaja, eso, si no hace enojar a sus regidores aliados, en ese caso, tendr\u00e1 serios problemas.&nbsp;<\/p>\n\n\n\n<p>Daniela no tendr\u00e1 el cabildo que tuvo&nbsp;<strong>Ricardo Ahued<\/strong>, que arras\u00f3 en la elecci\u00f3n y que adem\u00e1s sab\u00eda negociar y es conciliador.<\/p>\n\n\n\n<p>*****<\/p>\n\n\n\n<p>En&nbsp;<strong>Coatepec<\/strong>, la cosa pinta diferente, pues de 8 regidores, cuatro son de MORENA, dos de MC, uno el PAN y uno el PRI y el joven morenista alcalde electo&nbsp;<strong>Nacho Luna<\/strong>&nbsp;no deber\u00e1 tener problema.<\/p>\n\n\n\n<p><strong>MORENA<\/strong><\/p>\n\n\n\n<p>Regidur\u00eda 1&nbsp;<strong>Susana Hern\u00e1ndez Carmona<\/strong>.<\/p>\n\n\n\n<p>Regidur\u00eda 2&nbsp;<strong>Eliseo Cortina Dom\u00ednguez<\/strong>.<\/p>\n\n\n\n<p>Regidur\u00eda 3&nbsp;<strong>Virginia Garc\u00eda Mart\u00ednez<\/strong>.<\/p>\n\n\n\n<p>Regidur\u00eda 7&nbsp;<strong>Edgar Manuel D<\/strong><strong>\u00ed<\/strong><strong>az Quiroz<\/strong>.<\/p>\n\n\n\n<p><strong>MC<\/strong><\/p>\n\n\n\n<p>Regidur\u00eda 4&nbsp;<strong>Vianey Guadalupe Arg\u00fcelles Nava<\/strong><strong>.<\/strong><\/p>\n\n\n\n<p>Regidur\u00eda 5&nbsp;<strong>Andr\u00e9s Cuevas Melo<\/strong>.<\/p>\n\n\n\n<p><strong>PAN<\/strong><\/p>\n\n\n\n<p>Regidur\u00eda 6&nbsp;<strong>Adaliz Colorado Lozada<\/strong><strong>.<\/strong><\/p>\n\n\n\n<p><strong>PRI<\/strong><\/p>\n\n\n\n<p>Regidur\u00eda 8&nbsp;<strong>Margarita Edith Garrido Medrano<\/strong><strong>.<\/strong><\/p>\n\n\n\n<p>*****<\/p>\n\n\n\n<p>En el conurbado municipio de&nbsp;Emiliano Zapata, el alcalde electo el morenista&nbsp;<strong>Daniel Baizabal<\/strong>&nbsp;puede verse en aprietos, pues con cinco regidur\u00edas al Cabildo, s\u00f3lo dos son de MORENA, dos para MC y una al PAN.<\/p>\n\n\n\n<p>Sin embargo, aqu\u00ed la experiencia de&nbsp;<strong>Renato Alarc\u00f3n<\/strong>, deber\u00e1 ser aprovechada al m\u00e1ximo por el alcalde, para sacar los acuerdos necesarios para el buen desarrollo del Ayuntamiento.<\/p>\n\n\n\n<p><strong>MORENA&nbsp;<\/strong><\/p>\n\n\n\n<p>Regidur\u00eda 1&nbsp;<strong>Alma Nallely Ruiz Maldonado<\/strong>.<\/p>\n\n\n\n<p>Regidur\u00eda 3&nbsp;<strong>Renato Alarc\u00f3n Guevara<\/strong>.<\/p>\n\n\n\n<p><strong>MC<\/strong><\/p>\n\n\n\n<p>Regidur\u00eda 2&nbsp;<strong>Mireya P\u00e9rez Jim\u00e9nez<\/strong>.<\/p>\n\n\n\n<p>Regidur\u00eda 5&nbsp;<strong>Gaspar Campos S\u00e1nchez<\/strong>.<\/p>\n\n\n\n<p><strong>PAN&nbsp;<\/strong><\/p>\n\n\n\n<p>Regidur\u00eda 4&nbsp;<strong>Austreberta Santamar\u00eda Rivera<\/strong><strong>.<\/strong><\/p>\n\n\n\n<p>*****<\/p>\n\n\n\n<p>En Poza Rica toda la habilidad pol\u00edtica de&nbsp;<strong>Adanely Rodr\u00edguez<\/strong>&nbsp;y el equipo que la acompa\u00f1e deber\u00e1 salir a flote desde el primer momento&nbsp;y trabajar con sus aliados del PT, pues los ediles, sobre todo de MC, saldr\u00e1n con todo contra ella, aunque el fiel de la balanza puede ser&nbsp;<strong>Carlos Barrios<\/strong>, gente del diputado federal&nbsp;y delegado nacional naranja en Veracruz&nbsp;<strong>Sergio Gil<\/strong>,&nbsp;que si bien no&nbsp;se deja de nadie, tampoco le gusta la confrontaci\u00f3n por s\u00ed misma, por el contrario, gusta de la negociaci\u00f3n.<\/p>\n\n\n\n<p><strong>Adanely<\/strong>&nbsp;seguro lo logra, si pudo sacar adelante la elecci\u00f3n&#8230;<\/p>\n\n\n\n<p>Aqu\u00ed, de 12 regidores, MORENA, MC y PAN,&nbsp;tienentres cada uno, el PT dos y PRI, uno.<\/p>\n\n\n\n<p><strong>MORENA&nbsp;<\/strong><\/p>\n\n\n\n<p>Regidur\u00eda 7&nbsp;<strong>Mar\u00eda Guadalupe Bello Trejo<\/strong>.<\/p>\n\n\n\n<p>Regidur\u00eda 8&nbsp;<strong>David Sidez Cupil<\/strong>.<\/p>\n\n\n\n<p>Regidur\u00eda 9&nbsp;<strong>M\u00e9rida Mar Dom\u00ednguez<\/strong>.<\/p>\n\n\n\n<p>MC<\/p>\n\n\n\n<p>Regidur\u00eda 1&nbsp;<strong>Roc\u00edo Edith Gonz\u00e1lez M\u00e1rquez<\/strong>.<\/p>\n\n\n\n<p>Regidur\u00eda 2&nbsp;<strong>Carlos Eugenio Barrios Rosales<\/strong>.<\/p>\n\n\n\n<p>Regidur\u00eda 3&nbsp;<strong>Mireya Abigail Ochoa Mar<\/strong>.<\/p>\n\n\n\n<p>PAN<\/p>\n\n\n\n<p>Regidur\u00eda 4&nbsp;<strong>Linaloe San Rom\u00e1n Mar<\/strong>.<\/p>\n\n\n\n<p>Regidur\u00eda 5&nbsp;<strong>Juan Francisco Saucedo Betancourt<\/strong>.<\/p>\n\n\n\n<p>Regidur\u00eda 6&nbsp;<strong>Yuliet Vannessa Gallardo Mart\u00ednez<\/strong>.<\/p>\n\n\n\n<p>PT<\/p>\n\n\n\n<p>Regidur\u00eda 10&nbsp;<strong>H\u00e9ctor \u00c1ngel Mart\u00ednez Probo<\/strong>.<\/p>\n\n\n\n<p>Regidur\u00eda 12&nbsp;<strong>Gabriela Palacios Peralta<\/strong>.<\/p>\n\n\n\n<p>PRI<\/p>\n\n\n\n<p>Regidur\u00eda 11&nbsp;<strong>Blanca Mariana de la Cruz Espino<\/strong>.<\/p>\n\n\n\n<p>En total saldr\u00e1n los ediles de 96 municipios&nbsp;que tienen&nbsp;dos regidores o m\u00e1s, donde los c\u00f3mputos est\u00e1n firmes, despu\u00e9s ya se ver\u00e1\u2026<\/p>\n\n\n\n<p>\u00a1Qu\u00e9 barbaridad!<\/p>\n\n\n\n<p>deprimera.mano2020@gmail.com<\/p>\n","protected":false},"excerpt":{"rendered":"<p>Omar Z\u00fa\u00f1iga De Primera Mano La pelea por la regidur\u00edas dentro de los ayuntamientos que tomar\u00e1n protesta el 1 de enero pr\u00f3ximo ha llegado a puntos cr\u00edticos. Por alguna acci\u00f3n afirmativa, sobrerrepresentaci\u00f3n, o por paridad de g\u00e9nero. El reparto de la regidur\u00edas m\u00e1s o menos se hab\u00eda perfilado de acuerdo&nbsp;a&nbsp;la&nbsp;votaci\u00f3n, en diferentes an\u00e1lisis. De hecho [&hellip;]<\/p>\n","protected":false},"author":2,"featured_media":141427,"comment_status":"closed","ping_status":"closed","sticky":false,"template":"","format":"standard","meta":{"tdm_status":"","tdm_grid_status":"","footnotes":""},"categories":[70],"tags":[12446,96],"class_list":{"0":"post-156175","1":"post","2":"type-post","3":"status-publish","4":"format-standard","5":"has-post-thumbnail","7":"category-de-opinion","8":"tag-ople-veracruz","9":"tag-xalapa"},"yoast_head":"<!-- This site is optimized with the Yoast SEO plugin v27.4 - https:\/\/yoast.com\/product\/yoast-seo-wordpress\/ -->\n<title>XALAPA, CABILDO PLURAL - Los pol\u00edticos Veracruz<\/title>\n<meta name=\"robots\" content=\"index, follow, max-snippet:-1, max-image-preview:large, max-video-preview:-1\" \/>\n<link rel=\"canonical\" href=\"https:\/\/lospoliticosveracruz.com\/?p=156175\" \/>\n<meta property=\"og:locale\" content=\"es_ES\" \/>\n<meta property=\"og:type\" content=\"article\" \/>\n<meta property=\"og:title\" content=\"XALAPA, CABILDO PLURAL - Los pol\u00edticos Veracruz\" \/>\n<meta property=\"og:description\" content=\"Omar Z\u00fa\u00f1iga De Primera Mano La pelea por la regidur\u00edas dentro de los ayuntamientos que tomar\u00e1n protesta el 1 de enero pr\u00f3ximo ha llegado a puntos cr\u00edticos. Por alguna acci\u00f3n afirmativa, sobrerrepresentaci\u00f3n, o por paridad de g\u00e9nero. El reparto de la regidur\u00edas m\u00e1s o menos se hab\u00eda perfilado de acuerdo&nbsp;a&nbsp;la&nbsp;votaci\u00f3n, en diferentes an\u00e1lisis. De hecho [&hellip;]\" \/>\n<meta property=\"og:url\" content=\"https:\/\/lospoliticosveracruz.com\/?p=156175\" \/>\n<meta property=\"og:site_name\" content=\"Los pol\u00edticos Veracruz\" \/>\n<meta property=\"article:publisher\" content=\"https:\/\/www.facebook.com\/people\/Notimemes-de-los-Polticos\/61565672886568\/\" \/>\n<meta property=\"article:published_time\" content=\"2025-11-10T13:15:03+00:00\" \/>\n<meta property=\"article:modified_time\" content=\"2025-11-10T13:15:32+00:00\" \/>\n<meta property=\"og:image\" content=\"https:\/\/lospoliticosveracruz.com\/wp-content\/uploads\/2025\/04\/Omar-Zuniga.jpg\" \/>\n\t<meta property=\"og:image:width\" content=\"1250\" \/>\n\t<meta property=\"og:image:height\" content=\"667\" \/>\n\t<meta property=\"og:image:type\" content=\"image\/jpeg\" \/>\n<meta name=\"author\" content=\"Lo viste en Los Pol\u00edticos\" \/>\n<meta name=\"twitter:card\" content=\"summary_large_image\" \/>\n<meta name=\"twitter:creator\" content=\"@LosPoliticosVer\" \/>\n<meta name=\"twitter:site\" content=\"@LosPoliticosVer\" \/>\n<meta name=\"twitter:label1\" content=\"Escrito por\" \/>\n\t<meta name=\"twitter:data1\" content=\"Lo viste en Los Pol\u00edticos\" \/>\n\t<meta name=\"twitter:label2\" content=\"Tiempo de lectura\" \/>\n\t<meta name=\"twitter:data2\" content=\"5 minutos\" \/>\n<script type=\"application\/ld+json\" class=\"yoast-schema-graph\">{\"@context\":\"https:\\\/\\\/schema.org\",\"@graph\":[{\"@type\":\"Article\",\"@id\":\"https:\\\/\\\/lospoliticosveracruz.com\\\/?p=156175#article\",\"isPartOf\":{\"@id\":\"https:\\\/\\\/lospoliticosveracruz.com\\\/?p=156175\"},\"author\":{\"name\":\"Lo viste en Los Pol\u00edticos\",\"@id\":\"https:\\\/\\\/lospoliticosveracruz.com\\\/#\\\/schema\\\/person\\\/b8702bb0e538456e6efd07080bf2a4a2\"},\"headline\":\"XALAPA, CABILDO PLURAL\",\"datePublished\":\"2025-11-10T13:15:03+00:00\",\"dateModified\":\"2025-11-10T13:15:32+00:00\",\"mainEntityOfPage\":{\"@id\":\"https:\\\/\\\/lospoliticosveracruz.com\\\/?p=156175\"},\"wordCount\":940,\"publisher\":{\"@id\":\"https:\\\/\\\/lospoliticosveracruz.com\\\/#organization\"},\"image\":{\"@id\":\"https:\\\/\\\/lospoliticosveracruz.com\\\/?p=156175#primaryimage\"},\"thumbnailUrl\":\"https:\\\/\\\/lospoliticosveracruz.com\\\/wp-content\\\/uploads\\\/2025\\\/04\\\/Omar-Zuniga.jpg\",\"keywords\":[\"OPLE Veracruz\",\"Xalapa\"],\"articleSection\":[\"De Opini\u00f3n\"],\"inLanguage\":\"es\"},{\"@type\":\"WebPage\",\"@id\":\"https:\\\/\\\/lospoliticosveracruz.com\\\/?p=156175\",\"url\":\"https:\\\/\\\/lospoliticosveracruz.com\\\/?p=156175\",\"name\":\"XALAPA, CABILDO PLURAL - Los pol\u00edticos Veracruz\",\"isPartOf\":{\"@id\":\"https:\\\/\\\/lospoliticosveracruz.com\\\/#website\"},\"primaryImageOfPage\":{\"@id\":\"https:\\\/\\\/lospoliticosveracruz.com\\\/?p=156175#primaryimage\"},\"image\":{\"@id\":\"https:\\\/\\\/lospoliticosveracruz.com\\\/?p=156175#primaryimage\"},\"thumbnailUrl\":\"https:\\\/\\\/lospoliticosveracruz.com\\\/wp-content\\\/uploads\\\/2025\\\/04\\\/Omar-Zuniga.jpg\",\"datePublished\":\"2025-11-10T13:15:03+00:00\",\"dateModified\":\"2025-11-10T13:15:32+00:00\",\"breadcrumb\":{\"@id\":\"https:\\\/\\\/lospoliticosveracruz.com\\\/?p=156175#breadcrumb\"},\"inLanguage\":\"es\",\"potentialAction\":[{\"@type\":\"ReadAction\",\"target\":[\"https:\\\/\\\/lospoliticosveracruz.com\\\/?p=156175\"]}]},{\"@type\":\"ImageObject\",\"inLanguage\":\"es\",\"@id\":\"https:\\\/\\\/lospoliticosveracruz.com\\\/?p=156175#primaryimage\",\"url\":\"https:\\\/\\\/lospoliticosveracruz.com\\\/wp-content\\\/uploads\\\/2025\\\/04\\\/Omar-Zuniga.jpg\",\"contentUrl\":\"https:\\\/\\\/lospoliticosveracruz.com\\\/wp-content\\\/uploads\\\/2025\\\/04\\\/Omar-Zuniga.jpg\",\"width\":1250,\"height\":667},{\"@type\":\"BreadcrumbList\",\"@id\":\"https:\\\/\\\/lospoliticosveracruz.com\\\/?p=156175#breadcrumb\",\"itemListElement\":[{\"@type\":\"ListItem\",\"position\":1,\"name\":\"Portada\",\"item\":\"https:\\\/\\\/lospoliticosveracruz.com\\\/\"},{\"@type\":\"ListItem\",\"position\":2,\"name\":\"XALAPA, CABILDO PLURAL\"}]},{\"@type\":\"WebSite\",\"@id\":\"https:\\\/\\\/lospoliticosveracruz.com\\\/#website\",\"url\":\"https:\\\/\\\/lospoliticosveracruz.com\\\/\",\"name\":\"Los pol\u00edticos Veracruz\",\"description\":\"\",\"publisher\":{\"@id\":\"https:\\\/\\\/lospoliticosveracruz.com\\\/#organization\"},\"potentialAction\":[{\"@type\":\"SearchAction\",\"target\":{\"@type\":\"EntryPoint\",\"urlTemplate\":\"https:\\\/\\\/lospoliticosveracruz.com\\\/?s={search_term_string}\"},\"query-input\":{\"@type\":\"PropertyValueSpecification\",\"valueRequired\":true,\"valueName\":\"search_term_string\"}}],\"inLanguage\":\"es\"},{\"@type\":\"Organization\",\"@id\":\"https:\\\/\\\/lospoliticosveracruz.com\\\/#organization\",\"name\":\"Los pol\u00edticos Veracruz\",\"url\":\"https:\\\/\\\/lospoliticosveracruz.com\\\/\",\"logo\":{\"@type\":\"ImageObject\",\"inLanguage\":\"es\",\"@id\":\"https:\\\/\\\/lospoliticosveracruz.com\\\/#\\\/schema\\\/logo\\\/image\\\/\",\"url\":\"https:\\\/\\\/lospoliticosveracruz.com\\\/wp-content\\\/uploads\\\/2025\\\/12\\\/Logo-Nuevo-LOS-POLITICOS-1.jpg\",\"contentUrl\":\"https:\\\/\\\/lospoliticosveracruz.com\\\/wp-content\\\/uploads\\\/2025\\\/12\\\/Logo-Nuevo-LOS-POLITICOS-1.jpg\",\"width\":260,\"height\":70,\"caption\":\"Los pol\u00edticos Veracruz\"},\"image\":{\"@id\":\"https:\\\/\\\/lospoliticosveracruz.com\\\/#\\\/schema\\\/logo\\\/image\\\/\"},\"sameAs\":[\"https:\\\/\\\/www.facebook.com\\\/people\\\/Notimemes-de-los-Polticos\\\/61565672886568\\\/\",\"https:\\\/\\\/x.com\\\/LosPoliticosVer\"]},{\"@type\":\"Person\",\"@id\":\"https:\\\/\\\/lospoliticosveracruz.com\\\/#\\\/schema\\\/person\\\/b8702bb0e538456e6efd07080bf2a4a2\",\"name\":\"Lo viste en Los Pol\u00edticos\",\"image\":{\"@type\":\"ImageObject\",\"inLanguage\":\"es\",\"@id\":\"https:\\\/\\\/secure.gravatar.com\\\/avatar\\\/3a8de04a2656d44082be478bd6c086daa447c4651605818287b9532d3d0bd435?s=96&d=mm&r=g\",\"url\":\"https:\\\/\\\/secure.gravatar.com\\\/avatar\\\/3a8de04a2656d44082be478bd6c086daa447c4651605818287b9532d3d0bd435?s=96&d=mm&r=g\",\"contentUrl\":\"https:\\\/\\\/secure.gravatar.com\\\/avatar\\\/3a8de04a2656d44082be478bd6c086daa447c4651605818287b9532d3d0bd435?s=96&d=mm&r=g\",\"caption\":\"Lo viste en Los Pol\u00edticos\"},\"url\":\"https:\\\/\\\/lospoliticosveracruz.com\\\/?author=2\"}]}<\/script>\n<!-- \/ Yoast SEO plugin. -->","yoast_head_json":{"title":"XALAPA, CABILDO PLURAL - Los pol\u00edticos Veracruz","robots":{"index":"index","follow":"follow","max-snippet":"max-snippet:-1","max-image-preview":"max-image-preview:large","max-video-preview":"max-video-preview:-1"},"canonical":"https:\/\/lospoliticosveracruz.com\/?p=156175","og_locale":"es_ES","og_type":"article","og_title":"XALAPA, CABILDO PLURAL - Los pol\u00edticos Veracruz","og_description":"Omar Z\u00fa\u00f1iga De Primera Mano La pelea por la regidur\u00edas dentro de los ayuntamientos que tomar\u00e1n protesta el 1 de enero pr\u00f3ximo ha llegado a puntos cr\u00edticos. Por alguna acci\u00f3n afirmativa, sobrerrepresentaci\u00f3n, o por paridad de g\u00e9nero. El reparto de la regidur\u00edas m\u00e1s o menos se hab\u00eda perfilado de acuerdo&nbsp;a&nbsp;la&nbsp;votaci\u00f3n, en diferentes an\u00e1lisis. De hecho [&hellip;]","og_url":"https:\/\/lospoliticosveracruz.com\/?p=156175","og_site_name":"Los pol\u00edticos Veracruz","article_publisher":"https:\/\/www.facebook.com\/people\/Notimemes-de-los-Polticos\/61565672886568\/","article_published_time":"2025-11-10T13:15:03+00:00","article_modified_time":"2025-11-10T13:15:32+00:00","og_image":[{"width":1250,"height":667,"url":"https:\/\/lospoliticosveracruz.com\/wp-content\/uploads\/2025\/04\/Omar-Zuniga.jpg","type":"image\/jpeg"}],"author":"Lo viste en Los Pol\u00edticos","twitter_card":"summary_large_image","twitter_creator":"@LosPoliticosVer","twitter_site":"@LosPoliticosVer","twitter_misc":{"Escrito por":"Lo viste en Los Pol\u00edticos","Tiempo de lectura":"5 minutos"},"schema":{"@context":"https:\/\/schema.org","@graph":[{"@type":"Article","@id":"https:\/\/lospoliticosveracruz.com\/?p=156175#article","isPartOf":{"@id":"https:\/\/lospoliticosveracruz.com\/?p=156175"},"author":{"name":"Lo viste en Los Pol\u00edticos","@id":"https:\/\/lospoliticosveracruz.com\/#\/schema\/person\/b8702bb0e538456e6efd07080bf2a4a2"},"headline":"XALAPA, CABILDO PLURAL","datePublished":"2025-11-10T13:15:03+00:00","dateModified":"2025-11-10T13:15:32+00:00","mainEntityOfPage":{"@id":"https:\/\/lospoliticosveracruz.com\/?p=156175"},"wordCount":940,"publisher":{"@id":"https:\/\/lospoliticosveracruz.com\/#organization"},"image":{"@id":"https:\/\/lospoliticosveracruz.com\/?p=156175#primaryimage"},"thumbnailUrl":"https:\/\/lospoliticosveracruz.com\/wp-content\/uploads\/2025\/04\/Omar-Zuniga.jpg","keywords":["OPLE Veracruz","Xalapa"],"articleSection":["De Opini\u00f3n"],"inLanguage":"es"},{"@type":"WebPage","@id":"https:\/\/lospoliticosveracruz.com\/?p=156175","url":"https:\/\/lospoliticosveracruz.com\/?p=156175","name":"XALAPA, CABILDO PLURAL - Los pol\u00edticos Veracruz","isPartOf":{"@id":"https:\/\/lospoliticosveracruz.com\/#website"},"primaryImageOfPage":{"@id":"https:\/\/lospoliticosveracruz.com\/?p=156175#primaryimage"},"image":{"@id":"https:\/\/lospoliticosveracruz.com\/?p=156175#primaryimage"},"thumbnailUrl":"https:\/\/lospoliticosveracruz.com\/wp-content\/uploads\/2025\/04\/Omar-Zuniga.jpg","datePublished":"2025-11-10T13:15:03+00:00","dateModified":"2025-11-10T13:15:32+00:00","breadcrumb":{"@id":"https:\/\/lospoliticosveracruz.com\/?p=156175#breadcrumb"},"inLanguage":"es","potentialAction":[{"@type":"ReadAction","target":["https:\/\/lospoliticosveracruz.com\/?p=156175"]}]},{"@type":"ImageObject","inLanguage":"es","@id":"https:\/\/lospoliticosveracruz.com\/?p=156175#primaryimage","url":"https:\/\/lospoliticosveracruz.com\/wp-content\/uploads\/2025\/04\/Omar-Zuniga.jpg","contentUrl":"https:\/\/lospoliticosveracruz.com\/wp-content\/uploads\/2025\/04\/Omar-Zuniga.jpg","width":1250,"height":667},{"@type":"BreadcrumbList","@id":"https:\/\/lospoliticosveracruz.com\/?p=156175#breadcrumb","itemListElement":[{"@type":"ListItem","position":1,"name":"Portada","item":"https:\/\/lospoliticosveracruz.com\/"},{"@type":"ListItem","position":2,"name":"XALAPA, CABILDO PLURAL"}]},{"@type":"WebSite","@id":"https:\/\/lospoliticosveracruz.com\/#website","url":"https:\/\/lospoliticosveracruz.com\/","name":"Los pol\u00edticos Veracruz","description":"","publisher":{"@id":"https:\/\/lospoliticosveracruz.com\/#organization"},"potentialAction":[{"@type":"SearchAction","target":{"@type":"EntryPoint","urlTemplate":"https:\/\/lospoliticosveracruz.com\/?s={search_term_string}"},"query-input":{"@type":"PropertyValueSpecification","valueRequired":true,"valueName":"search_term_string"}}],"inLanguage":"es"},{"@type":"Organization","@id":"https:\/\/lospoliticosveracruz.com\/#organization","name":"Los pol\u00edticos Veracruz","url":"https:\/\/lospoliticosveracruz.com\/","logo":{"@type":"ImageObject","inLanguage":"es","@id":"https:\/\/lospoliticosveracruz.com\/#\/schema\/logo\/image\/","url":"https:\/\/lospoliticosveracruz.com\/wp-content\/uploads\/2025\/12\/Logo-Nuevo-LOS-POLITICOS-1.jpg","contentUrl":"https:\/\/lospoliticosveracruz.com\/wp-content\/uploads\/2025\/12\/Logo-Nuevo-LOS-POLITICOS-1.jpg","width":260,"height":70,"caption":"Los pol\u00edticos Veracruz"},"image":{"@id":"https:\/\/lospoliticosveracruz.com\/#\/schema\/logo\/image\/"},"sameAs":["https:\/\/www.facebook.com\/people\/Notimemes-de-los-Polticos\/61565672886568\/","https:\/\/x.com\/LosPoliticosVer"]},{"@type":"Person","@id":"https:\/\/lospoliticosveracruz.com\/#\/schema\/person\/b8702bb0e538456e6efd07080bf2a4a2","name":"Lo viste en Los Pol\u00edticos","image":{"@type":"ImageObject","inLanguage":"es","@id":"https:\/\/secure.gravatar.com\/avatar\/3a8de04a2656d44082be478bd6c086daa447c4651605818287b9532d3d0bd435?s=96&d=mm&r=g","url":"https:\/\/secure.gravatar.com\/avatar\/3a8de04a2656d44082be478bd6c086daa447c4651605818287b9532d3d0bd435?s=96&d=mm&r=g","contentUrl":"https:\/\/secure.gravatar.com\/avatar\/3a8de04a2656d44082be478bd6c086daa447c4651605818287b9532d3d0bd435?s=96&d=mm&r=g","caption":"Lo viste en Los Pol\u00edticos"},"url":"https:\/\/lospoliticosveracruz.com\/?author=2"}]}},"_links":{"self":[{"href":"https:\/\/lospoliticosveracruz.com\/index.php?rest_route=\/wp\/v2\/posts\/156175","targetHints":{"allow":["GET"]}}],"collection":[{"href":"https:\/\/lospoliticosveracruz.com\/index.php?rest_route=\/wp\/v2\/posts"}],"about":[{"href":"https:\/\/lospoliticosveracruz.com\/index.php?rest_route=\/wp\/v2\/types\/post"}],"author":[{"embeddable":true,"href":"https:\/\/lospoliticosveracruz.com\/index.php?rest_route=\/wp\/v2\/users\/2"}],"replies":[{"embeddable":true,"href":"https:\/\/lospoliticosveracruz.com\/index.php?rest_route=%2Fwp%2Fv2%2Fcomments&post=156175"}],"version-history":[{"count":2,"href":"https:\/\/lospoliticosveracruz.com\/index.php?rest_route=\/wp\/v2\/posts\/156175\/revisions"}],"predecessor-version":[{"id":156177,"href":"https:\/\/lospoliticosveracruz.com\/index.php?rest_route=\/wp\/v2\/posts\/156175\/revisions\/156177"}],"wp:featuredmedia":[{"embeddable":true,"href":"https:\/\/lospoliticosveracruz.com\/index.php?rest_route=\/wp\/v2\/media\/141427"}],"wp:attachment":[{"href":"https:\/\/lospoliticosveracruz.com\/index.php?rest_route=%2Fwp%2Fv2%2Fmedia&parent=156175"}],"wp:term":[{"taxonomy":"category","embeddable":true,"href":"https:\/\/lospoliticosveracruz.com\/index.php?rest_route=%2Fwp%2Fv2%2Fcategories&post=156175"},{"taxonomy":"post_tag","embeddable":true,"href":"https:\/\/lospoliticosveracruz.com\/index.php?rest_route=%2Fwp%2Fv2%2Ftags&post=156175"}],"curies":[{"name":"wp","href":"https:\/\/api.w.org\/{rel}","templated":true}]}}