{"id":156178,"date":"2025-11-10T07:25:50","date_gmt":"2025-11-10T13:25:50","guid":{"rendered":"https:\/\/lospoliticosveracruz.com.mx\/?p=156178"},"modified":"2025-11-10T07:28:07","modified_gmt":"2025-11-10T13:28:07","slug":"vania-fortaleza-verde","status":"publish","type":"post","link":"https:\/\/lospoliticosveracruz.com\/?p=156178","title":{"rendered":"VANIA, FORTALEZA VERDE"},"content":{"rendered":"\n<p><strong>Miguel Valera<\/strong><\/p>\n\n\n\n<p><em>Contrase\u00f1as<\/em><\/p>\n\n\n\n<p>La s\u00edndica del Ayuntamiento de C\u00f3rdoba,&nbsp;<strong>Vania L\u00f3pez Gonz\u00e1lez<\/strong>, destacada militante del Partido Verde Ecologista de M\u00e9xico en Veracruz, fue designada este domingo en la Asamblea Estatal que se llev\u00f3 a cabo en Puente Nacional,&nbsp;como secretaria&nbsp;de la Mujer de esta organizaci\u00f3n pol\u00edtica en la entidad veracruzana.<\/p>\n\n\n\n\n\n<p>Mujer de lucha, venida de la cultura del esfuerzo,&nbsp;ha trabajado&nbsp;en este instituto pol\u00edtico al lado del diputado federal y&nbsp;secretario&nbsp;de Organizaci\u00f3n,&nbsp;<strong>Javier Herrera Borunda<\/strong>&nbsp;y del joven&nbsp;<strong>Edgar Herrera&nbsp;<\/strong><strong>Lendechy<\/strong>,&nbsp;nuevo&nbsp;dirigente estatal del&nbsp;Partido Verde Ecologista de M\u00e9xico (PVEM)&nbsp;en Veracruz.<\/p>\n\n\n\n<p>\u201cAsumo este encargo con responsabilidad y convicci\u00f3n,&nbsp;s\u00e9&nbsp;que d\u00eda a d\u00eda debemos impulsar a m\u00e1s mujeres en diversos sectores de nuestro estado, escucharlas y acompa\u00f1arlas en cada meta\u201d, dijo lamujer que ha impulsado el fortalecimiento de los municipios veracruzanos como presidenta&nbsp;del Consejo Nacional de Regidores y S\u00edndicos de M\u00e9xico.&nbsp;<\/p>\n\n\n\n<p>\u201cA toda la familia&nbsp;<a href=\"https:\/\/www.facebook.com\/hashtag\/verde?__eep__=6&amp;__cft__%5b0%5d=AZVIswwNOke0mURd3rvoqxVCMezv8gsBXYGtEGoqe9uXpQgKbdrZzdh9JaDu0QGKK6NslAjjI0NlCbKiR1XILoqAVonrU4Qr0kHvB8cdBmruQs7YeG45svadtMs8TmrlFDO1vaB0-58LSNgbSeAeQ_i-WzEoft2kRPa8RCJMr-yqPg&amp;__tn__=*NK-R\">Verde<\/a>&nbsp;tengan la confianza de que trabajaremos hombro con hombro y seremos la voz de las mujeres veracruzanas, quienes se esmeran y contribuyen a un mejor estado, al lado de nuestra gobernadora, la ingeniera&nbsp;<strong>Roc\u00edo Nahle,&nbsp;<\/strong>a quien admiramos como una mujer de lucha, de esfuerzo diario y una mujer ejemplo de millones de paisanas de esta bella entidad\u201d, expuso&nbsp;<strong>Vania L\u00f3pez Gonz\u00e1lez<\/strong>.<\/p>\n\n\n\n<p>\u201cTambi\u00e9n estamos listas para acompa\u00f1ar a nuestra presidenta, la doctora&nbsp;<strong>Claudia Sheinbaum Pardo<\/strong>,&nbsp;quien nos ha demostrado con valent\u00eda que las mujeres hoy, no nos vamos a quedar en silencio\u201d.<\/p>\n\n\n\n<p>\u201cFinalmente, aprovecho este mensaje para felicitar a mis compa\u00f1eras y compa\u00f1eros de Comit\u00e9:&nbsp;<strong>Luz Elena Rivera&nbsp;<\/strong><strong>Pinete<\/strong>,&nbsp;<strong>Carlos Daniel Bueno Monta\u00f1o<\/strong>,&nbsp;<strong>Diego Aguirre Pe\u00f1a<\/strong>,&nbsp;<strong>Omar Hern\u00e1ndez Olivares<\/strong>,&nbsp;<strong>Andrea Ram\u00edrez Montiel<\/strong>&nbsp;y&nbsp;<strong>Rogelio A. Barrios Tadeo<\/strong><strong>\u201d<\/strong>.<\/p>\n\n\n\n<p>\u201cAmigas y amigos, estoy segura que esta nueva etapa del&nbsp;<a href=\"https:\/\/www.facebook.com\/hashtag\/verde?__eep__=6&amp;__cft__%5b0%5d=AZVIswwNOke0mURd3rvoqxVCMezv8gsBXYGtEGoqe9uXpQgKbdrZzdh9JaDu0QGKK6NslAjjI0NlCbKiR1XILoqAVonrU4Qr0kHvB8cdBmruQs7YeG45svadtMs8TmrlFDO1vaB0-58LSNgbSeAeQ_i-WzEoft2kRPa8RCJMr-yqPg&amp;__tn__=*NK-R\">Verde<\/a>&nbsp;en&nbsp;<a href=\"https:\/\/www.facebook.com\/hashtag\/veracruz?__eep__=6&amp;__cft__%5b0%5d=AZVIswwNOke0mURd3rvoqxVCMezv8gsBXYGtEGoqe9uXpQgKbdrZzdh9JaDu0QGKK6NslAjjI0NlCbKiR1XILoqAVonrU4Qr0kHvB8cdBmruQs7YeG45svadtMs8TmrlFDO1vaB0-58LSNgbSeAeQ_i-WzEoft2kRPa8RCJMr-yqPg&amp;__tn__=*NK-R\">Veracruz<\/a>&nbsp;ser\u00e1 de ideales, de fidelidad y de pol\u00edtica con el&nbsp;coraz\u00f3n verde\u201d, concluy\u00f3 la mujer que tambi\u00e9n, desde muy joven ha ejercido el periodismo en todo el territorio veracruzano.<\/p>\n\n\n\n<p>La s\u00edndica del Ayuntamiento de C\u00f3rdoba, quien ha realizado un gran trabajo en esta demarcaci\u00f3n&nbsp;con todos los ediles y en apoyo al gobierno del doctor&nbsp;<strong>Juan Mart\u00ednez Flores<\/strong>, recibi\u00f3 una cascada de felicitaciones por su designaci\u00f3n. \u201cEstamos ciertos de que har\u00e1s un excelente trabajo\u201d, le dijo&nbsp;<strong>Areli Hern\u00e1ndez<\/strong>; \u201cFelicidades! Sin duda har\u00e1 un excelente papel en tan honroso cargo\u201d, le dijo&nbsp;<strong>Carmen Rosas<\/strong>; \u201cEnhorabuena a nuestra L\u00edder Vania, Mujer chingona\u201d, apunt\u00f3&nbsp;<strong>Fernando Montalvo Gonz\u00e1lez<\/strong>.<\/p>\n\n\n\n<p>No cabe duda que cuando se trabaja bien el pueblo sabe reconocerlo y al cierre del gobierno municipal de C\u00f3rdoba, la S\u00edndica&nbsp;<strong>Vania L\u00f3pez Gonz\u00e1lez<\/strong>&nbsp;est\u00e1 cosechando el cari\u00f1o de la gente. Esta posici\u00f3n en el Partido Verde Ecologista de M\u00e9xico le permitir\u00e1 seguir caminando Veracruz, para impulsar la agenda de las mujeres. Enhorabuena.&nbsp;<\/p>\n\n\n\n<p><strong>Presentan&nbsp;<\/strong><strong>Estudio Muestral de Participaci\u00f3n Ciudadana 2024<\/strong><\/p>\n\n\n\n<p>Este mi\u00e9rcoles 12 de noviembre, a las 11:00 horas, en la&nbsp;Sala Regional Xalapa del Tribunal Electoral del Poder Judicial de la Federaci\u00f3n&nbsp;ubicada en&nbsp;Rafael S\u00e1nchez Altamirano No. 15&nbsp;del&nbsp;Fraccionamiento Valle Rub\u00ed,&nbsp;en la&nbsp;colonia Jardines de Las \u00c1nimas, el Instituto Nacional Electoral llevar\u00e1 a cabo la \u201cMesa de An\u00e1lisis del Estudio Muestral de Participaci\u00f3n Ciudadana 2024\u201d.<\/p>\n\n\n\n<p>Este estudio, nos dice el Vocal Ejecutivo&nbsp;<strong>Josu\u00e9 Cervantes Mart\u00ednez<\/strong>&nbsp;\u201cconstituye una herramienta de gran valor para comprender las caracter\u00edsticas de la poblaci\u00f3n que acudi\u00f3 a las urnas, as\u00ed como de quienes optaron por no ejercer su derecho al voto. A partir de variables como sexo, edad, nivel de escolaridad y \u00e1mbito geogr\u00e1fico, ofrece un panorama detallado de los factores asociados con la participaci\u00f3n ciudadana en los niveles nacional, estatal y distrital\u201d.<\/p>\n\n\n\n<p>\u201cEn esta ocasi\u00f3n, el an\u00e1lisis se centrar\u00e1 en los resultados correspondientes a la Tercera Circunscripci\u00f3n Plurinominal, lo que permitir\u00e1 reflexionar sobre los patrones de participaci\u00f3n ciudadana en la regi\u00f3n\u201d.<\/p>\n\n\n\n<p>Los datos que ah\u00ed se den ser\u00e1n, sin duda, muy interesantes.<\/p>\n\n\n\n<p><strong>@MValeraH<\/strong><\/p>\n","protected":false},"excerpt":{"rendered":"<p>Miguel Valera Contrase\u00f1as La s\u00edndica del Ayuntamiento de C\u00f3rdoba,&nbsp;Vania L\u00f3pez Gonz\u00e1lez, destacada militante del Partido Verde Ecologista de M\u00e9xico en Veracruz, fue designada este domingo en la Asamblea Estatal que se llev\u00f3 a cabo en Puente Nacional,&nbsp;como secretaria&nbsp;de la Mujer de esta organizaci\u00f3n pol\u00edtica en la entidad veracruzana. Mujer de lucha, venida de la cultura [&hellip;]<\/p>\n","protected":false},"author":2,"featured_media":141429,"comment_status":"closed","ping_status":"closed","sticky":false,"template":"","format":"standard","meta":{"tdm_status":"","tdm_grid_status":"","footnotes":""},"categories":[70],"tags":[1124,1026,264,3578,47152,195],"class_list":{"0":"post-156178","1":"post","2":"type-post","3":"status-publish","4":"format-standard","5":"has-post-thumbnail","7":"category-de-opinion","8":"tag-javier-herrera-borunda","9":"tag-morena","10":"tag-pvem","11":"tag-rocio-nahle","12":"tag-vania-lopez","13":"tag-veracruz"},"yoast_head":"<!-- This site is optimized with the Yoast SEO plugin v27.4 - https:\/\/yoast.com\/product\/yoast-seo-wordpress\/ -->\n<title>VANIA, FORTALEZA VERDE - Los pol\u00edticos Veracruz<\/title>\n<meta name=\"robots\" content=\"index, follow, max-snippet:-1, max-image-preview:large, max-video-preview:-1\" \/>\n<link rel=\"canonical\" href=\"https:\/\/lospoliticosveracruz.com\/?p=156178\" \/>\n<meta property=\"og:locale\" content=\"es_ES\" \/>\n<meta property=\"og:type\" content=\"article\" \/>\n<meta property=\"og:title\" content=\"VANIA, FORTALEZA VERDE - Los pol\u00edticos Veracruz\" \/>\n<meta property=\"og:description\" content=\"Miguel Valera Contrase\u00f1as La s\u00edndica del Ayuntamiento de C\u00f3rdoba,&nbsp;Vania L\u00f3pez Gonz\u00e1lez, destacada militante del Partido Verde Ecologista de M\u00e9xico en Veracruz, fue designada este domingo en la Asamblea Estatal que se llev\u00f3 a cabo en Puente Nacional,&nbsp;como secretaria&nbsp;de la Mujer de esta organizaci\u00f3n pol\u00edtica en la entidad veracruzana. Mujer de lucha, venida de la cultura [&hellip;]\" \/>\n<meta property=\"og:url\" content=\"https:\/\/lospoliticosveracruz.com\/?p=156178\" \/>\n<meta property=\"og:site_name\" content=\"Los pol\u00edticos Veracruz\" \/>\n<meta property=\"article:publisher\" content=\"https:\/\/www.facebook.com\/people\/Notimemes-de-los-Polticos\/61565672886568\/\" \/>\n<meta property=\"article:published_time\" content=\"2025-11-10T13:25:50+00:00\" \/>\n<meta property=\"article:modified_time\" content=\"2025-11-10T13:28:07+00:00\" \/>\n<meta property=\"og:image\" content=\"https:\/\/lospoliticosveracruz.com\/wp-content\/uploads\/2025\/04\/Miguel-Valera.jpg\" \/>\n\t<meta property=\"og:image:width\" content=\"1250\" \/>\n\t<meta property=\"og:image:height\" content=\"667\" \/>\n\t<meta property=\"og:image:type\" content=\"image\/jpeg\" \/>\n<meta name=\"author\" content=\"Lo viste en Los Pol\u00edticos\" \/>\n<meta name=\"twitter:card\" content=\"summary_large_image\" \/>\n<meta name=\"twitter:creator\" content=\"@LosPoliticosVer\" \/>\n<meta name=\"twitter:site\" content=\"@LosPoliticosVer\" \/>\n<meta name=\"twitter:label1\" content=\"Escrito por\" \/>\n\t<meta name=\"twitter:data1\" content=\"Lo viste en Los Pol\u00edticos\" \/>\n\t<meta name=\"twitter:label2\" content=\"Tiempo de lectura\" \/>\n\t<meta name=\"twitter:data2\" content=\"4 minutos\" \/>\n<script type=\"application\/ld+json\" class=\"yoast-schema-graph\">{\"@context\":\"https:\\\/\\\/schema.org\",\"@graph\":[{\"@type\":\"Article\",\"@id\":\"https:\\\/\\\/lospoliticosveracruz.com\\\/?p=156178#article\",\"isPartOf\":{\"@id\":\"https:\\\/\\\/lospoliticosveracruz.com\\\/?p=156178\"},\"author\":{\"name\":\"Lo viste en Los Pol\u00edticos\",\"@id\":\"https:\\\/\\\/lospoliticosveracruz.com\\\/#\\\/schema\\\/person\\\/b8702bb0e538456e6efd07080bf2a4a2\"},\"headline\":\"VANIA, FORTALEZA VERDE\",\"datePublished\":\"2025-11-10T13:25:50+00:00\",\"dateModified\":\"2025-11-10T13:28:07+00:00\",\"mainEntityOfPage\":{\"@id\":\"https:\\\/\\\/lospoliticosveracruz.com\\\/?p=156178\"},\"wordCount\":750,\"publisher\":{\"@id\":\"https:\\\/\\\/lospoliticosveracruz.com\\\/#organization\"},\"image\":{\"@id\":\"https:\\\/\\\/lospoliticosveracruz.com\\\/?p=156178#primaryimage\"},\"thumbnailUrl\":\"https:\\\/\\\/lospoliticosveracruz.com\\\/wp-content\\\/uploads\\\/2025\\\/04\\\/Miguel-Valera.jpg\",\"keywords\":[\"Javier Herrera Borunda\",\"Morena\",\"PVEM\",\"Roc\u00edo Nahle\",\"Vania L\u00f3pez\",\"Veracruz\"],\"articleSection\":[\"De Opini\u00f3n\"],\"inLanguage\":\"es\"},{\"@type\":\"WebPage\",\"@id\":\"https:\\\/\\\/lospoliticosveracruz.com\\\/?p=156178\",\"url\":\"https:\\\/\\\/lospoliticosveracruz.com\\\/?p=156178\",\"name\":\"VANIA, FORTALEZA VERDE - Los pol\u00edticos Veracruz\",\"isPartOf\":{\"@id\":\"https:\\\/\\\/lospoliticosveracruz.com\\\/#website\"},\"primaryImageOfPage\":{\"@id\":\"https:\\\/\\\/lospoliticosveracruz.com\\\/?p=156178#primaryimage\"},\"image\":{\"@id\":\"https:\\\/\\\/lospoliticosveracruz.com\\\/?p=156178#primaryimage\"},\"thumbnailUrl\":\"https:\\\/\\\/lospoliticosveracruz.com\\\/wp-content\\\/uploads\\\/2025\\\/04\\\/Miguel-Valera.jpg\",\"datePublished\":\"2025-11-10T13:25:50+00:00\",\"dateModified\":\"2025-11-10T13:28:07+00:00\",\"breadcrumb\":{\"@id\":\"https:\\\/\\\/lospoliticosveracruz.com\\\/?p=156178#breadcrumb\"},\"inLanguage\":\"es\",\"potentialAction\":[{\"@type\":\"ReadAction\",\"target\":[\"https:\\\/\\\/lospoliticosveracruz.com\\\/?p=156178\"]}]},{\"@type\":\"ImageObject\",\"inLanguage\":\"es\",\"@id\":\"https:\\\/\\\/lospoliticosveracruz.com\\\/?p=156178#primaryimage\",\"url\":\"https:\\\/\\\/lospoliticosveracruz.com\\\/wp-content\\\/uploads\\\/2025\\\/04\\\/Miguel-Valera.jpg\",\"contentUrl\":\"https:\\\/\\\/lospoliticosveracruz.com\\\/wp-content\\\/uploads\\\/2025\\\/04\\\/Miguel-Valera.jpg\",\"width\":1250,\"height\":667},{\"@type\":\"BreadcrumbList\",\"@id\":\"https:\\\/\\\/lospoliticosveracruz.com\\\/?p=156178#breadcrumb\",\"itemListElement\":[{\"@type\":\"ListItem\",\"position\":1,\"name\":\"Portada\",\"item\":\"https:\\\/\\\/lospoliticosveracruz.com\\\/\"},{\"@type\":\"ListItem\",\"position\":2,\"name\":\"VANIA, FORTALEZA VERDE\"}]},{\"@type\":\"WebSite\",\"@id\":\"https:\\\/\\\/lospoliticosveracruz.com\\\/#website\",\"url\":\"https:\\\/\\\/lospoliticosveracruz.com\\\/\",\"name\":\"Los pol\u00edticos Veracruz\",\"description\":\"\",\"publisher\":{\"@id\":\"https:\\\/\\\/lospoliticosveracruz.com\\\/#organization\"},\"potentialAction\":[{\"@type\":\"SearchAction\",\"target\":{\"@type\":\"EntryPoint\",\"urlTemplate\":\"https:\\\/\\\/lospoliticosveracruz.com\\\/?s={search_term_string}\"},\"query-input\":{\"@type\":\"PropertyValueSpecification\",\"valueRequired\":true,\"valueName\":\"search_term_string\"}}],\"inLanguage\":\"es\"},{\"@type\":\"Organization\",\"@id\":\"https:\\\/\\\/lospoliticosveracruz.com\\\/#organization\",\"name\":\"Los pol\u00edticos Veracruz\",\"url\":\"https:\\\/\\\/lospoliticosveracruz.com\\\/\",\"logo\":{\"@type\":\"ImageObject\",\"inLanguage\":\"es\",\"@id\":\"https:\\\/\\\/lospoliticosveracruz.com\\\/#\\\/schema\\\/logo\\\/image\\\/\",\"url\":\"https:\\\/\\\/lospoliticosveracruz.com\\\/wp-content\\\/uploads\\\/2025\\\/12\\\/Logo-Nuevo-LOS-POLITICOS-1.jpg\",\"contentUrl\":\"https:\\\/\\\/lospoliticosveracruz.com\\\/wp-content\\\/uploads\\\/2025\\\/12\\\/Logo-Nuevo-LOS-POLITICOS-1.jpg\",\"width\":260,\"height\":70,\"caption\":\"Los pol\u00edticos Veracruz\"},\"image\":{\"@id\":\"https:\\\/\\\/lospoliticosveracruz.com\\\/#\\\/schema\\\/logo\\\/image\\\/\"},\"sameAs\":[\"https:\\\/\\\/www.facebook.com\\\/people\\\/Notimemes-de-los-Polticos\\\/61565672886568\\\/\",\"https:\\\/\\\/x.com\\\/LosPoliticosVer\"]},{\"@type\":\"Person\",\"@id\":\"https:\\\/\\\/lospoliticosveracruz.com\\\/#\\\/schema\\\/person\\\/b8702bb0e538456e6efd07080bf2a4a2\",\"name\":\"Lo viste en Los Pol\u00edticos\",\"image\":{\"@type\":\"ImageObject\",\"inLanguage\":\"es\",\"@id\":\"https:\\\/\\\/secure.gravatar.com\\\/avatar\\\/3a8de04a2656d44082be478bd6c086daa447c4651605818287b9532d3d0bd435?s=96&d=mm&r=g\",\"url\":\"https:\\\/\\\/secure.gravatar.com\\\/avatar\\\/3a8de04a2656d44082be478bd6c086daa447c4651605818287b9532d3d0bd435?s=96&d=mm&r=g\",\"contentUrl\":\"https:\\\/\\\/secure.gravatar.com\\\/avatar\\\/3a8de04a2656d44082be478bd6c086daa447c4651605818287b9532d3d0bd435?s=96&d=mm&r=g\",\"caption\":\"Lo viste en Los Pol\u00edticos\"},\"url\":\"https:\\\/\\\/lospoliticosveracruz.com\\\/?author=2\"}]}<\/script>\n<!-- \/ Yoast SEO plugin. -->","yoast_head_json":{"title":"VANIA, FORTALEZA VERDE - Los pol\u00edticos Veracruz","robots":{"index":"index","follow":"follow","max-snippet":"max-snippet:-1","max-image-preview":"max-image-preview:large","max-video-preview":"max-video-preview:-1"},"canonical":"https:\/\/lospoliticosveracruz.com\/?p=156178","og_locale":"es_ES","og_type":"article","og_title":"VANIA, FORTALEZA VERDE - Los pol\u00edticos Veracruz","og_description":"Miguel Valera Contrase\u00f1as La s\u00edndica del Ayuntamiento de C\u00f3rdoba,&nbsp;Vania L\u00f3pez Gonz\u00e1lez, destacada militante del Partido Verde Ecologista de M\u00e9xico en Veracruz, fue designada este domingo en la Asamblea Estatal que se llev\u00f3 a cabo en Puente Nacional,&nbsp;como secretaria&nbsp;de la Mujer de esta organizaci\u00f3n pol\u00edtica en la entidad veracruzana. Mujer de lucha, venida de la cultura [&hellip;]","og_url":"https:\/\/lospoliticosveracruz.com\/?p=156178","og_site_name":"Los pol\u00edticos Veracruz","article_publisher":"https:\/\/www.facebook.com\/people\/Notimemes-de-los-Polticos\/61565672886568\/","article_published_time":"2025-11-10T13:25:50+00:00","article_modified_time":"2025-11-10T13:28:07+00:00","og_image":[{"width":1250,"height":667,"url":"https:\/\/lospoliticosveracruz.com\/wp-content\/uploads\/2025\/04\/Miguel-Valera.jpg","type":"image\/jpeg"}],"author":"Lo viste en Los Pol\u00edticos","twitter_card":"summary_large_image","twitter_creator":"@LosPoliticosVer","twitter_site":"@LosPoliticosVer","twitter_misc":{"Escrito por":"Lo viste en Los Pol\u00edticos","Tiempo de lectura":"4 minutos"},"schema":{"@context":"https:\/\/schema.org","@graph":[{"@type":"Article","@id":"https:\/\/lospoliticosveracruz.com\/?p=156178#article","isPartOf":{"@id":"https:\/\/lospoliticosveracruz.com\/?p=156178"},"author":{"name":"Lo viste en Los Pol\u00edticos","@id":"https:\/\/lospoliticosveracruz.com\/#\/schema\/person\/b8702bb0e538456e6efd07080bf2a4a2"},"headline":"VANIA, FORTALEZA VERDE","datePublished":"2025-11-10T13:25:50+00:00","dateModified":"2025-11-10T13:28:07+00:00","mainEntityOfPage":{"@id":"https:\/\/lospoliticosveracruz.com\/?p=156178"},"wordCount":750,"publisher":{"@id":"https:\/\/lospoliticosveracruz.com\/#organization"},"image":{"@id":"https:\/\/lospoliticosveracruz.com\/?p=156178#primaryimage"},"thumbnailUrl":"https:\/\/lospoliticosveracruz.com\/wp-content\/uploads\/2025\/04\/Miguel-Valera.jpg","keywords":["Javier Herrera Borunda","Morena","PVEM","Roc\u00edo Nahle","Vania L\u00f3pez","Veracruz"],"articleSection":["De Opini\u00f3n"],"inLanguage":"es"},{"@type":"WebPage","@id":"https:\/\/lospoliticosveracruz.com\/?p=156178","url":"https:\/\/lospoliticosveracruz.com\/?p=156178","name":"VANIA, FORTALEZA VERDE - Los pol\u00edticos Veracruz","isPartOf":{"@id":"https:\/\/lospoliticosveracruz.com\/#website"},"primaryImageOfPage":{"@id":"https:\/\/lospoliticosveracruz.com\/?p=156178#primaryimage"},"image":{"@id":"https:\/\/lospoliticosveracruz.com\/?p=156178#primaryimage"},"thumbnailUrl":"https:\/\/lospoliticosveracruz.com\/wp-content\/uploads\/2025\/04\/Miguel-Valera.jpg","datePublished":"2025-11-10T13:25:50+00:00","dateModified":"2025-11-10T13:28:07+00:00","breadcrumb":{"@id":"https:\/\/lospoliticosveracruz.com\/?p=156178#breadcrumb"},"inLanguage":"es","potentialAction":[{"@type":"ReadAction","target":["https:\/\/lospoliticosveracruz.com\/?p=156178"]}]},{"@type":"ImageObject","inLanguage":"es","@id":"https:\/\/lospoliticosveracruz.com\/?p=156178#primaryimage","url":"https:\/\/lospoliticosveracruz.com\/wp-content\/uploads\/2025\/04\/Miguel-Valera.jpg","contentUrl":"https:\/\/lospoliticosveracruz.com\/wp-content\/uploads\/2025\/04\/Miguel-Valera.jpg","width":1250,"height":667},{"@type":"BreadcrumbList","@id":"https:\/\/lospoliticosveracruz.com\/?p=156178#breadcrumb","itemListElement":[{"@type":"ListItem","position":1,"name":"Portada","item":"https:\/\/lospoliticosveracruz.com\/"},{"@type":"ListItem","position":2,"name":"VANIA, FORTALEZA VERDE"}]},{"@type":"WebSite","@id":"https:\/\/lospoliticosveracruz.com\/#website","url":"https:\/\/lospoliticosveracruz.com\/","name":"Los pol\u00edticos Veracruz","description":"","publisher":{"@id":"https:\/\/lospoliticosveracruz.com\/#organization"},"potentialAction":[{"@type":"SearchAction","target":{"@type":"EntryPoint","urlTemplate":"https:\/\/lospoliticosveracruz.com\/?s={search_term_string}"},"query-input":{"@type":"PropertyValueSpecification","valueRequired":true,"valueName":"search_term_string"}}],"inLanguage":"es"},{"@type":"Organization","@id":"https:\/\/lospoliticosveracruz.com\/#organization","name":"Los pol\u00edticos Veracruz","url":"https:\/\/lospoliticosveracruz.com\/","logo":{"@type":"ImageObject","inLanguage":"es","@id":"https:\/\/lospoliticosveracruz.com\/#\/schema\/logo\/image\/","url":"https:\/\/lospoliticosveracruz.com\/wp-content\/uploads\/2025\/12\/Logo-Nuevo-LOS-POLITICOS-1.jpg","contentUrl":"https:\/\/lospoliticosveracruz.com\/wp-content\/uploads\/2025\/12\/Logo-Nuevo-LOS-POLITICOS-1.jpg","width":260,"height":70,"caption":"Los pol\u00edticos Veracruz"},"image":{"@id":"https:\/\/lospoliticosveracruz.com\/#\/schema\/logo\/image\/"},"sameAs":["https:\/\/www.facebook.com\/people\/Notimemes-de-los-Polticos\/61565672886568\/","https:\/\/x.com\/LosPoliticosVer"]},{"@type":"Person","@id":"https:\/\/lospoliticosveracruz.com\/#\/schema\/person\/b8702bb0e538456e6efd07080bf2a4a2","name":"Lo viste en Los Pol\u00edticos","image":{"@type":"ImageObject","inLanguage":"es","@id":"https:\/\/secure.gravatar.com\/avatar\/3a8de04a2656d44082be478bd6c086daa447c4651605818287b9532d3d0bd435?s=96&d=mm&r=g","url":"https:\/\/secure.gravatar.com\/avatar\/3a8de04a2656d44082be478bd6c086daa447c4651605818287b9532d3d0bd435?s=96&d=mm&r=g","contentUrl":"https:\/\/secure.gravatar.com\/avatar\/3a8de04a2656d44082be478bd6c086daa447c4651605818287b9532d3d0bd435?s=96&d=mm&r=g","caption":"Lo viste en Los Pol\u00edticos"},"url":"https:\/\/lospoliticosveracruz.com\/?author=2"}]}},"_links":{"self":[{"href":"https:\/\/lospoliticosveracruz.com\/index.php?rest_route=\/wp\/v2\/posts\/156178","targetHints":{"allow":["GET"]}}],"collection":[{"href":"https:\/\/lospoliticosveracruz.com\/index.php?rest_route=\/wp\/v2\/posts"}],"about":[{"href":"https:\/\/lospoliticosveracruz.com\/index.php?rest_route=\/wp\/v2\/types\/post"}],"author":[{"embeddable":true,"href":"https:\/\/lospoliticosveracruz.com\/index.php?rest_route=\/wp\/v2\/users\/2"}],"replies":[{"embeddable":true,"href":"https:\/\/lospoliticosveracruz.com\/index.php?rest_route=%2Fwp%2Fv2%2Fcomments&post=156178"}],"version-history":[{"count":2,"href":"https:\/\/lospoliticosveracruz.com\/index.php?rest_route=\/wp\/v2\/posts\/156178\/revisions"}],"predecessor-version":[{"id":156182,"href":"https:\/\/lospoliticosveracruz.com\/index.php?rest_route=\/wp\/v2\/posts\/156178\/revisions\/156182"}],"wp:featuredmedia":[{"embeddable":true,"href":"https:\/\/lospoliticosveracruz.com\/index.php?rest_route=\/wp\/v2\/media\/141429"}],"wp:attachment":[{"href":"https:\/\/lospoliticosveracruz.com\/index.php?rest_route=%2Fwp%2Fv2%2Fmedia&parent=156178"}],"wp:term":[{"taxonomy":"category","embeddable":true,"href":"https:\/\/lospoliticosveracruz.com\/index.php?rest_route=%2Fwp%2Fv2%2Fcategories&post=156178"},{"taxonomy":"post_tag","embeddable":true,"href":"https:\/\/lospoliticosveracruz.com\/index.php?rest_route=%2Fwp%2Fv2%2Ftags&post=156178"}],"curies":[{"name":"wp","href":"https:\/\/api.w.org\/{rel}","templated":true}]}}