{"id":156195,"date":"2025-11-10T11:50:14","date_gmt":"2025-11-10T17:50:14","guid":{"rendered":"https:\/\/lospoliticosveracruz.com.mx\/?p=156195"},"modified":"2025-11-10T11:50:28","modified_gmt":"2025-11-10T17:50:28","slug":"quien-diria-quien-diria-entre-blindada-y-abandonadas","status":"publish","type":"post","link":"https:\/\/lospoliticosveracruz.com\/?p=156195","title":{"rendered":"QUIEN DIR\u00cdA QUIEN DIR\u00cdA: ENTRE BLINDADA Y ABANDONADAS"},"content":{"rendered":"\n<p>S\u00edguenos ahora tambi\u00e9n en WhatsApp.\u00a0\u00a1<a href=\"https:\/\/whatsapp.com\/channel\/0029Va8zRWlEKyZIP3Z1dF0e\"><strong>Da clic aqu\u00ed<\/strong><\/a><strong>!<\/strong><\/p>\n\n\n\n<p><strong>Vicente Luna Hern\u00e1ndez<\/strong><\/p>\n\n\n\n<p>Dicen que \u201cNo hay mal que por bien no venga\u201d.<br>Dicen que fue un montaje orquestado desde Palacio Nacional.<br>La realidad social que viven las mujeres en M\u00e9xico qued\u00f3 exhibida a pleno luz del d\u00eda aunque no se quiera ver.<br>Es grave muy grave el acoso que sufri\u00f3 la Presidenta de la Rep\u00fablica Claudia Sheinbaum Pardo- afortunadamente sin alguna agresi\u00f3n f\u00edsica de por medio -, sin embargo, es m\u00e1s grave el nivel de inseguridad que viven las mujeres todos los d\u00edas en las v\u00edas p\u00fablicas y \u2013 lamentablemente- en escenarios privados sin obtener justicia alguna.<\/p>\n\n\n\n\n\n<p>Hoy el partido morena presume que por primera vez M\u00e9xico tiene una presidenta de la Naci\u00f3n, hoy el gobierno de la rep\u00fablica presume la \u201cConstrucci\u00f3n del 2\u00b0 piso de la transformaci\u00f3n en M\u00e9xico\u201d, hoy la presidenta se\u00f1ala de manera entusiasta: \u00a1Llegamos todas! Y ve en la misma mesa sentados a hombres acusados de violencia sexual pero tienen un chaleco guinda y voltea su mirada hacia otro lado, \u00bfllegar todas significa llegar acompa\u00f1adas por hombres agresores mientras sean de su mismo partido?<\/p>\n\n\n\n<p>Lo cierto y es una triste realidad social, es que aquellas voces feministas oficiales que se indignaron por el acoso contra la presidenta y expresaron y gritaron llenas de emoci\u00f3n hasta las lagrimas: \u201csi tocan a Claudia nos tocan a todas\u201d seria importante que nos dijeran: \u00bfPor qu\u00e9 el \u00fanico grito que expresaron &#8211; ante las acusaciones de acoso y abuso sexual contra 2 hombres miembros de su partido \u2013 fue \u201cNo estas solo, no estas solo\u201d? \u00bfAcaso lo desvergonzado y c\u00ednicos como act\u00faan unos tipos es contagioso? \u00bfPor qu\u00e9 esa miseria de solidaridad a favor de las mujeres por el hecho de no formar parte de su partido y esa entrega hasta la ignominia a favor de unos tipos vulgares y corrientes? \u00bfEsa es la aportaci\u00f3n de las mujeres con chaleco guinda y con poder pol\u00edtico a favor del respeto hacia la mujer?<\/p>\n\n\n\n<p>La realidad social entre la clase pol\u00edtica femenina oficial \u2013 muchas de ellas lo que menos tienen es clase &#8211; es una bofetada a la sociedad en general y habla de su miseria humana, si una mujer sufre acoso o es v\u00edctima de abuso sexual y es simpatizante del partido en el poder, de manera inmediata recibe la solidaridad de las mujeres color guinda y salen desplegados por arte de magia condenando esos abusos y mostrando su respaldo y apoyo para que reciba justicia, sin embargo, si es una madre buscadora que exhibe las deficiencias del Estado, si es una dirigente de alguna organizaci\u00f3n social o una mujer que cr\u00edtica el aparato de justicia o se\u00f1ala de manera valiente y decidida a un hombre con poder pol\u00edtico o econ\u00f3mico que trae chaleco guinda, la historia se repite una y otra vez\u2026es ignorada y minimizada sin verg\u00fcenza alguna, \u00bfpor qu\u00e9 ah\u00ed no se hace realidad el grito de muchas: \u201cLlegamos todas\u201d?<\/p>\n\n\n\n<p>Lo cierto es que es loable el coro: \u201cNo estas sola\u201d.<\/p>\n\n\n\n<p>Lo cierto es que es condenable cuando a los violentadores sexuales con chaleco guinda se les grita tambi\u00e9n: \u201cNo est\u00e1s solo\u201d y ese grito esta integrado por voces femeninas, \u00bfacaso eso no es traicionar al g\u00e9nero?<\/p>\n\n\n\n<p>M\u00e1s all\u00e1 de si fue montaje o no, m\u00e1s all\u00e1 de si la presidenta actu\u00f3 de manera irresponsable al salir a caminar en la v\u00eda p\u00fablica ante un escenario polarizado \u2013 por la muerte de Carlos Manzo \u2013 sin las medidas de seguridad indispensable para una Jefa de Estado, m\u00e1s all\u00e1 de que est\u00e1 claro que entre el pueblo as\u00ed como hay buenos y sabios hay malos y trastornados, m\u00e1s all\u00e1 de la pobre reacci\u00f3n de su cuerpo de seguridad ineficiente, lo cierto es que un tipo pudo tocar su cuerpo de manera eficiente y eso por ning\u00fan motivo y bajo ninguna circunstancia debi\u00f3 haber ocurrido.<\/p>\n\n\n\n<p>Es una verdadera iron\u00eda, la primera mujer presidenta de la rep\u00fablica en M\u00e9xico y con solo un a\u00f1o en el poder &#8211; todo el poder pol\u00edtico del pa\u00eds- es v\u00edctima de un fantasma social que se pasea por todo el territorio nacional, que lo mismo lo sufren las mujeres ind\u00edgenas como las mujeres de clases medias, las mujeres sin estudios como aquellas profesionistas, las mujeres j\u00f3venes como las maduras, las mujeres aliadas del sistema cono las cr\u00edticas, las ni\u00f1as como las adolescentes, de manera concreta: todas las mujeres est\u00e1n en riesgo de ser v\u00edctimas dos veces: La primera por un hombre vulgar y corriente y la segunda por el Estado al momento de buscar justicia, es cierto, \u00bfqu\u00e9 pasar\u00eda si todas las mujeres v\u00edctimas llegan a las fiscal\u00edas gritando: \u201cTodas somos Claudia\u201d para ser atendidas y obtengan justicia de manera pronta y expedita?<\/p>\n\n\n\n<p>\u00bfY si las mujeres con poder pol\u00edtico que ayer le gritaron a un presuntos violador hoy le hubiesen gritado al acosador de la presidenta: \u201cNo est\u00e1s solo\u201d? \u00bfQu\u00e9 hubiese sentido la presidenta? \u00bfAcaso se hubiese sentido traicionada? Seguramente ese sentimiento sintieron aquellas que han buscado justicia , se han armado de valor, alzaron la voz\u2026y lamentablemente no hubo muestras de apoyo, desplegados ni solidaridad de mujeres que hoy saborean las mieles del poder pero que siempre \u201ccargar\u00e1n\u201d con ese tufo de miseria humana.<\/p>\n\n\n\n<p>Lo cierto es que \u201cgracias\u201c a un hecho condenable se echa a andar un plan loable, \u00bfera necesario que ocurriera un acto de acoso de alto impacto medi\u00e1tico? La repuesta\u2026es SI.<\/p>\n\n\n\n<p>El gobierno federal hizo la presentaci\u00f3n del Plan Integral contra el Abuso Sexual el cual tiene como principales acciones las siguientes:<\/p>\n\n\n\n<ol class=\"wp-block-list\">\n<li>La homologaci\u00f3n del tipo penal de \u201cabuso sexual\u201d como delito grave en todo el pa\u00eds.<\/li>\n\n\n\n<li>Impulso de una agenda de colaboraci\u00f3n con el Poder Legislativo: se trabaja en la revisi\u00f3n, armonizaci\u00f3n y homologaci\u00f3n de leyes para garantizar que las mujeres de todo el pa\u00eds tengan el mismo acceso a todos los derechos.<\/li>\n\n\n\n<li>Promoci\u00f3n de la denuncia: se realizar\u00e1n campa\u00f1as de informaci\u00f3n y sensibilizaci\u00f3n para que las mujeres conozcan sus derechos, rutas de atenci\u00f3n y denuncia.<\/li>\n\n\n\n<li>Fortalecimiento y mejora de la atenci\u00f3n y acceso a la justicia: se impulsar\u00e1 la coordinaci\u00f3n con Fiscal\u00edas estatales para asegurar que el proceso de denuncia sea m\u00e1s \u00e1gil, seguro y con perspectiva de g\u00e9nero.<br>5.\u2060 \u2060Capacitaci\u00f3n y profesionalizaci\u00f3n institucional: formaci\u00f3n especializada y capacitaci\u00f3n a personal de Ministerios P\u00fablicos, Fiscal\u00edas, jueces y autoridades judiciales.<\/li>\n\n\n\n<li>Cambio cultural: se pondr\u00e1n en marcha campa\u00f1as de concientizaci\u00f3n en espacios p\u00fablicos, laborales, escolares y en transporte p\u00fablico, dirigidas fundamentalmente a los hombres.<br>Es loable y se aplaude semejante iniciativa, ser\u00e1 m\u00e1s loable que las Fiscal\u00edas tengan el presupuesto necesario y el n\u00famero de personal suficiente y capacitado para atender de manera profesional y solidaria a todas aquellas mujeres que se vean en la necesidad de buscar la protecci\u00f3n del Estado, ante el acoso contra la presidenta se logr\u00f3 poner en el centro de la discusi\u00f3n y opini\u00f3n p\u00fablica una verg\u00fcenza nacional que se debe castigar a pesar de que los presuntos responsables\u2026se pongan chaleco guinda.<\/li>\n<\/ol>\n\n\n\n<p>P.D.- Con el animo que en todas las Universidades y Escuelas del pa\u00eds se difunda de manera Institucional las acciones del Plan Integral contra el Abuso Sexual\u2026Escribir\u00e9 otro d\u00eda.<\/p>\n","protected":false},"excerpt":{"rendered":"<p>Vicente Luna Hern\u00e1ndez Dicen que \u201cNo hay mal que por bien no venga\u201d.Dicen que fue un montaje orquestado desde Palacio Nacional.La realidad social que viven las mujeres en M\u00e9xico qued\u00f3 exhibida a pleno luz del d\u00eda aunque no se quiera ver.Es grave muy grave el acoso que sufri\u00f3 la Presidenta de la Rep\u00fablica Claudia Sheinbaum [&hellip;]<\/p>\n","protected":false},"author":2,"featured_media":141415,"comment_status":"closed","ping_status":"closed","sticky":false,"template":"","format":"standard","meta":{"tdm_status":"","tdm_grid_status":"","footnotes":""},"categories":[70],"tags":[],"class_list":{"0":"post-156195","1":"post","2":"type-post","3":"status-publish","4":"format-standard","5":"has-post-thumbnail","7":"category-de-opinion"},"yoast_head":"<!-- This site is optimized with the Yoast SEO plugin v27.4 - https:\/\/yoast.com\/product\/yoast-seo-wordpress\/ -->\n<title>QUIEN DIR\u00cdA QUIEN DIR\u00cdA: ENTRE BLINDADA Y ABANDONADAS - Los pol\u00edticos Veracruz<\/title>\n<meta name=\"robots\" content=\"index, follow, max-snippet:-1, max-image-preview:large, max-video-preview:-1\" \/>\n<link rel=\"canonical\" href=\"https:\/\/lospoliticosveracruz.com\/?p=156195\" \/>\n<meta property=\"og:locale\" content=\"es_ES\" \/>\n<meta property=\"og:type\" content=\"article\" \/>\n<meta property=\"og:title\" content=\"QUIEN DIR\u00cdA QUIEN DIR\u00cdA: ENTRE BLINDADA Y ABANDONADAS - Los pol\u00edticos Veracruz\" \/>\n<meta property=\"og:description\" content=\"Vicente Luna Hern\u00e1ndez Dicen que \u201cNo hay mal que por bien no venga\u201d.Dicen que fue un montaje orquestado desde Palacio Nacional.La realidad social que viven las mujeres en M\u00e9xico qued\u00f3 exhibida a pleno luz del d\u00eda aunque no se quiera ver.Es grave muy grave el acoso que sufri\u00f3 la Presidenta de la Rep\u00fablica Claudia Sheinbaum [&hellip;]\" \/>\n<meta property=\"og:url\" content=\"https:\/\/lospoliticosveracruz.com\/?p=156195\" \/>\n<meta property=\"og:site_name\" content=\"Los pol\u00edticos Veracruz\" \/>\n<meta property=\"article:publisher\" content=\"https:\/\/www.facebook.com\/people\/Notimemes-de-los-Polticos\/61565672886568\/\" \/>\n<meta property=\"article:published_time\" content=\"2025-11-10T17:50:14+00:00\" \/>\n<meta property=\"article:modified_time\" content=\"2025-11-10T17:50:28+00:00\" \/>\n<meta property=\"og:image\" content=\"https:\/\/lospoliticosveracruz.com\/wp-content\/uploads\/2025\/04\/Vicente-Luna-Hernandez.jpg\" \/>\n\t<meta property=\"og:image:width\" content=\"1250\" \/>\n\t<meta property=\"og:image:height\" content=\"667\" \/>\n\t<meta property=\"og:image:type\" content=\"image\/jpeg\" \/>\n<meta name=\"author\" content=\"Lo viste en Los Pol\u00edticos\" \/>\n<meta name=\"twitter:card\" content=\"summary_large_image\" \/>\n<meta name=\"twitter:creator\" content=\"@LosPoliticosVer\" \/>\n<meta name=\"twitter:site\" content=\"@LosPoliticosVer\" \/>\n<meta name=\"twitter:label1\" content=\"Escrito por\" \/>\n\t<meta name=\"twitter:data1\" content=\"Lo viste en Los Pol\u00edticos\" \/>\n\t<meta name=\"twitter:label2\" content=\"Tiempo de lectura\" \/>\n\t<meta name=\"twitter:data2\" content=\"6 minutos\" \/>\n<script type=\"application\/ld+json\" class=\"yoast-schema-graph\">{\"@context\":\"https:\\\/\\\/schema.org\",\"@graph\":[{\"@type\":\"Article\",\"@id\":\"https:\\\/\\\/lospoliticosveracruz.com\\\/?p=156195#article\",\"isPartOf\":{\"@id\":\"https:\\\/\\\/lospoliticosveracruz.com\\\/?p=156195\"},\"author\":{\"name\":\"Lo viste en Los Pol\u00edticos\",\"@id\":\"https:\\\/\\\/lospoliticosveracruz.com\\\/#\\\/schema\\\/person\\\/b8702bb0e538456e6efd07080bf2a4a2\"},\"headline\":\"QUIEN DIR\u00cdA QUIEN DIR\u00cdA: ENTRE BLINDADA Y ABANDONADAS\",\"datePublished\":\"2025-11-10T17:50:14+00:00\",\"dateModified\":\"2025-11-10T17:50:28+00:00\",\"mainEntityOfPage\":{\"@id\":\"https:\\\/\\\/lospoliticosveracruz.com\\\/?p=156195\"},\"wordCount\":1287,\"publisher\":{\"@id\":\"https:\\\/\\\/lospoliticosveracruz.com\\\/#organization\"},\"image\":{\"@id\":\"https:\\\/\\\/lospoliticosveracruz.com\\\/?p=156195#primaryimage\"},\"thumbnailUrl\":\"https:\\\/\\\/lospoliticosveracruz.com\\\/wp-content\\\/uploads\\\/2025\\\/04\\\/Vicente-Luna-Hernandez.jpg\",\"articleSection\":[\"De Opini\u00f3n\"],\"inLanguage\":\"es\"},{\"@type\":\"WebPage\",\"@id\":\"https:\\\/\\\/lospoliticosveracruz.com\\\/?p=156195\",\"url\":\"https:\\\/\\\/lospoliticosveracruz.com\\\/?p=156195\",\"name\":\"QUIEN DIR\u00cdA QUIEN DIR\u00cdA: ENTRE BLINDADA Y ABANDONADAS - Los pol\u00edticos Veracruz\",\"isPartOf\":{\"@id\":\"https:\\\/\\\/lospoliticosveracruz.com\\\/#website\"},\"primaryImageOfPage\":{\"@id\":\"https:\\\/\\\/lospoliticosveracruz.com\\\/?p=156195#primaryimage\"},\"image\":{\"@id\":\"https:\\\/\\\/lospoliticosveracruz.com\\\/?p=156195#primaryimage\"},\"thumbnailUrl\":\"https:\\\/\\\/lospoliticosveracruz.com\\\/wp-content\\\/uploads\\\/2025\\\/04\\\/Vicente-Luna-Hernandez.jpg\",\"datePublished\":\"2025-11-10T17:50:14+00:00\",\"dateModified\":\"2025-11-10T17:50:28+00:00\",\"breadcrumb\":{\"@id\":\"https:\\\/\\\/lospoliticosveracruz.com\\\/?p=156195#breadcrumb\"},\"inLanguage\":\"es\",\"potentialAction\":[{\"@type\":\"ReadAction\",\"target\":[\"https:\\\/\\\/lospoliticosveracruz.com\\\/?p=156195\"]}]},{\"@type\":\"ImageObject\",\"inLanguage\":\"es\",\"@id\":\"https:\\\/\\\/lospoliticosveracruz.com\\\/?p=156195#primaryimage\",\"url\":\"https:\\\/\\\/lospoliticosveracruz.com\\\/wp-content\\\/uploads\\\/2025\\\/04\\\/Vicente-Luna-Hernandez.jpg\",\"contentUrl\":\"https:\\\/\\\/lospoliticosveracruz.com\\\/wp-content\\\/uploads\\\/2025\\\/04\\\/Vicente-Luna-Hernandez.jpg\",\"width\":1250,\"height\":667},{\"@type\":\"BreadcrumbList\",\"@id\":\"https:\\\/\\\/lospoliticosveracruz.com\\\/?p=156195#breadcrumb\",\"itemListElement\":[{\"@type\":\"ListItem\",\"position\":1,\"name\":\"Portada\",\"item\":\"https:\\\/\\\/lospoliticosveracruz.com\\\/\"},{\"@type\":\"ListItem\",\"position\":2,\"name\":\"QUIEN DIR\u00cdA QUIEN DIR\u00cdA: ENTRE BLINDADA Y ABANDONADAS\"}]},{\"@type\":\"WebSite\",\"@id\":\"https:\\\/\\\/lospoliticosveracruz.com\\\/#website\",\"url\":\"https:\\\/\\\/lospoliticosveracruz.com\\\/\",\"name\":\"Los pol\u00edticos Veracruz\",\"description\":\"\",\"publisher\":{\"@id\":\"https:\\\/\\\/lospoliticosveracruz.com\\\/#organization\"},\"potentialAction\":[{\"@type\":\"SearchAction\",\"target\":{\"@type\":\"EntryPoint\",\"urlTemplate\":\"https:\\\/\\\/lospoliticosveracruz.com\\\/?s={search_term_string}\"},\"query-input\":{\"@type\":\"PropertyValueSpecification\",\"valueRequired\":true,\"valueName\":\"search_term_string\"}}],\"inLanguage\":\"es\"},{\"@type\":\"Organization\",\"@id\":\"https:\\\/\\\/lospoliticosveracruz.com\\\/#organization\",\"name\":\"Los pol\u00edticos Veracruz\",\"url\":\"https:\\\/\\\/lospoliticosveracruz.com\\\/\",\"logo\":{\"@type\":\"ImageObject\",\"inLanguage\":\"es\",\"@id\":\"https:\\\/\\\/lospoliticosveracruz.com\\\/#\\\/schema\\\/logo\\\/image\\\/\",\"url\":\"https:\\\/\\\/lospoliticosveracruz.com\\\/wp-content\\\/uploads\\\/2025\\\/12\\\/Logo-Nuevo-LOS-POLITICOS-1.jpg\",\"contentUrl\":\"https:\\\/\\\/lospoliticosveracruz.com\\\/wp-content\\\/uploads\\\/2025\\\/12\\\/Logo-Nuevo-LOS-POLITICOS-1.jpg\",\"width\":260,\"height\":70,\"caption\":\"Los pol\u00edticos Veracruz\"},\"image\":{\"@id\":\"https:\\\/\\\/lospoliticosveracruz.com\\\/#\\\/schema\\\/logo\\\/image\\\/\"},\"sameAs\":[\"https:\\\/\\\/www.facebook.com\\\/people\\\/Notimemes-de-los-Polticos\\\/61565672886568\\\/\",\"https:\\\/\\\/x.com\\\/LosPoliticosVer\"]},{\"@type\":\"Person\",\"@id\":\"https:\\\/\\\/lospoliticosveracruz.com\\\/#\\\/schema\\\/person\\\/b8702bb0e538456e6efd07080bf2a4a2\",\"name\":\"Lo viste en Los Pol\u00edticos\",\"image\":{\"@type\":\"ImageObject\",\"inLanguage\":\"es\",\"@id\":\"https:\\\/\\\/secure.gravatar.com\\\/avatar\\\/3a8de04a2656d44082be478bd6c086daa447c4651605818287b9532d3d0bd435?s=96&d=mm&r=g\",\"url\":\"https:\\\/\\\/secure.gravatar.com\\\/avatar\\\/3a8de04a2656d44082be478bd6c086daa447c4651605818287b9532d3d0bd435?s=96&d=mm&r=g\",\"contentUrl\":\"https:\\\/\\\/secure.gravatar.com\\\/avatar\\\/3a8de04a2656d44082be478bd6c086daa447c4651605818287b9532d3d0bd435?s=96&d=mm&r=g\",\"caption\":\"Lo viste en Los Pol\u00edticos\"},\"url\":\"https:\\\/\\\/lospoliticosveracruz.com\\\/?author=2\"}]}<\/script>\n<!-- \/ Yoast SEO plugin. -->","yoast_head_json":{"title":"QUIEN DIR\u00cdA QUIEN DIR\u00cdA: ENTRE BLINDADA Y ABANDONADAS - Los pol\u00edticos Veracruz","robots":{"index":"index","follow":"follow","max-snippet":"max-snippet:-1","max-image-preview":"max-image-preview:large","max-video-preview":"max-video-preview:-1"},"canonical":"https:\/\/lospoliticosveracruz.com\/?p=156195","og_locale":"es_ES","og_type":"article","og_title":"QUIEN DIR\u00cdA QUIEN DIR\u00cdA: ENTRE BLINDADA Y ABANDONADAS - Los pol\u00edticos Veracruz","og_description":"Vicente Luna Hern\u00e1ndez Dicen que \u201cNo hay mal que por bien no venga\u201d.Dicen que fue un montaje orquestado desde Palacio Nacional.La realidad social que viven las mujeres en M\u00e9xico qued\u00f3 exhibida a pleno luz del d\u00eda aunque no se quiera ver.Es grave muy grave el acoso que sufri\u00f3 la Presidenta de la Rep\u00fablica Claudia Sheinbaum [&hellip;]","og_url":"https:\/\/lospoliticosveracruz.com\/?p=156195","og_site_name":"Los pol\u00edticos Veracruz","article_publisher":"https:\/\/www.facebook.com\/people\/Notimemes-de-los-Polticos\/61565672886568\/","article_published_time":"2025-11-10T17:50:14+00:00","article_modified_time":"2025-11-10T17:50:28+00:00","og_image":[{"width":1250,"height":667,"url":"https:\/\/lospoliticosveracruz.com\/wp-content\/uploads\/2025\/04\/Vicente-Luna-Hernandez.jpg","type":"image\/jpeg"}],"author":"Lo viste en Los Pol\u00edticos","twitter_card":"summary_large_image","twitter_creator":"@LosPoliticosVer","twitter_site":"@LosPoliticosVer","twitter_misc":{"Escrito por":"Lo viste en Los Pol\u00edticos","Tiempo de lectura":"6 minutos"},"schema":{"@context":"https:\/\/schema.org","@graph":[{"@type":"Article","@id":"https:\/\/lospoliticosveracruz.com\/?p=156195#article","isPartOf":{"@id":"https:\/\/lospoliticosveracruz.com\/?p=156195"},"author":{"name":"Lo viste en Los Pol\u00edticos","@id":"https:\/\/lospoliticosveracruz.com\/#\/schema\/person\/b8702bb0e538456e6efd07080bf2a4a2"},"headline":"QUIEN DIR\u00cdA QUIEN DIR\u00cdA: ENTRE BLINDADA Y ABANDONADAS","datePublished":"2025-11-10T17:50:14+00:00","dateModified":"2025-11-10T17:50:28+00:00","mainEntityOfPage":{"@id":"https:\/\/lospoliticosveracruz.com\/?p=156195"},"wordCount":1287,"publisher":{"@id":"https:\/\/lospoliticosveracruz.com\/#organization"},"image":{"@id":"https:\/\/lospoliticosveracruz.com\/?p=156195#primaryimage"},"thumbnailUrl":"https:\/\/lospoliticosveracruz.com\/wp-content\/uploads\/2025\/04\/Vicente-Luna-Hernandez.jpg","articleSection":["De Opini\u00f3n"],"inLanguage":"es"},{"@type":"WebPage","@id":"https:\/\/lospoliticosveracruz.com\/?p=156195","url":"https:\/\/lospoliticosveracruz.com\/?p=156195","name":"QUIEN DIR\u00cdA QUIEN DIR\u00cdA: ENTRE BLINDADA Y ABANDONADAS - Los pol\u00edticos Veracruz","isPartOf":{"@id":"https:\/\/lospoliticosveracruz.com\/#website"},"primaryImageOfPage":{"@id":"https:\/\/lospoliticosveracruz.com\/?p=156195#primaryimage"},"image":{"@id":"https:\/\/lospoliticosveracruz.com\/?p=156195#primaryimage"},"thumbnailUrl":"https:\/\/lospoliticosveracruz.com\/wp-content\/uploads\/2025\/04\/Vicente-Luna-Hernandez.jpg","datePublished":"2025-11-10T17:50:14+00:00","dateModified":"2025-11-10T17:50:28+00:00","breadcrumb":{"@id":"https:\/\/lospoliticosveracruz.com\/?p=156195#breadcrumb"},"inLanguage":"es","potentialAction":[{"@type":"ReadAction","target":["https:\/\/lospoliticosveracruz.com\/?p=156195"]}]},{"@type":"ImageObject","inLanguage":"es","@id":"https:\/\/lospoliticosveracruz.com\/?p=156195#primaryimage","url":"https:\/\/lospoliticosveracruz.com\/wp-content\/uploads\/2025\/04\/Vicente-Luna-Hernandez.jpg","contentUrl":"https:\/\/lospoliticosveracruz.com\/wp-content\/uploads\/2025\/04\/Vicente-Luna-Hernandez.jpg","width":1250,"height":667},{"@type":"BreadcrumbList","@id":"https:\/\/lospoliticosveracruz.com\/?p=156195#breadcrumb","itemListElement":[{"@type":"ListItem","position":1,"name":"Portada","item":"https:\/\/lospoliticosveracruz.com\/"},{"@type":"ListItem","position":2,"name":"QUIEN DIR\u00cdA QUIEN DIR\u00cdA: ENTRE BLINDADA Y ABANDONADAS"}]},{"@type":"WebSite","@id":"https:\/\/lospoliticosveracruz.com\/#website","url":"https:\/\/lospoliticosveracruz.com\/","name":"Los pol\u00edticos Veracruz","description":"","publisher":{"@id":"https:\/\/lospoliticosveracruz.com\/#organization"},"potentialAction":[{"@type":"SearchAction","target":{"@type":"EntryPoint","urlTemplate":"https:\/\/lospoliticosveracruz.com\/?s={search_term_string}"},"query-input":{"@type":"PropertyValueSpecification","valueRequired":true,"valueName":"search_term_string"}}],"inLanguage":"es"},{"@type":"Organization","@id":"https:\/\/lospoliticosveracruz.com\/#organization","name":"Los pol\u00edticos Veracruz","url":"https:\/\/lospoliticosveracruz.com\/","logo":{"@type":"ImageObject","inLanguage":"es","@id":"https:\/\/lospoliticosveracruz.com\/#\/schema\/logo\/image\/","url":"https:\/\/lospoliticosveracruz.com\/wp-content\/uploads\/2025\/12\/Logo-Nuevo-LOS-POLITICOS-1.jpg","contentUrl":"https:\/\/lospoliticosveracruz.com\/wp-content\/uploads\/2025\/12\/Logo-Nuevo-LOS-POLITICOS-1.jpg","width":260,"height":70,"caption":"Los pol\u00edticos Veracruz"},"image":{"@id":"https:\/\/lospoliticosveracruz.com\/#\/schema\/logo\/image\/"},"sameAs":["https:\/\/www.facebook.com\/people\/Notimemes-de-los-Polticos\/61565672886568\/","https:\/\/x.com\/LosPoliticosVer"]},{"@type":"Person","@id":"https:\/\/lospoliticosveracruz.com\/#\/schema\/person\/b8702bb0e538456e6efd07080bf2a4a2","name":"Lo viste en Los Pol\u00edticos","image":{"@type":"ImageObject","inLanguage":"es","@id":"https:\/\/secure.gravatar.com\/avatar\/3a8de04a2656d44082be478bd6c086daa447c4651605818287b9532d3d0bd435?s=96&d=mm&r=g","url":"https:\/\/secure.gravatar.com\/avatar\/3a8de04a2656d44082be478bd6c086daa447c4651605818287b9532d3d0bd435?s=96&d=mm&r=g","contentUrl":"https:\/\/secure.gravatar.com\/avatar\/3a8de04a2656d44082be478bd6c086daa447c4651605818287b9532d3d0bd435?s=96&d=mm&r=g","caption":"Lo viste en Los Pol\u00edticos"},"url":"https:\/\/lospoliticosveracruz.com\/?author=2"}]}},"_links":{"self":[{"href":"https:\/\/lospoliticosveracruz.com\/index.php?rest_route=\/wp\/v2\/posts\/156195","targetHints":{"allow":["GET"]}}],"collection":[{"href":"https:\/\/lospoliticosveracruz.com\/index.php?rest_route=\/wp\/v2\/posts"}],"about":[{"href":"https:\/\/lospoliticosveracruz.com\/index.php?rest_route=\/wp\/v2\/types\/post"}],"author":[{"embeddable":true,"href":"https:\/\/lospoliticosveracruz.com\/index.php?rest_route=\/wp\/v2\/users\/2"}],"replies":[{"embeddable":true,"href":"https:\/\/lospoliticosveracruz.com\/index.php?rest_route=%2Fwp%2Fv2%2Fcomments&post=156195"}],"version-history":[{"count":1,"href":"https:\/\/lospoliticosveracruz.com\/index.php?rest_route=\/wp\/v2\/posts\/156195\/revisions"}],"predecessor-version":[{"id":156196,"href":"https:\/\/lospoliticosveracruz.com\/index.php?rest_route=\/wp\/v2\/posts\/156195\/revisions\/156196"}],"wp:featuredmedia":[{"embeddable":true,"href":"https:\/\/lospoliticosveracruz.com\/index.php?rest_route=\/wp\/v2\/media\/141415"}],"wp:attachment":[{"href":"https:\/\/lospoliticosveracruz.com\/index.php?rest_route=%2Fwp%2Fv2%2Fmedia&parent=156195"}],"wp:term":[{"taxonomy":"category","embeddable":true,"href":"https:\/\/lospoliticosveracruz.com\/index.php?rest_route=%2Fwp%2Fv2%2Fcategories&post=156195"},{"taxonomy":"post_tag","embeddable":true,"href":"https:\/\/lospoliticosveracruz.com\/index.php?rest_route=%2Fwp%2Fv2%2Ftags&post=156195"}],"curies":[{"name":"wp","href":"https:\/\/api.w.org\/{rel}","templated":true}]}}