{"id":156240,"date":"2025-11-10T23:08:24","date_gmt":"2025-11-11T05:08:24","guid":{"rendered":"https:\/\/lospoliticosveracruz.com.mx\/?p=156240"},"modified":"2025-11-10T23:10:30","modified_gmt":"2025-11-11T05:10:30","slug":"pepe-yunes-el-independiente-o-movimiento-ciudadano","status":"publish","type":"post","link":"https:\/\/lospoliticosveracruz.com\/?p=156240","title":{"rendered":"PEPE YUNES, EL INDEPENDIENTE O MOVIMIENTO CIUDADANO"},"content":{"rendered":"\n<p><strong>Ricardo Chua<\/strong><\/p>\n\n\n\n<p><em>Sale y Vale<\/em><\/p>\n\n\n\n<p>Luego que ha empezado a circular en redes sociales y grupos de whatsapp de la clase pol\u00edtica de Veracruz.. Sobre presuntas reuniones que se est\u00e1n realizando al ex senador y ex candidato a gobernador priista, Jos\u00e9 Francisco Yunes Zorrilla.. Con invitaciones color naranja.. Y despu\u00e9s de las especulaciones que el perote\u00f1o podr\u00eda ingresar a las filas de Movimiento Ciudadano y dejar al PRI.. Un pol\u00edtico de la \u00abvieja guardia\u00bb, cercano a Pepe Yunes, llam\u00f3 y despu\u00e9s del saludo, dijo: \u00abDante Delgado ha -coqueteado- a Pepe desde hace 3 a\u00f1os. Y no se fue en 2024 a MC. Pero ahora no lo s\u00e9\u00bb..<\/p>\n\n\n\n\n\n<p>Explic\u00f3 el remitente: \u00abLo que yo noto, es que Dante se sabe enfermo y si no puede continuar en el partido, es un hecho que MC se va a debilitar demasiado. Va a caer porque no hay nadie que tenga ese liderazgo. Por eso quiere a Pepe en sus filas y para el 2030. A pesar de que Pepe ya perdi\u00f3 dos veces la elecci\u00f3n a gobernador, en 2018 y 2024, pero tiene un ENORME punto a su favor, NO TIENE UN ACTO DE CORRUPCI\u00d3N, \u00e9l ha perdido por las coyunturas pol\u00edticas y por errores en campa\u00f1a, pero \u00e9l puede volver a ser porque en la oposici\u00f3n lamentablemente no hay liderazgos en Veracruz\u00bb..<\/p>\n\n\n\n<p>Tambi\u00e9n especific\u00f3: \u00abPero mira como son las cosas, posiblemente la forma en que puedan -sobrevivir- pol\u00edticamente tanto Pepe como Movimiento Ciudadano, parad\u00f3jicamente es esa ecuaci\u00f3n, de que ambos vayan juntos. Sin embargo, lo \u00fanico a lo que yo le encuentro -pero-, es que por la formaci\u00f3n de Pepe Yunes y de sus propia gente de todas las confianzas. De que a pesar de todo, \u00e9l y todos ellos quieran RENUNCIAR al PRI. No se ve o no lo ven fuera de ese partido, siempre ha sido congruente con su formaci\u00f3n priista y eso a la larga pesa, es un hombre maduro, no es un chamaco\u00bb..<\/p>\n\n\n\n<p>Este mismo personaje hizo hincapi\u00e9 en la llamada: \u00abYo lo he escuchado, como Pepe, ha dicho en reuniones, de que \u00e9l no quiere ser malagradecido con el partido que le ha dado todo. Pero \u00e9l sabe que el PRI ya no es opci\u00f3n. Ya que est\u00e1 consciente, que el tiempo y la era de los partidos ya se acab\u00f3. T\u00fa lo sabes como columnista, as\u00ed como lo sabemos muchos en Veracruz, de que MC lo \u00fanico que tiene es que est\u00e1 -inflado- en redes sociales, que se ha traducido en votos. Tiene el -halo- de que es un partido -palero- de MORENA, entonces, Pepe est\u00e1 en ese dilema. Qu\u00e9 hacer\u00bb..<\/p>\n\n\n\n<p>Prosigui\u00f3: \u00abAdem\u00e1s Pepe busca que haya m\u00e1s partidos pol\u00edticos de oposici\u00f3n para competir a MORENA. Pero tambi\u00e9n \u00e9l debe tener claro, que la ruta son las independientes. Por eso, este Yunes -rojo- anda explorando, uno puede ser MC, yo no lo descarto. Ya Dante le ofreci\u00f3 ser candidato en 2024 y le dijo que no, a pesar de que Dante le ofreci\u00f3 que \u00e9l pusiera todas las candidaturas a diputados locales, pero dijo que no. Hoy el mismo Pepe se ha dado cuenta que es otra coyuntura, muy distinta a la de hace un a\u00f1o y mucho m\u00e1s de hace 7 a\u00f1os\u00bb.<\/p>\n\n\n\n<p>De la misma manera hizo hincapi\u00e9: \u00abLo que seguro Pepe est\u00e1 percibiendo, es el retroceso que han tenido los partidos de la 4T, pero que el PRI, al menos en Veracruz, no tiene la oportunidad de volver a crecer, no tan r\u00e1pido, \u00e9l no tiene buena relaci\u00f3n con -Alito-, pero tampoco est\u00e1 haciendo la -jugada- como con H\u00e9ctor (Yunes), de hacer su partido local, ya no les da tiempo, ya no pueden hacerlo, entonces, va a explorar si va por una independiente pasando por MC que no se excluye, pero \u00e9l seguir\u00e1 en la pol\u00edtica y no ser\u00e1 candidato a diputado. Pero est\u00e1 revisando qu\u00e9 hacer\u00bb..<\/p>\n\n\n\n<p>Tambi\u00e9n especific\u00f3: \u00abPepe a estas alturas, ya debe tener claro que debe buscar opciones. Pero muchas de estas reuniones donde \u00e9l acudir\u00e1 y te llega la invitaci\u00f3n por correos o mensajes, y que vienen de color naranja, eso se lo hacen, \u00e9l no realiza la invitaci\u00f3n y ah\u00ed creo que intentan muchos llevar -agua a su molino-. Pero \u00e9l no se molesta, al contrario, explora como se ve y qu\u00e9 dicen. Ya que est\u00e1 viendo como en MORENA, se est\u00e1n acabando entre ellos mismos, y por eso va a esperar el mejor momento, por eso observa a Movimiento Ciudadano, pero no da su -brazo a torcer- a\u00fan no\u00bb..<\/p>\n\n\n\n<p>El viejo pol\u00edtico desde el celular menciona: \u00abTampoco hay que ser muy -grillo- para darse cuenta que MC se est\u00e1 sectorizando en sus -tribus- nacionales, m\u00e1s despu\u00e9s de la enfermedad de Dante. Vean Enrique Alfaro qued\u00f3 muy da\u00f1ado y a lo mejor ya no anda con ellos. Y en MC dicen que Jorge Alvarez Maynez convenci\u00f3 a Dante, de que \u00e9l va a ser el candidato en 2030. Qu\u00e9 significa eso, que ni Luis Donaldo Colosio, ni Samuel Garc\u00eda lo van a apoyar. Ya ni siquiera en una -parranda- en un palco de San Nicol\u00e1s de Los Garzas como la vez pasada. Eso se acab\u00f3\u00bb..<\/p>\n\n\n\n<p>Todav\u00eda revir\u00f3: \u00abPero entonces en caso de que Movimiento Ciudadano tenga fuerza electoral en 2030. Si no retiene a Nuevo Le\u00f3n en 2027 o no gana Campeche, se van a destrozar. As\u00ed que por m\u00e1s canciones que hagan, no les va a dar. Y tendr\u00e1n problemas en estados donde tienen presencia porque si a Dante Delgado, su vuelve a retirar de la pol\u00edtica, todo se le puede salir de las manos, hasta el tema de la selecci\u00f3n de candidato Presidencial. Lo que puede generar, que sin Dante en activo, MC se quede en la -orfandad- pol\u00edtica. Eso es peligroso, pero ah\u00ed estar\u00eda Pepe\u00bb.. Se despidi\u00f3 y colg\u00f3..<\/p>\n\n\n\n<p>REFLEXI\u00d3N.. MC en caso de -orfandad- en Veracruz. Pepe Yunes puede -heredar- esa franquicia que ser\u00eda Movimiento Ciudadano.. Sin figuras del nivel de Dante Delgado en MC en la entidad, Pepe Yunes podr\u00eda ser el que se \u00abquede\u00bb con ese liderazgo en el partido. Finalmente, Dante y Pepe son veracruzanos, la gestaci\u00f3n de MC inici\u00f3 en Veracruz. Todo ser\u00eda simb\u00f3lico. De esa manera, puede ser que MC no pierda todo lo ganado y que Pepe Yunes pueda \u00abresurgir\u00bb como \u00abnaranja\u00bb en 2030. Pero mientras el perote\u00f1o no renuncie al PRI.. Todo son \u00abFANTAS\u00cdAS TROPICALES\u00bb.. AMEN<\/p>\n","protected":false},"excerpt":{"rendered":"<p>Ricardo Chua Sale y Vale Luego que ha empezado a circular en redes sociales y grupos de whatsapp de la clase pol\u00edtica de Veracruz.. Sobre presuntas reuniones que se est\u00e1n realizando al ex senador y ex candidato a gobernador priista, Jos\u00e9 Francisco Yunes Zorrilla.. Con invitaciones color naranja.. Y despu\u00e9s de las especulaciones que el [&hellip;]<\/p>\n","protected":false},"author":2,"featured_media":141434,"comment_status":"closed","ping_status":"closed","sticky":false,"template":"","format":"standard","meta":{"tdm_status":"","tdm_grid_status":"","footnotes":""},"categories":[70],"tags":[2219,2327,570,251],"class_list":{"0":"post-156240","1":"post","2":"type-post","3":"status-publish","4":"format-standard","5":"has-post-thumbnail","7":"category-de-opinion","8":"tag-dante-delgado","9":"tag-movimiento-ciudadano","10":"tag-pepe-yunes","11":"tag-pri"},"yoast_head":"<!-- This site is optimized with the Yoast SEO plugin v27.4 - https:\/\/yoast.com\/product\/yoast-seo-wordpress\/ -->\n<title>PEPE YUNES, EL INDEPENDIENTE O MOVIMIENTO CIUDADANO - Los pol\u00edticos Veracruz<\/title>\n<meta name=\"robots\" content=\"index, follow, max-snippet:-1, max-image-preview:large, max-video-preview:-1\" \/>\n<link rel=\"canonical\" href=\"https:\/\/lospoliticosveracruz.com\/?p=156240\" \/>\n<meta property=\"og:locale\" content=\"es_ES\" \/>\n<meta property=\"og:type\" content=\"article\" \/>\n<meta property=\"og:title\" content=\"PEPE YUNES, EL INDEPENDIENTE O MOVIMIENTO CIUDADANO - Los pol\u00edticos Veracruz\" \/>\n<meta property=\"og:description\" content=\"Ricardo Chua Sale y Vale Luego que ha empezado a circular en redes sociales y grupos de whatsapp de la clase pol\u00edtica de Veracruz.. Sobre presuntas reuniones que se est\u00e1n realizando al ex senador y ex candidato a gobernador priista, Jos\u00e9 Francisco Yunes Zorrilla.. Con invitaciones color naranja.. Y despu\u00e9s de las especulaciones que el [&hellip;]\" \/>\n<meta property=\"og:url\" content=\"https:\/\/lospoliticosveracruz.com\/?p=156240\" \/>\n<meta property=\"og:site_name\" content=\"Los pol\u00edticos Veracruz\" \/>\n<meta property=\"article:publisher\" content=\"https:\/\/www.facebook.com\/people\/Notimemes-de-los-Polticos\/61565672886568\/\" \/>\n<meta property=\"article:published_time\" content=\"2025-11-11T05:08:24+00:00\" \/>\n<meta property=\"article:modified_time\" content=\"2025-11-11T05:10:30+00:00\" \/>\n<meta property=\"og:image\" content=\"https:\/\/lospoliticosveracruz.com\/wp-content\/uploads\/2025\/04\/Chua-e1761364658706.jpg\" \/>\n\t<meta property=\"og:image:width\" content=\"600\" \/>\n\t<meta property=\"og:image:height\" content=\"320\" \/>\n\t<meta property=\"og:image:type\" content=\"image\/jpeg\" \/>\n<meta name=\"author\" content=\"Lo viste en Los Pol\u00edticos\" \/>\n<meta name=\"twitter:card\" content=\"summary_large_image\" \/>\n<meta name=\"twitter:creator\" content=\"@LosPoliticosVer\" \/>\n<meta name=\"twitter:site\" content=\"@LosPoliticosVer\" \/>\n<meta name=\"twitter:label1\" content=\"Escrito por\" \/>\n\t<meta name=\"twitter:data1\" content=\"Lo viste en Los Pol\u00edticos\" \/>\n\t<meta name=\"twitter:label2\" content=\"Tiempo de lectura\" \/>\n\t<meta name=\"twitter:data2\" content=\"6 minutos\" \/>\n<script type=\"application\/ld+json\" class=\"yoast-schema-graph\">{\"@context\":\"https:\\\/\\\/schema.org\",\"@graph\":[{\"@type\":\"Article\",\"@id\":\"https:\\\/\\\/lospoliticosveracruz.com\\\/?p=156240#article\",\"isPartOf\":{\"@id\":\"https:\\\/\\\/lospoliticosveracruz.com\\\/?p=156240\"},\"author\":{\"name\":\"Lo viste en Los Pol\u00edticos\",\"@id\":\"https:\\\/\\\/lospoliticosveracruz.com\\\/#\\\/schema\\\/person\\\/b8702bb0e538456e6efd07080bf2a4a2\"},\"headline\":\"PEPE YUNES, EL INDEPENDIENTE O MOVIMIENTO CIUDADANO\",\"datePublished\":\"2025-11-11T05:08:24+00:00\",\"dateModified\":\"2025-11-11T05:10:30+00:00\",\"mainEntityOfPage\":{\"@id\":\"https:\\\/\\\/lospoliticosveracruz.com\\\/?p=156240\"},\"wordCount\":1113,\"publisher\":{\"@id\":\"https:\\\/\\\/lospoliticosveracruz.com\\\/#organization\"},\"image\":{\"@id\":\"https:\\\/\\\/lospoliticosveracruz.com\\\/?p=156240#primaryimage\"},\"thumbnailUrl\":\"https:\\\/\\\/lospoliticosveracruz.com\\\/wp-content\\\/uploads\\\/2025\\\/04\\\/Chua-e1761364658706.jpg\",\"keywords\":[\"Dante Delgado\",\"Movimiento Ciudadano\",\"Pepe Yunes\",\"PRI\"],\"articleSection\":[\"De Opini\u00f3n\"],\"inLanguage\":\"es\"},{\"@type\":\"WebPage\",\"@id\":\"https:\\\/\\\/lospoliticosveracruz.com\\\/?p=156240\",\"url\":\"https:\\\/\\\/lospoliticosveracruz.com\\\/?p=156240\",\"name\":\"PEPE YUNES, EL INDEPENDIENTE O MOVIMIENTO CIUDADANO - Los pol\u00edticos Veracruz\",\"isPartOf\":{\"@id\":\"https:\\\/\\\/lospoliticosveracruz.com\\\/#website\"},\"primaryImageOfPage\":{\"@id\":\"https:\\\/\\\/lospoliticosveracruz.com\\\/?p=156240#primaryimage\"},\"image\":{\"@id\":\"https:\\\/\\\/lospoliticosveracruz.com\\\/?p=156240#primaryimage\"},\"thumbnailUrl\":\"https:\\\/\\\/lospoliticosveracruz.com\\\/wp-content\\\/uploads\\\/2025\\\/04\\\/Chua-e1761364658706.jpg\",\"datePublished\":\"2025-11-11T05:08:24+00:00\",\"dateModified\":\"2025-11-11T05:10:30+00:00\",\"breadcrumb\":{\"@id\":\"https:\\\/\\\/lospoliticosveracruz.com\\\/?p=156240#breadcrumb\"},\"inLanguage\":\"es\",\"potentialAction\":[{\"@type\":\"ReadAction\",\"target\":[\"https:\\\/\\\/lospoliticosveracruz.com\\\/?p=156240\"]}]},{\"@type\":\"ImageObject\",\"inLanguage\":\"es\",\"@id\":\"https:\\\/\\\/lospoliticosveracruz.com\\\/?p=156240#primaryimage\",\"url\":\"https:\\\/\\\/lospoliticosveracruz.com\\\/wp-content\\\/uploads\\\/2025\\\/04\\\/Chua-e1761364658706.jpg\",\"contentUrl\":\"https:\\\/\\\/lospoliticosveracruz.com\\\/wp-content\\\/uploads\\\/2025\\\/04\\\/Chua-e1761364658706.jpg\",\"width\":600,\"height\":320},{\"@type\":\"BreadcrumbList\",\"@id\":\"https:\\\/\\\/lospoliticosveracruz.com\\\/?p=156240#breadcrumb\",\"itemListElement\":[{\"@type\":\"ListItem\",\"position\":1,\"name\":\"Portada\",\"item\":\"https:\\\/\\\/lospoliticosveracruz.com\\\/\"},{\"@type\":\"ListItem\",\"position\":2,\"name\":\"PEPE YUNES, EL INDEPENDIENTE O MOVIMIENTO CIUDADANO\"}]},{\"@type\":\"WebSite\",\"@id\":\"https:\\\/\\\/lospoliticosveracruz.com\\\/#website\",\"url\":\"https:\\\/\\\/lospoliticosveracruz.com\\\/\",\"name\":\"Los pol\u00edticos Veracruz\",\"description\":\"\",\"publisher\":{\"@id\":\"https:\\\/\\\/lospoliticosveracruz.com\\\/#organization\"},\"potentialAction\":[{\"@type\":\"SearchAction\",\"target\":{\"@type\":\"EntryPoint\",\"urlTemplate\":\"https:\\\/\\\/lospoliticosveracruz.com\\\/?s={search_term_string}\"},\"query-input\":{\"@type\":\"PropertyValueSpecification\",\"valueRequired\":true,\"valueName\":\"search_term_string\"}}],\"inLanguage\":\"es\"},{\"@type\":\"Organization\",\"@id\":\"https:\\\/\\\/lospoliticosveracruz.com\\\/#organization\",\"name\":\"Los pol\u00edticos Veracruz\",\"url\":\"https:\\\/\\\/lospoliticosveracruz.com\\\/\",\"logo\":{\"@type\":\"ImageObject\",\"inLanguage\":\"es\",\"@id\":\"https:\\\/\\\/lospoliticosveracruz.com\\\/#\\\/schema\\\/logo\\\/image\\\/\",\"url\":\"https:\\\/\\\/lospoliticosveracruz.com\\\/wp-content\\\/uploads\\\/2025\\\/12\\\/Logo-Nuevo-LOS-POLITICOS-1.jpg\",\"contentUrl\":\"https:\\\/\\\/lospoliticosveracruz.com\\\/wp-content\\\/uploads\\\/2025\\\/12\\\/Logo-Nuevo-LOS-POLITICOS-1.jpg\",\"width\":260,\"height\":70,\"caption\":\"Los pol\u00edticos Veracruz\"},\"image\":{\"@id\":\"https:\\\/\\\/lospoliticosveracruz.com\\\/#\\\/schema\\\/logo\\\/image\\\/\"},\"sameAs\":[\"https:\\\/\\\/www.facebook.com\\\/people\\\/Notimemes-de-los-Polticos\\\/61565672886568\\\/\",\"https:\\\/\\\/x.com\\\/LosPoliticosVer\"]},{\"@type\":\"Person\",\"@id\":\"https:\\\/\\\/lospoliticosveracruz.com\\\/#\\\/schema\\\/person\\\/b8702bb0e538456e6efd07080bf2a4a2\",\"name\":\"Lo viste en Los Pol\u00edticos\",\"image\":{\"@type\":\"ImageObject\",\"inLanguage\":\"es\",\"@id\":\"https:\\\/\\\/secure.gravatar.com\\\/avatar\\\/3a8de04a2656d44082be478bd6c086daa447c4651605818287b9532d3d0bd435?s=96&d=mm&r=g\",\"url\":\"https:\\\/\\\/secure.gravatar.com\\\/avatar\\\/3a8de04a2656d44082be478bd6c086daa447c4651605818287b9532d3d0bd435?s=96&d=mm&r=g\",\"contentUrl\":\"https:\\\/\\\/secure.gravatar.com\\\/avatar\\\/3a8de04a2656d44082be478bd6c086daa447c4651605818287b9532d3d0bd435?s=96&d=mm&r=g\",\"caption\":\"Lo viste en Los Pol\u00edticos\"},\"url\":\"https:\\\/\\\/lospoliticosveracruz.com\\\/?author=2\"}]}<\/script>\n<!-- \/ Yoast SEO plugin. -->","yoast_head_json":{"title":"PEPE YUNES, EL INDEPENDIENTE O MOVIMIENTO CIUDADANO - Los pol\u00edticos Veracruz","robots":{"index":"index","follow":"follow","max-snippet":"max-snippet:-1","max-image-preview":"max-image-preview:large","max-video-preview":"max-video-preview:-1"},"canonical":"https:\/\/lospoliticosveracruz.com\/?p=156240","og_locale":"es_ES","og_type":"article","og_title":"PEPE YUNES, EL INDEPENDIENTE O MOVIMIENTO CIUDADANO - Los pol\u00edticos Veracruz","og_description":"Ricardo Chua Sale y Vale Luego que ha empezado a circular en redes sociales y grupos de whatsapp de la clase pol\u00edtica de Veracruz.. Sobre presuntas reuniones que se est\u00e1n realizando al ex senador y ex candidato a gobernador priista, Jos\u00e9 Francisco Yunes Zorrilla.. Con invitaciones color naranja.. Y despu\u00e9s de las especulaciones que el [&hellip;]","og_url":"https:\/\/lospoliticosveracruz.com\/?p=156240","og_site_name":"Los pol\u00edticos Veracruz","article_publisher":"https:\/\/www.facebook.com\/people\/Notimemes-de-los-Polticos\/61565672886568\/","article_published_time":"2025-11-11T05:08:24+00:00","article_modified_time":"2025-11-11T05:10:30+00:00","og_image":[{"width":600,"height":320,"url":"https:\/\/lospoliticosveracruz.com\/wp-content\/uploads\/2025\/04\/Chua-e1761364658706.jpg","type":"image\/jpeg"}],"author":"Lo viste en Los Pol\u00edticos","twitter_card":"summary_large_image","twitter_creator":"@LosPoliticosVer","twitter_site":"@LosPoliticosVer","twitter_misc":{"Escrito por":"Lo viste en Los Pol\u00edticos","Tiempo de lectura":"6 minutos"},"schema":{"@context":"https:\/\/schema.org","@graph":[{"@type":"Article","@id":"https:\/\/lospoliticosveracruz.com\/?p=156240#article","isPartOf":{"@id":"https:\/\/lospoliticosveracruz.com\/?p=156240"},"author":{"name":"Lo viste en Los Pol\u00edticos","@id":"https:\/\/lospoliticosveracruz.com\/#\/schema\/person\/b8702bb0e538456e6efd07080bf2a4a2"},"headline":"PEPE YUNES, EL INDEPENDIENTE O MOVIMIENTO CIUDADANO","datePublished":"2025-11-11T05:08:24+00:00","dateModified":"2025-11-11T05:10:30+00:00","mainEntityOfPage":{"@id":"https:\/\/lospoliticosveracruz.com\/?p=156240"},"wordCount":1113,"publisher":{"@id":"https:\/\/lospoliticosveracruz.com\/#organization"},"image":{"@id":"https:\/\/lospoliticosveracruz.com\/?p=156240#primaryimage"},"thumbnailUrl":"https:\/\/lospoliticosveracruz.com\/wp-content\/uploads\/2025\/04\/Chua-e1761364658706.jpg","keywords":["Dante Delgado","Movimiento Ciudadano","Pepe Yunes","PRI"],"articleSection":["De Opini\u00f3n"],"inLanguage":"es"},{"@type":"WebPage","@id":"https:\/\/lospoliticosveracruz.com\/?p=156240","url":"https:\/\/lospoliticosveracruz.com\/?p=156240","name":"PEPE YUNES, EL INDEPENDIENTE O MOVIMIENTO CIUDADANO - Los pol\u00edticos Veracruz","isPartOf":{"@id":"https:\/\/lospoliticosveracruz.com\/#website"},"primaryImageOfPage":{"@id":"https:\/\/lospoliticosveracruz.com\/?p=156240#primaryimage"},"image":{"@id":"https:\/\/lospoliticosveracruz.com\/?p=156240#primaryimage"},"thumbnailUrl":"https:\/\/lospoliticosveracruz.com\/wp-content\/uploads\/2025\/04\/Chua-e1761364658706.jpg","datePublished":"2025-11-11T05:08:24+00:00","dateModified":"2025-11-11T05:10:30+00:00","breadcrumb":{"@id":"https:\/\/lospoliticosveracruz.com\/?p=156240#breadcrumb"},"inLanguage":"es","potentialAction":[{"@type":"ReadAction","target":["https:\/\/lospoliticosveracruz.com\/?p=156240"]}]},{"@type":"ImageObject","inLanguage":"es","@id":"https:\/\/lospoliticosveracruz.com\/?p=156240#primaryimage","url":"https:\/\/lospoliticosveracruz.com\/wp-content\/uploads\/2025\/04\/Chua-e1761364658706.jpg","contentUrl":"https:\/\/lospoliticosveracruz.com\/wp-content\/uploads\/2025\/04\/Chua-e1761364658706.jpg","width":600,"height":320},{"@type":"BreadcrumbList","@id":"https:\/\/lospoliticosveracruz.com\/?p=156240#breadcrumb","itemListElement":[{"@type":"ListItem","position":1,"name":"Portada","item":"https:\/\/lospoliticosveracruz.com\/"},{"@type":"ListItem","position":2,"name":"PEPE YUNES, EL INDEPENDIENTE O MOVIMIENTO CIUDADANO"}]},{"@type":"WebSite","@id":"https:\/\/lospoliticosveracruz.com\/#website","url":"https:\/\/lospoliticosveracruz.com\/","name":"Los pol\u00edticos Veracruz","description":"","publisher":{"@id":"https:\/\/lospoliticosveracruz.com\/#organization"},"potentialAction":[{"@type":"SearchAction","target":{"@type":"EntryPoint","urlTemplate":"https:\/\/lospoliticosveracruz.com\/?s={search_term_string}"},"query-input":{"@type":"PropertyValueSpecification","valueRequired":true,"valueName":"search_term_string"}}],"inLanguage":"es"},{"@type":"Organization","@id":"https:\/\/lospoliticosveracruz.com\/#organization","name":"Los pol\u00edticos Veracruz","url":"https:\/\/lospoliticosveracruz.com\/","logo":{"@type":"ImageObject","inLanguage":"es","@id":"https:\/\/lospoliticosveracruz.com\/#\/schema\/logo\/image\/","url":"https:\/\/lospoliticosveracruz.com\/wp-content\/uploads\/2025\/12\/Logo-Nuevo-LOS-POLITICOS-1.jpg","contentUrl":"https:\/\/lospoliticosveracruz.com\/wp-content\/uploads\/2025\/12\/Logo-Nuevo-LOS-POLITICOS-1.jpg","width":260,"height":70,"caption":"Los pol\u00edticos Veracruz"},"image":{"@id":"https:\/\/lospoliticosveracruz.com\/#\/schema\/logo\/image\/"},"sameAs":["https:\/\/www.facebook.com\/people\/Notimemes-de-los-Polticos\/61565672886568\/","https:\/\/x.com\/LosPoliticosVer"]},{"@type":"Person","@id":"https:\/\/lospoliticosveracruz.com\/#\/schema\/person\/b8702bb0e538456e6efd07080bf2a4a2","name":"Lo viste en Los Pol\u00edticos","image":{"@type":"ImageObject","inLanguage":"es","@id":"https:\/\/secure.gravatar.com\/avatar\/3a8de04a2656d44082be478bd6c086daa447c4651605818287b9532d3d0bd435?s=96&d=mm&r=g","url":"https:\/\/secure.gravatar.com\/avatar\/3a8de04a2656d44082be478bd6c086daa447c4651605818287b9532d3d0bd435?s=96&d=mm&r=g","contentUrl":"https:\/\/secure.gravatar.com\/avatar\/3a8de04a2656d44082be478bd6c086daa447c4651605818287b9532d3d0bd435?s=96&d=mm&r=g","caption":"Lo viste en Los Pol\u00edticos"},"url":"https:\/\/lospoliticosveracruz.com\/?author=2"}]}},"_links":{"self":[{"href":"https:\/\/lospoliticosveracruz.com\/index.php?rest_route=\/wp\/v2\/posts\/156240","targetHints":{"allow":["GET"]}}],"collection":[{"href":"https:\/\/lospoliticosveracruz.com\/index.php?rest_route=\/wp\/v2\/posts"}],"about":[{"href":"https:\/\/lospoliticosveracruz.com\/index.php?rest_route=\/wp\/v2\/types\/post"}],"author":[{"embeddable":true,"href":"https:\/\/lospoliticosveracruz.com\/index.php?rest_route=\/wp\/v2\/users\/2"}],"replies":[{"embeddable":true,"href":"https:\/\/lospoliticosveracruz.com\/index.php?rest_route=%2Fwp%2Fv2%2Fcomments&post=156240"}],"version-history":[{"count":2,"href":"https:\/\/lospoliticosveracruz.com\/index.php?rest_route=\/wp\/v2\/posts\/156240\/revisions"}],"predecessor-version":[{"id":156243,"href":"https:\/\/lospoliticosveracruz.com\/index.php?rest_route=\/wp\/v2\/posts\/156240\/revisions\/156243"}],"wp:featuredmedia":[{"embeddable":true,"href":"https:\/\/lospoliticosveracruz.com\/index.php?rest_route=\/wp\/v2\/media\/141434"}],"wp:attachment":[{"href":"https:\/\/lospoliticosveracruz.com\/index.php?rest_route=%2Fwp%2Fv2%2Fmedia&parent=156240"}],"wp:term":[{"taxonomy":"category","embeddable":true,"href":"https:\/\/lospoliticosveracruz.com\/index.php?rest_route=%2Fwp%2Fv2%2Fcategories&post=156240"},{"taxonomy":"post_tag","embeddable":true,"href":"https:\/\/lospoliticosveracruz.com\/index.php?rest_route=%2Fwp%2Fv2%2Ftags&post=156240"}],"curies":[{"name":"wp","href":"https:\/\/api.w.org\/{rel}","templated":true}]}}