{"id":156253,"date":"2025-11-11T08:51:02","date_gmt":"2025-11-11T14:51:02","guid":{"rendered":"https:\/\/lospoliticosveracruz.com.mx\/?p=156253"},"modified":"2025-11-11T09:29:27","modified_gmt":"2025-11-11T15:29:27","slug":"asi-quedan-xalapa-coatepec-xico-zapata-y-actopan","status":"publish","type":"post","link":"https:\/\/lospoliticosveracruz.com\/?p=156253","title":{"rendered":"AS\u00cd QUEDAN XALAPA, COATEPEC, XICO, ZAPATA Y ACTOPAN!"},"content":{"rendered":"\n<p>S\u00edguenos ahora tambi\u00e9n en WhatsApp.\u00a0\u00a1<a href=\"https:\/\/whatsapp.com\/channel\/0029Va8zRWlEKyZIP3Z1dF0e\"><strong>Da clic aqu\u00ed<\/strong><\/a><strong>!<\/strong><\/p>\n\n\n\n<p><strong>Karla M\u00e9ndez&nbsp;<\/strong><\/p>\n\n\n\n<p>La noche de este lunes, el <strong>Consejo General del Organismo P\u00fablico Local Electoral (OPLE)<\/strong> aprob\u00f3 las regidur\u00edas de m\u00e1s de 100 ayuntamientos, donde de 563 asignadas, 403 fueron para mujeres y 160 para hombres.<\/p>\n\n\n\n<p>Estas fueron las regidur\u00edas asignadas para <strong>Xalapa<\/strong>, <strong>Coatepec<\/strong>, <strong>Xico<\/strong>, <strong>Emiliano Zapata<\/strong> y <strong>Actopan<\/strong>:<\/p>\n\n\n\n\n\n<h3 class=\"wp-block-heading\"><strong>Xalapa<\/strong><\/h3>\n\n\n\n<p><strong>Alcaldesa: Daniela Griego Ceballos<\/strong><\/p>\n\n\n\n<p><strong>MORENA<\/strong><\/p>\n\n\n\n<ul class=\"wp-block-list\">\n<li>Regidur\u00eda 1: <strong>Diana Julieta Aguilar Ortega<\/strong><\/li>\n\n\n\n<li>Regidur\u00eda 2: <strong>Axel Fern\u00e1ndez Cambambia<\/strong><\/li>\n\n\n\n<li>Regidur\u00eda 3: <strong>Susan Liliana Morales Segura<\/strong><\/li>\n\n\n\n<li>Regidur\u00eda 4: <strong>Alfonso Osegueda Cruz<\/strong><\/li>\n\n\n\n<li>Regidur\u00eda 5: <strong>Raquel Rosal\u00eda Casta\u00f1eda Gonz\u00e1lez<\/strong><\/li>\n<\/ul>\n\n\n\n<p><strong>Movimiento Ciudadano (MC)<\/strong><\/p>\n\n\n\n<ul class=\"wp-block-list\">\n<li>Regidur\u00eda 6: <strong>Hilda Elvia Aguilar Arroyo<\/strong><\/li>\n\n\n\n<li>Regidur\u00eda 7: <strong>Diego Moreno Mart\u00ednez<\/strong><\/li>\n\n\n\n<li>Regidur\u00eda 8: <strong>Clarissa Monserrat L\u00f3pez Morales<\/strong><\/li>\n\n\n\n<li>Regidur\u00eda 9: <strong>Joaqu\u00edn Alejandro Cano Hern\u00e1ndez<\/strong><\/li>\n<\/ul>\n\n\n\n<p><strong>PRI<\/strong><\/p>\n\n\n\n<ul class=\"wp-block-list\">\n<li>Regidur\u00eda 10: <strong>M\u00f3nica Mendoza Madrigal<\/strong><\/li>\n\n\n\n<li>Regidur\u00eda 11: <strong>Dalos Ulises Rodr\u00edguez Vargas<\/strong><\/li>\n<\/ul>\n\n\n\n<p><strong>PAN<\/strong><\/p>\n\n\n\n<ul class=\"wp-block-list\">\n<li>Regidur\u00eda 12: <strong>Flor de Mar\u00eda Mendoza Mu\u00f1iz<\/strong><\/li>\n<\/ul>\n\n\n\n<p><strong>PVEM<\/strong><\/p>\n\n\n\n<ul class=\"wp-block-list\">\n<li>Regidur\u00eda 13: <strong>Priscila Nataly Labastida Vega<\/strong><\/li>\n<\/ul>\n\n\n\n<h3 class=\"wp-block-heading\"><strong>Coatepec<\/strong><\/h3>\n\n\n\n<p><strong>Alcalde: Ignacio Luna Hern\u00e1ndez<\/strong><\/p>\n\n\n\n<p><strong>MORENA<\/strong><\/p>\n\n\n\n<ul class=\"wp-block-list\">\n<li>Regidur\u00eda 1: <strong>Susana Hern\u00e1ndez Carmona<\/strong><\/li>\n\n\n\n<li>Regidur\u00eda 2: <strong>Eliseo Cortina Dom\u00ednguez<\/strong><\/li>\n\n\n\n<li>Regidur\u00eda 3: <strong>Virginia Garc\u00eda Mart\u00ednez<\/strong><\/li>\n\n\n\n<li>Regidur\u00eda 7: <strong>Edgar Manuel D\u00edaz Quiroz<\/strong><\/li>\n<\/ul>\n\n\n\n<p><strong>Movimiento Ciudadano (MC)<\/strong><\/p>\n\n\n\n<ul class=\"wp-block-list\">\n<li>Regidur\u00eda 4: <strong>Vianey Guadalupe Arg\u00fcelles Nava<\/strong><\/li>\n\n\n\n<li>Regidur\u00eda 5: <strong>Andr\u00e9s Cuevas Melo<\/strong><\/li>\n<\/ul>\n\n\n\n<p><strong>PAN<\/strong><\/p>\n\n\n\n<ul class=\"wp-block-list\">\n<li>Regidur\u00eda 6: <strong>Adaliz Colorado Lozada<\/strong><\/li>\n<\/ul>\n\n\n\n<p><strong>PRI<\/strong><\/p>\n\n\n\n<ul class=\"wp-block-list\">\n<li>Regidur\u00eda 8: <strong>Margarita Edith Garrido Medrano<\/strong><\/li>\n<\/ul>\n\n\n\n<h3 class=\"wp-block-heading\"><strong>Emiliano Zapata<\/strong><\/h3>\n\n\n\n<p><strong>Alcalde: Daniel Baizabal Gonz\u00e1lez<\/strong><\/p>\n\n\n\n<p><strong>MORENA<\/strong><\/p>\n\n\n\n<ul class=\"wp-block-list\">\n<li>Regidur\u00eda 1: <strong>Alma Nallely Ruiz Maldonado<\/strong><\/li>\n\n\n\n<li>Regidur\u00eda 3: <strong>Renato Alarc\u00f3n Guevara<\/strong><\/li>\n<\/ul>\n\n\n\n<p><strong>Movimiento Ciudadano (MC)<\/strong><\/p>\n\n\n\n<ul class=\"wp-block-list\">\n<li>Regidur\u00eda 2: <strong>Mireya P\u00e9rez Jim\u00e9nez<\/strong><\/li>\n\n\n\n<li>Regidur\u00eda 5: <strong>Gaspar Campos S\u00e1nchez<\/strong><\/li>\n<\/ul>\n\n\n\n<p><strong>PAN<\/strong><\/p>\n\n\n\n<ul class=\"wp-block-list\">\n<li>Regidur\u00eda 4: <strong>Austreberta Santamar\u00eda Rivera<\/strong><\/li>\n<\/ul>\n\n\n\n<h3 class=\"wp-block-heading\"><strong>Xico<\/strong><\/h3>\n\n\n\n<p><strong>Alcalde: Eduardo Pozos P\u00e9rez<\/strong><\/p>\n\n\n\n<p><strong>MORENA<\/strong><\/p>\n\n\n\n<ul class=\"wp-block-list\">\n<li>Regidur\u00eda 1: <strong>Mar\u00eda Isabel Garc\u00eda Luna<\/strong><\/li>\n\n\n\n<li>Regidur\u00eda 2: <strong>Luis Cervando Dur\u00e1n Galv\u00e1n<\/strong><\/li>\n<\/ul>\n\n\n\n<p><strong>Movimiento Ciudadano (MC)<\/strong><\/p>\n\n\n\n<ul class=\"wp-block-list\">\n<li>Regidur\u00eda 3: <strong>Zarai Molina Su\u00e1rez<\/strong><\/li>\n<\/ul>\n\n\n\n<h3 class=\"wp-block-heading\"><strong>Actopan<\/strong><\/h3>\n\n\n\n<p><strong>Alcalde: Eduardo Utrera Carreto<\/strong><\/p>\n\n\n\n<p><strong>MORENA<\/strong><\/p>\n\n\n\n<ul class=\"wp-block-list\">\n<li>Regidur\u00eda 1: <strong>Ashanty Amari Garc\u00eda Gonz\u00e1lez<\/strong><\/li>\n\n\n\n<li>Regidur\u00eda 2: <strong>\u00c1lvaro Bret\u00f3n Rojas<\/strong><\/li>\n<\/ul>\n\n\n\n<p><strong>PT<\/strong><\/p>\n\n\n\n<ul class=\"wp-block-list\">\n<li>Regidur\u00eda 3: <strong>M\u00f3nica V\u00e1zquez Galicia<\/strong><\/li>\n\n\n\n<li>Regidur\u00eda 4: <strong>Nabor Mart\u00ednez Utrera<\/strong><\/li>\n<\/ul>\n\n\n\n<p><strong>Movimiento Ciudadano (MC)<\/strong><\/p>\n\n\n\n<ul class=\"wp-block-list\">\n<li>Regidur\u00eda 5: <strong>Mar\u00eda Flora Rosado Viveros<\/strong><\/li>\n<\/ul>\n\n\n\n<p>Cada <strong>partido pol\u00edtico<\/strong> har\u00e1 entrega de las <strong>constancias de regidur\u00edas<\/strong> expedidas por el <strong>OPLE Veracruz<\/strong> antes del 30 de diciembre.<\/p>\n","protected":false},"excerpt":{"rendered":"<p>Karla M\u00e9ndez&nbsp; La noche de este lunes, el Consejo General del Organismo P\u00fablico Local Electoral (OPLE) aprob\u00f3 las regidur\u00edas de m\u00e1s de 100 ayuntamientos, donde de 563 asignadas, 403 fueron para mujeres y 160 para hombres. Estas fueron las regidur\u00edas asignadas para Xalapa, Coatepec, Xico, Emiliano Zapata y Actopan: Xalapa Alcaldesa: Daniela Griego Ceballos MORENA [&hellip;]<\/p>\n","protected":false},"author":2,"featured_media":82108,"comment_status":"closed","ping_status":"closed","sticky":false,"template":"","format":"standard","meta":{"tdm_status":"","tdm_grid_status":"","footnotes":""},"categories":[6446],"tags":[47185,12446,47187,47184],"class_list":{"0":"post-156253","1":"post","2":"type-post","3":"status-publish","4":"format-standard","5":"has-post-thumbnail","7":"category-la-nota","8":"tag-emiliano-zapata-actopan","9":"tag-ople-veracruz","10":"tag-regidurias-municipales","11":"tag-xalapa-coatepec-xico"},"yoast_head":"<!-- This site is optimized with the Yoast SEO plugin v27.4 - https:\/\/yoast.com\/product\/yoast-seo-wordpress\/ -->\n<title>AS\u00cd QUEDAN XALAPA, COATEPEC, XICO, ZAPATA Y ACTOPAN! - Los pol\u00edticos Veracruz<\/title>\n<meta name=\"robots\" content=\"index, follow, max-snippet:-1, max-image-preview:large, max-video-preview:-1\" \/>\n<link rel=\"canonical\" href=\"https:\/\/lospoliticosveracruz.com\/?p=156253\" \/>\n<meta property=\"og:locale\" content=\"es_ES\" \/>\n<meta property=\"og:type\" content=\"article\" \/>\n<meta property=\"og:title\" content=\"AS\u00cd QUEDAN XALAPA, COATEPEC, XICO, ZAPATA Y ACTOPAN! - Los pol\u00edticos Veracruz\" \/>\n<meta property=\"og:description\" content=\"Karla M\u00e9ndez&nbsp; La noche de este lunes, el Consejo General del Organismo P\u00fablico Local Electoral (OPLE) aprob\u00f3 las regidur\u00edas de m\u00e1s de 100 ayuntamientos, donde de 563 asignadas, 403 fueron para mujeres y 160 para hombres. Estas fueron las regidur\u00edas asignadas para Xalapa, Coatepec, Xico, Emiliano Zapata y Actopan: Xalapa Alcaldesa: Daniela Griego Ceballos MORENA [&hellip;]\" \/>\n<meta property=\"og:url\" content=\"https:\/\/lospoliticosveracruz.com\/?p=156253\" \/>\n<meta property=\"og:site_name\" content=\"Los pol\u00edticos Veracruz\" \/>\n<meta property=\"article:publisher\" content=\"https:\/\/www.facebook.com\/people\/Notimemes-de-los-Polticos\/61565672886568\/\" \/>\n<meta property=\"article:published_time\" content=\"2025-11-11T14:51:02+00:00\" \/>\n<meta property=\"article:modified_time\" content=\"2025-11-11T15:29:27+00:00\" \/>\n<meta property=\"og:image\" content=\"https:\/\/lospoliticosveracruz.com\/wp-content\/uploads\/2021\/11\/OPLE.jpg\" \/>\n\t<meta property=\"og:image:width\" content=\"600\" \/>\n\t<meta property=\"og:image:height\" content=\"320\" \/>\n\t<meta property=\"og:image:type\" content=\"image\/jpeg\" \/>\n<meta name=\"author\" content=\"Lo viste en Los Pol\u00edticos\" \/>\n<meta name=\"twitter:card\" content=\"summary_large_image\" \/>\n<meta name=\"twitter:creator\" content=\"@LosPoliticosVer\" \/>\n<meta name=\"twitter:site\" content=\"@LosPoliticosVer\" \/>\n<meta name=\"twitter:label1\" content=\"Escrito por\" \/>\n\t<meta name=\"twitter:data1\" content=\"Lo viste en Los Pol\u00edticos\" \/>\n\t<meta name=\"twitter:label2\" content=\"Tiempo de lectura\" \/>\n\t<meta name=\"twitter:data2\" content=\"2 minutos\" \/>\n<script type=\"application\/ld+json\" class=\"yoast-schema-graph\">{\"@context\":\"https:\\\/\\\/schema.org\",\"@graph\":[{\"@type\":\"Article\",\"@id\":\"https:\\\/\\\/lospoliticosveracruz.com\\\/?p=156253#article\",\"isPartOf\":{\"@id\":\"https:\\\/\\\/lospoliticosveracruz.com\\\/?p=156253\"},\"author\":{\"name\":\"Lo viste en Los Pol\u00edticos\",\"@id\":\"https:\\\/\\\/lospoliticosveracruz.com\\\/#\\\/schema\\\/person\\\/b8702bb0e538456e6efd07080bf2a4a2\"},\"headline\":\"AS\u00cd QUEDAN XALAPA, COATEPEC, XICO, ZAPATA Y ACTOPAN!\",\"datePublished\":\"2025-11-11T14:51:02+00:00\",\"dateModified\":\"2025-11-11T15:29:27+00:00\",\"mainEntityOfPage\":{\"@id\":\"https:\\\/\\\/lospoliticosveracruz.com\\\/?p=156253\"},\"wordCount\":360,\"publisher\":{\"@id\":\"https:\\\/\\\/lospoliticosveracruz.com\\\/#organization\"},\"image\":{\"@id\":\"https:\\\/\\\/lospoliticosveracruz.com\\\/?p=156253#primaryimage\"},\"thumbnailUrl\":\"https:\\\/\\\/lospoliticosveracruz.com\\\/wp-content\\\/uploads\\\/2021\\\/11\\\/OPLE.jpg\",\"keywords\":[\"Emiliano Zapata Actopan\",\"OPLE Veracruz\",\"regidur\u00edas municipales\",\"Xalapa Coatepec Xico\"],\"articleSection\":[\"La Nota\"],\"inLanguage\":\"es\"},{\"@type\":\"WebPage\",\"@id\":\"https:\\\/\\\/lospoliticosveracruz.com\\\/?p=156253\",\"url\":\"https:\\\/\\\/lospoliticosveracruz.com\\\/?p=156253\",\"name\":\"AS\u00cd QUEDAN XALAPA, COATEPEC, XICO, ZAPATA Y ACTOPAN! - Los pol\u00edticos Veracruz\",\"isPartOf\":{\"@id\":\"https:\\\/\\\/lospoliticosveracruz.com\\\/#website\"},\"primaryImageOfPage\":{\"@id\":\"https:\\\/\\\/lospoliticosveracruz.com\\\/?p=156253#primaryimage\"},\"image\":{\"@id\":\"https:\\\/\\\/lospoliticosveracruz.com\\\/?p=156253#primaryimage\"},\"thumbnailUrl\":\"https:\\\/\\\/lospoliticosveracruz.com\\\/wp-content\\\/uploads\\\/2021\\\/11\\\/OPLE.jpg\",\"datePublished\":\"2025-11-11T14:51:02+00:00\",\"dateModified\":\"2025-11-11T15:29:27+00:00\",\"breadcrumb\":{\"@id\":\"https:\\\/\\\/lospoliticosveracruz.com\\\/?p=156253#breadcrumb\"},\"inLanguage\":\"es\",\"potentialAction\":[{\"@type\":\"ReadAction\",\"target\":[\"https:\\\/\\\/lospoliticosveracruz.com\\\/?p=156253\"]}]},{\"@type\":\"ImageObject\",\"inLanguage\":\"es\",\"@id\":\"https:\\\/\\\/lospoliticosveracruz.com\\\/?p=156253#primaryimage\",\"url\":\"https:\\\/\\\/lospoliticosveracruz.com\\\/wp-content\\\/uploads\\\/2021\\\/11\\\/OPLE.jpg\",\"contentUrl\":\"https:\\\/\\\/lospoliticosveracruz.com\\\/wp-content\\\/uploads\\\/2021\\\/11\\\/OPLE.jpg\",\"width\":600,\"height\":320},{\"@type\":\"BreadcrumbList\",\"@id\":\"https:\\\/\\\/lospoliticosveracruz.com\\\/?p=156253#breadcrumb\",\"itemListElement\":[{\"@type\":\"ListItem\",\"position\":1,\"name\":\"Portada\",\"item\":\"https:\\\/\\\/lospoliticosveracruz.com\\\/\"},{\"@type\":\"ListItem\",\"position\":2,\"name\":\"AS\u00cd QUEDAN XALAPA, COATEPEC, XICO, ZAPATA Y ACTOPAN!\"}]},{\"@type\":\"WebSite\",\"@id\":\"https:\\\/\\\/lospoliticosveracruz.com\\\/#website\",\"url\":\"https:\\\/\\\/lospoliticosveracruz.com\\\/\",\"name\":\"Los pol\u00edticos Veracruz\",\"description\":\"\",\"publisher\":{\"@id\":\"https:\\\/\\\/lospoliticosveracruz.com\\\/#organization\"},\"potentialAction\":[{\"@type\":\"SearchAction\",\"target\":{\"@type\":\"EntryPoint\",\"urlTemplate\":\"https:\\\/\\\/lospoliticosveracruz.com\\\/?s={search_term_string}\"},\"query-input\":{\"@type\":\"PropertyValueSpecification\",\"valueRequired\":true,\"valueName\":\"search_term_string\"}}],\"inLanguage\":\"es\"},{\"@type\":\"Organization\",\"@id\":\"https:\\\/\\\/lospoliticosveracruz.com\\\/#organization\",\"name\":\"Los pol\u00edticos Veracruz\",\"url\":\"https:\\\/\\\/lospoliticosveracruz.com\\\/\",\"logo\":{\"@type\":\"ImageObject\",\"inLanguage\":\"es\",\"@id\":\"https:\\\/\\\/lospoliticosveracruz.com\\\/#\\\/schema\\\/logo\\\/image\\\/\",\"url\":\"https:\\\/\\\/lospoliticosveracruz.com\\\/wp-content\\\/uploads\\\/2025\\\/12\\\/Logo-Nuevo-LOS-POLITICOS-1.jpg\",\"contentUrl\":\"https:\\\/\\\/lospoliticosveracruz.com\\\/wp-content\\\/uploads\\\/2025\\\/12\\\/Logo-Nuevo-LOS-POLITICOS-1.jpg\",\"width\":260,\"height\":70,\"caption\":\"Los pol\u00edticos Veracruz\"},\"image\":{\"@id\":\"https:\\\/\\\/lospoliticosveracruz.com\\\/#\\\/schema\\\/logo\\\/image\\\/\"},\"sameAs\":[\"https:\\\/\\\/www.facebook.com\\\/people\\\/Notimemes-de-los-Polticos\\\/61565672886568\\\/\",\"https:\\\/\\\/x.com\\\/LosPoliticosVer\"]},{\"@type\":\"Person\",\"@id\":\"https:\\\/\\\/lospoliticosveracruz.com\\\/#\\\/schema\\\/person\\\/b8702bb0e538456e6efd07080bf2a4a2\",\"name\":\"Lo viste en Los Pol\u00edticos\",\"image\":{\"@type\":\"ImageObject\",\"inLanguage\":\"es\",\"@id\":\"https:\\\/\\\/secure.gravatar.com\\\/avatar\\\/3a8de04a2656d44082be478bd6c086daa447c4651605818287b9532d3d0bd435?s=96&d=mm&r=g\",\"url\":\"https:\\\/\\\/secure.gravatar.com\\\/avatar\\\/3a8de04a2656d44082be478bd6c086daa447c4651605818287b9532d3d0bd435?s=96&d=mm&r=g\",\"contentUrl\":\"https:\\\/\\\/secure.gravatar.com\\\/avatar\\\/3a8de04a2656d44082be478bd6c086daa447c4651605818287b9532d3d0bd435?s=96&d=mm&r=g\",\"caption\":\"Lo viste en Los Pol\u00edticos\"},\"url\":\"https:\\\/\\\/lospoliticosveracruz.com\\\/?author=2\"}]}<\/script>\n<!-- \/ Yoast SEO plugin. -->","yoast_head_json":{"title":"AS\u00cd QUEDAN XALAPA, COATEPEC, XICO, ZAPATA Y ACTOPAN! - Los pol\u00edticos Veracruz","robots":{"index":"index","follow":"follow","max-snippet":"max-snippet:-1","max-image-preview":"max-image-preview:large","max-video-preview":"max-video-preview:-1"},"canonical":"https:\/\/lospoliticosveracruz.com\/?p=156253","og_locale":"es_ES","og_type":"article","og_title":"AS\u00cd QUEDAN XALAPA, COATEPEC, XICO, ZAPATA Y ACTOPAN! - Los pol\u00edticos Veracruz","og_description":"Karla M\u00e9ndez&nbsp; La noche de este lunes, el Consejo General del Organismo P\u00fablico Local Electoral (OPLE) aprob\u00f3 las regidur\u00edas de m\u00e1s de 100 ayuntamientos, donde de 563 asignadas, 403 fueron para mujeres y 160 para hombres. Estas fueron las regidur\u00edas asignadas para Xalapa, Coatepec, Xico, Emiliano Zapata y Actopan: Xalapa Alcaldesa: Daniela Griego Ceballos MORENA [&hellip;]","og_url":"https:\/\/lospoliticosveracruz.com\/?p=156253","og_site_name":"Los pol\u00edticos Veracruz","article_publisher":"https:\/\/www.facebook.com\/people\/Notimemes-de-los-Polticos\/61565672886568\/","article_published_time":"2025-11-11T14:51:02+00:00","article_modified_time":"2025-11-11T15:29:27+00:00","og_image":[{"width":600,"height":320,"url":"https:\/\/lospoliticosveracruz.com\/wp-content\/uploads\/2021\/11\/OPLE.jpg","type":"image\/jpeg"}],"author":"Lo viste en Los Pol\u00edticos","twitter_card":"summary_large_image","twitter_creator":"@LosPoliticosVer","twitter_site":"@LosPoliticosVer","twitter_misc":{"Escrito por":"Lo viste en Los Pol\u00edticos","Tiempo de lectura":"2 minutos"},"schema":{"@context":"https:\/\/schema.org","@graph":[{"@type":"Article","@id":"https:\/\/lospoliticosveracruz.com\/?p=156253#article","isPartOf":{"@id":"https:\/\/lospoliticosveracruz.com\/?p=156253"},"author":{"name":"Lo viste en Los Pol\u00edticos","@id":"https:\/\/lospoliticosveracruz.com\/#\/schema\/person\/b8702bb0e538456e6efd07080bf2a4a2"},"headline":"AS\u00cd QUEDAN XALAPA, COATEPEC, XICO, ZAPATA Y ACTOPAN!","datePublished":"2025-11-11T14:51:02+00:00","dateModified":"2025-11-11T15:29:27+00:00","mainEntityOfPage":{"@id":"https:\/\/lospoliticosveracruz.com\/?p=156253"},"wordCount":360,"publisher":{"@id":"https:\/\/lospoliticosveracruz.com\/#organization"},"image":{"@id":"https:\/\/lospoliticosveracruz.com\/?p=156253#primaryimage"},"thumbnailUrl":"https:\/\/lospoliticosveracruz.com\/wp-content\/uploads\/2021\/11\/OPLE.jpg","keywords":["Emiliano Zapata Actopan","OPLE Veracruz","regidur\u00edas municipales","Xalapa Coatepec Xico"],"articleSection":["La Nota"],"inLanguage":"es"},{"@type":"WebPage","@id":"https:\/\/lospoliticosveracruz.com\/?p=156253","url":"https:\/\/lospoliticosveracruz.com\/?p=156253","name":"AS\u00cd QUEDAN XALAPA, COATEPEC, XICO, ZAPATA Y ACTOPAN! - Los pol\u00edticos Veracruz","isPartOf":{"@id":"https:\/\/lospoliticosveracruz.com\/#website"},"primaryImageOfPage":{"@id":"https:\/\/lospoliticosveracruz.com\/?p=156253#primaryimage"},"image":{"@id":"https:\/\/lospoliticosveracruz.com\/?p=156253#primaryimage"},"thumbnailUrl":"https:\/\/lospoliticosveracruz.com\/wp-content\/uploads\/2021\/11\/OPLE.jpg","datePublished":"2025-11-11T14:51:02+00:00","dateModified":"2025-11-11T15:29:27+00:00","breadcrumb":{"@id":"https:\/\/lospoliticosveracruz.com\/?p=156253#breadcrumb"},"inLanguage":"es","potentialAction":[{"@type":"ReadAction","target":["https:\/\/lospoliticosveracruz.com\/?p=156253"]}]},{"@type":"ImageObject","inLanguage":"es","@id":"https:\/\/lospoliticosveracruz.com\/?p=156253#primaryimage","url":"https:\/\/lospoliticosveracruz.com\/wp-content\/uploads\/2021\/11\/OPLE.jpg","contentUrl":"https:\/\/lospoliticosveracruz.com\/wp-content\/uploads\/2021\/11\/OPLE.jpg","width":600,"height":320},{"@type":"BreadcrumbList","@id":"https:\/\/lospoliticosveracruz.com\/?p=156253#breadcrumb","itemListElement":[{"@type":"ListItem","position":1,"name":"Portada","item":"https:\/\/lospoliticosveracruz.com\/"},{"@type":"ListItem","position":2,"name":"AS\u00cd QUEDAN XALAPA, COATEPEC, XICO, ZAPATA Y ACTOPAN!"}]},{"@type":"WebSite","@id":"https:\/\/lospoliticosveracruz.com\/#website","url":"https:\/\/lospoliticosveracruz.com\/","name":"Los pol\u00edticos Veracruz","description":"","publisher":{"@id":"https:\/\/lospoliticosveracruz.com\/#organization"},"potentialAction":[{"@type":"SearchAction","target":{"@type":"EntryPoint","urlTemplate":"https:\/\/lospoliticosveracruz.com\/?s={search_term_string}"},"query-input":{"@type":"PropertyValueSpecification","valueRequired":true,"valueName":"search_term_string"}}],"inLanguage":"es"},{"@type":"Organization","@id":"https:\/\/lospoliticosveracruz.com\/#organization","name":"Los pol\u00edticos Veracruz","url":"https:\/\/lospoliticosveracruz.com\/","logo":{"@type":"ImageObject","inLanguage":"es","@id":"https:\/\/lospoliticosveracruz.com\/#\/schema\/logo\/image\/","url":"https:\/\/lospoliticosveracruz.com\/wp-content\/uploads\/2025\/12\/Logo-Nuevo-LOS-POLITICOS-1.jpg","contentUrl":"https:\/\/lospoliticosveracruz.com\/wp-content\/uploads\/2025\/12\/Logo-Nuevo-LOS-POLITICOS-1.jpg","width":260,"height":70,"caption":"Los pol\u00edticos Veracruz"},"image":{"@id":"https:\/\/lospoliticosveracruz.com\/#\/schema\/logo\/image\/"},"sameAs":["https:\/\/www.facebook.com\/people\/Notimemes-de-los-Polticos\/61565672886568\/","https:\/\/x.com\/LosPoliticosVer"]},{"@type":"Person","@id":"https:\/\/lospoliticosveracruz.com\/#\/schema\/person\/b8702bb0e538456e6efd07080bf2a4a2","name":"Lo viste en Los Pol\u00edticos","image":{"@type":"ImageObject","inLanguage":"es","@id":"https:\/\/secure.gravatar.com\/avatar\/3a8de04a2656d44082be478bd6c086daa447c4651605818287b9532d3d0bd435?s=96&d=mm&r=g","url":"https:\/\/secure.gravatar.com\/avatar\/3a8de04a2656d44082be478bd6c086daa447c4651605818287b9532d3d0bd435?s=96&d=mm&r=g","contentUrl":"https:\/\/secure.gravatar.com\/avatar\/3a8de04a2656d44082be478bd6c086daa447c4651605818287b9532d3d0bd435?s=96&d=mm&r=g","caption":"Lo viste en Los Pol\u00edticos"},"url":"https:\/\/lospoliticosveracruz.com\/?author=2"}]}},"_links":{"self":[{"href":"https:\/\/lospoliticosveracruz.com\/index.php?rest_route=\/wp\/v2\/posts\/156253","targetHints":{"allow":["GET"]}}],"collection":[{"href":"https:\/\/lospoliticosveracruz.com\/index.php?rest_route=\/wp\/v2\/posts"}],"about":[{"href":"https:\/\/lospoliticosveracruz.com\/index.php?rest_route=\/wp\/v2\/types\/post"}],"author":[{"embeddable":true,"href":"https:\/\/lospoliticosveracruz.com\/index.php?rest_route=\/wp\/v2\/users\/2"}],"replies":[{"embeddable":true,"href":"https:\/\/lospoliticosveracruz.com\/index.php?rest_route=%2Fwp%2Fv2%2Fcomments&post=156253"}],"version-history":[{"count":3,"href":"https:\/\/lospoliticosveracruz.com\/index.php?rest_route=\/wp\/v2\/posts\/156253\/revisions"}],"predecessor-version":[{"id":156264,"href":"https:\/\/lospoliticosveracruz.com\/index.php?rest_route=\/wp\/v2\/posts\/156253\/revisions\/156264"}],"wp:featuredmedia":[{"embeddable":true,"href":"https:\/\/lospoliticosveracruz.com\/index.php?rest_route=\/wp\/v2\/media\/82108"}],"wp:attachment":[{"href":"https:\/\/lospoliticosveracruz.com\/index.php?rest_route=%2Fwp%2Fv2%2Fmedia&parent=156253"}],"wp:term":[{"taxonomy":"category","embeddable":true,"href":"https:\/\/lospoliticosveracruz.com\/index.php?rest_route=%2Fwp%2Fv2%2Fcategories&post=156253"},{"taxonomy":"post_tag","embeddable":true,"href":"https:\/\/lospoliticosveracruz.com\/index.php?rest_route=%2Fwp%2Fv2%2Ftags&post=156253"}],"curies":[{"name":"wp","href":"https:\/\/api.w.org\/{rel}","templated":true}]}}