{"id":156294,"date":"2025-11-11T15:43:16","date_gmt":"2025-11-11T21:43:16","guid":{"rendered":"https:\/\/lospoliticosveracruz.com.mx\/?p=156294"},"modified":"2025-11-11T15:43:41","modified_gmt":"2025-11-11T21:43:41","slug":"a-chambear-por-la-agenda-2030","status":"publish","type":"post","link":"https:\/\/lospoliticosveracruz.com\/?p=156294","title":{"rendered":"A CHAMBEAR POR LA AGENDA 2030!"},"content":{"rendered":"\n<p>S\u00edguenos ahora tambi\u00e9n en WhatsApp.\u00a0\u00a1<a href=\"https:\/\/whatsapp.com\/channel\/0029Va8zRWlEKyZIP3Z1dF0e\"><strong>Da clic aqu\u00ed<\/strong><\/a><strong>!<\/strong><\/p>\n\n\n\n<p><strong>Boca del R\u00edo.<\/strong> El <strong>coordinador del Grupo Legislativo del Partido Verde Ecologista de M\u00e9xico (PVEM)<\/strong> en el <strong>Congreso del Estado<\/strong>, diputado <strong>Carlos Marcelo Ruiz S\u00e1nchez<\/strong>, exhort\u00f3 a las y los <strong>212 presidentes municipales electos de Veracruz<\/strong> a apostar por el trabajo conjunto y responsable para avanzar en el cumplimiento de los objetivos de la <strong>Agenda 2030 para el Desarrollo Sostenible<\/strong>.<\/p>\n\n\n\n\n\n<p>Durante la <strong>capacitaci\u00f3n dirigida a las autoridades municipales electas<\/strong> sobre el proceso de entrega-recepci\u00f3n de la administraci\u00f3n p\u00fablica, <strong>Ruiz S\u00e1nchez<\/strong> destac\u00f3 la importancia de asumir el compromiso con los <strong>17 objetivos de la Agenda 2030<\/strong>, firmada en 2015 durante la <strong>Cumbre de Par\u00eds<\/strong>, y que concluye su periodo de ejecuci\u00f3n en 2030.<\/p>\n\n\n\n<p>El legislador subray\u00f3 que los pr\u00f3ximos <strong>gobiernos municipales (2026-2029)<\/strong> ser\u00e1n los encargados de consolidar los resultados de esta agenda global, la cual incluye ejes prioritarios como la <strong>protecci\u00f3n del medio ambiente<\/strong>, la <strong>equidad de g\u00e9nero<\/strong>, la <strong>representaci\u00f3n pol\u00edtica<\/strong>, la <strong>prevenci\u00f3n del cambio clim\u00e1tico<\/strong> y el <strong>impulso de ciudades sostenibles y sustentables<\/strong>.<\/p>\n\n\n\n<p>Asimismo, refiri\u00f3 que en estos d\u00edas se lleva a cabo la <strong>Conferencia de las Naciones Unidas sobre el Cambio Clim\u00e1tico (COP30)<\/strong>, donde la titular de la <strong>Secretar\u00eda de Medio Ambiente y Recursos Naturales (SEMARNAT)<\/strong>, <strong>Alicia B\u00e1rcena Ibarra<\/strong>, expone la participaci\u00f3n de M\u00e9xico en el marco del <strong>Plan M\u00e9xico 2030<\/strong>, lo que reafirma el compromiso del pa\u00eds con las <strong>pol\u00edticas de sostenibilidad<\/strong>.<\/p>\n\n\n\n<p>\u201cLes compartimos a las presidentas y presidentes municipales electos nuestro inter\u00e9s de que nos esforcemos en conjunto para aportar, en este \u00faltimo tramo de la Agenda 2030, lo mejor de nuestro trabajo\u201d, enfatiz\u00f3 el <strong>coordinador legislativo del PVEM<\/strong>.<\/p>\n\n\n\n<p>Finalmente, el diputado <strong>Ruiz S\u00e1nchez<\/strong> reconoci\u00f3 que estos esfuerzos se alinean tambi\u00e9n con los ejes del <strong>Plan de Desarrollo Veracruzano 2024-2030<\/strong>, que impulsa la <strong>gobernadora de Veracruz, Roc\u00edo Nahle Garc\u00eda<\/strong>, reafirmando el compromiso del estado con el <strong>desarrollo sostenible<\/strong> y la <strong>protecci\u00f3n del entorno natural<\/strong>.<\/p>\n","protected":false},"excerpt":{"rendered":"<p>Boca del R\u00edo. El coordinador del Grupo Legislativo del Partido Verde Ecologista de M\u00e9xico (PVEM) en el Congreso del Estado, diputado Carlos Marcelo Ruiz S\u00e1nchez, exhort\u00f3 a las y los 212 presidentes municipales electos de Veracruz a apostar por el trabajo conjunto y responsable para avanzar en el cumplimiento de los objetivos de la Agenda [&hellip;]<\/p>\n","protected":false},"author":2,"featured_media":156292,"comment_status":"closed","ping_status":"closed","sticky":false,"template":"","format":"standard","meta":{"tdm_status":"","tdm_grid_status":"","footnotes":""},"categories":[70],"tags":[46747,17843,43344,4386,47205],"class_list":{"0":"post-156294","1":"post","2":"type-post","3":"status-publish","4":"format-standard","5":"has-post-thumbnail","7":"category-de-opinion","8":"tag-desarrollo-municipal-2","9":"tag-marcelo-ruiz-sanchez","10":"tag-pvem-veracruz","11":"tag-rocio-nahle-garcia","12":"tag-sostenibilidad-ambiental"},"yoast_head":"<!-- This site is optimized with the Yoast SEO plugin v27.4 - https:\/\/yoast.com\/product\/yoast-seo-wordpress\/ -->\n<title>A CHAMBEAR POR LA AGENDA 2030! - Los pol\u00edticos Veracruz<\/title>\n<meta name=\"robots\" content=\"index, follow, max-snippet:-1, max-image-preview:large, max-video-preview:-1\" \/>\n<link rel=\"canonical\" href=\"https:\/\/lospoliticosveracruz.com\/?p=156294\" \/>\n<meta property=\"og:locale\" content=\"es_ES\" \/>\n<meta property=\"og:type\" content=\"article\" \/>\n<meta property=\"og:title\" content=\"A CHAMBEAR POR LA AGENDA 2030! - Los pol\u00edticos Veracruz\" \/>\n<meta property=\"og:description\" content=\"Boca del R\u00edo. El coordinador del Grupo Legislativo del Partido Verde Ecologista de M\u00e9xico (PVEM) en el Congreso del Estado, diputado Carlos Marcelo Ruiz S\u00e1nchez, exhort\u00f3 a las y los 212 presidentes municipales electos de Veracruz a apostar por el trabajo conjunto y responsable para avanzar en el cumplimiento de los objetivos de la Agenda [&hellip;]\" \/>\n<meta property=\"og:url\" content=\"https:\/\/lospoliticosveracruz.com\/?p=156294\" \/>\n<meta property=\"og:site_name\" content=\"Los pol\u00edticos Veracruz\" \/>\n<meta property=\"article:publisher\" content=\"https:\/\/www.facebook.com\/people\/Notimemes-de-los-Polticos\/61565672886568\/\" \/>\n<meta property=\"article:published_time\" content=\"2025-11-11T21:43:16+00:00\" \/>\n<meta property=\"article:modified_time\" content=\"2025-11-11T21:43:41+00:00\" \/>\n<meta property=\"og:image\" content=\"https:\/\/lospoliticosveracruz.com\/wp-content\/uploads\/2025\/11\/Congreso.jpeg\" \/>\n\t<meta property=\"og:image:width\" content=\"600\" \/>\n\t<meta property=\"og:image:height\" content=\"320\" \/>\n\t<meta property=\"og:image:type\" content=\"image\/jpeg\" \/>\n<meta name=\"author\" content=\"Lo viste en Los Pol\u00edticos\" \/>\n<meta name=\"twitter:card\" content=\"summary_large_image\" \/>\n<meta name=\"twitter:creator\" content=\"@LosPoliticosVer\" \/>\n<meta name=\"twitter:site\" content=\"@LosPoliticosVer\" \/>\n<meta name=\"twitter:label1\" content=\"Escrito por\" \/>\n\t<meta name=\"twitter:data1\" content=\"Lo viste en Los Pol\u00edticos\" \/>\n\t<meta name=\"twitter:label2\" content=\"Tiempo de lectura\" \/>\n\t<meta name=\"twitter:data2\" content=\"2 minutos\" \/>\n<script type=\"application\/ld+json\" class=\"yoast-schema-graph\">{\"@context\":\"https:\\\/\\\/schema.org\",\"@graph\":[{\"@type\":\"Article\",\"@id\":\"https:\\\/\\\/lospoliticosveracruz.com\\\/?p=156294#article\",\"isPartOf\":{\"@id\":\"https:\\\/\\\/lospoliticosveracruz.com\\\/?p=156294\"},\"author\":{\"name\":\"Lo viste en Los Pol\u00edticos\",\"@id\":\"https:\\\/\\\/lospoliticosveracruz.com\\\/#\\\/schema\\\/person\\\/b8702bb0e538456e6efd07080bf2a4a2\"},\"headline\":\"A CHAMBEAR POR LA AGENDA 2030!\",\"datePublished\":\"2025-11-11T21:43:16+00:00\",\"dateModified\":\"2025-11-11T21:43:41+00:00\",\"mainEntityOfPage\":{\"@id\":\"https:\\\/\\\/lospoliticosveracruz.com\\\/?p=156294\"},\"wordCount\":337,\"publisher\":{\"@id\":\"https:\\\/\\\/lospoliticosveracruz.com\\\/#organization\"},\"image\":{\"@id\":\"https:\\\/\\\/lospoliticosveracruz.com\\\/?p=156294#primaryimage\"},\"thumbnailUrl\":\"https:\\\/\\\/lospoliticosveracruz.com\\\/wp-content\\\/uploads\\\/2025\\\/11\\\/Congreso.jpeg\",\"keywords\":[\"desarrollo municipal.\",\"Marcelo Ruiz S\u00e1nchez\",\"PVEM Veracruz\",\"Roc\u00edo Nahle Garc\u00eda\",\"sostenibilidad ambiental\"],\"articleSection\":[\"De Opini\u00f3n\"],\"inLanguage\":\"es\"},{\"@type\":\"WebPage\",\"@id\":\"https:\\\/\\\/lospoliticosveracruz.com\\\/?p=156294\",\"url\":\"https:\\\/\\\/lospoliticosveracruz.com\\\/?p=156294\",\"name\":\"A CHAMBEAR POR LA AGENDA 2030! - Los pol\u00edticos Veracruz\",\"isPartOf\":{\"@id\":\"https:\\\/\\\/lospoliticosveracruz.com\\\/#website\"},\"primaryImageOfPage\":{\"@id\":\"https:\\\/\\\/lospoliticosveracruz.com\\\/?p=156294#primaryimage\"},\"image\":{\"@id\":\"https:\\\/\\\/lospoliticosveracruz.com\\\/?p=156294#primaryimage\"},\"thumbnailUrl\":\"https:\\\/\\\/lospoliticosveracruz.com\\\/wp-content\\\/uploads\\\/2025\\\/11\\\/Congreso.jpeg\",\"datePublished\":\"2025-11-11T21:43:16+00:00\",\"dateModified\":\"2025-11-11T21:43:41+00:00\",\"breadcrumb\":{\"@id\":\"https:\\\/\\\/lospoliticosveracruz.com\\\/?p=156294#breadcrumb\"},\"inLanguage\":\"es\",\"potentialAction\":[{\"@type\":\"ReadAction\",\"target\":[\"https:\\\/\\\/lospoliticosveracruz.com\\\/?p=156294\"]}]},{\"@type\":\"ImageObject\",\"inLanguage\":\"es\",\"@id\":\"https:\\\/\\\/lospoliticosveracruz.com\\\/?p=156294#primaryimage\",\"url\":\"https:\\\/\\\/lospoliticosveracruz.com\\\/wp-content\\\/uploads\\\/2025\\\/11\\\/Congreso.jpeg\",\"contentUrl\":\"https:\\\/\\\/lospoliticosveracruz.com\\\/wp-content\\\/uploads\\\/2025\\\/11\\\/Congreso.jpeg\",\"width\":600,\"height\":320},{\"@type\":\"BreadcrumbList\",\"@id\":\"https:\\\/\\\/lospoliticosveracruz.com\\\/?p=156294#breadcrumb\",\"itemListElement\":[{\"@type\":\"ListItem\",\"position\":1,\"name\":\"Portada\",\"item\":\"https:\\\/\\\/lospoliticosveracruz.com\\\/\"},{\"@type\":\"ListItem\",\"position\":2,\"name\":\"A CHAMBEAR POR LA AGENDA 2030!\"}]},{\"@type\":\"WebSite\",\"@id\":\"https:\\\/\\\/lospoliticosveracruz.com\\\/#website\",\"url\":\"https:\\\/\\\/lospoliticosveracruz.com\\\/\",\"name\":\"Los pol\u00edticos Veracruz\",\"description\":\"\",\"publisher\":{\"@id\":\"https:\\\/\\\/lospoliticosveracruz.com\\\/#organization\"},\"potentialAction\":[{\"@type\":\"SearchAction\",\"target\":{\"@type\":\"EntryPoint\",\"urlTemplate\":\"https:\\\/\\\/lospoliticosveracruz.com\\\/?s={search_term_string}\"},\"query-input\":{\"@type\":\"PropertyValueSpecification\",\"valueRequired\":true,\"valueName\":\"search_term_string\"}}],\"inLanguage\":\"es\"},{\"@type\":\"Organization\",\"@id\":\"https:\\\/\\\/lospoliticosveracruz.com\\\/#organization\",\"name\":\"Los pol\u00edticos Veracruz\",\"url\":\"https:\\\/\\\/lospoliticosveracruz.com\\\/\",\"logo\":{\"@type\":\"ImageObject\",\"inLanguage\":\"es\",\"@id\":\"https:\\\/\\\/lospoliticosveracruz.com\\\/#\\\/schema\\\/logo\\\/image\\\/\",\"url\":\"https:\\\/\\\/lospoliticosveracruz.com\\\/wp-content\\\/uploads\\\/2025\\\/12\\\/Logo-Nuevo-LOS-POLITICOS-1.jpg\",\"contentUrl\":\"https:\\\/\\\/lospoliticosveracruz.com\\\/wp-content\\\/uploads\\\/2025\\\/12\\\/Logo-Nuevo-LOS-POLITICOS-1.jpg\",\"width\":260,\"height\":70,\"caption\":\"Los pol\u00edticos Veracruz\"},\"image\":{\"@id\":\"https:\\\/\\\/lospoliticosveracruz.com\\\/#\\\/schema\\\/logo\\\/image\\\/\"},\"sameAs\":[\"https:\\\/\\\/www.facebook.com\\\/people\\\/Notimemes-de-los-Polticos\\\/61565672886568\\\/\",\"https:\\\/\\\/x.com\\\/LosPoliticosVer\"]},{\"@type\":\"Person\",\"@id\":\"https:\\\/\\\/lospoliticosveracruz.com\\\/#\\\/schema\\\/person\\\/b8702bb0e538456e6efd07080bf2a4a2\",\"name\":\"Lo viste en Los Pol\u00edticos\",\"image\":{\"@type\":\"ImageObject\",\"inLanguage\":\"es\",\"@id\":\"https:\\\/\\\/secure.gravatar.com\\\/avatar\\\/3a8de04a2656d44082be478bd6c086daa447c4651605818287b9532d3d0bd435?s=96&d=mm&r=g\",\"url\":\"https:\\\/\\\/secure.gravatar.com\\\/avatar\\\/3a8de04a2656d44082be478bd6c086daa447c4651605818287b9532d3d0bd435?s=96&d=mm&r=g\",\"contentUrl\":\"https:\\\/\\\/secure.gravatar.com\\\/avatar\\\/3a8de04a2656d44082be478bd6c086daa447c4651605818287b9532d3d0bd435?s=96&d=mm&r=g\",\"caption\":\"Lo viste en Los Pol\u00edticos\"},\"url\":\"https:\\\/\\\/lospoliticosveracruz.com\\\/?author=2\"}]}<\/script>\n<!-- \/ Yoast SEO plugin. -->","yoast_head_json":{"title":"A CHAMBEAR POR LA AGENDA 2030! - Los pol\u00edticos Veracruz","robots":{"index":"index","follow":"follow","max-snippet":"max-snippet:-1","max-image-preview":"max-image-preview:large","max-video-preview":"max-video-preview:-1"},"canonical":"https:\/\/lospoliticosveracruz.com\/?p=156294","og_locale":"es_ES","og_type":"article","og_title":"A CHAMBEAR POR LA AGENDA 2030! - Los pol\u00edticos Veracruz","og_description":"Boca del R\u00edo. El coordinador del Grupo Legislativo del Partido Verde Ecologista de M\u00e9xico (PVEM) en el Congreso del Estado, diputado Carlos Marcelo Ruiz S\u00e1nchez, exhort\u00f3 a las y los 212 presidentes municipales electos de Veracruz a apostar por el trabajo conjunto y responsable para avanzar en el cumplimiento de los objetivos de la Agenda [&hellip;]","og_url":"https:\/\/lospoliticosveracruz.com\/?p=156294","og_site_name":"Los pol\u00edticos Veracruz","article_publisher":"https:\/\/www.facebook.com\/people\/Notimemes-de-los-Polticos\/61565672886568\/","article_published_time":"2025-11-11T21:43:16+00:00","article_modified_time":"2025-11-11T21:43:41+00:00","og_image":[{"width":600,"height":320,"url":"https:\/\/lospoliticosveracruz.com\/wp-content\/uploads\/2025\/11\/Congreso.jpeg","type":"image\/jpeg"}],"author":"Lo viste en Los Pol\u00edticos","twitter_card":"summary_large_image","twitter_creator":"@LosPoliticosVer","twitter_site":"@LosPoliticosVer","twitter_misc":{"Escrito por":"Lo viste en Los Pol\u00edticos","Tiempo de lectura":"2 minutos"},"schema":{"@context":"https:\/\/schema.org","@graph":[{"@type":"Article","@id":"https:\/\/lospoliticosveracruz.com\/?p=156294#article","isPartOf":{"@id":"https:\/\/lospoliticosveracruz.com\/?p=156294"},"author":{"name":"Lo viste en Los Pol\u00edticos","@id":"https:\/\/lospoliticosveracruz.com\/#\/schema\/person\/b8702bb0e538456e6efd07080bf2a4a2"},"headline":"A CHAMBEAR POR LA AGENDA 2030!","datePublished":"2025-11-11T21:43:16+00:00","dateModified":"2025-11-11T21:43:41+00:00","mainEntityOfPage":{"@id":"https:\/\/lospoliticosveracruz.com\/?p=156294"},"wordCount":337,"publisher":{"@id":"https:\/\/lospoliticosveracruz.com\/#organization"},"image":{"@id":"https:\/\/lospoliticosveracruz.com\/?p=156294#primaryimage"},"thumbnailUrl":"https:\/\/lospoliticosveracruz.com\/wp-content\/uploads\/2025\/11\/Congreso.jpeg","keywords":["desarrollo municipal.","Marcelo Ruiz S\u00e1nchez","PVEM Veracruz","Roc\u00edo Nahle Garc\u00eda","sostenibilidad ambiental"],"articleSection":["De Opini\u00f3n"],"inLanguage":"es"},{"@type":"WebPage","@id":"https:\/\/lospoliticosveracruz.com\/?p=156294","url":"https:\/\/lospoliticosveracruz.com\/?p=156294","name":"A CHAMBEAR POR LA AGENDA 2030! - Los pol\u00edticos Veracruz","isPartOf":{"@id":"https:\/\/lospoliticosveracruz.com\/#website"},"primaryImageOfPage":{"@id":"https:\/\/lospoliticosveracruz.com\/?p=156294#primaryimage"},"image":{"@id":"https:\/\/lospoliticosveracruz.com\/?p=156294#primaryimage"},"thumbnailUrl":"https:\/\/lospoliticosveracruz.com\/wp-content\/uploads\/2025\/11\/Congreso.jpeg","datePublished":"2025-11-11T21:43:16+00:00","dateModified":"2025-11-11T21:43:41+00:00","breadcrumb":{"@id":"https:\/\/lospoliticosveracruz.com\/?p=156294#breadcrumb"},"inLanguage":"es","potentialAction":[{"@type":"ReadAction","target":["https:\/\/lospoliticosveracruz.com\/?p=156294"]}]},{"@type":"ImageObject","inLanguage":"es","@id":"https:\/\/lospoliticosveracruz.com\/?p=156294#primaryimage","url":"https:\/\/lospoliticosveracruz.com\/wp-content\/uploads\/2025\/11\/Congreso.jpeg","contentUrl":"https:\/\/lospoliticosveracruz.com\/wp-content\/uploads\/2025\/11\/Congreso.jpeg","width":600,"height":320},{"@type":"BreadcrumbList","@id":"https:\/\/lospoliticosveracruz.com\/?p=156294#breadcrumb","itemListElement":[{"@type":"ListItem","position":1,"name":"Portada","item":"https:\/\/lospoliticosveracruz.com\/"},{"@type":"ListItem","position":2,"name":"A CHAMBEAR POR LA AGENDA 2030!"}]},{"@type":"WebSite","@id":"https:\/\/lospoliticosveracruz.com\/#website","url":"https:\/\/lospoliticosveracruz.com\/","name":"Los pol\u00edticos Veracruz","description":"","publisher":{"@id":"https:\/\/lospoliticosveracruz.com\/#organization"},"potentialAction":[{"@type":"SearchAction","target":{"@type":"EntryPoint","urlTemplate":"https:\/\/lospoliticosveracruz.com\/?s={search_term_string}"},"query-input":{"@type":"PropertyValueSpecification","valueRequired":true,"valueName":"search_term_string"}}],"inLanguage":"es"},{"@type":"Organization","@id":"https:\/\/lospoliticosveracruz.com\/#organization","name":"Los pol\u00edticos Veracruz","url":"https:\/\/lospoliticosveracruz.com\/","logo":{"@type":"ImageObject","inLanguage":"es","@id":"https:\/\/lospoliticosveracruz.com\/#\/schema\/logo\/image\/","url":"https:\/\/lospoliticosveracruz.com\/wp-content\/uploads\/2025\/12\/Logo-Nuevo-LOS-POLITICOS-1.jpg","contentUrl":"https:\/\/lospoliticosveracruz.com\/wp-content\/uploads\/2025\/12\/Logo-Nuevo-LOS-POLITICOS-1.jpg","width":260,"height":70,"caption":"Los pol\u00edticos Veracruz"},"image":{"@id":"https:\/\/lospoliticosveracruz.com\/#\/schema\/logo\/image\/"},"sameAs":["https:\/\/www.facebook.com\/people\/Notimemes-de-los-Polticos\/61565672886568\/","https:\/\/x.com\/LosPoliticosVer"]},{"@type":"Person","@id":"https:\/\/lospoliticosveracruz.com\/#\/schema\/person\/b8702bb0e538456e6efd07080bf2a4a2","name":"Lo viste en Los Pol\u00edticos","image":{"@type":"ImageObject","inLanguage":"es","@id":"https:\/\/secure.gravatar.com\/avatar\/3a8de04a2656d44082be478bd6c086daa447c4651605818287b9532d3d0bd435?s=96&d=mm&r=g","url":"https:\/\/secure.gravatar.com\/avatar\/3a8de04a2656d44082be478bd6c086daa447c4651605818287b9532d3d0bd435?s=96&d=mm&r=g","contentUrl":"https:\/\/secure.gravatar.com\/avatar\/3a8de04a2656d44082be478bd6c086daa447c4651605818287b9532d3d0bd435?s=96&d=mm&r=g","caption":"Lo viste en Los Pol\u00edticos"},"url":"https:\/\/lospoliticosveracruz.com\/?author=2"}]}},"_links":{"self":[{"href":"https:\/\/lospoliticosveracruz.com\/index.php?rest_route=\/wp\/v2\/posts\/156294","targetHints":{"allow":["GET"]}}],"collection":[{"href":"https:\/\/lospoliticosveracruz.com\/index.php?rest_route=\/wp\/v2\/posts"}],"about":[{"href":"https:\/\/lospoliticosveracruz.com\/index.php?rest_route=\/wp\/v2\/types\/post"}],"author":[{"embeddable":true,"href":"https:\/\/lospoliticosveracruz.com\/index.php?rest_route=\/wp\/v2\/users\/2"}],"replies":[{"embeddable":true,"href":"https:\/\/lospoliticosveracruz.com\/index.php?rest_route=%2Fwp%2Fv2%2Fcomments&post=156294"}],"version-history":[{"count":1,"href":"https:\/\/lospoliticosveracruz.com\/index.php?rest_route=\/wp\/v2\/posts\/156294\/revisions"}],"predecessor-version":[{"id":156295,"href":"https:\/\/lospoliticosveracruz.com\/index.php?rest_route=\/wp\/v2\/posts\/156294\/revisions\/156295"}],"wp:featuredmedia":[{"embeddable":true,"href":"https:\/\/lospoliticosveracruz.com\/index.php?rest_route=\/wp\/v2\/media\/156292"}],"wp:attachment":[{"href":"https:\/\/lospoliticosveracruz.com\/index.php?rest_route=%2Fwp%2Fv2%2Fmedia&parent=156294"}],"wp:term":[{"taxonomy":"category","embeddable":true,"href":"https:\/\/lospoliticosveracruz.com\/index.php?rest_route=%2Fwp%2Fv2%2Fcategories&post=156294"},{"taxonomy":"post_tag","embeddable":true,"href":"https:\/\/lospoliticosveracruz.com\/index.php?rest_route=%2Fwp%2Fv2%2Ftags&post=156294"}],"curies":[{"name":"wp","href":"https:\/\/api.w.org\/{rel}","templated":true}]}}