{"id":156302,"date":"2025-11-11T19:44:29","date_gmt":"2025-11-12T01:44:29","guid":{"rendered":"https:\/\/lospoliticosveracruz.com.mx\/?p=156302"},"modified":"2025-11-11T19:44:53","modified_gmt":"2025-11-12T01:44:53","slug":"cabildos","status":"publish","type":"post","link":"https:\/\/lospoliticosveracruz.com\/?p=156302","title":{"rendered":"CABILDOS"},"content":{"rendered":"\n<p>S\u00edguenos ahora tambi\u00e9n en WhatsApp.\u00a0\u00a1<a href=\"https:\/\/whatsapp.com\/channel\/0029Va8zRWlEKyZIP3Z1dF0e\"><strong>Da clic aqu\u00ed<\/strong><\/a><strong>!<\/strong><\/p>\n\n\n\n<p><strong>Mesa de Redacci\u00f3n<\/strong><br><em>Enrique Yasser Pompeyo<\/em><\/p>\n\n\n\n<p>Tras las asignaciones de las <strong>regidur\u00edas<\/strong> que realiz\u00f3 el <strong>Organismo P\u00fablico Local Electoral de Veracruz (OPLE)<\/strong>, si bien en algunos ayuntamientos habr\u00e1 mayor\u00eda de un partido o coalici\u00f3n, se observa pluralidad no solo partidista, sino que habr\u00e1 m\u00e1s <strong>mujeres<\/strong>.<\/p>\n\n\n\n\n\n<p>El asunto cobra relevancia porque a trav\u00e9s del <strong>di\u00e1logo<\/strong> y los <strong>consensos<\/strong>, se podr\u00e1 atender rubros fundamentales para los habitantes, sin tantas complicaciones.<\/p>\n\n\n\n<p>Esto incluye <strong>presupuestos<\/strong>, <strong>obras p\u00fablicas<\/strong>, <strong>reglamentos<\/strong>, entre otros.<\/p>\n\n\n\n<p>Los <strong>contrapesos internos<\/strong> son importantes, ya que permitir\u00e1 a las y los <strong>presidentes municipales<\/strong> construir acuerdos con las diferentes <strong>fuerzas pol\u00edticas<\/strong> representadas en los <strong>cabildos<\/strong>.<\/p>\n\n\n\n<p>Por citar tres ejemplos: <strong>Xalapa<\/strong>, <strong>Coatepec<\/strong> y <strong>Xico<\/strong>.<\/p>\n\n\n\n<p>En el caso de la <strong>ciudad capital<\/strong>, adem\u00e1s de la <strong>alcaldesa<\/strong> y el <strong>s\u00edndico<\/strong> que son de <strong>Morena<\/strong>, hay 13 regidur\u00edas.<\/p>\n\n\n\n<p>Cinco corresponden a <strong>Morena<\/strong>: Regidur\u00eda 1: <strong>Diana Julieta Aguilar Ortega<\/strong>; Regidur\u00eda 2: <strong>Axel Fern\u00e1ndez Cambambia<\/strong>; Regidur\u00eda 3: <strong>Susan Liliana Morales Segura<\/strong>; Regidur\u00eda 4: <strong>Alfonso Osegueda Cruz<\/strong>; Regidur\u00eda 5: <strong>Raquel Rosal\u00eda Casta\u00f1eda Gonz\u00e1lez<\/strong>.<\/p>\n\n\n\n<p>Cuatro corresponden a <strong>Movimiento Ciudadano<\/strong>: Regidur\u00eda 6: <strong>Hilda Elvia Aguilar Arroyo<\/strong>; Regidur\u00eda 7: <strong>Diego Moreno Mart\u00ednez<\/strong>; Regidur\u00eda 8: <strong>Clarissa Monserrat L\u00f3pez Morales<\/strong>; Regidur\u00eda 9: <strong>Joaqu\u00edn Alejandro Cano Hern\u00e1ndez<\/strong>.<\/p>\n\n\n\n<p>El <strong>PRI<\/strong> obtuvo dos: Regidur\u00eda 10: <strong>M\u00f3nica Mendoza Madrigal<\/strong>; Regidur\u00eda 11: <strong>Dalos Ulises Rodr\u00edguez Vargas<\/strong>.<\/p>\n\n\n\n<p>El <strong>PAN<\/strong> alcanz\u00f3 una: Regidur\u00eda 12: <strong>Flor de Mar\u00eda Mendoza Mu\u00f1iz<\/strong>. El <strong>PVEM<\/strong> tambi\u00e9n logr\u00f3 obtener una: Regidur\u00eda 13: <strong>Priscila Nataly Labastida Vega<\/strong>.<\/p>\n\n\n\n<p>Con respecto al municipio de <strong>Coatepec<\/strong>, adem\u00e1s del <strong>alcalde<\/strong> y la <strong>s\u00edndica<\/strong>, cuatro regidur\u00edas corresponden a <strong>Morena<\/strong>: <strong>Susana Hern\u00e1ndez Carmona<\/strong>; <strong>Eliseo Cortina Dom\u00ednguez<\/strong>; <strong>Virginia Garc\u00eda Mart\u00ednez<\/strong>; <strong>Edgar Manuel D\u00edaz Quiroz<\/strong>.<\/p>\n\n\n\n<p><strong>Movimiento Ciudadano<\/strong> obtuvo dos: <strong>Vianey Guadalupe Arg\u00fcelles Nava<\/strong> y <strong>Andr\u00e9s Cuevas Melo<\/strong>.<\/p>\n\n\n\n<p>El <strong>PAN<\/strong> tiene una: <strong>Adaliz Colorado Lozada<\/strong>. El <strong>PRI<\/strong> tambi\u00e9n una: <strong>Margarita Edith Garrido Medrano<\/strong>.<\/p>\n\n\n\n<p>En el <strong>Pueblo M\u00e1gico de Xico<\/strong>, adem\u00e1s del <strong>alcalde<\/strong> y la <strong>s\u00edndica<\/strong>, dos regidur\u00edas son para <strong>Morena<\/strong>: <strong>Mar\u00eda Isabel Garc\u00eda Luna<\/strong> y <strong>Luis Cervando Dur\u00e1n Galv\u00e1n<\/strong>.<\/p>\n\n\n\n<p><strong>Movimiento Ciudadano<\/strong> logr\u00f3 obtener un espacio: <strong>Zarai Molina Su\u00e1rez<\/strong>.<\/p>\n\n\n\n<p>La composici\u00f3n de estos y los dem\u00e1s <strong>cabildos<\/strong> permitir\u00e1n una importante <strong>din\u00e1mica pol\u00edtica y administrativa<\/strong> en los municipios, pues de lo que se trata al final es de tomar las mejores decisiones para la poblaci\u00f3n, para las <strong>familias veracruzanas<\/strong>.<\/p>\n\n\n\n<p><strong><a>enriquepompeyo@hotmail.com<\/a><\/strong><\/p>\n","protected":false},"excerpt":{"rendered":"<p>Mesa de Redacci\u00f3nEnrique Yasser Pompeyo Tras las asignaciones de las regidur\u00edas que realiz\u00f3 el Organismo P\u00fablico Local Electoral de Veracruz (OPLE), si bien en algunos ayuntamientos habr\u00e1 mayor\u00eda de un partido o coalici\u00f3n, se observa pluralidad no solo partidista, sino que habr\u00e1 m\u00e1s mujeres. El asunto cobra relevancia porque a trav\u00e9s del di\u00e1logo y los [&hellip;]<\/p>\n","protected":false},"author":2,"featured_media":141425,"comment_status":"closed","ping_status":"closed","sticky":false,"template":"","format":"standard","meta":{"tdm_status":"","tdm_grid_status":"","footnotes":""},"categories":[70],"tags":[47208,47209,12446,45093,47187,47184],"class_list":{"0":"post-156302","1":"post","2":"type-post","3":"status-publish","4":"format-standard","5":"has-post-thumbnail","7":"category-de-opinion","8":"tag-cabildos-veracruz","9":"tag-mujeres-en-cargos-publicos","10":"tag-ople-veracruz","11":"tag-pluralidad-politica","12":"tag-regidurias-municipales","13":"tag-xalapa-coatepec-xico"},"yoast_head":"<!-- This site is optimized with the Yoast SEO plugin v27.4 - https:\/\/yoast.com\/product\/yoast-seo-wordpress\/ -->\n<title>CABILDOS - Los pol\u00edticos Veracruz<\/title>\n<meta name=\"robots\" content=\"index, follow, max-snippet:-1, max-image-preview:large, max-video-preview:-1\" \/>\n<link rel=\"canonical\" href=\"https:\/\/lospoliticosveracruz.com\/?p=156302\" \/>\n<meta property=\"og:locale\" content=\"es_ES\" \/>\n<meta property=\"og:type\" content=\"article\" \/>\n<meta property=\"og:title\" content=\"CABILDOS - Los pol\u00edticos Veracruz\" \/>\n<meta property=\"og:description\" content=\"Mesa de Redacci\u00f3nEnrique Yasser Pompeyo Tras las asignaciones de las regidur\u00edas que realiz\u00f3 el Organismo P\u00fablico Local Electoral de Veracruz (OPLE), si bien en algunos ayuntamientos habr\u00e1 mayor\u00eda de un partido o coalici\u00f3n, se observa pluralidad no solo partidista, sino que habr\u00e1 m\u00e1s mujeres. El asunto cobra relevancia porque a trav\u00e9s del di\u00e1logo y los [&hellip;]\" \/>\n<meta property=\"og:url\" content=\"https:\/\/lospoliticosveracruz.com\/?p=156302\" \/>\n<meta property=\"og:site_name\" content=\"Los pol\u00edticos Veracruz\" \/>\n<meta property=\"article:publisher\" content=\"https:\/\/www.facebook.com\/people\/Notimemes-de-los-Polticos\/61565672886568\/\" \/>\n<meta property=\"article:published_time\" content=\"2025-11-12T01:44:29+00:00\" \/>\n<meta property=\"article:modified_time\" content=\"2025-11-12T01:44:53+00:00\" \/>\n<meta property=\"og:image\" content=\"https:\/\/lospoliticosveracruz.com\/wp-content\/uploads\/2025\/04\/Pompeyo.jpg\" \/>\n\t<meta property=\"og:image:width\" content=\"1250\" \/>\n\t<meta property=\"og:image:height\" content=\"667\" \/>\n\t<meta property=\"og:image:type\" content=\"image\/jpeg\" \/>\n<meta name=\"author\" content=\"Lo viste en Los Pol\u00edticos\" \/>\n<meta name=\"twitter:card\" content=\"summary_large_image\" \/>\n<meta name=\"twitter:creator\" content=\"@LosPoliticosVer\" \/>\n<meta name=\"twitter:site\" content=\"@LosPoliticosVer\" \/>\n<meta name=\"twitter:label1\" content=\"Escrito por\" \/>\n\t<meta name=\"twitter:data1\" content=\"Lo viste en Los Pol\u00edticos\" \/>\n\t<meta name=\"twitter:label2\" content=\"Tiempo de lectura\" \/>\n\t<meta name=\"twitter:data2\" content=\"2 minutos\" \/>\n<script type=\"application\/ld+json\" class=\"yoast-schema-graph\">{\"@context\":\"https:\\\/\\\/schema.org\",\"@graph\":[{\"@type\":\"Article\",\"@id\":\"https:\\\/\\\/lospoliticosveracruz.com\\\/?p=156302#article\",\"isPartOf\":{\"@id\":\"https:\\\/\\\/lospoliticosveracruz.com\\\/?p=156302\"},\"author\":{\"name\":\"Lo viste en Los Pol\u00edticos\",\"@id\":\"https:\\\/\\\/lospoliticosveracruz.com\\\/#\\\/schema\\\/person\\\/b8702bb0e538456e6efd07080bf2a4a2\"},\"headline\":\"CABILDOS\",\"datePublished\":\"2025-11-12T01:44:29+00:00\",\"dateModified\":\"2025-11-12T01:44:53+00:00\",\"mainEntityOfPage\":{\"@id\":\"https:\\\/\\\/lospoliticosveracruz.com\\\/?p=156302\"},\"wordCount\":414,\"publisher\":{\"@id\":\"https:\\\/\\\/lospoliticosveracruz.com\\\/#organization\"},\"image\":{\"@id\":\"https:\\\/\\\/lospoliticosveracruz.com\\\/?p=156302#primaryimage\"},\"thumbnailUrl\":\"https:\\\/\\\/lospoliticosveracruz.com\\\/wp-content\\\/uploads\\\/2025\\\/04\\\/Pompeyo-e1776307406459.jpg\",\"keywords\":[\"cabildos Veracruz\",\"mujeres en cargos p\u00fablicos.\",\"OPLE Veracruz\",\"pluralidad pol\u00edtica\",\"regidur\u00edas municipales\",\"Xalapa Coatepec Xico\"],\"articleSection\":[\"De Opini\u00f3n\"],\"inLanguage\":\"es\"},{\"@type\":\"WebPage\",\"@id\":\"https:\\\/\\\/lospoliticosveracruz.com\\\/?p=156302\",\"url\":\"https:\\\/\\\/lospoliticosveracruz.com\\\/?p=156302\",\"name\":\"CABILDOS - Los pol\u00edticos Veracruz\",\"isPartOf\":{\"@id\":\"https:\\\/\\\/lospoliticosveracruz.com\\\/#website\"},\"primaryImageOfPage\":{\"@id\":\"https:\\\/\\\/lospoliticosveracruz.com\\\/?p=156302#primaryimage\"},\"image\":{\"@id\":\"https:\\\/\\\/lospoliticosveracruz.com\\\/?p=156302#primaryimage\"},\"thumbnailUrl\":\"https:\\\/\\\/lospoliticosveracruz.com\\\/wp-content\\\/uploads\\\/2025\\\/04\\\/Pompeyo-e1776307406459.jpg\",\"datePublished\":\"2025-11-12T01:44:29+00:00\",\"dateModified\":\"2025-11-12T01:44:53+00:00\",\"breadcrumb\":{\"@id\":\"https:\\\/\\\/lospoliticosveracruz.com\\\/?p=156302#breadcrumb\"},\"inLanguage\":\"es\",\"potentialAction\":[{\"@type\":\"ReadAction\",\"target\":[\"https:\\\/\\\/lospoliticosveracruz.com\\\/?p=156302\"]}]},{\"@type\":\"ImageObject\",\"inLanguage\":\"es\",\"@id\":\"https:\\\/\\\/lospoliticosveracruz.com\\\/?p=156302#primaryimage\",\"url\":\"https:\\\/\\\/lospoliticosveracruz.com\\\/wp-content\\\/uploads\\\/2025\\\/04\\\/Pompeyo-e1776307406459.jpg\",\"contentUrl\":\"https:\\\/\\\/lospoliticosveracruz.com\\\/wp-content\\\/uploads\\\/2025\\\/04\\\/Pompeyo-e1776307406459.jpg\",\"width\":600,\"height\":320},{\"@type\":\"BreadcrumbList\",\"@id\":\"https:\\\/\\\/lospoliticosveracruz.com\\\/?p=156302#breadcrumb\",\"itemListElement\":[{\"@type\":\"ListItem\",\"position\":1,\"name\":\"Portada\",\"item\":\"https:\\\/\\\/lospoliticosveracruz.com\\\/\"},{\"@type\":\"ListItem\",\"position\":2,\"name\":\"CABILDOS\"}]},{\"@type\":\"WebSite\",\"@id\":\"https:\\\/\\\/lospoliticosveracruz.com\\\/#website\",\"url\":\"https:\\\/\\\/lospoliticosveracruz.com\\\/\",\"name\":\"Los pol\u00edticos Veracruz\",\"description\":\"\",\"publisher\":{\"@id\":\"https:\\\/\\\/lospoliticosveracruz.com\\\/#organization\"},\"potentialAction\":[{\"@type\":\"SearchAction\",\"target\":{\"@type\":\"EntryPoint\",\"urlTemplate\":\"https:\\\/\\\/lospoliticosveracruz.com\\\/?s={search_term_string}\"},\"query-input\":{\"@type\":\"PropertyValueSpecification\",\"valueRequired\":true,\"valueName\":\"search_term_string\"}}],\"inLanguage\":\"es\"},{\"@type\":\"Organization\",\"@id\":\"https:\\\/\\\/lospoliticosveracruz.com\\\/#organization\",\"name\":\"Los pol\u00edticos Veracruz\",\"url\":\"https:\\\/\\\/lospoliticosveracruz.com\\\/\",\"logo\":{\"@type\":\"ImageObject\",\"inLanguage\":\"es\",\"@id\":\"https:\\\/\\\/lospoliticosveracruz.com\\\/#\\\/schema\\\/logo\\\/image\\\/\",\"url\":\"https:\\\/\\\/lospoliticosveracruz.com\\\/wp-content\\\/uploads\\\/2025\\\/12\\\/Logo-Nuevo-LOS-POLITICOS-1.jpg\",\"contentUrl\":\"https:\\\/\\\/lospoliticosveracruz.com\\\/wp-content\\\/uploads\\\/2025\\\/12\\\/Logo-Nuevo-LOS-POLITICOS-1.jpg\",\"width\":260,\"height\":70,\"caption\":\"Los pol\u00edticos Veracruz\"},\"image\":{\"@id\":\"https:\\\/\\\/lospoliticosveracruz.com\\\/#\\\/schema\\\/logo\\\/image\\\/\"},\"sameAs\":[\"https:\\\/\\\/www.facebook.com\\\/people\\\/Notimemes-de-los-Polticos\\\/61565672886568\\\/\",\"https:\\\/\\\/x.com\\\/LosPoliticosVer\"]},{\"@type\":\"Person\",\"@id\":\"https:\\\/\\\/lospoliticosveracruz.com\\\/#\\\/schema\\\/person\\\/b8702bb0e538456e6efd07080bf2a4a2\",\"name\":\"Lo viste en Los Pol\u00edticos\",\"image\":{\"@type\":\"ImageObject\",\"inLanguage\":\"es\",\"@id\":\"https:\\\/\\\/secure.gravatar.com\\\/avatar\\\/3a8de04a2656d44082be478bd6c086daa447c4651605818287b9532d3d0bd435?s=96&d=mm&r=g\",\"url\":\"https:\\\/\\\/secure.gravatar.com\\\/avatar\\\/3a8de04a2656d44082be478bd6c086daa447c4651605818287b9532d3d0bd435?s=96&d=mm&r=g\",\"contentUrl\":\"https:\\\/\\\/secure.gravatar.com\\\/avatar\\\/3a8de04a2656d44082be478bd6c086daa447c4651605818287b9532d3d0bd435?s=96&d=mm&r=g\",\"caption\":\"Lo viste en Los Pol\u00edticos\"},\"url\":\"https:\\\/\\\/lospoliticosveracruz.com\\\/?author=2\"}]}<\/script>\n<!-- \/ Yoast SEO plugin. -->","yoast_head_json":{"title":"CABILDOS - Los pol\u00edticos Veracruz","robots":{"index":"index","follow":"follow","max-snippet":"max-snippet:-1","max-image-preview":"max-image-preview:large","max-video-preview":"max-video-preview:-1"},"canonical":"https:\/\/lospoliticosveracruz.com\/?p=156302","og_locale":"es_ES","og_type":"article","og_title":"CABILDOS - Los pol\u00edticos Veracruz","og_description":"Mesa de Redacci\u00f3nEnrique Yasser Pompeyo Tras las asignaciones de las regidur\u00edas que realiz\u00f3 el Organismo P\u00fablico Local Electoral de Veracruz (OPLE), si bien en algunos ayuntamientos habr\u00e1 mayor\u00eda de un partido o coalici\u00f3n, se observa pluralidad no solo partidista, sino que habr\u00e1 m\u00e1s mujeres. El asunto cobra relevancia porque a trav\u00e9s del di\u00e1logo y los [&hellip;]","og_url":"https:\/\/lospoliticosveracruz.com\/?p=156302","og_site_name":"Los pol\u00edticos Veracruz","article_publisher":"https:\/\/www.facebook.com\/people\/Notimemes-de-los-Polticos\/61565672886568\/","article_published_time":"2025-11-12T01:44:29+00:00","article_modified_time":"2025-11-12T01:44:53+00:00","og_image":[{"width":1250,"height":667,"url":"https:\/\/lospoliticosveracruz.com\/wp-content\/uploads\/2025\/04\/Pompeyo.jpg","type":"image\/jpeg"}],"author":"Lo viste en Los Pol\u00edticos","twitter_card":"summary_large_image","twitter_creator":"@LosPoliticosVer","twitter_site":"@LosPoliticosVer","twitter_misc":{"Escrito por":"Lo viste en Los Pol\u00edticos","Tiempo de lectura":"2 minutos"},"schema":{"@context":"https:\/\/schema.org","@graph":[{"@type":"Article","@id":"https:\/\/lospoliticosveracruz.com\/?p=156302#article","isPartOf":{"@id":"https:\/\/lospoliticosveracruz.com\/?p=156302"},"author":{"name":"Lo viste en Los Pol\u00edticos","@id":"https:\/\/lospoliticosveracruz.com\/#\/schema\/person\/b8702bb0e538456e6efd07080bf2a4a2"},"headline":"CABILDOS","datePublished":"2025-11-12T01:44:29+00:00","dateModified":"2025-11-12T01:44:53+00:00","mainEntityOfPage":{"@id":"https:\/\/lospoliticosveracruz.com\/?p=156302"},"wordCount":414,"publisher":{"@id":"https:\/\/lospoliticosveracruz.com\/#organization"},"image":{"@id":"https:\/\/lospoliticosveracruz.com\/?p=156302#primaryimage"},"thumbnailUrl":"https:\/\/lospoliticosveracruz.com\/wp-content\/uploads\/2025\/04\/Pompeyo-e1776307406459.jpg","keywords":["cabildos Veracruz","mujeres en cargos p\u00fablicos.","OPLE Veracruz","pluralidad pol\u00edtica","regidur\u00edas municipales","Xalapa Coatepec Xico"],"articleSection":["De Opini\u00f3n"],"inLanguage":"es"},{"@type":"WebPage","@id":"https:\/\/lospoliticosveracruz.com\/?p=156302","url":"https:\/\/lospoliticosveracruz.com\/?p=156302","name":"CABILDOS - Los pol\u00edticos Veracruz","isPartOf":{"@id":"https:\/\/lospoliticosveracruz.com\/#website"},"primaryImageOfPage":{"@id":"https:\/\/lospoliticosveracruz.com\/?p=156302#primaryimage"},"image":{"@id":"https:\/\/lospoliticosveracruz.com\/?p=156302#primaryimage"},"thumbnailUrl":"https:\/\/lospoliticosveracruz.com\/wp-content\/uploads\/2025\/04\/Pompeyo-e1776307406459.jpg","datePublished":"2025-11-12T01:44:29+00:00","dateModified":"2025-11-12T01:44:53+00:00","breadcrumb":{"@id":"https:\/\/lospoliticosveracruz.com\/?p=156302#breadcrumb"},"inLanguage":"es","potentialAction":[{"@type":"ReadAction","target":["https:\/\/lospoliticosveracruz.com\/?p=156302"]}]},{"@type":"ImageObject","inLanguage":"es","@id":"https:\/\/lospoliticosveracruz.com\/?p=156302#primaryimage","url":"https:\/\/lospoliticosveracruz.com\/wp-content\/uploads\/2025\/04\/Pompeyo-e1776307406459.jpg","contentUrl":"https:\/\/lospoliticosveracruz.com\/wp-content\/uploads\/2025\/04\/Pompeyo-e1776307406459.jpg","width":600,"height":320},{"@type":"BreadcrumbList","@id":"https:\/\/lospoliticosveracruz.com\/?p=156302#breadcrumb","itemListElement":[{"@type":"ListItem","position":1,"name":"Portada","item":"https:\/\/lospoliticosveracruz.com\/"},{"@type":"ListItem","position":2,"name":"CABILDOS"}]},{"@type":"WebSite","@id":"https:\/\/lospoliticosveracruz.com\/#website","url":"https:\/\/lospoliticosveracruz.com\/","name":"Los pol\u00edticos Veracruz","description":"","publisher":{"@id":"https:\/\/lospoliticosveracruz.com\/#organization"},"potentialAction":[{"@type":"SearchAction","target":{"@type":"EntryPoint","urlTemplate":"https:\/\/lospoliticosveracruz.com\/?s={search_term_string}"},"query-input":{"@type":"PropertyValueSpecification","valueRequired":true,"valueName":"search_term_string"}}],"inLanguage":"es"},{"@type":"Organization","@id":"https:\/\/lospoliticosveracruz.com\/#organization","name":"Los pol\u00edticos Veracruz","url":"https:\/\/lospoliticosveracruz.com\/","logo":{"@type":"ImageObject","inLanguage":"es","@id":"https:\/\/lospoliticosveracruz.com\/#\/schema\/logo\/image\/","url":"https:\/\/lospoliticosveracruz.com\/wp-content\/uploads\/2025\/12\/Logo-Nuevo-LOS-POLITICOS-1.jpg","contentUrl":"https:\/\/lospoliticosveracruz.com\/wp-content\/uploads\/2025\/12\/Logo-Nuevo-LOS-POLITICOS-1.jpg","width":260,"height":70,"caption":"Los pol\u00edticos Veracruz"},"image":{"@id":"https:\/\/lospoliticosveracruz.com\/#\/schema\/logo\/image\/"},"sameAs":["https:\/\/www.facebook.com\/people\/Notimemes-de-los-Polticos\/61565672886568\/","https:\/\/x.com\/LosPoliticosVer"]},{"@type":"Person","@id":"https:\/\/lospoliticosveracruz.com\/#\/schema\/person\/b8702bb0e538456e6efd07080bf2a4a2","name":"Lo viste en Los Pol\u00edticos","image":{"@type":"ImageObject","inLanguage":"es","@id":"https:\/\/secure.gravatar.com\/avatar\/3a8de04a2656d44082be478bd6c086daa447c4651605818287b9532d3d0bd435?s=96&d=mm&r=g","url":"https:\/\/secure.gravatar.com\/avatar\/3a8de04a2656d44082be478bd6c086daa447c4651605818287b9532d3d0bd435?s=96&d=mm&r=g","contentUrl":"https:\/\/secure.gravatar.com\/avatar\/3a8de04a2656d44082be478bd6c086daa447c4651605818287b9532d3d0bd435?s=96&d=mm&r=g","caption":"Lo viste en Los Pol\u00edticos"},"url":"https:\/\/lospoliticosveracruz.com\/?author=2"}]}},"_links":{"self":[{"href":"https:\/\/lospoliticosveracruz.com\/index.php?rest_route=\/wp\/v2\/posts\/156302","targetHints":{"allow":["GET"]}}],"collection":[{"href":"https:\/\/lospoliticosveracruz.com\/index.php?rest_route=\/wp\/v2\/posts"}],"about":[{"href":"https:\/\/lospoliticosveracruz.com\/index.php?rest_route=\/wp\/v2\/types\/post"}],"author":[{"embeddable":true,"href":"https:\/\/lospoliticosveracruz.com\/index.php?rest_route=\/wp\/v2\/users\/2"}],"replies":[{"embeddable":true,"href":"https:\/\/lospoliticosveracruz.com\/index.php?rest_route=%2Fwp%2Fv2%2Fcomments&post=156302"}],"version-history":[{"count":1,"href":"https:\/\/lospoliticosveracruz.com\/index.php?rest_route=\/wp\/v2\/posts\/156302\/revisions"}],"predecessor-version":[{"id":156303,"href":"https:\/\/lospoliticosveracruz.com\/index.php?rest_route=\/wp\/v2\/posts\/156302\/revisions\/156303"}],"wp:featuredmedia":[{"embeddable":true,"href":"https:\/\/lospoliticosveracruz.com\/index.php?rest_route=\/wp\/v2\/media\/141425"}],"wp:attachment":[{"href":"https:\/\/lospoliticosveracruz.com\/index.php?rest_route=%2Fwp%2Fv2%2Fmedia&parent=156302"}],"wp:term":[{"taxonomy":"category","embeddable":true,"href":"https:\/\/lospoliticosveracruz.com\/index.php?rest_route=%2Fwp%2Fv2%2Fcategories&post=156302"},{"taxonomy":"post_tag","embeddable":true,"href":"https:\/\/lospoliticosveracruz.com\/index.php?rest_route=%2Fwp%2Fv2%2Ftags&post=156302"}],"curies":[{"name":"wp","href":"https:\/\/api.w.org\/{rel}","templated":true}]}}