{"id":156382,"date":"2025-11-13T06:07:33","date_gmt":"2025-11-13T12:07:33","guid":{"rendered":"https:\/\/lospoliticosveracruz.com.mx\/?p=156382"},"modified":"2025-11-13T06:07:59","modified_gmt":"2025-11-13T12:07:59","slug":"azucar-amarga-a-productores-de-cana","status":"publish","type":"post","link":"https:\/\/lospoliticosveracruz.com\/?p=156382","title":{"rendered":"AZ\u00daCAR AMARGA A PRODUCTORES DE CA\u00d1A"},"content":{"rendered":"\n<p><strong>Fanny Y\u00e9pez<\/strong><br><em>La Columna<\/em><\/p>\n\n\n\n<p>Tal parece que el decret\u00f3 que lanzo el pasado lunes el gobierno mexicano de aplicar aranceles de 165% y 210% a las importaciones de az\u00facar, no lleno las expectativas de los productores, porque las movilizaciones persisten y se endurecieron.<\/p>\n\n\n\n\n\n<p>El gobierno reconoce que el decreto que el alza arancelaria obedece a que la agroindustria de la ca\u00f1a de az\u00facar en M\u00e9xico enfrenta una situaci\u00f3n de sobreoferta de az\u00facar en el mercado nacional que est\u00e1 poniendo en riesgo la rentabilidad y viabilidad de toda la cadena productiva.<\/p>\n\n\n\n<p>Sin embargo, hay que se\u00f1alar que la crisis en la industria ca\u00f1era de M\u00e9xico en 2025 se debe principalmente a la sobreoferta de az\u00facar y a la ca\u00edda de precios, exacerbada por la importaci\u00f3n ilegal de az\u00facar de Centroam\u00e9rica y aranceles de importaci\u00f3n insuficientes. Esto ha resultado en p\u00e9rdidas millonarias para los productores, deudas crecientes y el riesgo de no poder realizar la pr\u00f3xima zafra.<\/p>\n\n\n\n<p>Como respuesta, el gobierno federal implement\u00f3 aranceles de hasta 210% a las importaciones de az\u00facar para estabilizar el mercado nacional.<\/p>\n\n\n\n<p>Importaciones Masivas y \u00abHuachicol Azucarero\u00bb: La entrada de grandes vol\u00famenes de az\u00facar importada, principalmente de pa\u00edses como Guatemala y Brasil, a menudo de contrabando o a precios por debajo de los costos de producci\u00f3n nacionales (\u00abhuachicol azucarero\u00bb), ha saturado el mercado interno y desplomado los precios.<\/p>\n\n\n\n<p>Ca\u00edda de Precios y P\u00e9rdidas Econ\u00f3micas: Los bajos precios del az\u00facar en el mercado han generado p\u00e9rdidas significativas para los productores. Se estima que en el ciclo 2024\/2025, los productores acumularon una p\u00e9rdida en sus ingresos de al menos el 27%.<\/p>\n\n\n\n<p>Actualmente, los ca\u00f1eros est\u00e1n exigiendo un apoyo emergente de 300 pesos por tonelada ante la falta de remanente para la zafra 2024-2025.<\/p>\n\n\n\n<p>En este rubro, el estado de Veracruz ocupa un lugar preponderante, actualmente 19 ingenios azucareros de un total de 22 existentes, son los que operan en la entidad. La cifra exacta puede variar, pero se sabe que 19 de los 22 que hay en el estado se encuentran trabajando.<\/p>\n\n\n\n<p>Los ingenios azucareros de Veracruz produjeron alrededor de 2.5 millones de toneladas de az\u00facar este a\u00f1o, representando aproximadamente el 40% de la producci\u00f3n nacional durante la zafra 2024-2025. Esta cifra consolida a Veracruz como el principal productor azucarero de M\u00e9xico, con 19 ingenios trabajando en la temporada actual, seg\u00fan los informes m\u00e1s reciente.<\/p>\n\n\n\n<p>L\u00edderes en producci\u00f3n de az\u00facar refinada: Algunos de los ingenios que lideran la producci\u00f3n de az\u00facar refinada son: Ingenio El Modelo (La Antigua), Ingenio San Crist\u00f3bal (Carlos A. Carrillo), Ingenio El Potrero (Atoyac), Ingenio San Miguelito (C\u00f3rdoba) y el Ingenio La Providencia (Cuichapa).<\/p>\n\n\n\n<p>Ingenios con mayor molienda: Tres Valles, P\u00e1nuco y San Crist\u00f3bal encabezaron la lista de ingenios con mayor volumen de ca\u00f1a procesada durante esta zafra.<br>Producci\u00f3n acumulada: El 31 de marzo de 2025, se acumul\u00f3 una producci\u00f3n de 1,172,673 toneladas de az\u00facar refinada en la zafra 2024-2025.<\/p>\n\n\n\n<p>Por todo ello y m\u00e1s que se nos escapa, productores de ca\u00f1a de diversos estados del pa\u00eds, ya suman m\u00e1s de 12 horas de bloqueo frente a la Secretar\u00eda de Agricultura y Desarrollo Rural (Sader), que acordaron una reuni\u00f3n con el subsecretario Leonel Cota Monta\u00f1o, para negociar su pliego petitorio que incluye la creaci\u00f3n de un plan emergente de rescate al sector azucarero.<\/p>\n\n\n\n<p>Ruperto Ruiz Cort\u00e9s, integrante de la Unidad Ca\u00f1era Democr\u00e1tica y de la comisi\u00f3n negociadora, indic\u00f3 que en la mesa de trabajo se abordar\u00eda su petici\u00f3n de que se les otorgue un subsidio de 300 pesos por tonelada de ca\u00f1a.<\/p>\n\n\n\n<p>Los ca\u00f1eros, procedentes de Veracruz, Morelos, San Luis Potos\u00ed y Puebla, entre otras entidades, acusaron al gobierno federal de ser responsable de que el sector registrara p\u00e9rdidas en los periodos de zafra 2023-2024 y 2024-2025, debido a las elevadas importaciones del endulzante.<\/p>\n\n\n\n<p>\u201cPerdimos 300 pesos por tonelada y esa responsabilidad cae en el Gobierno federal, que import\u00f3 mucha az\u00facar y derrumb\u00f3 el precio. Si somos autosuficientes, \u00bfpara qu\u00e9 traer az\u00facar? Ahora le pedimos que nos resarza ese da\u00f1o\u201d, reproch\u00f3 Ruiz Cort\u00e9s.<\/p>\n\n\n\n<p>En entrevista a las afueras de la dependencia, Ruiz Cort\u00e9s pidi\u00f3 que se incremente el subsidio al seguro social de los productores, ya que \u2013dijo\u2013 muchos no alcanzaron y su familia no cuenta con este derecho.<\/p>\n\n\n\n<p>Sobre las manifestaciones que se realizan en las casetas de Tuxtepec y Cosamaloapan, entre otros puntos, en Veracruz, dijo que se mantendr\u00e1n para pedir apoyo voluntario y financiar las protestas en la ciudad de M\u00e9xico.<\/p>\n\n\n\n<p>En esta serie de movilizaciones el oriundo de \u00c1ngel R. Cabada, Arturo Herviz Reyes, tambi\u00e9n integrante de la Unidad Ca\u00f1era Democr\u00e1tica, asegur\u00f3 que \u201cest\u00e1 fundado\u201d el planteamiento de solicitar el apoyo de 300 pesos por tonelada de ca\u00f1a de az\u00facar.<\/p>\n\n\n\n<p>Se\u00f1al\u00f3 que se registr\u00f3 un excedente de m\u00e1s de un mill\u00f3n de toneladas de az\u00facar, y acus\u00f3 que adem\u00e1s de las importaciones existe contrabando del endulzante desde Centroam\u00e9rica.<\/p>\n\n\n\n<p>Expuso, por ejemplo, que, en el ingenio de San Pedro, Veracruz, en la zafra 2023-2024 la tonelada val\u00eda mil 195 pesos, pero para la siguiente temporada cay\u00f3 a 846 pesos.<\/p>\n\n\n\n<p>Los productores de ca\u00f1a llegaron a las afueras de la Sader alrededor de las 5 de la ma\u00f1ana de este martes y se apostaron sobre la avenida Municipio Libre.<\/p>\n\n\n\n<p>Despu\u00e9s de que sus representantes les dieron a conocer que se pact\u00f3 una reuni\u00f3n con el subsecretario de Agricultura, los ca\u00f1eros decidieron retirar sus bloqueos, y replegarse s\u00f3lo a la avenida Municipio Libre, donde pernoctar\u00e1n para reactivar sus protestas mientras se desarrollan las negociaciones con la Sader.<\/p>\n\n\n\n<p>Hasta el momento de redactar esta columna, a\u00fan no hay una soluci\u00f3n definitiva a las demandas de los productores ca\u00f1eros; las protestas y bloqueos contin\u00faan a la espera de un acuerdo con las autoridades.<\/p>\n","protected":false},"excerpt":{"rendered":"<p>Fanny Y\u00e9pezLa Columna Tal parece que el decret\u00f3 que lanzo el pasado lunes el gobierno mexicano de aplicar aranceles de 165% y 210% a las importaciones de az\u00facar, no lleno las expectativas de los productores, porque las movilizaciones persisten y se endurecieron. El gobierno reconoce que el decreto que el alza arancelaria obedece a que [&hellip;]<\/p>\n","protected":false},"author":2,"featured_media":141383,"comment_status":"closed","ping_status":"closed","sticky":false,"template":"","format":"standard","meta":{"tdm_status":"","tdm_grid_status":"","footnotes":""},"categories":[70],"tags":[577,12553,14449,195],"class_list":{"0":"post-156382","1":"post","2":"type-post","3":"status-publish","4":"format-standard","5":"has-post-thumbnail","7":"category-de-opinion","8":"tag-cana","9":"tag-cana-de-azucar","10":"tag-productores","11":"tag-veracruz"},"yoast_head":"<!-- This site is optimized with the Yoast SEO plugin v27.4 - https:\/\/yoast.com\/product\/yoast-seo-wordpress\/ -->\n<title>AZ\u00daCAR AMARGA A PRODUCTORES DE CA\u00d1A - Los pol\u00edticos Veracruz<\/title>\n<meta name=\"robots\" content=\"index, follow, max-snippet:-1, max-image-preview:large, max-video-preview:-1\" \/>\n<link rel=\"canonical\" href=\"https:\/\/lospoliticosveracruz.com\/?p=156382\" \/>\n<meta property=\"og:locale\" content=\"es_ES\" \/>\n<meta property=\"og:type\" content=\"article\" \/>\n<meta property=\"og:title\" content=\"AZ\u00daCAR AMARGA A PRODUCTORES DE CA\u00d1A - Los pol\u00edticos Veracruz\" \/>\n<meta property=\"og:description\" content=\"Fanny Y\u00e9pezLa Columna Tal parece que el decret\u00f3 que lanzo el pasado lunes el gobierno mexicano de aplicar aranceles de 165% y 210% a las importaciones de az\u00facar, no lleno las expectativas de los productores, porque las movilizaciones persisten y se endurecieron. El gobierno reconoce que el decreto que el alza arancelaria obedece a que [&hellip;]\" \/>\n<meta property=\"og:url\" content=\"https:\/\/lospoliticosveracruz.com\/?p=156382\" \/>\n<meta property=\"og:site_name\" content=\"Los pol\u00edticos Veracruz\" \/>\n<meta property=\"article:publisher\" content=\"https:\/\/www.facebook.com\/people\/Notimemes-de-los-Polticos\/61565672886568\/\" \/>\n<meta property=\"article:published_time\" content=\"2025-11-13T12:07:33+00:00\" \/>\n<meta property=\"article:modified_time\" content=\"2025-11-13T12:07:59+00:00\" \/>\n<meta property=\"og:image\" content=\"https:\/\/lospoliticosveracruz.com\/wp-content\/uploads\/2025\/04\/Fanny-Yepez-Luna.jpg\" \/>\n\t<meta property=\"og:image:width\" content=\"1250\" \/>\n\t<meta property=\"og:image:height\" content=\"667\" \/>\n\t<meta property=\"og:image:type\" content=\"image\/jpeg\" \/>\n<meta name=\"author\" content=\"Lo viste en Los Pol\u00edticos\" \/>\n<meta name=\"twitter:card\" content=\"summary_large_image\" \/>\n<meta name=\"twitter:creator\" content=\"@LosPoliticosVer\" \/>\n<meta name=\"twitter:site\" content=\"@LosPoliticosVer\" \/>\n<meta name=\"twitter:label1\" content=\"Escrito por\" \/>\n\t<meta name=\"twitter:data1\" content=\"Lo viste en Los Pol\u00edticos\" \/>\n\t<meta name=\"twitter:label2\" content=\"Tiempo de lectura\" \/>\n\t<meta name=\"twitter:data2\" content=\"5 minutos\" \/>\n<script type=\"application\/ld+json\" class=\"yoast-schema-graph\">{\"@context\":\"https:\\\/\\\/schema.org\",\"@graph\":[{\"@type\":\"Article\",\"@id\":\"https:\\\/\\\/lospoliticosveracruz.com\\\/?p=156382#article\",\"isPartOf\":{\"@id\":\"https:\\\/\\\/lospoliticosveracruz.com\\\/?p=156382\"},\"author\":{\"name\":\"Lo viste en Los Pol\u00edticos\",\"@id\":\"https:\\\/\\\/lospoliticosveracruz.com\\\/#\\\/schema\\\/person\\\/b8702bb0e538456e6efd07080bf2a4a2\"},\"headline\":\"AZ\u00daCAR AMARGA A PRODUCTORES DE CA\u00d1A\",\"datePublished\":\"2025-11-13T12:07:33+00:00\",\"dateModified\":\"2025-11-13T12:07:59+00:00\",\"mainEntityOfPage\":{\"@id\":\"https:\\\/\\\/lospoliticosveracruz.com\\\/?p=156382\"},\"wordCount\":1018,\"publisher\":{\"@id\":\"https:\\\/\\\/lospoliticosveracruz.com\\\/#organization\"},\"image\":{\"@id\":\"https:\\\/\\\/lospoliticosveracruz.com\\\/?p=156382#primaryimage\"},\"thumbnailUrl\":\"https:\\\/\\\/lospoliticosveracruz.com\\\/wp-content\\\/uploads\\\/2025\\\/04\\\/Fanny-Yepez-Luna-e1768657334923.jpg\",\"keywords\":[\"ca\u00f1a\",\"Ca\u00f1a de az\u00facar\",\"productores\",\"Veracruz\"],\"articleSection\":[\"De Opini\u00f3n\"],\"inLanguage\":\"es\"},{\"@type\":\"WebPage\",\"@id\":\"https:\\\/\\\/lospoliticosveracruz.com\\\/?p=156382\",\"url\":\"https:\\\/\\\/lospoliticosveracruz.com\\\/?p=156382\",\"name\":\"AZ\u00daCAR AMARGA A PRODUCTORES DE CA\u00d1A - Los pol\u00edticos Veracruz\",\"isPartOf\":{\"@id\":\"https:\\\/\\\/lospoliticosveracruz.com\\\/#website\"},\"primaryImageOfPage\":{\"@id\":\"https:\\\/\\\/lospoliticosveracruz.com\\\/?p=156382#primaryimage\"},\"image\":{\"@id\":\"https:\\\/\\\/lospoliticosveracruz.com\\\/?p=156382#primaryimage\"},\"thumbnailUrl\":\"https:\\\/\\\/lospoliticosveracruz.com\\\/wp-content\\\/uploads\\\/2025\\\/04\\\/Fanny-Yepez-Luna-e1768657334923.jpg\",\"datePublished\":\"2025-11-13T12:07:33+00:00\",\"dateModified\":\"2025-11-13T12:07:59+00:00\",\"breadcrumb\":{\"@id\":\"https:\\\/\\\/lospoliticosveracruz.com\\\/?p=156382#breadcrumb\"},\"inLanguage\":\"es\",\"potentialAction\":[{\"@type\":\"ReadAction\",\"target\":[\"https:\\\/\\\/lospoliticosveracruz.com\\\/?p=156382\"]}]},{\"@type\":\"ImageObject\",\"inLanguage\":\"es\",\"@id\":\"https:\\\/\\\/lospoliticosveracruz.com\\\/?p=156382#primaryimage\",\"url\":\"https:\\\/\\\/lospoliticosveracruz.com\\\/wp-content\\\/uploads\\\/2025\\\/04\\\/Fanny-Yepez-Luna-e1768657334923.jpg\",\"contentUrl\":\"https:\\\/\\\/lospoliticosveracruz.com\\\/wp-content\\\/uploads\\\/2025\\\/04\\\/Fanny-Yepez-Luna-e1768657334923.jpg\",\"width\":600,\"height\":320},{\"@type\":\"BreadcrumbList\",\"@id\":\"https:\\\/\\\/lospoliticosveracruz.com\\\/?p=156382#breadcrumb\",\"itemListElement\":[{\"@type\":\"ListItem\",\"position\":1,\"name\":\"Portada\",\"item\":\"https:\\\/\\\/lospoliticosveracruz.com\\\/\"},{\"@type\":\"ListItem\",\"position\":2,\"name\":\"AZ\u00daCAR AMARGA A PRODUCTORES DE CA\u00d1A\"}]},{\"@type\":\"WebSite\",\"@id\":\"https:\\\/\\\/lospoliticosveracruz.com\\\/#website\",\"url\":\"https:\\\/\\\/lospoliticosveracruz.com\\\/\",\"name\":\"Los pol\u00edticos Veracruz\",\"description\":\"\",\"publisher\":{\"@id\":\"https:\\\/\\\/lospoliticosveracruz.com\\\/#organization\"},\"potentialAction\":[{\"@type\":\"SearchAction\",\"target\":{\"@type\":\"EntryPoint\",\"urlTemplate\":\"https:\\\/\\\/lospoliticosveracruz.com\\\/?s={search_term_string}\"},\"query-input\":{\"@type\":\"PropertyValueSpecification\",\"valueRequired\":true,\"valueName\":\"search_term_string\"}}],\"inLanguage\":\"es\"},{\"@type\":\"Organization\",\"@id\":\"https:\\\/\\\/lospoliticosveracruz.com\\\/#organization\",\"name\":\"Los pol\u00edticos Veracruz\",\"url\":\"https:\\\/\\\/lospoliticosveracruz.com\\\/\",\"logo\":{\"@type\":\"ImageObject\",\"inLanguage\":\"es\",\"@id\":\"https:\\\/\\\/lospoliticosveracruz.com\\\/#\\\/schema\\\/logo\\\/image\\\/\",\"url\":\"https:\\\/\\\/lospoliticosveracruz.com\\\/wp-content\\\/uploads\\\/2025\\\/12\\\/Logo-Nuevo-LOS-POLITICOS-1.jpg\",\"contentUrl\":\"https:\\\/\\\/lospoliticosveracruz.com\\\/wp-content\\\/uploads\\\/2025\\\/12\\\/Logo-Nuevo-LOS-POLITICOS-1.jpg\",\"width\":260,\"height\":70,\"caption\":\"Los pol\u00edticos Veracruz\"},\"image\":{\"@id\":\"https:\\\/\\\/lospoliticosveracruz.com\\\/#\\\/schema\\\/logo\\\/image\\\/\"},\"sameAs\":[\"https:\\\/\\\/www.facebook.com\\\/people\\\/Notimemes-de-los-Polticos\\\/61565672886568\\\/\",\"https:\\\/\\\/x.com\\\/LosPoliticosVer\"]},{\"@type\":\"Person\",\"@id\":\"https:\\\/\\\/lospoliticosveracruz.com\\\/#\\\/schema\\\/person\\\/b8702bb0e538456e6efd07080bf2a4a2\",\"name\":\"Lo viste en Los Pol\u00edticos\",\"image\":{\"@type\":\"ImageObject\",\"inLanguage\":\"es\",\"@id\":\"https:\\\/\\\/secure.gravatar.com\\\/avatar\\\/3a8de04a2656d44082be478bd6c086daa447c4651605818287b9532d3d0bd435?s=96&d=mm&r=g\",\"url\":\"https:\\\/\\\/secure.gravatar.com\\\/avatar\\\/3a8de04a2656d44082be478bd6c086daa447c4651605818287b9532d3d0bd435?s=96&d=mm&r=g\",\"contentUrl\":\"https:\\\/\\\/secure.gravatar.com\\\/avatar\\\/3a8de04a2656d44082be478bd6c086daa447c4651605818287b9532d3d0bd435?s=96&d=mm&r=g\",\"caption\":\"Lo viste en Los Pol\u00edticos\"},\"url\":\"https:\\\/\\\/lospoliticosveracruz.com\\\/?author=2\"}]}<\/script>\n<!-- \/ Yoast SEO plugin. -->","yoast_head_json":{"title":"AZ\u00daCAR AMARGA A PRODUCTORES DE CA\u00d1A - Los pol\u00edticos Veracruz","robots":{"index":"index","follow":"follow","max-snippet":"max-snippet:-1","max-image-preview":"max-image-preview:large","max-video-preview":"max-video-preview:-1"},"canonical":"https:\/\/lospoliticosveracruz.com\/?p=156382","og_locale":"es_ES","og_type":"article","og_title":"AZ\u00daCAR AMARGA A PRODUCTORES DE CA\u00d1A - Los pol\u00edticos Veracruz","og_description":"Fanny Y\u00e9pezLa Columna Tal parece que el decret\u00f3 que lanzo el pasado lunes el gobierno mexicano de aplicar aranceles de 165% y 210% a las importaciones de az\u00facar, no lleno las expectativas de los productores, porque las movilizaciones persisten y se endurecieron. El gobierno reconoce que el decreto que el alza arancelaria obedece a que [&hellip;]","og_url":"https:\/\/lospoliticosveracruz.com\/?p=156382","og_site_name":"Los pol\u00edticos Veracruz","article_publisher":"https:\/\/www.facebook.com\/people\/Notimemes-de-los-Polticos\/61565672886568\/","article_published_time":"2025-11-13T12:07:33+00:00","article_modified_time":"2025-11-13T12:07:59+00:00","og_image":[{"width":1250,"height":667,"url":"https:\/\/lospoliticosveracruz.com\/wp-content\/uploads\/2025\/04\/Fanny-Yepez-Luna.jpg","type":"image\/jpeg"}],"author":"Lo viste en Los Pol\u00edticos","twitter_card":"summary_large_image","twitter_creator":"@LosPoliticosVer","twitter_site":"@LosPoliticosVer","twitter_misc":{"Escrito por":"Lo viste en Los Pol\u00edticos","Tiempo de lectura":"5 minutos"},"schema":{"@context":"https:\/\/schema.org","@graph":[{"@type":"Article","@id":"https:\/\/lospoliticosveracruz.com\/?p=156382#article","isPartOf":{"@id":"https:\/\/lospoliticosveracruz.com\/?p=156382"},"author":{"name":"Lo viste en Los Pol\u00edticos","@id":"https:\/\/lospoliticosveracruz.com\/#\/schema\/person\/b8702bb0e538456e6efd07080bf2a4a2"},"headline":"AZ\u00daCAR AMARGA A PRODUCTORES DE CA\u00d1A","datePublished":"2025-11-13T12:07:33+00:00","dateModified":"2025-11-13T12:07:59+00:00","mainEntityOfPage":{"@id":"https:\/\/lospoliticosveracruz.com\/?p=156382"},"wordCount":1018,"publisher":{"@id":"https:\/\/lospoliticosveracruz.com\/#organization"},"image":{"@id":"https:\/\/lospoliticosveracruz.com\/?p=156382#primaryimage"},"thumbnailUrl":"https:\/\/lospoliticosveracruz.com\/wp-content\/uploads\/2025\/04\/Fanny-Yepez-Luna-e1768657334923.jpg","keywords":["ca\u00f1a","Ca\u00f1a de az\u00facar","productores","Veracruz"],"articleSection":["De Opini\u00f3n"],"inLanguage":"es"},{"@type":"WebPage","@id":"https:\/\/lospoliticosveracruz.com\/?p=156382","url":"https:\/\/lospoliticosveracruz.com\/?p=156382","name":"AZ\u00daCAR AMARGA A PRODUCTORES DE CA\u00d1A - Los pol\u00edticos Veracruz","isPartOf":{"@id":"https:\/\/lospoliticosveracruz.com\/#website"},"primaryImageOfPage":{"@id":"https:\/\/lospoliticosveracruz.com\/?p=156382#primaryimage"},"image":{"@id":"https:\/\/lospoliticosveracruz.com\/?p=156382#primaryimage"},"thumbnailUrl":"https:\/\/lospoliticosveracruz.com\/wp-content\/uploads\/2025\/04\/Fanny-Yepez-Luna-e1768657334923.jpg","datePublished":"2025-11-13T12:07:33+00:00","dateModified":"2025-11-13T12:07:59+00:00","breadcrumb":{"@id":"https:\/\/lospoliticosveracruz.com\/?p=156382#breadcrumb"},"inLanguage":"es","potentialAction":[{"@type":"ReadAction","target":["https:\/\/lospoliticosveracruz.com\/?p=156382"]}]},{"@type":"ImageObject","inLanguage":"es","@id":"https:\/\/lospoliticosveracruz.com\/?p=156382#primaryimage","url":"https:\/\/lospoliticosveracruz.com\/wp-content\/uploads\/2025\/04\/Fanny-Yepez-Luna-e1768657334923.jpg","contentUrl":"https:\/\/lospoliticosveracruz.com\/wp-content\/uploads\/2025\/04\/Fanny-Yepez-Luna-e1768657334923.jpg","width":600,"height":320},{"@type":"BreadcrumbList","@id":"https:\/\/lospoliticosveracruz.com\/?p=156382#breadcrumb","itemListElement":[{"@type":"ListItem","position":1,"name":"Portada","item":"https:\/\/lospoliticosveracruz.com\/"},{"@type":"ListItem","position":2,"name":"AZ\u00daCAR AMARGA A PRODUCTORES DE CA\u00d1A"}]},{"@type":"WebSite","@id":"https:\/\/lospoliticosveracruz.com\/#website","url":"https:\/\/lospoliticosveracruz.com\/","name":"Los pol\u00edticos Veracruz","description":"","publisher":{"@id":"https:\/\/lospoliticosveracruz.com\/#organization"},"potentialAction":[{"@type":"SearchAction","target":{"@type":"EntryPoint","urlTemplate":"https:\/\/lospoliticosveracruz.com\/?s={search_term_string}"},"query-input":{"@type":"PropertyValueSpecification","valueRequired":true,"valueName":"search_term_string"}}],"inLanguage":"es"},{"@type":"Organization","@id":"https:\/\/lospoliticosveracruz.com\/#organization","name":"Los pol\u00edticos Veracruz","url":"https:\/\/lospoliticosveracruz.com\/","logo":{"@type":"ImageObject","inLanguage":"es","@id":"https:\/\/lospoliticosveracruz.com\/#\/schema\/logo\/image\/","url":"https:\/\/lospoliticosveracruz.com\/wp-content\/uploads\/2025\/12\/Logo-Nuevo-LOS-POLITICOS-1.jpg","contentUrl":"https:\/\/lospoliticosveracruz.com\/wp-content\/uploads\/2025\/12\/Logo-Nuevo-LOS-POLITICOS-1.jpg","width":260,"height":70,"caption":"Los pol\u00edticos Veracruz"},"image":{"@id":"https:\/\/lospoliticosveracruz.com\/#\/schema\/logo\/image\/"},"sameAs":["https:\/\/www.facebook.com\/people\/Notimemes-de-los-Polticos\/61565672886568\/","https:\/\/x.com\/LosPoliticosVer"]},{"@type":"Person","@id":"https:\/\/lospoliticosveracruz.com\/#\/schema\/person\/b8702bb0e538456e6efd07080bf2a4a2","name":"Lo viste en Los Pol\u00edticos","image":{"@type":"ImageObject","inLanguage":"es","@id":"https:\/\/secure.gravatar.com\/avatar\/3a8de04a2656d44082be478bd6c086daa447c4651605818287b9532d3d0bd435?s=96&d=mm&r=g","url":"https:\/\/secure.gravatar.com\/avatar\/3a8de04a2656d44082be478bd6c086daa447c4651605818287b9532d3d0bd435?s=96&d=mm&r=g","contentUrl":"https:\/\/secure.gravatar.com\/avatar\/3a8de04a2656d44082be478bd6c086daa447c4651605818287b9532d3d0bd435?s=96&d=mm&r=g","caption":"Lo viste en Los Pol\u00edticos"},"url":"https:\/\/lospoliticosveracruz.com\/?author=2"}]}},"_links":{"self":[{"href":"https:\/\/lospoliticosveracruz.com\/index.php?rest_route=\/wp\/v2\/posts\/156382","targetHints":{"allow":["GET"]}}],"collection":[{"href":"https:\/\/lospoliticosveracruz.com\/index.php?rest_route=\/wp\/v2\/posts"}],"about":[{"href":"https:\/\/lospoliticosveracruz.com\/index.php?rest_route=\/wp\/v2\/types\/post"}],"author":[{"embeddable":true,"href":"https:\/\/lospoliticosveracruz.com\/index.php?rest_route=\/wp\/v2\/users\/2"}],"replies":[{"embeddable":true,"href":"https:\/\/lospoliticosveracruz.com\/index.php?rest_route=%2Fwp%2Fv2%2Fcomments&post=156382"}],"version-history":[{"count":1,"href":"https:\/\/lospoliticosveracruz.com\/index.php?rest_route=\/wp\/v2\/posts\/156382\/revisions"}],"predecessor-version":[{"id":156383,"href":"https:\/\/lospoliticosveracruz.com\/index.php?rest_route=\/wp\/v2\/posts\/156382\/revisions\/156383"}],"wp:featuredmedia":[{"embeddable":true,"href":"https:\/\/lospoliticosveracruz.com\/index.php?rest_route=\/wp\/v2\/media\/141383"}],"wp:attachment":[{"href":"https:\/\/lospoliticosveracruz.com\/index.php?rest_route=%2Fwp%2Fv2%2Fmedia&parent=156382"}],"wp:term":[{"taxonomy":"category","embeddable":true,"href":"https:\/\/lospoliticosveracruz.com\/index.php?rest_route=%2Fwp%2Fv2%2Fcategories&post=156382"},{"taxonomy":"post_tag","embeddable":true,"href":"https:\/\/lospoliticosveracruz.com\/index.php?rest_route=%2Fwp%2Fv2%2Ftags&post=156382"}],"curies":[{"name":"wp","href":"https:\/\/api.w.org\/{rel}","templated":true}]}}