{"id":156391,"date":"2025-11-13T10:43:31","date_gmt":"2025-11-13T16:43:31","guid":{"rendered":"https:\/\/lospoliticosveracruz.com.mx\/?p=156391"},"modified":"2025-11-13T10:44:02","modified_gmt":"2025-11-13T16:44:02","slug":"que-la-sociedad-se-lo-demande-ja-ja-ja-ja","status":"publish","type":"post","link":"https:\/\/lospoliticosveracruz.com\/?p=156391","title":{"rendered":"\u00bfQUE LA SOCIEDAD SE LO DEMANDE? \u00a1Ja ja ja ja!"},"content":{"rendered":"\n<p>S\u00edguenos ahora tambi\u00e9n en WhatsApp.\u00a0\u00a1<a href=\"https:\/\/whatsapp.com\/channel\/0029Va8zRWlEKyZIP3Z1dF0e\"><strong>Da clic aqu\u00ed<\/strong><\/a><strong>!<\/strong><\/p>\n\n\n\n<p><strong>Bernardo Guti\u00e9rrez Parra<\/strong><\/p>\n\n\n\n<p><em>Desde el Caf\u00e9<br><\/em><\/p>\n\n\n\n<p>Este mi\u00e9rcoles el exgobernador de Veracruz, Javier Duarte de Ochoa, compareci\u00f3 ante la jueza \u00c1ngela Zamorano Herrera, para escuchar la respuesta de la togada a su petici\u00f3n de libertad anticipada por haber cumplido el 90 por ciento de su condena en prisi\u00f3n. Y la jueza escuch\u00f3 a cinco testigos de Javier avalar que ha sido un chico bien portado durante el tiempo que lleva recluido.<\/p>\n\n\n\n\n\n<p>Pero el fiscal Manuel Granados Quiroz ten\u00eda otros datos que se\u00f1alan que Duarte incurri\u00f3 en tres faltas. La primera en 2019 cuando se encontraron en su celda cuatro latas de alcohol (no especific\u00f3 si era alcohol para untar o del bueno); un Blu-ray, un modem modificado y una c\u00e1mara en un bol\u00edgrafo. En 2020 modific\u00f3 con madera su ba\u00f1o y meti\u00f3 un colch\u00f3n ortop\u00e9dico a su celda, por lo que lo sancionaron con 15 d\u00edas sin visitas. Y en 2021 alter\u00f3 el orden en el \u00e1rea m\u00e9dica, aunque no recibi\u00f3 ninguna sanci\u00f3n.<\/p>\n\n\n\n<p>Pero no hubo respuesta de la jueza que aplaz\u00f3 su veredicto para el pr\u00f3ximo mi\u00e9rcoles 19 y el exgobernador regres\u00f3 a su celda. Pero de que sale la pr\u00f3xima semana o en abril cuando cumpla su condena eso que ni qu\u00e9.<\/p>\n\n\n\n<p>\u00bfY los miles de millones de pesos que se llev\u00f3?<\/p>\n\n\n\n<p>Un abogado que sabe del caso me dijo: \u201cEl hecho de que el Auditor Superior de la Federaci\u00f3n, Juan Manuel Portal, haya dicho que en el gobierno de Javier hubo un quebranto al erario por 60 mil millones de pesos, no quiere decir que Duarte se haya embolsado todo ese dinero. Varios de esos millones fueron metidos en la \u2018licuadora\u2019, es decir, fueron empleados para cubrir otras necesidades. Por ejemplo, el dinero que era para construir una carretera, se emple\u00f3 para restaurar hospitales. Si bien es cierto que desvi\u00f3 ese dinero, no necesariamente se lo rob\u00f3\u201d.<\/p>\n\n\n\n<p>Explicado as\u00ed se entiende, pero el tipo no se fue liso. \u00bfCu\u00e1ntos de esos millones se metieron a la licuadora y cu\u00e1ntos fueron a parar a sus bolsillos y a los de su pandilla?<\/p>\n\n\n\n<p>\u201cEso ser\u00e1 muy dif\u00edcil de saber\u201d, me dijo el litigante que volvi\u00f3 al ejemplo de la carretera y los hospitales. \u201cVamos a suponer que Duarte ten\u00eda etiquetados 900 millones de pesos para construir un tramo carretero, pero los tom\u00f3 \u00edntegros para rehabilitar dos hospitales en los que se invirtieron 600 millones de pesos. Eso es un desv\u00edo de recursos, pero el remanente de 300 millones que nadie sabe d\u00f3nde fueron a parar, es un robo. Y de esos chanchullos se contaron por decenas en su sexenio\u201d.<\/p>\n\n\n\n<p>Reiter\u00f3 que ser\u00e1 una tarea tit\u00e1nica, en caso de que se llegue a realizar, separar los miles de millones que fueron desviados para hacer obras, de los cientos o miles de millones que terminaron en los bolsillos del exgobernador y su banda de asaltantes. \u201cPorque de que robaron, vaya que robaron. Lo que quiz\u00e1 nunca se sepa es el monto del atraco\u201d.<\/p>\n\n\n\n<p>De acuerdo con el diario MILENIO, fueron m\u00e1s de 62 mil millones de pesos de fondos federales destinados a acciones de salud, educaci\u00f3n, seguridad, obras, asistencia social y desastres naturales, los malversados durante la gesti\u00f3n de Javier Duarte. Por esos il\u00edcitos la Auditor\u00eda Superior de la Federaci\u00f3n present\u00f3 71 denuncias ante la Fiscal\u00eda General de la Rep\u00fablica y\u2026 no pas\u00f3 nada.<\/p>\n\n\n\n<p>A pesar de que el monto supera casos de alto impacto como la Estafa Maestra y Segalmex y es considerado \u201cel mayor caso de manejo irregular de recursos federales del que se tenga registro\u201d, no hay hasta ahora ninguna sentencia contra alguno de los presuntos responsables y no se ha podido reparar el da\u00f1o tanto a las finanzas publicas del pa\u00eds como del estado\u2026 ni se reparar\u00e1.<\/p>\n\n\n\n<p>\u00bfDuarte est\u00e1 obligado a regresar \u00edntegro el dinero que se birl\u00f3? En teor\u00eda s\u00ed, porque as\u00ed lo estipula el C\u00f3digo Penal Federal y la Ley General de Responsabilidades Administrativas.<\/p>\n\n\n\n<p>Pero en la pr\u00e1ctica, el tipo saldr\u00e1 del Reclusorio Norte en seis d\u00edas o en cinco meses, libre de toda culpa y a disfrutar el grueso del bot\u00edn porque para eso era el jefe.<\/p>\n\n\n\n<p>Como dice el periodista Filiberto Vargas en su columna de hoy. \u201cNing\u00fan otro delito que haya cometido Javier Duarte antes de su extradici\u00f3n (de Guatemala) podr\u00e1 ser reactivado en su contra, por lo que gozar\u00e1 de libertad absoluta y quiz\u00e1 s\u00f3lo quede pendiente -como lo afirm\u00f3 Claudia Sheinbaum- el juicio de la sociedad\u201d.<\/p>\n\n\n\n<p>Sociedad que le importa pura corneta y puro camote al se\u00f1or exgobernador.<\/p>\n\n\n\n<p>bernagup28@gmail.com<\/p>\n","protected":false},"excerpt":{"rendered":"<p>Bernardo Guti\u00e9rrez Parra Desde el Caf\u00e9 Este mi\u00e9rcoles el exgobernador de Veracruz, Javier Duarte de Ochoa, compareci\u00f3 ante la jueza \u00c1ngela Zamorano Herrera, para escuchar la respuesta de la togada a su petici\u00f3n de libertad anticipada por haber cumplido el 90 por ciento de su condena en prisi\u00f3n. Y la jueza escuch\u00f3 a cinco testigos [&hellip;]<\/p>\n","protected":false},"author":2,"featured_media":141479,"comment_status":"closed","ping_status":"closed","sticky":false,"template":"","format":"standard","meta":{"tdm_status":"","tdm_grid_status":"","footnotes":""},"categories":[70],"tags":[34206,43290,260],"class_list":{"0":"post-156391","1":"post","2":"type-post","3":"status-publish","4":"format-standard","5":"has-post-thumbnail","7":"category-de-opinion","8":"tag-bernardo-gutierrez-parra","9":"tag-exgobernador-de-veracruz","10":"tag-javier-duarte-de-ochoa"},"yoast_head":"<!-- This site is optimized with the Yoast SEO plugin v27.4 - https:\/\/yoast.com\/product\/yoast-seo-wordpress\/ -->\n<title>\u00bfQUE LA SOCIEDAD SE LO DEMANDE? \u00a1Ja ja ja ja! - Los pol\u00edticos Veracruz<\/title>\n<meta name=\"robots\" content=\"index, follow, max-snippet:-1, max-image-preview:large, max-video-preview:-1\" \/>\n<link rel=\"canonical\" href=\"https:\/\/lospoliticosveracruz.com\/?p=156391\" \/>\n<meta property=\"og:locale\" content=\"es_ES\" \/>\n<meta property=\"og:type\" content=\"article\" \/>\n<meta property=\"og:title\" content=\"\u00bfQUE LA SOCIEDAD SE LO DEMANDE? \u00a1Ja ja ja ja! - Los pol\u00edticos Veracruz\" \/>\n<meta property=\"og:description\" content=\"Bernardo Guti\u00e9rrez Parra Desde el Caf\u00e9 Este mi\u00e9rcoles el exgobernador de Veracruz, Javier Duarte de Ochoa, compareci\u00f3 ante la jueza \u00c1ngela Zamorano Herrera, para escuchar la respuesta de la togada a su petici\u00f3n de libertad anticipada por haber cumplido el 90 por ciento de su condena en prisi\u00f3n. Y la jueza escuch\u00f3 a cinco testigos [&hellip;]\" \/>\n<meta property=\"og:url\" content=\"https:\/\/lospoliticosveracruz.com\/?p=156391\" \/>\n<meta property=\"og:site_name\" content=\"Los pol\u00edticos Veracruz\" \/>\n<meta property=\"article:publisher\" content=\"https:\/\/www.facebook.com\/people\/Notimemes-de-los-Polticos\/61565672886568\/\" \/>\n<meta property=\"article:published_time\" content=\"2025-11-13T16:43:31+00:00\" \/>\n<meta property=\"article:modified_time\" content=\"2025-11-13T16:44:02+00:00\" \/>\n<meta property=\"og:image\" content=\"https:\/\/lospoliticosveracruz.com\/wp-content\/uploads\/2025\/04\/Bernardo-Gutierrez-Parra.jpg\" \/>\n\t<meta property=\"og:image:width\" content=\"1250\" \/>\n\t<meta property=\"og:image:height\" content=\"667\" \/>\n\t<meta property=\"og:image:type\" content=\"image\/jpeg\" \/>\n<meta name=\"author\" content=\"Lo viste en Los Pol\u00edticos\" \/>\n<meta name=\"twitter:card\" content=\"summary_large_image\" \/>\n<meta name=\"twitter:creator\" content=\"@LosPoliticosVer\" \/>\n<meta name=\"twitter:site\" content=\"@LosPoliticosVer\" \/>\n<meta name=\"twitter:label1\" content=\"Escrito por\" \/>\n\t<meta name=\"twitter:data1\" content=\"Lo viste en Los Pol\u00edticos\" \/>\n\t<meta name=\"twitter:label2\" content=\"Tiempo de lectura\" \/>\n\t<meta name=\"twitter:data2\" content=\"4 minutos\" \/>\n<script type=\"application\/ld+json\" class=\"yoast-schema-graph\">{\"@context\":\"https:\\\/\\\/schema.org\",\"@graph\":[{\"@type\":\"Article\",\"@id\":\"https:\\\/\\\/lospoliticosveracruz.com\\\/?p=156391#article\",\"isPartOf\":{\"@id\":\"https:\\\/\\\/lospoliticosveracruz.com\\\/?p=156391\"},\"author\":{\"name\":\"Lo viste en Los Pol\u00edticos\",\"@id\":\"https:\\\/\\\/lospoliticosveracruz.com\\\/#\\\/schema\\\/person\\\/b8702bb0e538456e6efd07080bf2a4a2\"},\"headline\":\"\u00bfQUE LA SOCIEDAD SE LO DEMANDE? \u00a1Ja ja ja ja!\",\"datePublished\":\"2025-11-13T16:43:31+00:00\",\"dateModified\":\"2025-11-13T16:44:02+00:00\",\"mainEntityOfPage\":{\"@id\":\"https:\\\/\\\/lospoliticosveracruz.com\\\/?p=156391\"},\"wordCount\":793,\"publisher\":{\"@id\":\"https:\\\/\\\/lospoliticosveracruz.com\\\/#organization\"},\"image\":{\"@id\":\"https:\\\/\\\/lospoliticosveracruz.com\\\/?p=156391#primaryimage\"},\"thumbnailUrl\":\"https:\\\/\\\/lospoliticosveracruz.com\\\/wp-content\\\/uploads\\\/2025\\\/04\\\/Bernardo-Gutierrez-Parra.jpg\",\"keywords\":[\"Bernardo Guti\u00e9rrez Parra\",\"exgobernador de Veracruz\",\"Javier Duarte de Ochoa\"],\"articleSection\":[\"De Opini\u00f3n\"],\"inLanguage\":\"es\"},{\"@type\":\"WebPage\",\"@id\":\"https:\\\/\\\/lospoliticosveracruz.com\\\/?p=156391\",\"url\":\"https:\\\/\\\/lospoliticosveracruz.com\\\/?p=156391\",\"name\":\"\u00bfQUE LA SOCIEDAD SE LO DEMANDE? \u00a1Ja ja ja ja! - Los pol\u00edticos Veracruz\",\"isPartOf\":{\"@id\":\"https:\\\/\\\/lospoliticosveracruz.com\\\/#website\"},\"primaryImageOfPage\":{\"@id\":\"https:\\\/\\\/lospoliticosveracruz.com\\\/?p=156391#primaryimage\"},\"image\":{\"@id\":\"https:\\\/\\\/lospoliticosveracruz.com\\\/?p=156391#primaryimage\"},\"thumbnailUrl\":\"https:\\\/\\\/lospoliticosveracruz.com\\\/wp-content\\\/uploads\\\/2025\\\/04\\\/Bernardo-Gutierrez-Parra.jpg\",\"datePublished\":\"2025-11-13T16:43:31+00:00\",\"dateModified\":\"2025-11-13T16:44:02+00:00\",\"breadcrumb\":{\"@id\":\"https:\\\/\\\/lospoliticosveracruz.com\\\/?p=156391#breadcrumb\"},\"inLanguage\":\"es\",\"potentialAction\":[{\"@type\":\"ReadAction\",\"target\":[\"https:\\\/\\\/lospoliticosveracruz.com\\\/?p=156391\"]}]},{\"@type\":\"ImageObject\",\"inLanguage\":\"es\",\"@id\":\"https:\\\/\\\/lospoliticosveracruz.com\\\/?p=156391#primaryimage\",\"url\":\"https:\\\/\\\/lospoliticosveracruz.com\\\/wp-content\\\/uploads\\\/2025\\\/04\\\/Bernardo-Gutierrez-Parra.jpg\",\"contentUrl\":\"https:\\\/\\\/lospoliticosveracruz.com\\\/wp-content\\\/uploads\\\/2025\\\/04\\\/Bernardo-Gutierrez-Parra.jpg\",\"width\":1250,\"height\":667},{\"@type\":\"BreadcrumbList\",\"@id\":\"https:\\\/\\\/lospoliticosveracruz.com\\\/?p=156391#breadcrumb\",\"itemListElement\":[{\"@type\":\"ListItem\",\"position\":1,\"name\":\"Portada\",\"item\":\"https:\\\/\\\/lospoliticosveracruz.com\\\/\"},{\"@type\":\"ListItem\",\"position\":2,\"name\":\"\u00bfQUE LA SOCIEDAD SE LO DEMANDE? \u00a1Ja ja ja ja!\"}]},{\"@type\":\"WebSite\",\"@id\":\"https:\\\/\\\/lospoliticosveracruz.com\\\/#website\",\"url\":\"https:\\\/\\\/lospoliticosveracruz.com\\\/\",\"name\":\"Los pol\u00edticos Veracruz\",\"description\":\"\",\"publisher\":{\"@id\":\"https:\\\/\\\/lospoliticosveracruz.com\\\/#organization\"},\"potentialAction\":[{\"@type\":\"SearchAction\",\"target\":{\"@type\":\"EntryPoint\",\"urlTemplate\":\"https:\\\/\\\/lospoliticosveracruz.com\\\/?s={search_term_string}\"},\"query-input\":{\"@type\":\"PropertyValueSpecification\",\"valueRequired\":true,\"valueName\":\"search_term_string\"}}],\"inLanguage\":\"es\"},{\"@type\":\"Organization\",\"@id\":\"https:\\\/\\\/lospoliticosveracruz.com\\\/#organization\",\"name\":\"Los pol\u00edticos Veracruz\",\"url\":\"https:\\\/\\\/lospoliticosveracruz.com\\\/\",\"logo\":{\"@type\":\"ImageObject\",\"inLanguage\":\"es\",\"@id\":\"https:\\\/\\\/lospoliticosveracruz.com\\\/#\\\/schema\\\/logo\\\/image\\\/\",\"url\":\"https:\\\/\\\/lospoliticosveracruz.com\\\/wp-content\\\/uploads\\\/2025\\\/12\\\/Logo-Nuevo-LOS-POLITICOS-1.jpg\",\"contentUrl\":\"https:\\\/\\\/lospoliticosveracruz.com\\\/wp-content\\\/uploads\\\/2025\\\/12\\\/Logo-Nuevo-LOS-POLITICOS-1.jpg\",\"width\":260,\"height\":70,\"caption\":\"Los pol\u00edticos Veracruz\"},\"image\":{\"@id\":\"https:\\\/\\\/lospoliticosveracruz.com\\\/#\\\/schema\\\/logo\\\/image\\\/\"},\"sameAs\":[\"https:\\\/\\\/www.facebook.com\\\/people\\\/Notimemes-de-los-Polticos\\\/61565672886568\\\/\",\"https:\\\/\\\/x.com\\\/LosPoliticosVer\"]},{\"@type\":\"Person\",\"@id\":\"https:\\\/\\\/lospoliticosveracruz.com\\\/#\\\/schema\\\/person\\\/b8702bb0e538456e6efd07080bf2a4a2\",\"name\":\"Lo viste en Los Pol\u00edticos\",\"image\":{\"@type\":\"ImageObject\",\"inLanguage\":\"es\",\"@id\":\"https:\\\/\\\/secure.gravatar.com\\\/avatar\\\/3a8de04a2656d44082be478bd6c086daa447c4651605818287b9532d3d0bd435?s=96&d=mm&r=g\",\"url\":\"https:\\\/\\\/secure.gravatar.com\\\/avatar\\\/3a8de04a2656d44082be478bd6c086daa447c4651605818287b9532d3d0bd435?s=96&d=mm&r=g\",\"contentUrl\":\"https:\\\/\\\/secure.gravatar.com\\\/avatar\\\/3a8de04a2656d44082be478bd6c086daa447c4651605818287b9532d3d0bd435?s=96&d=mm&r=g\",\"caption\":\"Lo viste en Los Pol\u00edticos\"},\"url\":\"https:\\\/\\\/lospoliticosveracruz.com\\\/?author=2\"}]}<\/script>\n<!-- \/ Yoast SEO plugin. -->","yoast_head_json":{"title":"\u00bfQUE LA SOCIEDAD SE LO DEMANDE? \u00a1Ja ja ja ja! - Los pol\u00edticos Veracruz","robots":{"index":"index","follow":"follow","max-snippet":"max-snippet:-1","max-image-preview":"max-image-preview:large","max-video-preview":"max-video-preview:-1"},"canonical":"https:\/\/lospoliticosveracruz.com\/?p=156391","og_locale":"es_ES","og_type":"article","og_title":"\u00bfQUE LA SOCIEDAD SE LO DEMANDE? \u00a1Ja ja ja ja! - Los pol\u00edticos Veracruz","og_description":"Bernardo Guti\u00e9rrez Parra Desde el Caf\u00e9 Este mi\u00e9rcoles el exgobernador de Veracruz, Javier Duarte de Ochoa, compareci\u00f3 ante la jueza \u00c1ngela Zamorano Herrera, para escuchar la respuesta de la togada a su petici\u00f3n de libertad anticipada por haber cumplido el 90 por ciento de su condena en prisi\u00f3n. Y la jueza escuch\u00f3 a cinco testigos [&hellip;]","og_url":"https:\/\/lospoliticosveracruz.com\/?p=156391","og_site_name":"Los pol\u00edticos Veracruz","article_publisher":"https:\/\/www.facebook.com\/people\/Notimemes-de-los-Polticos\/61565672886568\/","article_published_time":"2025-11-13T16:43:31+00:00","article_modified_time":"2025-11-13T16:44:02+00:00","og_image":[{"width":1250,"height":667,"url":"https:\/\/lospoliticosveracruz.com\/wp-content\/uploads\/2025\/04\/Bernardo-Gutierrez-Parra.jpg","type":"image\/jpeg"}],"author":"Lo viste en Los Pol\u00edticos","twitter_card":"summary_large_image","twitter_creator":"@LosPoliticosVer","twitter_site":"@LosPoliticosVer","twitter_misc":{"Escrito por":"Lo viste en Los Pol\u00edticos","Tiempo de lectura":"4 minutos"},"schema":{"@context":"https:\/\/schema.org","@graph":[{"@type":"Article","@id":"https:\/\/lospoliticosveracruz.com\/?p=156391#article","isPartOf":{"@id":"https:\/\/lospoliticosveracruz.com\/?p=156391"},"author":{"name":"Lo viste en Los Pol\u00edticos","@id":"https:\/\/lospoliticosveracruz.com\/#\/schema\/person\/b8702bb0e538456e6efd07080bf2a4a2"},"headline":"\u00bfQUE LA SOCIEDAD SE LO DEMANDE? \u00a1Ja ja ja ja!","datePublished":"2025-11-13T16:43:31+00:00","dateModified":"2025-11-13T16:44:02+00:00","mainEntityOfPage":{"@id":"https:\/\/lospoliticosveracruz.com\/?p=156391"},"wordCount":793,"publisher":{"@id":"https:\/\/lospoliticosveracruz.com\/#organization"},"image":{"@id":"https:\/\/lospoliticosveracruz.com\/?p=156391#primaryimage"},"thumbnailUrl":"https:\/\/lospoliticosveracruz.com\/wp-content\/uploads\/2025\/04\/Bernardo-Gutierrez-Parra.jpg","keywords":["Bernardo Guti\u00e9rrez Parra","exgobernador de Veracruz","Javier Duarte de Ochoa"],"articleSection":["De Opini\u00f3n"],"inLanguage":"es"},{"@type":"WebPage","@id":"https:\/\/lospoliticosveracruz.com\/?p=156391","url":"https:\/\/lospoliticosveracruz.com\/?p=156391","name":"\u00bfQUE LA SOCIEDAD SE LO DEMANDE? \u00a1Ja ja ja ja! - Los pol\u00edticos Veracruz","isPartOf":{"@id":"https:\/\/lospoliticosveracruz.com\/#website"},"primaryImageOfPage":{"@id":"https:\/\/lospoliticosveracruz.com\/?p=156391#primaryimage"},"image":{"@id":"https:\/\/lospoliticosveracruz.com\/?p=156391#primaryimage"},"thumbnailUrl":"https:\/\/lospoliticosveracruz.com\/wp-content\/uploads\/2025\/04\/Bernardo-Gutierrez-Parra.jpg","datePublished":"2025-11-13T16:43:31+00:00","dateModified":"2025-11-13T16:44:02+00:00","breadcrumb":{"@id":"https:\/\/lospoliticosveracruz.com\/?p=156391#breadcrumb"},"inLanguage":"es","potentialAction":[{"@type":"ReadAction","target":["https:\/\/lospoliticosveracruz.com\/?p=156391"]}]},{"@type":"ImageObject","inLanguage":"es","@id":"https:\/\/lospoliticosveracruz.com\/?p=156391#primaryimage","url":"https:\/\/lospoliticosveracruz.com\/wp-content\/uploads\/2025\/04\/Bernardo-Gutierrez-Parra.jpg","contentUrl":"https:\/\/lospoliticosveracruz.com\/wp-content\/uploads\/2025\/04\/Bernardo-Gutierrez-Parra.jpg","width":1250,"height":667},{"@type":"BreadcrumbList","@id":"https:\/\/lospoliticosveracruz.com\/?p=156391#breadcrumb","itemListElement":[{"@type":"ListItem","position":1,"name":"Portada","item":"https:\/\/lospoliticosveracruz.com\/"},{"@type":"ListItem","position":2,"name":"\u00bfQUE LA SOCIEDAD SE LO DEMANDE? \u00a1Ja ja ja ja!"}]},{"@type":"WebSite","@id":"https:\/\/lospoliticosveracruz.com\/#website","url":"https:\/\/lospoliticosveracruz.com\/","name":"Los pol\u00edticos Veracruz","description":"","publisher":{"@id":"https:\/\/lospoliticosveracruz.com\/#organization"},"potentialAction":[{"@type":"SearchAction","target":{"@type":"EntryPoint","urlTemplate":"https:\/\/lospoliticosveracruz.com\/?s={search_term_string}"},"query-input":{"@type":"PropertyValueSpecification","valueRequired":true,"valueName":"search_term_string"}}],"inLanguage":"es"},{"@type":"Organization","@id":"https:\/\/lospoliticosveracruz.com\/#organization","name":"Los pol\u00edticos Veracruz","url":"https:\/\/lospoliticosveracruz.com\/","logo":{"@type":"ImageObject","inLanguage":"es","@id":"https:\/\/lospoliticosveracruz.com\/#\/schema\/logo\/image\/","url":"https:\/\/lospoliticosveracruz.com\/wp-content\/uploads\/2025\/12\/Logo-Nuevo-LOS-POLITICOS-1.jpg","contentUrl":"https:\/\/lospoliticosveracruz.com\/wp-content\/uploads\/2025\/12\/Logo-Nuevo-LOS-POLITICOS-1.jpg","width":260,"height":70,"caption":"Los pol\u00edticos Veracruz"},"image":{"@id":"https:\/\/lospoliticosveracruz.com\/#\/schema\/logo\/image\/"},"sameAs":["https:\/\/www.facebook.com\/people\/Notimemes-de-los-Polticos\/61565672886568\/","https:\/\/x.com\/LosPoliticosVer"]},{"@type":"Person","@id":"https:\/\/lospoliticosveracruz.com\/#\/schema\/person\/b8702bb0e538456e6efd07080bf2a4a2","name":"Lo viste en Los Pol\u00edticos","image":{"@type":"ImageObject","inLanguage":"es","@id":"https:\/\/secure.gravatar.com\/avatar\/3a8de04a2656d44082be478bd6c086daa447c4651605818287b9532d3d0bd435?s=96&d=mm&r=g","url":"https:\/\/secure.gravatar.com\/avatar\/3a8de04a2656d44082be478bd6c086daa447c4651605818287b9532d3d0bd435?s=96&d=mm&r=g","contentUrl":"https:\/\/secure.gravatar.com\/avatar\/3a8de04a2656d44082be478bd6c086daa447c4651605818287b9532d3d0bd435?s=96&d=mm&r=g","caption":"Lo viste en Los Pol\u00edticos"},"url":"https:\/\/lospoliticosveracruz.com\/?author=2"}]}},"_links":{"self":[{"href":"https:\/\/lospoliticosveracruz.com\/index.php?rest_route=\/wp\/v2\/posts\/156391","targetHints":{"allow":["GET"]}}],"collection":[{"href":"https:\/\/lospoliticosveracruz.com\/index.php?rest_route=\/wp\/v2\/posts"}],"about":[{"href":"https:\/\/lospoliticosveracruz.com\/index.php?rest_route=\/wp\/v2\/types\/post"}],"author":[{"embeddable":true,"href":"https:\/\/lospoliticosveracruz.com\/index.php?rest_route=\/wp\/v2\/users\/2"}],"replies":[{"embeddable":true,"href":"https:\/\/lospoliticosveracruz.com\/index.php?rest_route=%2Fwp%2Fv2%2Fcomments&post=156391"}],"version-history":[{"count":1,"href":"https:\/\/lospoliticosveracruz.com\/index.php?rest_route=\/wp\/v2\/posts\/156391\/revisions"}],"predecessor-version":[{"id":156402,"href":"https:\/\/lospoliticosveracruz.com\/index.php?rest_route=\/wp\/v2\/posts\/156391\/revisions\/156402"}],"wp:featuredmedia":[{"embeddable":true,"href":"https:\/\/lospoliticosveracruz.com\/index.php?rest_route=\/wp\/v2\/media\/141479"}],"wp:attachment":[{"href":"https:\/\/lospoliticosveracruz.com\/index.php?rest_route=%2Fwp%2Fv2%2Fmedia&parent=156391"}],"wp:term":[{"taxonomy":"category","embeddable":true,"href":"https:\/\/lospoliticosveracruz.com\/index.php?rest_route=%2Fwp%2Fv2%2Fcategories&post=156391"},{"taxonomy":"post_tag","embeddable":true,"href":"https:\/\/lospoliticosveracruz.com\/index.php?rest_route=%2Fwp%2Fv2%2Ftags&post=156391"}],"curies":[{"name":"wp","href":"https:\/\/api.w.org\/{rel}","templated":true}]}}