{"id":156395,"date":"2025-11-13T10:13:17","date_gmt":"2025-11-13T16:13:17","guid":{"rendered":"https:\/\/lospoliticosveracruz.com.mx\/?p=156395"},"modified":"2025-11-13T10:13:57","modified_gmt":"2025-11-13T16:13:57","slug":"que-hay-nado-sincronizado","status":"publish","type":"post","link":"https:\/\/lospoliticosveracruz.com\/?p=156395","title":{"rendered":"QUE HAY NADO SINCRONIZADO"},"content":{"rendered":"\n<p><strong>Oved Contreras<\/strong><\/p>\n\n\n\n<p><em>Secas mecas&nbsp;<\/em><\/p>\n\n\n\n<p>Eso dice la t\u00eda corajes que los medios la atacan por cualquier cosita insignificante, que si la maestra Irma no muri\u00f3 de infarto\u2026que si el ligero desbordamiento del rio Cazones&nbsp;&nbsp;y ahora que por sus 17 mil pesos mensuales de aumento que tendr\u00e1 pal 2026&#8230;que desde que era diputada federal, senadora y secretaria de Energ\u00eda la traen en salsa por hacerla quedar mal con el pueblo pero que no se les va a hacer\u2026que ella pura chamba y que pa todos tiene. Corre el rumor en pasillos del palacio marmoleado que las compensaciones de 300 mil y m\u00e1s eliminadas por Cuitl\u00e1huac Garc\u00eda ya volvieron al bolsillo de quien gobierna. Eso ser\u00eda m\u00e1s escandaloso que su sueldo de 85 mil mensuales.<\/p>\n\n\n\n\n\n<p>Ya hace unos meses en conferencia de prensa, la gobernadora hizo referencia al nado sincronizado en su contra\u2026hasta lanz\u00f3 un recuento que desde hace a\u00f1is\u00edmos&#8230;desde que era diputada y luego senadora&#8230;.y luego secretaria de Energ\u00eda&#8230;.toda la prensa est\u00e1 en su contra y hacen \u00abnado sincronizado\u00bb&#8230;na m\u00e1s pa dejarla mal parada&#8230;<\/p>\n\n\n\n<p>Peroooo&#8230;el respetable&#8230;la prensa&#8230;.y toda la jarochada se pregunta que si el berrinche se trata de que hay \u00abnado sincronizado\u00bb o que la T\u00eda Zacatecas ya hizo caparaz\u00f3n y todo lo que le saquen se le escurre como si se hubiera untado manteca de cochino prieto&#8230;de esos bien aceitosos&#8230;.juar juar juar<\/p>\n\n\n\n<p>Hasta el influencer Chumel Torres en su espacio \u201cLa radio de la Rep\u00fablica\u201d, se pitorre\u00f3 de la olvidadiza gobernadora veracruzana que primero dice no saber del aumentote a su salario pero luego los propios reporteros la desdicen al se\u00f1alar que eso viene en el presupuesto de Egresos presentado ante el Congreso\u2026el Chumel Torres fue m\u00e1s all\u00e1 al citar el tuit de la periodista Lul\u00fa L\u00f3pez, ella siempre tan claridosa: \u201cDice que ni se enter\u00f3 que le iban a aumentar el sueldo, pero firm\u00f3 para avalarlo. Qu\u00e9 peligro firmar documentos sin leerlos\u201d.<\/p>\n\n\n\n<p>Pos si de trabajo se tratara como la misma T\u00eda Enojona dice&#8230;nadie cuestionar\u00eda el aumentote de sueldo pal a\u00f1o que entra&#8230;es m\u00e1s&#8230;.hasta pedir\u00edan que se le pagara bien y a tiempo por el servicio valioso que presta&#8230;.perooo nada m\u00e1s no se le ve nada de nada&#8230;no protegi\u00f3 a la maestra Irma de \u00c1lamo&#8230;no les avis\u00f3 a los pobladores de la zona norte que ven\u00eda la inundaci\u00f3n&#8230;no previno sobre el brote del gusano barrenador&#8230;tons&#8230;c\u00f3mo quiere justificar esos 17 mil pesotes de mas???<\/p>\n\n\n\n<p>Tambi\u00e9n se le recuerda a la goberneitorA que no toda la prensa est\u00e1 en su contra&#8230;que no generalice porque se le van a enojar los que la entrevistan cada ocho d\u00edas en exclusiv\u00edsima&#8230;.los que le hacen podscats y los que le dedican rosarios de elogios en sus columnas&#8230;que no se enoje con ellos ni los incluya en el nado sincronizado&#8230;ni les quite el sobre amarillo&#8230;.que no sea gachaaaaaa&#8230;.!!!!&#8230;.juaaaaarrrrrr y rejuaaaarrrrr&#8230;<\/p>\n\n\n\n<p>SE COMPARA CON DUARTE\u2026a buen \u00e1rbol se arrima la t\u00eda Ch\u00edo al comparar su sueldo con lo que ganaba el Duartocho que, seg\u00fan el tabulador andaba cerca de los 74 mil pesos, pero dice la gobernadora que all\u00ed no dec\u00edan nada y que todos calaban como momias\u2026solo que ni se le olvide que al gordo lo perdieron sus excesos y por ello est\u00e1 hoy en prisi\u00f3n.<\/p>\n\n\n\n<p>El Duartocho nunca habl\u00f3 de austeridad ni de pobreza franciscana ni vivir en la median\u00eda del sueldo\u2026quien s\u00ed comulg\u00f3 con los principios de la cuarta transformaci\u00f3n, se baj\u00f3 el sueldo y argument\u00f3 austeridad, y por quien todos los medios le est\u00e1n preguntando, es por Cuitl\u00e1huac Garc\u00eda.<\/p>\n\n\n\n<p>El Cu\u00edcaras fue quien elimin\u00f3 la compensaci\u00f3n de 300 mil adicional al salario del Gobernador y se baj\u00f3 el sueldo a 65 mil mensuales, quesque no ten\u00eda mujer ni hijos y viv\u00eda con sus pap\u00e1s pues calcul\u00f3 que esos 65 mil le alcanzaban y as\u00ed cumplir con el mandato obradorista de ser gobierno pobre.<\/p>\n\n\n\n<p>A la t\u00eda Corajes nadie la est\u00e1 comparando con Yunes o los ex gobernadores priistas, sino con uno emanado de su partido. Y adem\u00e1s es su primer a\u00f1o, tampoco es que ya dio resultados para ser premiada con aumento de sueldo\u2026que se vea en el espejo de las familias siniestradas por la inundaci\u00f3n\u2026muchos ni siquiera fueron censados y ya quedaron fuera de todo apoyo del gobierno federal que prometi\u00f3 no dejarlos solos.<\/p>\n\n\n\n<p>Alguien puso en redes (no recordamos su nombre y nos disculpamos para darle su cr\u00e9dito) pero lo retomamos\u2026Por cierto en los pasillos marmoleados de palacio de gobierno corre la versi\u00f3n que las compensaciones de 300 mil y m\u00e1s eliminadas por Cuitl\u00e1huac Garc\u00eda ya volvieron al bolsillo de quien gobierna. Ser\u00e1 cierto? Eso ser\u00eda m\u00e1s escandaloso que el salario de m\u00e1s de 85 mil mensuales que le caer\u00e1n a la t\u00eda Corajes a partir de enero pr\u00f3ximo\u2026les guste o no.<\/p>\n\n\n\n<p>QUE SE BAJE EL SUELDO\u2026el senador Manuel Huerta Ladr\u00f3n de Guevara vio burro y se le antoj\u00f3 viaje\u2026no dej\u00f3 pasar la oportunidad de atizarle m\u00e1s al tema del aumento salarial de la gobernadora Roc\u00edo Nahle\u2026le hizo un llamado p\u00fablico a la t\u00eda Corajuda a reducir su salario mensual de 84 mil pesos, al considerar que la austeridad republicana es una exigencia leg\u00edtima de la sociedad y una obligaci\u00f3n moral para quienes representan al movimiento de la Cuarta Transformaci\u00f3n.<\/p>\n\n\n\n<p>\u201cConf\u00edo en que la gobernadora Norma Roc\u00edo Nahle Garc\u00eda reduzca su salario de 84 mil pesos, siguiendo el ejemplo del gobernador Cuitl\u00e1huac Garc\u00eda, quien lo hizo en 2020\u201d, expres\u00f3 el legislador en sus redes sociales. En un segundo mensaje, Huerta fue m\u00e1s contundente: \u201cSi es de MORENA, se bajar\u00e1 el sueldo. La austeridad republicana es una justa demanda de la sociedad. Como servidor p\u00fablico, debo ser sensible y evitar aumentos innecesarios\u201d, solt\u00f3 el legislador.<\/p>\n\n\n\n<p>Los se\u00f1alamientos del Senador surgen en medio de una discusi\u00f3n p\u00fablica que se reactiv\u00f3 tras darse a conocer el aumento al salario de la Mandataria, como parte del incremento que se realiz\u00f3 a toda la burocracia.&nbsp;<\/p>\n\n\n\n<p>No tardaron mucho los defensores de la t\u00eda Ch\u00edo en pedirle que se calle la boca, que no se le olvide que hay procesos abiertos en su contra como las solicitudes de expulsi\u00f3n de Morena\u2026que a Manolete Huerta no le queda pedir salarios austeros cuando tampoco \u00e9l pone el ejemplo\u2026juar juar\u2026les ardi\u00f3 lo que dijo Huerta.<\/p>\n","protected":false},"excerpt":{"rendered":"<p>Oved Contreras Secas mecas&nbsp; Eso dice la t\u00eda corajes que los medios la atacan por cualquier cosita insignificante, que si la maestra Irma no muri\u00f3 de infarto\u2026que si el ligero desbordamiento del rio Cazones&nbsp;&nbsp;y ahora que por sus 17 mil pesos mensuales de aumento que tendr\u00e1 pal 2026&#8230;que desde que era diputada federal, senadora y [&hellip;]<\/p>\n","protected":false},"author":2,"featured_media":141426,"comment_status":"closed","ping_status":"closed","sticky":false,"template":"","format":"standard","meta":{"tdm_status":"","tdm_grid_status":"","footnotes":""},"categories":[1],"tags":[],"class_list":{"0":"post-156395","1":"post","2":"type-post","3":"status-publish","4":"format-standard","5":"has-post-thumbnail","7":"category-sin-categoria"},"yoast_head":"<!-- This site is optimized with the Yoast SEO plugin v27.4 - https:\/\/yoast.com\/product\/yoast-seo-wordpress\/ -->\n<title>QUE HAY NADO SINCRONIZADO - Los pol\u00edticos Veracruz<\/title>\n<meta name=\"robots\" content=\"index, follow, max-snippet:-1, max-image-preview:large, max-video-preview:-1\" \/>\n<link rel=\"canonical\" href=\"https:\/\/lospoliticosveracruz.com\/?p=156395\" \/>\n<meta property=\"og:locale\" content=\"es_ES\" \/>\n<meta property=\"og:type\" content=\"article\" \/>\n<meta property=\"og:title\" content=\"QUE HAY NADO SINCRONIZADO - Los pol\u00edticos Veracruz\" \/>\n<meta property=\"og:description\" content=\"Oved Contreras Secas mecas&nbsp; Eso dice la t\u00eda corajes que los medios la atacan por cualquier cosita insignificante, que si la maestra Irma no muri\u00f3 de infarto\u2026que si el ligero desbordamiento del rio Cazones&nbsp;&nbsp;y ahora que por sus 17 mil pesos mensuales de aumento que tendr\u00e1 pal 2026&#8230;que desde que era diputada federal, senadora y [&hellip;]\" \/>\n<meta property=\"og:url\" content=\"https:\/\/lospoliticosveracruz.com\/?p=156395\" \/>\n<meta property=\"og:site_name\" content=\"Los pol\u00edticos Veracruz\" \/>\n<meta property=\"article:publisher\" content=\"https:\/\/www.facebook.com\/people\/Notimemes-de-los-Polticos\/61565672886568\/\" \/>\n<meta property=\"article:published_time\" content=\"2025-11-13T16:13:17+00:00\" \/>\n<meta property=\"article:modified_time\" content=\"2025-11-13T16:13:57+00:00\" \/>\n<meta property=\"og:image\" content=\"https:\/\/lospoliticosveracruz.com\/wp-content\/uploads\/2025\/04\/Oved-Contreras-e1768066319253.jpg\" \/>\n\t<meta property=\"og:image:width\" content=\"600\" \/>\n\t<meta property=\"og:image:height\" content=\"320\" \/>\n\t<meta property=\"og:image:type\" content=\"image\/jpeg\" \/>\n<meta name=\"author\" content=\"Lo viste en Los Pol\u00edticos\" \/>\n<meta name=\"twitter:card\" content=\"summary_large_image\" \/>\n<meta name=\"twitter:creator\" content=\"@LosPoliticosVer\" \/>\n<meta name=\"twitter:site\" content=\"@LosPoliticosVer\" \/>\n<meta name=\"twitter:label1\" content=\"Escrito por\" \/>\n\t<meta name=\"twitter:data1\" content=\"Lo viste en Los Pol\u00edticos\" \/>\n\t<meta name=\"twitter:label2\" content=\"Tiempo de lectura\" \/>\n\t<meta name=\"twitter:data2\" content=\"6 minutos\" \/>\n<script type=\"application\/ld+json\" class=\"yoast-schema-graph\">{\"@context\":\"https:\\\/\\\/schema.org\",\"@graph\":[{\"@type\":\"Article\",\"@id\":\"https:\\\/\\\/lospoliticosveracruz.com\\\/?p=156395#article\",\"isPartOf\":{\"@id\":\"https:\\\/\\\/lospoliticosveracruz.com\\\/?p=156395\"},\"author\":{\"name\":\"Lo viste en Los Pol\u00edticos\",\"@id\":\"https:\\\/\\\/lospoliticosveracruz.com\\\/#\\\/schema\\\/person\\\/b8702bb0e538456e6efd07080bf2a4a2\"},\"headline\":\"QUE HAY NADO SINCRONIZADO\",\"datePublished\":\"2025-11-13T16:13:17+00:00\",\"dateModified\":\"2025-11-13T16:13:57+00:00\",\"mainEntityOfPage\":{\"@id\":\"https:\\\/\\\/lospoliticosveracruz.com\\\/?p=156395\"},\"wordCount\":1143,\"publisher\":{\"@id\":\"https:\\\/\\\/lospoliticosveracruz.com\\\/#organization\"},\"image\":{\"@id\":\"https:\\\/\\\/lospoliticosveracruz.com\\\/?p=156395#primaryimage\"},\"thumbnailUrl\":\"https:\\\/\\\/lospoliticosveracruz.com\\\/wp-content\\\/uploads\\\/2025\\\/04\\\/Oved-Contreras-e1768066319253.jpg\",\"inLanguage\":\"es\"},{\"@type\":\"WebPage\",\"@id\":\"https:\\\/\\\/lospoliticosveracruz.com\\\/?p=156395\",\"url\":\"https:\\\/\\\/lospoliticosveracruz.com\\\/?p=156395\",\"name\":\"QUE HAY NADO SINCRONIZADO - Los pol\u00edticos Veracruz\",\"isPartOf\":{\"@id\":\"https:\\\/\\\/lospoliticosveracruz.com\\\/#website\"},\"primaryImageOfPage\":{\"@id\":\"https:\\\/\\\/lospoliticosveracruz.com\\\/?p=156395#primaryimage\"},\"image\":{\"@id\":\"https:\\\/\\\/lospoliticosveracruz.com\\\/?p=156395#primaryimage\"},\"thumbnailUrl\":\"https:\\\/\\\/lospoliticosveracruz.com\\\/wp-content\\\/uploads\\\/2025\\\/04\\\/Oved-Contreras-e1768066319253.jpg\",\"datePublished\":\"2025-11-13T16:13:17+00:00\",\"dateModified\":\"2025-11-13T16:13:57+00:00\",\"breadcrumb\":{\"@id\":\"https:\\\/\\\/lospoliticosveracruz.com\\\/?p=156395#breadcrumb\"},\"inLanguage\":\"es\",\"potentialAction\":[{\"@type\":\"ReadAction\",\"target\":[\"https:\\\/\\\/lospoliticosveracruz.com\\\/?p=156395\"]}]},{\"@type\":\"ImageObject\",\"inLanguage\":\"es\",\"@id\":\"https:\\\/\\\/lospoliticosveracruz.com\\\/?p=156395#primaryimage\",\"url\":\"https:\\\/\\\/lospoliticosveracruz.com\\\/wp-content\\\/uploads\\\/2025\\\/04\\\/Oved-Contreras-e1768066319253.jpg\",\"contentUrl\":\"https:\\\/\\\/lospoliticosveracruz.com\\\/wp-content\\\/uploads\\\/2025\\\/04\\\/Oved-Contreras-e1768066319253.jpg\",\"width\":600,\"height\":320},{\"@type\":\"BreadcrumbList\",\"@id\":\"https:\\\/\\\/lospoliticosveracruz.com\\\/?p=156395#breadcrumb\",\"itemListElement\":[{\"@type\":\"ListItem\",\"position\":1,\"name\":\"Portada\",\"item\":\"https:\\\/\\\/lospoliticosveracruz.com\\\/\"},{\"@type\":\"ListItem\",\"position\":2,\"name\":\"QUE HAY NADO SINCRONIZADO\"}]},{\"@type\":\"WebSite\",\"@id\":\"https:\\\/\\\/lospoliticosveracruz.com\\\/#website\",\"url\":\"https:\\\/\\\/lospoliticosveracruz.com\\\/\",\"name\":\"Los pol\u00edticos Veracruz\",\"description\":\"\",\"publisher\":{\"@id\":\"https:\\\/\\\/lospoliticosveracruz.com\\\/#organization\"},\"potentialAction\":[{\"@type\":\"SearchAction\",\"target\":{\"@type\":\"EntryPoint\",\"urlTemplate\":\"https:\\\/\\\/lospoliticosveracruz.com\\\/?s={search_term_string}\"},\"query-input\":{\"@type\":\"PropertyValueSpecification\",\"valueRequired\":true,\"valueName\":\"search_term_string\"}}],\"inLanguage\":\"es\"},{\"@type\":\"Organization\",\"@id\":\"https:\\\/\\\/lospoliticosveracruz.com\\\/#organization\",\"name\":\"Los pol\u00edticos Veracruz\",\"url\":\"https:\\\/\\\/lospoliticosveracruz.com\\\/\",\"logo\":{\"@type\":\"ImageObject\",\"inLanguage\":\"es\",\"@id\":\"https:\\\/\\\/lospoliticosveracruz.com\\\/#\\\/schema\\\/logo\\\/image\\\/\",\"url\":\"https:\\\/\\\/lospoliticosveracruz.com\\\/wp-content\\\/uploads\\\/2025\\\/12\\\/Logo-Nuevo-LOS-POLITICOS-1.jpg\",\"contentUrl\":\"https:\\\/\\\/lospoliticosveracruz.com\\\/wp-content\\\/uploads\\\/2025\\\/12\\\/Logo-Nuevo-LOS-POLITICOS-1.jpg\",\"width\":260,\"height\":70,\"caption\":\"Los pol\u00edticos Veracruz\"},\"image\":{\"@id\":\"https:\\\/\\\/lospoliticosveracruz.com\\\/#\\\/schema\\\/logo\\\/image\\\/\"},\"sameAs\":[\"https:\\\/\\\/www.facebook.com\\\/people\\\/Notimemes-de-los-Polticos\\\/61565672886568\\\/\",\"https:\\\/\\\/x.com\\\/LosPoliticosVer\"]},{\"@type\":\"Person\",\"@id\":\"https:\\\/\\\/lospoliticosveracruz.com\\\/#\\\/schema\\\/person\\\/b8702bb0e538456e6efd07080bf2a4a2\",\"name\":\"Lo viste en Los Pol\u00edticos\",\"image\":{\"@type\":\"ImageObject\",\"inLanguage\":\"es\",\"@id\":\"https:\\\/\\\/secure.gravatar.com\\\/avatar\\\/3a8de04a2656d44082be478bd6c086daa447c4651605818287b9532d3d0bd435?s=96&d=mm&r=g\",\"url\":\"https:\\\/\\\/secure.gravatar.com\\\/avatar\\\/3a8de04a2656d44082be478bd6c086daa447c4651605818287b9532d3d0bd435?s=96&d=mm&r=g\",\"contentUrl\":\"https:\\\/\\\/secure.gravatar.com\\\/avatar\\\/3a8de04a2656d44082be478bd6c086daa447c4651605818287b9532d3d0bd435?s=96&d=mm&r=g\",\"caption\":\"Lo viste en Los Pol\u00edticos\"},\"url\":\"https:\\\/\\\/lospoliticosveracruz.com\\\/?author=2\"}]}<\/script>\n<!-- \/ Yoast SEO plugin. -->","yoast_head_json":{"title":"QUE HAY NADO SINCRONIZADO - Los pol\u00edticos Veracruz","robots":{"index":"index","follow":"follow","max-snippet":"max-snippet:-1","max-image-preview":"max-image-preview:large","max-video-preview":"max-video-preview:-1"},"canonical":"https:\/\/lospoliticosveracruz.com\/?p=156395","og_locale":"es_ES","og_type":"article","og_title":"QUE HAY NADO SINCRONIZADO - Los pol\u00edticos Veracruz","og_description":"Oved Contreras Secas mecas&nbsp; Eso dice la t\u00eda corajes que los medios la atacan por cualquier cosita insignificante, que si la maestra Irma no muri\u00f3 de infarto\u2026que si el ligero desbordamiento del rio Cazones&nbsp;&nbsp;y ahora que por sus 17 mil pesos mensuales de aumento que tendr\u00e1 pal 2026&#8230;que desde que era diputada federal, senadora y [&hellip;]","og_url":"https:\/\/lospoliticosveracruz.com\/?p=156395","og_site_name":"Los pol\u00edticos Veracruz","article_publisher":"https:\/\/www.facebook.com\/people\/Notimemes-de-los-Polticos\/61565672886568\/","article_published_time":"2025-11-13T16:13:17+00:00","article_modified_time":"2025-11-13T16:13:57+00:00","og_image":[{"width":600,"height":320,"url":"https:\/\/lospoliticosveracruz.com\/wp-content\/uploads\/2025\/04\/Oved-Contreras-e1768066319253.jpg","type":"image\/jpeg"}],"author":"Lo viste en Los Pol\u00edticos","twitter_card":"summary_large_image","twitter_creator":"@LosPoliticosVer","twitter_site":"@LosPoliticosVer","twitter_misc":{"Escrito por":"Lo viste en Los Pol\u00edticos","Tiempo de lectura":"6 minutos"},"schema":{"@context":"https:\/\/schema.org","@graph":[{"@type":"Article","@id":"https:\/\/lospoliticosveracruz.com\/?p=156395#article","isPartOf":{"@id":"https:\/\/lospoliticosveracruz.com\/?p=156395"},"author":{"name":"Lo viste en Los Pol\u00edticos","@id":"https:\/\/lospoliticosveracruz.com\/#\/schema\/person\/b8702bb0e538456e6efd07080bf2a4a2"},"headline":"QUE HAY NADO SINCRONIZADO","datePublished":"2025-11-13T16:13:17+00:00","dateModified":"2025-11-13T16:13:57+00:00","mainEntityOfPage":{"@id":"https:\/\/lospoliticosveracruz.com\/?p=156395"},"wordCount":1143,"publisher":{"@id":"https:\/\/lospoliticosveracruz.com\/#organization"},"image":{"@id":"https:\/\/lospoliticosveracruz.com\/?p=156395#primaryimage"},"thumbnailUrl":"https:\/\/lospoliticosveracruz.com\/wp-content\/uploads\/2025\/04\/Oved-Contreras-e1768066319253.jpg","inLanguage":"es"},{"@type":"WebPage","@id":"https:\/\/lospoliticosveracruz.com\/?p=156395","url":"https:\/\/lospoliticosveracruz.com\/?p=156395","name":"QUE HAY NADO SINCRONIZADO - Los pol\u00edticos Veracruz","isPartOf":{"@id":"https:\/\/lospoliticosveracruz.com\/#website"},"primaryImageOfPage":{"@id":"https:\/\/lospoliticosveracruz.com\/?p=156395#primaryimage"},"image":{"@id":"https:\/\/lospoliticosveracruz.com\/?p=156395#primaryimage"},"thumbnailUrl":"https:\/\/lospoliticosveracruz.com\/wp-content\/uploads\/2025\/04\/Oved-Contreras-e1768066319253.jpg","datePublished":"2025-11-13T16:13:17+00:00","dateModified":"2025-11-13T16:13:57+00:00","breadcrumb":{"@id":"https:\/\/lospoliticosveracruz.com\/?p=156395#breadcrumb"},"inLanguage":"es","potentialAction":[{"@type":"ReadAction","target":["https:\/\/lospoliticosveracruz.com\/?p=156395"]}]},{"@type":"ImageObject","inLanguage":"es","@id":"https:\/\/lospoliticosveracruz.com\/?p=156395#primaryimage","url":"https:\/\/lospoliticosveracruz.com\/wp-content\/uploads\/2025\/04\/Oved-Contreras-e1768066319253.jpg","contentUrl":"https:\/\/lospoliticosveracruz.com\/wp-content\/uploads\/2025\/04\/Oved-Contreras-e1768066319253.jpg","width":600,"height":320},{"@type":"BreadcrumbList","@id":"https:\/\/lospoliticosveracruz.com\/?p=156395#breadcrumb","itemListElement":[{"@type":"ListItem","position":1,"name":"Portada","item":"https:\/\/lospoliticosveracruz.com\/"},{"@type":"ListItem","position":2,"name":"QUE HAY NADO SINCRONIZADO"}]},{"@type":"WebSite","@id":"https:\/\/lospoliticosveracruz.com\/#website","url":"https:\/\/lospoliticosveracruz.com\/","name":"Los pol\u00edticos Veracruz","description":"","publisher":{"@id":"https:\/\/lospoliticosveracruz.com\/#organization"},"potentialAction":[{"@type":"SearchAction","target":{"@type":"EntryPoint","urlTemplate":"https:\/\/lospoliticosveracruz.com\/?s={search_term_string}"},"query-input":{"@type":"PropertyValueSpecification","valueRequired":true,"valueName":"search_term_string"}}],"inLanguage":"es"},{"@type":"Organization","@id":"https:\/\/lospoliticosveracruz.com\/#organization","name":"Los pol\u00edticos Veracruz","url":"https:\/\/lospoliticosveracruz.com\/","logo":{"@type":"ImageObject","inLanguage":"es","@id":"https:\/\/lospoliticosveracruz.com\/#\/schema\/logo\/image\/","url":"https:\/\/lospoliticosveracruz.com\/wp-content\/uploads\/2025\/12\/Logo-Nuevo-LOS-POLITICOS-1.jpg","contentUrl":"https:\/\/lospoliticosveracruz.com\/wp-content\/uploads\/2025\/12\/Logo-Nuevo-LOS-POLITICOS-1.jpg","width":260,"height":70,"caption":"Los pol\u00edticos Veracruz"},"image":{"@id":"https:\/\/lospoliticosveracruz.com\/#\/schema\/logo\/image\/"},"sameAs":["https:\/\/www.facebook.com\/people\/Notimemes-de-los-Polticos\/61565672886568\/","https:\/\/x.com\/LosPoliticosVer"]},{"@type":"Person","@id":"https:\/\/lospoliticosveracruz.com\/#\/schema\/person\/b8702bb0e538456e6efd07080bf2a4a2","name":"Lo viste en Los Pol\u00edticos","image":{"@type":"ImageObject","inLanguage":"es","@id":"https:\/\/secure.gravatar.com\/avatar\/3a8de04a2656d44082be478bd6c086daa447c4651605818287b9532d3d0bd435?s=96&d=mm&r=g","url":"https:\/\/secure.gravatar.com\/avatar\/3a8de04a2656d44082be478bd6c086daa447c4651605818287b9532d3d0bd435?s=96&d=mm&r=g","contentUrl":"https:\/\/secure.gravatar.com\/avatar\/3a8de04a2656d44082be478bd6c086daa447c4651605818287b9532d3d0bd435?s=96&d=mm&r=g","caption":"Lo viste en Los Pol\u00edticos"},"url":"https:\/\/lospoliticosveracruz.com\/?author=2"}]}},"_links":{"self":[{"href":"https:\/\/lospoliticosveracruz.com\/index.php?rest_route=\/wp\/v2\/posts\/156395","targetHints":{"allow":["GET"]}}],"collection":[{"href":"https:\/\/lospoliticosveracruz.com\/index.php?rest_route=\/wp\/v2\/posts"}],"about":[{"href":"https:\/\/lospoliticosveracruz.com\/index.php?rest_route=\/wp\/v2\/types\/post"}],"author":[{"embeddable":true,"href":"https:\/\/lospoliticosveracruz.com\/index.php?rest_route=\/wp\/v2\/users\/2"}],"replies":[{"embeddable":true,"href":"https:\/\/lospoliticosveracruz.com\/index.php?rest_route=%2Fwp%2Fv2%2Fcomments&post=156395"}],"version-history":[{"count":1,"href":"https:\/\/lospoliticosveracruz.com\/index.php?rest_route=\/wp\/v2\/posts\/156395\/revisions"}],"predecessor-version":[{"id":156399,"href":"https:\/\/lospoliticosveracruz.com\/index.php?rest_route=\/wp\/v2\/posts\/156395\/revisions\/156399"}],"wp:featuredmedia":[{"embeddable":true,"href":"https:\/\/lospoliticosveracruz.com\/index.php?rest_route=\/wp\/v2\/media\/141426"}],"wp:attachment":[{"href":"https:\/\/lospoliticosveracruz.com\/index.php?rest_route=%2Fwp%2Fv2%2Fmedia&parent=156395"}],"wp:term":[{"taxonomy":"category","embeddable":true,"href":"https:\/\/lospoliticosveracruz.com\/index.php?rest_route=%2Fwp%2Fv2%2Fcategories&post=156395"},{"taxonomy":"post_tag","embeddable":true,"href":"https:\/\/lospoliticosveracruz.com\/index.php?rest_route=%2Fwp%2Fv2%2Ftags&post=156395"}],"curies":[{"name":"wp","href":"https:\/\/api.w.org\/{rel}","templated":true}]}}