{"id":156403,"date":"2025-11-13T10:49:04","date_gmt":"2025-11-13T16:49:04","guid":{"rendered":"https:\/\/lospoliticosveracruz.com.mx\/?p=156403"},"modified":"2025-11-13T10:49:24","modified_gmt":"2025-11-13T16:49:24","slug":"jalisco-y-nuevo-leon-orgullo-naranja","status":"publish","type":"post","link":"https:\/\/lospoliticosveracruz.com\/?p=156403","title":{"rendered":"JALISCO Y NUEVO LE\u00d3N: ORGULLO NARANJA"},"content":{"rendered":"\n<p>S\u00edguenos ahora tambi\u00e9n en WhatsApp.\u00a0\u00a1<a href=\"https:\/\/whatsapp.com\/channel\/0029Va8zRWlEKyZIP3Z1dF0e\"><strong>Da clic aqu\u00ed<\/strong><\/a><strong>!<\/strong><\/p>\n\n\n\n<p><strong>Agust\u00edn Torres Delgado<br><\/strong><em>Pa\u2019 Vivir a gusto<\/em><\/p>\n\n\n\n<p>Recientemente en la familia naranja nos reunimos para asistir a los informes de nuestros dos gobernadores en Nuevo Le\u00f3n y Jalisco, Samuel Garc\u00eda y Pablo Lemus, la cita cobra particular relevancia no solo porque son nuestros gobiernos naranjas sino tambi\u00e9n porque son referentes nacionales en seguridad, econom\u00eda, infraestructura, salud y programas sociales en beneficio de las personas.<\/p>\n\n\n\n\n\n<p>Tanto Samuel Garc\u00eda, con cuatro a\u00f1os en el gobierno, como Pablo Lemus quien tiene un a\u00f1o en el cargo, cuentan con una alta aprobaci\u00f3n seg\u00fan encuestas recientemente publicadas en un diario de circulaci\u00f3n nacional; esto no es casualidad: es el resultado de gestiones cercanas a la gente que cumplen con compromisos para mejorar la calidad de vida de las personas en ambas entidades.<\/p>\n\n\n\n<p>Nuevo Le\u00f3n ha invertido en fortalecer a la polic\u00eda estatal tras una inversi\u00f3n hist\u00f3rica de 30 mil millones de pesos; con esta acci\u00f3n se logr\u00f3 reducir los delitos de alto impacto, los feminicidios, entre otros. Este logro no ser\u00eda posible sin la presencia de la Fuerza Civil de Nuevo Le\u00f3n, evaluada incluso por el Gobierno Federal como la mejor polic\u00eda del pa\u00eds.<\/p>\n\n\n\n<p>Para Jalisco, la seguridad tambi\u00e9n ha sido prioridad, en este primer a\u00f1o, Pablo Lemus logr\u00f3 reducir de forma relevante los delitos patrimoniales, con bajas de casi 95 por ciento en varios rubros. Cre\u00f3 la Polic\u00eda Estatal de Caminos, fortaleci\u00f3 el equipamiento con 700 nuevas unidades, y se construye el nuevo Centro Escudo Urbano C5, que operar\u00e1 su primera etapa en mayo de 2026. Asimismo, implement\u00f3 \u201cLegado\u201d, este programa otorga becas universitarias a hijas e hijos de polic\u00edas; y ha invertido en tener a la Polic\u00eda mejor pagada del pa\u00eds con el fin de mejorar su calidad de vida. El estado registr\u00f3 una disminuci\u00f3n de 25.1% en el promedio de homicidios diarios durante el primer semestre de 2025, adem\u00e1s de ocupar el lugar 16 de incidencia delictiva, por debajo de la media nacional.<\/p>\n\n\n\n<p>En materia de salud, Jalisco y Nuevo Le\u00f3n son ejemplo a nivel nacional, como ning\u00fan otro estado del pa\u00eds, cuentan con un sistema de salud avanzado y son los \u00fanicos con cobertura universal contra el c\u00e1ncer infantil. Pablo Lemus destac\u00f3 la construcci\u00f3n de nuevos hospitales en Puerto Vallarta, Zapotl\u00e1n El Grande y Tonal\u00e1, y la atenci\u00f3n m\u00e9dica a m\u00e1s de 1.3 millones de personas mediante el Seguro Jalisco. Samuel Garc\u00eda, a trav\u00e9s del programa \u201cCuidar tu salud\u201d, brinda cobertura m\u00e9dica universal y gratuita a m\u00e1s de 1.2 millones de neoleoneses, con lo que ha conseguido ser referente nacional en abasto de medicamentos y atenci\u00f3n m\u00e9dica.<\/p>\n\n\n\n<p>En materia educativa, Nuevo Le\u00f3n se ha posicionado a la cabeza en educaci\u00f3n especial con m\u00e1s de 63 mil estudiantes registrados y ha reducido en un 7.6 por ciento el rezago educativo. En su informe, Samuel Garc\u00eda, notific\u00f3 que siguen en la construcci\u00f3n de escuelas, guarder\u00edas y canchas.<\/p>\n\n\n\n<p>Pablo Lemus, por su parte, ha dado fortaleza al modelo estatal, con el Fondo para la Infraestructura Educativa (FINEDU), que destina m\u00e1s de 5 mil millones de pesos a la renovaci\u00f3n y equipamiento de escuelas. En su mensaje, el gobernador de Jalisco notific\u00f3 la creaci\u00f3n de Aulas de M\u00fasica y Orquestas Filarm\u00f3nicas Infantiles, el regreso de las Escuelas de Tiempo Completo y el programa Jalisco Biling\u00fce.<\/p>\n\n\n\n<p>En el rubro econ\u00f3mico, en el caso de Jalisco, atrajo Inversi\u00f3n Extranjera Directa en los primeros seis meses del 2025 por un monto de 933 millones de d\u00f3lares; en nuevas inversiones destacan por un crecimiento de 435%, respecto al el primer semestre del 2024, al pasar de 38.2 millones de d\u00f3lares a 204.6 millones. Nuevo Le\u00f3n por su parte, tiene una cifra r\u00e9cord de 90 billones de d\u00f3lares en Inversi\u00f3n Extranjera Directa y 382 nuevos proyectos de inversi\u00f3n confirmados y otorga programas de impulso a m\u00e1s de 3 mil PyMEs. Ambas entidades son l\u00edderes en generaci\u00f3n de empleo e inversi\u00f3n extranjera.<\/p>\n\n\n\n<p>Podr\u00edamos continuar con las cifras en materia de salarios, ingreso por hogar, programas sociales y en atenci\u00f3n a la ni\u00f1ez, donde ambos estados se encuentran a la vanguardia a nivel nacional. Para Movimiento Ciudadano son gobiernos que son referentes para que en cada rinc\u00f3n del pa\u00eds, en cada municipio naranja sean replicadas las buenas pr\u00e1cticas de Jalisco y Nuevo Le\u00f3n; buenos gobiernos, transparentes, eficaces y que solucionan realmente los problemas cotidianos de las personas.<\/p>\n\n\n\n<p>No es fortuito que nuestros gobiernos sean sedes mundialistas para el 2026, es porque son ciudades de avanzada. Ambos tienen proyectos de inversi\u00f3n e infraestructura en materia tur\u00edstica para beneficio regional; ambos mandatarios impulsan una estrategia conjunta: \u201cPonte Nuevo, Ponte Mundial\u201d, con el objetivo de aprovechar la justa deportiva y transformar las ciudades gobernadas por Movimiento Ciudadano, no solo durante los d\u00edas del evento, sino para que las mejoras permanezcan en cada ciudad.<\/p>\n\n\n\n<p>Es por ello que Movimiento Ciudadano quiere ser gobierno, para demostrar en los hechos que se pueden tener buenos gobiernos. Cabe se\u00f1alar que de buenas gestiones en el gobierno tenemos un gran ejemplo, Dante Delgado en Veracruz, que no se olvide que ha sido el mejor gobernador de los \u00faltimos tiempos en la entidad, fue el \u00fanico que dej\u00f3 un gran legado en obra e infraestructura, as\u00ed como en materia econ\u00f3mica, administrativa y desarrollo social. En el estado se le reconoce como el \u00faltimo gran gobernador que hemos tenido, fue un parteaguas; de entonces a la fecha, quienes han gobernado en los \u00faltimos a\u00f1os han dejado a nuestro estado saqueado, con \u00edndices altos de corrupci\u00f3n y con la inseguridad desbordada.<\/p>\n\n\n\n<p>Con Samuel Garc\u00eda en Nuevo Le\u00f3n que entregar\u00e1 su obra, En Tiempo y Forma y Pablo Lemus en Jalisco, que en un a\u00f1o est\u00e1 haciendo una gran gesti\u00f3n y gobierna, Al Estilo Jalisco, sabemos que ambas entidades seguir\u00e1n como referentes nacionales y continuar\u00e1n siendo nuestro orgullo naranja.<\/p>\n\n\n\n<p>Agust\u00edn Torres Delgado<br>Secretario Nacional de Acuerdos<br>Movimiento Ciudadano<\/p>\n","protected":false},"excerpt":{"rendered":"<p>Agust\u00edn Torres DelgadoPa\u2019 Vivir a gusto Recientemente en la familia naranja nos reunimos para asistir a los informes de nuestros dos gobernadores en Nuevo Le\u00f3n y Jalisco, Samuel Garc\u00eda y Pablo Lemus, la cita cobra particular relevancia no solo porque son nuestros gobiernos naranjas sino tambi\u00e9n porque son referentes nacionales en seguridad, econom\u00eda, infraestructura, salud [&hellip;]<\/p>\n","protected":false},"author":2,"featured_media":151473,"comment_status":"closed","ping_status":"closed","sticky":false,"template":"","format":"standard","meta":{"tdm_status":"","tdm_grid_status":"","footnotes":""},"categories":[70],"tags":[3815,41637,15997,47221],"class_list":{"0":"post-156403","1":"post","2":"type-post","3":"status-publish","4":"format-standard","5":"has-post-thumbnail","7":"category-de-opinion","8":"tag-jalisco","9":"tag-pablo-lemus","10":"tag-samuel-garcia","11":"tag-samuel-garcia-y-pablo-lemus"},"yoast_head":"<!-- This site is optimized with the Yoast SEO plugin v27.4 - https:\/\/yoast.com\/product\/yoast-seo-wordpress\/ -->\n<title>JALISCO Y NUEVO LE\u00d3N: ORGULLO NARANJA - Los pol\u00edticos Veracruz<\/title>\n<meta name=\"robots\" content=\"index, follow, max-snippet:-1, max-image-preview:large, max-video-preview:-1\" \/>\n<link rel=\"canonical\" href=\"https:\/\/lospoliticosveracruz.com\/?p=156403\" \/>\n<meta property=\"og:locale\" content=\"es_ES\" \/>\n<meta property=\"og:type\" content=\"article\" \/>\n<meta property=\"og:title\" content=\"JALISCO Y NUEVO LE\u00d3N: ORGULLO NARANJA - Los pol\u00edticos Veracruz\" \/>\n<meta property=\"og:description\" content=\"Agust\u00edn Torres DelgadoPa\u2019 Vivir a gusto Recientemente en la familia naranja nos reunimos para asistir a los informes de nuestros dos gobernadores en Nuevo Le\u00f3n y Jalisco, Samuel Garc\u00eda y Pablo Lemus, la cita cobra particular relevancia no solo porque son nuestros gobiernos naranjas sino tambi\u00e9n porque son referentes nacionales en seguridad, econom\u00eda, infraestructura, salud [&hellip;]\" \/>\n<meta property=\"og:url\" content=\"https:\/\/lospoliticosveracruz.com\/?p=156403\" \/>\n<meta property=\"og:site_name\" content=\"Los pol\u00edticos Veracruz\" \/>\n<meta property=\"article:publisher\" content=\"https:\/\/www.facebook.com\/people\/Notimemes-de-los-Polticos\/61565672886568\/\" \/>\n<meta property=\"article:published_time\" content=\"2025-11-13T16:49:04+00:00\" \/>\n<meta property=\"article:modified_time\" content=\"2025-11-13T16:49:24+00:00\" \/>\n<meta property=\"og:image\" content=\"https:\/\/lospoliticosveracruz.com\/wp-content\/uploads\/2025\/08\/Agustin-Torres-Delgado.jpg\" \/>\n\t<meta property=\"og:image:width\" content=\"1250\" \/>\n\t<meta property=\"og:image:height\" content=\"667\" \/>\n\t<meta property=\"og:image:type\" content=\"image\/jpeg\" \/>\n<meta name=\"author\" content=\"Lo viste en Los Pol\u00edticos\" \/>\n<meta name=\"twitter:card\" content=\"summary_large_image\" \/>\n<meta name=\"twitter:creator\" content=\"@LosPoliticosVer\" \/>\n<meta name=\"twitter:site\" content=\"@LosPoliticosVer\" \/>\n<meta name=\"twitter:label1\" content=\"Escrito por\" \/>\n\t<meta name=\"twitter:data1\" content=\"Lo viste en Los Pol\u00edticos\" \/>\n\t<meta name=\"twitter:label2\" content=\"Tiempo de lectura\" \/>\n\t<meta name=\"twitter:data2\" content=\"5 minutos\" \/>\n<script type=\"application\/ld+json\" class=\"yoast-schema-graph\">{\"@context\":\"https:\\\/\\\/schema.org\",\"@graph\":[{\"@type\":\"Article\",\"@id\":\"https:\\\/\\\/lospoliticosveracruz.com\\\/?p=156403#article\",\"isPartOf\":{\"@id\":\"https:\\\/\\\/lospoliticosveracruz.com\\\/?p=156403\"},\"author\":{\"name\":\"Lo viste en Los Pol\u00edticos\",\"@id\":\"https:\\\/\\\/lospoliticosveracruz.com\\\/#\\\/schema\\\/person\\\/b8702bb0e538456e6efd07080bf2a4a2\"},\"headline\":\"JALISCO Y NUEVO LE\u00d3N: ORGULLO NARANJA\",\"datePublished\":\"2025-11-13T16:49:04+00:00\",\"dateModified\":\"2025-11-13T16:49:24+00:00\",\"mainEntityOfPage\":{\"@id\":\"https:\\\/\\\/lospoliticosveracruz.com\\\/?p=156403\"},\"wordCount\":1036,\"publisher\":{\"@id\":\"https:\\\/\\\/lospoliticosveracruz.com\\\/#organization\"},\"image\":{\"@id\":\"https:\\\/\\\/lospoliticosveracruz.com\\\/?p=156403#primaryimage\"},\"thumbnailUrl\":\"https:\\\/\\\/lospoliticosveracruz.com\\\/wp-content\\\/uploads\\\/2025\\\/08\\\/Agustin-Torres-Delgado.jpg\",\"keywords\":[\"Jalisco\",\"Pablo Lemus\",\"Samuel Garc\u00eda\",\"Samuel Garc\u00eda y Pablo Lemus\"],\"articleSection\":[\"De Opini\u00f3n\"],\"inLanguage\":\"es\"},{\"@type\":\"WebPage\",\"@id\":\"https:\\\/\\\/lospoliticosveracruz.com\\\/?p=156403\",\"url\":\"https:\\\/\\\/lospoliticosveracruz.com\\\/?p=156403\",\"name\":\"JALISCO Y NUEVO LE\u00d3N: ORGULLO NARANJA - Los pol\u00edticos Veracruz\",\"isPartOf\":{\"@id\":\"https:\\\/\\\/lospoliticosveracruz.com\\\/#website\"},\"primaryImageOfPage\":{\"@id\":\"https:\\\/\\\/lospoliticosveracruz.com\\\/?p=156403#primaryimage\"},\"image\":{\"@id\":\"https:\\\/\\\/lospoliticosveracruz.com\\\/?p=156403#primaryimage\"},\"thumbnailUrl\":\"https:\\\/\\\/lospoliticosveracruz.com\\\/wp-content\\\/uploads\\\/2025\\\/08\\\/Agustin-Torres-Delgado.jpg\",\"datePublished\":\"2025-11-13T16:49:04+00:00\",\"dateModified\":\"2025-11-13T16:49:24+00:00\",\"breadcrumb\":{\"@id\":\"https:\\\/\\\/lospoliticosveracruz.com\\\/?p=156403#breadcrumb\"},\"inLanguage\":\"es\",\"potentialAction\":[{\"@type\":\"ReadAction\",\"target\":[\"https:\\\/\\\/lospoliticosveracruz.com\\\/?p=156403\"]}]},{\"@type\":\"ImageObject\",\"inLanguage\":\"es\",\"@id\":\"https:\\\/\\\/lospoliticosveracruz.com\\\/?p=156403#primaryimage\",\"url\":\"https:\\\/\\\/lospoliticosveracruz.com\\\/wp-content\\\/uploads\\\/2025\\\/08\\\/Agustin-Torres-Delgado.jpg\",\"contentUrl\":\"https:\\\/\\\/lospoliticosveracruz.com\\\/wp-content\\\/uploads\\\/2025\\\/08\\\/Agustin-Torres-Delgado.jpg\",\"width\":1250,\"height\":667},{\"@type\":\"BreadcrumbList\",\"@id\":\"https:\\\/\\\/lospoliticosveracruz.com\\\/?p=156403#breadcrumb\",\"itemListElement\":[{\"@type\":\"ListItem\",\"position\":1,\"name\":\"Portada\",\"item\":\"https:\\\/\\\/lospoliticosveracruz.com\\\/\"},{\"@type\":\"ListItem\",\"position\":2,\"name\":\"JALISCO Y NUEVO LE\u00d3N: ORGULLO NARANJA\"}]},{\"@type\":\"WebSite\",\"@id\":\"https:\\\/\\\/lospoliticosveracruz.com\\\/#website\",\"url\":\"https:\\\/\\\/lospoliticosveracruz.com\\\/\",\"name\":\"Los pol\u00edticos Veracruz\",\"description\":\"\",\"publisher\":{\"@id\":\"https:\\\/\\\/lospoliticosveracruz.com\\\/#organization\"},\"potentialAction\":[{\"@type\":\"SearchAction\",\"target\":{\"@type\":\"EntryPoint\",\"urlTemplate\":\"https:\\\/\\\/lospoliticosveracruz.com\\\/?s={search_term_string}\"},\"query-input\":{\"@type\":\"PropertyValueSpecification\",\"valueRequired\":true,\"valueName\":\"search_term_string\"}}],\"inLanguage\":\"es\"},{\"@type\":\"Organization\",\"@id\":\"https:\\\/\\\/lospoliticosveracruz.com\\\/#organization\",\"name\":\"Los pol\u00edticos Veracruz\",\"url\":\"https:\\\/\\\/lospoliticosveracruz.com\\\/\",\"logo\":{\"@type\":\"ImageObject\",\"inLanguage\":\"es\",\"@id\":\"https:\\\/\\\/lospoliticosveracruz.com\\\/#\\\/schema\\\/logo\\\/image\\\/\",\"url\":\"https:\\\/\\\/lospoliticosveracruz.com\\\/wp-content\\\/uploads\\\/2025\\\/12\\\/Logo-Nuevo-LOS-POLITICOS-1.jpg\",\"contentUrl\":\"https:\\\/\\\/lospoliticosveracruz.com\\\/wp-content\\\/uploads\\\/2025\\\/12\\\/Logo-Nuevo-LOS-POLITICOS-1.jpg\",\"width\":260,\"height\":70,\"caption\":\"Los pol\u00edticos Veracruz\"},\"image\":{\"@id\":\"https:\\\/\\\/lospoliticosveracruz.com\\\/#\\\/schema\\\/logo\\\/image\\\/\"},\"sameAs\":[\"https:\\\/\\\/www.facebook.com\\\/people\\\/Notimemes-de-los-Polticos\\\/61565672886568\\\/\",\"https:\\\/\\\/x.com\\\/LosPoliticosVer\"]},{\"@type\":\"Person\",\"@id\":\"https:\\\/\\\/lospoliticosveracruz.com\\\/#\\\/schema\\\/person\\\/b8702bb0e538456e6efd07080bf2a4a2\",\"name\":\"Lo viste en Los Pol\u00edticos\",\"image\":{\"@type\":\"ImageObject\",\"inLanguage\":\"es\",\"@id\":\"https:\\\/\\\/secure.gravatar.com\\\/avatar\\\/3a8de04a2656d44082be478bd6c086daa447c4651605818287b9532d3d0bd435?s=96&d=mm&r=g\",\"url\":\"https:\\\/\\\/secure.gravatar.com\\\/avatar\\\/3a8de04a2656d44082be478bd6c086daa447c4651605818287b9532d3d0bd435?s=96&d=mm&r=g\",\"contentUrl\":\"https:\\\/\\\/secure.gravatar.com\\\/avatar\\\/3a8de04a2656d44082be478bd6c086daa447c4651605818287b9532d3d0bd435?s=96&d=mm&r=g\",\"caption\":\"Lo viste en Los Pol\u00edticos\"},\"url\":\"https:\\\/\\\/lospoliticosveracruz.com\\\/?author=2\"}]}<\/script>\n<!-- \/ Yoast SEO plugin. -->","yoast_head_json":{"title":"JALISCO Y NUEVO LE\u00d3N: ORGULLO NARANJA - Los pol\u00edticos Veracruz","robots":{"index":"index","follow":"follow","max-snippet":"max-snippet:-1","max-image-preview":"max-image-preview:large","max-video-preview":"max-video-preview:-1"},"canonical":"https:\/\/lospoliticosveracruz.com\/?p=156403","og_locale":"es_ES","og_type":"article","og_title":"JALISCO Y NUEVO LE\u00d3N: ORGULLO NARANJA - Los pol\u00edticos Veracruz","og_description":"Agust\u00edn Torres DelgadoPa\u2019 Vivir a gusto Recientemente en la familia naranja nos reunimos para asistir a los informes de nuestros dos gobernadores en Nuevo Le\u00f3n y Jalisco, Samuel Garc\u00eda y Pablo Lemus, la cita cobra particular relevancia no solo porque son nuestros gobiernos naranjas sino tambi\u00e9n porque son referentes nacionales en seguridad, econom\u00eda, infraestructura, salud [&hellip;]","og_url":"https:\/\/lospoliticosveracruz.com\/?p=156403","og_site_name":"Los pol\u00edticos Veracruz","article_publisher":"https:\/\/www.facebook.com\/people\/Notimemes-de-los-Polticos\/61565672886568\/","article_published_time":"2025-11-13T16:49:04+00:00","article_modified_time":"2025-11-13T16:49:24+00:00","og_image":[{"width":1250,"height":667,"url":"https:\/\/lospoliticosveracruz.com\/wp-content\/uploads\/2025\/08\/Agustin-Torres-Delgado.jpg","type":"image\/jpeg"}],"author":"Lo viste en Los Pol\u00edticos","twitter_card":"summary_large_image","twitter_creator":"@LosPoliticosVer","twitter_site":"@LosPoliticosVer","twitter_misc":{"Escrito por":"Lo viste en Los Pol\u00edticos","Tiempo de lectura":"5 minutos"},"schema":{"@context":"https:\/\/schema.org","@graph":[{"@type":"Article","@id":"https:\/\/lospoliticosveracruz.com\/?p=156403#article","isPartOf":{"@id":"https:\/\/lospoliticosveracruz.com\/?p=156403"},"author":{"name":"Lo viste en Los Pol\u00edticos","@id":"https:\/\/lospoliticosveracruz.com\/#\/schema\/person\/b8702bb0e538456e6efd07080bf2a4a2"},"headline":"JALISCO Y NUEVO LE\u00d3N: ORGULLO NARANJA","datePublished":"2025-11-13T16:49:04+00:00","dateModified":"2025-11-13T16:49:24+00:00","mainEntityOfPage":{"@id":"https:\/\/lospoliticosveracruz.com\/?p=156403"},"wordCount":1036,"publisher":{"@id":"https:\/\/lospoliticosveracruz.com\/#organization"},"image":{"@id":"https:\/\/lospoliticosveracruz.com\/?p=156403#primaryimage"},"thumbnailUrl":"https:\/\/lospoliticosveracruz.com\/wp-content\/uploads\/2025\/08\/Agustin-Torres-Delgado.jpg","keywords":["Jalisco","Pablo Lemus","Samuel Garc\u00eda","Samuel Garc\u00eda y Pablo Lemus"],"articleSection":["De Opini\u00f3n"],"inLanguage":"es"},{"@type":"WebPage","@id":"https:\/\/lospoliticosveracruz.com\/?p=156403","url":"https:\/\/lospoliticosveracruz.com\/?p=156403","name":"JALISCO Y NUEVO LE\u00d3N: ORGULLO NARANJA - Los pol\u00edticos Veracruz","isPartOf":{"@id":"https:\/\/lospoliticosveracruz.com\/#website"},"primaryImageOfPage":{"@id":"https:\/\/lospoliticosveracruz.com\/?p=156403#primaryimage"},"image":{"@id":"https:\/\/lospoliticosveracruz.com\/?p=156403#primaryimage"},"thumbnailUrl":"https:\/\/lospoliticosveracruz.com\/wp-content\/uploads\/2025\/08\/Agustin-Torres-Delgado.jpg","datePublished":"2025-11-13T16:49:04+00:00","dateModified":"2025-11-13T16:49:24+00:00","breadcrumb":{"@id":"https:\/\/lospoliticosveracruz.com\/?p=156403#breadcrumb"},"inLanguage":"es","potentialAction":[{"@type":"ReadAction","target":["https:\/\/lospoliticosveracruz.com\/?p=156403"]}]},{"@type":"ImageObject","inLanguage":"es","@id":"https:\/\/lospoliticosveracruz.com\/?p=156403#primaryimage","url":"https:\/\/lospoliticosveracruz.com\/wp-content\/uploads\/2025\/08\/Agustin-Torres-Delgado.jpg","contentUrl":"https:\/\/lospoliticosveracruz.com\/wp-content\/uploads\/2025\/08\/Agustin-Torres-Delgado.jpg","width":1250,"height":667},{"@type":"BreadcrumbList","@id":"https:\/\/lospoliticosveracruz.com\/?p=156403#breadcrumb","itemListElement":[{"@type":"ListItem","position":1,"name":"Portada","item":"https:\/\/lospoliticosveracruz.com\/"},{"@type":"ListItem","position":2,"name":"JALISCO Y NUEVO LE\u00d3N: ORGULLO NARANJA"}]},{"@type":"WebSite","@id":"https:\/\/lospoliticosveracruz.com\/#website","url":"https:\/\/lospoliticosveracruz.com\/","name":"Los pol\u00edticos Veracruz","description":"","publisher":{"@id":"https:\/\/lospoliticosveracruz.com\/#organization"},"potentialAction":[{"@type":"SearchAction","target":{"@type":"EntryPoint","urlTemplate":"https:\/\/lospoliticosveracruz.com\/?s={search_term_string}"},"query-input":{"@type":"PropertyValueSpecification","valueRequired":true,"valueName":"search_term_string"}}],"inLanguage":"es"},{"@type":"Organization","@id":"https:\/\/lospoliticosveracruz.com\/#organization","name":"Los pol\u00edticos Veracruz","url":"https:\/\/lospoliticosveracruz.com\/","logo":{"@type":"ImageObject","inLanguage":"es","@id":"https:\/\/lospoliticosveracruz.com\/#\/schema\/logo\/image\/","url":"https:\/\/lospoliticosveracruz.com\/wp-content\/uploads\/2025\/12\/Logo-Nuevo-LOS-POLITICOS-1.jpg","contentUrl":"https:\/\/lospoliticosveracruz.com\/wp-content\/uploads\/2025\/12\/Logo-Nuevo-LOS-POLITICOS-1.jpg","width":260,"height":70,"caption":"Los pol\u00edticos Veracruz"},"image":{"@id":"https:\/\/lospoliticosveracruz.com\/#\/schema\/logo\/image\/"},"sameAs":["https:\/\/www.facebook.com\/people\/Notimemes-de-los-Polticos\/61565672886568\/","https:\/\/x.com\/LosPoliticosVer"]},{"@type":"Person","@id":"https:\/\/lospoliticosveracruz.com\/#\/schema\/person\/b8702bb0e538456e6efd07080bf2a4a2","name":"Lo viste en Los Pol\u00edticos","image":{"@type":"ImageObject","inLanguage":"es","@id":"https:\/\/secure.gravatar.com\/avatar\/3a8de04a2656d44082be478bd6c086daa447c4651605818287b9532d3d0bd435?s=96&d=mm&r=g","url":"https:\/\/secure.gravatar.com\/avatar\/3a8de04a2656d44082be478bd6c086daa447c4651605818287b9532d3d0bd435?s=96&d=mm&r=g","contentUrl":"https:\/\/secure.gravatar.com\/avatar\/3a8de04a2656d44082be478bd6c086daa447c4651605818287b9532d3d0bd435?s=96&d=mm&r=g","caption":"Lo viste en Los Pol\u00edticos"},"url":"https:\/\/lospoliticosveracruz.com\/?author=2"}]}},"_links":{"self":[{"href":"https:\/\/lospoliticosveracruz.com\/index.php?rest_route=\/wp\/v2\/posts\/156403","targetHints":{"allow":["GET"]}}],"collection":[{"href":"https:\/\/lospoliticosveracruz.com\/index.php?rest_route=\/wp\/v2\/posts"}],"about":[{"href":"https:\/\/lospoliticosveracruz.com\/index.php?rest_route=\/wp\/v2\/types\/post"}],"author":[{"embeddable":true,"href":"https:\/\/lospoliticosveracruz.com\/index.php?rest_route=\/wp\/v2\/users\/2"}],"replies":[{"embeddable":true,"href":"https:\/\/lospoliticosveracruz.com\/index.php?rest_route=%2Fwp%2Fv2%2Fcomments&post=156403"}],"version-history":[{"count":1,"href":"https:\/\/lospoliticosveracruz.com\/index.php?rest_route=\/wp\/v2\/posts\/156403\/revisions"}],"predecessor-version":[{"id":156404,"href":"https:\/\/lospoliticosveracruz.com\/index.php?rest_route=\/wp\/v2\/posts\/156403\/revisions\/156404"}],"wp:featuredmedia":[{"embeddable":true,"href":"https:\/\/lospoliticosveracruz.com\/index.php?rest_route=\/wp\/v2\/media\/151473"}],"wp:attachment":[{"href":"https:\/\/lospoliticosveracruz.com\/index.php?rest_route=%2Fwp%2Fv2%2Fmedia&parent=156403"}],"wp:term":[{"taxonomy":"category","embeddable":true,"href":"https:\/\/lospoliticosveracruz.com\/index.php?rest_route=%2Fwp%2Fv2%2Fcategories&post=156403"},{"taxonomy":"post_tag","embeddable":true,"href":"https:\/\/lospoliticosveracruz.com\/index.php?rest_route=%2Fwp%2Fv2%2Ftags&post=156403"}],"curies":[{"name":"wp","href":"https:\/\/api.w.org\/{rel}","templated":true}]}}