{"id":156408,"date":"2025-11-13T11:43:53","date_gmt":"2025-11-13T17:43:53","guid":{"rendered":"https:\/\/lospoliticosveracruz.com.mx\/?p=156408"},"modified":"2025-11-13T11:49:01","modified_gmt":"2025-11-13T17:49:01","slug":"los-embaucan-por-whatsapp-o-instagram","status":"publish","type":"post","link":"https:\/\/lospoliticosveracruz.com\/?p=156408","title":{"rendered":"LOS EMBAUCAN POR WHATSAPP O INSTAGRAM!"},"content":{"rendered":"\n<p><strong>Alejandro \u00c1vila<\/strong><br><br>Una trabajadora dom\u00e9stica de la ciudad de Veracruz denunci\u00f3 ser v\u00edctima de una estafa cibern\u00e9tica, realizada a trav\u00e9s de las plataformas sociales, WhatsApp y Telegram, mediante las cuales personas no identificadas lograron mediante enga\u00f1os, quitarle 10 mil pesos que hab\u00eda obtenido fruto de su trabajo.<\/p>\n\n\n\n<p>Seg\u00fan narra la afectada, recibi\u00f3 la invitaci\u00f3n v\u00eda WhatsApp, de parte de una persona identificada, s\u00f3lo como Santiago, la persona le solicitaba entrar a un grupo de Telegram en donde ella \u00fanicamente tendr\u00eda que mandar capturas de pantalla calificando productos dentro de la aplicaci\u00f3n SHEIN , por cada rese\u00f1a exitosa ella obten\u00eda un dep\u00f3sito de 20 pesos.<\/p>\n\n\n\n<p>Al paso de un par de d\u00edas, y al ver que aparentemente se trataba de algo seguro puesto que recibir\u00eda las transferencias por sus capturas de pantalla en tiempo y en forma, la afectada accedi\u00f3 a hacer una inversi\u00f3n de 10 mil pesos para entrar en lo que ellos consideran \u201cun nivel superior\u201d, sin embargo, en esta parte de la operaci\u00f3n fue cuando ella perdi\u00f3 todo su dinero.<\/p>\n\n\n\n<p>Incluso ella relata que los estafadores le pidieron 16 mil pesos m\u00e1s, por un supuesto concepto de reembolso, pero al no conseguir el dinero, los estafadores dejaron de insistir.<\/p>\n\n\n\n<p>La afectada afirma que realiz\u00f3 las denuncias correspondientes ante la polic\u00eda cibern\u00e9tica para que se realicen las investigaciones pertinentes; pero pidi\u00f3 hacer la denuncia a trav\u00e9s de los medios de comunicaci\u00f3n, para evitar que otras personas caigan en este tipo de fraudes; cabe destacar que, en muchas ocasiones, son parte de redes internacionales de estafas, que se incluso se apoyan de la inteligencia artificial, para generar Bots, con los cuales se hacen pasar por gente real, y se aprovechan de la necesidad de las personas y de la buena voluntad para hacer fraudes millonarios.<\/p>\n","protected":false},"excerpt":{"rendered":"<p>Alejandro \u00c1vila Una trabajadora dom\u00e9stica de la ciudad de Veracruz denunci\u00f3 ser v\u00edctima de una estafa cibern\u00e9tica, realizada a trav\u00e9s de las plataformas sociales, WhatsApp y Telegram, mediante las cuales personas no identificadas lograron mediante enga\u00f1os, quitarle 10 mil pesos que hab\u00eda obtenido fruto de su trabajo. Seg\u00fan narra la afectada, recibi\u00f3 la invitaci\u00f3n v\u00eda [&hellip;]<\/p>\n","protected":false},"author":2,"featured_media":156409,"comment_status":"closed","ping_status":"closed","sticky":false,"template":"","format":"standard","meta":{"tdm_status":"","tdm_grid_status":"","footnotes":""},"categories":[6446],"tags":[],"class_list":{"0":"post-156408","1":"post","2":"type-post","3":"status-publish","4":"format-standard","5":"has-post-thumbnail","7":"category-la-nota"},"yoast_head":"<!-- This site is optimized with the Yoast SEO plugin v27.4 - https:\/\/yoast.com\/product\/yoast-seo-wordpress\/ -->\n<title>LOS EMBAUCAN POR WHATSAPP O INSTAGRAM! - Los pol\u00edticos Veracruz<\/title>\n<meta name=\"robots\" content=\"index, follow, max-snippet:-1, max-image-preview:large, max-video-preview:-1\" \/>\n<link rel=\"canonical\" href=\"https:\/\/lospoliticosveracruz.com\/?p=156408\" \/>\n<meta property=\"og:locale\" content=\"es_ES\" \/>\n<meta property=\"og:type\" content=\"article\" \/>\n<meta property=\"og:title\" content=\"LOS EMBAUCAN POR WHATSAPP O INSTAGRAM! - Los pol\u00edticos Veracruz\" \/>\n<meta property=\"og:description\" content=\"Alejandro \u00c1vila Una trabajadora dom\u00e9stica de la ciudad de Veracruz denunci\u00f3 ser v\u00edctima de una estafa cibern\u00e9tica, realizada a trav\u00e9s de las plataformas sociales, WhatsApp y Telegram, mediante las cuales personas no identificadas lograron mediante enga\u00f1os, quitarle 10 mil pesos que hab\u00eda obtenido fruto de su trabajo. Seg\u00fan narra la afectada, recibi\u00f3 la invitaci\u00f3n v\u00eda [&hellip;]\" \/>\n<meta property=\"og:url\" content=\"https:\/\/lospoliticosveracruz.com\/?p=156408\" \/>\n<meta property=\"og:site_name\" content=\"Los pol\u00edticos Veracruz\" \/>\n<meta property=\"article:publisher\" content=\"https:\/\/www.facebook.com\/people\/Notimemes-de-los-Polticos\/61565672886568\/\" \/>\n<meta property=\"article:published_time\" content=\"2025-11-13T17:43:53+00:00\" \/>\n<meta property=\"article:modified_time\" content=\"2025-11-13T17:49:01+00:00\" \/>\n<meta property=\"og:image\" content=\"https:\/\/lospoliticosveracruz.com\/wp-content\/uploads\/2025\/11\/1.jpeg\" \/>\n\t<meta property=\"og:image:width\" content=\"600\" \/>\n\t<meta property=\"og:image:height\" content=\"320\" \/>\n\t<meta property=\"og:image:type\" content=\"image\/jpeg\" \/>\n<meta name=\"author\" content=\"Lo viste en Los Pol\u00edticos\" \/>\n<meta name=\"twitter:card\" content=\"summary_large_image\" \/>\n<meta name=\"twitter:creator\" content=\"@LosPoliticosVer\" \/>\n<meta name=\"twitter:site\" content=\"@LosPoliticosVer\" \/>\n<meta name=\"twitter:label1\" content=\"Escrito por\" \/>\n\t<meta name=\"twitter:data1\" content=\"Lo viste en Los Pol\u00edticos\" \/>\n\t<meta name=\"twitter:label2\" content=\"Tiempo de lectura\" \/>\n\t<meta name=\"twitter:data2\" content=\"2 minutos\" \/>\n<script type=\"application\/ld+json\" class=\"yoast-schema-graph\">{\"@context\":\"https:\\\/\\\/schema.org\",\"@graph\":[{\"@type\":\"Article\",\"@id\":\"https:\\\/\\\/lospoliticosveracruz.com\\\/?p=156408#article\",\"isPartOf\":{\"@id\":\"https:\\\/\\\/lospoliticosveracruz.com\\\/?p=156408\"},\"author\":{\"name\":\"Lo viste en Los Pol\u00edticos\",\"@id\":\"https:\\\/\\\/lospoliticosveracruz.com\\\/#\\\/schema\\\/person\\\/b8702bb0e538456e6efd07080bf2a4a2\"},\"headline\":\"LOS EMBAUCAN POR WHATSAPP O INSTAGRAM!\",\"datePublished\":\"2025-11-13T17:43:53+00:00\",\"dateModified\":\"2025-11-13T17:49:01+00:00\",\"mainEntityOfPage\":{\"@id\":\"https:\\\/\\\/lospoliticosveracruz.com\\\/?p=156408\"},\"wordCount\":320,\"publisher\":{\"@id\":\"https:\\\/\\\/lospoliticosveracruz.com\\\/#organization\"},\"image\":{\"@id\":\"https:\\\/\\\/lospoliticosveracruz.com\\\/?p=156408#primaryimage\"},\"thumbnailUrl\":\"https:\\\/\\\/lospoliticosveracruz.com\\\/wp-content\\\/uploads\\\/2025\\\/11\\\/1.jpeg\",\"articleSection\":[\"La Nota\"],\"inLanguage\":\"es\"},{\"@type\":\"WebPage\",\"@id\":\"https:\\\/\\\/lospoliticosveracruz.com\\\/?p=156408\",\"url\":\"https:\\\/\\\/lospoliticosveracruz.com\\\/?p=156408\",\"name\":\"LOS EMBAUCAN POR WHATSAPP O INSTAGRAM! - Los pol\u00edticos Veracruz\",\"isPartOf\":{\"@id\":\"https:\\\/\\\/lospoliticosveracruz.com\\\/#website\"},\"primaryImageOfPage\":{\"@id\":\"https:\\\/\\\/lospoliticosveracruz.com\\\/?p=156408#primaryimage\"},\"image\":{\"@id\":\"https:\\\/\\\/lospoliticosveracruz.com\\\/?p=156408#primaryimage\"},\"thumbnailUrl\":\"https:\\\/\\\/lospoliticosveracruz.com\\\/wp-content\\\/uploads\\\/2025\\\/11\\\/1.jpeg\",\"datePublished\":\"2025-11-13T17:43:53+00:00\",\"dateModified\":\"2025-11-13T17:49:01+00:00\",\"breadcrumb\":{\"@id\":\"https:\\\/\\\/lospoliticosveracruz.com\\\/?p=156408#breadcrumb\"},\"inLanguage\":\"es\",\"potentialAction\":[{\"@type\":\"ReadAction\",\"target\":[\"https:\\\/\\\/lospoliticosveracruz.com\\\/?p=156408\"]}]},{\"@type\":\"ImageObject\",\"inLanguage\":\"es\",\"@id\":\"https:\\\/\\\/lospoliticosveracruz.com\\\/?p=156408#primaryimage\",\"url\":\"https:\\\/\\\/lospoliticosveracruz.com\\\/wp-content\\\/uploads\\\/2025\\\/11\\\/1.jpeg\",\"contentUrl\":\"https:\\\/\\\/lospoliticosveracruz.com\\\/wp-content\\\/uploads\\\/2025\\\/11\\\/1.jpeg\",\"width\":600,\"height\":320},{\"@type\":\"BreadcrumbList\",\"@id\":\"https:\\\/\\\/lospoliticosveracruz.com\\\/?p=156408#breadcrumb\",\"itemListElement\":[{\"@type\":\"ListItem\",\"position\":1,\"name\":\"Portada\",\"item\":\"https:\\\/\\\/lospoliticosveracruz.com\\\/\"},{\"@type\":\"ListItem\",\"position\":2,\"name\":\"LOS EMBAUCAN POR WHATSAPP O INSTAGRAM!\"}]},{\"@type\":\"WebSite\",\"@id\":\"https:\\\/\\\/lospoliticosveracruz.com\\\/#website\",\"url\":\"https:\\\/\\\/lospoliticosveracruz.com\\\/\",\"name\":\"Los pol\u00edticos Veracruz\",\"description\":\"\",\"publisher\":{\"@id\":\"https:\\\/\\\/lospoliticosveracruz.com\\\/#organization\"},\"potentialAction\":[{\"@type\":\"SearchAction\",\"target\":{\"@type\":\"EntryPoint\",\"urlTemplate\":\"https:\\\/\\\/lospoliticosveracruz.com\\\/?s={search_term_string}\"},\"query-input\":{\"@type\":\"PropertyValueSpecification\",\"valueRequired\":true,\"valueName\":\"search_term_string\"}}],\"inLanguage\":\"es\"},{\"@type\":\"Organization\",\"@id\":\"https:\\\/\\\/lospoliticosveracruz.com\\\/#organization\",\"name\":\"Los pol\u00edticos Veracruz\",\"url\":\"https:\\\/\\\/lospoliticosveracruz.com\\\/\",\"logo\":{\"@type\":\"ImageObject\",\"inLanguage\":\"es\",\"@id\":\"https:\\\/\\\/lospoliticosveracruz.com\\\/#\\\/schema\\\/logo\\\/image\\\/\",\"url\":\"https:\\\/\\\/lospoliticosveracruz.com\\\/wp-content\\\/uploads\\\/2025\\\/12\\\/Logo-Nuevo-LOS-POLITICOS-1.jpg\",\"contentUrl\":\"https:\\\/\\\/lospoliticosveracruz.com\\\/wp-content\\\/uploads\\\/2025\\\/12\\\/Logo-Nuevo-LOS-POLITICOS-1.jpg\",\"width\":260,\"height\":70,\"caption\":\"Los pol\u00edticos Veracruz\"},\"image\":{\"@id\":\"https:\\\/\\\/lospoliticosveracruz.com\\\/#\\\/schema\\\/logo\\\/image\\\/\"},\"sameAs\":[\"https:\\\/\\\/www.facebook.com\\\/people\\\/Notimemes-de-los-Polticos\\\/61565672886568\\\/\",\"https:\\\/\\\/x.com\\\/LosPoliticosVer\"]},{\"@type\":\"Person\",\"@id\":\"https:\\\/\\\/lospoliticosveracruz.com\\\/#\\\/schema\\\/person\\\/b8702bb0e538456e6efd07080bf2a4a2\",\"name\":\"Lo viste en Los Pol\u00edticos\",\"image\":{\"@type\":\"ImageObject\",\"inLanguage\":\"es\",\"@id\":\"https:\\\/\\\/secure.gravatar.com\\\/avatar\\\/3a8de04a2656d44082be478bd6c086daa447c4651605818287b9532d3d0bd435?s=96&d=mm&r=g\",\"url\":\"https:\\\/\\\/secure.gravatar.com\\\/avatar\\\/3a8de04a2656d44082be478bd6c086daa447c4651605818287b9532d3d0bd435?s=96&d=mm&r=g\",\"contentUrl\":\"https:\\\/\\\/secure.gravatar.com\\\/avatar\\\/3a8de04a2656d44082be478bd6c086daa447c4651605818287b9532d3d0bd435?s=96&d=mm&r=g\",\"caption\":\"Lo viste en Los Pol\u00edticos\"},\"url\":\"https:\\\/\\\/lospoliticosveracruz.com\\\/?author=2\"}]}<\/script>\n<!-- \/ Yoast SEO plugin. -->","yoast_head_json":{"title":"LOS EMBAUCAN POR WHATSAPP O INSTAGRAM! - Los pol\u00edticos Veracruz","robots":{"index":"index","follow":"follow","max-snippet":"max-snippet:-1","max-image-preview":"max-image-preview:large","max-video-preview":"max-video-preview:-1"},"canonical":"https:\/\/lospoliticosveracruz.com\/?p=156408","og_locale":"es_ES","og_type":"article","og_title":"LOS EMBAUCAN POR WHATSAPP O INSTAGRAM! - Los pol\u00edticos Veracruz","og_description":"Alejandro \u00c1vila Una trabajadora dom\u00e9stica de la ciudad de Veracruz denunci\u00f3 ser v\u00edctima de una estafa cibern\u00e9tica, realizada a trav\u00e9s de las plataformas sociales, WhatsApp y Telegram, mediante las cuales personas no identificadas lograron mediante enga\u00f1os, quitarle 10 mil pesos que hab\u00eda obtenido fruto de su trabajo. Seg\u00fan narra la afectada, recibi\u00f3 la invitaci\u00f3n v\u00eda [&hellip;]","og_url":"https:\/\/lospoliticosveracruz.com\/?p=156408","og_site_name":"Los pol\u00edticos Veracruz","article_publisher":"https:\/\/www.facebook.com\/people\/Notimemes-de-los-Polticos\/61565672886568\/","article_published_time":"2025-11-13T17:43:53+00:00","article_modified_time":"2025-11-13T17:49:01+00:00","og_image":[{"width":600,"height":320,"url":"https:\/\/lospoliticosveracruz.com\/wp-content\/uploads\/2025\/11\/1.jpeg","type":"image\/jpeg"}],"author":"Lo viste en Los Pol\u00edticos","twitter_card":"summary_large_image","twitter_creator":"@LosPoliticosVer","twitter_site":"@LosPoliticosVer","twitter_misc":{"Escrito por":"Lo viste en Los Pol\u00edticos","Tiempo de lectura":"2 minutos"},"schema":{"@context":"https:\/\/schema.org","@graph":[{"@type":"Article","@id":"https:\/\/lospoliticosveracruz.com\/?p=156408#article","isPartOf":{"@id":"https:\/\/lospoliticosveracruz.com\/?p=156408"},"author":{"name":"Lo viste en Los Pol\u00edticos","@id":"https:\/\/lospoliticosveracruz.com\/#\/schema\/person\/b8702bb0e538456e6efd07080bf2a4a2"},"headline":"LOS EMBAUCAN POR WHATSAPP O INSTAGRAM!","datePublished":"2025-11-13T17:43:53+00:00","dateModified":"2025-11-13T17:49:01+00:00","mainEntityOfPage":{"@id":"https:\/\/lospoliticosveracruz.com\/?p=156408"},"wordCount":320,"publisher":{"@id":"https:\/\/lospoliticosveracruz.com\/#organization"},"image":{"@id":"https:\/\/lospoliticosveracruz.com\/?p=156408#primaryimage"},"thumbnailUrl":"https:\/\/lospoliticosveracruz.com\/wp-content\/uploads\/2025\/11\/1.jpeg","articleSection":["La Nota"],"inLanguage":"es"},{"@type":"WebPage","@id":"https:\/\/lospoliticosveracruz.com\/?p=156408","url":"https:\/\/lospoliticosveracruz.com\/?p=156408","name":"LOS EMBAUCAN POR WHATSAPP O INSTAGRAM! - Los pol\u00edticos Veracruz","isPartOf":{"@id":"https:\/\/lospoliticosveracruz.com\/#website"},"primaryImageOfPage":{"@id":"https:\/\/lospoliticosveracruz.com\/?p=156408#primaryimage"},"image":{"@id":"https:\/\/lospoliticosveracruz.com\/?p=156408#primaryimage"},"thumbnailUrl":"https:\/\/lospoliticosveracruz.com\/wp-content\/uploads\/2025\/11\/1.jpeg","datePublished":"2025-11-13T17:43:53+00:00","dateModified":"2025-11-13T17:49:01+00:00","breadcrumb":{"@id":"https:\/\/lospoliticosveracruz.com\/?p=156408#breadcrumb"},"inLanguage":"es","potentialAction":[{"@type":"ReadAction","target":["https:\/\/lospoliticosveracruz.com\/?p=156408"]}]},{"@type":"ImageObject","inLanguage":"es","@id":"https:\/\/lospoliticosveracruz.com\/?p=156408#primaryimage","url":"https:\/\/lospoliticosveracruz.com\/wp-content\/uploads\/2025\/11\/1.jpeg","contentUrl":"https:\/\/lospoliticosveracruz.com\/wp-content\/uploads\/2025\/11\/1.jpeg","width":600,"height":320},{"@type":"BreadcrumbList","@id":"https:\/\/lospoliticosveracruz.com\/?p=156408#breadcrumb","itemListElement":[{"@type":"ListItem","position":1,"name":"Portada","item":"https:\/\/lospoliticosveracruz.com\/"},{"@type":"ListItem","position":2,"name":"LOS EMBAUCAN POR WHATSAPP O INSTAGRAM!"}]},{"@type":"WebSite","@id":"https:\/\/lospoliticosveracruz.com\/#website","url":"https:\/\/lospoliticosveracruz.com\/","name":"Los pol\u00edticos Veracruz","description":"","publisher":{"@id":"https:\/\/lospoliticosveracruz.com\/#organization"},"potentialAction":[{"@type":"SearchAction","target":{"@type":"EntryPoint","urlTemplate":"https:\/\/lospoliticosveracruz.com\/?s={search_term_string}"},"query-input":{"@type":"PropertyValueSpecification","valueRequired":true,"valueName":"search_term_string"}}],"inLanguage":"es"},{"@type":"Organization","@id":"https:\/\/lospoliticosveracruz.com\/#organization","name":"Los pol\u00edticos Veracruz","url":"https:\/\/lospoliticosveracruz.com\/","logo":{"@type":"ImageObject","inLanguage":"es","@id":"https:\/\/lospoliticosveracruz.com\/#\/schema\/logo\/image\/","url":"https:\/\/lospoliticosveracruz.com\/wp-content\/uploads\/2025\/12\/Logo-Nuevo-LOS-POLITICOS-1.jpg","contentUrl":"https:\/\/lospoliticosveracruz.com\/wp-content\/uploads\/2025\/12\/Logo-Nuevo-LOS-POLITICOS-1.jpg","width":260,"height":70,"caption":"Los pol\u00edticos Veracruz"},"image":{"@id":"https:\/\/lospoliticosveracruz.com\/#\/schema\/logo\/image\/"},"sameAs":["https:\/\/www.facebook.com\/people\/Notimemes-de-los-Polticos\/61565672886568\/","https:\/\/x.com\/LosPoliticosVer"]},{"@type":"Person","@id":"https:\/\/lospoliticosveracruz.com\/#\/schema\/person\/b8702bb0e538456e6efd07080bf2a4a2","name":"Lo viste en Los Pol\u00edticos","image":{"@type":"ImageObject","inLanguage":"es","@id":"https:\/\/secure.gravatar.com\/avatar\/3a8de04a2656d44082be478bd6c086daa447c4651605818287b9532d3d0bd435?s=96&d=mm&r=g","url":"https:\/\/secure.gravatar.com\/avatar\/3a8de04a2656d44082be478bd6c086daa447c4651605818287b9532d3d0bd435?s=96&d=mm&r=g","contentUrl":"https:\/\/secure.gravatar.com\/avatar\/3a8de04a2656d44082be478bd6c086daa447c4651605818287b9532d3d0bd435?s=96&d=mm&r=g","caption":"Lo viste en Los Pol\u00edticos"},"url":"https:\/\/lospoliticosveracruz.com\/?author=2"}]}},"_links":{"self":[{"href":"https:\/\/lospoliticosveracruz.com\/index.php?rest_route=\/wp\/v2\/posts\/156408","targetHints":{"allow":["GET"]}}],"collection":[{"href":"https:\/\/lospoliticosveracruz.com\/index.php?rest_route=\/wp\/v2\/posts"}],"about":[{"href":"https:\/\/lospoliticosveracruz.com\/index.php?rest_route=\/wp\/v2\/types\/post"}],"author":[{"embeddable":true,"href":"https:\/\/lospoliticosveracruz.com\/index.php?rest_route=\/wp\/v2\/users\/2"}],"replies":[{"embeddable":true,"href":"https:\/\/lospoliticosveracruz.com\/index.php?rest_route=%2Fwp%2Fv2%2Fcomments&post=156408"}],"version-history":[{"count":2,"href":"https:\/\/lospoliticosveracruz.com\/index.php?rest_route=\/wp\/v2\/posts\/156408\/revisions"}],"predecessor-version":[{"id":156411,"href":"https:\/\/lospoliticosveracruz.com\/index.php?rest_route=\/wp\/v2\/posts\/156408\/revisions\/156411"}],"wp:featuredmedia":[{"embeddable":true,"href":"https:\/\/lospoliticosveracruz.com\/index.php?rest_route=\/wp\/v2\/media\/156409"}],"wp:attachment":[{"href":"https:\/\/lospoliticosveracruz.com\/index.php?rest_route=%2Fwp%2Fv2%2Fmedia&parent=156408"}],"wp:term":[{"taxonomy":"category","embeddable":true,"href":"https:\/\/lospoliticosveracruz.com\/index.php?rest_route=%2Fwp%2Fv2%2Fcategories&post=156408"},{"taxonomy":"post_tag","embeddable":true,"href":"https:\/\/lospoliticosveracruz.com\/index.php?rest_route=%2Fwp%2Fv2%2Ftags&post=156408"}],"curies":[{"name":"wp","href":"https:\/\/api.w.org\/{rel}","templated":true}]}}