{"id":156412,"date":"2025-11-13T14:41:20","date_gmt":"2025-11-13T20:41:20","guid":{"rendered":"https:\/\/lospoliticosveracruz.com.mx\/?p=156412"},"modified":"2025-11-13T14:41:30","modified_gmt":"2025-11-13T20:41:30","slug":"paty-aprovecha-el-buen-fin-2","status":"publish","type":"post","link":"https:\/\/lospoliticosveracruz.com\/?p=156412","title":{"rendered":"PATY APROVECHA EL BUEN FIN!"},"content":{"rendered":"\n<p>Veracruz: La alcaldesa Paty Lobeira encabez\u00f3 el evento de inauguraci\u00f3n del \u201cBuen Fin 2025\u201d en el municipio de Veracruz, junto con el presidente de la C\u00e1mara Nacional de Comercio, Servicios y Turismo (CANACO-Servytur) de Veracruz, Jos\u00e9 Tom\u00e1s M\u00e9ndez Valerio, as\u00ed como de integrantes del consejo directivo de dicha c\u00e1mara.<\/p>\n\n\n\n<p>En su mensaje, la alcaldesa celebr\u00f3 el fortalecimiento de la econom\u00eda familiar y la confianza de los consumidores, destacando que el Buen Fin representa una oportunidad para apoyar a los comercios locales y fomentar la reactivaci\u00f3n econ\u00f3mica del municipio.<\/p>\n\n\n\n<p>\u201cEl a\u00f1o pasado tuvimos una derrama econ\u00f3mica de m\u00e1s de mil 100 millones de pesos, y esperamos rebasar los mil 300 millones este 2025. Queremos que las familias vengan al Centro Hist\u00f3rico y realicen sus compras con alegr\u00eda y responsabilidad\u201d, se\u00f1al\u00f3.<\/p>\n\n\n\n<p>Durante el evento, la alcaldesa anunci\u00f3 que la avenida Independencia ser\u00e1 reabierta a la vialidad este s\u00e1bado, tras los trabajos de rehabilitaci\u00f3n integral que resolvieron los problemas de drenaje y pluviales en la zona. Indic\u00f3 que jueves y viernes permanecer\u00e1 como zona peatonal para incentivar la actividad comercial.<\/p>\n\n\n\n<p>Asimismo, inform\u00f3 que el Ayuntamiento implement\u00f3 un operativo de seguridad en coordinaci\u00f3n con autoridades federales, estatales y municipales, con el objetivo de salvaguardar la integridad de los compradores y comerciantes durante este fin de semana largo.<\/p>\n\n\n\n<p>La alcaldesa agradeci\u00f3 a la CANACO por su colaboraci\u00f3n y paciencia durante las obras de rehabilitaci\u00f3n de las avenidas Independencia y 5 de Mayo, as\u00ed como de banquetas y callejones del Centro Hist\u00f3rico.<\/p>\n\n\n\n<p>Al evento asistieron la s\u00edndica Susana Tiburcio Galicia, en representaci\u00f3n del alcalde de Boca del R\u00edo; Sharon Andrea Albornoz Nail, titular de la Unidad de Atenci\u00f3n a Usuarios de la CONDUSEF; Marcos Castillo L\u00f3pez, representante de la Procuradur\u00eda Federal del Consumidor; Edi Alberto Mart\u00ednez, presidente del Consejo Coordinador Empresarial; y Deyanira \u00c1lvarez Jim\u00e9nez, presidenta del Consejo Coordinador de Mujeres Empresarias, cap\u00edtulo Veracruz.<\/p>\n","protected":false},"excerpt":{"rendered":"<p>Veracruz: La alcaldesa Paty Lobeira encabez\u00f3 el evento de inauguraci\u00f3n del \u201cBuen Fin 2025\u201d en el municipio de Veracruz, junto con el presidente de la C\u00e1mara Nacional de Comercio, Servicios y Turismo (CANACO-Servytur) de Veracruz, Jos\u00e9 Tom\u00e1s M\u00e9ndez Valerio, as\u00ed como de integrantes del consejo directivo de dicha c\u00e1mara. En su mensaje, la alcaldesa celebr\u00f3 [&hellip;]<\/p>\n","protected":false},"author":2,"featured_media":156413,"comment_status":"closed","ping_status":"closed","sticky":false,"template":"","format":"standard","meta":{"tdm_status":"","tdm_grid_status":"","footnotes":""},"categories":[73],"tags":[],"class_list":{"0":"post-156412","1":"post","2":"type-post","3":"status-publish","4":"format-standard","5":"has-post-thumbnail","7":"category-de-boleto"},"yoast_head":"<!-- This site is optimized with the Yoast SEO plugin v27.4 - https:\/\/yoast.com\/product\/yoast-seo-wordpress\/ -->\n<title>PATY APROVECHA EL BUEN FIN! - Los pol\u00edticos Veracruz<\/title>\n<meta name=\"robots\" content=\"index, follow, max-snippet:-1, max-image-preview:large, max-video-preview:-1\" \/>\n<link rel=\"canonical\" href=\"https:\/\/lospoliticosveracruz.com\/?p=156412\" \/>\n<meta property=\"og:locale\" content=\"es_ES\" \/>\n<meta property=\"og:type\" content=\"article\" \/>\n<meta property=\"og:title\" content=\"PATY APROVECHA EL BUEN FIN! - Los pol\u00edticos Veracruz\" \/>\n<meta property=\"og:description\" content=\"Veracruz: La alcaldesa Paty Lobeira encabez\u00f3 el evento de inauguraci\u00f3n del \u201cBuen Fin 2025\u201d en el municipio de Veracruz, junto con el presidente de la C\u00e1mara Nacional de Comercio, Servicios y Turismo (CANACO-Servytur) de Veracruz, Jos\u00e9 Tom\u00e1s M\u00e9ndez Valerio, as\u00ed como de integrantes del consejo directivo de dicha c\u00e1mara. En su mensaje, la alcaldesa celebr\u00f3 [&hellip;]\" \/>\n<meta property=\"og:url\" content=\"https:\/\/lospoliticosveracruz.com\/?p=156412\" \/>\n<meta property=\"og:site_name\" content=\"Los pol\u00edticos Veracruz\" \/>\n<meta property=\"article:publisher\" content=\"https:\/\/www.facebook.com\/people\/Notimemes-de-los-Polticos\/61565672886568\/\" \/>\n<meta property=\"article:published_time\" content=\"2025-11-13T20:41:20+00:00\" \/>\n<meta property=\"article:modified_time\" content=\"2025-11-13T20:41:30+00:00\" \/>\n<meta property=\"og:image\" content=\"https:\/\/lospoliticosveracruz.com\/wp-content\/uploads\/2025\/11\/IMG_3068.jpeg\" \/>\n\t<meta property=\"og:image:width\" content=\"600\" \/>\n\t<meta property=\"og:image:height\" content=\"320\" \/>\n\t<meta property=\"og:image:type\" content=\"image\/jpeg\" \/>\n<meta name=\"author\" content=\"Lo viste en Los Pol\u00edticos\" \/>\n<meta name=\"twitter:card\" content=\"summary_large_image\" \/>\n<meta name=\"twitter:creator\" content=\"@LosPoliticosVer\" \/>\n<meta name=\"twitter:site\" content=\"@LosPoliticosVer\" \/>\n<meta name=\"twitter:label1\" content=\"Escrito por\" \/>\n\t<meta name=\"twitter:data1\" content=\"Lo viste en Los Pol\u00edticos\" \/>\n\t<meta name=\"twitter:label2\" content=\"Tiempo de lectura\" \/>\n\t<meta name=\"twitter:data2\" content=\"2 minutos\" \/>\n<script type=\"application\/ld+json\" class=\"yoast-schema-graph\">{\"@context\":\"https:\\\/\\\/schema.org\",\"@graph\":[{\"@type\":\"Article\",\"@id\":\"https:\\\/\\\/lospoliticosveracruz.com\\\/?p=156412#article\",\"isPartOf\":{\"@id\":\"https:\\\/\\\/lospoliticosveracruz.com\\\/?p=156412\"},\"author\":{\"name\":\"Lo viste en Los Pol\u00edticos\",\"@id\":\"https:\\\/\\\/lospoliticosveracruz.com\\\/#\\\/schema\\\/person\\\/b8702bb0e538456e6efd07080bf2a4a2\"},\"headline\":\"PATY APROVECHA EL BUEN FIN!\",\"datePublished\":\"2025-11-13T20:41:20+00:00\",\"dateModified\":\"2025-11-13T20:41:30+00:00\",\"mainEntityOfPage\":{\"@id\":\"https:\\\/\\\/lospoliticosveracruz.com\\\/?p=156412\"},\"wordCount\":337,\"publisher\":{\"@id\":\"https:\\\/\\\/lospoliticosveracruz.com\\\/#organization\"},\"image\":{\"@id\":\"https:\\\/\\\/lospoliticosveracruz.com\\\/?p=156412#primaryimage\"},\"thumbnailUrl\":\"https:\\\/\\\/lospoliticosveracruz.com\\\/wp-content\\\/uploads\\\/2025\\\/11\\\/IMG_3068.jpeg\",\"articleSection\":[\"De Boleto\"],\"inLanguage\":\"es\"},{\"@type\":\"WebPage\",\"@id\":\"https:\\\/\\\/lospoliticosveracruz.com\\\/?p=156412\",\"url\":\"https:\\\/\\\/lospoliticosveracruz.com\\\/?p=156412\",\"name\":\"PATY APROVECHA EL BUEN FIN! - Los pol\u00edticos Veracruz\",\"isPartOf\":{\"@id\":\"https:\\\/\\\/lospoliticosveracruz.com\\\/#website\"},\"primaryImageOfPage\":{\"@id\":\"https:\\\/\\\/lospoliticosveracruz.com\\\/?p=156412#primaryimage\"},\"image\":{\"@id\":\"https:\\\/\\\/lospoliticosveracruz.com\\\/?p=156412#primaryimage\"},\"thumbnailUrl\":\"https:\\\/\\\/lospoliticosveracruz.com\\\/wp-content\\\/uploads\\\/2025\\\/11\\\/IMG_3068.jpeg\",\"datePublished\":\"2025-11-13T20:41:20+00:00\",\"dateModified\":\"2025-11-13T20:41:30+00:00\",\"breadcrumb\":{\"@id\":\"https:\\\/\\\/lospoliticosveracruz.com\\\/?p=156412#breadcrumb\"},\"inLanguage\":\"es\",\"potentialAction\":[{\"@type\":\"ReadAction\",\"target\":[\"https:\\\/\\\/lospoliticosveracruz.com\\\/?p=156412\"]}]},{\"@type\":\"ImageObject\",\"inLanguage\":\"es\",\"@id\":\"https:\\\/\\\/lospoliticosveracruz.com\\\/?p=156412#primaryimage\",\"url\":\"https:\\\/\\\/lospoliticosveracruz.com\\\/wp-content\\\/uploads\\\/2025\\\/11\\\/IMG_3068.jpeg\",\"contentUrl\":\"https:\\\/\\\/lospoliticosveracruz.com\\\/wp-content\\\/uploads\\\/2025\\\/11\\\/IMG_3068.jpeg\",\"width\":600,\"height\":320},{\"@type\":\"BreadcrumbList\",\"@id\":\"https:\\\/\\\/lospoliticosveracruz.com\\\/?p=156412#breadcrumb\",\"itemListElement\":[{\"@type\":\"ListItem\",\"position\":1,\"name\":\"Portada\",\"item\":\"https:\\\/\\\/lospoliticosveracruz.com\\\/\"},{\"@type\":\"ListItem\",\"position\":2,\"name\":\"PATY APROVECHA EL BUEN FIN!\"}]},{\"@type\":\"WebSite\",\"@id\":\"https:\\\/\\\/lospoliticosveracruz.com\\\/#website\",\"url\":\"https:\\\/\\\/lospoliticosveracruz.com\\\/\",\"name\":\"Los pol\u00edticos Veracruz\",\"description\":\"\",\"publisher\":{\"@id\":\"https:\\\/\\\/lospoliticosveracruz.com\\\/#organization\"},\"potentialAction\":[{\"@type\":\"SearchAction\",\"target\":{\"@type\":\"EntryPoint\",\"urlTemplate\":\"https:\\\/\\\/lospoliticosveracruz.com\\\/?s={search_term_string}\"},\"query-input\":{\"@type\":\"PropertyValueSpecification\",\"valueRequired\":true,\"valueName\":\"search_term_string\"}}],\"inLanguage\":\"es\"},{\"@type\":\"Organization\",\"@id\":\"https:\\\/\\\/lospoliticosveracruz.com\\\/#organization\",\"name\":\"Los pol\u00edticos Veracruz\",\"url\":\"https:\\\/\\\/lospoliticosveracruz.com\\\/\",\"logo\":{\"@type\":\"ImageObject\",\"inLanguage\":\"es\",\"@id\":\"https:\\\/\\\/lospoliticosveracruz.com\\\/#\\\/schema\\\/logo\\\/image\\\/\",\"url\":\"https:\\\/\\\/lospoliticosveracruz.com\\\/wp-content\\\/uploads\\\/2025\\\/12\\\/Logo-Nuevo-LOS-POLITICOS-1.jpg\",\"contentUrl\":\"https:\\\/\\\/lospoliticosveracruz.com\\\/wp-content\\\/uploads\\\/2025\\\/12\\\/Logo-Nuevo-LOS-POLITICOS-1.jpg\",\"width\":260,\"height\":70,\"caption\":\"Los pol\u00edticos Veracruz\"},\"image\":{\"@id\":\"https:\\\/\\\/lospoliticosveracruz.com\\\/#\\\/schema\\\/logo\\\/image\\\/\"},\"sameAs\":[\"https:\\\/\\\/www.facebook.com\\\/people\\\/Notimemes-de-los-Polticos\\\/61565672886568\\\/\",\"https:\\\/\\\/x.com\\\/LosPoliticosVer\"]},{\"@type\":\"Person\",\"@id\":\"https:\\\/\\\/lospoliticosveracruz.com\\\/#\\\/schema\\\/person\\\/b8702bb0e538456e6efd07080bf2a4a2\",\"name\":\"Lo viste en Los Pol\u00edticos\",\"image\":{\"@type\":\"ImageObject\",\"inLanguage\":\"es\",\"@id\":\"https:\\\/\\\/secure.gravatar.com\\\/avatar\\\/3a8de04a2656d44082be478bd6c086daa447c4651605818287b9532d3d0bd435?s=96&d=mm&r=g\",\"url\":\"https:\\\/\\\/secure.gravatar.com\\\/avatar\\\/3a8de04a2656d44082be478bd6c086daa447c4651605818287b9532d3d0bd435?s=96&d=mm&r=g\",\"contentUrl\":\"https:\\\/\\\/secure.gravatar.com\\\/avatar\\\/3a8de04a2656d44082be478bd6c086daa447c4651605818287b9532d3d0bd435?s=96&d=mm&r=g\",\"caption\":\"Lo viste en Los Pol\u00edticos\"},\"url\":\"https:\\\/\\\/lospoliticosveracruz.com\\\/?author=2\"}]}<\/script>\n<!-- \/ Yoast SEO plugin. -->","yoast_head_json":{"title":"PATY APROVECHA EL BUEN FIN! - Los pol\u00edticos Veracruz","robots":{"index":"index","follow":"follow","max-snippet":"max-snippet:-1","max-image-preview":"max-image-preview:large","max-video-preview":"max-video-preview:-1"},"canonical":"https:\/\/lospoliticosveracruz.com\/?p=156412","og_locale":"es_ES","og_type":"article","og_title":"PATY APROVECHA EL BUEN FIN! - Los pol\u00edticos Veracruz","og_description":"Veracruz: La alcaldesa Paty Lobeira encabez\u00f3 el evento de inauguraci\u00f3n del \u201cBuen Fin 2025\u201d en el municipio de Veracruz, junto con el presidente de la C\u00e1mara Nacional de Comercio, Servicios y Turismo (CANACO-Servytur) de Veracruz, Jos\u00e9 Tom\u00e1s M\u00e9ndez Valerio, as\u00ed como de integrantes del consejo directivo de dicha c\u00e1mara. En su mensaje, la alcaldesa celebr\u00f3 [&hellip;]","og_url":"https:\/\/lospoliticosveracruz.com\/?p=156412","og_site_name":"Los pol\u00edticos Veracruz","article_publisher":"https:\/\/www.facebook.com\/people\/Notimemes-de-los-Polticos\/61565672886568\/","article_published_time":"2025-11-13T20:41:20+00:00","article_modified_time":"2025-11-13T20:41:30+00:00","og_image":[{"width":600,"height":320,"url":"https:\/\/lospoliticosveracruz.com\/wp-content\/uploads\/2025\/11\/IMG_3068.jpeg","type":"image\/jpeg"}],"author":"Lo viste en Los Pol\u00edticos","twitter_card":"summary_large_image","twitter_creator":"@LosPoliticosVer","twitter_site":"@LosPoliticosVer","twitter_misc":{"Escrito por":"Lo viste en Los Pol\u00edticos","Tiempo de lectura":"2 minutos"},"schema":{"@context":"https:\/\/schema.org","@graph":[{"@type":"Article","@id":"https:\/\/lospoliticosveracruz.com\/?p=156412#article","isPartOf":{"@id":"https:\/\/lospoliticosveracruz.com\/?p=156412"},"author":{"name":"Lo viste en Los Pol\u00edticos","@id":"https:\/\/lospoliticosveracruz.com\/#\/schema\/person\/b8702bb0e538456e6efd07080bf2a4a2"},"headline":"PATY APROVECHA EL BUEN FIN!","datePublished":"2025-11-13T20:41:20+00:00","dateModified":"2025-11-13T20:41:30+00:00","mainEntityOfPage":{"@id":"https:\/\/lospoliticosveracruz.com\/?p=156412"},"wordCount":337,"publisher":{"@id":"https:\/\/lospoliticosveracruz.com\/#organization"},"image":{"@id":"https:\/\/lospoliticosveracruz.com\/?p=156412#primaryimage"},"thumbnailUrl":"https:\/\/lospoliticosveracruz.com\/wp-content\/uploads\/2025\/11\/IMG_3068.jpeg","articleSection":["De Boleto"],"inLanguage":"es"},{"@type":"WebPage","@id":"https:\/\/lospoliticosveracruz.com\/?p=156412","url":"https:\/\/lospoliticosveracruz.com\/?p=156412","name":"PATY APROVECHA EL BUEN FIN! - Los pol\u00edticos Veracruz","isPartOf":{"@id":"https:\/\/lospoliticosveracruz.com\/#website"},"primaryImageOfPage":{"@id":"https:\/\/lospoliticosveracruz.com\/?p=156412#primaryimage"},"image":{"@id":"https:\/\/lospoliticosveracruz.com\/?p=156412#primaryimage"},"thumbnailUrl":"https:\/\/lospoliticosveracruz.com\/wp-content\/uploads\/2025\/11\/IMG_3068.jpeg","datePublished":"2025-11-13T20:41:20+00:00","dateModified":"2025-11-13T20:41:30+00:00","breadcrumb":{"@id":"https:\/\/lospoliticosveracruz.com\/?p=156412#breadcrumb"},"inLanguage":"es","potentialAction":[{"@type":"ReadAction","target":["https:\/\/lospoliticosveracruz.com\/?p=156412"]}]},{"@type":"ImageObject","inLanguage":"es","@id":"https:\/\/lospoliticosveracruz.com\/?p=156412#primaryimage","url":"https:\/\/lospoliticosveracruz.com\/wp-content\/uploads\/2025\/11\/IMG_3068.jpeg","contentUrl":"https:\/\/lospoliticosveracruz.com\/wp-content\/uploads\/2025\/11\/IMG_3068.jpeg","width":600,"height":320},{"@type":"BreadcrumbList","@id":"https:\/\/lospoliticosveracruz.com\/?p=156412#breadcrumb","itemListElement":[{"@type":"ListItem","position":1,"name":"Portada","item":"https:\/\/lospoliticosveracruz.com\/"},{"@type":"ListItem","position":2,"name":"PATY APROVECHA EL BUEN FIN!"}]},{"@type":"WebSite","@id":"https:\/\/lospoliticosveracruz.com\/#website","url":"https:\/\/lospoliticosveracruz.com\/","name":"Los pol\u00edticos Veracruz","description":"","publisher":{"@id":"https:\/\/lospoliticosveracruz.com\/#organization"},"potentialAction":[{"@type":"SearchAction","target":{"@type":"EntryPoint","urlTemplate":"https:\/\/lospoliticosveracruz.com\/?s={search_term_string}"},"query-input":{"@type":"PropertyValueSpecification","valueRequired":true,"valueName":"search_term_string"}}],"inLanguage":"es"},{"@type":"Organization","@id":"https:\/\/lospoliticosveracruz.com\/#organization","name":"Los pol\u00edticos Veracruz","url":"https:\/\/lospoliticosveracruz.com\/","logo":{"@type":"ImageObject","inLanguage":"es","@id":"https:\/\/lospoliticosveracruz.com\/#\/schema\/logo\/image\/","url":"https:\/\/lospoliticosveracruz.com\/wp-content\/uploads\/2025\/12\/Logo-Nuevo-LOS-POLITICOS-1.jpg","contentUrl":"https:\/\/lospoliticosveracruz.com\/wp-content\/uploads\/2025\/12\/Logo-Nuevo-LOS-POLITICOS-1.jpg","width":260,"height":70,"caption":"Los pol\u00edticos Veracruz"},"image":{"@id":"https:\/\/lospoliticosveracruz.com\/#\/schema\/logo\/image\/"},"sameAs":["https:\/\/www.facebook.com\/people\/Notimemes-de-los-Polticos\/61565672886568\/","https:\/\/x.com\/LosPoliticosVer"]},{"@type":"Person","@id":"https:\/\/lospoliticosveracruz.com\/#\/schema\/person\/b8702bb0e538456e6efd07080bf2a4a2","name":"Lo viste en Los Pol\u00edticos","image":{"@type":"ImageObject","inLanguage":"es","@id":"https:\/\/secure.gravatar.com\/avatar\/3a8de04a2656d44082be478bd6c086daa447c4651605818287b9532d3d0bd435?s=96&d=mm&r=g","url":"https:\/\/secure.gravatar.com\/avatar\/3a8de04a2656d44082be478bd6c086daa447c4651605818287b9532d3d0bd435?s=96&d=mm&r=g","contentUrl":"https:\/\/secure.gravatar.com\/avatar\/3a8de04a2656d44082be478bd6c086daa447c4651605818287b9532d3d0bd435?s=96&d=mm&r=g","caption":"Lo viste en Los Pol\u00edticos"},"url":"https:\/\/lospoliticosveracruz.com\/?author=2"}]}},"_links":{"self":[{"href":"https:\/\/lospoliticosveracruz.com\/index.php?rest_route=\/wp\/v2\/posts\/156412","targetHints":{"allow":["GET"]}}],"collection":[{"href":"https:\/\/lospoliticosveracruz.com\/index.php?rest_route=\/wp\/v2\/posts"}],"about":[{"href":"https:\/\/lospoliticosveracruz.com\/index.php?rest_route=\/wp\/v2\/types\/post"}],"author":[{"embeddable":true,"href":"https:\/\/lospoliticosveracruz.com\/index.php?rest_route=\/wp\/v2\/users\/2"}],"replies":[{"embeddable":true,"href":"https:\/\/lospoliticosveracruz.com\/index.php?rest_route=%2Fwp%2Fv2%2Fcomments&post=156412"}],"version-history":[{"count":1,"href":"https:\/\/lospoliticosveracruz.com\/index.php?rest_route=\/wp\/v2\/posts\/156412\/revisions"}],"predecessor-version":[{"id":156414,"href":"https:\/\/lospoliticosveracruz.com\/index.php?rest_route=\/wp\/v2\/posts\/156412\/revisions\/156414"}],"wp:featuredmedia":[{"embeddable":true,"href":"https:\/\/lospoliticosveracruz.com\/index.php?rest_route=\/wp\/v2\/media\/156413"}],"wp:attachment":[{"href":"https:\/\/lospoliticosveracruz.com\/index.php?rest_route=%2Fwp%2Fv2%2Fmedia&parent=156412"}],"wp:term":[{"taxonomy":"category","embeddable":true,"href":"https:\/\/lospoliticosveracruz.com\/index.php?rest_route=%2Fwp%2Fv2%2Fcategories&post=156412"},{"taxonomy":"post_tag","embeddable":true,"href":"https:\/\/lospoliticosveracruz.com\/index.php?rest_route=%2Fwp%2Fv2%2Ftags&post=156412"}],"curies":[{"name":"wp","href":"https:\/\/api.w.org\/{rel}","templated":true}]}}