{"id":156469,"date":"2025-11-14T06:44:35","date_gmt":"2025-11-14T12:44:35","guid":{"rendered":"https:\/\/lospoliticosveracruz.com.mx\/?p=156469"},"modified":"2025-11-14T06:54:24","modified_gmt":"2025-11-14T12:54:24","slug":"impedido-para-ser-alcalde","status":"publish","type":"post","link":"https:\/\/lospoliticosveracruz.com\/?p=156469","title":{"rendered":"IMPEDIDO PARA SER ALCALDE!"},"content":{"rendered":"\n<p><strong>Fanny Y\u00e9pez<\/strong><br><em>La Columna<\/em><\/p>\n\n\n\n<p>Coatepec es un importante productor de orqu\u00eddeas naturales gracias a su clima templado h\u00famedo, ideal para su cultivo y proliferaci\u00f3n, lo que le ha valido el t\u00edtulo de \u00abcapital de las orqu\u00eddeas de M\u00e9xico\u00bb. En la localidad se pueden encontrar diversos cultivadores y viveros, as\u00ed como el Museo de la Orqu\u00eddea, que alberga una colecci\u00f3n de m\u00e1s de cinco mil ejemplares y promueve su conservaci\u00f3n.<\/p>\n\n\n\n\n\n<p>El misticismo que envuelve a la orqu\u00eddea natural proviene de una rica historia de simbolismo cultural, mitolog\u00eda y creencias espirituales que la asocian con la fertilidad, el amor, la perfecci\u00f3n, el misterio y la transformaci\u00f3n.<\/p>\n\n\n\n<p>Antigua China: Con una historia de m\u00e1s de 4000 a\u00f1os, las orqu\u00eddeas eran s\u00edmbolo de amor, bondad, virtud, amistad, belleza y sabidur\u00eda. Confucio compar\u00f3 la amistad con el perfume de una orqu\u00eddea, sutil y duradero. Tambi\u00e9n representaban al \u00abJunzi\u00bb, hombre de virtud, que mantiene sus valores sin importar las circunstancias.<\/p>\n\n\n\n<p>En M\u00e9xico hay entre 1.200 y 1.400 especies de orqu\u00eddeas, de las cuales, alrededor de 300 a 444 son end\u00e9micas, es decir, que solo se encuentran en el pa\u00eds. Las orqu\u00eddeas son la tercera familia de plantas m\u00e1s grande en M\u00e9xico, superada solo por las aster\u00e1ceas y las leguminosas.<\/p>\n\n\n\n<p>Las orqu\u00eddeas son consideradas hermosas por su gran variedad de formas, colores y tama\u00f1os, as\u00ed como por su elegancia y sofisticaci\u00f3n. Adem\u00e1s de su apariencia, algunas especies ofrecen un aroma agradable, lo que las convierte en un atractivo sensorial adicional. Su complejidad, delicadeza y simbolismo \u2014representando amor, elegancia y misterio\u2014 han fascinado a diversas culturas a lo largo de la historia.<\/p>\n\n\n\n<p>En resumen, la orqu\u00eddea es mucho m\u00e1s que una flor; es un s\u00edmbolo cargado de historia y misticismo que trasciende culturas, representando una intersecci\u00f3n entre la belleza f\u00edsica y un profundo significado espiritual y emociona.<\/p>\n\n\n\n<p>El pasado 11 de noviembre por unanimidad, el Senado de la Rep\u00fablica aprob\u00f3 un proyecto de decreto para declarar el 21 de marzo de cada a\u00f1o, como el \u201cD\u00eda Nacional de la Orqu\u00eddea\u201d, con el objetivo de incentivar la difusi\u00f3n del conocimiento de las diversas especies que hay en M\u00e9xico, como productos forestales no maderables de importancia comercial, as\u00ed como para fomentar la conservaci\u00f3n y el manejo sustentable de la planta.<\/p>\n\n\n\n<p>El dictamen, que fue aprobado con 91 votos a favor, busca promover el estudio y las investigaciones biol\u00f3gicas y ecol\u00f3gicas que pudieran impactar en el manejo y propagaci\u00f3n sustentable de las orqu\u00eddeas, sobre todo, al considerar que al menos 188 especies de ellas est\u00e1n en la categor\u00eda de riesgo, de acuerdo con la NOM-059-SEMARNAT-2010.<\/p>\n\n\n\n<p>Jos\u00e9 Antonio Sangabriel Fern\u00e1ndez, alcalde suplente de Banderilla, est\u00e1 impedido porque es deudor alimentario.<br>Con el lamentable fallecimiento del presidente municipal electo de Banderilla, Arnulfo Rodr\u00edguez Gonz\u00e1lez, que ocurri\u00f3 el pasado 18 de julio tras sufrir un infarto fulminante, mientras conduc\u00eda su autom\u00f3vil en la carretera federal 140, a la altura de la central de autobuses CAXA, en Xalapa, capital del estado. El deceso fue confirmado por su familia, se desato una lucha de fuerzas entre las huestes panistas, todo por la alcald\u00eda que se renovar\u00e1 el uno de enero del pr\u00f3ximo a\u00f1o<\/p>\n\n\n\n<p>El Comit\u00e9 Directivo Estatal del PAN ya solicit\u00f3 al Congreso local que se conceda dispensa de ley en favor de Jos\u00e9 Antonio Sangabriel Fern\u00e1ndez, para que sea reconocido como presidente municipal propietario para el Ayuntamiento de Banderilla para el periodo 2026-2029.<\/p>\n\n\n\n<p>En sesi\u00f3n p\u00fablica, se dio entrada a la solicitud con la que se busca que se reconozca como alcalde electo a Sangabriel Fern\u00e1ndez, quien fue registrado ante el OPLE como suplente de la presidencia municipal.<\/p>\n\n\n\n<p>Sin embargo, otro grupo de panistas se opone a que Jos\u00e9 Antonio Sangabriel Fern\u00e1ndez, asuma la alcald\u00eda argumentando y alegando que, el alcalde suplente est\u00e1 impedido porque es deudor alimentario.<\/p>\n\n\n\n<p>Arnulfo Rodr\u00edguez Gonz\u00e1lez, quien falleci\u00f3 el pasado mes de julio y alcalde electo por el PAN del municipio de Banderilla, deja como suplente a Jos\u00e9 Antonio Sangabriel, quien, dando cumplimiento a lo establecido en la Constituci\u00f3n Pol\u00edtica de los Estados Unidos Mexicanos, no puede asumir el cargo de Presidente Municipal de ese municipio porque es deudor alimentario moroso.<\/p>\n\n\n\n<p>Seg\u00fan consta en la Carpeta de investigaci\u00f3n XAL\/DXI\/FEMU\/F3\/257\/2025 VS Jos\u00e9 Antonio Sangabriel Fern\u00e1ndez. Incumplimiento de la obligaci\u00f3n de dar alimentos y violencia de g\u00e9nero.<\/p>\n\n\n\n<p>Otro grupo de militantes de Acci\u00f3n Nacional propone que sea el s\u00edndico el que asuma la titularidad de la comuna de Banderilla, pero los contrarios se oponen e insisten en que la alcald\u00eda la ocupe el alcalde suplente.<\/p>\n\n\n\n<p>Esta situaci\u00f3n penal complic\u00f3 la fase de entrega recepci\u00f3n y ahora el Organismo P\u00fablico Local Electoral (OPLE), est\u00e1 obligado a analizar esta delicada situaci\u00f3n y dictaminar al respecto, aunque tambi\u00e9n este caso se puede trasladar al Tribunal Local Electoral y en su caso acudir hasta el TRIFE.<\/p>\n\n\n\n<p>Ante esta complicada situaci\u00f3n no se descarta que la legislatura estatal designe un Consejo Municipal, en tanto se organizan y realizan elecciones extraordinarias.<\/p>\n\n\n\n<p>Los panistas se siguen peleando por la alcald\u00eda, la divisi\u00f3n crece y con ello se debilita este partido. Todos los habitantes de Banderilla est\u00e1n a la expectativa de que las autoridades electorales resuelvan lo m\u00e1s pronto posible esta situaci\u00f3n.<\/p>\n\n\n\n<p>Otra molestia que existe es que, al sentirse alcalde suplente, San Gabriel Fern\u00e1ndez, trajo a su propio equipo de trabajo para que lo acompa\u00f1e y desplaz\u00f3 a los que anduvieron en campa\u00f1a y eran del equipo del alcalde fallecido, lo que hizo en autom\u00e1tico dos grupos con una gran rivalidad.<\/p>\n\n\n\n<p>La estira y afloja persiste, los \u00e1nimos de los dos grupos se exasperan y se corre el riesgo de enfrentamientos y la autoridad electoral sigue sin resolver.<\/p>\n","protected":false},"excerpt":{"rendered":"<p>Fanny Y\u00e9pezLa Columna Coatepec es un importante productor de orqu\u00eddeas naturales gracias a su clima templado h\u00famedo, ideal para su cultivo y proliferaci\u00f3n, lo que le ha valido el t\u00edtulo de \u00abcapital de las orqu\u00eddeas de M\u00e9xico\u00bb. En la localidad se pueden encontrar diversos cultivadores y viveros, as\u00ed como el Museo de la Orqu\u00eddea, que [&hellip;]<\/p>\n","protected":false},"author":2,"featured_media":141383,"comment_status":"closed","ping_status":"closed","sticky":false,"template":"","format":"standard","meta":{"tdm_status":"","tdm_grid_status":"","footnotes":""},"categories":[70],"tags":[2813,47230,47229],"class_list":{"0":"post-156469","1":"post","2":"type-post","3":"status-publish","4":"format-standard","5":"has-post-thumbnail","7":"category-de-opinion","8":"tag-banderilla","9":"tag-jose-antonio-sangabriel-fernandez","10":"tag-orquidea"},"yoast_head":"<!-- This site is optimized with the Yoast SEO plugin v27.4 - https:\/\/yoast.com\/product\/yoast-seo-wordpress\/ -->\n<title>IMPEDIDO PARA SER ALCALDE! - Los pol\u00edticos Veracruz<\/title>\n<meta name=\"robots\" content=\"index, follow, max-snippet:-1, max-image-preview:large, max-video-preview:-1\" \/>\n<link rel=\"canonical\" href=\"https:\/\/lospoliticosveracruz.com\/?p=156469\" \/>\n<meta property=\"og:locale\" content=\"es_ES\" \/>\n<meta property=\"og:type\" content=\"article\" \/>\n<meta property=\"og:title\" content=\"IMPEDIDO PARA SER ALCALDE! - Los pol\u00edticos Veracruz\" \/>\n<meta property=\"og:description\" content=\"Fanny Y\u00e9pezLa Columna Coatepec es un importante productor de orqu\u00eddeas naturales gracias a su clima templado h\u00famedo, ideal para su cultivo y proliferaci\u00f3n, lo que le ha valido el t\u00edtulo de \u00abcapital de las orqu\u00eddeas de M\u00e9xico\u00bb. En la localidad se pueden encontrar diversos cultivadores y viveros, as\u00ed como el Museo de la Orqu\u00eddea, que [&hellip;]\" \/>\n<meta property=\"og:url\" content=\"https:\/\/lospoliticosveracruz.com\/?p=156469\" \/>\n<meta property=\"og:site_name\" content=\"Los pol\u00edticos Veracruz\" \/>\n<meta property=\"article:publisher\" content=\"https:\/\/www.facebook.com\/people\/Notimemes-de-los-Polticos\/61565672886568\/\" \/>\n<meta property=\"article:published_time\" content=\"2025-11-14T12:44:35+00:00\" \/>\n<meta property=\"article:modified_time\" content=\"2025-11-14T12:54:24+00:00\" \/>\n<meta property=\"og:image\" content=\"https:\/\/lospoliticosveracruz.com\/wp-content\/uploads\/2025\/04\/Fanny-Yepez-Luna.jpg\" \/>\n\t<meta property=\"og:image:width\" content=\"1250\" \/>\n\t<meta property=\"og:image:height\" content=\"667\" \/>\n\t<meta property=\"og:image:type\" content=\"image\/jpeg\" \/>\n<meta name=\"author\" content=\"Lo viste en Los Pol\u00edticos\" \/>\n<meta name=\"twitter:card\" content=\"summary_large_image\" \/>\n<meta name=\"twitter:creator\" content=\"@LosPoliticosVer\" \/>\n<meta name=\"twitter:site\" content=\"@LosPoliticosVer\" \/>\n<meta name=\"twitter:label1\" content=\"Escrito por\" \/>\n\t<meta name=\"twitter:data1\" content=\"Lo viste en Los Pol\u00edticos\" \/>\n\t<meta name=\"twitter:label2\" content=\"Tiempo de lectura\" \/>\n\t<meta name=\"twitter:data2\" content=\"5 minutos\" \/>\n<script type=\"application\/ld+json\" class=\"yoast-schema-graph\">{\"@context\":\"https:\\\/\\\/schema.org\",\"@graph\":[{\"@type\":\"Article\",\"@id\":\"https:\\\/\\\/lospoliticosveracruz.com\\\/?p=156469#article\",\"isPartOf\":{\"@id\":\"https:\\\/\\\/lospoliticosveracruz.com\\\/?p=156469\"},\"author\":{\"name\":\"Lo viste en Los Pol\u00edticos\",\"@id\":\"https:\\\/\\\/lospoliticosveracruz.com\\\/#\\\/schema\\\/person\\\/b8702bb0e538456e6efd07080bf2a4a2\"},\"headline\":\"IMPEDIDO PARA SER ALCALDE!\",\"datePublished\":\"2025-11-14T12:44:35+00:00\",\"dateModified\":\"2025-11-14T12:54:24+00:00\",\"mainEntityOfPage\":{\"@id\":\"https:\\\/\\\/lospoliticosveracruz.com\\\/?p=156469\"},\"wordCount\":1019,\"publisher\":{\"@id\":\"https:\\\/\\\/lospoliticosveracruz.com\\\/#organization\"},\"image\":{\"@id\":\"https:\\\/\\\/lospoliticosveracruz.com\\\/?p=156469#primaryimage\"},\"thumbnailUrl\":\"https:\\\/\\\/lospoliticosveracruz.com\\\/wp-content\\\/uploads\\\/2025\\\/04\\\/Fanny-Yepez-Luna-e1768657334923.jpg\",\"keywords\":[\"Banderilla\",\"Jos\u00e9 Antonio Sangabriel Fern\u00e1ndez\",\"Orqu\u00eddea\"],\"articleSection\":[\"De Opini\u00f3n\"],\"inLanguage\":\"es\"},{\"@type\":\"WebPage\",\"@id\":\"https:\\\/\\\/lospoliticosveracruz.com\\\/?p=156469\",\"url\":\"https:\\\/\\\/lospoliticosveracruz.com\\\/?p=156469\",\"name\":\"IMPEDIDO PARA SER ALCALDE! - Los pol\u00edticos Veracruz\",\"isPartOf\":{\"@id\":\"https:\\\/\\\/lospoliticosveracruz.com\\\/#website\"},\"primaryImageOfPage\":{\"@id\":\"https:\\\/\\\/lospoliticosveracruz.com\\\/?p=156469#primaryimage\"},\"image\":{\"@id\":\"https:\\\/\\\/lospoliticosveracruz.com\\\/?p=156469#primaryimage\"},\"thumbnailUrl\":\"https:\\\/\\\/lospoliticosveracruz.com\\\/wp-content\\\/uploads\\\/2025\\\/04\\\/Fanny-Yepez-Luna-e1768657334923.jpg\",\"datePublished\":\"2025-11-14T12:44:35+00:00\",\"dateModified\":\"2025-11-14T12:54:24+00:00\",\"breadcrumb\":{\"@id\":\"https:\\\/\\\/lospoliticosveracruz.com\\\/?p=156469#breadcrumb\"},\"inLanguage\":\"es\",\"potentialAction\":[{\"@type\":\"ReadAction\",\"target\":[\"https:\\\/\\\/lospoliticosveracruz.com\\\/?p=156469\"]}]},{\"@type\":\"ImageObject\",\"inLanguage\":\"es\",\"@id\":\"https:\\\/\\\/lospoliticosveracruz.com\\\/?p=156469#primaryimage\",\"url\":\"https:\\\/\\\/lospoliticosveracruz.com\\\/wp-content\\\/uploads\\\/2025\\\/04\\\/Fanny-Yepez-Luna-e1768657334923.jpg\",\"contentUrl\":\"https:\\\/\\\/lospoliticosveracruz.com\\\/wp-content\\\/uploads\\\/2025\\\/04\\\/Fanny-Yepez-Luna-e1768657334923.jpg\",\"width\":600,\"height\":320},{\"@type\":\"BreadcrumbList\",\"@id\":\"https:\\\/\\\/lospoliticosveracruz.com\\\/?p=156469#breadcrumb\",\"itemListElement\":[{\"@type\":\"ListItem\",\"position\":1,\"name\":\"Portada\",\"item\":\"https:\\\/\\\/lospoliticosveracruz.com\\\/\"},{\"@type\":\"ListItem\",\"position\":2,\"name\":\"IMPEDIDO PARA SER ALCALDE!\"}]},{\"@type\":\"WebSite\",\"@id\":\"https:\\\/\\\/lospoliticosveracruz.com\\\/#website\",\"url\":\"https:\\\/\\\/lospoliticosveracruz.com\\\/\",\"name\":\"Los pol\u00edticos Veracruz\",\"description\":\"\",\"publisher\":{\"@id\":\"https:\\\/\\\/lospoliticosveracruz.com\\\/#organization\"},\"potentialAction\":[{\"@type\":\"SearchAction\",\"target\":{\"@type\":\"EntryPoint\",\"urlTemplate\":\"https:\\\/\\\/lospoliticosveracruz.com\\\/?s={search_term_string}\"},\"query-input\":{\"@type\":\"PropertyValueSpecification\",\"valueRequired\":true,\"valueName\":\"search_term_string\"}}],\"inLanguage\":\"es\"},{\"@type\":\"Organization\",\"@id\":\"https:\\\/\\\/lospoliticosveracruz.com\\\/#organization\",\"name\":\"Los pol\u00edticos Veracruz\",\"url\":\"https:\\\/\\\/lospoliticosveracruz.com\\\/\",\"logo\":{\"@type\":\"ImageObject\",\"inLanguage\":\"es\",\"@id\":\"https:\\\/\\\/lospoliticosveracruz.com\\\/#\\\/schema\\\/logo\\\/image\\\/\",\"url\":\"https:\\\/\\\/lospoliticosveracruz.com\\\/wp-content\\\/uploads\\\/2025\\\/12\\\/Logo-Nuevo-LOS-POLITICOS-1.jpg\",\"contentUrl\":\"https:\\\/\\\/lospoliticosveracruz.com\\\/wp-content\\\/uploads\\\/2025\\\/12\\\/Logo-Nuevo-LOS-POLITICOS-1.jpg\",\"width\":260,\"height\":70,\"caption\":\"Los pol\u00edticos Veracruz\"},\"image\":{\"@id\":\"https:\\\/\\\/lospoliticosveracruz.com\\\/#\\\/schema\\\/logo\\\/image\\\/\"},\"sameAs\":[\"https:\\\/\\\/www.facebook.com\\\/people\\\/Notimemes-de-los-Polticos\\\/61565672886568\\\/\",\"https:\\\/\\\/x.com\\\/LosPoliticosVer\"]},{\"@type\":\"Person\",\"@id\":\"https:\\\/\\\/lospoliticosveracruz.com\\\/#\\\/schema\\\/person\\\/b8702bb0e538456e6efd07080bf2a4a2\",\"name\":\"Lo viste en Los Pol\u00edticos\",\"image\":{\"@type\":\"ImageObject\",\"inLanguage\":\"es\",\"@id\":\"https:\\\/\\\/secure.gravatar.com\\\/avatar\\\/3a8de04a2656d44082be478bd6c086daa447c4651605818287b9532d3d0bd435?s=96&d=mm&r=g\",\"url\":\"https:\\\/\\\/secure.gravatar.com\\\/avatar\\\/3a8de04a2656d44082be478bd6c086daa447c4651605818287b9532d3d0bd435?s=96&d=mm&r=g\",\"contentUrl\":\"https:\\\/\\\/secure.gravatar.com\\\/avatar\\\/3a8de04a2656d44082be478bd6c086daa447c4651605818287b9532d3d0bd435?s=96&d=mm&r=g\",\"caption\":\"Lo viste en Los Pol\u00edticos\"},\"url\":\"https:\\\/\\\/lospoliticosveracruz.com\\\/?author=2\"}]}<\/script>\n<!-- \/ Yoast SEO plugin. -->","yoast_head_json":{"title":"IMPEDIDO PARA SER ALCALDE! - Los pol\u00edticos Veracruz","robots":{"index":"index","follow":"follow","max-snippet":"max-snippet:-1","max-image-preview":"max-image-preview:large","max-video-preview":"max-video-preview:-1"},"canonical":"https:\/\/lospoliticosveracruz.com\/?p=156469","og_locale":"es_ES","og_type":"article","og_title":"IMPEDIDO PARA SER ALCALDE! - Los pol\u00edticos Veracruz","og_description":"Fanny Y\u00e9pezLa Columna Coatepec es un importante productor de orqu\u00eddeas naturales gracias a su clima templado h\u00famedo, ideal para su cultivo y proliferaci\u00f3n, lo que le ha valido el t\u00edtulo de \u00abcapital de las orqu\u00eddeas de M\u00e9xico\u00bb. En la localidad se pueden encontrar diversos cultivadores y viveros, as\u00ed como el Museo de la Orqu\u00eddea, que [&hellip;]","og_url":"https:\/\/lospoliticosveracruz.com\/?p=156469","og_site_name":"Los pol\u00edticos Veracruz","article_publisher":"https:\/\/www.facebook.com\/people\/Notimemes-de-los-Polticos\/61565672886568\/","article_published_time":"2025-11-14T12:44:35+00:00","article_modified_time":"2025-11-14T12:54:24+00:00","og_image":[{"width":1250,"height":667,"url":"https:\/\/lospoliticosveracruz.com\/wp-content\/uploads\/2025\/04\/Fanny-Yepez-Luna.jpg","type":"image\/jpeg"}],"author":"Lo viste en Los Pol\u00edticos","twitter_card":"summary_large_image","twitter_creator":"@LosPoliticosVer","twitter_site":"@LosPoliticosVer","twitter_misc":{"Escrito por":"Lo viste en Los Pol\u00edticos","Tiempo de lectura":"5 minutos"},"schema":{"@context":"https:\/\/schema.org","@graph":[{"@type":"Article","@id":"https:\/\/lospoliticosveracruz.com\/?p=156469#article","isPartOf":{"@id":"https:\/\/lospoliticosveracruz.com\/?p=156469"},"author":{"name":"Lo viste en Los Pol\u00edticos","@id":"https:\/\/lospoliticosveracruz.com\/#\/schema\/person\/b8702bb0e538456e6efd07080bf2a4a2"},"headline":"IMPEDIDO PARA SER ALCALDE!","datePublished":"2025-11-14T12:44:35+00:00","dateModified":"2025-11-14T12:54:24+00:00","mainEntityOfPage":{"@id":"https:\/\/lospoliticosveracruz.com\/?p=156469"},"wordCount":1019,"publisher":{"@id":"https:\/\/lospoliticosveracruz.com\/#organization"},"image":{"@id":"https:\/\/lospoliticosveracruz.com\/?p=156469#primaryimage"},"thumbnailUrl":"https:\/\/lospoliticosveracruz.com\/wp-content\/uploads\/2025\/04\/Fanny-Yepez-Luna-e1768657334923.jpg","keywords":["Banderilla","Jos\u00e9 Antonio Sangabriel Fern\u00e1ndez","Orqu\u00eddea"],"articleSection":["De Opini\u00f3n"],"inLanguage":"es"},{"@type":"WebPage","@id":"https:\/\/lospoliticosveracruz.com\/?p=156469","url":"https:\/\/lospoliticosveracruz.com\/?p=156469","name":"IMPEDIDO PARA SER ALCALDE! - Los pol\u00edticos Veracruz","isPartOf":{"@id":"https:\/\/lospoliticosveracruz.com\/#website"},"primaryImageOfPage":{"@id":"https:\/\/lospoliticosveracruz.com\/?p=156469#primaryimage"},"image":{"@id":"https:\/\/lospoliticosveracruz.com\/?p=156469#primaryimage"},"thumbnailUrl":"https:\/\/lospoliticosveracruz.com\/wp-content\/uploads\/2025\/04\/Fanny-Yepez-Luna-e1768657334923.jpg","datePublished":"2025-11-14T12:44:35+00:00","dateModified":"2025-11-14T12:54:24+00:00","breadcrumb":{"@id":"https:\/\/lospoliticosveracruz.com\/?p=156469#breadcrumb"},"inLanguage":"es","potentialAction":[{"@type":"ReadAction","target":["https:\/\/lospoliticosveracruz.com\/?p=156469"]}]},{"@type":"ImageObject","inLanguage":"es","@id":"https:\/\/lospoliticosveracruz.com\/?p=156469#primaryimage","url":"https:\/\/lospoliticosveracruz.com\/wp-content\/uploads\/2025\/04\/Fanny-Yepez-Luna-e1768657334923.jpg","contentUrl":"https:\/\/lospoliticosveracruz.com\/wp-content\/uploads\/2025\/04\/Fanny-Yepez-Luna-e1768657334923.jpg","width":600,"height":320},{"@type":"BreadcrumbList","@id":"https:\/\/lospoliticosveracruz.com\/?p=156469#breadcrumb","itemListElement":[{"@type":"ListItem","position":1,"name":"Portada","item":"https:\/\/lospoliticosveracruz.com\/"},{"@type":"ListItem","position":2,"name":"IMPEDIDO PARA SER ALCALDE!"}]},{"@type":"WebSite","@id":"https:\/\/lospoliticosveracruz.com\/#website","url":"https:\/\/lospoliticosveracruz.com\/","name":"Los pol\u00edticos Veracruz","description":"","publisher":{"@id":"https:\/\/lospoliticosveracruz.com\/#organization"},"potentialAction":[{"@type":"SearchAction","target":{"@type":"EntryPoint","urlTemplate":"https:\/\/lospoliticosveracruz.com\/?s={search_term_string}"},"query-input":{"@type":"PropertyValueSpecification","valueRequired":true,"valueName":"search_term_string"}}],"inLanguage":"es"},{"@type":"Organization","@id":"https:\/\/lospoliticosveracruz.com\/#organization","name":"Los pol\u00edticos Veracruz","url":"https:\/\/lospoliticosveracruz.com\/","logo":{"@type":"ImageObject","inLanguage":"es","@id":"https:\/\/lospoliticosveracruz.com\/#\/schema\/logo\/image\/","url":"https:\/\/lospoliticosveracruz.com\/wp-content\/uploads\/2025\/12\/Logo-Nuevo-LOS-POLITICOS-1.jpg","contentUrl":"https:\/\/lospoliticosveracruz.com\/wp-content\/uploads\/2025\/12\/Logo-Nuevo-LOS-POLITICOS-1.jpg","width":260,"height":70,"caption":"Los pol\u00edticos Veracruz"},"image":{"@id":"https:\/\/lospoliticosveracruz.com\/#\/schema\/logo\/image\/"},"sameAs":["https:\/\/www.facebook.com\/people\/Notimemes-de-los-Polticos\/61565672886568\/","https:\/\/x.com\/LosPoliticosVer"]},{"@type":"Person","@id":"https:\/\/lospoliticosveracruz.com\/#\/schema\/person\/b8702bb0e538456e6efd07080bf2a4a2","name":"Lo viste en Los Pol\u00edticos","image":{"@type":"ImageObject","inLanguage":"es","@id":"https:\/\/secure.gravatar.com\/avatar\/3a8de04a2656d44082be478bd6c086daa447c4651605818287b9532d3d0bd435?s=96&d=mm&r=g","url":"https:\/\/secure.gravatar.com\/avatar\/3a8de04a2656d44082be478bd6c086daa447c4651605818287b9532d3d0bd435?s=96&d=mm&r=g","contentUrl":"https:\/\/secure.gravatar.com\/avatar\/3a8de04a2656d44082be478bd6c086daa447c4651605818287b9532d3d0bd435?s=96&d=mm&r=g","caption":"Lo viste en Los Pol\u00edticos"},"url":"https:\/\/lospoliticosveracruz.com\/?author=2"}]}},"_links":{"self":[{"href":"https:\/\/lospoliticosveracruz.com\/index.php?rest_route=\/wp\/v2\/posts\/156469","targetHints":{"allow":["GET"]}}],"collection":[{"href":"https:\/\/lospoliticosveracruz.com\/index.php?rest_route=\/wp\/v2\/posts"}],"about":[{"href":"https:\/\/lospoliticosveracruz.com\/index.php?rest_route=\/wp\/v2\/types\/post"}],"author":[{"embeddable":true,"href":"https:\/\/lospoliticosveracruz.com\/index.php?rest_route=\/wp\/v2\/users\/2"}],"replies":[{"embeddable":true,"href":"https:\/\/lospoliticosveracruz.com\/index.php?rest_route=%2Fwp%2Fv2%2Fcomments&post=156469"}],"version-history":[{"count":1,"href":"https:\/\/lospoliticosveracruz.com\/index.php?rest_route=\/wp\/v2\/posts\/156469\/revisions"}],"predecessor-version":[{"id":156470,"href":"https:\/\/lospoliticosveracruz.com\/index.php?rest_route=\/wp\/v2\/posts\/156469\/revisions\/156470"}],"wp:featuredmedia":[{"embeddable":true,"href":"https:\/\/lospoliticosveracruz.com\/index.php?rest_route=\/wp\/v2\/media\/141383"}],"wp:attachment":[{"href":"https:\/\/lospoliticosveracruz.com\/index.php?rest_route=%2Fwp%2Fv2%2Fmedia&parent=156469"}],"wp:term":[{"taxonomy":"category","embeddable":true,"href":"https:\/\/lospoliticosveracruz.com\/index.php?rest_route=%2Fwp%2Fv2%2Fcategories&post=156469"},{"taxonomy":"post_tag","embeddable":true,"href":"https:\/\/lospoliticosveracruz.com\/index.php?rest_route=%2Fwp%2Fv2%2Ftags&post=156469"}],"curies":[{"name":"wp","href":"https:\/\/api.w.org\/{rel}","templated":true}]}}