{"id":156491,"date":"2025-11-14T10:06:55","date_gmt":"2025-11-14T16:06:55","guid":{"rendered":"https:\/\/lospoliticosveracruz.com.mx\/?p=156491"},"modified":"2025-11-14T10:07:11","modified_gmt":"2025-11-14T16:07:11","slug":"no-cumplieron","status":"publish","type":"post","link":"https:\/\/lospoliticosveracruz.com\/?p=156491","title":{"rendered":"NO CUMPLIERON\u2026"},"content":{"rendered":"\n<p>S\u00edguenos ahora tambi\u00e9n en WhatsApp.\u00a0\u00a1<a href=\"https:\/\/whatsapp.com\/channel\/0029Va8zRWlEKyZIP3Z1dF0e\"><strong>Da clic aqu\u00ed<\/strong><\/a><strong>!<\/strong><\/p>\n\n\n\n<p><strong>Oved Contreras<\/strong><br><em>Secas mecas<\/em><\/p>\n\n\n\n<p>La presidenta <strong>Claudia Sheinbaum<\/strong> y la gobernadora <strong>Roc\u00edo Nahle<\/strong> prometieron que el apoyo oficial no se retirar\u00eda de los municipios siniestrados por las lluvias en <strong>Veracruz<\/strong> hasta que todo quedar\u00e1 arreglado. No cumplieron. Despu\u00e9s prometieron que todos los afectados entrar\u00edan al <strong>censo<\/strong> para recibir un apoyo. Tampoco cumplieron. Aseguran que <strong>Poza Rica<\/strong> est\u00e1 pr\u00e1cticamente limpia pero hay colonias donde nunca llegaron las brigadas de limpieza como si fuera un castigo por haber votado en contra de <strong>Morena<\/strong> en las elecciones municipales. Hoy decenas de comunidades afectadas por la inundaci\u00f3n denuncian que nunca lleg\u00f3 el personal de <strong>Bienestar<\/strong> a censar pero ahora que los apoyos federales se distribuyen para condicionar el voto con miras al <strong>2027<\/strong>.<\/p>\n\n\n\n\n\n<p><strong>CENSO PA LA BANDA&#8230;<\/strong> chismeeee calienteeee\u2026nos cuentan nuestros corresponsales que dejamos destacamentados y pertrechados en la zona norte&#8230;que no todos los damnificados est\u00e1n entrando en el <strong>Censo del Bientransar<\/strong>\u2026 pa que les den dineruco en efectivo&#8230;enseres dom\u00e9sticos y entren en las listas pa los pies de casa que van a contruir\u2026.a muchos los rasuraron\u2026.de eso sobran testimonios de los propios afectados\u2026.<\/p>\n\n\n\n<p>Pero el chisme es que la selecci\u00f3n de los anotados va por dos bandas&#8230;una pa excluir a los que las secciones onde gan\u00f3 <strong>Movimiento Ciudadano<\/strong> en Poza Rica&#8230;por ejemplo&#8230;que ese fue su pecado&#8230;que Diosito los est\u00e1 castigando &#8230;(debe ser el dios macuspano&#8230;juarrrr)&#8230;pues les mand\u00f3 la inundaci\u00f3n por haber votado al <strong>Milio Olvera<\/strong>\u2026.y ahora los volver\u00e1n a castigar al excluirlos de los padrones de ayuda\u2026.<\/p>\n\n\n\n<p>Por el otro lado&#8230;porque en lugar de los damnificados est\u00e1n metiendo a <strong>familiares, compadres, parejas, conocidos, ahijados y achichincles<\/strong> de los operadores morenistas en la zona norte&#8230;quesque es un incentivo extra&#8230;pa que se pongan a chambear desde ahora pal 2027\u2026.as\u00ed disimuladamente le sacan jugo pol\u00edtico al desastre en el norte veracruzanoo\u2026..a poco son tan cochinos y trompudos????\u2026<\/p>\n\n\n\n<p>**JULAY DECLARA Y ACLARA\u2026.**desde alg\u00fan lugar de las ind\u00f3mitas redes sociales&#8230;<strong>Julay<\/strong> aclara que no se ha olvidado de <strong>Veracruz<\/strong>&#8230;como lo han consignado algunos desocupados&#8230;casi casi que le corrige la plana a quien esto escribe&#8230;juarrrr ya me leo como los colegas de la vieja guardia con esa frase dominguera&#8230;ups y reups&#8230;pos el Yulay dice que sigue con la ayuda y esta semana acaba de llevar maquinaria pesada a <strong>\u00c1lamo<\/strong> para que apoye a los damnificados que todav\u00eda viven en medio del lodo\u2026<\/p>\n\n\n\n<p>En su cuenta del <strong>Feis<\/strong>&#8230;poste\u00f3 los videos de las m\u00e1quinas trabajando\u2026 \u201ctodav\u00eda hay un chingo de lodo que sacar\u201d&#8230;dijo y convoc\u00f3 a todos los creadores del contenido que no se olviden de Veracruz porque en el gobierno son puro p\u00e1jaro nalg\u00f3n&#8230;ya ven que la presidenta <strong>Sheinbaum<\/strong> dice que ya todo est\u00e1 arreglado y la <strong>T\u00eda Corajes<\/strong> jura que todo est\u00e1 limpio&#8230;libre de lodo&#8230;que ya no hagan alboroto con los da\u00f1os y que a otra cosa mariposa\u2026<\/p>\n\n\n\n<p>Pos nanais&#8230;el <strong>Yulay<\/strong> las desmiente a ambas dos y con pruebas en video&#8230;adem\u00e1s les llev\u00f3 una taquiza al pastor&#8230;de maciza y de sudadero a los compas de <strong>\u00c1lamo<\/strong>\u2026 con tortillitas hechas a manopla&#8230;.vean el videuco que desmiente a la <strong>T\u00eda Berriches<\/strong>\u2026 <a href=\"https:\/\/www.facebook.com\/reel\/782622918107384\"><strong><em>https:\/\/www.facebook.com\/reel\/782622918107384<\/em><\/strong><\/a><\/p>\n\n\n\n<p>En los comentarios se tunden a <strong>Do\u00f1a Zacatl\u00e1n de las Mentiras<\/strong>\u2026 \u201ctu est\u00e1s haciendo lo que le corresponde a <strong>Roc\u00edo Nahle<\/strong>\u2026.le sacas la chamba \u2026.mejor que ese aumento de sueldo que te lo de a t\u00ed\u201d\u2026.le ponen\u2026.de los 5 mil 100 comentarios que tiene el video\u2026.m\u00e1s de 4 mil son contra la <strong>T\u00eda Ch\u00edo<\/strong>\u2026.pasuuuuuuuu mechitaaaaa\u2026.ni los bots que meti\u00f3 la <strong>Mary Bocotas<\/strong> lograron igualar a los comentarios negativos\u2026.ora s\u00ed que la dejaron en el lodo que seg\u00fan ella ya no existe&#8230;<\/p>\n\n\n\n<p>**ORA S\u00cd APARECI\u00d3\u2026.**el <strong>Chaparr\u00f3n del Bienestar<\/strong> ora s\u00ed se logr\u00f3 colar a la fotuca oficial con la <strong>T\u00eda Ch\u00edo<\/strong>&#8230;quesque en un evento donde siguen repartiendo harta lana para las familias del norte de Veracruz\u2026.y lo hizo luego de mes y medio de no aparecer en ninguna imagen oficial con los meros machuchones del gobierno federal\u2026.<\/p>\n\n\n\n<p>Mes y medio estuvo alejado Don Car\u00f3n de su jefaza <strong>Ariadna Montiel<\/strong>&#8230;la secre del <strong>Bienestar<\/strong>&#8230;quien no le quiso conceder ni una selfie y lo rasur\u00f3 de cualquier evento a su lado&#8230;por eso no aparece en ninguna fotograf\u00eda oficial de la funcionaria ni mucho menos lo mencionan en sus comunicados de prensa.<\/p>\n\n\n\n<p>Ya apenas que se retach\u00f3 la Montiel a la capirucha&#8230;pos ya el <strong>Chaparr\u00f3n<\/strong> pudo salir en la foto&#8230;la <strong>T\u00eda Corajes<\/strong> se lo jal\u00f3 se retrat\u00f3 a su lado para la transmisi\u00f3n en vivo y en directo con la presidenta <strong>Claudia Sheinbaum<\/strong> y as\u00ed el delegado chaparr\u00f3n call\u00f3 muchas bocas que ya andaban hasta corriendo la voz que dejar\u00eda el puesto pero nanais\u2026hay chaparr\u00f3n para rato adem\u00e1s sus escribientes bomboneros y mieleros ya aclararon que \u00e9l y <strong>Do\u00f1a Zacatecas<\/strong> se llevan a todo mecate&#8230;que se intercambian tips de como reconstruir a la zona norte y c\u00f3mo ayudar a los damnificadoss\u2026<\/p>\n\n\n\n<p>Tambi\u00e9n de que eso de que lo rasuraban de eventos y fotos es pura tenebra de quienes no lo quieren y s\u00ed lo envidian\u2026juuaaarrrrrr\u2026..ora s\u00ed que el <strong>Chaparr\u00f3n<\/strong> agarr\u00f3 buen lugar para la transmisi\u00f3n de la <strong>T\u00eda Berrinches<\/strong> con la presidenta aunque a los lados est\u00e1n pura morralla de la aldea como la <strong>Lupe Osorno<\/strong> y sus tenis blancos de Hello Kitty\u2026as\u00ed que chistee!!!<\/p>\n\n\n\n<p>Menci\u00f3n aparte\u2026nos cuentan que all\u00e1 por el Norte ayer en la ma\u00f1ana todos estaban asombrados por la sonrisa de oreja a oreja que ten\u00eda la <strong>T\u00eda Berrinches<\/strong>, ya luego supieron que fue nada m\u00e1s porque estaba en transmisi\u00f3n en vivo con la <strong>Presidenta Sheinbaum<\/strong> y pues sonre\u00eda como nunca se le hab\u00eda visto por Veracruz\u2026se acab\u00f3 la transmisi\u00f3n y se acab\u00f3 el encanto\u2026ya luego sin los reflectores de la se\u00f1al en vivo volvi\u00f3 a su caracter\u00edstico semblante de pocos amigos y aaaaagrio!!! Como jarrito de Tlaquepaque.<\/p>\n\n\n\n<p>**LOS RASURAN\u2026**al parecer no solo est\u00e1n rasurando a los damnificados del norte con los apoyos\u2026solo les entregaron el apoyo de 20 mil pesos pero les tumbaron el vale de los enseres dom\u00e9sticos para quienes perdieron todo\u2026pues la claridosa periodista <strong>Lul\u00fa L\u00f3pez<\/strong> escribi\u00f3 que tambi\u00e9n les est\u00e1n rasurando el pago a <strong>maestros<\/strong> de la capital.<\/p>\n\n\n\n<p>\u201cOigan, de manera gandalla el <strong>gobierno federal<\/strong> est\u00e1 agarrando los cheques de los profes y como en tienda de raya, les quitan lo que pueden. Desde impuestos hasta supuestas faltas en sus centros de trabajo, que los profesores aseguran que est\u00e1n justificadas porque tienen los comprobantes, hay desde licencias m\u00e9dicas hasta solicitudes de reuniones de los sindicatos, pero ni as\u00ed, les cay\u00f3 la voladora de los descuentos. \u00bfTan mal estamos econ\u00f3micamente que ahora est\u00e1n viendo de d\u00f3nde rescatan lana?\u201d, escribe <strong>Lul\u00fa L\u00f3pez<\/strong>.<\/p>\n\n\n\n<p>En sus redes anexa una foto del <strong>Jard\u00edn de Ni\u00f1os Virginia Aguilar Pensado<\/strong>, que hoy se declar\u00f3 en paro de brazos ca\u00eddos porque al menos 20 profesores fueron esquilmados en <strong>Xalapa<\/strong>.<\/p>\n\n\n\n<p>**DANIELA LA AUSTERA\u2026**pues resulta que se le est\u00e1 armando la insurrecci\u00f3n a <strong>Do\u00f1a Daniela Griego<\/strong>, alcaldesa electa de <strong>Guerrero<\/strong>, quien pretende reducir el salario a los <strong>regidores electos<\/strong> que entrar\u00e1n con ella para pagarles menos de la mitad de lo que ganan actualmente\u2026bajo la narrativa de la austeridad y que qui\u00e9n diga que no quiere es porque se niega a renunciar a sus privilegios.<\/p>\n\n\n\n<p>Los ediles andan que no los calienta ni el sol y sostienen que ya es una narrativa muy desgastada y a la ciudadamn\u00eda su austeridad ha salido muy cara, llenando de improvisados los gobiernos de la <strong>Cuarta Transformaci\u00f3n<\/strong>.<\/p>\n\n\n\n<p>Los <strong>regidores<\/strong> que dej\u00f3 pelonete <strong>Ahued<\/strong> ganan alrededor de 75 mil pesos cada uno y lo que pretende hacer <strong>Daniela Griego<\/strong> es bajarles alrededor de 45 mil de su sueldo as\u00ed que estos nuevos regidores vendr\u00edan ganando cerca de 25 mil m\u00e1s o menos y con eso de que no hacen nada que s\u00f3lo se dedican a firmar papeles y tienen todas las comodidades en una oficina del Ayuntamiento, pues est\u00e1 m\u00e1s que pagados.<\/p>\n","protected":false},"excerpt":{"rendered":"<p>Oved ContrerasSecas mecas La presidenta Claudia Sheinbaum y la gobernadora Roc\u00edo Nahle prometieron que el apoyo oficial no se retirar\u00eda de los municipios siniestrados por las lluvias en Veracruz hasta que todo quedar\u00e1 arreglado. No cumplieron. Despu\u00e9s prometieron que todos los afectados entrar\u00edan al censo para recibir un apoyo. Tampoco cumplieron. Aseguran que Poza Rica [&hellip;]<\/p>\n","protected":false},"author":2,"featured_media":141426,"comment_status":"closed","ping_status":"closed","sticky":false,"template":"","format":"standard","meta":{"tdm_status":"","tdm_grid_status":"","footnotes":""},"categories":[70],"tags":[9627,47235,47234,46585,3578],"class_list":{"0":"post-156491","1":"post","2":"type-post","3":"status-publish","4":"format-standard","5":"has-post-thumbnail","7":"category-de-opinion","8":"tag-claudia-sheinbaum","9":"tag-daniela-grigo","10":"tag-julay-veracruz","11":"tag-poza-rica-inundaciones","12":"tag-rocio-nahle"},"yoast_head":"<!-- This site is optimized with the Yoast SEO plugin v27.4 - https:\/\/yoast.com\/product\/yoast-seo-wordpress\/ -->\n<title>NO CUMPLIERON\u2026 - Los pol\u00edticos Veracruz<\/title>\n<meta name=\"robots\" content=\"index, follow, max-snippet:-1, max-image-preview:large, max-video-preview:-1\" \/>\n<link rel=\"canonical\" href=\"https:\/\/lospoliticosveracruz.com\/?p=156491\" \/>\n<meta property=\"og:locale\" content=\"es_ES\" \/>\n<meta property=\"og:type\" content=\"article\" \/>\n<meta property=\"og:title\" content=\"NO CUMPLIERON\u2026 - Los pol\u00edticos Veracruz\" \/>\n<meta property=\"og:description\" content=\"Oved ContrerasSecas mecas La presidenta Claudia Sheinbaum y la gobernadora Roc\u00edo Nahle prometieron que el apoyo oficial no se retirar\u00eda de los municipios siniestrados por las lluvias en Veracruz hasta que todo quedar\u00e1 arreglado. No cumplieron. Despu\u00e9s prometieron que todos los afectados entrar\u00edan al censo para recibir un apoyo. Tampoco cumplieron. Aseguran que Poza Rica [&hellip;]\" \/>\n<meta property=\"og:url\" content=\"https:\/\/lospoliticosveracruz.com\/?p=156491\" \/>\n<meta property=\"og:site_name\" content=\"Los pol\u00edticos Veracruz\" \/>\n<meta property=\"article:publisher\" content=\"https:\/\/www.facebook.com\/people\/Notimemes-de-los-Polticos\/61565672886568\/\" \/>\n<meta property=\"article:published_time\" content=\"2025-11-14T16:06:55+00:00\" \/>\n<meta property=\"article:modified_time\" content=\"2025-11-14T16:07:11+00:00\" \/>\n<meta property=\"og:image\" content=\"https:\/\/lospoliticosveracruz.com\/wp-content\/uploads\/2025\/04\/Oved-Contreras-e1768066319253.jpg\" \/>\n\t<meta property=\"og:image:width\" content=\"600\" \/>\n\t<meta property=\"og:image:height\" content=\"320\" \/>\n\t<meta property=\"og:image:type\" content=\"image\/jpeg\" \/>\n<meta name=\"author\" content=\"Lo viste en Los Pol\u00edticos\" \/>\n<meta name=\"twitter:card\" content=\"summary_large_image\" \/>\n<meta name=\"twitter:creator\" content=\"@LosPoliticosVer\" \/>\n<meta name=\"twitter:site\" content=\"@LosPoliticosVer\" \/>\n<meta name=\"twitter:label1\" content=\"Escrito por\" \/>\n\t<meta name=\"twitter:data1\" content=\"Lo viste en Los Pol\u00edticos\" \/>\n\t<meta name=\"twitter:label2\" content=\"Tiempo de lectura\" \/>\n\t<meta name=\"twitter:data2\" content=\"7 minutos\" \/>\n<script type=\"application\/ld+json\" class=\"yoast-schema-graph\">{\"@context\":\"https:\\\/\\\/schema.org\",\"@graph\":[{\"@type\":\"Article\",\"@id\":\"https:\\\/\\\/lospoliticosveracruz.com\\\/?p=156491#article\",\"isPartOf\":{\"@id\":\"https:\\\/\\\/lospoliticosveracruz.com\\\/?p=156491\"},\"author\":{\"name\":\"Lo viste en Los Pol\u00edticos\",\"@id\":\"https:\\\/\\\/lospoliticosveracruz.com\\\/#\\\/schema\\\/person\\\/b8702bb0e538456e6efd07080bf2a4a2\"},\"headline\":\"NO CUMPLIERON\u2026\",\"datePublished\":\"2025-11-14T16:06:55+00:00\",\"dateModified\":\"2025-11-14T16:07:11+00:00\",\"mainEntityOfPage\":{\"@id\":\"https:\\\/\\\/lospoliticosveracruz.com\\\/?p=156491\"},\"wordCount\":1422,\"publisher\":{\"@id\":\"https:\\\/\\\/lospoliticosveracruz.com\\\/#organization\"},\"image\":{\"@id\":\"https:\\\/\\\/lospoliticosveracruz.com\\\/?p=156491#primaryimage\"},\"thumbnailUrl\":\"https:\\\/\\\/lospoliticosveracruz.com\\\/wp-content\\\/uploads\\\/2025\\\/04\\\/Oved-Contreras-e1768066319253.jpg\",\"keywords\":[\"Claudia Sheinbaum\",\"Daniela Grigo.\",\"Julay Veracruz\",\"Poza Rica inundaciones\",\"Roc\u00edo Nahle\"],\"articleSection\":[\"De Opini\u00f3n\"],\"inLanguage\":\"es\"},{\"@type\":\"WebPage\",\"@id\":\"https:\\\/\\\/lospoliticosveracruz.com\\\/?p=156491\",\"url\":\"https:\\\/\\\/lospoliticosveracruz.com\\\/?p=156491\",\"name\":\"NO CUMPLIERON\u2026 - Los pol\u00edticos Veracruz\",\"isPartOf\":{\"@id\":\"https:\\\/\\\/lospoliticosveracruz.com\\\/#website\"},\"primaryImageOfPage\":{\"@id\":\"https:\\\/\\\/lospoliticosveracruz.com\\\/?p=156491#primaryimage\"},\"image\":{\"@id\":\"https:\\\/\\\/lospoliticosveracruz.com\\\/?p=156491#primaryimage\"},\"thumbnailUrl\":\"https:\\\/\\\/lospoliticosveracruz.com\\\/wp-content\\\/uploads\\\/2025\\\/04\\\/Oved-Contreras-e1768066319253.jpg\",\"datePublished\":\"2025-11-14T16:06:55+00:00\",\"dateModified\":\"2025-11-14T16:07:11+00:00\",\"breadcrumb\":{\"@id\":\"https:\\\/\\\/lospoliticosveracruz.com\\\/?p=156491#breadcrumb\"},\"inLanguage\":\"es\",\"potentialAction\":[{\"@type\":\"ReadAction\",\"target\":[\"https:\\\/\\\/lospoliticosveracruz.com\\\/?p=156491\"]}]},{\"@type\":\"ImageObject\",\"inLanguage\":\"es\",\"@id\":\"https:\\\/\\\/lospoliticosveracruz.com\\\/?p=156491#primaryimage\",\"url\":\"https:\\\/\\\/lospoliticosveracruz.com\\\/wp-content\\\/uploads\\\/2025\\\/04\\\/Oved-Contreras-e1768066319253.jpg\",\"contentUrl\":\"https:\\\/\\\/lospoliticosveracruz.com\\\/wp-content\\\/uploads\\\/2025\\\/04\\\/Oved-Contreras-e1768066319253.jpg\",\"width\":600,\"height\":320},{\"@type\":\"BreadcrumbList\",\"@id\":\"https:\\\/\\\/lospoliticosveracruz.com\\\/?p=156491#breadcrumb\",\"itemListElement\":[{\"@type\":\"ListItem\",\"position\":1,\"name\":\"Portada\",\"item\":\"https:\\\/\\\/lospoliticosveracruz.com\\\/\"},{\"@type\":\"ListItem\",\"position\":2,\"name\":\"NO CUMPLIERON\u2026\"}]},{\"@type\":\"WebSite\",\"@id\":\"https:\\\/\\\/lospoliticosveracruz.com\\\/#website\",\"url\":\"https:\\\/\\\/lospoliticosveracruz.com\\\/\",\"name\":\"Los pol\u00edticos Veracruz\",\"description\":\"\",\"publisher\":{\"@id\":\"https:\\\/\\\/lospoliticosveracruz.com\\\/#organization\"},\"potentialAction\":[{\"@type\":\"SearchAction\",\"target\":{\"@type\":\"EntryPoint\",\"urlTemplate\":\"https:\\\/\\\/lospoliticosveracruz.com\\\/?s={search_term_string}\"},\"query-input\":{\"@type\":\"PropertyValueSpecification\",\"valueRequired\":true,\"valueName\":\"search_term_string\"}}],\"inLanguage\":\"es\"},{\"@type\":\"Organization\",\"@id\":\"https:\\\/\\\/lospoliticosveracruz.com\\\/#organization\",\"name\":\"Los pol\u00edticos Veracruz\",\"url\":\"https:\\\/\\\/lospoliticosveracruz.com\\\/\",\"logo\":{\"@type\":\"ImageObject\",\"inLanguage\":\"es\",\"@id\":\"https:\\\/\\\/lospoliticosveracruz.com\\\/#\\\/schema\\\/logo\\\/image\\\/\",\"url\":\"https:\\\/\\\/lospoliticosveracruz.com\\\/wp-content\\\/uploads\\\/2025\\\/12\\\/Logo-Nuevo-LOS-POLITICOS-1.jpg\",\"contentUrl\":\"https:\\\/\\\/lospoliticosveracruz.com\\\/wp-content\\\/uploads\\\/2025\\\/12\\\/Logo-Nuevo-LOS-POLITICOS-1.jpg\",\"width\":260,\"height\":70,\"caption\":\"Los pol\u00edticos Veracruz\"},\"image\":{\"@id\":\"https:\\\/\\\/lospoliticosveracruz.com\\\/#\\\/schema\\\/logo\\\/image\\\/\"},\"sameAs\":[\"https:\\\/\\\/www.facebook.com\\\/people\\\/Notimemes-de-los-Polticos\\\/61565672886568\\\/\",\"https:\\\/\\\/x.com\\\/LosPoliticosVer\"]},{\"@type\":\"Person\",\"@id\":\"https:\\\/\\\/lospoliticosveracruz.com\\\/#\\\/schema\\\/person\\\/b8702bb0e538456e6efd07080bf2a4a2\",\"name\":\"Lo viste en Los Pol\u00edticos\",\"image\":{\"@type\":\"ImageObject\",\"inLanguage\":\"es\",\"@id\":\"https:\\\/\\\/secure.gravatar.com\\\/avatar\\\/3a8de04a2656d44082be478bd6c086daa447c4651605818287b9532d3d0bd435?s=96&d=mm&r=g\",\"url\":\"https:\\\/\\\/secure.gravatar.com\\\/avatar\\\/3a8de04a2656d44082be478bd6c086daa447c4651605818287b9532d3d0bd435?s=96&d=mm&r=g\",\"contentUrl\":\"https:\\\/\\\/secure.gravatar.com\\\/avatar\\\/3a8de04a2656d44082be478bd6c086daa447c4651605818287b9532d3d0bd435?s=96&d=mm&r=g\",\"caption\":\"Lo viste en Los Pol\u00edticos\"},\"url\":\"https:\\\/\\\/lospoliticosveracruz.com\\\/?author=2\"}]}<\/script>\n<!-- \/ Yoast SEO plugin. -->","yoast_head_json":{"title":"NO CUMPLIERON\u2026 - Los pol\u00edticos Veracruz","robots":{"index":"index","follow":"follow","max-snippet":"max-snippet:-1","max-image-preview":"max-image-preview:large","max-video-preview":"max-video-preview:-1"},"canonical":"https:\/\/lospoliticosveracruz.com\/?p=156491","og_locale":"es_ES","og_type":"article","og_title":"NO CUMPLIERON\u2026 - Los pol\u00edticos Veracruz","og_description":"Oved ContrerasSecas mecas La presidenta Claudia Sheinbaum y la gobernadora Roc\u00edo Nahle prometieron que el apoyo oficial no se retirar\u00eda de los municipios siniestrados por las lluvias en Veracruz hasta que todo quedar\u00e1 arreglado. No cumplieron. Despu\u00e9s prometieron que todos los afectados entrar\u00edan al censo para recibir un apoyo. Tampoco cumplieron. Aseguran que Poza Rica [&hellip;]","og_url":"https:\/\/lospoliticosveracruz.com\/?p=156491","og_site_name":"Los pol\u00edticos Veracruz","article_publisher":"https:\/\/www.facebook.com\/people\/Notimemes-de-los-Polticos\/61565672886568\/","article_published_time":"2025-11-14T16:06:55+00:00","article_modified_time":"2025-11-14T16:07:11+00:00","og_image":[{"width":600,"height":320,"url":"https:\/\/lospoliticosveracruz.com\/wp-content\/uploads\/2025\/04\/Oved-Contreras-e1768066319253.jpg","type":"image\/jpeg"}],"author":"Lo viste en Los Pol\u00edticos","twitter_card":"summary_large_image","twitter_creator":"@LosPoliticosVer","twitter_site":"@LosPoliticosVer","twitter_misc":{"Escrito por":"Lo viste en Los Pol\u00edticos","Tiempo de lectura":"7 minutos"},"schema":{"@context":"https:\/\/schema.org","@graph":[{"@type":"Article","@id":"https:\/\/lospoliticosveracruz.com\/?p=156491#article","isPartOf":{"@id":"https:\/\/lospoliticosveracruz.com\/?p=156491"},"author":{"name":"Lo viste en Los Pol\u00edticos","@id":"https:\/\/lospoliticosveracruz.com\/#\/schema\/person\/b8702bb0e538456e6efd07080bf2a4a2"},"headline":"NO CUMPLIERON\u2026","datePublished":"2025-11-14T16:06:55+00:00","dateModified":"2025-11-14T16:07:11+00:00","mainEntityOfPage":{"@id":"https:\/\/lospoliticosveracruz.com\/?p=156491"},"wordCount":1422,"publisher":{"@id":"https:\/\/lospoliticosveracruz.com\/#organization"},"image":{"@id":"https:\/\/lospoliticosveracruz.com\/?p=156491#primaryimage"},"thumbnailUrl":"https:\/\/lospoliticosveracruz.com\/wp-content\/uploads\/2025\/04\/Oved-Contreras-e1768066319253.jpg","keywords":["Claudia Sheinbaum","Daniela Grigo.","Julay Veracruz","Poza Rica inundaciones","Roc\u00edo Nahle"],"articleSection":["De Opini\u00f3n"],"inLanguage":"es"},{"@type":"WebPage","@id":"https:\/\/lospoliticosveracruz.com\/?p=156491","url":"https:\/\/lospoliticosveracruz.com\/?p=156491","name":"NO CUMPLIERON\u2026 - Los pol\u00edticos Veracruz","isPartOf":{"@id":"https:\/\/lospoliticosveracruz.com\/#website"},"primaryImageOfPage":{"@id":"https:\/\/lospoliticosveracruz.com\/?p=156491#primaryimage"},"image":{"@id":"https:\/\/lospoliticosveracruz.com\/?p=156491#primaryimage"},"thumbnailUrl":"https:\/\/lospoliticosveracruz.com\/wp-content\/uploads\/2025\/04\/Oved-Contreras-e1768066319253.jpg","datePublished":"2025-11-14T16:06:55+00:00","dateModified":"2025-11-14T16:07:11+00:00","breadcrumb":{"@id":"https:\/\/lospoliticosveracruz.com\/?p=156491#breadcrumb"},"inLanguage":"es","potentialAction":[{"@type":"ReadAction","target":["https:\/\/lospoliticosveracruz.com\/?p=156491"]}]},{"@type":"ImageObject","inLanguage":"es","@id":"https:\/\/lospoliticosveracruz.com\/?p=156491#primaryimage","url":"https:\/\/lospoliticosveracruz.com\/wp-content\/uploads\/2025\/04\/Oved-Contreras-e1768066319253.jpg","contentUrl":"https:\/\/lospoliticosveracruz.com\/wp-content\/uploads\/2025\/04\/Oved-Contreras-e1768066319253.jpg","width":600,"height":320},{"@type":"BreadcrumbList","@id":"https:\/\/lospoliticosveracruz.com\/?p=156491#breadcrumb","itemListElement":[{"@type":"ListItem","position":1,"name":"Portada","item":"https:\/\/lospoliticosveracruz.com\/"},{"@type":"ListItem","position":2,"name":"NO CUMPLIERON\u2026"}]},{"@type":"WebSite","@id":"https:\/\/lospoliticosveracruz.com\/#website","url":"https:\/\/lospoliticosveracruz.com\/","name":"Los pol\u00edticos Veracruz","description":"","publisher":{"@id":"https:\/\/lospoliticosveracruz.com\/#organization"},"potentialAction":[{"@type":"SearchAction","target":{"@type":"EntryPoint","urlTemplate":"https:\/\/lospoliticosveracruz.com\/?s={search_term_string}"},"query-input":{"@type":"PropertyValueSpecification","valueRequired":true,"valueName":"search_term_string"}}],"inLanguage":"es"},{"@type":"Organization","@id":"https:\/\/lospoliticosveracruz.com\/#organization","name":"Los pol\u00edticos Veracruz","url":"https:\/\/lospoliticosveracruz.com\/","logo":{"@type":"ImageObject","inLanguage":"es","@id":"https:\/\/lospoliticosveracruz.com\/#\/schema\/logo\/image\/","url":"https:\/\/lospoliticosveracruz.com\/wp-content\/uploads\/2025\/12\/Logo-Nuevo-LOS-POLITICOS-1.jpg","contentUrl":"https:\/\/lospoliticosveracruz.com\/wp-content\/uploads\/2025\/12\/Logo-Nuevo-LOS-POLITICOS-1.jpg","width":260,"height":70,"caption":"Los pol\u00edticos Veracruz"},"image":{"@id":"https:\/\/lospoliticosveracruz.com\/#\/schema\/logo\/image\/"},"sameAs":["https:\/\/www.facebook.com\/people\/Notimemes-de-los-Polticos\/61565672886568\/","https:\/\/x.com\/LosPoliticosVer"]},{"@type":"Person","@id":"https:\/\/lospoliticosveracruz.com\/#\/schema\/person\/b8702bb0e538456e6efd07080bf2a4a2","name":"Lo viste en Los Pol\u00edticos","image":{"@type":"ImageObject","inLanguage":"es","@id":"https:\/\/secure.gravatar.com\/avatar\/3a8de04a2656d44082be478bd6c086daa447c4651605818287b9532d3d0bd435?s=96&d=mm&r=g","url":"https:\/\/secure.gravatar.com\/avatar\/3a8de04a2656d44082be478bd6c086daa447c4651605818287b9532d3d0bd435?s=96&d=mm&r=g","contentUrl":"https:\/\/secure.gravatar.com\/avatar\/3a8de04a2656d44082be478bd6c086daa447c4651605818287b9532d3d0bd435?s=96&d=mm&r=g","caption":"Lo viste en Los Pol\u00edticos"},"url":"https:\/\/lospoliticosveracruz.com\/?author=2"}]}},"_links":{"self":[{"href":"https:\/\/lospoliticosveracruz.com\/index.php?rest_route=\/wp\/v2\/posts\/156491","targetHints":{"allow":["GET"]}}],"collection":[{"href":"https:\/\/lospoliticosveracruz.com\/index.php?rest_route=\/wp\/v2\/posts"}],"about":[{"href":"https:\/\/lospoliticosveracruz.com\/index.php?rest_route=\/wp\/v2\/types\/post"}],"author":[{"embeddable":true,"href":"https:\/\/lospoliticosveracruz.com\/index.php?rest_route=\/wp\/v2\/users\/2"}],"replies":[{"embeddable":true,"href":"https:\/\/lospoliticosveracruz.com\/index.php?rest_route=%2Fwp%2Fv2%2Fcomments&post=156491"}],"version-history":[{"count":2,"href":"https:\/\/lospoliticosveracruz.com\/index.php?rest_route=\/wp\/v2\/posts\/156491\/revisions"}],"predecessor-version":[{"id":156497,"href":"https:\/\/lospoliticosveracruz.com\/index.php?rest_route=\/wp\/v2\/posts\/156491\/revisions\/156497"}],"wp:featuredmedia":[{"embeddable":true,"href":"https:\/\/lospoliticosveracruz.com\/index.php?rest_route=\/wp\/v2\/media\/141426"}],"wp:attachment":[{"href":"https:\/\/lospoliticosveracruz.com\/index.php?rest_route=%2Fwp%2Fv2%2Fmedia&parent=156491"}],"wp:term":[{"taxonomy":"category","embeddable":true,"href":"https:\/\/lospoliticosveracruz.com\/index.php?rest_route=%2Fwp%2Fv2%2Fcategories&post=156491"},{"taxonomy":"post_tag","embeddable":true,"href":"https:\/\/lospoliticosveracruz.com\/index.php?rest_route=%2Fwp%2Fv2%2Ftags&post=156491"}],"curies":[{"name":"wp","href":"https:\/\/api.w.org\/{rel}","templated":true}]}}