{"id":156502,"date":"2025-11-14T11:44:40","date_gmt":"2025-11-14T17:44:40","guid":{"rendered":"https:\/\/lospoliticosveracruz.com.mx\/?p=156502"},"modified":"2025-11-14T12:33:09","modified_gmt":"2025-11-14T18:33:09","slug":"mexico-primer-lugar-en-crimen-organzado-pero-no-para-siempre","status":"publish","type":"post","link":"https:\/\/lospoliticosveracruz.com\/?p=156502","title":{"rendered":"M\u00c9XICO, PRIMER LUGAR EN CRIMEN ORGANIZADO\u2026 PERO NO PARA SIEMPRE"},"content":{"rendered":"\n<p>S\u00edguenos ahora tambi\u00e9n en WhatsApp.\u00a0\u00a1<a href=\"https:\/\/whatsapp.com\/channel\/0029Va8zRWlEKyZIP3Z1dF0e\"><strong>Da clic aqu\u00ed<\/strong><\/a><strong>!<\/strong><\/p>\n\n\n\n<p><strong>Ram\u00f3n Alberto Reyes Viveros<br><\/strong><em>Zoociedad An\u00f3nima<\/em><\/p>\n\n\n\n<p>An\u00e1lisis desde la perspectiva de los premios Nobel Philippe Aghion, Peter Howitt, Joel Mokyr y Mar\u00eda Corina Machado<\/p>\n\n\n\n<p>Es momento de pensar, marchar y redireccionar el rumbo de M\u00e9xico en paz, mientras suena la tambora con Ilusi\u00f3n 98<\/p>\n\n\n\n\n\n<p>I. Un pa\u00eds que usa su ingenio para sobrevivir, no para crecer<\/p>\n\n\n\n<p>M\u00e9xico siempre ha sido un pa\u00eds de talento extraordinario.<\/p>\n\n\n\n<p>La creatividad est\u00e1 en todos lados: en las calles, en las aulas, en los mercados, en la ciencia, en el arte\u2026 y, tristemente, tambi\u00e9n en el crimen organizado.<\/p>\n\n\n\n<p>En 2025, el mundo lo confirm\u00f3 con la frialdad de los n\u00fameros:<\/p>\n\n\n\n<p>M\u00e9xico ocupa el primer lugar global en crimen organizado, seg\u00fan el Global Organized Crime Index.<\/p>\n\n\n\n<p>No es solo violencia.<\/p>\n\n\n\n<p>Es algo m\u00e1s grave: somos una sociedad donde la inteligencia se us\u00f3 para esquivar al Estado, para convertir a los gobernantes en c\u00f3mplices del crimen o a los criminales en gobernantes, y donde los buenos mexicanos a\u00fan conf\u00edan en \u00e9l.<\/p>\n\n\n\n<p>Ese mismo a\u00f1o 2025, en Estocolmo, premiaron con el Nobel de Econom\u00eda a Aghion, Howitt y Mokyr, y con el Nobel de la Paz a Mar\u00eda Corina Machado.<\/p>\n\n\n\n<p>Todos ellos hablan de lo mismo desde \u00e1ngulos distintos: que el progreso nace de la libertad, de la competencia, de la innovaci\u00f3n y del coraje para defender instituciones que permiten so\u00f1ar.<\/p>\n\n\n\n<p>M\u00e9xico est\u00e1 en el punto exacto donde esas ideas duelen, porque cada vez estamos m\u00e1s lejos de ellas.<\/p>\n\n\n\n<p>\u2e3b<\/p>\n\n\n\n<p>II. La destrucci\u00f3n que no construye nada<\/p>\n\n\n\n<p>La teor\u00eda de Aghion y Howitt es simple y profunda:<\/p>\n\n\n\n<p>las sociedades avanzan cuando permiten que lo nuevo sustituya a lo viejo.<\/p>\n\n\n\n<p>Innovaci\u00f3n \u2192 cambio \u2192 crecimiento.<\/p>\n\n\n\n<p>La famosa \u201cdestrucci\u00f3n creativa\u201d.<\/p>\n\n\n\n<p>Pero en M\u00e9xico, esa destrucci\u00f3n dej\u00f3 de ser creativa.<\/p>\n\n\n\n<p>Ahora solo destruye.<\/p>\n\n\n\n<p>El asesinato del alcalde Carlos Manzo Rodr\u00edguez, en Uruapan, lo mostr\u00f3 con brutalidad:<\/p>\n\n\n\n<p>cuando un pa\u00eds mata a sus autoridades locales, lo que est\u00e1 en juego no es un cargo, sino la idea misma de Estado.<\/p>\n\n\n\n<p>Ah\u00ed donde deber\u00eda haber innovaci\u00f3n productiva, hay log\u00edstica criminal que avanza como empresa moderna, pero sin \u00e9tica ni ley.<\/p>\n\n\n\n<p>No competimos por mejores ideas, competimos por sobrevivir a quienes no soportan que alguien m\u00e1s tenga y defienda sus ideas.<\/p>\n\n\n\n<p>\u2e3b<\/p>\n\n\n\n<p>III. Las instituciones que dejamos caer<\/p>\n\n\n\n<p>Mientras otros pa\u00edses protegen a sus \u00e1rbitros y fortalecen contrapesos, M\u00e9xico hizo lo contrario.<\/p>\n\n\n\n<p>En los \u00faltimos siete a\u00f1os, Morena debilit\u00f3 o destruy\u00f3 al INE, al INAI, a la COFECE, al IFT, a las fiscal\u00edas, a la CNDH y a pr\u00e1cticamente todos los \u00f3rganos que deber\u00edan regular la competencia, defender la transparencia o garantizar libertades.<\/p>\n\n\n\n<p>Cuando un gobierno destruye sus instituciones, la violencia no tarda; el crimen no se contiene; la econom\u00eda no innova; la democracia no respira, y el gobierno se cree invencible.<\/p>\n\n\n\n<p>Aghion y Howitt lo explicaron desde la teor\u00eda.<\/p>\n\n\n\n<p>Mokyr lo document\u00f3 desde la historia.<\/p>\n\n\n\n<p>Y Mar\u00eda Corina Machado lo encarna desde la resistencia:<\/p>\n\n\n\n<p>Sin libertad pol\u00edtica, no existe libertad econ\u00f3mica;<\/p>\n\n\n\n<p>sin instituciones fuertes, no existe progreso posible.<\/p>\n\n\n\n<p>M\u00e9xico necesita volver a aprender esa lecci\u00f3n antes de que se haga irreversible.<\/p>\n\n\n\n<p>La dictadura ya gobierna, pero a\u00fan no ha podido someternos.<\/p>\n\n\n\n<p>\u2e3b<\/p>\n\n\n\n<p>IV. Los datos que muestran el fondo del problema<\/p>\n\n\n\n<p>El \u00edndice global revela tres verdades que no pueden ignorarse:<\/p>\n\n\n\n<p>\u2022\u2060 \u2060M\u00e9xico es #1 en mercados criminales: narc\u00f3ticos, trata de personas, huachicol, tala, miner\u00eda ilegal, extorsi\u00f3n digital y m\u00e1s.<\/p>\n\n\n\n<p>\u2022\u2060 \u2060Est\u00e1 entre los tres primeros en criminalidad total del mundo.<\/p>\n\n\n\n<p>\u2022\u2060 \u2060Tiene resiliencia institucional por debajo de 4.5, uno de los niveles m\u00e1s bajos del continente.<\/p>\n\n\n\n<p>El crimen no solo existe:<\/p>\n\n\n\n<p>se organiza, se adapta, se moderniza y se diversifica m\u00e1s r\u00e1pido que la capacidad del gobierno para contenerlo dentro y fuera de \u00e9l.<\/p>\n\n\n\n<p>M\u00e9xico es el pa\u00eds perfecto para innovar\u2026 si eres criminal.<\/p>\n\n\n\n<p>Es el pa\u00eds m\u00e1s dif\u00edcil para innovar\u2026 si quieres hacerlo legalmente.<\/p>\n\n\n\n<p>Y esto no va a cambiar si no cambiamos al partido en el gobierno, porque algo que Morena nunca har\u00e1 ser\u00e1 volver a construir contrapesos, reglas claras y organismos verdaderamente aut\u00f3nomos.<\/p>\n\n\n\n<p>Eso requerir\u00e1 una redistribuci\u00f3n de fuerzas pol\u00edticas en 2027, no discursos ni simulaciones.<\/p>\n\n\n\n<p>\u2e3b<\/p>\n\n\n\n<p>V. El rumbo que s\u00ed podemos elegir<\/p>\n\n\n\n<p>M\u00e9xico tiene dos futuros frente a s\u00ed.<\/p>\n\n\n\n<p>El primero:<\/p>\n\n\n\n<p>seguir perfeccionando el ingenio criminal que ya hizo del pa\u00eds un laboratorio de econom\u00edas il\u00edcitas con un narco gobierno.<\/p>\n\n\n\n<p>El segundo:<\/p>\n\n\n\n<p>apostar por la inteligencia creadora que describen los Nobel de 2025:<\/p>\n\n\n\n<p>la que usa la libertad para innovar, la competencia para crecer y el conocimiento para transformar.<\/p>\n\n\n\n<p>El pa\u00eds no est\u00e1 condenado a ser reh\u00e9n de los criminales.<\/p>\n\n\n\n<p>Est\u00e1 esperando.<\/p>\n\n\n\n<p>Y quienes est\u00e1n llamados a decidir son quienes hoy parecen m\u00e1s cansados del cinismo y del ruido.<\/p>\n\n\n\n<p>Y aqu\u00ed surge el ejemplo m\u00e1s claro: Carlos Manzo Rodr\u00edguez.<\/p>\n\n\n\n<p>Su historia no termina en su ausencia: se convierte en m\u00fasica, en empuje, en resistencia.<\/p>\n\n\n\n<p>La Banda Perla de Michoac\u00e1n lo entendi\u00f3 antes que nadie: Ilusi\u00f3n 98 ya no es solo una canci\u00f3n\u2014es el son de Carlos Manzo, el recordatorio vivo de que hay futuro, y de que la memoria tambi\u00e9n canta.<\/p>\n\n\n\n<p>Porque el dolor no es derrota: es urgencia.<\/p>\n\n\n\n<p>Y la m\u00fasica que un d\u00eda fue celebraci\u00f3n hoy es himno: himno de resistencia, de dignidad y de rumbo.<\/p>\n\n\n\n<p>J\u00f3venes y adultos: tomen la melod\u00eda, tomen el recuerdo, tomen la voz y el sombrero, y construyan por s\u00ed mismos un M\u00e9xico donde escuchar sea m\u00e1s valiente que hablar, donde la cr\u00edtica sea un deber ciudadano y donde la libertad no tenga que pedir permiso.<\/p>\n\n\n\n<p>Que el pa\u00eds que heredamos no sea el pa\u00eds que entreguemos.<\/p>\n\n\n\n<p>Que este sea el momento de pensar, de marchar, de crear y de cambiar el rumbo de M\u00e9xico.<\/p>\n\n\n\n<p>Y que mientras lo hacemos, siga sonando Ilusi\u00f3n 98. Siga sonando \u2014ahora y siempre\u2014 la esperanza.<\/p>\n","protected":false},"excerpt":{"rendered":"<p>Ram\u00f3n Alberto Reyes ViverosZoociedad An\u00f3nima An\u00e1lisis desde la perspectiva de los premios Nobel Philippe Aghion, Peter Howitt, Joel Mokyr y Mar\u00eda Corina Machado Es momento de pensar, marchar y redireccionar el rumbo de M\u00e9xico en paz, mientras suena la tambora con Ilusi\u00f3n 98 I. Un pa\u00eds que usa su ingenio para sobrevivir, no para crecer [&hellip;]<\/p>\n","protected":false},"author":2,"featured_media":144875,"comment_status":"closed","ping_status":"closed","sticky":false,"template":"","format":"standard","meta":{"tdm_status":"","tdm_grid_status":"","footnotes":""},"categories":[70],"tags":[],"class_list":{"0":"post-156502","1":"post","2":"type-post","3":"status-publish","4":"format-standard","5":"has-post-thumbnail","7":"category-de-opinion"},"yoast_head":"<!-- This site is optimized with the Yoast SEO plugin v27.4 - https:\/\/yoast.com\/product\/yoast-seo-wordpress\/ -->\n<title>M\u00c9XICO, PRIMER LUGAR EN CRIMEN ORGANIZADO\u2026 PERO NO PARA SIEMPRE - Los pol\u00edticos Veracruz<\/title>\n<meta name=\"robots\" content=\"index, follow, max-snippet:-1, max-image-preview:large, max-video-preview:-1\" \/>\n<link rel=\"canonical\" href=\"https:\/\/lospoliticosveracruz.com\/?p=156502\" \/>\n<meta property=\"og:locale\" content=\"es_ES\" \/>\n<meta property=\"og:type\" content=\"article\" \/>\n<meta property=\"og:title\" content=\"M\u00c9XICO, PRIMER LUGAR EN CRIMEN ORGANIZADO\u2026 PERO NO PARA SIEMPRE - Los pol\u00edticos Veracruz\" \/>\n<meta property=\"og:description\" content=\"Ram\u00f3n Alberto Reyes ViverosZoociedad An\u00f3nima An\u00e1lisis desde la perspectiva de los premios Nobel Philippe Aghion, Peter Howitt, Joel Mokyr y Mar\u00eda Corina Machado Es momento de pensar, marchar y redireccionar el rumbo de M\u00e9xico en paz, mientras suena la tambora con Ilusi\u00f3n 98 I. Un pa\u00eds que usa su ingenio para sobrevivir, no para crecer [&hellip;]\" \/>\n<meta property=\"og:url\" content=\"https:\/\/lospoliticosveracruz.com\/?p=156502\" \/>\n<meta property=\"og:site_name\" content=\"Los pol\u00edticos Veracruz\" \/>\n<meta property=\"article:publisher\" content=\"https:\/\/www.facebook.com\/people\/Notimemes-de-los-Polticos\/61565672886568\/\" \/>\n<meta property=\"article:published_time\" content=\"2025-11-14T17:44:40+00:00\" \/>\n<meta property=\"article:modified_time\" content=\"2025-11-14T18:33:09+00:00\" \/>\n<meta property=\"og:image\" content=\"https:\/\/lospoliticosveracruz.com\/wp-content\/uploads\/2025\/05\/Ramon-Reyes-Viveros.jpg\" \/>\n\t<meta property=\"og:image:width\" content=\"1250\" \/>\n\t<meta property=\"og:image:height\" content=\"667\" \/>\n\t<meta property=\"og:image:type\" content=\"image\/jpeg\" \/>\n<meta name=\"author\" content=\"Lo viste en Los Pol\u00edticos\" \/>\n<meta name=\"twitter:card\" content=\"summary_large_image\" \/>\n<meta name=\"twitter:creator\" content=\"@LosPoliticosVer\" \/>\n<meta name=\"twitter:site\" content=\"@LosPoliticosVer\" \/>\n<meta name=\"twitter:label1\" content=\"Escrito por\" \/>\n\t<meta name=\"twitter:data1\" content=\"Lo viste en Los Pol\u00edticos\" \/>\n\t<meta name=\"twitter:label2\" content=\"Tiempo de lectura\" \/>\n\t<meta name=\"twitter:data2\" content=\"5 minutos\" \/>\n<script type=\"application\/ld+json\" class=\"yoast-schema-graph\">{\"@context\":\"https:\\\/\\\/schema.org\",\"@graph\":[{\"@type\":\"Article\",\"@id\":\"https:\\\/\\\/lospoliticosveracruz.com\\\/?p=156502#article\",\"isPartOf\":{\"@id\":\"https:\\\/\\\/lospoliticosveracruz.com\\\/?p=156502\"},\"author\":{\"name\":\"Lo viste en Los Pol\u00edticos\",\"@id\":\"https:\\\/\\\/lospoliticosveracruz.com\\\/#\\\/schema\\\/person\\\/b8702bb0e538456e6efd07080bf2a4a2\"},\"headline\":\"M\u00c9XICO, PRIMER LUGAR EN CRIMEN ORGANIZADO\u2026 PERO NO PARA SIEMPRE\",\"datePublished\":\"2025-11-14T17:44:40+00:00\",\"dateModified\":\"2025-11-14T18:33:09+00:00\",\"mainEntityOfPage\":{\"@id\":\"https:\\\/\\\/lospoliticosveracruz.com\\\/?p=156502\"},\"wordCount\":1038,\"publisher\":{\"@id\":\"https:\\\/\\\/lospoliticosveracruz.com\\\/#organization\"},\"image\":{\"@id\":\"https:\\\/\\\/lospoliticosveracruz.com\\\/?p=156502#primaryimage\"},\"thumbnailUrl\":\"https:\\\/\\\/lospoliticosveracruz.com\\\/wp-content\\\/uploads\\\/2025\\\/05\\\/Ramon-Reyes-Viveros.jpg\",\"articleSection\":[\"De Opini\u00f3n\"],\"inLanguage\":\"es\"},{\"@type\":\"WebPage\",\"@id\":\"https:\\\/\\\/lospoliticosveracruz.com\\\/?p=156502\",\"url\":\"https:\\\/\\\/lospoliticosveracruz.com\\\/?p=156502\",\"name\":\"M\u00c9XICO, PRIMER LUGAR EN CRIMEN ORGANIZADO\u2026 PERO NO PARA SIEMPRE - Los pol\u00edticos Veracruz\",\"isPartOf\":{\"@id\":\"https:\\\/\\\/lospoliticosveracruz.com\\\/#website\"},\"primaryImageOfPage\":{\"@id\":\"https:\\\/\\\/lospoliticosveracruz.com\\\/?p=156502#primaryimage\"},\"image\":{\"@id\":\"https:\\\/\\\/lospoliticosveracruz.com\\\/?p=156502#primaryimage\"},\"thumbnailUrl\":\"https:\\\/\\\/lospoliticosveracruz.com\\\/wp-content\\\/uploads\\\/2025\\\/05\\\/Ramon-Reyes-Viveros.jpg\",\"datePublished\":\"2025-11-14T17:44:40+00:00\",\"dateModified\":\"2025-11-14T18:33:09+00:00\",\"breadcrumb\":{\"@id\":\"https:\\\/\\\/lospoliticosveracruz.com\\\/?p=156502#breadcrumb\"},\"inLanguage\":\"es\",\"potentialAction\":[{\"@type\":\"ReadAction\",\"target\":[\"https:\\\/\\\/lospoliticosveracruz.com\\\/?p=156502\"]}]},{\"@type\":\"ImageObject\",\"inLanguage\":\"es\",\"@id\":\"https:\\\/\\\/lospoliticosveracruz.com\\\/?p=156502#primaryimage\",\"url\":\"https:\\\/\\\/lospoliticosveracruz.com\\\/wp-content\\\/uploads\\\/2025\\\/05\\\/Ramon-Reyes-Viveros.jpg\",\"contentUrl\":\"https:\\\/\\\/lospoliticosveracruz.com\\\/wp-content\\\/uploads\\\/2025\\\/05\\\/Ramon-Reyes-Viveros.jpg\",\"width\":1250,\"height\":667},{\"@type\":\"BreadcrumbList\",\"@id\":\"https:\\\/\\\/lospoliticosveracruz.com\\\/?p=156502#breadcrumb\",\"itemListElement\":[{\"@type\":\"ListItem\",\"position\":1,\"name\":\"Portada\",\"item\":\"https:\\\/\\\/lospoliticosveracruz.com\\\/\"},{\"@type\":\"ListItem\",\"position\":2,\"name\":\"M\u00c9XICO, PRIMER LUGAR EN CRIMEN ORGANIZADO\u2026 PERO NO PARA SIEMPRE\"}]},{\"@type\":\"WebSite\",\"@id\":\"https:\\\/\\\/lospoliticosveracruz.com\\\/#website\",\"url\":\"https:\\\/\\\/lospoliticosveracruz.com\\\/\",\"name\":\"Los pol\u00edticos Veracruz\",\"description\":\"\",\"publisher\":{\"@id\":\"https:\\\/\\\/lospoliticosveracruz.com\\\/#organization\"},\"potentialAction\":[{\"@type\":\"SearchAction\",\"target\":{\"@type\":\"EntryPoint\",\"urlTemplate\":\"https:\\\/\\\/lospoliticosveracruz.com\\\/?s={search_term_string}\"},\"query-input\":{\"@type\":\"PropertyValueSpecification\",\"valueRequired\":true,\"valueName\":\"search_term_string\"}}],\"inLanguage\":\"es\"},{\"@type\":\"Organization\",\"@id\":\"https:\\\/\\\/lospoliticosveracruz.com\\\/#organization\",\"name\":\"Los pol\u00edticos Veracruz\",\"url\":\"https:\\\/\\\/lospoliticosveracruz.com\\\/\",\"logo\":{\"@type\":\"ImageObject\",\"inLanguage\":\"es\",\"@id\":\"https:\\\/\\\/lospoliticosveracruz.com\\\/#\\\/schema\\\/logo\\\/image\\\/\",\"url\":\"https:\\\/\\\/lospoliticosveracruz.com\\\/wp-content\\\/uploads\\\/2025\\\/12\\\/Logo-Nuevo-LOS-POLITICOS-1.jpg\",\"contentUrl\":\"https:\\\/\\\/lospoliticosveracruz.com\\\/wp-content\\\/uploads\\\/2025\\\/12\\\/Logo-Nuevo-LOS-POLITICOS-1.jpg\",\"width\":260,\"height\":70,\"caption\":\"Los pol\u00edticos Veracruz\"},\"image\":{\"@id\":\"https:\\\/\\\/lospoliticosveracruz.com\\\/#\\\/schema\\\/logo\\\/image\\\/\"},\"sameAs\":[\"https:\\\/\\\/www.facebook.com\\\/people\\\/Notimemes-de-los-Polticos\\\/61565672886568\\\/\",\"https:\\\/\\\/x.com\\\/LosPoliticosVer\"]},{\"@type\":\"Person\",\"@id\":\"https:\\\/\\\/lospoliticosveracruz.com\\\/#\\\/schema\\\/person\\\/b8702bb0e538456e6efd07080bf2a4a2\",\"name\":\"Lo viste en Los Pol\u00edticos\",\"image\":{\"@type\":\"ImageObject\",\"inLanguage\":\"es\",\"@id\":\"https:\\\/\\\/secure.gravatar.com\\\/avatar\\\/3a8de04a2656d44082be478bd6c086daa447c4651605818287b9532d3d0bd435?s=96&d=mm&r=g\",\"url\":\"https:\\\/\\\/secure.gravatar.com\\\/avatar\\\/3a8de04a2656d44082be478bd6c086daa447c4651605818287b9532d3d0bd435?s=96&d=mm&r=g\",\"contentUrl\":\"https:\\\/\\\/secure.gravatar.com\\\/avatar\\\/3a8de04a2656d44082be478bd6c086daa447c4651605818287b9532d3d0bd435?s=96&d=mm&r=g\",\"caption\":\"Lo viste en Los Pol\u00edticos\"},\"url\":\"https:\\\/\\\/lospoliticosveracruz.com\\\/?author=2\"}]}<\/script>\n<!-- \/ Yoast SEO plugin. -->","yoast_head_json":{"title":"M\u00c9XICO, PRIMER LUGAR EN CRIMEN ORGANIZADO\u2026 PERO NO PARA SIEMPRE - Los pol\u00edticos Veracruz","robots":{"index":"index","follow":"follow","max-snippet":"max-snippet:-1","max-image-preview":"max-image-preview:large","max-video-preview":"max-video-preview:-1"},"canonical":"https:\/\/lospoliticosveracruz.com\/?p=156502","og_locale":"es_ES","og_type":"article","og_title":"M\u00c9XICO, PRIMER LUGAR EN CRIMEN ORGANIZADO\u2026 PERO NO PARA SIEMPRE - Los pol\u00edticos Veracruz","og_description":"Ram\u00f3n Alberto Reyes ViverosZoociedad An\u00f3nima An\u00e1lisis desde la perspectiva de los premios Nobel Philippe Aghion, Peter Howitt, Joel Mokyr y Mar\u00eda Corina Machado Es momento de pensar, marchar y redireccionar el rumbo de M\u00e9xico en paz, mientras suena la tambora con Ilusi\u00f3n 98 I. Un pa\u00eds que usa su ingenio para sobrevivir, no para crecer [&hellip;]","og_url":"https:\/\/lospoliticosveracruz.com\/?p=156502","og_site_name":"Los pol\u00edticos Veracruz","article_publisher":"https:\/\/www.facebook.com\/people\/Notimemes-de-los-Polticos\/61565672886568\/","article_published_time":"2025-11-14T17:44:40+00:00","article_modified_time":"2025-11-14T18:33:09+00:00","og_image":[{"width":1250,"height":667,"url":"https:\/\/lospoliticosveracruz.com\/wp-content\/uploads\/2025\/05\/Ramon-Reyes-Viveros.jpg","type":"image\/jpeg"}],"author":"Lo viste en Los Pol\u00edticos","twitter_card":"summary_large_image","twitter_creator":"@LosPoliticosVer","twitter_site":"@LosPoliticosVer","twitter_misc":{"Escrito por":"Lo viste en Los Pol\u00edticos","Tiempo de lectura":"5 minutos"},"schema":{"@context":"https:\/\/schema.org","@graph":[{"@type":"Article","@id":"https:\/\/lospoliticosveracruz.com\/?p=156502#article","isPartOf":{"@id":"https:\/\/lospoliticosveracruz.com\/?p=156502"},"author":{"name":"Lo viste en Los Pol\u00edticos","@id":"https:\/\/lospoliticosveracruz.com\/#\/schema\/person\/b8702bb0e538456e6efd07080bf2a4a2"},"headline":"M\u00c9XICO, PRIMER LUGAR EN CRIMEN ORGANIZADO\u2026 PERO NO PARA SIEMPRE","datePublished":"2025-11-14T17:44:40+00:00","dateModified":"2025-11-14T18:33:09+00:00","mainEntityOfPage":{"@id":"https:\/\/lospoliticosveracruz.com\/?p=156502"},"wordCount":1038,"publisher":{"@id":"https:\/\/lospoliticosveracruz.com\/#organization"},"image":{"@id":"https:\/\/lospoliticosveracruz.com\/?p=156502#primaryimage"},"thumbnailUrl":"https:\/\/lospoliticosveracruz.com\/wp-content\/uploads\/2025\/05\/Ramon-Reyes-Viveros.jpg","articleSection":["De Opini\u00f3n"],"inLanguage":"es"},{"@type":"WebPage","@id":"https:\/\/lospoliticosveracruz.com\/?p=156502","url":"https:\/\/lospoliticosveracruz.com\/?p=156502","name":"M\u00c9XICO, PRIMER LUGAR EN CRIMEN ORGANIZADO\u2026 PERO NO PARA SIEMPRE - Los pol\u00edticos Veracruz","isPartOf":{"@id":"https:\/\/lospoliticosveracruz.com\/#website"},"primaryImageOfPage":{"@id":"https:\/\/lospoliticosveracruz.com\/?p=156502#primaryimage"},"image":{"@id":"https:\/\/lospoliticosveracruz.com\/?p=156502#primaryimage"},"thumbnailUrl":"https:\/\/lospoliticosveracruz.com\/wp-content\/uploads\/2025\/05\/Ramon-Reyes-Viveros.jpg","datePublished":"2025-11-14T17:44:40+00:00","dateModified":"2025-11-14T18:33:09+00:00","breadcrumb":{"@id":"https:\/\/lospoliticosveracruz.com\/?p=156502#breadcrumb"},"inLanguage":"es","potentialAction":[{"@type":"ReadAction","target":["https:\/\/lospoliticosveracruz.com\/?p=156502"]}]},{"@type":"ImageObject","inLanguage":"es","@id":"https:\/\/lospoliticosveracruz.com\/?p=156502#primaryimage","url":"https:\/\/lospoliticosveracruz.com\/wp-content\/uploads\/2025\/05\/Ramon-Reyes-Viveros.jpg","contentUrl":"https:\/\/lospoliticosveracruz.com\/wp-content\/uploads\/2025\/05\/Ramon-Reyes-Viveros.jpg","width":1250,"height":667},{"@type":"BreadcrumbList","@id":"https:\/\/lospoliticosveracruz.com\/?p=156502#breadcrumb","itemListElement":[{"@type":"ListItem","position":1,"name":"Portada","item":"https:\/\/lospoliticosveracruz.com\/"},{"@type":"ListItem","position":2,"name":"M\u00c9XICO, PRIMER LUGAR EN CRIMEN ORGANIZADO\u2026 PERO NO PARA SIEMPRE"}]},{"@type":"WebSite","@id":"https:\/\/lospoliticosveracruz.com\/#website","url":"https:\/\/lospoliticosveracruz.com\/","name":"Los pol\u00edticos Veracruz","description":"","publisher":{"@id":"https:\/\/lospoliticosveracruz.com\/#organization"},"potentialAction":[{"@type":"SearchAction","target":{"@type":"EntryPoint","urlTemplate":"https:\/\/lospoliticosveracruz.com\/?s={search_term_string}"},"query-input":{"@type":"PropertyValueSpecification","valueRequired":true,"valueName":"search_term_string"}}],"inLanguage":"es"},{"@type":"Organization","@id":"https:\/\/lospoliticosveracruz.com\/#organization","name":"Los pol\u00edticos Veracruz","url":"https:\/\/lospoliticosveracruz.com\/","logo":{"@type":"ImageObject","inLanguage":"es","@id":"https:\/\/lospoliticosveracruz.com\/#\/schema\/logo\/image\/","url":"https:\/\/lospoliticosveracruz.com\/wp-content\/uploads\/2025\/12\/Logo-Nuevo-LOS-POLITICOS-1.jpg","contentUrl":"https:\/\/lospoliticosveracruz.com\/wp-content\/uploads\/2025\/12\/Logo-Nuevo-LOS-POLITICOS-1.jpg","width":260,"height":70,"caption":"Los pol\u00edticos Veracruz"},"image":{"@id":"https:\/\/lospoliticosveracruz.com\/#\/schema\/logo\/image\/"},"sameAs":["https:\/\/www.facebook.com\/people\/Notimemes-de-los-Polticos\/61565672886568\/","https:\/\/x.com\/LosPoliticosVer"]},{"@type":"Person","@id":"https:\/\/lospoliticosveracruz.com\/#\/schema\/person\/b8702bb0e538456e6efd07080bf2a4a2","name":"Lo viste en Los Pol\u00edticos","image":{"@type":"ImageObject","inLanguage":"es","@id":"https:\/\/secure.gravatar.com\/avatar\/3a8de04a2656d44082be478bd6c086daa447c4651605818287b9532d3d0bd435?s=96&d=mm&r=g","url":"https:\/\/secure.gravatar.com\/avatar\/3a8de04a2656d44082be478bd6c086daa447c4651605818287b9532d3d0bd435?s=96&d=mm&r=g","contentUrl":"https:\/\/secure.gravatar.com\/avatar\/3a8de04a2656d44082be478bd6c086daa447c4651605818287b9532d3d0bd435?s=96&d=mm&r=g","caption":"Lo viste en Los Pol\u00edticos"},"url":"https:\/\/lospoliticosveracruz.com\/?author=2"}]}},"_links":{"self":[{"href":"https:\/\/lospoliticosveracruz.com\/index.php?rest_route=\/wp\/v2\/posts\/156502","targetHints":{"allow":["GET"]}}],"collection":[{"href":"https:\/\/lospoliticosveracruz.com\/index.php?rest_route=\/wp\/v2\/posts"}],"about":[{"href":"https:\/\/lospoliticosveracruz.com\/index.php?rest_route=\/wp\/v2\/types\/post"}],"author":[{"embeddable":true,"href":"https:\/\/lospoliticosveracruz.com\/index.php?rest_route=\/wp\/v2\/users\/2"}],"replies":[{"embeddable":true,"href":"https:\/\/lospoliticosveracruz.com\/index.php?rest_route=%2Fwp%2Fv2%2Fcomments&post=156502"}],"version-history":[{"count":2,"href":"https:\/\/lospoliticosveracruz.com\/index.php?rest_route=\/wp\/v2\/posts\/156502\/revisions"}],"predecessor-version":[{"id":156513,"href":"https:\/\/lospoliticosveracruz.com\/index.php?rest_route=\/wp\/v2\/posts\/156502\/revisions\/156513"}],"wp:featuredmedia":[{"embeddable":true,"href":"https:\/\/lospoliticosveracruz.com\/index.php?rest_route=\/wp\/v2\/media\/144875"}],"wp:attachment":[{"href":"https:\/\/lospoliticosveracruz.com\/index.php?rest_route=%2Fwp%2Fv2%2Fmedia&parent=156502"}],"wp:term":[{"taxonomy":"category","embeddable":true,"href":"https:\/\/lospoliticosveracruz.com\/index.php?rest_route=%2Fwp%2Fv2%2Fcategories&post=156502"},{"taxonomy":"post_tag","embeddable":true,"href":"https:\/\/lospoliticosveracruz.com\/index.php?rest_route=%2Fwp%2Fv2%2Ftags&post=156502"}],"curies":[{"name":"wp","href":"https:\/\/api.w.org\/{rel}","templated":true}]}}